{"id":48512,"date":"2019-05-19T19:36:21","date_gmt":"2019-05-19T22:36:21","guid":{"rendered":"http:\/\/diariotextual.com\/inicio\/?p=48512"},"modified":"2019-05-19T21:04:07","modified_gmt":"2019-05-20T00:04:07","slug":"di-napoli-le-dio-primer-triunfo-cfk-gano-la-intendencia-santa-rosa","status":"publish","type":"post","link":"https:\/\/diariotextual.com\/inicio\/index.php\/2019\/05\/19\/di-napoli-le-dio-primer-triunfo-cfk-gano-la-intendencia-santa-rosa\/","title":{"rendered":"Di N\u00e1poli le dio el primer triunfo a CFK: gan\u00f3 la intendencia de Santa Rosa"},"content":{"rendered":"<p>El camporista <strong>Luciano Di N\u00e1poli<\/strong> gan\u00f3 ampliamente las elecciones en Santa Rosa y dej\u00f3 al candidato de Cambiemos y actual intendente, el radical Leandro Altolaguirre, sin reelecci\u00f3n. Obtuvo una victoria aplastante: por el 52% contra el 26%, seg\u00fan los primeros resultados.<\/p>\n<p>El jefe comunal admiti\u00f3 la derrota a las 19.30 horas. \u00abSe dio un resultado y ya est\u00e1. Las urnas son las que hablan. As\u00ed de sencillo\u00bb, dijo el intendente, al admitir que fue derrotado.<\/p>\n<blockquote class=\"wp-embedded-content\" data-secret=\"dipr1TfoM5\"><p><a href=\"http:\/\/diariotextual.com\/inicio\/index.php\/2019\/05\/19\/altolaguirre-admitio-la-derrota-veremos-fallamos\/\">Altolaguirre admiti\u00f3 la derrota: \u201cVeremos en qu\u00e9 fallamos\u201d<\/a><\/p><\/blockquote>\n<p><iframe class=\"wp-embedded-content\" sandbox=\"allow-scripts\" security=\"restricted\" style=\"position: absolute; clip: rect(1px, 1px, 1px, 1px);\" src=\"http:\/\/diariotextual.com\/inicio\/index.php\/2019\/05\/19\/altolaguirre-admitio-la-derrota-veremos-fallamos\/embed\/#?secret=dipr1TfoM5\" data-secret=\"dipr1TfoM5\" width=\"600\" height=\"338\" title=\"&#8220;Altolaguirre admiti\u00f3 la derrota: \u201cVeremos en qu\u00e9 fallamos\u201d&#8221; &#8212; Diario Textual\" frameborder=\"0\" marginwidth=\"0\" marginheight=\"0\" scrolling=\"no\"><\/iframe><\/p>\n<p>Es el segundo batacazo que dio Di N\u00e1poli en el a\u00f1o, ya que en febrero derrot\u00f3 en la interna del Frente Justicialista Pampeano al candidato de Casa de Gobierno, el gremiaista Jorge Lezcano, y tres meses despu\u00e9s super\u00f3 al actual jefe comunal, que durante el \u00faltimo tramo de la campa\u00f1a se hab\u00eda mostrado confiado al declarar que su reelecci\u00f3n estaba asegurada.<\/p>\n<p>Di N\u00e1poli, de familia radical, de joven abraz\u00f3 al kirchnerismo e integr\u00f3 las filas de La C\u00e1mpora, donde milit\u00f3 e impuls\u00f3 su\u00a0 carrera pol\u00edtica. Su llegada a la intendencia santarrose\u00f1a significa el retorno del PJ a la conducci\u00f3n de la capital pampeana y un nuevo rev\u00e9s electoral para Cambiemos, una semana despu\u00e9s de la paliza que sufri\u00f3 en C\u00f3rdoba.<\/p>\n<p>Un dato: con el triunfo de Di N\u00e1poli La C\u00e1mpora gobernar\u00e1 dos de las 23 capitales provinciales. El otro intendente camporista es\u00a0Walter Vuoto, de Ushuaia.<\/p>\n<p>&nbsp;<\/p>\n<p>&nbsp;<\/p>\n","protected":false},"excerpt":{"rendered":"<p>El camporista Luciano Di N\u00e1poli gan\u00f3 ampliamente las elecciones en Santa Rosa y dej\u00f3 al candidato de Cambiemos y actual intendente, el radical Leandro Altolaguirre, sin reelecci\u00f3n. Obtuvo una victoria&hellip;<\/p>\n","protected":false},"author":7,"featured_media":38604,"comment_status":"closed","ping_status":"open","sticky":false,"template":"","format":"standard","meta":{"_acf_changed":false,"footnotes":""},"categories":[10,8],"tags":[],"class_list":["post-48512","post","type-post","status-publish","format-standard","has-post-thumbnail","hentry","category-portada-2","category-politica"],"acf":[],"yoast_head":"<!-- This site is optimized with the Yoast SEO plugin v27.5 - https:\/\/yoast.com\/product\/yoast-seo-wordpress\/ -->\n<title>Di N\u00e1poli le dio el primer triunfo a CFK: gan\u00f3 la intendencia de Santa Rosa - Diario Textual<\/title>\n<meta name=\"robots\" content=\"index, follow, max-snippet:-1, max-image-preview:large, max-video-preview:-1\" \/>\n<link rel=\"canonical\" href=\"https:\/\/diariotextual.com\/inicio\/index.php\/2019\/05\/19\/di-napoli-le-dio-primer-triunfo-cfk-gano-la-intendencia-santa-rosa\/\" \/>\n<meta property=\"og:locale\" content=\"es_ES\" \/>\n<meta property=\"og:type\" content=\"article\" \/>\n<meta property=\"og:title\" content=\"Di N\u00e1poli le dio el primer triunfo a CFK: gan\u00f3 la intendencia de Santa Rosa - Diario Textual\" \/>\n<meta property=\"og:description\" content=\"El camporista Luciano Di N\u00e1poli gan\u00f3 ampliamente las elecciones en Santa Rosa y dej\u00f3 al candidato de Cambiemos y actual intendente, el radical Leandro Altolaguirre, sin reelecci\u00f3n. Obtuvo una victoria&hellip;\" \/>\n<meta property=\"og:url\" content=\"https:\/\/diariotextual.com\/inicio\/index.php\/2019\/05\/19\/di-napoli-le-dio-primer-triunfo-cfk-gano-la-intendencia-santa-rosa\/\" \/>\n<meta property=\"og:site_name\" content=\"Diario Textual\" \/>\n<meta property=\"article:publisher\" content=\"https:\/\/www.facebook.com\/eltextual\" \/>\n<meta property=\"article:published_time\" content=\"2019-05-19T22:36:21+00:00\" \/>\n<meta property=\"article:modified_time\" content=\"2019-05-20T00:04:07+00:00\" \/>\n<meta property=\"og:image\" content=\"https:\/\/diariotextual.com\/inicio\/wp-content\/uploads\/2019\/02\/dinapoliluciano2019-000023333.jpg\" \/>\n\t<meta property=\"og:image:width\" content=\"771\" \/>\n\t<meta property=\"og:image:height\" content=\"498\" \/>\n\t<meta property=\"og:image:type\" content=\"image\/jpeg\" \/>\n<meta name=\"author\" content=\"diario5\" \/>\n<meta name=\"twitter:card\" content=\"summary_large_image\" \/>\n<meta name=\"twitter:creator\" content=\"@eltextual\" \/>\n<meta name=\"twitter:site\" content=\"@eltextual\" \/>\n<meta name=\"twitter:label1\" content=\"Escrito por\" \/>\n\t<meta name=\"twitter:data1\" content=\"diario5\" \/>\n\t<meta name=\"twitter:label2\" content=\"Tiempo de lectura\" \/>\n\t<meta name=\"twitter:data2\" content=\"1 minuto\" \/>\n<script type=\"application\/ld+json\" class=\"yoast-schema-graph\">{\"@context\":\"https:\\\/\\\/schema.org\",\"@graph\":[{\"@type\":\"Article\",\"@id\":\"https:\\\/\\\/diariotextual.com\\\/inicio\\\/index.php\\\/2019\\\/05\\\/19\\\/di-napoli-le-dio-primer-triunfo-cfk-gano-la-intendencia-santa-rosa\\\/#article\",\"isPartOf\":{\"@id\":\"https:\\\/\\\/diariotextual.com\\\/inicio\\\/index.php\\\/2019\\\/05\\\/19\\\/di-napoli-le-dio-primer-triunfo-cfk-gano-la-intendencia-santa-rosa\\\/\"},\"author\":{\"name\":\"diario5\",\"@id\":\"https:\\\/\\\/diariotextual.com\\\/inicio\\\/#\\\/schema\\\/person\\\/c7834961ad8b29b1d9cdbf4571299067\"},\"headline\":\"Di N\u00e1poli le dio el primer triunfo a CFK: gan\u00f3 la intendencia de Santa Rosa\",\"datePublished\":\"2019-05-19T22:36:21+00:00\",\"dateModified\":\"2019-05-20T00:04:07+00:00\",\"mainEntityOfPage\":{\"@id\":\"https:\\\/\\\/diariotextual.com\\\/inicio\\\/index.php\\\/2019\\\/05\\\/19\\\/di-napoli-le-dio-primer-triunfo-cfk-gano-la-intendencia-santa-rosa\\\/\"},\"wordCount\":261,\"publisher\":{\"@id\":\"https:\\\/\\\/diariotextual.com\\\/inicio\\\/#organization\"},\"image\":{\"@id\":\"https:\\\/\\\/diariotextual.com\\\/inicio\\\/index.php\\\/2019\\\/05\\\/19\\\/di-napoli-le-dio-primer-triunfo-cfk-gano-la-intendencia-santa-rosa\\\/#primaryimage\"},\"thumbnailUrl\":\"https:\\\/\\\/diariotextual.com\\\/inicio\\\/wp-content\\\/uploads\\\/2019\\\/02\\\/dinapoliluciano2019-000023333.jpg\",\"articleSection\":[\"A - PORTADA2\",\"POLITICA\"],\"inLanguage\":\"es\"},{\"@type\":\"WebPage\",\"@id\":\"https:\\\/\\\/diariotextual.com\\\/inicio\\\/index.php\\\/2019\\\/05\\\/19\\\/di-napoli-le-dio-primer-triunfo-cfk-gano-la-intendencia-santa-rosa\\\/\",\"url\":\"https:\\\/\\\/diariotextual.com\\\/inicio\\\/index.php\\\/2019\\\/05\\\/19\\\/di-napoli-le-dio-primer-triunfo-cfk-gano-la-intendencia-santa-rosa\\\/\",\"name\":\"Di N\u00e1poli le dio el primer triunfo a CFK: gan\u00f3 la intendencia de Santa Rosa - Diario Textual\",\"isPartOf\":{\"@id\":\"https:\\\/\\\/diariotextual.com\\\/inicio\\\/#website\"},\"primaryImageOfPage\":{\"@id\":\"https:\\\/\\\/diariotextual.com\\\/inicio\\\/index.php\\\/2019\\\/05\\\/19\\\/di-napoli-le-dio-primer-triunfo-cfk-gano-la-intendencia-santa-rosa\\\/#primaryimage\"},\"image\":{\"@id\":\"https:\\\/\\\/diariotextual.com\\\/inicio\\\/index.php\\\/2019\\\/05\\\/19\\\/di-napoli-le-dio-primer-triunfo-cfk-gano-la-intendencia-santa-rosa\\\/#primaryimage\"},\"thumbnailUrl\":\"https:\\\/\\\/diariotextual.com\\\/inicio\\\/wp-content\\\/uploads\\\/2019\\\/02\\\/dinapoliluciano2019-000023333.jpg\",\"datePublished\":\"2019-05-19T22:36:21+00:00\",\"dateModified\":\"2019-05-20T00:04:07+00:00\",\"breadcrumb\":{\"@id\":\"https:\\\/\\\/diariotextual.com\\\/inicio\\\/index.php\\\/2019\\\/05\\\/19\\\/di-napoli-le-dio-primer-triunfo-cfk-gano-la-intendencia-santa-rosa\\\/#breadcrumb\"},\"inLanguage\":\"es\",\"potentialAction\":[{\"@type\":\"ReadAction\",\"target\":[\"https:\\\/\\\/diariotextual.com\\\/inicio\\\/index.php\\\/2019\\\/05\\\/19\\\/di-napoli-le-dio-primer-triunfo-cfk-gano-la-intendencia-santa-rosa\\\/\"]}]},{\"@type\":\"ImageObject\",\"inLanguage\":\"es\",\"@id\":\"https:\\\/\\\/diariotextual.com\\\/inicio\\\/index.php\\\/2019\\\/05\\\/19\\\/di-napoli-le-dio-primer-triunfo-cfk-gano-la-intendencia-santa-rosa\\\/#primaryimage\",\"url\":\"https:\\\/\\\/diariotextual.com\\\/inicio\\\/wp-content\\\/uploads\\\/2019\\\/02\\\/dinapoliluciano2019-000023333.jpg\",\"contentUrl\":\"https:\\\/\\\/diariotextual.com\\\/inicio\\\/wp-content\\\/uploads\\\/2019\\\/02\\\/dinapoliluciano2019-000023333.jpg\",\"width\":771,\"height\":498},{\"@type\":\"BreadcrumbList\",\"@id\":\"https:\\\/\\\/diariotextual.com\\\/inicio\\\/index.php\\\/2019\\\/05\\\/19\\\/di-napoli-le-dio-primer-triunfo-cfk-gano-la-intendencia-santa-rosa\\\/#breadcrumb\",\"itemListElement\":[{\"@type\":\"ListItem\",\"position\":1,\"name\":\"Portada\",\"item\":\"https:\\\/\\\/diariotextual.com\\\/inicio\\\/\"},{\"@type\":\"ListItem\",\"position\":2,\"name\":\"Di N\u00e1poli le dio el primer triunfo a CFK: gan\u00f3 la intendencia de Santa Rosa\"}]},{\"@type\":\"WebSite\",\"@id\":\"https:\\\/\\\/diariotextual.com\\\/inicio\\\/#website\",\"url\":\"https:\\\/\\\/diariotextual.com\\\/inicio\\\/\",\"name\":\"Diario Textual\",\"description\":\"\",\"publisher\":{\"@id\":\"https:\\\/\\\/diariotextual.com\\\/inicio\\\/#organization\"},\"potentialAction\":[{\"@type\":\"SearchAction\",\"target\":{\"@type\":\"EntryPoint\",\"urlTemplate\":\"https:\\\/\\\/diariotextual.com\\\/inicio\\\/?s={search_term_string}\"},\"query-input\":{\"@type\":\"PropertyValueSpecification\",\"valueRequired\":true,\"valueName\":\"search_term_string\"}}],\"inLanguage\":\"es\"},{\"@type\":\"Organization\",\"@id\":\"https:\\\/\\\/diariotextual.com\\\/inicio\\\/#organization\",\"name\":\"Diario Textual\",\"url\":\"https:\\\/\\\/diariotextual.com\\\/inicio\\\/\",\"logo\":{\"@type\":\"ImageObject\",\"inLanguage\":\"es\",\"@id\":\"https:\\\/\\\/diariotextual.com\\\/inicio\\\/#\\\/schema\\\/logo\\\/image\\\/\",\"url\":\"https:\\\/\\\/diariotextual.com\\\/inicio\\\/wp-content\\\/uploads\\\/2023\\\/05\\\/logotextual1.jpg\",\"contentUrl\":\"https:\\\/\\\/diariotextual.com\\\/inicio\\\/wp-content\\\/uploads\\\/2023\\\/05\\\/logotextual1.jpg\",\"width\":516,\"height\":76,\"caption\":\"Diario Textual\"},\"image\":{\"@id\":\"https:\\\/\\\/diariotextual.com\\\/inicio\\\/#\\\/schema\\\/logo\\\/image\\\/\"},\"sameAs\":[\"https:\\\/\\\/www.facebook.com\\\/eltextual\",\"https:\\\/\\\/x.com\\\/eltextual\",\"http:\\\/\\\/www.instagram.com\\\/eltextual\"]},{\"@type\":\"Person\",\"@id\":\"https:\\\/\\\/diariotextual.com\\\/inicio\\\/#\\\/schema\\\/person\\\/c7834961ad8b29b1d9cdbf4571299067\",\"name\":\"diario5\",\"image\":{\"@type\":\"ImageObject\",\"inLanguage\":\"es\",\"@id\":\"https:\\\/\\\/secure.gravatar.com\\\/avatar\\\/948c893b847ca6df68216ead81b63f363408ec9b0f600fefc0641ce78613b111?s=96&d=mm&r=g\",\"url\":\"https:\\\/\\\/secure.gravatar.com\\\/avatar\\\/948c893b847ca6df68216ead81b63f363408ec9b0f600fefc0641ce78613b111?s=96&d=mm&r=g\",\"contentUrl\":\"https:\\\/\\\/secure.gravatar.com\\\/avatar\\\/948c893b847ca6df68216ead81b63f363408ec9b0f600fefc0641ce78613b111?s=96&d=mm&r=g\",\"caption\":\"diario5\"},\"url\":\"https:\\\/\\\/diariotextual.com\\\/inicio\\\/index.php\\\/author\\\/diario5\\\/\"}]}<\/script>\n<!-- \/ Yoast SEO plugin. -->","yoast_head_json":{"title":"Di N\u00e1poli le dio el primer triunfo a CFK: gan\u00f3 la intendencia de Santa Rosa - Diario Textual","robots":{"index":"index","follow":"follow","max-snippet":"max-snippet:-1","max-image-preview":"max-image-preview:large","max-video-preview":"max-video-preview:-1"},"canonical":"https:\/\/diariotextual.com\/inicio\/index.php\/2019\/05\/19\/di-napoli-le-dio-primer-triunfo-cfk-gano-la-intendencia-santa-rosa\/","og_locale":"es_ES","og_type":"article","og_title":"Di N\u00e1poli le dio el primer triunfo a CFK: gan\u00f3 la intendencia de Santa Rosa - Diario Textual","og_description":"El camporista Luciano Di N\u00e1poli gan\u00f3 ampliamente las elecciones en Santa Rosa y dej\u00f3 al candidato de Cambiemos y actual intendente, el radical Leandro Altolaguirre, sin reelecci\u00f3n. Obtuvo una victoria&hellip;","og_url":"https:\/\/diariotextual.com\/inicio\/index.php\/2019\/05\/19\/di-napoli-le-dio-primer-triunfo-cfk-gano-la-intendencia-santa-rosa\/","og_site_name":"Diario Textual","article_publisher":"https:\/\/www.facebook.com\/eltextual","article_published_time":"2019-05-19T22:36:21+00:00","article_modified_time":"2019-05-20T00:04:07+00:00","og_image":[{"width":771,"height":498,"url":"https:\/\/diariotextual.com\/inicio\/wp-content\/uploads\/2019\/02\/dinapoliluciano2019-000023333.jpg","type":"image\/jpeg"}],"author":"diario5","twitter_card":"summary_large_image","twitter_creator":"@eltextual","twitter_site":"@eltextual","twitter_misc":{"Escrito por":"diario5","Tiempo de lectura":"1 minuto"},"schema":{"@context":"https:\/\/schema.org","@graph":[{"@type":"Article","@id":"https:\/\/diariotextual.com\/inicio\/index.php\/2019\/05\/19\/di-napoli-le-dio-primer-triunfo-cfk-gano-la-intendencia-santa-rosa\/#article","isPartOf":{"@id":"https:\/\/diariotextual.com\/inicio\/index.php\/2019\/05\/19\/di-napoli-le-dio-primer-triunfo-cfk-gano-la-intendencia-santa-rosa\/"},"author":{"name":"diario5","@id":"https:\/\/diariotextual.com\/inicio\/#\/schema\/person\/c7834961ad8b29b1d9cdbf4571299067"},"headline":"Di N\u00e1poli le dio el primer triunfo a CFK: gan\u00f3 la intendencia de Santa Rosa","datePublished":"2019-05-19T22:36:21+00:00","dateModified":"2019-05-20T00:04:07+00:00","mainEntityOfPage":{"@id":"https:\/\/diariotextual.com\/inicio\/index.php\/2019\/05\/19\/di-napoli-le-dio-primer-triunfo-cfk-gano-la-intendencia-santa-rosa\/"},"wordCount":261,"publisher":{"@id":"https:\/\/diariotextual.com\/inicio\/#organization"},"image":{"@id":"https:\/\/diariotextual.com\/inicio\/index.php\/2019\/05\/19\/di-napoli-le-dio-primer-triunfo-cfk-gano-la-intendencia-santa-rosa\/#primaryimage"},"thumbnailUrl":"https:\/\/diariotextual.com\/inicio\/wp-content\/uploads\/2019\/02\/dinapoliluciano2019-000023333.jpg","articleSection":["A - PORTADA2","POLITICA"],"inLanguage":"es"},{"@type":"WebPage","@id":"https:\/\/diariotextual.com\/inicio\/index.php\/2019\/05\/19\/di-napoli-le-dio-primer-triunfo-cfk-gano-la-intendencia-santa-rosa\/","url":"https:\/\/diariotextual.com\/inicio\/index.php\/2019\/05\/19\/di-napoli-le-dio-primer-triunfo-cfk-gano-la-intendencia-santa-rosa\/","name":"Di N\u00e1poli le dio el primer triunfo a CFK: gan\u00f3 la intendencia de Santa Rosa - Diario Textual","isPartOf":{"@id":"https:\/\/diariotextual.com\/inicio\/#website"},"primaryImageOfPage":{"@id":"https:\/\/diariotextual.com\/inicio\/index.php\/2019\/05\/19\/di-napoli-le-dio-primer-triunfo-cfk-gano-la-intendencia-santa-rosa\/#primaryimage"},"image":{"@id":"https:\/\/diariotextual.com\/inicio\/index.php\/2019\/05\/19\/di-napoli-le-dio-primer-triunfo-cfk-gano-la-intendencia-santa-rosa\/#primaryimage"},"thumbnailUrl":"https:\/\/diariotextual.com\/inicio\/wp-content\/uploads\/2019\/02\/dinapoliluciano2019-000023333.jpg","datePublished":"2019-05-19T22:36:21+00:00","dateModified":"2019-05-20T00:04:07+00:00","breadcrumb":{"@id":"https:\/\/diariotextual.com\/inicio\/index.php\/2019\/05\/19\/di-napoli-le-dio-primer-triunfo-cfk-gano-la-intendencia-santa-rosa\/#breadcrumb"},"inLanguage":"es","potentialAction":[{"@type":"ReadAction","target":["https:\/\/diariotextual.com\/inicio\/index.php\/2019\/05\/19\/di-napoli-le-dio-primer-triunfo-cfk-gano-la-intendencia-santa-rosa\/"]}]},{"@type":"ImageObject","inLanguage":"es","@id":"https:\/\/diariotextual.com\/inicio\/index.php\/2019\/05\/19\/di-napoli-le-dio-primer-triunfo-cfk-gano-la-intendencia-santa-rosa\/#primaryimage","url":"https:\/\/diariotextual.com\/inicio\/wp-content\/uploads\/2019\/02\/dinapoliluciano2019-000023333.jpg","contentUrl":"https:\/\/diariotextual.com\/inicio\/wp-content\/uploads\/2019\/02\/dinapoliluciano2019-000023333.jpg","width":771,"height":498},{"@type":"BreadcrumbList","@id":"https:\/\/diariotextual.com\/inicio\/index.php\/2019\/05\/19\/di-napoli-le-dio-primer-triunfo-cfk-gano-la-intendencia-santa-rosa\/#breadcrumb","itemListElement":[{"@type":"ListItem","position":1,"name":"Portada","item":"https:\/\/diariotextual.com\/inicio\/"},{"@type":"ListItem","position":2,"name":"Di N\u00e1poli le dio el primer triunfo a CFK: gan\u00f3 la intendencia de Santa Rosa"}]},{"@type":"WebSite","@id":"https:\/\/diariotextual.com\/inicio\/#website","url":"https:\/\/diariotextual.com\/inicio\/","name":"Diario Textual","description":"","publisher":{"@id":"https:\/\/diariotextual.com\/inicio\/#organization"},"potentialAction":[{"@type":"SearchAction","target":{"@type":"EntryPoint","urlTemplate":"https:\/\/diariotextual.com\/inicio\/?s={search_term_string}"},"query-input":{"@type":"PropertyValueSpecification","valueRequired":true,"valueName":"search_term_string"}}],"inLanguage":"es"},{"@type":"Organization","@id":"https:\/\/diariotextual.com\/inicio\/#organization","name":"Diario Textual","url":"https:\/\/diariotextual.com\/inicio\/","logo":{"@type":"ImageObject","inLanguage":"es","@id":"https:\/\/diariotextual.com\/inicio\/#\/schema\/logo\/image\/","url":"https:\/\/diariotextual.com\/inicio\/wp-content\/uploads\/2023\/05\/logotextual1.jpg","contentUrl":"https:\/\/diariotextual.com\/inicio\/wp-content\/uploads\/2023\/05\/logotextual1.jpg","width":516,"height":76,"caption":"Diario Textual"},"image":{"@id":"https:\/\/diariotextual.com\/inicio\/#\/schema\/logo\/image\/"},"sameAs":["https:\/\/www.facebook.com\/eltextual","https:\/\/x.com\/eltextual","http:\/\/www.instagram.com\/eltextual"]},{"@type":"Person","@id":"https:\/\/diariotextual.com\/inicio\/#\/schema\/person\/c7834961ad8b29b1d9cdbf4571299067","name":"diario5","image":{"@type":"ImageObject","inLanguage":"es","@id":"https:\/\/secure.gravatar.com\/avatar\/948c893b847ca6df68216ead81b63f363408ec9b0f600fefc0641ce78613b111?s=96&d=mm&r=g","url":"https:\/\/secure.gravatar.com\/avatar\/948c893b847ca6df68216ead81b63f363408ec9b0f600fefc0641ce78613b111?s=96&d=mm&r=g","contentUrl":"https:\/\/secure.gravatar.com\/avatar\/948c893b847ca6df68216ead81b63f363408ec9b0f600fefc0641ce78613b111?s=96&d=mm&r=g","caption":"diario5"},"url":"https:\/\/diariotextual.com\/inicio\/index.php\/author\/diario5\/"}]}},"_links":{"self":[{"href":"https:\/\/diariotextual.com\/inicio\/index.php\/wp-json\/wp\/v2\/posts\/48512","targetHints":{"allow":["GET"]}}],"collection":[{"href":"https:\/\/diariotextual.com\/inicio\/index.php\/wp-json\/wp\/v2\/posts"}],"about":[{"href":"https:\/\/diariotextual.com\/inicio\/index.php\/wp-json\/wp\/v2\/types\/post"}],"author":[{"embeddable":true,"href":"https:\/\/diariotextual.com\/inicio\/index.php\/wp-json\/wp\/v2\/users\/7"}],"replies":[{"embeddable":true,"href":"https:\/\/diariotextual.com\/inicio\/index.php\/wp-json\/wp\/v2\/comments?post=48512"}],"version-history":[{"count":6,"href":"https:\/\/diariotextual.com\/inicio\/index.php\/wp-json\/wp\/v2\/posts\/48512\/revisions"}],"predecessor-version":[{"id":49183,"href":"https:\/\/diariotextual.com\/inicio\/index.php\/wp-json\/wp\/v2\/posts\/48512\/revisions\/49183"}],"wp:featuredmedia":[{"embeddable":true,"href":"https:\/\/diariotextual.com\/inicio\/index.php\/wp-json\/wp\/v2\/media\/38604"}],"wp:attachment":[{"href":"https:\/\/diariotextual.com\/inicio\/index.php\/wp-json\/wp\/v2\/media?parent=48512"}],"wp:term":[{"taxonomy":"category","embeddable":true,"href":"https:\/\/diariotextual.com\/inicio\/index.php\/wp-json\/wp\/v2\/categories?post=48512"},{"taxonomy":"post_tag","embeddable":true,"href":"https:\/\/diariotextual.com\/inicio\/index.php\/wp-json\/wp\/v2\/tags?post=48512"}],"curies":[{"name":"wp","href":"https:\/\/api.w.org\/{rel}","templated":true}]}}