{"id":4854,"date":"2018-04-15T21:42:25","date_gmt":"2018-04-15T21:42:25","guid":{"rendered":"http:\/\/diariotextual.com\/inicio\/?p=4854"},"modified":"2018-04-16T11:13:16","modified_gmt":"2018-04-16T11:13:16","slug":"maduro-macri-temer-santos-unos-pelelesdel-imperialismo","status":"publish","type":"post","link":"https:\/\/diariotextual.com\/inicio\/index.php\/2018\/04\/15\/maduro-macri-temer-santos-unos-pelelesdel-imperialismo\/","title":{"rendered":"Maduro: \u201cMacri, Temer y Santos son unos \u00b4peleles\u00b4del imperialismo\u201d"},"content":{"rendered":"<p>El presidente de Venezuela, Nicol\u00e1s Maduro, dijo hoy que se plantar\u00e1 \u00abmuy duro\u00bb frente a los gobiernos que pretendan desconocer los resultados de las elecciones del 20 de mayo, en las cuales buscar\u00e1 su reelecci\u00f3n en medio de acusaciones de fraude por parte de la oposici\u00f3n.<\/p>\n<p><!--more--><\/p>\n<p>\u201cSi se empe\u00f1a la derecha en pol\u00edticas intervencionistas, me voy a plantar muy duro. \u00bfQui\u00e9nes son ellos para determinar lo que se hace o no se hace en Venezuela?\u201d, alert\u00f3 Maduro durante un encuentro en Caracas con su par boliviano Evo Morales.<\/p>\n<p>\u201c\u00bfQui\u00e9n es la comunidad internacional? \u00bfMacri? \u00bfSantos? \u00bfTemer? Son tres de los presidentes m\u00e1s desprestigiados e impopulares de Sudam\u00e9rica. La mayor\u00eda de la comunidad internacional son los pueblos. Son unos &#8216;peleles&#8217; del imperialismo y saldr\u00e1n derrotados\u201d, expres\u00f3 Maduro en alusi\u00f3n a los jefes de Estado de la Argentina, Colombia y Brasil, respectivamente, quienes pusieron en duda la validez de los comicios venezolanos.<\/p>\n<p>Maduro, que no fue invitado a la cumbre de las Am\u00e9ricas, destac\u00f3 que m\u00e1s all\u00e1 de la ausencia de varios mandatarios, el \u00abfracaso\u00bb del encuentro continental se evidenci\u00f3 adem\u00e1s en que no hubo acuerdo en ning\u00fan \u00e1rea.<\/p>\n<p><strong>Dictadura<\/strong><\/p>\n<p>El gobierno del ahora expresidente peruano Pedro Pablo Kuczynski cancel\u00f3 la invitaci\u00f3n enviada a Maduro para asistir a la Cumbre argumentando que Venezuela rompi\u00f3 los principios democr\u00e1ticos y se estaba convirtiendo en una dictadura.<\/p>\n<p>El venezolano denunci\u00f3 que los gobiernos de derecha de la regi\u00f3n pretenden acorralarlo y se\u00f1al\u00f3 que hace una d\u00e9cada, cuando hab\u00eda una mayor\u00eda de gobiernos de izquierda en la regi\u00f3n, ellos no intentaron cercar al entonces presidente colombiano \u00c1lvaro Uribe, \u00abcomo se hace ahora con Venezuela\u00bb.<\/p>\n<p>\u00abPido que retomemos el di\u00e1logo en la diversidad, que algunos gobiernos, con su visi\u00f3n intolerante, lo han roto\u00bb, dijo.<\/p>\n<p>Morales, por su parte, respald\u00f3 a Maduro y a los comicios. \u00abNo se trata de ser reconocidos, se trata de que seamos reconocimos por nuestra pueblos. Aqu\u00ed hay dos caminos, el de los ricos y el de los pobres, el del socialismo y el capitalismo\u00bb, indic\u00f3.<\/p>\n<p>Asimismo, consider\u00f3 que la mejor forma de ayudar a Venezuela, es \u00abdesbloquearla\u00bb econ\u00f3micamente, al criticar las sanciones financieras de Estados Unidos contra un grupo de funcionarios venezolanos, inform\u00f3 la agencia DPA.<\/p>\n","protected":false},"excerpt":{"rendered":"<p>El presidente de Venezuela, Nicol\u00e1s Maduro, dijo hoy que se plantar\u00e1 \u00abmuy duro\u00bb frente a los gobiernos que pretendan desconocer los resultados de las elecciones del 20 de mayo, en&hellip;<\/p>\n","protected":false},"author":3,"featured_media":4856,"comment_status":"open","ping_status":"open","sticky":false,"template":"","format":"standard","meta":{"_acf_changed":false,"footnotes":""},"categories":[11,7],"tags":[],"class_list":["post-4854","post","type-post","status-publish","format-standard","has-post-thumbnail","hentry","category-que-pasa","category-mundo"],"acf":[],"yoast_head":"<!-- This site is optimized with the Yoast SEO plugin v27.5 - https:\/\/yoast.com\/product\/yoast-seo-wordpress\/ -->\n<title>Maduro: \u201cMacri, Temer y Santos son unos \u00b4peleles\u00b4del imperialismo\u201d - Diario Textual<\/title>\n<meta name=\"robots\" content=\"index, follow, max-snippet:-1, max-image-preview:large, max-video-preview:-1\" \/>\n<link rel=\"canonical\" href=\"https:\/\/diariotextual.com\/inicio\/index.php\/2018\/04\/15\/maduro-macri-temer-santos-unos-pelelesdel-imperialismo\/\" \/>\n<meta property=\"og:locale\" content=\"es_ES\" \/>\n<meta property=\"og:type\" content=\"article\" \/>\n<meta property=\"og:title\" content=\"Maduro: \u201cMacri, Temer y Santos son unos \u00b4peleles\u00b4del imperialismo\u201d - Diario Textual\" \/>\n<meta property=\"og:description\" content=\"El presidente de Venezuela, Nicol\u00e1s Maduro, dijo hoy que se plantar\u00e1 \u00abmuy duro\u00bb frente a los gobiernos que pretendan desconocer los resultados de las elecciones del 20 de mayo, en&hellip;\" \/>\n<meta property=\"og:url\" content=\"https:\/\/diariotextual.com\/inicio\/index.php\/2018\/04\/15\/maduro-macri-temer-santos-unos-pelelesdel-imperialismo\/\" \/>\n<meta property=\"og:site_name\" content=\"Diario Textual\" \/>\n<meta property=\"article:publisher\" content=\"https:\/\/www.facebook.com\/eltextual\" \/>\n<meta property=\"article:published_time\" content=\"2018-04-15T21:42:25+00:00\" \/>\n<meta property=\"article:modified_time\" content=\"2018-04-16T11:13:16+00:00\" \/>\n<meta property=\"og:image\" content=\"https:\/\/diariotextual.com\/inicio\/wp-content\/uploads\/2018\/04\/maduromorales.jpg\" \/>\n\t<meta property=\"og:image:width\" content=\"700\" \/>\n\t<meta property=\"og:image:height\" content=\"425\" \/>\n\t<meta property=\"og:image:type\" content=\"image\/jpeg\" \/>\n<meta name=\"author\" content=\"Diario1 Diario1\" \/>\n<meta name=\"twitter:card\" content=\"summary_large_image\" \/>\n<meta name=\"twitter:creator\" content=\"@eltextual\" \/>\n<meta name=\"twitter:site\" content=\"@eltextual\" \/>\n<meta name=\"twitter:label1\" content=\"Escrito por\" \/>\n\t<meta name=\"twitter:data1\" content=\"Diario1 Diario1\" \/>\n\t<meta name=\"twitter:label2\" content=\"Tiempo de lectura\" \/>\n\t<meta name=\"twitter:data2\" content=\"2 minutos\" \/>\n<script type=\"application\/ld+json\" class=\"yoast-schema-graph\">{\"@context\":\"https:\\\/\\\/schema.org\",\"@graph\":[{\"@type\":\"Article\",\"@id\":\"https:\\\/\\\/diariotextual.com\\\/inicio\\\/index.php\\\/2018\\\/04\\\/15\\\/maduro-macri-temer-santos-unos-pelelesdel-imperialismo\\\/#article\",\"isPartOf\":{\"@id\":\"https:\\\/\\\/diariotextual.com\\\/inicio\\\/index.php\\\/2018\\\/04\\\/15\\\/maduro-macri-temer-santos-unos-pelelesdel-imperialismo\\\/\"},\"author\":{\"name\":\"Diario1 Diario1\",\"@id\":\"https:\\\/\\\/diariotextual.com\\\/inicio\\\/#\\\/schema\\\/person\\\/418fc4093c33e86ed41562db3508f958\"},\"headline\":\"Maduro: \u201cMacri, Temer y Santos son unos \u00b4peleles\u00b4del imperialismo\u201d\",\"datePublished\":\"2018-04-15T21:42:25+00:00\",\"dateModified\":\"2018-04-16T11:13:16+00:00\",\"mainEntityOfPage\":{\"@id\":\"https:\\\/\\\/diariotextual.com\\\/inicio\\\/index.php\\\/2018\\\/04\\\/15\\\/maduro-macri-temer-santos-unos-pelelesdel-imperialismo\\\/\"},\"wordCount\":400,\"commentCount\":0,\"publisher\":{\"@id\":\"https:\\\/\\\/diariotextual.com\\\/inicio\\\/#organization\"},\"image\":{\"@id\":\"https:\\\/\\\/diariotextual.com\\\/inicio\\\/index.php\\\/2018\\\/04\\\/15\\\/maduro-macri-temer-santos-unos-pelelesdel-imperialismo\\\/#primaryimage\"},\"thumbnailUrl\":\"https:\\\/\\\/diariotextual.com\\\/inicio\\\/wp-content\\\/uploads\\\/2018\\\/04\\\/maduromorales.jpg\",\"articleSection\":[\"A - QUE PASA (al costado)\",\"MUNDO\"],\"inLanguage\":\"es\",\"potentialAction\":[{\"@type\":\"CommentAction\",\"name\":\"Comment\",\"target\":[\"https:\\\/\\\/diariotextual.com\\\/inicio\\\/index.php\\\/2018\\\/04\\\/15\\\/maduro-macri-temer-santos-unos-pelelesdel-imperialismo\\\/#respond\"]}]},{\"@type\":\"WebPage\",\"@id\":\"https:\\\/\\\/diariotextual.com\\\/inicio\\\/index.php\\\/2018\\\/04\\\/15\\\/maduro-macri-temer-santos-unos-pelelesdel-imperialismo\\\/\",\"url\":\"https:\\\/\\\/diariotextual.com\\\/inicio\\\/index.php\\\/2018\\\/04\\\/15\\\/maduro-macri-temer-santos-unos-pelelesdel-imperialismo\\\/\",\"name\":\"Maduro: \u201cMacri, Temer y Santos son unos \u00b4peleles\u00b4del imperialismo\u201d - Diario Textual\",\"isPartOf\":{\"@id\":\"https:\\\/\\\/diariotextual.com\\\/inicio\\\/#website\"},\"primaryImageOfPage\":{\"@id\":\"https:\\\/\\\/diariotextual.com\\\/inicio\\\/index.php\\\/2018\\\/04\\\/15\\\/maduro-macri-temer-santos-unos-pelelesdel-imperialismo\\\/#primaryimage\"},\"image\":{\"@id\":\"https:\\\/\\\/diariotextual.com\\\/inicio\\\/index.php\\\/2018\\\/04\\\/15\\\/maduro-macri-temer-santos-unos-pelelesdel-imperialismo\\\/#primaryimage\"},\"thumbnailUrl\":\"https:\\\/\\\/diariotextual.com\\\/inicio\\\/wp-content\\\/uploads\\\/2018\\\/04\\\/maduromorales.jpg\",\"datePublished\":\"2018-04-15T21:42:25+00:00\",\"dateModified\":\"2018-04-16T11:13:16+00:00\",\"breadcrumb\":{\"@id\":\"https:\\\/\\\/diariotextual.com\\\/inicio\\\/index.php\\\/2018\\\/04\\\/15\\\/maduro-macri-temer-santos-unos-pelelesdel-imperialismo\\\/#breadcrumb\"},\"inLanguage\":\"es\",\"potentialAction\":[{\"@type\":\"ReadAction\",\"target\":[\"https:\\\/\\\/diariotextual.com\\\/inicio\\\/index.php\\\/2018\\\/04\\\/15\\\/maduro-macri-temer-santos-unos-pelelesdel-imperialismo\\\/\"]}]},{\"@type\":\"ImageObject\",\"inLanguage\":\"es\",\"@id\":\"https:\\\/\\\/diariotextual.com\\\/inicio\\\/index.php\\\/2018\\\/04\\\/15\\\/maduro-macri-temer-santos-unos-pelelesdel-imperialismo\\\/#primaryimage\",\"url\":\"https:\\\/\\\/diariotextual.com\\\/inicio\\\/wp-content\\\/uploads\\\/2018\\\/04\\\/maduromorales.jpg\",\"contentUrl\":\"https:\\\/\\\/diariotextual.com\\\/inicio\\\/wp-content\\\/uploads\\\/2018\\\/04\\\/maduromorales.jpg\",\"width\":700,\"height\":425},{\"@type\":\"BreadcrumbList\",\"@id\":\"https:\\\/\\\/diariotextual.com\\\/inicio\\\/index.php\\\/2018\\\/04\\\/15\\\/maduro-macri-temer-santos-unos-pelelesdel-imperialismo\\\/#breadcrumb\",\"itemListElement\":[{\"@type\":\"ListItem\",\"position\":1,\"name\":\"Portada\",\"item\":\"https:\\\/\\\/diariotextual.com\\\/inicio\\\/\"},{\"@type\":\"ListItem\",\"position\":2,\"name\":\"Maduro: \u201cMacri, Temer y Santos son unos \u00b4peleles\u00b4del imperialismo\u201d\"}]},{\"@type\":\"WebSite\",\"@id\":\"https:\\\/\\\/diariotextual.com\\\/inicio\\\/#website\",\"url\":\"https:\\\/\\\/diariotextual.com\\\/inicio\\\/\",\"name\":\"Diario Textual\",\"description\":\"\",\"publisher\":{\"@id\":\"https:\\\/\\\/diariotextual.com\\\/inicio\\\/#organization\"},\"potentialAction\":[{\"@type\":\"SearchAction\",\"target\":{\"@type\":\"EntryPoint\",\"urlTemplate\":\"https:\\\/\\\/diariotextual.com\\\/inicio\\\/?s={search_term_string}\"},\"query-input\":{\"@type\":\"PropertyValueSpecification\",\"valueRequired\":true,\"valueName\":\"search_term_string\"}}],\"inLanguage\":\"es\"},{\"@type\":\"Organization\",\"@id\":\"https:\\\/\\\/diariotextual.com\\\/inicio\\\/#organization\",\"name\":\"Diario Textual\",\"url\":\"https:\\\/\\\/diariotextual.com\\\/inicio\\\/\",\"logo\":{\"@type\":\"ImageObject\",\"inLanguage\":\"es\",\"@id\":\"https:\\\/\\\/diariotextual.com\\\/inicio\\\/#\\\/schema\\\/logo\\\/image\\\/\",\"url\":\"https:\\\/\\\/diariotextual.com\\\/inicio\\\/wp-content\\\/uploads\\\/2023\\\/05\\\/logotextual1.jpg\",\"contentUrl\":\"https:\\\/\\\/diariotextual.com\\\/inicio\\\/wp-content\\\/uploads\\\/2023\\\/05\\\/logotextual1.jpg\",\"width\":516,\"height\":76,\"caption\":\"Diario Textual\"},\"image\":{\"@id\":\"https:\\\/\\\/diariotextual.com\\\/inicio\\\/#\\\/schema\\\/logo\\\/image\\\/\"},\"sameAs\":[\"https:\\\/\\\/www.facebook.com\\\/eltextual\",\"https:\\\/\\\/x.com\\\/eltextual\",\"http:\\\/\\\/www.instagram.com\\\/eltextual\"]},{\"@type\":\"Person\",\"@id\":\"https:\\\/\\\/diariotextual.com\\\/inicio\\\/#\\\/schema\\\/person\\\/418fc4093c33e86ed41562db3508f958\",\"name\":\"Diario1 Diario1\",\"image\":{\"@type\":\"ImageObject\",\"inLanguage\":\"es\",\"@id\":\"https:\\\/\\\/secure.gravatar.com\\\/avatar\\\/9167d280179c85bc18be67aa7eda765854300033af4896dd779b608640f2ef7a?s=96&d=mm&r=g\",\"url\":\"https:\\\/\\\/secure.gravatar.com\\\/avatar\\\/9167d280179c85bc18be67aa7eda765854300033af4896dd779b608640f2ef7a?s=96&d=mm&r=g\",\"contentUrl\":\"https:\\\/\\\/secure.gravatar.com\\\/avatar\\\/9167d280179c85bc18be67aa7eda765854300033af4896dd779b608640f2ef7a?s=96&d=mm&r=g\",\"caption\":\"Diario1 Diario1\"},\"url\":\"https:\\\/\\\/diariotextual.com\\\/inicio\\\/index.php\\\/author\\\/diario1\\\/\"}]}<\/script>\n<!-- \/ Yoast SEO plugin. -->","yoast_head_json":{"title":"Maduro: \u201cMacri, Temer y Santos son unos \u00b4peleles\u00b4del imperialismo\u201d - Diario Textual","robots":{"index":"index","follow":"follow","max-snippet":"max-snippet:-1","max-image-preview":"max-image-preview:large","max-video-preview":"max-video-preview:-1"},"canonical":"https:\/\/diariotextual.com\/inicio\/index.php\/2018\/04\/15\/maduro-macri-temer-santos-unos-pelelesdel-imperialismo\/","og_locale":"es_ES","og_type":"article","og_title":"Maduro: \u201cMacri, Temer y Santos son unos \u00b4peleles\u00b4del imperialismo\u201d - Diario Textual","og_description":"El presidente de Venezuela, Nicol\u00e1s Maduro, dijo hoy que se plantar\u00e1 \u00abmuy duro\u00bb frente a los gobiernos que pretendan desconocer los resultados de las elecciones del 20 de mayo, en&hellip;","og_url":"https:\/\/diariotextual.com\/inicio\/index.php\/2018\/04\/15\/maduro-macri-temer-santos-unos-pelelesdel-imperialismo\/","og_site_name":"Diario Textual","article_publisher":"https:\/\/www.facebook.com\/eltextual","article_published_time":"2018-04-15T21:42:25+00:00","article_modified_time":"2018-04-16T11:13:16+00:00","og_image":[{"width":700,"height":425,"url":"https:\/\/diariotextual.com\/inicio\/wp-content\/uploads\/2018\/04\/maduromorales.jpg","type":"image\/jpeg"}],"author":"Diario1 Diario1","twitter_card":"summary_large_image","twitter_creator":"@eltextual","twitter_site":"@eltextual","twitter_misc":{"Escrito por":"Diario1 Diario1","Tiempo de lectura":"2 minutos"},"schema":{"@context":"https:\/\/schema.org","@graph":[{"@type":"Article","@id":"https:\/\/diariotextual.com\/inicio\/index.php\/2018\/04\/15\/maduro-macri-temer-santos-unos-pelelesdel-imperialismo\/#article","isPartOf":{"@id":"https:\/\/diariotextual.com\/inicio\/index.php\/2018\/04\/15\/maduro-macri-temer-santos-unos-pelelesdel-imperialismo\/"},"author":{"name":"Diario1 Diario1","@id":"https:\/\/diariotextual.com\/inicio\/#\/schema\/person\/418fc4093c33e86ed41562db3508f958"},"headline":"Maduro: \u201cMacri, Temer y Santos son unos \u00b4peleles\u00b4del imperialismo\u201d","datePublished":"2018-04-15T21:42:25+00:00","dateModified":"2018-04-16T11:13:16+00:00","mainEntityOfPage":{"@id":"https:\/\/diariotextual.com\/inicio\/index.php\/2018\/04\/15\/maduro-macri-temer-santos-unos-pelelesdel-imperialismo\/"},"wordCount":400,"commentCount":0,"publisher":{"@id":"https:\/\/diariotextual.com\/inicio\/#organization"},"image":{"@id":"https:\/\/diariotextual.com\/inicio\/index.php\/2018\/04\/15\/maduro-macri-temer-santos-unos-pelelesdel-imperialismo\/#primaryimage"},"thumbnailUrl":"https:\/\/diariotextual.com\/inicio\/wp-content\/uploads\/2018\/04\/maduromorales.jpg","articleSection":["A - QUE PASA (al costado)","MUNDO"],"inLanguage":"es","potentialAction":[{"@type":"CommentAction","name":"Comment","target":["https:\/\/diariotextual.com\/inicio\/index.php\/2018\/04\/15\/maduro-macri-temer-santos-unos-pelelesdel-imperialismo\/#respond"]}]},{"@type":"WebPage","@id":"https:\/\/diariotextual.com\/inicio\/index.php\/2018\/04\/15\/maduro-macri-temer-santos-unos-pelelesdel-imperialismo\/","url":"https:\/\/diariotextual.com\/inicio\/index.php\/2018\/04\/15\/maduro-macri-temer-santos-unos-pelelesdel-imperialismo\/","name":"Maduro: \u201cMacri, Temer y Santos son unos \u00b4peleles\u00b4del imperialismo\u201d - Diario Textual","isPartOf":{"@id":"https:\/\/diariotextual.com\/inicio\/#website"},"primaryImageOfPage":{"@id":"https:\/\/diariotextual.com\/inicio\/index.php\/2018\/04\/15\/maduro-macri-temer-santos-unos-pelelesdel-imperialismo\/#primaryimage"},"image":{"@id":"https:\/\/diariotextual.com\/inicio\/index.php\/2018\/04\/15\/maduro-macri-temer-santos-unos-pelelesdel-imperialismo\/#primaryimage"},"thumbnailUrl":"https:\/\/diariotextual.com\/inicio\/wp-content\/uploads\/2018\/04\/maduromorales.jpg","datePublished":"2018-04-15T21:42:25+00:00","dateModified":"2018-04-16T11:13:16+00:00","breadcrumb":{"@id":"https:\/\/diariotextual.com\/inicio\/index.php\/2018\/04\/15\/maduro-macri-temer-santos-unos-pelelesdel-imperialismo\/#breadcrumb"},"inLanguage":"es","potentialAction":[{"@type":"ReadAction","target":["https:\/\/diariotextual.com\/inicio\/index.php\/2018\/04\/15\/maduro-macri-temer-santos-unos-pelelesdel-imperialismo\/"]}]},{"@type":"ImageObject","inLanguage":"es","@id":"https:\/\/diariotextual.com\/inicio\/index.php\/2018\/04\/15\/maduro-macri-temer-santos-unos-pelelesdel-imperialismo\/#primaryimage","url":"https:\/\/diariotextual.com\/inicio\/wp-content\/uploads\/2018\/04\/maduromorales.jpg","contentUrl":"https:\/\/diariotextual.com\/inicio\/wp-content\/uploads\/2018\/04\/maduromorales.jpg","width":700,"height":425},{"@type":"BreadcrumbList","@id":"https:\/\/diariotextual.com\/inicio\/index.php\/2018\/04\/15\/maduro-macri-temer-santos-unos-pelelesdel-imperialismo\/#breadcrumb","itemListElement":[{"@type":"ListItem","position":1,"name":"Portada","item":"https:\/\/diariotextual.com\/inicio\/"},{"@type":"ListItem","position":2,"name":"Maduro: \u201cMacri, Temer y Santos son unos \u00b4peleles\u00b4del imperialismo\u201d"}]},{"@type":"WebSite","@id":"https:\/\/diariotextual.com\/inicio\/#website","url":"https:\/\/diariotextual.com\/inicio\/","name":"Diario Textual","description":"","publisher":{"@id":"https:\/\/diariotextual.com\/inicio\/#organization"},"potentialAction":[{"@type":"SearchAction","target":{"@type":"EntryPoint","urlTemplate":"https:\/\/diariotextual.com\/inicio\/?s={search_term_string}"},"query-input":{"@type":"PropertyValueSpecification","valueRequired":true,"valueName":"search_term_string"}}],"inLanguage":"es"},{"@type":"Organization","@id":"https:\/\/diariotextual.com\/inicio\/#organization","name":"Diario Textual","url":"https:\/\/diariotextual.com\/inicio\/","logo":{"@type":"ImageObject","inLanguage":"es","@id":"https:\/\/diariotextual.com\/inicio\/#\/schema\/logo\/image\/","url":"https:\/\/diariotextual.com\/inicio\/wp-content\/uploads\/2023\/05\/logotextual1.jpg","contentUrl":"https:\/\/diariotextual.com\/inicio\/wp-content\/uploads\/2023\/05\/logotextual1.jpg","width":516,"height":76,"caption":"Diario Textual"},"image":{"@id":"https:\/\/diariotextual.com\/inicio\/#\/schema\/logo\/image\/"},"sameAs":["https:\/\/www.facebook.com\/eltextual","https:\/\/x.com\/eltextual","http:\/\/www.instagram.com\/eltextual"]},{"@type":"Person","@id":"https:\/\/diariotextual.com\/inicio\/#\/schema\/person\/418fc4093c33e86ed41562db3508f958","name":"Diario1 Diario1","image":{"@type":"ImageObject","inLanguage":"es","@id":"https:\/\/secure.gravatar.com\/avatar\/9167d280179c85bc18be67aa7eda765854300033af4896dd779b608640f2ef7a?s=96&d=mm&r=g","url":"https:\/\/secure.gravatar.com\/avatar\/9167d280179c85bc18be67aa7eda765854300033af4896dd779b608640f2ef7a?s=96&d=mm&r=g","contentUrl":"https:\/\/secure.gravatar.com\/avatar\/9167d280179c85bc18be67aa7eda765854300033af4896dd779b608640f2ef7a?s=96&d=mm&r=g","caption":"Diario1 Diario1"},"url":"https:\/\/diariotextual.com\/inicio\/index.php\/author\/diario1\/"}]}},"_links":{"self":[{"href":"https:\/\/diariotextual.com\/inicio\/index.php\/wp-json\/wp\/v2\/posts\/4854","targetHints":{"allow":["GET"]}}],"collection":[{"href":"https:\/\/diariotextual.com\/inicio\/index.php\/wp-json\/wp\/v2\/posts"}],"about":[{"href":"https:\/\/diariotextual.com\/inicio\/index.php\/wp-json\/wp\/v2\/types\/post"}],"author":[{"embeddable":true,"href":"https:\/\/diariotextual.com\/inicio\/index.php\/wp-json\/wp\/v2\/users\/3"}],"replies":[{"embeddable":true,"href":"https:\/\/diariotextual.com\/inicio\/index.php\/wp-json\/wp\/v2\/comments?post=4854"}],"version-history":[{"count":1,"href":"https:\/\/diariotextual.com\/inicio\/index.php\/wp-json\/wp\/v2\/posts\/4854\/revisions"}],"predecessor-version":[{"id":4857,"href":"https:\/\/diariotextual.com\/inicio\/index.php\/wp-json\/wp\/v2\/posts\/4854\/revisions\/4857"}],"wp:featuredmedia":[{"embeddable":true,"href":"https:\/\/diariotextual.com\/inicio\/index.php\/wp-json\/wp\/v2\/media\/4856"}],"wp:attachment":[{"href":"https:\/\/diariotextual.com\/inicio\/index.php\/wp-json\/wp\/v2\/media?parent=4854"}],"wp:term":[{"taxonomy":"category","embeddable":true,"href":"https:\/\/diariotextual.com\/inicio\/index.php\/wp-json\/wp\/v2\/categories?post=4854"},{"taxonomy":"post_tag","embeddable":true,"href":"https:\/\/diariotextual.com\/inicio\/index.php\/wp-json\/wp\/v2\/tags?post=4854"}],"curies":[{"name":"wp","href":"https:\/\/api.w.org\/{rel}","templated":true}]}}