{"id":48768,"date":"2019-05-16T20:18:34","date_gmt":"2019-05-16T23:18:34","guid":{"rendered":"http:\/\/diariotextual.com\/inicio\/?p=48768"},"modified":"2019-05-16T20:18:34","modified_gmt":"2019-05-16T23:18:34","slug":"la-pampa-no-abrio-la-inscripcion-del-procrear-la-compra-viviendas","status":"publish","type":"post","link":"https:\/\/diariotextual.com\/inicio\/index.php\/2019\/05\/16\/la-pampa-no-abrio-la-inscripcion-del-procrear-la-compra-viviendas\/","title":{"rendered":"La Pampa no: abri\u00f3 la inscripci\u00f3n del Procrear para la compra de viviendas"},"content":{"rendered":"<p>El Ministerio del Interior, Obras P\u00fablicas y Vivienda abri\u00f3 hoy la inscripci\u00f3n para la <strong>adquisici\u00f3n de 2.500 viviendas del Plan Procrear en 18 desarrollos urban\u00edsticos existentes en todo el pa\u00eds<\/strong>. Los interesados tendr\u00e1n hasta el 2 de junio para anotarse y los sorteos se har\u00e1n hacia fin de ese mes. La expectativa oficial es que en agosto comiencen a entregar las unidades.<\/p>\n<p><!--more--><\/p>\n<p>Como en cualquier cr\u00e9dito Procrear,<strong> son pr\u00e9stamos con tasas de entre 3,5% y 4,5% m\u00e1s UVA (ajustado por inflaci\u00f3n) y se sugiere el aporte de un 10% como anticipo<\/strong>. De cualquier manera, si el grupo familiar tiene ingresos superiores a lo exigido, se les podr\u00eda otorgar el 100% financiado, aclararon desde el Gobierno Nacional.<\/p>\n<p>Las aperturas de inscripci\u00f3n son en las localidades de Bah\u00eda Blanca, Bol\u00edvar, Carmen de Patagones, Ezeiza, Mor\u00f3n, San Antonio de Areco, San Mart\u00edn, San Miguel, San Nicol\u00e1s y Tigre, en la provincia de Buenos Aires; Leones, en C\u00f3rdoba; La Dormida y San Mart\u00edn, en Mendoza; Posadas, en Misiones; Zapala, en Neuqu\u00e9n; Bariloche, en R\u00edo Negro; Granadero Baigorria, en Santa Fe; y R\u00edo Gallegos en Santa Cruz. De los 18 predios, en cinco de ellos se trata de la primera inscripci\u00f3n.<\/p>\n<p>No figuran predios en nuestra provincia, adem\u00e1s de Salta, Jujuy, Tierra del Fuego, Chubut, Corrientes, Entre R\u00edos, Chaco, Formosa, Catamarca, La Rioja, Tucum\u00e1n, Santiago del Estero, San Juan y CABA.<\/p>\n<p>&nbsp;<\/p>\n<p><strong>Costos<\/strong><\/p>\n<p>Las condiciones financieras var\u00edan seg\u00fan el nivel de ingresos del grupo familiar. Hasta cinco salarios m\u00ednimos (hoy es de $12.500), la tasa de inter\u00e9s es de 3,5% m\u00e1s UVA, y entre cinco y ocho salarios m\u00ednimos, el inter\u00e9s sube a 4,5%. En funci\u00f3n de la localidad elegida, cambia el m\u00ednimo de ingreso familiar requerido de acuerdo a los costos de las viviendas y cu\u00e1les sean las tipolog\u00edas disponibles. En el caso de Carmen de Patagones, por ejemplo, como hay monoambientes, el ingreso familiar m\u00ednimo requerido es de 21.200.<\/p>\n<p>\u00abSeguimos acompa\u00f1ando el esfuerzo de las familias argentinas que buscan acceder a su primera vivienda con las mejores condiciones de financiamiento del mercado y con una cobertura por inflaci\u00f3n. Este paso es muy importante porque, adem\u00e1s, estamos d\u00e1ndoles a las familias seguridad en sus cr\u00e9ditos y las cuotas\u00bb, destac\u00f3 el secretario de Vivienda, Iv\u00e1n Kerr.<\/p>\n<p>El funcionario precis\u00f3 que est\u00e1n cerca de llegar a las 10.000 viviendas entregadas y que entre febrero y mayo se puso a disposici\u00f3n la inscripci\u00f3n para otras 9.800. \u00abHasta ahora, por problemas de construcci\u00f3n, nunca abrimos en Ushuaia, Paran\u00e1 y San Francisco, C\u00f3rdoba, pero el objetivo es que este a\u00f1o todos los predios tengan una inscripci\u00f3n\u00bb, agreg\u00f3.<\/p>\n","protected":false},"excerpt":{"rendered":"<p>El Ministerio del Interior, Obras P\u00fablicas y Vivienda abri\u00f3 hoy la inscripci\u00f3n para la adquisici\u00f3n de 2.500 viviendas del Plan Procrear en 18 desarrollos urban\u00edsticos existentes en todo el pa\u00eds.&hellip;<\/p>\n","protected":false},"author":5,"featured_media":4649,"comment_status":"closed","ping_status":"open","sticky":false,"template":"","format":"standard","meta":{"_acf_changed":false,"footnotes":""},"categories":[11,5],"tags":[],"class_list":["post-48768","post","type-post","status-publish","format-standard","has-post-thumbnail","hentry","category-que-pasa","category-economia"],"acf":[],"yoast_head":"<!-- This site is optimized with the Yoast SEO plugin v27.5 - https:\/\/yoast.com\/product\/yoast-seo-wordpress\/ -->\n<title>La Pampa no: abri\u00f3 la inscripci\u00f3n del Procrear para la compra de viviendas - Diario Textual<\/title>\n<meta name=\"robots\" content=\"index, follow, max-snippet:-1, max-image-preview:large, max-video-preview:-1\" \/>\n<link rel=\"canonical\" href=\"https:\/\/diariotextual.com\/inicio\/index.php\/2019\/05\/16\/la-pampa-no-abrio-la-inscripcion-del-procrear-la-compra-viviendas\/\" \/>\n<meta property=\"og:locale\" content=\"es_ES\" \/>\n<meta property=\"og:type\" content=\"article\" \/>\n<meta property=\"og:title\" content=\"La Pampa no: abri\u00f3 la inscripci\u00f3n del Procrear para la compra de viviendas - Diario Textual\" \/>\n<meta property=\"og:description\" content=\"El Ministerio del Interior, Obras P\u00fablicas y Vivienda abri\u00f3 hoy la inscripci\u00f3n para la adquisici\u00f3n de 2.500 viviendas del Plan Procrear en 18 desarrollos urban\u00edsticos existentes en todo el pa\u00eds.&hellip;\" \/>\n<meta property=\"og:url\" content=\"https:\/\/diariotextual.com\/inicio\/index.php\/2019\/05\/16\/la-pampa-no-abrio-la-inscripcion-del-procrear-la-compra-viviendas\/\" \/>\n<meta property=\"og:site_name\" content=\"Diario Textual\" \/>\n<meta property=\"article:publisher\" content=\"https:\/\/www.facebook.com\/eltextual\" \/>\n<meta property=\"article:published_time\" content=\"2019-05-16T23:18:34+00:00\" \/>\n<meta property=\"og:image\" content=\"https:\/\/diariotextual.com\/inicio\/wp-content\/uploads\/2018\/04\/procrearbarriosantarosa.jpg\" \/>\n\t<meta property=\"og:image:width\" content=\"638\" \/>\n\t<meta property=\"og:image:height\" content=\"425\" \/>\n\t<meta property=\"og:image:type\" content=\"image\/jpeg\" \/>\n<meta name=\"author\" content=\"diario3\" \/>\n<meta name=\"twitter:card\" content=\"summary_large_image\" \/>\n<meta name=\"twitter:creator\" content=\"@eltextual\" \/>\n<meta name=\"twitter:site\" content=\"@eltextual\" \/>\n<meta name=\"twitter:label1\" content=\"Escrito por\" \/>\n\t<meta name=\"twitter:data1\" content=\"diario3\" \/>\n\t<meta name=\"twitter:label2\" content=\"Tiempo de lectura\" \/>\n\t<meta name=\"twitter:data2\" content=\"2 minutos\" \/>\n<script type=\"application\/ld+json\" class=\"yoast-schema-graph\">{\"@context\":\"https:\\\/\\\/schema.org\",\"@graph\":[{\"@type\":\"Article\",\"@id\":\"https:\\\/\\\/diariotextual.com\\\/inicio\\\/index.php\\\/2019\\\/05\\\/16\\\/la-pampa-no-abrio-la-inscripcion-del-procrear-la-compra-viviendas\\\/#article\",\"isPartOf\":{\"@id\":\"https:\\\/\\\/diariotextual.com\\\/inicio\\\/index.php\\\/2019\\\/05\\\/16\\\/la-pampa-no-abrio-la-inscripcion-del-procrear-la-compra-viviendas\\\/\"},\"author\":{\"name\":\"diario3\",\"@id\":\"https:\\\/\\\/diariotextual.com\\\/inicio\\\/#\\\/schema\\\/person\\\/a1b6f563e0ee944c60f98119389a4d9f\"},\"headline\":\"La Pampa no: abri\u00f3 la inscripci\u00f3n del Procrear para la compra de viviendas\",\"datePublished\":\"2019-05-16T23:18:34+00:00\",\"mainEntityOfPage\":{\"@id\":\"https:\\\/\\\/diariotextual.com\\\/inicio\\\/index.php\\\/2019\\\/05\\\/16\\\/la-pampa-no-abrio-la-inscripcion-del-procrear-la-compra-viviendas\\\/\"},\"wordCount\":480,\"publisher\":{\"@id\":\"https:\\\/\\\/diariotextual.com\\\/inicio\\\/#organization\"},\"image\":{\"@id\":\"https:\\\/\\\/diariotextual.com\\\/inicio\\\/index.php\\\/2019\\\/05\\\/16\\\/la-pampa-no-abrio-la-inscripcion-del-procrear-la-compra-viviendas\\\/#primaryimage\"},\"thumbnailUrl\":\"https:\\\/\\\/diariotextual.com\\\/inicio\\\/wp-content\\\/uploads\\\/2018\\\/04\\\/procrearbarriosantarosa.jpg\",\"articleSection\":[\"A - QUE PASA (al costado)\",\"ECONOMIA\"],\"inLanguage\":\"es\"},{\"@type\":\"WebPage\",\"@id\":\"https:\\\/\\\/diariotextual.com\\\/inicio\\\/index.php\\\/2019\\\/05\\\/16\\\/la-pampa-no-abrio-la-inscripcion-del-procrear-la-compra-viviendas\\\/\",\"url\":\"https:\\\/\\\/diariotextual.com\\\/inicio\\\/index.php\\\/2019\\\/05\\\/16\\\/la-pampa-no-abrio-la-inscripcion-del-procrear-la-compra-viviendas\\\/\",\"name\":\"La Pampa no: abri\u00f3 la inscripci\u00f3n del Procrear para la compra de viviendas - Diario Textual\",\"isPartOf\":{\"@id\":\"https:\\\/\\\/diariotextual.com\\\/inicio\\\/#website\"},\"primaryImageOfPage\":{\"@id\":\"https:\\\/\\\/diariotextual.com\\\/inicio\\\/index.php\\\/2019\\\/05\\\/16\\\/la-pampa-no-abrio-la-inscripcion-del-procrear-la-compra-viviendas\\\/#primaryimage\"},\"image\":{\"@id\":\"https:\\\/\\\/diariotextual.com\\\/inicio\\\/index.php\\\/2019\\\/05\\\/16\\\/la-pampa-no-abrio-la-inscripcion-del-procrear-la-compra-viviendas\\\/#primaryimage\"},\"thumbnailUrl\":\"https:\\\/\\\/diariotextual.com\\\/inicio\\\/wp-content\\\/uploads\\\/2018\\\/04\\\/procrearbarriosantarosa.jpg\",\"datePublished\":\"2019-05-16T23:18:34+00:00\",\"breadcrumb\":{\"@id\":\"https:\\\/\\\/diariotextual.com\\\/inicio\\\/index.php\\\/2019\\\/05\\\/16\\\/la-pampa-no-abrio-la-inscripcion-del-procrear-la-compra-viviendas\\\/#breadcrumb\"},\"inLanguage\":\"es\",\"potentialAction\":[{\"@type\":\"ReadAction\",\"target\":[\"https:\\\/\\\/diariotextual.com\\\/inicio\\\/index.php\\\/2019\\\/05\\\/16\\\/la-pampa-no-abrio-la-inscripcion-del-procrear-la-compra-viviendas\\\/\"]}]},{\"@type\":\"ImageObject\",\"inLanguage\":\"es\",\"@id\":\"https:\\\/\\\/diariotextual.com\\\/inicio\\\/index.php\\\/2019\\\/05\\\/16\\\/la-pampa-no-abrio-la-inscripcion-del-procrear-la-compra-viviendas\\\/#primaryimage\",\"url\":\"https:\\\/\\\/diariotextual.com\\\/inicio\\\/wp-content\\\/uploads\\\/2018\\\/04\\\/procrearbarriosantarosa.jpg\",\"contentUrl\":\"https:\\\/\\\/diariotextual.com\\\/inicio\\\/wp-content\\\/uploads\\\/2018\\\/04\\\/procrearbarriosantarosa.jpg\",\"width\":638,\"height\":425},{\"@type\":\"BreadcrumbList\",\"@id\":\"https:\\\/\\\/diariotextual.com\\\/inicio\\\/index.php\\\/2019\\\/05\\\/16\\\/la-pampa-no-abrio-la-inscripcion-del-procrear-la-compra-viviendas\\\/#breadcrumb\",\"itemListElement\":[{\"@type\":\"ListItem\",\"position\":1,\"name\":\"Portada\",\"item\":\"https:\\\/\\\/diariotextual.com\\\/inicio\\\/\"},{\"@type\":\"ListItem\",\"position\":2,\"name\":\"La Pampa no: abri\u00f3 la inscripci\u00f3n del Procrear para la compra de viviendas\"}]},{\"@type\":\"WebSite\",\"@id\":\"https:\\\/\\\/diariotextual.com\\\/inicio\\\/#website\",\"url\":\"https:\\\/\\\/diariotextual.com\\\/inicio\\\/\",\"name\":\"Diario Textual\",\"description\":\"\",\"publisher\":{\"@id\":\"https:\\\/\\\/diariotextual.com\\\/inicio\\\/#organization\"},\"potentialAction\":[{\"@type\":\"SearchAction\",\"target\":{\"@type\":\"EntryPoint\",\"urlTemplate\":\"https:\\\/\\\/diariotextual.com\\\/inicio\\\/?s={search_term_string}\"},\"query-input\":{\"@type\":\"PropertyValueSpecification\",\"valueRequired\":true,\"valueName\":\"search_term_string\"}}],\"inLanguage\":\"es\"},{\"@type\":\"Organization\",\"@id\":\"https:\\\/\\\/diariotextual.com\\\/inicio\\\/#organization\",\"name\":\"Diario Textual\",\"url\":\"https:\\\/\\\/diariotextual.com\\\/inicio\\\/\",\"logo\":{\"@type\":\"ImageObject\",\"inLanguage\":\"es\",\"@id\":\"https:\\\/\\\/diariotextual.com\\\/inicio\\\/#\\\/schema\\\/logo\\\/image\\\/\",\"url\":\"https:\\\/\\\/diariotextual.com\\\/inicio\\\/wp-content\\\/uploads\\\/2023\\\/05\\\/logotextual1.jpg\",\"contentUrl\":\"https:\\\/\\\/diariotextual.com\\\/inicio\\\/wp-content\\\/uploads\\\/2023\\\/05\\\/logotextual1.jpg\",\"width\":516,\"height\":76,\"caption\":\"Diario Textual\"},\"image\":{\"@id\":\"https:\\\/\\\/diariotextual.com\\\/inicio\\\/#\\\/schema\\\/logo\\\/image\\\/\"},\"sameAs\":[\"https:\\\/\\\/www.facebook.com\\\/eltextual\",\"https:\\\/\\\/x.com\\\/eltextual\",\"http:\\\/\\\/www.instagram.com\\\/eltextual\"]},{\"@type\":\"Person\",\"@id\":\"https:\\\/\\\/diariotextual.com\\\/inicio\\\/#\\\/schema\\\/person\\\/a1b6f563e0ee944c60f98119389a4d9f\",\"name\":\"diario3\",\"image\":{\"@type\":\"ImageObject\",\"inLanguage\":\"es\",\"@id\":\"https:\\\/\\\/secure.gravatar.com\\\/avatar\\\/5e7ee62c82fc04d9dd79d746a390d93c69c43223e5faeeb3ea9461ef752bfc5d?s=96&d=mm&r=g\",\"url\":\"https:\\\/\\\/secure.gravatar.com\\\/avatar\\\/5e7ee62c82fc04d9dd79d746a390d93c69c43223e5faeeb3ea9461ef752bfc5d?s=96&d=mm&r=g\",\"contentUrl\":\"https:\\\/\\\/secure.gravatar.com\\\/avatar\\\/5e7ee62c82fc04d9dd79d746a390d93c69c43223e5faeeb3ea9461ef752bfc5d?s=96&d=mm&r=g\",\"caption\":\"diario3\"},\"url\":\"https:\\\/\\\/diariotextual.com\\\/inicio\\\/index.php\\\/author\\\/diario3\\\/\"}]}<\/script>\n<!-- \/ Yoast SEO plugin. -->","yoast_head_json":{"title":"La Pampa no: abri\u00f3 la inscripci\u00f3n del Procrear para la compra de viviendas - Diario Textual","robots":{"index":"index","follow":"follow","max-snippet":"max-snippet:-1","max-image-preview":"max-image-preview:large","max-video-preview":"max-video-preview:-1"},"canonical":"https:\/\/diariotextual.com\/inicio\/index.php\/2019\/05\/16\/la-pampa-no-abrio-la-inscripcion-del-procrear-la-compra-viviendas\/","og_locale":"es_ES","og_type":"article","og_title":"La Pampa no: abri\u00f3 la inscripci\u00f3n del Procrear para la compra de viviendas - Diario Textual","og_description":"El Ministerio del Interior, Obras P\u00fablicas y Vivienda abri\u00f3 hoy la inscripci\u00f3n para la adquisici\u00f3n de 2.500 viviendas del Plan Procrear en 18 desarrollos urban\u00edsticos existentes en todo el pa\u00eds.&hellip;","og_url":"https:\/\/diariotextual.com\/inicio\/index.php\/2019\/05\/16\/la-pampa-no-abrio-la-inscripcion-del-procrear-la-compra-viviendas\/","og_site_name":"Diario Textual","article_publisher":"https:\/\/www.facebook.com\/eltextual","article_published_time":"2019-05-16T23:18:34+00:00","og_image":[{"width":638,"height":425,"url":"https:\/\/diariotextual.com\/inicio\/wp-content\/uploads\/2018\/04\/procrearbarriosantarosa.jpg","type":"image\/jpeg"}],"author":"diario3","twitter_card":"summary_large_image","twitter_creator":"@eltextual","twitter_site":"@eltextual","twitter_misc":{"Escrito por":"diario3","Tiempo de lectura":"2 minutos"},"schema":{"@context":"https:\/\/schema.org","@graph":[{"@type":"Article","@id":"https:\/\/diariotextual.com\/inicio\/index.php\/2019\/05\/16\/la-pampa-no-abrio-la-inscripcion-del-procrear-la-compra-viviendas\/#article","isPartOf":{"@id":"https:\/\/diariotextual.com\/inicio\/index.php\/2019\/05\/16\/la-pampa-no-abrio-la-inscripcion-del-procrear-la-compra-viviendas\/"},"author":{"name":"diario3","@id":"https:\/\/diariotextual.com\/inicio\/#\/schema\/person\/a1b6f563e0ee944c60f98119389a4d9f"},"headline":"La Pampa no: abri\u00f3 la inscripci\u00f3n del Procrear para la compra de viviendas","datePublished":"2019-05-16T23:18:34+00:00","mainEntityOfPage":{"@id":"https:\/\/diariotextual.com\/inicio\/index.php\/2019\/05\/16\/la-pampa-no-abrio-la-inscripcion-del-procrear-la-compra-viviendas\/"},"wordCount":480,"publisher":{"@id":"https:\/\/diariotextual.com\/inicio\/#organization"},"image":{"@id":"https:\/\/diariotextual.com\/inicio\/index.php\/2019\/05\/16\/la-pampa-no-abrio-la-inscripcion-del-procrear-la-compra-viviendas\/#primaryimage"},"thumbnailUrl":"https:\/\/diariotextual.com\/inicio\/wp-content\/uploads\/2018\/04\/procrearbarriosantarosa.jpg","articleSection":["A - QUE PASA (al costado)","ECONOMIA"],"inLanguage":"es"},{"@type":"WebPage","@id":"https:\/\/diariotextual.com\/inicio\/index.php\/2019\/05\/16\/la-pampa-no-abrio-la-inscripcion-del-procrear-la-compra-viviendas\/","url":"https:\/\/diariotextual.com\/inicio\/index.php\/2019\/05\/16\/la-pampa-no-abrio-la-inscripcion-del-procrear-la-compra-viviendas\/","name":"La Pampa no: abri\u00f3 la inscripci\u00f3n del Procrear para la compra de viviendas - Diario Textual","isPartOf":{"@id":"https:\/\/diariotextual.com\/inicio\/#website"},"primaryImageOfPage":{"@id":"https:\/\/diariotextual.com\/inicio\/index.php\/2019\/05\/16\/la-pampa-no-abrio-la-inscripcion-del-procrear-la-compra-viviendas\/#primaryimage"},"image":{"@id":"https:\/\/diariotextual.com\/inicio\/index.php\/2019\/05\/16\/la-pampa-no-abrio-la-inscripcion-del-procrear-la-compra-viviendas\/#primaryimage"},"thumbnailUrl":"https:\/\/diariotextual.com\/inicio\/wp-content\/uploads\/2018\/04\/procrearbarriosantarosa.jpg","datePublished":"2019-05-16T23:18:34+00:00","breadcrumb":{"@id":"https:\/\/diariotextual.com\/inicio\/index.php\/2019\/05\/16\/la-pampa-no-abrio-la-inscripcion-del-procrear-la-compra-viviendas\/#breadcrumb"},"inLanguage":"es","potentialAction":[{"@type":"ReadAction","target":["https:\/\/diariotextual.com\/inicio\/index.php\/2019\/05\/16\/la-pampa-no-abrio-la-inscripcion-del-procrear-la-compra-viviendas\/"]}]},{"@type":"ImageObject","inLanguage":"es","@id":"https:\/\/diariotextual.com\/inicio\/index.php\/2019\/05\/16\/la-pampa-no-abrio-la-inscripcion-del-procrear-la-compra-viviendas\/#primaryimage","url":"https:\/\/diariotextual.com\/inicio\/wp-content\/uploads\/2018\/04\/procrearbarriosantarosa.jpg","contentUrl":"https:\/\/diariotextual.com\/inicio\/wp-content\/uploads\/2018\/04\/procrearbarriosantarosa.jpg","width":638,"height":425},{"@type":"BreadcrumbList","@id":"https:\/\/diariotextual.com\/inicio\/index.php\/2019\/05\/16\/la-pampa-no-abrio-la-inscripcion-del-procrear-la-compra-viviendas\/#breadcrumb","itemListElement":[{"@type":"ListItem","position":1,"name":"Portada","item":"https:\/\/diariotextual.com\/inicio\/"},{"@type":"ListItem","position":2,"name":"La Pampa no: abri\u00f3 la inscripci\u00f3n del Procrear para la compra de viviendas"}]},{"@type":"WebSite","@id":"https:\/\/diariotextual.com\/inicio\/#website","url":"https:\/\/diariotextual.com\/inicio\/","name":"Diario Textual","description":"","publisher":{"@id":"https:\/\/diariotextual.com\/inicio\/#organization"},"potentialAction":[{"@type":"SearchAction","target":{"@type":"EntryPoint","urlTemplate":"https:\/\/diariotextual.com\/inicio\/?s={search_term_string}"},"query-input":{"@type":"PropertyValueSpecification","valueRequired":true,"valueName":"search_term_string"}}],"inLanguage":"es"},{"@type":"Organization","@id":"https:\/\/diariotextual.com\/inicio\/#organization","name":"Diario Textual","url":"https:\/\/diariotextual.com\/inicio\/","logo":{"@type":"ImageObject","inLanguage":"es","@id":"https:\/\/diariotextual.com\/inicio\/#\/schema\/logo\/image\/","url":"https:\/\/diariotextual.com\/inicio\/wp-content\/uploads\/2023\/05\/logotextual1.jpg","contentUrl":"https:\/\/diariotextual.com\/inicio\/wp-content\/uploads\/2023\/05\/logotextual1.jpg","width":516,"height":76,"caption":"Diario Textual"},"image":{"@id":"https:\/\/diariotextual.com\/inicio\/#\/schema\/logo\/image\/"},"sameAs":["https:\/\/www.facebook.com\/eltextual","https:\/\/x.com\/eltextual","http:\/\/www.instagram.com\/eltextual"]},{"@type":"Person","@id":"https:\/\/diariotextual.com\/inicio\/#\/schema\/person\/a1b6f563e0ee944c60f98119389a4d9f","name":"diario3","image":{"@type":"ImageObject","inLanguage":"es","@id":"https:\/\/secure.gravatar.com\/avatar\/5e7ee62c82fc04d9dd79d746a390d93c69c43223e5faeeb3ea9461ef752bfc5d?s=96&d=mm&r=g","url":"https:\/\/secure.gravatar.com\/avatar\/5e7ee62c82fc04d9dd79d746a390d93c69c43223e5faeeb3ea9461ef752bfc5d?s=96&d=mm&r=g","contentUrl":"https:\/\/secure.gravatar.com\/avatar\/5e7ee62c82fc04d9dd79d746a390d93c69c43223e5faeeb3ea9461ef752bfc5d?s=96&d=mm&r=g","caption":"diario3"},"url":"https:\/\/diariotextual.com\/inicio\/index.php\/author\/diario3\/"}]}},"_links":{"self":[{"href":"https:\/\/diariotextual.com\/inicio\/index.php\/wp-json\/wp\/v2\/posts\/48768","targetHints":{"allow":["GET"]}}],"collection":[{"href":"https:\/\/diariotextual.com\/inicio\/index.php\/wp-json\/wp\/v2\/posts"}],"about":[{"href":"https:\/\/diariotextual.com\/inicio\/index.php\/wp-json\/wp\/v2\/types\/post"}],"author":[{"embeddable":true,"href":"https:\/\/diariotextual.com\/inicio\/index.php\/wp-json\/wp\/v2\/users\/5"}],"replies":[{"embeddable":true,"href":"https:\/\/diariotextual.com\/inicio\/index.php\/wp-json\/wp\/v2\/comments?post=48768"}],"version-history":[{"count":1,"href":"https:\/\/diariotextual.com\/inicio\/index.php\/wp-json\/wp\/v2\/posts\/48768\/revisions"}],"predecessor-version":[{"id":48770,"href":"https:\/\/diariotextual.com\/inicio\/index.php\/wp-json\/wp\/v2\/posts\/48768\/revisions\/48770"}],"wp:featuredmedia":[{"embeddable":true,"href":"https:\/\/diariotextual.com\/inicio\/index.php\/wp-json\/wp\/v2\/media\/4649"}],"wp:attachment":[{"href":"https:\/\/diariotextual.com\/inicio\/index.php\/wp-json\/wp\/v2\/media?parent=48768"}],"wp:term":[{"taxonomy":"category","embeddable":true,"href":"https:\/\/diariotextual.com\/inicio\/index.php\/wp-json\/wp\/v2\/categories?post=48768"},{"taxonomy":"post_tag","embeddable":true,"href":"https:\/\/diariotextual.com\/inicio\/index.php\/wp-json\/wp\/v2\/tags?post=48768"}],"curies":[{"name":"wp","href":"https:\/\/api.w.org\/{rel}","templated":true}]}}