{"id":48899,"date":"2019-05-17T21:01:40","date_gmt":"2019-05-18T00:01:40","guid":{"rendered":"http:\/\/diariotextual.com\/inicio\/?p=48899"},"modified":"2019-05-18T09:35:22","modified_gmt":"2019-05-18T12:35:22","slug":"verna-solicito-laudo-arbitral-portezuelo","status":"publish","type":"post","link":"https:\/\/diariotextual.com\/inicio\/index.php\/2019\/05\/17\/verna-solicito-laudo-arbitral-portezuelo\/","title":{"rendered":"Verna solicit\u00f3 otro laudo arbitral por Portezuelo"},"content":{"rendered":"<footer>\n<div class=\"row\">\n<div class=\"col-md-12 col-xs-12\">\n<p>El gobernador<strong> Carlos Verna pidi\u00f3 un nuevo laudo arbitral<\/strong> al presidente de la Naci\u00f3n, <strong>Mauricio Macri<\/strong>, por la represa <strong>Portezuelo del Viento<\/strong>, que Mendoza y Naci\u00f3n pretenden construir sobre el r\u00edo Grande y que podr\u00eda afectar, tanto en cantidad como en calidad, el agua del r\u00edo Colorado. Ahora<strong> el mandatario pampeano reclam\u00f3 que no se aprueben las normas de manejo y el estudio de impacto ambiental regional de la presa Portezuelo del Viento. Pero solicit\u00f3 que no participe el jefe de Estado: dijo que carece de imparcialidad y objetividad para resolver.<\/strong><\/p>\n<p>La nota cuenta con el patrocinio del fiscal de Estado Jos\u00e9 Alejandro Vanini y del procurador Hern\u00e1n P\u00e9rez Araujo. <strong>\u00abEn el escrito de presentaci\u00f3n se recus\u00f3 al presidente Macri, por entender que carece de la imparcialidad y objetividad requerida para resolver, al igual que los funcionarios pol\u00edticos electivos que son llamados a sucederle\u00bb, informaron desde Casa de Gobierno.<\/strong><\/p>\n<p>\u00abEn defensa de los intereses de su Provincia se solicita que el presidente se aparte del juzgamiento y resoluci\u00f3n de los diferendos planteados, so pena de violentar los m\u00e1s elementales principios del debido proceso y de la defensa en juicio de la provincia de La Pampa, y de todos y cada uno de los pampeanos\u00bb, dijo el mandatario.<\/p>\n<p><strong>\u201cComo garant\u00eda m\u00ednima de protecci\u00f3n de los derechos de la provincia de La Pampa, no puedo menos que exigir la previa condici\u00f3n de que quien debe resolver los diferendos planteados en el seno de COIRCO, adopte una conducta que resulte subjetiva y objetivamente neutral\u201d<\/strong>, expres\u00f3 Verna ante el evidente inter\u00e9s que ha tenido el presidente de la Naci\u00f3n y todos los funcionarios del Estado nacional intervinientes para que Portezuelo sea licitado y posteriormente construido.<\/p>\n<p><strong>El laudo solicitado es consecuencia del no tratamiento en la reuni\u00f3n de Consejo de Gobierno del d\u00eda 9 de mayo de 2019, de los diferendos planteados en el marco de actuaci\u00f3n del Comit\u00e9 Ejecutivo, ante la negativa de los funcionarios y representantes nacionales del Comit\u00e9 Interjurisdiccional del R\u00edo Colorado (Coirco).<\/strong><\/p>\n<p>El gobernador record\u00f3 que el presidente de la Naci\u00f3n ya ha emitido un laudo referido a Portezuelo del Viento que ha \u00abviolando los derechos\u00bb de los pampeanos.<\/p>\n<p>La provincia de La Pampa sostiene que tanto las normas de manejo como el EIAR debieron ser puestos a consideraci\u00f3n del Consejo de Gobierno para su consideraci\u00f3n y tratamiento. \u00abAnte la oposici\u00f3n de las restantes provincias es que se solicita el laudo presidencial, poniendo de manifiesto la omisi\u00f3n en que ha incurrido el ministro del Interior, Obras P\u00fablicas y Vivienda al no poner en consideraci\u00f3n de los gobernadores el EIAR, a efectos de que el Consejo de Gobierno emita el dictamen correspondiente, careciendo de validez la pretendida aprobaci\u00f3n del mismo en el \u00e1mbito del Comit\u00e9 Ejecutivo, torn\u00e1ndose necesaria su revisi\u00f3n en esta instancia arbitral\u00bb, se inform\u00f3.<\/p>\n<p>\u00abSe puso de manifiesto tambi\u00e9n el accionar de las autoridades del Comit\u00e9 Ejecutivo de Coirco, en desmedro de los intereses y las requisitorias de la provincia de La Pampa, evidenciado por la no elevaci\u00f3n de los diferendos planteados en las Actas N\u00b0814 y N\u00b0857 para su consideraci\u00f3n por parte del Consejo de Gobierno en el marco del Cap\u00edtulo V del Estatuto\u00bb, se comunic\u00f3.<\/p>\n<\/div>\n<\/div>\n<\/footer>\n<p>&nbsp;<\/p>\n","protected":false},"excerpt":{"rendered":"<p>El gobernador Carlos Verna pidi\u00f3 un nuevo laudo arbitral al presidente de la Naci\u00f3n, Mauricio Macri, por la represa Portezuelo del Viento, que Mendoza y Naci\u00f3n pretenden construir sobre el&hellip;<\/p>\n","protected":false},"author":3,"featured_media":47440,"comment_status":"closed","ping_status":"open","sticky":false,"template":"","format":"standard","meta":{"_acf_changed":false,"footnotes":""},"categories":[10,8],"tags":[],"class_list":["post-48899","post","type-post","status-publish","format-standard","has-post-thumbnail","hentry","category-portada-2","category-politica"],"acf":[],"yoast_head":"<!-- This site is optimized with the Yoast SEO plugin v27.5 - https:\/\/yoast.com\/product\/yoast-seo-wordpress\/ -->\n<title>Verna solicit\u00f3 otro laudo arbitral por Portezuelo - Diario Textual<\/title>\n<meta name=\"robots\" content=\"index, follow, max-snippet:-1, max-image-preview:large, max-video-preview:-1\" \/>\n<link rel=\"canonical\" href=\"https:\/\/diariotextual.com\/inicio\/index.php\/2019\/05\/17\/verna-solicito-laudo-arbitral-portezuelo\/\" \/>\n<meta property=\"og:locale\" content=\"es_ES\" \/>\n<meta property=\"og:type\" content=\"article\" \/>\n<meta property=\"og:title\" content=\"Verna solicit\u00f3 otro laudo arbitral por Portezuelo - Diario Textual\" \/>\n<meta property=\"og:description\" content=\"El gobernador Carlos Verna pidi\u00f3 un nuevo laudo arbitral al presidente de la Naci\u00f3n, Mauricio Macri, por la represa Portezuelo del Viento, que Mendoza y Naci\u00f3n pretenden construir sobre el&hellip;\" \/>\n<meta property=\"og:url\" content=\"https:\/\/diariotextual.com\/inicio\/index.php\/2019\/05\/17\/verna-solicito-laudo-arbitral-portezuelo\/\" \/>\n<meta property=\"og:site_name\" content=\"Diario Textual\" \/>\n<meta property=\"article:publisher\" content=\"https:\/\/www.facebook.com\/eltextual\" \/>\n<meta property=\"article:published_time\" content=\"2019-05-18T00:01:40+00:00\" \/>\n<meta property=\"article:modified_time\" content=\"2019-05-18T12:35:22+00:00\" \/>\n<meta property=\"og:image\" content=\"https:\/\/diariotextual.com\/inicio\/wp-content\/uploads\/2019\/05\/vernacarlosdiputados2019-200.jpg\" \/>\n\t<meta property=\"og:image:width\" content=\"1000\" \/>\n\t<meta property=\"og:image:height\" content=\"648\" \/>\n\t<meta property=\"og:image:type\" content=\"image\/jpeg\" \/>\n<meta name=\"author\" content=\"Diario1 Diario1\" \/>\n<meta name=\"twitter:card\" content=\"summary_large_image\" \/>\n<meta name=\"twitter:creator\" content=\"@eltextual\" \/>\n<meta name=\"twitter:site\" content=\"@eltextual\" \/>\n<meta name=\"twitter:label1\" content=\"Escrito por\" \/>\n\t<meta name=\"twitter:data1\" content=\"Diario1 Diario1\" \/>\n\t<meta name=\"twitter:label2\" content=\"Tiempo de lectura\" \/>\n\t<meta name=\"twitter:data2\" content=\"3 minutos\" \/>\n<script type=\"application\/ld+json\" class=\"yoast-schema-graph\">{\"@context\":\"https:\\\/\\\/schema.org\",\"@graph\":[{\"@type\":\"Article\",\"@id\":\"https:\\\/\\\/diariotextual.com\\\/inicio\\\/index.php\\\/2019\\\/05\\\/17\\\/verna-solicito-laudo-arbitral-portezuelo\\\/#article\",\"isPartOf\":{\"@id\":\"https:\\\/\\\/diariotextual.com\\\/inicio\\\/index.php\\\/2019\\\/05\\\/17\\\/verna-solicito-laudo-arbitral-portezuelo\\\/\"},\"author\":{\"name\":\"Diario1 Diario1\",\"@id\":\"https:\\\/\\\/diariotextual.com\\\/inicio\\\/#\\\/schema\\\/person\\\/418fc4093c33e86ed41562db3508f958\"},\"headline\":\"Verna solicit\u00f3 otro laudo arbitral por Portezuelo\",\"datePublished\":\"2019-05-18T00:01:40+00:00\",\"dateModified\":\"2019-05-18T12:35:22+00:00\",\"mainEntityOfPage\":{\"@id\":\"https:\\\/\\\/diariotextual.com\\\/inicio\\\/index.php\\\/2019\\\/05\\\/17\\\/verna-solicito-laudo-arbitral-portezuelo\\\/\"},\"wordCount\":568,\"publisher\":{\"@id\":\"https:\\\/\\\/diariotextual.com\\\/inicio\\\/#organization\"},\"image\":{\"@id\":\"https:\\\/\\\/diariotextual.com\\\/inicio\\\/index.php\\\/2019\\\/05\\\/17\\\/verna-solicito-laudo-arbitral-portezuelo\\\/#primaryimage\"},\"thumbnailUrl\":\"https:\\\/\\\/diariotextual.com\\\/inicio\\\/wp-content\\\/uploads\\\/2019\\\/05\\\/vernacarlosdiputados2019-200.jpg\",\"articleSection\":[\"A - PORTADA2\",\"POLITICA\"],\"inLanguage\":\"es\"},{\"@type\":\"WebPage\",\"@id\":\"https:\\\/\\\/diariotextual.com\\\/inicio\\\/index.php\\\/2019\\\/05\\\/17\\\/verna-solicito-laudo-arbitral-portezuelo\\\/\",\"url\":\"https:\\\/\\\/diariotextual.com\\\/inicio\\\/index.php\\\/2019\\\/05\\\/17\\\/verna-solicito-laudo-arbitral-portezuelo\\\/\",\"name\":\"Verna solicit\u00f3 otro laudo arbitral por Portezuelo - Diario Textual\",\"isPartOf\":{\"@id\":\"https:\\\/\\\/diariotextual.com\\\/inicio\\\/#website\"},\"primaryImageOfPage\":{\"@id\":\"https:\\\/\\\/diariotextual.com\\\/inicio\\\/index.php\\\/2019\\\/05\\\/17\\\/verna-solicito-laudo-arbitral-portezuelo\\\/#primaryimage\"},\"image\":{\"@id\":\"https:\\\/\\\/diariotextual.com\\\/inicio\\\/index.php\\\/2019\\\/05\\\/17\\\/verna-solicito-laudo-arbitral-portezuelo\\\/#primaryimage\"},\"thumbnailUrl\":\"https:\\\/\\\/diariotextual.com\\\/inicio\\\/wp-content\\\/uploads\\\/2019\\\/05\\\/vernacarlosdiputados2019-200.jpg\",\"datePublished\":\"2019-05-18T00:01:40+00:00\",\"dateModified\":\"2019-05-18T12:35:22+00:00\",\"breadcrumb\":{\"@id\":\"https:\\\/\\\/diariotextual.com\\\/inicio\\\/index.php\\\/2019\\\/05\\\/17\\\/verna-solicito-laudo-arbitral-portezuelo\\\/#breadcrumb\"},\"inLanguage\":\"es\",\"potentialAction\":[{\"@type\":\"ReadAction\",\"target\":[\"https:\\\/\\\/diariotextual.com\\\/inicio\\\/index.php\\\/2019\\\/05\\\/17\\\/verna-solicito-laudo-arbitral-portezuelo\\\/\"]}]},{\"@type\":\"ImageObject\",\"inLanguage\":\"es\",\"@id\":\"https:\\\/\\\/diariotextual.com\\\/inicio\\\/index.php\\\/2019\\\/05\\\/17\\\/verna-solicito-laudo-arbitral-portezuelo\\\/#primaryimage\",\"url\":\"https:\\\/\\\/diariotextual.com\\\/inicio\\\/wp-content\\\/uploads\\\/2019\\\/05\\\/vernacarlosdiputados2019-200.jpg\",\"contentUrl\":\"https:\\\/\\\/diariotextual.com\\\/inicio\\\/wp-content\\\/uploads\\\/2019\\\/05\\\/vernacarlosdiputados2019-200.jpg\",\"width\":1000,\"height\":648},{\"@type\":\"BreadcrumbList\",\"@id\":\"https:\\\/\\\/diariotextual.com\\\/inicio\\\/index.php\\\/2019\\\/05\\\/17\\\/verna-solicito-laudo-arbitral-portezuelo\\\/#breadcrumb\",\"itemListElement\":[{\"@type\":\"ListItem\",\"position\":1,\"name\":\"Portada\",\"item\":\"https:\\\/\\\/diariotextual.com\\\/inicio\\\/\"},{\"@type\":\"ListItem\",\"position\":2,\"name\":\"Verna solicit\u00f3 otro laudo arbitral por Portezuelo\"}]},{\"@type\":\"WebSite\",\"@id\":\"https:\\\/\\\/diariotextual.com\\\/inicio\\\/#website\",\"url\":\"https:\\\/\\\/diariotextual.com\\\/inicio\\\/\",\"name\":\"Diario Textual\",\"description\":\"\",\"publisher\":{\"@id\":\"https:\\\/\\\/diariotextual.com\\\/inicio\\\/#organization\"},\"potentialAction\":[{\"@type\":\"SearchAction\",\"target\":{\"@type\":\"EntryPoint\",\"urlTemplate\":\"https:\\\/\\\/diariotextual.com\\\/inicio\\\/?s={search_term_string}\"},\"query-input\":{\"@type\":\"PropertyValueSpecification\",\"valueRequired\":true,\"valueName\":\"search_term_string\"}}],\"inLanguage\":\"es\"},{\"@type\":\"Organization\",\"@id\":\"https:\\\/\\\/diariotextual.com\\\/inicio\\\/#organization\",\"name\":\"Diario Textual\",\"url\":\"https:\\\/\\\/diariotextual.com\\\/inicio\\\/\",\"logo\":{\"@type\":\"ImageObject\",\"inLanguage\":\"es\",\"@id\":\"https:\\\/\\\/diariotextual.com\\\/inicio\\\/#\\\/schema\\\/logo\\\/image\\\/\",\"url\":\"https:\\\/\\\/diariotextual.com\\\/inicio\\\/wp-content\\\/uploads\\\/2023\\\/05\\\/logotextual1.jpg\",\"contentUrl\":\"https:\\\/\\\/diariotextual.com\\\/inicio\\\/wp-content\\\/uploads\\\/2023\\\/05\\\/logotextual1.jpg\",\"width\":516,\"height\":76,\"caption\":\"Diario Textual\"},\"image\":{\"@id\":\"https:\\\/\\\/diariotextual.com\\\/inicio\\\/#\\\/schema\\\/logo\\\/image\\\/\"},\"sameAs\":[\"https:\\\/\\\/www.facebook.com\\\/eltextual\",\"https:\\\/\\\/x.com\\\/eltextual\",\"http:\\\/\\\/www.instagram.com\\\/eltextual\"]},{\"@type\":\"Person\",\"@id\":\"https:\\\/\\\/diariotextual.com\\\/inicio\\\/#\\\/schema\\\/person\\\/418fc4093c33e86ed41562db3508f958\",\"name\":\"Diario1 Diario1\",\"image\":{\"@type\":\"ImageObject\",\"inLanguage\":\"es\",\"@id\":\"https:\\\/\\\/secure.gravatar.com\\\/avatar\\\/9167d280179c85bc18be67aa7eda765854300033af4896dd779b608640f2ef7a?s=96&d=mm&r=g\",\"url\":\"https:\\\/\\\/secure.gravatar.com\\\/avatar\\\/9167d280179c85bc18be67aa7eda765854300033af4896dd779b608640f2ef7a?s=96&d=mm&r=g\",\"contentUrl\":\"https:\\\/\\\/secure.gravatar.com\\\/avatar\\\/9167d280179c85bc18be67aa7eda765854300033af4896dd779b608640f2ef7a?s=96&d=mm&r=g\",\"caption\":\"Diario1 Diario1\"},\"url\":\"https:\\\/\\\/diariotextual.com\\\/inicio\\\/index.php\\\/author\\\/diario1\\\/\"}]}<\/script>\n<!-- \/ Yoast SEO plugin. -->","yoast_head_json":{"title":"Verna solicit\u00f3 otro laudo arbitral por Portezuelo - Diario Textual","robots":{"index":"index","follow":"follow","max-snippet":"max-snippet:-1","max-image-preview":"max-image-preview:large","max-video-preview":"max-video-preview:-1"},"canonical":"https:\/\/diariotextual.com\/inicio\/index.php\/2019\/05\/17\/verna-solicito-laudo-arbitral-portezuelo\/","og_locale":"es_ES","og_type":"article","og_title":"Verna solicit\u00f3 otro laudo arbitral por Portezuelo - Diario Textual","og_description":"El gobernador Carlos Verna pidi\u00f3 un nuevo laudo arbitral al presidente de la Naci\u00f3n, Mauricio Macri, por la represa Portezuelo del Viento, que Mendoza y Naci\u00f3n pretenden construir sobre el&hellip;","og_url":"https:\/\/diariotextual.com\/inicio\/index.php\/2019\/05\/17\/verna-solicito-laudo-arbitral-portezuelo\/","og_site_name":"Diario Textual","article_publisher":"https:\/\/www.facebook.com\/eltextual","article_published_time":"2019-05-18T00:01:40+00:00","article_modified_time":"2019-05-18T12:35:22+00:00","og_image":[{"width":1000,"height":648,"url":"https:\/\/diariotextual.com\/inicio\/wp-content\/uploads\/2019\/05\/vernacarlosdiputados2019-200.jpg","type":"image\/jpeg"}],"author":"Diario1 Diario1","twitter_card":"summary_large_image","twitter_creator":"@eltextual","twitter_site":"@eltextual","twitter_misc":{"Escrito por":"Diario1 Diario1","Tiempo de lectura":"3 minutos"},"schema":{"@context":"https:\/\/schema.org","@graph":[{"@type":"Article","@id":"https:\/\/diariotextual.com\/inicio\/index.php\/2019\/05\/17\/verna-solicito-laudo-arbitral-portezuelo\/#article","isPartOf":{"@id":"https:\/\/diariotextual.com\/inicio\/index.php\/2019\/05\/17\/verna-solicito-laudo-arbitral-portezuelo\/"},"author":{"name":"Diario1 Diario1","@id":"https:\/\/diariotextual.com\/inicio\/#\/schema\/person\/418fc4093c33e86ed41562db3508f958"},"headline":"Verna solicit\u00f3 otro laudo arbitral por Portezuelo","datePublished":"2019-05-18T00:01:40+00:00","dateModified":"2019-05-18T12:35:22+00:00","mainEntityOfPage":{"@id":"https:\/\/diariotextual.com\/inicio\/index.php\/2019\/05\/17\/verna-solicito-laudo-arbitral-portezuelo\/"},"wordCount":568,"publisher":{"@id":"https:\/\/diariotextual.com\/inicio\/#organization"},"image":{"@id":"https:\/\/diariotextual.com\/inicio\/index.php\/2019\/05\/17\/verna-solicito-laudo-arbitral-portezuelo\/#primaryimage"},"thumbnailUrl":"https:\/\/diariotextual.com\/inicio\/wp-content\/uploads\/2019\/05\/vernacarlosdiputados2019-200.jpg","articleSection":["A - PORTADA2","POLITICA"],"inLanguage":"es"},{"@type":"WebPage","@id":"https:\/\/diariotextual.com\/inicio\/index.php\/2019\/05\/17\/verna-solicito-laudo-arbitral-portezuelo\/","url":"https:\/\/diariotextual.com\/inicio\/index.php\/2019\/05\/17\/verna-solicito-laudo-arbitral-portezuelo\/","name":"Verna solicit\u00f3 otro laudo arbitral por Portezuelo - Diario Textual","isPartOf":{"@id":"https:\/\/diariotextual.com\/inicio\/#website"},"primaryImageOfPage":{"@id":"https:\/\/diariotextual.com\/inicio\/index.php\/2019\/05\/17\/verna-solicito-laudo-arbitral-portezuelo\/#primaryimage"},"image":{"@id":"https:\/\/diariotextual.com\/inicio\/index.php\/2019\/05\/17\/verna-solicito-laudo-arbitral-portezuelo\/#primaryimage"},"thumbnailUrl":"https:\/\/diariotextual.com\/inicio\/wp-content\/uploads\/2019\/05\/vernacarlosdiputados2019-200.jpg","datePublished":"2019-05-18T00:01:40+00:00","dateModified":"2019-05-18T12:35:22+00:00","breadcrumb":{"@id":"https:\/\/diariotextual.com\/inicio\/index.php\/2019\/05\/17\/verna-solicito-laudo-arbitral-portezuelo\/#breadcrumb"},"inLanguage":"es","potentialAction":[{"@type":"ReadAction","target":["https:\/\/diariotextual.com\/inicio\/index.php\/2019\/05\/17\/verna-solicito-laudo-arbitral-portezuelo\/"]}]},{"@type":"ImageObject","inLanguage":"es","@id":"https:\/\/diariotextual.com\/inicio\/index.php\/2019\/05\/17\/verna-solicito-laudo-arbitral-portezuelo\/#primaryimage","url":"https:\/\/diariotextual.com\/inicio\/wp-content\/uploads\/2019\/05\/vernacarlosdiputados2019-200.jpg","contentUrl":"https:\/\/diariotextual.com\/inicio\/wp-content\/uploads\/2019\/05\/vernacarlosdiputados2019-200.jpg","width":1000,"height":648},{"@type":"BreadcrumbList","@id":"https:\/\/diariotextual.com\/inicio\/index.php\/2019\/05\/17\/verna-solicito-laudo-arbitral-portezuelo\/#breadcrumb","itemListElement":[{"@type":"ListItem","position":1,"name":"Portada","item":"https:\/\/diariotextual.com\/inicio\/"},{"@type":"ListItem","position":2,"name":"Verna solicit\u00f3 otro laudo arbitral por Portezuelo"}]},{"@type":"WebSite","@id":"https:\/\/diariotextual.com\/inicio\/#website","url":"https:\/\/diariotextual.com\/inicio\/","name":"Diario Textual","description":"","publisher":{"@id":"https:\/\/diariotextual.com\/inicio\/#organization"},"potentialAction":[{"@type":"SearchAction","target":{"@type":"EntryPoint","urlTemplate":"https:\/\/diariotextual.com\/inicio\/?s={search_term_string}"},"query-input":{"@type":"PropertyValueSpecification","valueRequired":true,"valueName":"search_term_string"}}],"inLanguage":"es"},{"@type":"Organization","@id":"https:\/\/diariotextual.com\/inicio\/#organization","name":"Diario Textual","url":"https:\/\/diariotextual.com\/inicio\/","logo":{"@type":"ImageObject","inLanguage":"es","@id":"https:\/\/diariotextual.com\/inicio\/#\/schema\/logo\/image\/","url":"https:\/\/diariotextual.com\/inicio\/wp-content\/uploads\/2023\/05\/logotextual1.jpg","contentUrl":"https:\/\/diariotextual.com\/inicio\/wp-content\/uploads\/2023\/05\/logotextual1.jpg","width":516,"height":76,"caption":"Diario Textual"},"image":{"@id":"https:\/\/diariotextual.com\/inicio\/#\/schema\/logo\/image\/"},"sameAs":["https:\/\/www.facebook.com\/eltextual","https:\/\/x.com\/eltextual","http:\/\/www.instagram.com\/eltextual"]},{"@type":"Person","@id":"https:\/\/diariotextual.com\/inicio\/#\/schema\/person\/418fc4093c33e86ed41562db3508f958","name":"Diario1 Diario1","image":{"@type":"ImageObject","inLanguage":"es","@id":"https:\/\/secure.gravatar.com\/avatar\/9167d280179c85bc18be67aa7eda765854300033af4896dd779b608640f2ef7a?s=96&d=mm&r=g","url":"https:\/\/secure.gravatar.com\/avatar\/9167d280179c85bc18be67aa7eda765854300033af4896dd779b608640f2ef7a?s=96&d=mm&r=g","contentUrl":"https:\/\/secure.gravatar.com\/avatar\/9167d280179c85bc18be67aa7eda765854300033af4896dd779b608640f2ef7a?s=96&d=mm&r=g","caption":"Diario1 Diario1"},"url":"https:\/\/diariotextual.com\/inicio\/index.php\/author\/diario1\/"}]}},"_links":{"self":[{"href":"https:\/\/diariotextual.com\/inicio\/index.php\/wp-json\/wp\/v2\/posts\/48899","targetHints":{"allow":["GET"]}}],"collection":[{"href":"https:\/\/diariotextual.com\/inicio\/index.php\/wp-json\/wp\/v2\/posts"}],"about":[{"href":"https:\/\/diariotextual.com\/inicio\/index.php\/wp-json\/wp\/v2\/types\/post"}],"author":[{"embeddable":true,"href":"https:\/\/diariotextual.com\/inicio\/index.php\/wp-json\/wp\/v2\/users\/3"}],"replies":[{"embeddable":true,"href":"https:\/\/diariotextual.com\/inicio\/index.php\/wp-json\/wp\/v2\/comments?post=48899"}],"version-history":[{"count":6,"href":"https:\/\/diariotextual.com\/inicio\/index.php\/wp-json\/wp\/v2\/posts\/48899\/revisions"}],"predecessor-version":[{"id":48905,"href":"https:\/\/diariotextual.com\/inicio\/index.php\/wp-json\/wp\/v2\/posts\/48899\/revisions\/48905"}],"wp:featuredmedia":[{"embeddable":true,"href":"https:\/\/diariotextual.com\/inicio\/index.php\/wp-json\/wp\/v2\/media\/47440"}],"wp:attachment":[{"href":"https:\/\/diariotextual.com\/inicio\/index.php\/wp-json\/wp\/v2\/media?parent=48899"}],"wp:term":[{"taxonomy":"category","embeddable":true,"href":"https:\/\/diariotextual.com\/inicio\/index.php\/wp-json\/wp\/v2\/categories?post=48899"},{"taxonomy":"post_tag","embeddable":true,"href":"https:\/\/diariotextual.com\/inicio\/index.php\/wp-json\/wp\/v2\/tags?post=48899"}],"curies":[{"name":"wp","href":"https:\/\/api.w.org\/{rel}","templated":true}]}}