{"id":48980,"date":"2019-05-19T19:57:11","date_gmt":"2019-05-19T22:57:11","guid":{"rendered":"http:\/\/diariotextual.com\/inicio\/?p=48980"},"modified":"2019-05-19T21:04:51","modified_gmt":"2019-05-20T00:04:51","slug":"elecciones-la-pampa-la-novena-derrota-al-hilo-macri","status":"publish","type":"post","link":"https:\/\/diariotextual.com\/inicio\/index.php\/2019\/05\/19\/elecciones-la-pampa-la-novena-derrota-al-hilo-macri\/","title":{"rendered":"Elecciones en La Pampa: es la novena derrota al hilo para Macri"},"content":{"rendered":"<p><strong>Cambiemos<\/strong>, como ya se pronosticaba, <strong>no pudo detener la racha negativa<\/strong>: con los resultados en las elecciones de este domingo en La Pampa, <strong>el presidente Mauricio Macri sufri\u00f3 su novena derrota consecutiva en lo que va del 2019<\/strong>.<\/p>\n<p>Cambiemos, seg\u00fan los primeros resultados, <a href=\"http:\/\/diariotextual.com\/inicio\/index.php\/2019\/05\/19\/ziliotto-nuevo-gobernador-la-pampa\/\" target=\"_blank\" rel=\"noopener\"><strong>perdi\u00f3 frente al peronismo la gobernaci\u00f3n<\/strong><\/a>. Y adem\u00e1s perdi\u00f3 dos intendencias claves: Santa Rosa y Realic\u00f3. Adem\u00e1s, con otro condimento: un kirchnerista puro, Luciano di N\u00e1poli, derrot\u00f3 al representante de Cambiemos, Leandro Altolaguirre.<\/p>\n<blockquote class=\"wp-embedded-content\" data-secret=\"4mfxTGHYZF\"><p><a href=\"http:\/\/diariotextual.com\/inicio\/index.php\/2019\/05\/19\/los-resultados-localidad-localidad\/\">Los resultados, localidad por localidad<\/a><\/p><\/blockquote>\n<p><iframe class=\"wp-embedded-content\" sandbox=\"allow-scripts\" security=\"restricted\" style=\"position: absolute; clip: rect(1px, 1px, 1px, 1px);\" src=\"http:\/\/diariotextual.com\/inicio\/index.php\/2019\/05\/19\/los-resultados-localidad-localidad\/embed\/#?secret=4mfxTGHYZF\" data-secret=\"4mfxTGHYZF\" width=\"600\" height=\"338\" title=\"&#8220;Los resultados, localidad por localidad&#8221; &#8212; Diario Textual\" frameborder=\"0\" marginwidth=\"0\" marginheight=\"0\" scrolling=\"no\"><\/iframe><\/p>\n<p><strong>La ola amarilla est\u00e1, decididamente, deste\u00f1ida.<\/strong>\u00a0El macrismo perdi\u00f3 la interna de febrero en nuestra provincia y luego se sucedieron los traspi\u00e9s de las PASO de Chubut, Entre R\u00edos y San Juan y las elecciones a gobernador en R\u00edo Negro y Neuqu\u00e9n. Posteriormente le fue mal en Santa Fe, cuando Omar Perotti le gan\u00f3 a Mar\u00eda Eugenia Bielsa en la interna peronista, que en suma se impuso al socialismo, Antonio Bonfatti, quien fue el candidato m\u00e1s votado. Mientras, Jos\u00e9 Corral, de Cambiemos, qued\u00f3 tercero, muy atr\u00e1s. Y hace unos d\u00edas, perdi\u00f3 por paliza en los comicios de C\u00f3rdoba.<\/p>\n<p>En la campa\u00f1a electoral, de hecho,\u00a0 no hubo ni un dirigente nacional del PRO acompa\u00f1ando a Daniel Kroneberger, el radical que buscaba la gobernaci\u00f3n por Cambiemos.<\/p>\n<p>Hasta Carlos Javier \u00abColo\u00bb Mac Allister, quien perdi\u00f3 en febrero ante Kroneberger, desapareci\u00f3 de la escena pol\u00edtica. Solo algunos dirigentes del PRO hicieron, t\u00edmidamente, campa\u00f1a en Santa Rosa.<\/p>\n<p>Donde s\u00ed estuvieron los dirigentes locales del PRO fue en Pico. All\u00ed estuvieron respaldando al joven Mart\u00edn Maquieyra, pero no les alcanz\u00f3. El vernismo -que hab\u00eda sentido el golpe de las legislativas de 2017, al llegar a un \u00abempate t\u00e9cnico\u00bb con el macrismo- despej\u00f3 todas las dudas y logr\u00f3 retener la ciudad que gobierna desde hace 35 a\u00f1os: Fernanda Alonso se convertir\u00e1 en la primera mujer que llega a la intendencia. As\u00ed, ser\u00e1n 4 d\u00e9cadas de gobiernos peronistas ininterrumpidos.<\/p>\n<blockquote class=\"wp-embedded-content\" data-secret=\"rDUKeomyku\"><p><a href=\"http:\/\/diariotextual.com\/inicio\/index.php\/2019\/05\/19\/gioja-saludo-triunfo-arrasador-ziliotto\/\">Gioja salud\u00f3 el &#8220;triunfo arrasador&#8221; de Ziliotto<\/a><\/p><\/blockquote>\n<p><iframe class=\"wp-embedded-content\" sandbox=\"allow-scripts\" security=\"restricted\" style=\"position: absolute; clip: rect(1px, 1px, 1px, 1px);\" src=\"http:\/\/diariotextual.com\/inicio\/index.php\/2019\/05\/19\/gioja-saludo-triunfo-arrasador-ziliotto\/embed\/#?secret=rDUKeomyku\" data-secret=\"rDUKeomyku\" width=\"600\" height=\"338\" title=\"&#8220;Gioja salud\u00f3 el &#8220;triunfo arrasador&#8221; de Ziliotto&#8221; &#8212; Diario Textual\" frameborder=\"0\" marginwidth=\"0\" marginheight=\"0\" scrolling=\"no\"><\/iframe><\/p>\n<p>&nbsp;<\/p>\n<p>&nbsp;<\/p>\n<p>&nbsp;<\/p>\n","protected":false},"excerpt":{"rendered":"<p>Cambiemos, como ya se pronosticaba, no pudo detener la racha negativa: con los resultados en las elecciones de este domingo en La Pampa, el presidente Mauricio Macri sufri\u00f3 su novena&hellip;<\/p>\n","protected":false},"author":3,"featured_media":38643,"comment_status":"closed","ping_status":"open","sticky":false,"template":"","format":"standard","meta":{"_acf_changed":false,"footnotes":""},"categories":[11,319,8],"tags":[],"class_list":["post-48980","post","type-post","status-publish","format-standard","has-post-thumbnail","hentry","category-que-pasa","category-a-temporales","category-politica"],"acf":[],"yoast_head":"<!-- This site is optimized with the Yoast SEO plugin v27.5 - https:\/\/yoast.com\/product\/yoast-seo-wordpress\/ -->\n<title>Elecciones en La Pampa: es la novena derrota al hilo para Macri - Diario Textual<\/title>\n<meta name=\"robots\" content=\"index, follow, max-snippet:-1, max-image-preview:large, max-video-preview:-1\" \/>\n<link rel=\"canonical\" href=\"https:\/\/diariotextual.com\/inicio\/index.php\/2019\/05\/19\/elecciones-la-pampa-la-novena-derrota-al-hilo-macri\/\" \/>\n<meta property=\"og:locale\" content=\"es_ES\" \/>\n<meta property=\"og:type\" content=\"article\" \/>\n<meta property=\"og:title\" content=\"Elecciones en La Pampa: es la novena derrota al hilo para Macri - Diario Textual\" \/>\n<meta property=\"og:description\" content=\"Cambiemos, como ya se pronosticaba, no pudo detener la racha negativa: con los resultados en las elecciones de este domingo en La Pampa, el presidente Mauricio Macri sufri\u00f3 su novena&hellip;\" \/>\n<meta property=\"og:url\" content=\"https:\/\/diariotextual.com\/inicio\/index.php\/2019\/05\/19\/elecciones-la-pampa-la-novena-derrota-al-hilo-macri\/\" \/>\n<meta property=\"og:site_name\" content=\"Diario Textual\" \/>\n<meta property=\"article:publisher\" content=\"https:\/\/www.facebook.com\/eltextual\" \/>\n<meta property=\"article:published_time\" content=\"2019-05-19T22:57:11+00:00\" \/>\n<meta property=\"article:modified_time\" content=\"2019-05-20T00:04:51+00:00\" \/>\n<meta property=\"og:image\" content=\"https:\/\/diariotextual.com\/inicio\/wp-content\/uploads\/2019\/02\/macallistermacrigris11.jpg\" \/>\n\t<meta property=\"og:image:width\" content=\"610\" \/>\n\t<meta property=\"og:image:height\" content=\"407\" \/>\n\t<meta property=\"og:image:type\" content=\"image\/jpeg\" \/>\n<meta name=\"author\" content=\"Diario1 Diario1\" \/>\n<meta name=\"twitter:card\" content=\"summary_large_image\" \/>\n<meta name=\"twitter:creator\" content=\"@eltextual\" \/>\n<meta name=\"twitter:site\" content=\"@eltextual\" \/>\n<meta name=\"twitter:label1\" content=\"Escrito por\" \/>\n\t<meta name=\"twitter:data1\" content=\"Diario1 Diario1\" \/>\n\t<meta name=\"twitter:label2\" content=\"Tiempo de lectura\" \/>\n\t<meta name=\"twitter:data2\" content=\"2 minutos\" \/>\n<script type=\"application\/ld+json\" class=\"yoast-schema-graph\">{\"@context\":\"https:\\\/\\\/schema.org\",\"@graph\":[{\"@type\":\"Article\",\"@id\":\"https:\\\/\\\/diariotextual.com\\\/inicio\\\/index.php\\\/2019\\\/05\\\/19\\\/elecciones-la-pampa-la-novena-derrota-al-hilo-macri\\\/#article\",\"isPartOf\":{\"@id\":\"https:\\\/\\\/diariotextual.com\\\/inicio\\\/index.php\\\/2019\\\/05\\\/19\\\/elecciones-la-pampa-la-novena-derrota-al-hilo-macri\\\/\"},\"author\":{\"name\":\"Diario1 Diario1\",\"@id\":\"https:\\\/\\\/diariotextual.com\\\/inicio\\\/#\\\/schema\\\/person\\\/418fc4093c33e86ed41562db3508f958\"},\"headline\":\"Elecciones en La Pampa: es la novena derrota al hilo para Macri\",\"datePublished\":\"2019-05-19T22:57:11+00:00\",\"dateModified\":\"2019-05-20T00:04:51+00:00\",\"mainEntityOfPage\":{\"@id\":\"https:\\\/\\\/diariotextual.com\\\/inicio\\\/index.php\\\/2019\\\/05\\\/19\\\/elecciones-la-pampa-la-novena-derrota-al-hilo-macri\\\/\"},\"wordCount\":359,\"publisher\":{\"@id\":\"https:\\\/\\\/diariotextual.com\\\/inicio\\\/#organization\"},\"image\":{\"@id\":\"https:\\\/\\\/diariotextual.com\\\/inicio\\\/index.php\\\/2019\\\/05\\\/19\\\/elecciones-la-pampa-la-novena-derrota-al-hilo-macri\\\/#primaryimage\"},\"thumbnailUrl\":\"https:\\\/\\\/diariotextual.com\\\/inicio\\\/wp-content\\\/uploads\\\/2019\\\/02\\\/macallistermacrigris11.jpg\",\"articleSection\":[\"A - QUE PASA (al costado)\",\"A - TEMPORALES\",\"POLITICA\"],\"inLanguage\":\"es\"},{\"@type\":\"WebPage\",\"@id\":\"https:\\\/\\\/diariotextual.com\\\/inicio\\\/index.php\\\/2019\\\/05\\\/19\\\/elecciones-la-pampa-la-novena-derrota-al-hilo-macri\\\/\",\"url\":\"https:\\\/\\\/diariotextual.com\\\/inicio\\\/index.php\\\/2019\\\/05\\\/19\\\/elecciones-la-pampa-la-novena-derrota-al-hilo-macri\\\/\",\"name\":\"Elecciones en La Pampa: es la novena derrota al hilo para Macri - Diario Textual\",\"isPartOf\":{\"@id\":\"https:\\\/\\\/diariotextual.com\\\/inicio\\\/#website\"},\"primaryImageOfPage\":{\"@id\":\"https:\\\/\\\/diariotextual.com\\\/inicio\\\/index.php\\\/2019\\\/05\\\/19\\\/elecciones-la-pampa-la-novena-derrota-al-hilo-macri\\\/#primaryimage\"},\"image\":{\"@id\":\"https:\\\/\\\/diariotextual.com\\\/inicio\\\/index.php\\\/2019\\\/05\\\/19\\\/elecciones-la-pampa-la-novena-derrota-al-hilo-macri\\\/#primaryimage\"},\"thumbnailUrl\":\"https:\\\/\\\/diariotextual.com\\\/inicio\\\/wp-content\\\/uploads\\\/2019\\\/02\\\/macallistermacrigris11.jpg\",\"datePublished\":\"2019-05-19T22:57:11+00:00\",\"dateModified\":\"2019-05-20T00:04:51+00:00\",\"breadcrumb\":{\"@id\":\"https:\\\/\\\/diariotextual.com\\\/inicio\\\/index.php\\\/2019\\\/05\\\/19\\\/elecciones-la-pampa-la-novena-derrota-al-hilo-macri\\\/#breadcrumb\"},\"inLanguage\":\"es\",\"potentialAction\":[{\"@type\":\"ReadAction\",\"target\":[\"https:\\\/\\\/diariotextual.com\\\/inicio\\\/index.php\\\/2019\\\/05\\\/19\\\/elecciones-la-pampa-la-novena-derrota-al-hilo-macri\\\/\"]}]},{\"@type\":\"ImageObject\",\"inLanguage\":\"es\",\"@id\":\"https:\\\/\\\/diariotextual.com\\\/inicio\\\/index.php\\\/2019\\\/05\\\/19\\\/elecciones-la-pampa-la-novena-derrota-al-hilo-macri\\\/#primaryimage\",\"url\":\"https:\\\/\\\/diariotextual.com\\\/inicio\\\/wp-content\\\/uploads\\\/2019\\\/02\\\/macallistermacrigris11.jpg\",\"contentUrl\":\"https:\\\/\\\/diariotextual.com\\\/inicio\\\/wp-content\\\/uploads\\\/2019\\\/02\\\/macallistermacrigris11.jpg\",\"width\":610,\"height\":407},{\"@type\":\"BreadcrumbList\",\"@id\":\"https:\\\/\\\/diariotextual.com\\\/inicio\\\/index.php\\\/2019\\\/05\\\/19\\\/elecciones-la-pampa-la-novena-derrota-al-hilo-macri\\\/#breadcrumb\",\"itemListElement\":[{\"@type\":\"ListItem\",\"position\":1,\"name\":\"Portada\",\"item\":\"https:\\\/\\\/diariotextual.com\\\/inicio\\\/\"},{\"@type\":\"ListItem\",\"position\":2,\"name\":\"Elecciones en La Pampa: es la novena derrota al hilo para Macri\"}]},{\"@type\":\"WebSite\",\"@id\":\"https:\\\/\\\/diariotextual.com\\\/inicio\\\/#website\",\"url\":\"https:\\\/\\\/diariotextual.com\\\/inicio\\\/\",\"name\":\"Diario Textual\",\"description\":\"\",\"publisher\":{\"@id\":\"https:\\\/\\\/diariotextual.com\\\/inicio\\\/#organization\"},\"potentialAction\":[{\"@type\":\"SearchAction\",\"target\":{\"@type\":\"EntryPoint\",\"urlTemplate\":\"https:\\\/\\\/diariotextual.com\\\/inicio\\\/?s={search_term_string}\"},\"query-input\":{\"@type\":\"PropertyValueSpecification\",\"valueRequired\":true,\"valueName\":\"search_term_string\"}}],\"inLanguage\":\"es\"},{\"@type\":\"Organization\",\"@id\":\"https:\\\/\\\/diariotextual.com\\\/inicio\\\/#organization\",\"name\":\"Diario Textual\",\"url\":\"https:\\\/\\\/diariotextual.com\\\/inicio\\\/\",\"logo\":{\"@type\":\"ImageObject\",\"inLanguage\":\"es\",\"@id\":\"https:\\\/\\\/diariotextual.com\\\/inicio\\\/#\\\/schema\\\/logo\\\/image\\\/\",\"url\":\"https:\\\/\\\/diariotextual.com\\\/inicio\\\/wp-content\\\/uploads\\\/2023\\\/05\\\/logotextual1.jpg\",\"contentUrl\":\"https:\\\/\\\/diariotextual.com\\\/inicio\\\/wp-content\\\/uploads\\\/2023\\\/05\\\/logotextual1.jpg\",\"width\":516,\"height\":76,\"caption\":\"Diario Textual\"},\"image\":{\"@id\":\"https:\\\/\\\/diariotextual.com\\\/inicio\\\/#\\\/schema\\\/logo\\\/image\\\/\"},\"sameAs\":[\"https:\\\/\\\/www.facebook.com\\\/eltextual\",\"https:\\\/\\\/x.com\\\/eltextual\",\"http:\\\/\\\/www.instagram.com\\\/eltextual\"]},{\"@type\":\"Person\",\"@id\":\"https:\\\/\\\/diariotextual.com\\\/inicio\\\/#\\\/schema\\\/person\\\/418fc4093c33e86ed41562db3508f958\",\"name\":\"Diario1 Diario1\",\"image\":{\"@type\":\"ImageObject\",\"inLanguage\":\"es\",\"@id\":\"https:\\\/\\\/secure.gravatar.com\\\/avatar\\\/9167d280179c85bc18be67aa7eda765854300033af4896dd779b608640f2ef7a?s=96&d=mm&r=g\",\"url\":\"https:\\\/\\\/secure.gravatar.com\\\/avatar\\\/9167d280179c85bc18be67aa7eda765854300033af4896dd779b608640f2ef7a?s=96&d=mm&r=g\",\"contentUrl\":\"https:\\\/\\\/secure.gravatar.com\\\/avatar\\\/9167d280179c85bc18be67aa7eda765854300033af4896dd779b608640f2ef7a?s=96&d=mm&r=g\",\"caption\":\"Diario1 Diario1\"},\"url\":\"https:\\\/\\\/diariotextual.com\\\/inicio\\\/index.php\\\/author\\\/diario1\\\/\"}]}<\/script>\n<!-- \/ Yoast SEO plugin. -->","yoast_head_json":{"title":"Elecciones en La Pampa: es la novena derrota al hilo para Macri - Diario Textual","robots":{"index":"index","follow":"follow","max-snippet":"max-snippet:-1","max-image-preview":"max-image-preview:large","max-video-preview":"max-video-preview:-1"},"canonical":"https:\/\/diariotextual.com\/inicio\/index.php\/2019\/05\/19\/elecciones-la-pampa-la-novena-derrota-al-hilo-macri\/","og_locale":"es_ES","og_type":"article","og_title":"Elecciones en La Pampa: es la novena derrota al hilo para Macri - Diario Textual","og_description":"Cambiemos, como ya se pronosticaba, no pudo detener la racha negativa: con los resultados en las elecciones de este domingo en La Pampa, el presidente Mauricio Macri sufri\u00f3 su novena&hellip;","og_url":"https:\/\/diariotextual.com\/inicio\/index.php\/2019\/05\/19\/elecciones-la-pampa-la-novena-derrota-al-hilo-macri\/","og_site_name":"Diario Textual","article_publisher":"https:\/\/www.facebook.com\/eltextual","article_published_time":"2019-05-19T22:57:11+00:00","article_modified_time":"2019-05-20T00:04:51+00:00","og_image":[{"width":610,"height":407,"url":"https:\/\/diariotextual.com\/inicio\/wp-content\/uploads\/2019\/02\/macallistermacrigris11.jpg","type":"image\/jpeg"}],"author":"Diario1 Diario1","twitter_card":"summary_large_image","twitter_creator":"@eltextual","twitter_site":"@eltextual","twitter_misc":{"Escrito por":"Diario1 Diario1","Tiempo de lectura":"2 minutos"},"schema":{"@context":"https:\/\/schema.org","@graph":[{"@type":"Article","@id":"https:\/\/diariotextual.com\/inicio\/index.php\/2019\/05\/19\/elecciones-la-pampa-la-novena-derrota-al-hilo-macri\/#article","isPartOf":{"@id":"https:\/\/diariotextual.com\/inicio\/index.php\/2019\/05\/19\/elecciones-la-pampa-la-novena-derrota-al-hilo-macri\/"},"author":{"name":"Diario1 Diario1","@id":"https:\/\/diariotextual.com\/inicio\/#\/schema\/person\/418fc4093c33e86ed41562db3508f958"},"headline":"Elecciones en La Pampa: es la novena derrota al hilo para Macri","datePublished":"2019-05-19T22:57:11+00:00","dateModified":"2019-05-20T00:04:51+00:00","mainEntityOfPage":{"@id":"https:\/\/diariotextual.com\/inicio\/index.php\/2019\/05\/19\/elecciones-la-pampa-la-novena-derrota-al-hilo-macri\/"},"wordCount":359,"publisher":{"@id":"https:\/\/diariotextual.com\/inicio\/#organization"},"image":{"@id":"https:\/\/diariotextual.com\/inicio\/index.php\/2019\/05\/19\/elecciones-la-pampa-la-novena-derrota-al-hilo-macri\/#primaryimage"},"thumbnailUrl":"https:\/\/diariotextual.com\/inicio\/wp-content\/uploads\/2019\/02\/macallistermacrigris11.jpg","articleSection":["A - QUE PASA (al costado)","A - TEMPORALES","POLITICA"],"inLanguage":"es"},{"@type":"WebPage","@id":"https:\/\/diariotextual.com\/inicio\/index.php\/2019\/05\/19\/elecciones-la-pampa-la-novena-derrota-al-hilo-macri\/","url":"https:\/\/diariotextual.com\/inicio\/index.php\/2019\/05\/19\/elecciones-la-pampa-la-novena-derrota-al-hilo-macri\/","name":"Elecciones en La Pampa: es la novena derrota al hilo para Macri - Diario Textual","isPartOf":{"@id":"https:\/\/diariotextual.com\/inicio\/#website"},"primaryImageOfPage":{"@id":"https:\/\/diariotextual.com\/inicio\/index.php\/2019\/05\/19\/elecciones-la-pampa-la-novena-derrota-al-hilo-macri\/#primaryimage"},"image":{"@id":"https:\/\/diariotextual.com\/inicio\/index.php\/2019\/05\/19\/elecciones-la-pampa-la-novena-derrota-al-hilo-macri\/#primaryimage"},"thumbnailUrl":"https:\/\/diariotextual.com\/inicio\/wp-content\/uploads\/2019\/02\/macallistermacrigris11.jpg","datePublished":"2019-05-19T22:57:11+00:00","dateModified":"2019-05-20T00:04:51+00:00","breadcrumb":{"@id":"https:\/\/diariotextual.com\/inicio\/index.php\/2019\/05\/19\/elecciones-la-pampa-la-novena-derrota-al-hilo-macri\/#breadcrumb"},"inLanguage":"es","potentialAction":[{"@type":"ReadAction","target":["https:\/\/diariotextual.com\/inicio\/index.php\/2019\/05\/19\/elecciones-la-pampa-la-novena-derrota-al-hilo-macri\/"]}]},{"@type":"ImageObject","inLanguage":"es","@id":"https:\/\/diariotextual.com\/inicio\/index.php\/2019\/05\/19\/elecciones-la-pampa-la-novena-derrota-al-hilo-macri\/#primaryimage","url":"https:\/\/diariotextual.com\/inicio\/wp-content\/uploads\/2019\/02\/macallistermacrigris11.jpg","contentUrl":"https:\/\/diariotextual.com\/inicio\/wp-content\/uploads\/2019\/02\/macallistermacrigris11.jpg","width":610,"height":407},{"@type":"BreadcrumbList","@id":"https:\/\/diariotextual.com\/inicio\/index.php\/2019\/05\/19\/elecciones-la-pampa-la-novena-derrota-al-hilo-macri\/#breadcrumb","itemListElement":[{"@type":"ListItem","position":1,"name":"Portada","item":"https:\/\/diariotextual.com\/inicio\/"},{"@type":"ListItem","position":2,"name":"Elecciones en La Pampa: es la novena derrota al hilo para Macri"}]},{"@type":"WebSite","@id":"https:\/\/diariotextual.com\/inicio\/#website","url":"https:\/\/diariotextual.com\/inicio\/","name":"Diario Textual","description":"","publisher":{"@id":"https:\/\/diariotextual.com\/inicio\/#organization"},"potentialAction":[{"@type":"SearchAction","target":{"@type":"EntryPoint","urlTemplate":"https:\/\/diariotextual.com\/inicio\/?s={search_term_string}"},"query-input":{"@type":"PropertyValueSpecification","valueRequired":true,"valueName":"search_term_string"}}],"inLanguage":"es"},{"@type":"Organization","@id":"https:\/\/diariotextual.com\/inicio\/#organization","name":"Diario Textual","url":"https:\/\/diariotextual.com\/inicio\/","logo":{"@type":"ImageObject","inLanguage":"es","@id":"https:\/\/diariotextual.com\/inicio\/#\/schema\/logo\/image\/","url":"https:\/\/diariotextual.com\/inicio\/wp-content\/uploads\/2023\/05\/logotextual1.jpg","contentUrl":"https:\/\/diariotextual.com\/inicio\/wp-content\/uploads\/2023\/05\/logotextual1.jpg","width":516,"height":76,"caption":"Diario Textual"},"image":{"@id":"https:\/\/diariotextual.com\/inicio\/#\/schema\/logo\/image\/"},"sameAs":["https:\/\/www.facebook.com\/eltextual","https:\/\/x.com\/eltextual","http:\/\/www.instagram.com\/eltextual"]},{"@type":"Person","@id":"https:\/\/diariotextual.com\/inicio\/#\/schema\/person\/418fc4093c33e86ed41562db3508f958","name":"Diario1 Diario1","image":{"@type":"ImageObject","inLanguage":"es","@id":"https:\/\/secure.gravatar.com\/avatar\/9167d280179c85bc18be67aa7eda765854300033af4896dd779b608640f2ef7a?s=96&d=mm&r=g","url":"https:\/\/secure.gravatar.com\/avatar\/9167d280179c85bc18be67aa7eda765854300033af4896dd779b608640f2ef7a?s=96&d=mm&r=g","contentUrl":"https:\/\/secure.gravatar.com\/avatar\/9167d280179c85bc18be67aa7eda765854300033af4896dd779b608640f2ef7a?s=96&d=mm&r=g","caption":"Diario1 Diario1"},"url":"https:\/\/diariotextual.com\/inicio\/index.php\/author\/diario1\/"}]}},"_links":{"self":[{"href":"https:\/\/diariotextual.com\/inicio\/index.php\/wp-json\/wp\/v2\/posts\/48980","targetHints":{"allow":["GET"]}}],"collection":[{"href":"https:\/\/diariotextual.com\/inicio\/index.php\/wp-json\/wp\/v2\/posts"}],"about":[{"href":"https:\/\/diariotextual.com\/inicio\/index.php\/wp-json\/wp\/v2\/types\/post"}],"author":[{"embeddable":true,"href":"https:\/\/diariotextual.com\/inicio\/index.php\/wp-json\/wp\/v2\/users\/3"}],"replies":[{"embeddable":true,"href":"https:\/\/diariotextual.com\/inicio\/index.php\/wp-json\/wp\/v2\/comments?post=48980"}],"version-history":[{"count":6,"href":"https:\/\/diariotextual.com\/inicio\/index.php\/wp-json\/wp\/v2\/posts\/48980\/revisions"}],"predecessor-version":[{"id":49160,"href":"https:\/\/diariotextual.com\/inicio\/index.php\/wp-json\/wp\/v2\/posts\/48980\/revisions\/49160"}],"wp:featuredmedia":[{"embeddable":true,"href":"https:\/\/diariotextual.com\/inicio\/index.php\/wp-json\/wp\/v2\/media\/38643"}],"wp:attachment":[{"href":"https:\/\/diariotextual.com\/inicio\/index.php\/wp-json\/wp\/v2\/media?parent=48980"}],"wp:term":[{"taxonomy":"category","embeddable":true,"href":"https:\/\/diariotextual.com\/inicio\/index.php\/wp-json\/wp\/v2\/categories?post=48980"},{"taxonomy":"post_tag","embeddable":true,"href":"https:\/\/diariotextual.com\/inicio\/index.php\/wp-json\/wp\/v2\/tags?post=48980"}],"curies":[{"name":"wp","href":"https:\/\/api.w.org\/{rel}","templated":true}]}}