{"id":4909,"date":"2018-04-16T14:00:43","date_gmt":"2018-04-16T14:00:43","guid":{"rendered":"http:\/\/diariotextual.com\/inicio\/?p=4909"},"modified":"2018-04-16T21:45:49","modified_gmt":"2018-04-16T21:45:49","slug":"primera-audiencia-judicial-los-derechos-utilizar-cannabis-medicinal","status":"publish","type":"post","link":"https:\/\/diariotextual.com\/inicio\/index.php\/2018\/04\/16\/primera-audiencia-judicial-los-derechos-utilizar-cannabis-medicinal\/","title":{"rendered":"Primera audiencia judicial en La Pampa por los derechos a utilizar cannabis medicinal"},"content":{"rendered":"<p>Por primera vez en La Pampa, se llevar\u00e1 a cabo este martes una <strong>audiencia por los derechos a utilizar cannabis medicinal y a practicar el autocultivo con fines terap\u00e9uticos.\u00a0<\/strong>La presentaci\u00f3n en tribunales pampeanos fue convocada por un juzgado en lo Civil y Comercial para las 11 con base en un reclamo civil al Estado provincial.<\/p>\n<p><!--more-->La Defensa P\u00fablica, en representaci\u00f3n de una usuaria y en defensa del Derecho Humano a la Salud, inst\u00f3 diferentes acciones ante tribunales ordinarios, en busca de la protecci\u00f3n y garant\u00eda del acceso a la salud. En esta etapa, se presenta la oportunidad de sustanciar los hechos controvertidos entre las partes -Ciudadana y el Estado pampeano- en la audiencia prevista en el art\u00edculo 462 del C\u00f3digo Procesal Civil.<\/p>\n<p>El Ministerio P\u00fablico de la Defensa se encuentra patrocinando el<strong> reclamo de uso leg\u00edtimo de terapias cann\u00e1bicas con fines medicinales<\/strong>, en la inteligencia de que se trata de un \u201cderecho inalienable e incuestionable\u201d del acceso a la salud, y el consecuente \u201cdeber p\u00fablico de garantizar el pleno ejercicio\u201d de todas las formas que lo impliquen.<\/p>\n<p>Es as\u00ed que corresponde al Estado \u201cverificar un positivo respeto\u201d hacia los usuarios del Sistema de Salud y portadores de este derecho humano.<\/p>\n<p>La semana pasada, el ministro de Seguridad de la provincia de La Pampa,\u00a0<strong><a href=\"http:\/\/diariotextual.com\/inicio\/index.php\/2018\/04\/11\/tierno-criminaliza-autocultivo-cannabis-denuncia-otros-funcionarios\/\" target=\"_blank\" rel=\"noopener\">Juan Carlos Tierno, cuestion\u00f3 el\u00a0autocultivo de marihuana<\/a> <\/strong>incluso para fines medicinales\u00a0y anunci\u00f3 que envi\u00f3 notas para \u201cadvertir\u201d a funcionarios nacionales, municipales y hasta de su propio gobierno por la difusi\u00f3n de esta tem\u00e1tica.<\/p>\n<p>Incluso\u00a0ha dado directivas expresas a la Polic\u00eda para <strong>detener a consumidores<\/strong>, pese a que\u00a0la jurisprudencia de la Corte Suprema de Justicia de la Naci\u00f3n los ampara. As\u00ed,\u00a0esas personas tienen que ser inmediatamente liberadas y luego absueltas. En ese punto, el ministro\u00a0viene ignorando ol\u00edmpicamente a la Justicia.<\/p>\n","protected":false},"excerpt":{"rendered":"<p>Por primera vez en La Pampa, se llevar\u00e1 a cabo este martes una audiencia por los derechos a utilizar cannabis medicinal y a practicar el autocultivo con fines terap\u00e9uticos.\u00a0La presentaci\u00f3n&hellip;<\/p>\n","protected":false},"author":4,"featured_media":4910,"comment_status":"open","ping_status":"open","sticky":false,"template":"","format":"standard","meta":{"_acf_changed":false,"footnotes":""},"categories":[11,12],"tags":[],"class_list":["post-4909","post","type-post","status-publish","format-standard","has-post-thumbnail","hentry","category-que-pasa","category-sociedad"],"acf":[],"yoast_head":"<!-- This site is optimized with the Yoast SEO plugin v27.5 - https:\/\/yoast.com\/product\/yoast-seo-wordpress\/ -->\n<title>Primera audiencia judicial en La Pampa por los derechos a utilizar cannabis medicinal - Diario Textual<\/title>\n<meta name=\"robots\" content=\"index, follow, max-snippet:-1, max-image-preview:large, max-video-preview:-1\" \/>\n<link rel=\"canonical\" href=\"https:\/\/diariotextual.com\/inicio\/index.php\/2018\/04\/16\/primera-audiencia-judicial-los-derechos-utilizar-cannabis-medicinal\/\" \/>\n<meta property=\"og:locale\" content=\"es_ES\" \/>\n<meta property=\"og:type\" content=\"article\" \/>\n<meta property=\"og:title\" content=\"Primera audiencia judicial en La Pampa por los derechos a utilizar cannabis medicinal - Diario Textual\" \/>\n<meta property=\"og:description\" content=\"Por primera vez en La Pampa, se llevar\u00e1 a cabo este martes una audiencia por los derechos a utilizar cannabis medicinal y a practicar el autocultivo con fines terap\u00e9uticos.\u00a0La presentaci\u00f3n&hellip;\" \/>\n<meta property=\"og:url\" content=\"https:\/\/diariotextual.com\/inicio\/index.php\/2018\/04\/16\/primera-audiencia-judicial-los-derechos-utilizar-cannabis-medicinal\/\" \/>\n<meta property=\"og:site_name\" content=\"Diario Textual\" \/>\n<meta property=\"article:publisher\" content=\"https:\/\/www.facebook.com\/eltextual\" \/>\n<meta property=\"article:published_time\" content=\"2018-04-16T14:00:43+00:00\" \/>\n<meta property=\"article:modified_time\" content=\"2018-04-16T21:45:49+00:00\" \/>\n<meta property=\"og:image\" content=\"https:\/\/diariotextual.com\/inicio\/wp-content\/uploads\/2018\/04\/cannabismedicial12737364.jpg\" \/>\n\t<meta property=\"og:image:width\" content=\"704\" \/>\n\t<meta property=\"og:image:height\" content=\"438\" \/>\n\t<meta property=\"og:image:type\" content=\"image\/jpeg\" \/>\n<meta name=\"author\" content=\"diario2\" \/>\n<meta name=\"twitter:card\" content=\"summary_large_image\" \/>\n<meta name=\"twitter:creator\" content=\"@eltextual\" \/>\n<meta name=\"twitter:site\" content=\"@eltextual\" \/>\n<meta name=\"twitter:label1\" content=\"Escrito por\" \/>\n\t<meta name=\"twitter:data1\" content=\"diario2\" \/>\n\t<meta name=\"twitter:label2\" content=\"Tiempo de lectura\" \/>\n\t<meta name=\"twitter:data2\" content=\"2 minutos\" \/>\n<script type=\"application\/ld+json\" class=\"yoast-schema-graph\">{\"@context\":\"https:\\\/\\\/schema.org\",\"@graph\":[{\"@type\":\"Article\",\"@id\":\"https:\\\/\\\/diariotextual.com\\\/inicio\\\/index.php\\\/2018\\\/04\\\/16\\\/primera-audiencia-judicial-los-derechos-utilizar-cannabis-medicinal\\\/#article\",\"isPartOf\":{\"@id\":\"https:\\\/\\\/diariotextual.com\\\/inicio\\\/index.php\\\/2018\\\/04\\\/16\\\/primera-audiencia-judicial-los-derechos-utilizar-cannabis-medicinal\\\/\"},\"author\":{\"name\":\"diario2\",\"@id\":\"https:\\\/\\\/diariotextual.com\\\/inicio\\\/#\\\/schema\\\/person\\\/694f60677f23c4a530867a98f22b3768\"},\"headline\":\"Primera audiencia judicial en La Pampa por los derechos a utilizar cannabis medicinal\",\"datePublished\":\"2018-04-16T14:00:43+00:00\",\"dateModified\":\"2018-04-16T21:45:49+00:00\",\"mainEntityOfPage\":{\"@id\":\"https:\\\/\\\/diariotextual.com\\\/inicio\\\/index.php\\\/2018\\\/04\\\/16\\\/primera-audiencia-judicial-los-derechos-utilizar-cannabis-medicinal\\\/\"},\"wordCount\":327,\"commentCount\":0,\"publisher\":{\"@id\":\"https:\\\/\\\/diariotextual.com\\\/inicio\\\/#organization\"},\"image\":{\"@id\":\"https:\\\/\\\/diariotextual.com\\\/inicio\\\/index.php\\\/2018\\\/04\\\/16\\\/primera-audiencia-judicial-los-derechos-utilizar-cannabis-medicinal\\\/#primaryimage\"},\"thumbnailUrl\":\"https:\\\/\\\/diariotextual.com\\\/inicio\\\/wp-content\\\/uploads\\\/2018\\\/04\\\/cannabismedicial12737364.jpg\",\"articleSection\":[\"A - QUE PASA (al costado)\",\"SOCIEDAD\"],\"inLanguage\":\"es\",\"potentialAction\":[{\"@type\":\"CommentAction\",\"name\":\"Comment\",\"target\":[\"https:\\\/\\\/diariotextual.com\\\/inicio\\\/index.php\\\/2018\\\/04\\\/16\\\/primera-audiencia-judicial-los-derechos-utilizar-cannabis-medicinal\\\/#respond\"]}]},{\"@type\":\"WebPage\",\"@id\":\"https:\\\/\\\/diariotextual.com\\\/inicio\\\/index.php\\\/2018\\\/04\\\/16\\\/primera-audiencia-judicial-los-derechos-utilizar-cannabis-medicinal\\\/\",\"url\":\"https:\\\/\\\/diariotextual.com\\\/inicio\\\/index.php\\\/2018\\\/04\\\/16\\\/primera-audiencia-judicial-los-derechos-utilizar-cannabis-medicinal\\\/\",\"name\":\"Primera audiencia judicial en La Pampa por los derechos a utilizar cannabis medicinal - Diario Textual\",\"isPartOf\":{\"@id\":\"https:\\\/\\\/diariotextual.com\\\/inicio\\\/#website\"},\"primaryImageOfPage\":{\"@id\":\"https:\\\/\\\/diariotextual.com\\\/inicio\\\/index.php\\\/2018\\\/04\\\/16\\\/primera-audiencia-judicial-los-derechos-utilizar-cannabis-medicinal\\\/#primaryimage\"},\"image\":{\"@id\":\"https:\\\/\\\/diariotextual.com\\\/inicio\\\/index.php\\\/2018\\\/04\\\/16\\\/primera-audiencia-judicial-los-derechos-utilizar-cannabis-medicinal\\\/#primaryimage\"},\"thumbnailUrl\":\"https:\\\/\\\/diariotextual.com\\\/inicio\\\/wp-content\\\/uploads\\\/2018\\\/04\\\/cannabismedicial12737364.jpg\",\"datePublished\":\"2018-04-16T14:00:43+00:00\",\"dateModified\":\"2018-04-16T21:45:49+00:00\",\"breadcrumb\":{\"@id\":\"https:\\\/\\\/diariotextual.com\\\/inicio\\\/index.php\\\/2018\\\/04\\\/16\\\/primera-audiencia-judicial-los-derechos-utilizar-cannabis-medicinal\\\/#breadcrumb\"},\"inLanguage\":\"es\",\"potentialAction\":[{\"@type\":\"ReadAction\",\"target\":[\"https:\\\/\\\/diariotextual.com\\\/inicio\\\/index.php\\\/2018\\\/04\\\/16\\\/primera-audiencia-judicial-los-derechos-utilizar-cannabis-medicinal\\\/\"]}]},{\"@type\":\"ImageObject\",\"inLanguage\":\"es\",\"@id\":\"https:\\\/\\\/diariotextual.com\\\/inicio\\\/index.php\\\/2018\\\/04\\\/16\\\/primera-audiencia-judicial-los-derechos-utilizar-cannabis-medicinal\\\/#primaryimage\",\"url\":\"https:\\\/\\\/diariotextual.com\\\/inicio\\\/wp-content\\\/uploads\\\/2018\\\/04\\\/cannabismedicial12737364.jpg\",\"contentUrl\":\"https:\\\/\\\/diariotextual.com\\\/inicio\\\/wp-content\\\/uploads\\\/2018\\\/04\\\/cannabismedicial12737364.jpg\",\"width\":704,\"height\":438},{\"@type\":\"BreadcrumbList\",\"@id\":\"https:\\\/\\\/diariotextual.com\\\/inicio\\\/index.php\\\/2018\\\/04\\\/16\\\/primera-audiencia-judicial-los-derechos-utilizar-cannabis-medicinal\\\/#breadcrumb\",\"itemListElement\":[{\"@type\":\"ListItem\",\"position\":1,\"name\":\"Portada\",\"item\":\"https:\\\/\\\/diariotextual.com\\\/inicio\\\/\"},{\"@type\":\"ListItem\",\"position\":2,\"name\":\"Primera audiencia judicial en La Pampa por los derechos a utilizar cannabis medicinal\"}]},{\"@type\":\"WebSite\",\"@id\":\"https:\\\/\\\/diariotextual.com\\\/inicio\\\/#website\",\"url\":\"https:\\\/\\\/diariotextual.com\\\/inicio\\\/\",\"name\":\"Diario Textual\",\"description\":\"\",\"publisher\":{\"@id\":\"https:\\\/\\\/diariotextual.com\\\/inicio\\\/#organization\"},\"potentialAction\":[{\"@type\":\"SearchAction\",\"target\":{\"@type\":\"EntryPoint\",\"urlTemplate\":\"https:\\\/\\\/diariotextual.com\\\/inicio\\\/?s={search_term_string}\"},\"query-input\":{\"@type\":\"PropertyValueSpecification\",\"valueRequired\":true,\"valueName\":\"search_term_string\"}}],\"inLanguage\":\"es\"},{\"@type\":\"Organization\",\"@id\":\"https:\\\/\\\/diariotextual.com\\\/inicio\\\/#organization\",\"name\":\"Diario Textual\",\"url\":\"https:\\\/\\\/diariotextual.com\\\/inicio\\\/\",\"logo\":{\"@type\":\"ImageObject\",\"inLanguage\":\"es\",\"@id\":\"https:\\\/\\\/diariotextual.com\\\/inicio\\\/#\\\/schema\\\/logo\\\/image\\\/\",\"url\":\"https:\\\/\\\/diariotextual.com\\\/inicio\\\/wp-content\\\/uploads\\\/2023\\\/05\\\/logotextual1.jpg\",\"contentUrl\":\"https:\\\/\\\/diariotextual.com\\\/inicio\\\/wp-content\\\/uploads\\\/2023\\\/05\\\/logotextual1.jpg\",\"width\":516,\"height\":76,\"caption\":\"Diario Textual\"},\"image\":{\"@id\":\"https:\\\/\\\/diariotextual.com\\\/inicio\\\/#\\\/schema\\\/logo\\\/image\\\/\"},\"sameAs\":[\"https:\\\/\\\/www.facebook.com\\\/eltextual\",\"https:\\\/\\\/x.com\\\/eltextual\",\"http:\\\/\\\/www.instagram.com\\\/eltextual\"]},{\"@type\":\"Person\",\"@id\":\"https:\\\/\\\/diariotextual.com\\\/inicio\\\/#\\\/schema\\\/person\\\/694f60677f23c4a530867a98f22b3768\",\"name\":\"diario2\",\"image\":{\"@type\":\"ImageObject\",\"inLanguage\":\"es\",\"@id\":\"https:\\\/\\\/secure.gravatar.com\\\/avatar\\\/5a2567495ba16b852fcd8f1ed006a2e24fcace936018ed8237e95f488ad6e0a7?s=96&d=mm&r=g\",\"url\":\"https:\\\/\\\/secure.gravatar.com\\\/avatar\\\/5a2567495ba16b852fcd8f1ed006a2e24fcace936018ed8237e95f488ad6e0a7?s=96&d=mm&r=g\",\"contentUrl\":\"https:\\\/\\\/secure.gravatar.com\\\/avatar\\\/5a2567495ba16b852fcd8f1ed006a2e24fcace936018ed8237e95f488ad6e0a7?s=96&d=mm&r=g\",\"caption\":\"diario2\"},\"url\":\"https:\\\/\\\/diariotextual.com\\\/inicio\\\/index.php\\\/author\\\/diario2\\\/\"}]}<\/script>\n<!-- \/ Yoast SEO plugin. -->","yoast_head_json":{"title":"Primera audiencia judicial en La Pampa por los derechos a utilizar cannabis medicinal - Diario Textual","robots":{"index":"index","follow":"follow","max-snippet":"max-snippet:-1","max-image-preview":"max-image-preview:large","max-video-preview":"max-video-preview:-1"},"canonical":"https:\/\/diariotextual.com\/inicio\/index.php\/2018\/04\/16\/primera-audiencia-judicial-los-derechos-utilizar-cannabis-medicinal\/","og_locale":"es_ES","og_type":"article","og_title":"Primera audiencia judicial en La Pampa por los derechos a utilizar cannabis medicinal - Diario Textual","og_description":"Por primera vez en La Pampa, se llevar\u00e1 a cabo este martes una audiencia por los derechos a utilizar cannabis medicinal y a practicar el autocultivo con fines terap\u00e9uticos.\u00a0La presentaci\u00f3n&hellip;","og_url":"https:\/\/diariotextual.com\/inicio\/index.php\/2018\/04\/16\/primera-audiencia-judicial-los-derechos-utilizar-cannabis-medicinal\/","og_site_name":"Diario Textual","article_publisher":"https:\/\/www.facebook.com\/eltextual","article_published_time":"2018-04-16T14:00:43+00:00","article_modified_time":"2018-04-16T21:45:49+00:00","og_image":[{"width":704,"height":438,"url":"https:\/\/diariotextual.com\/inicio\/wp-content\/uploads\/2018\/04\/cannabismedicial12737364.jpg","type":"image\/jpeg"}],"author":"diario2","twitter_card":"summary_large_image","twitter_creator":"@eltextual","twitter_site":"@eltextual","twitter_misc":{"Escrito por":"diario2","Tiempo de lectura":"2 minutos"},"schema":{"@context":"https:\/\/schema.org","@graph":[{"@type":"Article","@id":"https:\/\/diariotextual.com\/inicio\/index.php\/2018\/04\/16\/primera-audiencia-judicial-los-derechos-utilizar-cannabis-medicinal\/#article","isPartOf":{"@id":"https:\/\/diariotextual.com\/inicio\/index.php\/2018\/04\/16\/primera-audiencia-judicial-los-derechos-utilizar-cannabis-medicinal\/"},"author":{"name":"diario2","@id":"https:\/\/diariotextual.com\/inicio\/#\/schema\/person\/694f60677f23c4a530867a98f22b3768"},"headline":"Primera audiencia judicial en La Pampa por los derechos a utilizar cannabis medicinal","datePublished":"2018-04-16T14:00:43+00:00","dateModified":"2018-04-16T21:45:49+00:00","mainEntityOfPage":{"@id":"https:\/\/diariotextual.com\/inicio\/index.php\/2018\/04\/16\/primera-audiencia-judicial-los-derechos-utilizar-cannabis-medicinal\/"},"wordCount":327,"commentCount":0,"publisher":{"@id":"https:\/\/diariotextual.com\/inicio\/#organization"},"image":{"@id":"https:\/\/diariotextual.com\/inicio\/index.php\/2018\/04\/16\/primera-audiencia-judicial-los-derechos-utilizar-cannabis-medicinal\/#primaryimage"},"thumbnailUrl":"https:\/\/diariotextual.com\/inicio\/wp-content\/uploads\/2018\/04\/cannabismedicial12737364.jpg","articleSection":["A - QUE PASA (al costado)","SOCIEDAD"],"inLanguage":"es","potentialAction":[{"@type":"CommentAction","name":"Comment","target":["https:\/\/diariotextual.com\/inicio\/index.php\/2018\/04\/16\/primera-audiencia-judicial-los-derechos-utilizar-cannabis-medicinal\/#respond"]}]},{"@type":"WebPage","@id":"https:\/\/diariotextual.com\/inicio\/index.php\/2018\/04\/16\/primera-audiencia-judicial-los-derechos-utilizar-cannabis-medicinal\/","url":"https:\/\/diariotextual.com\/inicio\/index.php\/2018\/04\/16\/primera-audiencia-judicial-los-derechos-utilizar-cannabis-medicinal\/","name":"Primera audiencia judicial en La Pampa por los derechos a utilizar cannabis medicinal - Diario Textual","isPartOf":{"@id":"https:\/\/diariotextual.com\/inicio\/#website"},"primaryImageOfPage":{"@id":"https:\/\/diariotextual.com\/inicio\/index.php\/2018\/04\/16\/primera-audiencia-judicial-los-derechos-utilizar-cannabis-medicinal\/#primaryimage"},"image":{"@id":"https:\/\/diariotextual.com\/inicio\/index.php\/2018\/04\/16\/primera-audiencia-judicial-los-derechos-utilizar-cannabis-medicinal\/#primaryimage"},"thumbnailUrl":"https:\/\/diariotextual.com\/inicio\/wp-content\/uploads\/2018\/04\/cannabismedicial12737364.jpg","datePublished":"2018-04-16T14:00:43+00:00","dateModified":"2018-04-16T21:45:49+00:00","breadcrumb":{"@id":"https:\/\/diariotextual.com\/inicio\/index.php\/2018\/04\/16\/primera-audiencia-judicial-los-derechos-utilizar-cannabis-medicinal\/#breadcrumb"},"inLanguage":"es","potentialAction":[{"@type":"ReadAction","target":["https:\/\/diariotextual.com\/inicio\/index.php\/2018\/04\/16\/primera-audiencia-judicial-los-derechos-utilizar-cannabis-medicinal\/"]}]},{"@type":"ImageObject","inLanguage":"es","@id":"https:\/\/diariotextual.com\/inicio\/index.php\/2018\/04\/16\/primera-audiencia-judicial-los-derechos-utilizar-cannabis-medicinal\/#primaryimage","url":"https:\/\/diariotextual.com\/inicio\/wp-content\/uploads\/2018\/04\/cannabismedicial12737364.jpg","contentUrl":"https:\/\/diariotextual.com\/inicio\/wp-content\/uploads\/2018\/04\/cannabismedicial12737364.jpg","width":704,"height":438},{"@type":"BreadcrumbList","@id":"https:\/\/diariotextual.com\/inicio\/index.php\/2018\/04\/16\/primera-audiencia-judicial-los-derechos-utilizar-cannabis-medicinal\/#breadcrumb","itemListElement":[{"@type":"ListItem","position":1,"name":"Portada","item":"https:\/\/diariotextual.com\/inicio\/"},{"@type":"ListItem","position":2,"name":"Primera audiencia judicial en La Pampa por los derechos a utilizar cannabis medicinal"}]},{"@type":"WebSite","@id":"https:\/\/diariotextual.com\/inicio\/#website","url":"https:\/\/diariotextual.com\/inicio\/","name":"Diario Textual","description":"","publisher":{"@id":"https:\/\/diariotextual.com\/inicio\/#organization"},"potentialAction":[{"@type":"SearchAction","target":{"@type":"EntryPoint","urlTemplate":"https:\/\/diariotextual.com\/inicio\/?s={search_term_string}"},"query-input":{"@type":"PropertyValueSpecification","valueRequired":true,"valueName":"search_term_string"}}],"inLanguage":"es"},{"@type":"Organization","@id":"https:\/\/diariotextual.com\/inicio\/#organization","name":"Diario Textual","url":"https:\/\/diariotextual.com\/inicio\/","logo":{"@type":"ImageObject","inLanguage":"es","@id":"https:\/\/diariotextual.com\/inicio\/#\/schema\/logo\/image\/","url":"https:\/\/diariotextual.com\/inicio\/wp-content\/uploads\/2023\/05\/logotextual1.jpg","contentUrl":"https:\/\/diariotextual.com\/inicio\/wp-content\/uploads\/2023\/05\/logotextual1.jpg","width":516,"height":76,"caption":"Diario Textual"},"image":{"@id":"https:\/\/diariotextual.com\/inicio\/#\/schema\/logo\/image\/"},"sameAs":["https:\/\/www.facebook.com\/eltextual","https:\/\/x.com\/eltextual","http:\/\/www.instagram.com\/eltextual"]},{"@type":"Person","@id":"https:\/\/diariotextual.com\/inicio\/#\/schema\/person\/694f60677f23c4a530867a98f22b3768","name":"diario2","image":{"@type":"ImageObject","inLanguage":"es","@id":"https:\/\/secure.gravatar.com\/avatar\/5a2567495ba16b852fcd8f1ed006a2e24fcace936018ed8237e95f488ad6e0a7?s=96&d=mm&r=g","url":"https:\/\/secure.gravatar.com\/avatar\/5a2567495ba16b852fcd8f1ed006a2e24fcace936018ed8237e95f488ad6e0a7?s=96&d=mm&r=g","contentUrl":"https:\/\/secure.gravatar.com\/avatar\/5a2567495ba16b852fcd8f1ed006a2e24fcace936018ed8237e95f488ad6e0a7?s=96&d=mm&r=g","caption":"diario2"},"url":"https:\/\/diariotextual.com\/inicio\/index.php\/author\/diario2\/"}]}},"_links":{"self":[{"href":"https:\/\/diariotextual.com\/inicio\/index.php\/wp-json\/wp\/v2\/posts\/4909","targetHints":{"allow":["GET"]}}],"collection":[{"href":"https:\/\/diariotextual.com\/inicio\/index.php\/wp-json\/wp\/v2\/posts"}],"about":[{"href":"https:\/\/diariotextual.com\/inicio\/index.php\/wp-json\/wp\/v2\/types\/post"}],"author":[{"embeddable":true,"href":"https:\/\/diariotextual.com\/inicio\/index.php\/wp-json\/wp\/v2\/users\/4"}],"replies":[{"embeddable":true,"href":"https:\/\/diariotextual.com\/inicio\/index.php\/wp-json\/wp\/v2\/comments?post=4909"}],"version-history":[{"count":3,"href":"https:\/\/diariotextual.com\/inicio\/index.php\/wp-json\/wp\/v2\/posts\/4909\/revisions"}],"predecessor-version":[{"id":4913,"href":"https:\/\/diariotextual.com\/inicio\/index.php\/wp-json\/wp\/v2\/posts\/4909\/revisions\/4913"}],"wp:featuredmedia":[{"embeddable":true,"href":"https:\/\/diariotextual.com\/inicio\/index.php\/wp-json\/wp\/v2\/media\/4910"}],"wp:attachment":[{"href":"https:\/\/diariotextual.com\/inicio\/index.php\/wp-json\/wp\/v2\/media?parent=4909"}],"wp:term":[{"taxonomy":"category","embeddable":true,"href":"https:\/\/diariotextual.com\/inicio\/index.php\/wp-json\/wp\/v2\/categories?post=4909"},{"taxonomy":"post_tag","embeddable":true,"href":"https:\/\/diariotextual.com\/inicio\/index.php\/wp-json\/wp\/v2\/tags?post=4909"}],"curies":[{"name":"wp","href":"https:\/\/api.w.org\/{rel}","templated":true}]}}