{"id":49154,"date":"2019-05-19T19:54:15","date_gmt":"2019-05-19T22:54:15","guid":{"rendered":"http:\/\/diariotextual.com\/inicio\/?p=49154"},"modified":"2019-05-20T09:14:27","modified_gmt":"2019-05-20T12:14:27","slug":"los-resultados-localidad-localidad","status":"publish","type":"post","link":"https:\/\/diariotextual.com\/inicio\/index.php\/2019\/05\/19\/los-resultados-localidad-localidad\/","title":{"rendered":"Los resultados, localidad por localidad"},"content":{"rendered":"<p>Los siguientes son los primeros resultados de las elecciones, localidad por localidad.<!--more--><\/p>\n<p><strong>Santa Rosa<\/strong><\/p>\n<p>El camporista Luciano Di N\u00e1poli gan\u00f3 ampliamente las elecciones en Santa Rosa y dej\u00f3 al candidato de Cambiemos y actual intendente, el radical Leandro Altolaguirre, sin reelecci\u00f3n.<strong> Gan\u00f3 por 51% contra el 27%.<\/strong><\/p>\n<p>Es el segundo batacazo que dio Di N\u00e1poli en el a\u00f1o: ya que en febrero hab\u00eda derrotado en la interna del Frente Justicialista Pampeano al candidato de Casa de Gobierno, el gremiaista Jorge Lezcano. Ahora, tres meses despu\u00e9s, super\u00f3 al actual jefe comunal, que durante el \u00faltimo tramo de la campa\u00f1a se hab\u00eda mostrado confiado al declarar que su reelecci\u00f3n estaba asegurada.<\/p>\n<blockquote class=\"wp-embedded-content\" data-secret=\"frdExyOekR\"><p><a href=\"http:\/\/diariotextual.com\/inicio\/index.php\/2019\/05\/19\/di-napoli-le-dio-primer-triunfo-cfk-gano-la-intendencia-santa-rosa\/\">Di N\u00e1poli le dio el primer triunfo a CFK: gan\u00f3 la intendencia de Santa Rosa<\/a><\/p><\/blockquote>\n<p><iframe class=\"wp-embedded-content\" sandbox=\"allow-scripts\" security=\"restricted\" style=\"position: absolute; clip: rect(1px, 1px, 1px, 1px);\" src=\"http:\/\/diariotextual.com\/inicio\/index.php\/2019\/05\/19\/di-napoli-le-dio-primer-triunfo-cfk-gano-la-intendencia-santa-rosa\/embed\/#?secret=frdExyOekR\" data-secret=\"frdExyOekR\" width=\"600\" height=\"338\" title=\"&#8220;Di N\u00e1poli le dio el primer triunfo a CFK: gan\u00f3 la intendencia de Santa Rosa&#8221; &#8212; Diario Textual\" frameborder=\"0\" marginwidth=\"0\" marginheight=\"0\" scrolling=\"no\"><\/iframe><\/p>\n<p>&nbsp;<\/p>\n<p><strong>General Pico<\/strong><\/p>\n<p>La localidad norte\u00f1a de Pico sigue siendo vernista y tendr\u00e1 desde el 10 de diciembre a la primera mujer en el sill\u00f3n de la intendencia. Fernanda Alonso, la ministra de Desarrollo Social de La Pampa que en alg\u00fan momento incluso se mencion\u00f3 como candidata a gobernadora,<strong> venci\u00f3 pr 49% a 32% al joven dirigente del macrismo<\/strong> y diputado nacional Mart\u00edn Maquieyra.<\/p>\n<p>\u201cRegalenme una victoria y demuestren que Pico sigue siendo un basti\u00f3n vernista\u201d, hab\u00eda pedido hace unos d\u00edas el gobernador Carlos Verna. Sus deseos fueron cumplidos.<\/p>\n<blockquote class=\"wp-embedded-content\" data-secret=\"l7kUpt8EdG\"><p><a href=\"http:\/\/diariotextual.com\/inicio\/index.php\/2019\/05\/19\/pico-fernanda-alonso-gano-sera-la-nueva-intendenta\/\">Pico: Fernanda Alonso gan\u00f3 y ser\u00e1 la nueva intendenta<\/a><\/p><\/blockquote>\n<p><iframe class=\"wp-embedded-content\" sandbox=\"allow-scripts\" security=\"restricted\" style=\"position: absolute; clip: rect(1px, 1px, 1px, 1px);\" src=\"http:\/\/diariotextual.com\/inicio\/index.php\/2019\/05\/19\/pico-fernanda-alonso-gano-sera-la-nueva-intendenta\/embed\/#?secret=l7kUpt8EdG\" data-secret=\"l7kUpt8EdG\" width=\"600\" height=\"338\" title=\"&#8220;Pico: Fernanda Alonso gan\u00f3 y ser\u00e1 la nueva intendenta&#8221; &#8212; Diario Textual\" frameborder=\"0\" marginwidth=\"0\" marginheight=\"0\" scrolling=\"no\"><\/iframe><\/p>\n<p>&nbsp;<\/p>\n<p><strong>Toay<\/strong><\/p>\n<p>Rodolfo Alvarez, del Frejupa, arras\u00f3 y ser\u00e1 el sucesor de Ariel Rojas, quien deja la intendencia por la Legislatura provincial. El dirigente peronista <strong>venci\u00f3 por el 59% a 22%<\/strong> al radical Guillermo Peralta, de Cambiemos.<\/p>\n<p>&nbsp;<\/p>\n<p><strong>Victorica<\/strong><\/p>\n<p>Esta fue la elecci\u00f3n para el infarto. Decididamente. Seg\u00fan datos provisorios,\u00a0en el primer pueblo de la provincia<strong> el joven Miguel \u201cMiki\u201d Villagra venci\u00f3 por un solo voto a la Alianza Victorica<\/strong>, un frente de radicales, peronistas e independientes que gobierna desde hace veinte a\u00f1os.<\/p>\n<p>Villagra derrot\u00f3 a un dirigente de peso del oeste: Hugo Kenny, quien sucesivamente hab\u00eda aprovechado las viejas rencillas del peronismo de Victorica.<\/p>\n<p>Igual habr\u00e1 suspenso: hay votos recurridos, por lo que se espera que se deber\u00e1n abrir urnas y volver a contar. Por lo pronto, en la noche de este domingo hubo caravanas de ambos sectores que festejaron en diferentes sectores de la localidad.<\/p>\n<p>&nbsp;<\/p>\n<p><strong>Rancul<\/strong><\/p>\n<p>Hubo al menos dos palizas de Cambiemos en los pueblos donde dominada el PJ. Uno fue en Ataliva Roca. Y la otra gran victoria del radicalismo se dio en Rancul: Hern\u00e1n Viano derrot\u00f3 al actual intendente Horacio Castro (Frejupa) por <strong>63% a 36%<\/strong>, cuando van escrutadas el 50% de las mesas.<\/p>\n<p>&nbsp;<\/p>\n<p><strong>Intendente Alvear<\/strong><br \/>\nUna de las victorias m\u00e1s resonantes del peronismo se dio en Intendente Alvear. El Frejupa, con Juan Cruz Bart\u00f3n, <strong>venci\u00f3 por 56% a 34%<\/strong> al actual intendente Francisco Traverso, de la Uni\u00f3n Vecinal Alvearense -que gobernaba desde hace unos 15 a\u00f1os y ten\u00eda el respaldo de Cambiemos-.<\/p>\n<blockquote class=\"wp-embedded-content\" data-secret=\"0223PhDXmk\"><p><a href=\"http:\/\/diariotextual.com\/inicio\/index.php\/2019\/05\/19\/tres-grandes-triunfos-del-peronismo-gano-alvear-realico-santa-rosa\/\">Tres grandes triunfos del peronismo: gan\u00f3 Alvear, Realic\u00f3 y Santa Rosa<\/a><\/p><\/blockquote>\n<p><iframe class=\"wp-embedded-content\" sandbox=\"allow-scripts\" security=\"restricted\" style=\"position: absolute; clip: rect(1px, 1px, 1px, 1px);\" src=\"http:\/\/diariotextual.com\/inicio\/index.php\/2019\/05\/19\/tres-grandes-triunfos-del-peronismo-gano-alvear-realico-santa-rosa\/embed\/#?secret=0223PhDXmk\" data-secret=\"0223PhDXmk\" width=\"600\" height=\"338\" title=\"&#8220;Tres grandes triunfos del peronismo: gan\u00f3 Alvear, Realic\u00f3 y Santa Rosa&#8221; &#8212; Diario Textual\" frameborder=\"0\" marginwidth=\"0\" marginheight=\"0\" scrolling=\"no\"><\/iframe><\/p>\n<p>&nbsp;<\/p>\n<p><strong>Luiggi<\/strong><\/p>\n<p>En Luiggi, donde Cambiemos hab\u00eda ganado en las legislativas de 2017, se dio vuelta la situaci\u00f3n: la actual funcionaria y exdiputada Patricia Lav\u00edn (Frejupa) derrot\u00f3 a Soledad Mir (Cambiemos). Votaron 2585 luiggenses y lo hizo por <strong>59% a 40%<\/strong> de los sufragios.<\/p>\n<p>&nbsp;<\/p>\n<p><strong>Macach\u00edn<\/strong><\/p>\n<p>En Macach\u00edn no hubo sorpresa. Jorge Cabak, del peronismo, sum\u00f3 una nueva victoria. Esta vez derrot\u00f3 a la dirigente macrista y exdiputada provincial Josefina D\u00edaz con el<strong> 62% contra el 37%<\/strong>.<\/p>\n<p>Cabak -quien a lo largo de su trayectoria pol\u00edtica ha navegado entre el marinismo, el jorgismo y el vernismo- encarar\u00e1 el 10 de diciembre su tercer mandato en la intendencia. Las denuncias por supuestos casos de trata, donde finalmente fue absuelto, no hicieron mella en su performance.<\/p>\n<p>&nbsp;<\/p>\n<p><strong>Santa Isabel<\/strong><\/p>\n<p><strong>Marta Paturlane<\/strong> -quien sorpresivamente en la interna de febrero hab\u00eda vencido al actual jefe comunal Jos\u00e9 Luis Rodr\u00edguez- se convertir\u00e1 en la primera intendenta de Santa Isabel. Venci\u00f3 al radical Alejandrino Galdame con <strong>el 53% contra el 37%<\/strong> de los votos.<\/p>\n<p>&nbsp;<\/p>\n<p><strong>Castex<\/strong><\/p>\n<p>Castex volvi\u00f3 a cambiar de manos, en un duro golpe para el PJ. La candidata de Cambiemos en Eduardo Castex, M\u00f3nica Curutchet, <strong>venci\u00f3 con el 45% a 40%<\/strong> al postulante del Frejupa, Marcelo Steinbauer. \u00bfCu\u00e1l habr\u00eda sido uno de los factores determinantes de esta victoria de Cambiemos? Seg\u00fan dicen en la localidad, los resonantes casos de inseguridad -un asesinato, una violaci\u00f3n y otro intento de homicidio- que se registraron en los \u00faltimos dos meses golpearon al PJ: es que precisamente el ministro de Seguridad es Julio Gonz\u00e1lez, exintendente y quien respaldaba a Steinbauer.<\/p>\n<blockquote class=\"wp-embedded-content\" data-secret=\"CZPBvgtazu\"><p><a href=\"http:\/\/diariotextual.com\/inicio\/index.php\/2019\/05\/19\/golpe-duro-al-pj-perdio-castex-manos-cambiemos\/\">Un golpe duro al PJ: perdi\u00f3 en Castex en manos de Cambiemos<\/a><\/p><\/blockquote>\n<p><iframe class=\"wp-embedded-content\" sandbox=\"allow-scripts\" security=\"restricted\" style=\"position: absolute; clip: rect(1px, 1px, 1px, 1px);\" src=\"http:\/\/diariotextual.com\/inicio\/index.php\/2019\/05\/19\/golpe-duro-al-pj-perdio-castex-manos-cambiemos\/embed\/#?secret=CZPBvgtazu\" data-secret=\"CZPBvgtazu\" width=\"600\" height=\"338\" title=\"&#8220;Un golpe duro al PJ: perdi\u00f3 en Castex en manos de Cambiemos&#8221; &#8212; Diario Textual\" frameborder=\"0\" marginwidth=\"0\" marginheight=\"0\" scrolling=\"no\"><\/iframe><\/p>\n<p><strong>Realic\u00f3<\/strong><\/p>\n<p>El peronismo volvi\u00f3 a retomar el control de la municipalidad de Realic\u00f3. Superada la interna, Jos\u00e9 \u00c1lvarez (Frejupa) venci\u00f3 a la actual intendenta del radicalismo Roxana Lercari (Cambiemos). Lo hizo por el<strong> 53% al 40%.<\/strong><\/p>\n<p>Es uno de los golpes m\u00e1s duros para Cambiemos. Tambi\u00e9n perdi\u00f3 Santa Rosa e intendencias que estaban en manos de socios, como Victorica e Intendente Alvear. Eso s\u00ed: festejaron los grandes triunfos en Rancul, Acha y Castex.<\/p>\n<p>&nbsp;<\/p>\n<p><strong>Quem\u00fa<\/strong><\/p>\n<p>Alfredo Fern\u00e1ndez, un hombre de Rodolfo \u201cFito\u00bb Calvo, retuvo la intendencia en manos del peronismo. As\u00ed tendr\u00e1 un segundo mandato, al vencer al empresario y expresidente de la Uni\u00f3n Industrial de La Pampa, Osvaldo Varela, que se postul\u00f3 por Cambiemos. \u00bfLos resultados? <strong>52% a 44%<\/strong>. Votaron 2706 personas.<\/p>\n<p>&nbsp;<\/p>\n<p><strong>25 de Mayo<\/strong><\/p>\n<p>Abel Avenda\u00f1o, pese a las divisiones de dirigentes y militantes del peronismo, le dio otra victoria al Frejupa y logr\u00f3 la reelecci\u00f3n. Venci\u00f3 a Marina \u00c1lvarez (Cambiemos), Lorena Echenique (Movimiento Popular Veinticinque\u00f1o) y Roxana Mamani (Partido Socialista).<strong> Obtuvo el 51% de los votos, contra el 28%<\/strong> de Echenique y 19% de\u00a0\u00c1lvarez.<\/p>\n<p>&nbsp;<\/p>\n<p><strong>Lonquimay<\/strong><\/p>\n<p>Manuel Feito (Frejupa) venci\u00f3 a Mar\u00eda Del Valle P\u00e9rez (Cambiemos). Hab\u00eda ciertas dudas luego de la interna del peronismo, pero finalmente pudo retener la intendencia. Fue por<strong> 66 a 33 por ciento<\/strong>.<\/p>\n<p>&nbsp;<\/p>\n<p><strong>General Acha<\/strong><\/p>\n<p>La campa\u00f1a electoral prometi\u00f3 palo y palo entre Rodrigo Ortiz (Frejupa), Abel Sabarots (Cambiemos) y Jos\u00e9 Luis Dom\u00ednguez (Uni\u00f3n Vecinalista Achense). Finalmente gan\u00f3 el radical Sabarots, con el<strong> 37%<\/strong>. Detr\u00e1s se ubic\u00f3 Ortiz, con el 29% y Dom\u00ednguez con el 25%. Es una de las pocas alegr\u00edas que tuvo Cambiemos, que no pudo ganarle la gobernaci\u00f3n al peronismo y adem\u00e1s perdi\u00f3 Santa Rosa y Realic\u00f3.<\/p>\n<p>&nbsp;<\/p>\n<p><strong>Catril\u00f3<\/strong><\/p>\n<p>La localidad del cruce de la ruta 1 y 5 promet\u00eda una elecci\u00f3n pareja entre el actual intendente Ricardo Delfino, del Frejupa; Vicente Mallea Gil, de Cambiemos; y Graciela \u201cBuchi\u201d L\u00f3pez, la exintendenta que ahora se present\u00f3 por Cambiemos. Efectivamente fue ajustad\u00edsima: Delfino <strong>gan\u00f3 con el 33% sobre el 31%<\/strong> sobre L\u00f3pez. En tanto, Mallea Gil obtuvo el 24%.<\/p>\n<p>&nbsp;<\/p>\n<p><strong>Alpachiri<\/strong><br \/>\nEn el pueblo de la \u201ctierra fr\u00eda\u201d hubo un round que promet\u00eda estar parejo. De un lado el intendente Rub\u00e9n Muller, del Frejupa, que hab\u00eda asumido el cargo en 2015, y del otro lado Nidia Anc\u00edn, por Cambiemos, que ocup\u00f3 el sill\u00f3n en dos per\u00edodos anteriores y fue otros dos viceintedenta de Hugo P\u00e9rez. Finalmente gan\u00f3, por escaso marguen, el actual intendente: <strong>51 a 48%<\/strong>.<\/p>\n<p>&nbsp;<\/p>\n<p><strong>Bar\u00f3n<\/strong><\/p>\n<p>En el pueblo del candidato de Cambiemos gan\u00f3 el peronismo. Por amplia diferencia, con<strong> el 61% a 31%<\/strong>, gan\u00f3\u00a0Sonia Luengo (Frejupa) sobre Sergio Segovia (Cambiemos), Osvaldo Maurer (Frente Popular Pampeano).<\/p>\n<p>&nbsp;<\/p>\n<p><strong>Larroud\u00e9<\/strong><\/p>\n<p>La localidad norte\u00f1a sigue siendo radical. Jos\u00e9 Luis Galotti, de Cambiemos, venci\u00f3 a Mario Gribaudo, del Frejupa, por el <strong>59,9% a 40%.<\/strong><\/p>\n<p>&nbsp;<\/p>\n<p><strong>Ataliva Roca<\/strong><br \/>\nDespu\u00e9s de 35 a\u00f1os, el radicalismo venci\u00f3 al peronismo en Ataliva. Gustavo Barreiro (Cambiemos) derrot\u00f3 a Marcelo Acevedo (Frejupa). Lo hizo con<strong> el 53% al 46%.<\/strong><\/p>\n<p>&nbsp;<\/p>\n<p><strong>Tel\u00e9n<\/strong><\/p>\n<p>Emiliano Sa\u00fal Echeveste (Frejupa) triunf\u00f3 ampliamente frente a Albertino Ortellado (Cambiemos).<\/p>\n<p>&nbsp;<\/p>\n<p><strong>Santa Mar\u00eda<\/strong><br \/>\nSeraf\u00edn Eberhardt (Frejupa), que gobernaba desde 2003, cay\u00f3 ante Carlos Aschemacher (Cambiemos) por <strong>53% a 46%<\/strong>.<\/p>\n<p>&nbsp;<\/p>\n<p><strong>Relmo<\/strong><\/p>\n<p>N\u00e9stor Gonz\u00e1lez (Cambiemos) ratific\u00f3 una vez m\u00e1s la conducci\u00f3n de la localidad. Venci\u00f3 a\u00a0Valeria Castillo (Frejupa).<\/p>\n<p>&nbsp;<\/p>\n<p><strong>Can\u00e9<\/strong><\/p>\n<p>Rosa Eleno, una alfil del vernista Rodolfo \u201cFito\u201d Calvo, lo hizo de nuevo: venci\u00f3, otra vez como ya hizo en 2015, al radical Cristian Starik. Ahora por<strong> 69% a 30%<\/strong> de los votos.<\/p>\n<p>El radicalismo hab\u00eda logrado hace pie en 2007, luego de una interna entre peronistas, con el desembarco de Fabricio Hern\u00e1ndez. Pero, ya en 2011, la docente Eleno tom\u00f3 el control de la localidad. Ahora obtuvo el tercer mandato.<\/p>\n<p>&nbsp;<\/p>\n<p><strong>Los 11 que ya ganaron<\/strong><br \/>\nUn total de 11 intendentes y presidentes de comisi\u00f3n de fomento ya tienen asegurados cuatro a\u00f1os m\u00e1s: fueron reelectos sin competir. Son once las localidades en las cuales no hubo competencia electoral para esa categor\u00eda, si bien se tuvo que votar por la \u00fanica boleta presentada para cumplir la formalidad.<\/p>\n<p>\u00bfQui\u00e9nes son? Por el Partido Justicialista Oscar Gatica de Algarrobo del Aguila, Pablo L\u00e1zaro de Rucanelo, Carlos Grazide de Gobernador Duval, Carlos Ferrero de Pichi Huinca, M\u00f3nica Valor de Luan Toro, Oscar Mart\u00ednez de Loventuel, Carlos Antonieta de Sarah (antes era Propuesta Frepam) y Angel R\u00e9 de Conhelo. En tanto, Juan Pablo Resio de la Junta Vecinal Quetrequ\u00e9n Somos Todos y Fernando Bono de la Junta Vecinal Por y Para Ceballos, de ambas localidades, tampoco tuvieron competencia. Por el lado de Cambiemos, solamente el radical Ra\u00fal Weymann de Colonia Santa Teresa renov\u00f3 su cargo autom\u00e1ticamente luego de pasar por las urnas como \u00fanica opci\u00f3n.<\/p>\n<p>&nbsp;<\/p>\n<p><strong>Winifreda<\/strong><\/p>\n<p>Adriana Garc\u00eda, del Frejupa, gan\u00f3 en Winifreda. Sac\u00f3 el 50% contra el 48% de su contrincante, Marcelo Moroni, de Cambiemos.<\/p>\n<p>&nbsp;<\/p>\n<p>&nbsp;<\/p>\n<p>&nbsp;<\/p>\n<p>&nbsp;<\/p>\n<p>&nbsp;<\/p>\n","protected":false},"excerpt":{"rendered":"<p>Los siguientes son los primeros resultados de las elecciones, localidad por localidad.<\/p>\n","protected":false},"author":3,"featured_media":49128,"comment_status":"closed","ping_status":"open","sticky":false,"template":"","format":"standard","meta":{"_acf_changed":false,"footnotes":""},"categories":[11,319,8],"tags":[125],"class_list":["post-49154","post","type-post","status-publish","format-standard","has-post-thumbnail","hentry","category-que-pasa","category-a-temporales","category-politica","tag-elecciones"],"acf":[],"yoast_head":"<!-- This site is optimized with the Yoast SEO plugin v27.5 - https:\/\/yoast.com\/product\/yoast-seo-wordpress\/ -->\n<title>Los resultados, localidad por localidad - Diario Textual<\/title>\n<meta name=\"robots\" content=\"index, follow, max-snippet:-1, max-image-preview:large, max-video-preview:-1\" \/>\n<link rel=\"canonical\" href=\"https:\/\/diariotextual.com\/inicio\/index.php\/2019\/05\/19\/los-resultados-localidad-localidad\/\" \/>\n<meta property=\"og:locale\" content=\"es_ES\" \/>\n<meta property=\"og:type\" content=\"article\" \/>\n<meta property=\"og:title\" content=\"Los resultados, localidad por localidad - Diario Textual\" \/>\n<meta property=\"og:description\" content=\"Los siguientes son los primeros resultados de las elecciones, localidad por localidad.\" \/>\n<meta property=\"og:url\" content=\"https:\/\/diariotextual.com\/inicio\/index.php\/2019\/05\/19\/los-resultados-localidad-localidad\/\" \/>\n<meta property=\"og:site_name\" content=\"Diario Textual\" \/>\n<meta property=\"article:publisher\" content=\"https:\/\/www.facebook.com\/eltextual\" \/>\n<meta property=\"article:published_time\" content=\"2019-05-19T22:54:15+00:00\" \/>\n<meta property=\"article:modified_time\" content=\"2019-05-20T12:14:27+00:00\" \/>\n<meta property=\"og:image\" content=\"https:\/\/diariotextual.com\/inicio\/wp-content\/uploads\/2019\/05\/elecciones19mayo2019-2.jpg\" \/>\n\t<meta property=\"og:image:width\" content=\"1100\" \/>\n\t<meta property=\"og:image:height\" content=\"748\" \/>\n\t<meta property=\"og:image:type\" content=\"image\/jpeg\" \/>\n<meta name=\"author\" content=\"Diario1 Diario1\" \/>\n<meta name=\"twitter:card\" content=\"summary_large_image\" \/>\n<meta name=\"twitter:creator\" content=\"@eltextual\" \/>\n<meta name=\"twitter:site\" content=\"@eltextual\" \/>\n<meta name=\"twitter:label1\" content=\"Escrito por\" \/>\n\t<meta name=\"twitter:data1\" content=\"Diario1 Diario1\" \/>\n\t<meta name=\"twitter:label2\" content=\"Tiempo de lectura\" \/>\n\t<meta name=\"twitter:data2\" content=\"8 minutos\" \/>\n<script type=\"application\/ld+json\" class=\"yoast-schema-graph\">{\"@context\":\"https:\\\/\\\/schema.org\",\"@graph\":[{\"@type\":\"Article\",\"@id\":\"https:\\\/\\\/diariotextual.com\\\/inicio\\\/index.php\\\/2019\\\/05\\\/19\\\/los-resultados-localidad-localidad\\\/#article\",\"isPartOf\":{\"@id\":\"https:\\\/\\\/diariotextual.com\\\/inicio\\\/index.php\\\/2019\\\/05\\\/19\\\/los-resultados-localidad-localidad\\\/\"},\"author\":{\"name\":\"Diario1 Diario1\",\"@id\":\"https:\\\/\\\/diariotextual.com\\\/inicio\\\/#\\\/schema\\\/person\\\/418fc4093c33e86ed41562db3508f958\"},\"headline\":\"Los resultados, localidad por localidad\",\"datePublished\":\"2019-05-19T22:54:15+00:00\",\"dateModified\":\"2019-05-20T12:14:27+00:00\",\"mainEntityOfPage\":{\"@id\":\"https:\\\/\\\/diariotextual.com\\\/inicio\\\/index.php\\\/2019\\\/05\\\/19\\\/los-resultados-localidad-localidad\\\/\"},\"wordCount\":1586,\"publisher\":{\"@id\":\"https:\\\/\\\/diariotextual.com\\\/inicio\\\/#organization\"},\"image\":{\"@id\":\"https:\\\/\\\/diariotextual.com\\\/inicio\\\/index.php\\\/2019\\\/05\\\/19\\\/los-resultados-localidad-localidad\\\/#primaryimage\"},\"thumbnailUrl\":\"https:\\\/\\\/diariotextual.com\\\/inicio\\\/wp-content\\\/uploads\\\/2019\\\/05\\\/elecciones19mayo2019-2.jpg\",\"keywords\":[\"elecciones\"],\"articleSection\":[\"A - QUE PASA (al costado)\",\"A - TEMPORALES\",\"POLITICA\"],\"inLanguage\":\"es\"},{\"@type\":\"WebPage\",\"@id\":\"https:\\\/\\\/diariotextual.com\\\/inicio\\\/index.php\\\/2019\\\/05\\\/19\\\/los-resultados-localidad-localidad\\\/\",\"url\":\"https:\\\/\\\/diariotextual.com\\\/inicio\\\/index.php\\\/2019\\\/05\\\/19\\\/los-resultados-localidad-localidad\\\/\",\"name\":\"Los resultados, localidad por localidad - Diario Textual\",\"isPartOf\":{\"@id\":\"https:\\\/\\\/diariotextual.com\\\/inicio\\\/#website\"},\"primaryImageOfPage\":{\"@id\":\"https:\\\/\\\/diariotextual.com\\\/inicio\\\/index.php\\\/2019\\\/05\\\/19\\\/los-resultados-localidad-localidad\\\/#primaryimage\"},\"image\":{\"@id\":\"https:\\\/\\\/diariotextual.com\\\/inicio\\\/index.php\\\/2019\\\/05\\\/19\\\/los-resultados-localidad-localidad\\\/#primaryimage\"},\"thumbnailUrl\":\"https:\\\/\\\/diariotextual.com\\\/inicio\\\/wp-content\\\/uploads\\\/2019\\\/05\\\/elecciones19mayo2019-2.jpg\",\"datePublished\":\"2019-05-19T22:54:15+00:00\",\"dateModified\":\"2019-05-20T12:14:27+00:00\",\"breadcrumb\":{\"@id\":\"https:\\\/\\\/diariotextual.com\\\/inicio\\\/index.php\\\/2019\\\/05\\\/19\\\/los-resultados-localidad-localidad\\\/#breadcrumb\"},\"inLanguage\":\"es\",\"potentialAction\":[{\"@type\":\"ReadAction\",\"target\":[\"https:\\\/\\\/diariotextual.com\\\/inicio\\\/index.php\\\/2019\\\/05\\\/19\\\/los-resultados-localidad-localidad\\\/\"]}]},{\"@type\":\"ImageObject\",\"inLanguage\":\"es\",\"@id\":\"https:\\\/\\\/diariotextual.com\\\/inicio\\\/index.php\\\/2019\\\/05\\\/19\\\/los-resultados-localidad-localidad\\\/#primaryimage\",\"url\":\"https:\\\/\\\/diariotextual.com\\\/inicio\\\/wp-content\\\/uploads\\\/2019\\\/05\\\/elecciones19mayo2019-2.jpg\",\"contentUrl\":\"https:\\\/\\\/diariotextual.com\\\/inicio\\\/wp-content\\\/uploads\\\/2019\\\/05\\\/elecciones19mayo2019-2.jpg\",\"width\":1100,\"height\":748},{\"@type\":\"BreadcrumbList\",\"@id\":\"https:\\\/\\\/diariotextual.com\\\/inicio\\\/index.php\\\/2019\\\/05\\\/19\\\/los-resultados-localidad-localidad\\\/#breadcrumb\",\"itemListElement\":[{\"@type\":\"ListItem\",\"position\":1,\"name\":\"Portada\",\"item\":\"https:\\\/\\\/diariotextual.com\\\/inicio\\\/\"},{\"@type\":\"ListItem\",\"position\":2,\"name\":\"Los resultados, localidad por localidad\"}]},{\"@type\":\"WebSite\",\"@id\":\"https:\\\/\\\/diariotextual.com\\\/inicio\\\/#website\",\"url\":\"https:\\\/\\\/diariotextual.com\\\/inicio\\\/\",\"name\":\"Diario Textual\",\"description\":\"\",\"publisher\":{\"@id\":\"https:\\\/\\\/diariotextual.com\\\/inicio\\\/#organization\"},\"potentialAction\":[{\"@type\":\"SearchAction\",\"target\":{\"@type\":\"EntryPoint\",\"urlTemplate\":\"https:\\\/\\\/diariotextual.com\\\/inicio\\\/?s={search_term_string}\"},\"query-input\":{\"@type\":\"PropertyValueSpecification\",\"valueRequired\":true,\"valueName\":\"search_term_string\"}}],\"inLanguage\":\"es\"},{\"@type\":\"Organization\",\"@id\":\"https:\\\/\\\/diariotextual.com\\\/inicio\\\/#organization\",\"name\":\"Diario Textual\",\"url\":\"https:\\\/\\\/diariotextual.com\\\/inicio\\\/\",\"logo\":{\"@type\":\"ImageObject\",\"inLanguage\":\"es\",\"@id\":\"https:\\\/\\\/diariotextual.com\\\/inicio\\\/#\\\/schema\\\/logo\\\/image\\\/\",\"url\":\"https:\\\/\\\/diariotextual.com\\\/inicio\\\/wp-content\\\/uploads\\\/2023\\\/05\\\/logotextual1.jpg\",\"contentUrl\":\"https:\\\/\\\/diariotextual.com\\\/inicio\\\/wp-content\\\/uploads\\\/2023\\\/05\\\/logotextual1.jpg\",\"width\":516,\"height\":76,\"caption\":\"Diario Textual\"},\"image\":{\"@id\":\"https:\\\/\\\/diariotextual.com\\\/inicio\\\/#\\\/schema\\\/logo\\\/image\\\/\"},\"sameAs\":[\"https:\\\/\\\/www.facebook.com\\\/eltextual\",\"https:\\\/\\\/x.com\\\/eltextual\",\"http:\\\/\\\/www.instagram.com\\\/eltextual\"]},{\"@type\":\"Person\",\"@id\":\"https:\\\/\\\/diariotextual.com\\\/inicio\\\/#\\\/schema\\\/person\\\/418fc4093c33e86ed41562db3508f958\",\"name\":\"Diario1 Diario1\",\"image\":{\"@type\":\"ImageObject\",\"inLanguage\":\"es\",\"@id\":\"https:\\\/\\\/secure.gravatar.com\\\/avatar\\\/9167d280179c85bc18be67aa7eda765854300033af4896dd779b608640f2ef7a?s=96&d=mm&r=g\",\"url\":\"https:\\\/\\\/secure.gravatar.com\\\/avatar\\\/9167d280179c85bc18be67aa7eda765854300033af4896dd779b608640f2ef7a?s=96&d=mm&r=g\",\"contentUrl\":\"https:\\\/\\\/secure.gravatar.com\\\/avatar\\\/9167d280179c85bc18be67aa7eda765854300033af4896dd779b608640f2ef7a?s=96&d=mm&r=g\",\"caption\":\"Diario1 Diario1\"},\"url\":\"https:\\\/\\\/diariotextual.com\\\/inicio\\\/index.php\\\/author\\\/diario1\\\/\"}]}<\/script>\n<!-- \/ Yoast SEO plugin. -->","yoast_head_json":{"title":"Los resultados, localidad por localidad - Diario Textual","robots":{"index":"index","follow":"follow","max-snippet":"max-snippet:-1","max-image-preview":"max-image-preview:large","max-video-preview":"max-video-preview:-1"},"canonical":"https:\/\/diariotextual.com\/inicio\/index.php\/2019\/05\/19\/los-resultados-localidad-localidad\/","og_locale":"es_ES","og_type":"article","og_title":"Los resultados, localidad por localidad - Diario Textual","og_description":"Los siguientes son los primeros resultados de las elecciones, localidad por localidad.","og_url":"https:\/\/diariotextual.com\/inicio\/index.php\/2019\/05\/19\/los-resultados-localidad-localidad\/","og_site_name":"Diario Textual","article_publisher":"https:\/\/www.facebook.com\/eltextual","article_published_time":"2019-05-19T22:54:15+00:00","article_modified_time":"2019-05-20T12:14:27+00:00","og_image":[{"width":1100,"height":748,"url":"https:\/\/diariotextual.com\/inicio\/wp-content\/uploads\/2019\/05\/elecciones19mayo2019-2.jpg","type":"image\/jpeg"}],"author":"Diario1 Diario1","twitter_card":"summary_large_image","twitter_creator":"@eltextual","twitter_site":"@eltextual","twitter_misc":{"Escrito por":"Diario1 Diario1","Tiempo de lectura":"8 minutos"},"schema":{"@context":"https:\/\/schema.org","@graph":[{"@type":"Article","@id":"https:\/\/diariotextual.com\/inicio\/index.php\/2019\/05\/19\/los-resultados-localidad-localidad\/#article","isPartOf":{"@id":"https:\/\/diariotextual.com\/inicio\/index.php\/2019\/05\/19\/los-resultados-localidad-localidad\/"},"author":{"name":"Diario1 Diario1","@id":"https:\/\/diariotextual.com\/inicio\/#\/schema\/person\/418fc4093c33e86ed41562db3508f958"},"headline":"Los resultados, localidad por localidad","datePublished":"2019-05-19T22:54:15+00:00","dateModified":"2019-05-20T12:14:27+00:00","mainEntityOfPage":{"@id":"https:\/\/diariotextual.com\/inicio\/index.php\/2019\/05\/19\/los-resultados-localidad-localidad\/"},"wordCount":1586,"publisher":{"@id":"https:\/\/diariotextual.com\/inicio\/#organization"},"image":{"@id":"https:\/\/diariotextual.com\/inicio\/index.php\/2019\/05\/19\/los-resultados-localidad-localidad\/#primaryimage"},"thumbnailUrl":"https:\/\/diariotextual.com\/inicio\/wp-content\/uploads\/2019\/05\/elecciones19mayo2019-2.jpg","keywords":["elecciones"],"articleSection":["A - QUE PASA (al costado)","A - TEMPORALES","POLITICA"],"inLanguage":"es"},{"@type":"WebPage","@id":"https:\/\/diariotextual.com\/inicio\/index.php\/2019\/05\/19\/los-resultados-localidad-localidad\/","url":"https:\/\/diariotextual.com\/inicio\/index.php\/2019\/05\/19\/los-resultados-localidad-localidad\/","name":"Los resultados, localidad por localidad - Diario Textual","isPartOf":{"@id":"https:\/\/diariotextual.com\/inicio\/#website"},"primaryImageOfPage":{"@id":"https:\/\/diariotextual.com\/inicio\/index.php\/2019\/05\/19\/los-resultados-localidad-localidad\/#primaryimage"},"image":{"@id":"https:\/\/diariotextual.com\/inicio\/index.php\/2019\/05\/19\/los-resultados-localidad-localidad\/#primaryimage"},"thumbnailUrl":"https:\/\/diariotextual.com\/inicio\/wp-content\/uploads\/2019\/05\/elecciones19mayo2019-2.jpg","datePublished":"2019-05-19T22:54:15+00:00","dateModified":"2019-05-20T12:14:27+00:00","breadcrumb":{"@id":"https:\/\/diariotextual.com\/inicio\/index.php\/2019\/05\/19\/los-resultados-localidad-localidad\/#breadcrumb"},"inLanguage":"es","potentialAction":[{"@type":"ReadAction","target":["https:\/\/diariotextual.com\/inicio\/index.php\/2019\/05\/19\/los-resultados-localidad-localidad\/"]}]},{"@type":"ImageObject","inLanguage":"es","@id":"https:\/\/diariotextual.com\/inicio\/index.php\/2019\/05\/19\/los-resultados-localidad-localidad\/#primaryimage","url":"https:\/\/diariotextual.com\/inicio\/wp-content\/uploads\/2019\/05\/elecciones19mayo2019-2.jpg","contentUrl":"https:\/\/diariotextual.com\/inicio\/wp-content\/uploads\/2019\/05\/elecciones19mayo2019-2.jpg","width":1100,"height":748},{"@type":"BreadcrumbList","@id":"https:\/\/diariotextual.com\/inicio\/index.php\/2019\/05\/19\/los-resultados-localidad-localidad\/#breadcrumb","itemListElement":[{"@type":"ListItem","position":1,"name":"Portada","item":"https:\/\/diariotextual.com\/inicio\/"},{"@type":"ListItem","position":2,"name":"Los resultados, localidad por localidad"}]},{"@type":"WebSite","@id":"https:\/\/diariotextual.com\/inicio\/#website","url":"https:\/\/diariotextual.com\/inicio\/","name":"Diario Textual","description":"","publisher":{"@id":"https:\/\/diariotextual.com\/inicio\/#organization"},"potentialAction":[{"@type":"SearchAction","target":{"@type":"EntryPoint","urlTemplate":"https:\/\/diariotextual.com\/inicio\/?s={search_term_string}"},"query-input":{"@type":"PropertyValueSpecification","valueRequired":true,"valueName":"search_term_string"}}],"inLanguage":"es"},{"@type":"Organization","@id":"https:\/\/diariotextual.com\/inicio\/#organization","name":"Diario Textual","url":"https:\/\/diariotextual.com\/inicio\/","logo":{"@type":"ImageObject","inLanguage":"es","@id":"https:\/\/diariotextual.com\/inicio\/#\/schema\/logo\/image\/","url":"https:\/\/diariotextual.com\/inicio\/wp-content\/uploads\/2023\/05\/logotextual1.jpg","contentUrl":"https:\/\/diariotextual.com\/inicio\/wp-content\/uploads\/2023\/05\/logotextual1.jpg","width":516,"height":76,"caption":"Diario Textual"},"image":{"@id":"https:\/\/diariotextual.com\/inicio\/#\/schema\/logo\/image\/"},"sameAs":["https:\/\/www.facebook.com\/eltextual","https:\/\/x.com\/eltextual","http:\/\/www.instagram.com\/eltextual"]},{"@type":"Person","@id":"https:\/\/diariotextual.com\/inicio\/#\/schema\/person\/418fc4093c33e86ed41562db3508f958","name":"Diario1 Diario1","image":{"@type":"ImageObject","inLanguage":"es","@id":"https:\/\/secure.gravatar.com\/avatar\/9167d280179c85bc18be67aa7eda765854300033af4896dd779b608640f2ef7a?s=96&d=mm&r=g","url":"https:\/\/secure.gravatar.com\/avatar\/9167d280179c85bc18be67aa7eda765854300033af4896dd779b608640f2ef7a?s=96&d=mm&r=g","contentUrl":"https:\/\/secure.gravatar.com\/avatar\/9167d280179c85bc18be67aa7eda765854300033af4896dd779b608640f2ef7a?s=96&d=mm&r=g","caption":"Diario1 Diario1"},"url":"https:\/\/diariotextual.com\/inicio\/index.php\/author\/diario1\/"}]}},"_links":{"self":[{"href":"https:\/\/diariotextual.com\/inicio\/index.php\/wp-json\/wp\/v2\/posts\/49154","targetHints":{"allow":["GET"]}}],"collection":[{"href":"https:\/\/diariotextual.com\/inicio\/index.php\/wp-json\/wp\/v2\/posts"}],"about":[{"href":"https:\/\/diariotextual.com\/inicio\/index.php\/wp-json\/wp\/v2\/types\/post"}],"author":[{"embeddable":true,"href":"https:\/\/diariotextual.com\/inicio\/index.php\/wp-json\/wp\/v2\/users\/3"}],"replies":[{"embeddable":true,"href":"https:\/\/diariotextual.com\/inicio\/index.php\/wp-json\/wp\/v2\/comments?post=49154"}],"version-history":[{"count":34,"href":"https:\/\/diariotextual.com\/inicio\/index.php\/wp-json\/wp\/v2\/posts\/49154\/revisions"}],"predecessor-version":[{"id":49289,"href":"https:\/\/diariotextual.com\/inicio\/index.php\/wp-json\/wp\/v2\/posts\/49154\/revisions\/49289"}],"wp:featuredmedia":[{"embeddable":true,"href":"https:\/\/diariotextual.com\/inicio\/index.php\/wp-json\/wp\/v2\/media\/49128"}],"wp:attachment":[{"href":"https:\/\/diariotextual.com\/inicio\/index.php\/wp-json\/wp\/v2\/media?parent=49154"}],"wp:term":[{"taxonomy":"category","embeddable":true,"href":"https:\/\/diariotextual.com\/inicio\/index.php\/wp-json\/wp\/v2\/categories?post=49154"},{"taxonomy":"post_tag","embeddable":true,"href":"https:\/\/diariotextual.com\/inicio\/index.php\/wp-json\/wp\/v2\/tags?post=49154"}],"curies":[{"name":"wp","href":"https:\/\/api.w.org\/{rel}","templated":true}]}}