{"id":49188,"date":"2019-05-19T20:49:18","date_gmt":"2019-05-19T23:49:18","guid":{"rendered":"http:\/\/diariotextual.com\/inicio\/?p=49188"},"modified":"2019-05-19T21:41:32","modified_gmt":"2019-05-20T00:41:32","slug":"la-ola-peronista-la-vigencia-proyecto-la-pampa","status":"publish","type":"post","link":"https:\/\/diariotextual.com\/inicio\/index.php\/2019\/05\/19\/la-ola-peronista-la-vigencia-proyecto-la-pampa\/","title":{"rendered":"La ola peronista: la vigencia de un proyecto en La Pampa"},"content":{"rendered":"<p class=\"x_MsoNormal\"><strong>Por Norberto G. Asquini<\/strong><\/p>\n<p class=\"x_MsoNormal\"><!--more--><\/p>\n<p class=\"x_MsoNormal\">La Pampa es peronista. Desde su creaci\u00f3n como provincia, pero sobre todo desde 1983. Y este domingo qued\u00f3 ratificada en las elecciones provinciales la continuidad del oficialismo en la renovaci\u00f3n, la vigencia de un modelo, la imbatibilidad de una estructura. La mayor\u00eda de los pampeanos vot\u00f3 por la provincia de la normalidad. Son cuatro d\u00e9cadas del mismo color pol\u00edtico. El PJ pampeano integra el cerrado club de cinco oficialismos provinciales que tienen el mismo r\u00e9cord.<\/p>\n<blockquote class=\"wp-embedded-content\" data-secret=\"cP3CUvfqN6\"><p><a href=\"http:\/\/diariotextual.com\/inicio\/index.php\/2019\/05\/19\/ziliotto-nuevo-gobernador-la-pampa\/\">Ziliotto es el nuevo gobernador de La Pampa<\/a><\/p><\/blockquote>\n<p><iframe class=\"wp-embedded-content\" sandbox=\"allow-scripts\" security=\"restricted\" style=\"position: absolute; clip: rect(1px, 1px, 1px, 1px);\" src=\"http:\/\/diariotextual.com\/inicio\/index.php\/2019\/05\/19\/ziliotto-nuevo-gobernador-la-pampa\/embed\/#?secret=cP3CUvfqN6\" data-secret=\"cP3CUvfqN6\" width=\"600\" height=\"338\" title=\"&#8220;Ziliotto es el nuevo gobernador de La Pampa&#8221; &#8212; Diario Textual\" frameborder=\"0\" marginwidth=\"0\" marginheight=\"0\" scrolling=\"no\"><\/iframe><\/p>\n<p class=\"x_MsoNormal\">No es la provincia que muchos otros pretenden o sue\u00f1an, pero es la posible, la de la normalidad. La que paga los sueldos estatales en tiempo y con aumento, la que llega con los servicios a todos los pueblos, la que tiene mejores condiciones de vida comparativamente con otras provincias, la que frente al derrumbe de un pa\u00eds puede afrontar la crisis. Despu\u00e9s podemos discutir las deudas pendientes de la democracia y del PJ, de las pr\u00e1cticas de gobierno o de la eficiencia estatal.<\/p>\n<p class=\"x_MsoNormal\">Cuando el gobernador Carlos Verna anunci\u00f3 que no buscar\u00eda la reelecci\u00f3n por la enfermedad que deb\u00eda afrontar a fines del a\u00f1o pasado, hubo pron\u00f3sticos demasiados optimistas desde la oposici\u00f3n de que se terminaba un ciclo pol\u00edtico, y hasta por parte del periodismo de una \u00abcarnicer\u00eda\u00bb dentro del peronismo por la sucesi\u00f3n. Fallaron todos. Como se indic\u00f3 en esta columna, todo se orden\u00f3 por una conducci\u00f3n, la de Verna; un proyecto, la del Estado peronista; y la l\u00f3gica del poder dentro del PJ. La debacle de Macri y de Cambiemos sumidos en una profunda crisis econ\u00f3mica hizo el resto. Y en esta elecci\u00f3n de 2019, por primera vez desdoblada por el gobierno provincial de la presidencial, tuvo mucha influencia del escenario nacional para consolidar el predominio, y ya hegemon\u00eda, del Partido Justicialista en La Pampa.<\/p>\n<p class=\"x_MsoNormal\">Sergio Ziliotto se convirti\u00f3 en el mandatario electo, y en el nuevo gobernador de un nuevo ciclo dentro del peronismo pampeano, y de la historia de la provincia, que es la post generaci\u00f3n del 83. Hacia adelante la pol\u00edtica local inicia una nueva etapa, pero sobre las bases y la continuidad del peronismo.<\/p>\n<p class=\"x_MsoNormal\">La victoria de Ziliotto, y sobre todo la contundencia de los triunfos de Luciano di N\u00e1poli en Santa Rosa y de Fernanda Alonso en General Pico, sumada a otros triunfos rotundos en el interior, son parte tambi\u00e9n de la ola del \u00abvoto castigo\u00bb a Cambiemos y de la \u00abola peronista\u00bb que comenz\u00f3 a conformarse en el pa\u00eds. No hubo sorpresas en la provincia donde ya el resultado estaba puesto, tampoco lo fue en Santa Rosa, aunque estaba m\u00e1s discutida. Cambiemos perdi\u00f3 otra capital provincial a manos del peronismo. Y a manos del kirchnerismo, una lectura que los medios nacionales no dejaron de resaltar luego de la estrat\u00e9gica decisi\u00f3n de la ex presidenta CFK de reformular la f\u00f3rmula con Alberto Fern\u00e1ndez como candidato a la presidencia y ella como vice.<\/p>\n<p class=\"x_MsoNormal\">Esta elecci\u00f3n demostr\u00f3 adem\u00e1s lo vertiginoso de los cambios pol\u00edticos y de humor de la sociedad. Pasa en el pa\u00eds, pasa en La Pampa. En 2017 el PJ qued\u00f3 sacudido por la \u00abola amarilla\u00bb y apenas gan\u00f3 las legislativas nacionales por solo 76 votos. Las ejecutivas iban a ser una revancha. En 2018 desbarranc\u00f3 Macri y su marca Cambiemos con una crisis econ\u00f3mica de magnitudes. Ahora el peronismo arras\u00f3 en las urnas.<\/p>\n<p class=\"x_MsoNormal\">El PJ se llev\u00f3 todo. La oposici\u00f3n apenas pudo sostener algunos gobiernos locales. El recordado grupo ABBA, en una de sus m\u00e1s difundidas canciones, dice \u00abEl ganador se lo lleva todo\/ el perdedor se empeque\u00f1ece\/ ante la victoria,\/ ese es su destino\u00bb. En La Pampa, siempre hay un ganador. Y es el mismo.<\/p>\n<blockquote class=\"wp-embedded-content\" data-secret=\"kiOyLv5RSg\"><p><a href=\"http:\/\/diariotextual.com\/inicio\/index.php\/2019\/05\/19\/los-resultados-localidad-localidad\/\">Los resultados, localidad por localidad<\/a><\/p><\/blockquote>\n<p><iframe class=\"wp-embedded-content\" sandbox=\"allow-scripts\" security=\"restricted\" style=\"position: absolute; clip: rect(1px, 1px, 1px, 1px);\" src=\"http:\/\/diariotextual.com\/inicio\/index.php\/2019\/05\/19\/los-resultados-localidad-localidad\/embed\/#?secret=kiOyLv5RSg\" data-secret=\"kiOyLv5RSg\" width=\"600\" height=\"338\" title=\"&#8220;Los resultados, localidad por localidad&#8221; &#8212; Diario Textual\" frameborder=\"0\" marginwidth=\"0\" marginheight=\"0\" scrolling=\"no\"><\/iframe><\/p>\n<p>&nbsp;<\/p>\n","protected":false},"excerpt":{"rendered":"<p>Por Norberto G. Asquini<\/p>\n","protected":false},"author":3,"featured_media":38734,"comment_status":"closed","ping_status":"open","sticky":false,"template":"","format":"standard","meta":{"_acf_changed":false,"footnotes":""},"categories":[10,8],"tags":[],"class_list":["post-49188","post","type-post","status-publish","format-standard","has-post-thumbnail","hentry","category-portada-2","category-politica"],"acf":[],"yoast_head":"<!-- This site is optimized with the Yoast SEO plugin v27.5 - https:\/\/yoast.com\/product\/yoast-seo-wordpress\/ -->\n<title>La ola peronista: la vigencia de un proyecto en La Pampa - Diario Textual<\/title>\n<meta name=\"robots\" content=\"index, follow, max-snippet:-1, max-image-preview:large, max-video-preview:-1\" \/>\n<link rel=\"canonical\" href=\"https:\/\/diariotextual.com\/inicio\/index.php\/2019\/05\/19\/la-ola-peronista-la-vigencia-proyecto-la-pampa\/\" \/>\n<meta property=\"og:locale\" content=\"es_ES\" \/>\n<meta property=\"og:type\" content=\"article\" \/>\n<meta property=\"og:title\" content=\"La ola peronista: la vigencia de un proyecto en La Pampa - Diario Textual\" \/>\n<meta property=\"og:description\" content=\"Por Norberto G. Asquini\" \/>\n<meta property=\"og:url\" content=\"https:\/\/diariotextual.com\/inicio\/index.php\/2019\/05\/19\/la-ola-peronista-la-vigencia-proyecto-la-pampa\/\" \/>\n<meta property=\"og:site_name\" content=\"Diario Textual\" \/>\n<meta property=\"article:publisher\" content=\"https:\/\/www.facebook.com\/eltextual\" \/>\n<meta property=\"article:published_time\" content=\"2019-05-19T23:49:18+00:00\" \/>\n<meta property=\"article:modified_time\" content=\"2019-05-20T00:41:32+00:00\" \/>\n<meta property=\"og:image\" content=\"https:\/\/diariotextual.com\/inicio\/wp-content\/uploads\/2019\/02\/ziliottodinapoli2019-111.jpg\" \/>\n\t<meta property=\"og:image:width\" content=\"1228\" \/>\n\t<meta property=\"og:image:height\" content=\"854\" \/>\n\t<meta property=\"og:image:type\" content=\"image\/jpeg\" \/>\n<meta name=\"author\" content=\"Diario1 Diario1\" \/>\n<meta name=\"twitter:card\" content=\"summary_large_image\" \/>\n<meta name=\"twitter:creator\" content=\"@eltextual\" \/>\n<meta name=\"twitter:site\" content=\"@eltextual\" \/>\n<meta name=\"twitter:label1\" content=\"Escrito por\" \/>\n\t<meta name=\"twitter:data1\" content=\"Diario1 Diario1\" \/>\n\t<meta name=\"twitter:label2\" content=\"Tiempo de lectura\" \/>\n\t<meta name=\"twitter:data2\" content=\"3 minutos\" \/>\n<script type=\"application\/ld+json\" class=\"yoast-schema-graph\">{\"@context\":\"https:\\\/\\\/schema.org\",\"@graph\":[{\"@type\":\"Article\",\"@id\":\"https:\\\/\\\/diariotextual.com\\\/inicio\\\/index.php\\\/2019\\\/05\\\/19\\\/la-ola-peronista-la-vigencia-proyecto-la-pampa\\\/#article\",\"isPartOf\":{\"@id\":\"https:\\\/\\\/diariotextual.com\\\/inicio\\\/index.php\\\/2019\\\/05\\\/19\\\/la-ola-peronista-la-vigencia-proyecto-la-pampa\\\/\"},\"author\":{\"name\":\"Diario1 Diario1\",\"@id\":\"https:\\\/\\\/diariotextual.com\\\/inicio\\\/#\\\/schema\\\/person\\\/418fc4093c33e86ed41562db3508f958\"},\"headline\":\"La ola peronista: la vigencia de un proyecto en La Pampa\",\"datePublished\":\"2019-05-19T23:49:18+00:00\",\"dateModified\":\"2019-05-20T00:41:32+00:00\",\"mainEntityOfPage\":{\"@id\":\"https:\\\/\\\/diariotextual.com\\\/inicio\\\/index.php\\\/2019\\\/05\\\/19\\\/la-ola-peronista-la-vigencia-proyecto-la-pampa\\\/\"},\"wordCount\":666,\"publisher\":{\"@id\":\"https:\\\/\\\/diariotextual.com\\\/inicio\\\/#organization\"},\"image\":{\"@id\":\"https:\\\/\\\/diariotextual.com\\\/inicio\\\/index.php\\\/2019\\\/05\\\/19\\\/la-ola-peronista-la-vigencia-proyecto-la-pampa\\\/#primaryimage\"},\"thumbnailUrl\":\"https:\\\/\\\/diariotextual.com\\\/inicio\\\/wp-content\\\/uploads\\\/2019\\\/02\\\/ziliottodinapoli2019-111.jpg\",\"articleSection\":[\"A - PORTADA2\",\"POLITICA\"],\"inLanguage\":\"es\"},{\"@type\":\"WebPage\",\"@id\":\"https:\\\/\\\/diariotextual.com\\\/inicio\\\/index.php\\\/2019\\\/05\\\/19\\\/la-ola-peronista-la-vigencia-proyecto-la-pampa\\\/\",\"url\":\"https:\\\/\\\/diariotextual.com\\\/inicio\\\/index.php\\\/2019\\\/05\\\/19\\\/la-ola-peronista-la-vigencia-proyecto-la-pampa\\\/\",\"name\":\"La ola peronista: la vigencia de un proyecto en La Pampa - Diario Textual\",\"isPartOf\":{\"@id\":\"https:\\\/\\\/diariotextual.com\\\/inicio\\\/#website\"},\"primaryImageOfPage\":{\"@id\":\"https:\\\/\\\/diariotextual.com\\\/inicio\\\/index.php\\\/2019\\\/05\\\/19\\\/la-ola-peronista-la-vigencia-proyecto-la-pampa\\\/#primaryimage\"},\"image\":{\"@id\":\"https:\\\/\\\/diariotextual.com\\\/inicio\\\/index.php\\\/2019\\\/05\\\/19\\\/la-ola-peronista-la-vigencia-proyecto-la-pampa\\\/#primaryimage\"},\"thumbnailUrl\":\"https:\\\/\\\/diariotextual.com\\\/inicio\\\/wp-content\\\/uploads\\\/2019\\\/02\\\/ziliottodinapoli2019-111.jpg\",\"datePublished\":\"2019-05-19T23:49:18+00:00\",\"dateModified\":\"2019-05-20T00:41:32+00:00\",\"breadcrumb\":{\"@id\":\"https:\\\/\\\/diariotextual.com\\\/inicio\\\/index.php\\\/2019\\\/05\\\/19\\\/la-ola-peronista-la-vigencia-proyecto-la-pampa\\\/#breadcrumb\"},\"inLanguage\":\"es\",\"potentialAction\":[{\"@type\":\"ReadAction\",\"target\":[\"https:\\\/\\\/diariotextual.com\\\/inicio\\\/index.php\\\/2019\\\/05\\\/19\\\/la-ola-peronista-la-vigencia-proyecto-la-pampa\\\/\"]}]},{\"@type\":\"ImageObject\",\"inLanguage\":\"es\",\"@id\":\"https:\\\/\\\/diariotextual.com\\\/inicio\\\/index.php\\\/2019\\\/05\\\/19\\\/la-ola-peronista-la-vigencia-proyecto-la-pampa\\\/#primaryimage\",\"url\":\"https:\\\/\\\/diariotextual.com\\\/inicio\\\/wp-content\\\/uploads\\\/2019\\\/02\\\/ziliottodinapoli2019-111.jpg\",\"contentUrl\":\"https:\\\/\\\/diariotextual.com\\\/inicio\\\/wp-content\\\/uploads\\\/2019\\\/02\\\/ziliottodinapoli2019-111.jpg\",\"width\":1228,\"height\":854},{\"@type\":\"BreadcrumbList\",\"@id\":\"https:\\\/\\\/diariotextual.com\\\/inicio\\\/index.php\\\/2019\\\/05\\\/19\\\/la-ola-peronista-la-vigencia-proyecto-la-pampa\\\/#breadcrumb\",\"itemListElement\":[{\"@type\":\"ListItem\",\"position\":1,\"name\":\"Portada\",\"item\":\"https:\\\/\\\/diariotextual.com\\\/inicio\\\/\"},{\"@type\":\"ListItem\",\"position\":2,\"name\":\"La ola peronista: la vigencia de un proyecto en La Pampa\"}]},{\"@type\":\"WebSite\",\"@id\":\"https:\\\/\\\/diariotextual.com\\\/inicio\\\/#website\",\"url\":\"https:\\\/\\\/diariotextual.com\\\/inicio\\\/\",\"name\":\"Diario Textual\",\"description\":\"\",\"publisher\":{\"@id\":\"https:\\\/\\\/diariotextual.com\\\/inicio\\\/#organization\"},\"potentialAction\":[{\"@type\":\"SearchAction\",\"target\":{\"@type\":\"EntryPoint\",\"urlTemplate\":\"https:\\\/\\\/diariotextual.com\\\/inicio\\\/?s={search_term_string}\"},\"query-input\":{\"@type\":\"PropertyValueSpecification\",\"valueRequired\":true,\"valueName\":\"search_term_string\"}}],\"inLanguage\":\"es\"},{\"@type\":\"Organization\",\"@id\":\"https:\\\/\\\/diariotextual.com\\\/inicio\\\/#organization\",\"name\":\"Diario Textual\",\"url\":\"https:\\\/\\\/diariotextual.com\\\/inicio\\\/\",\"logo\":{\"@type\":\"ImageObject\",\"inLanguage\":\"es\",\"@id\":\"https:\\\/\\\/diariotextual.com\\\/inicio\\\/#\\\/schema\\\/logo\\\/image\\\/\",\"url\":\"https:\\\/\\\/diariotextual.com\\\/inicio\\\/wp-content\\\/uploads\\\/2023\\\/05\\\/logotextual1.jpg\",\"contentUrl\":\"https:\\\/\\\/diariotextual.com\\\/inicio\\\/wp-content\\\/uploads\\\/2023\\\/05\\\/logotextual1.jpg\",\"width\":516,\"height\":76,\"caption\":\"Diario Textual\"},\"image\":{\"@id\":\"https:\\\/\\\/diariotextual.com\\\/inicio\\\/#\\\/schema\\\/logo\\\/image\\\/\"},\"sameAs\":[\"https:\\\/\\\/www.facebook.com\\\/eltextual\",\"https:\\\/\\\/x.com\\\/eltextual\",\"http:\\\/\\\/www.instagram.com\\\/eltextual\"]},{\"@type\":\"Person\",\"@id\":\"https:\\\/\\\/diariotextual.com\\\/inicio\\\/#\\\/schema\\\/person\\\/418fc4093c33e86ed41562db3508f958\",\"name\":\"Diario1 Diario1\",\"image\":{\"@type\":\"ImageObject\",\"inLanguage\":\"es\",\"@id\":\"https:\\\/\\\/secure.gravatar.com\\\/avatar\\\/9167d280179c85bc18be67aa7eda765854300033af4896dd779b608640f2ef7a?s=96&d=mm&r=g\",\"url\":\"https:\\\/\\\/secure.gravatar.com\\\/avatar\\\/9167d280179c85bc18be67aa7eda765854300033af4896dd779b608640f2ef7a?s=96&d=mm&r=g\",\"contentUrl\":\"https:\\\/\\\/secure.gravatar.com\\\/avatar\\\/9167d280179c85bc18be67aa7eda765854300033af4896dd779b608640f2ef7a?s=96&d=mm&r=g\",\"caption\":\"Diario1 Diario1\"},\"url\":\"https:\\\/\\\/diariotextual.com\\\/inicio\\\/index.php\\\/author\\\/diario1\\\/\"}]}<\/script>\n<!-- \/ Yoast SEO plugin. -->","yoast_head_json":{"title":"La ola peronista: la vigencia de un proyecto en La Pampa - Diario Textual","robots":{"index":"index","follow":"follow","max-snippet":"max-snippet:-1","max-image-preview":"max-image-preview:large","max-video-preview":"max-video-preview:-1"},"canonical":"https:\/\/diariotextual.com\/inicio\/index.php\/2019\/05\/19\/la-ola-peronista-la-vigencia-proyecto-la-pampa\/","og_locale":"es_ES","og_type":"article","og_title":"La ola peronista: la vigencia de un proyecto en La Pampa - Diario Textual","og_description":"Por Norberto G. Asquini","og_url":"https:\/\/diariotextual.com\/inicio\/index.php\/2019\/05\/19\/la-ola-peronista-la-vigencia-proyecto-la-pampa\/","og_site_name":"Diario Textual","article_publisher":"https:\/\/www.facebook.com\/eltextual","article_published_time":"2019-05-19T23:49:18+00:00","article_modified_time":"2019-05-20T00:41:32+00:00","og_image":[{"width":1228,"height":854,"url":"https:\/\/diariotextual.com\/inicio\/wp-content\/uploads\/2019\/02\/ziliottodinapoli2019-111.jpg","type":"image\/jpeg"}],"author":"Diario1 Diario1","twitter_card":"summary_large_image","twitter_creator":"@eltextual","twitter_site":"@eltextual","twitter_misc":{"Escrito por":"Diario1 Diario1","Tiempo de lectura":"3 minutos"},"schema":{"@context":"https:\/\/schema.org","@graph":[{"@type":"Article","@id":"https:\/\/diariotextual.com\/inicio\/index.php\/2019\/05\/19\/la-ola-peronista-la-vigencia-proyecto-la-pampa\/#article","isPartOf":{"@id":"https:\/\/diariotextual.com\/inicio\/index.php\/2019\/05\/19\/la-ola-peronista-la-vigencia-proyecto-la-pampa\/"},"author":{"name":"Diario1 Diario1","@id":"https:\/\/diariotextual.com\/inicio\/#\/schema\/person\/418fc4093c33e86ed41562db3508f958"},"headline":"La ola peronista: la vigencia de un proyecto en La Pampa","datePublished":"2019-05-19T23:49:18+00:00","dateModified":"2019-05-20T00:41:32+00:00","mainEntityOfPage":{"@id":"https:\/\/diariotextual.com\/inicio\/index.php\/2019\/05\/19\/la-ola-peronista-la-vigencia-proyecto-la-pampa\/"},"wordCount":666,"publisher":{"@id":"https:\/\/diariotextual.com\/inicio\/#organization"},"image":{"@id":"https:\/\/diariotextual.com\/inicio\/index.php\/2019\/05\/19\/la-ola-peronista-la-vigencia-proyecto-la-pampa\/#primaryimage"},"thumbnailUrl":"https:\/\/diariotextual.com\/inicio\/wp-content\/uploads\/2019\/02\/ziliottodinapoli2019-111.jpg","articleSection":["A - PORTADA2","POLITICA"],"inLanguage":"es"},{"@type":"WebPage","@id":"https:\/\/diariotextual.com\/inicio\/index.php\/2019\/05\/19\/la-ola-peronista-la-vigencia-proyecto-la-pampa\/","url":"https:\/\/diariotextual.com\/inicio\/index.php\/2019\/05\/19\/la-ola-peronista-la-vigencia-proyecto-la-pampa\/","name":"La ola peronista: la vigencia de un proyecto en La Pampa - Diario Textual","isPartOf":{"@id":"https:\/\/diariotextual.com\/inicio\/#website"},"primaryImageOfPage":{"@id":"https:\/\/diariotextual.com\/inicio\/index.php\/2019\/05\/19\/la-ola-peronista-la-vigencia-proyecto-la-pampa\/#primaryimage"},"image":{"@id":"https:\/\/diariotextual.com\/inicio\/index.php\/2019\/05\/19\/la-ola-peronista-la-vigencia-proyecto-la-pampa\/#primaryimage"},"thumbnailUrl":"https:\/\/diariotextual.com\/inicio\/wp-content\/uploads\/2019\/02\/ziliottodinapoli2019-111.jpg","datePublished":"2019-05-19T23:49:18+00:00","dateModified":"2019-05-20T00:41:32+00:00","breadcrumb":{"@id":"https:\/\/diariotextual.com\/inicio\/index.php\/2019\/05\/19\/la-ola-peronista-la-vigencia-proyecto-la-pampa\/#breadcrumb"},"inLanguage":"es","potentialAction":[{"@type":"ReadAction","target":["https:\/\/diariotextual.com\/inicio\/index.php\/2019\/05\/19\/la-ola-peronista-la-vigencia-proyecto-la-pampa\/"]}]},{"@type":"ImageObject","inLanguage":"es","@id":"https:\/\/diariotextual.com\/inicio\/index.php\/2019\/05\/19\/la-ola-peronista-la-vigencia-proyecto-la-pampa\/#primaryimage","url":"https:\/\/diariotextual.com\/inicio\/wp-content\/uploads\/2019\/02\/ziliottodinapoli2019-111.jpg","contentUrl":"https:\/\/diariotextual.com\/inicio\/wp-content\/uploads\/2019\/02\/ziliottodinapoli2019-111.jpg","width":1228,"height":854},{"@type":"BreadcrumbList","@id":"https:\/\/diariotextual.com\/inicio\/index.php\/2019\/05\/19\/la-ola-peronista-la-vigencia-proyecto-la-pampa\/#breadcrumb","itemListElement":[{"@type":"ListItem","position":1,"name":"Portada","item":"https:\/\/diariotextual.com\/inicio\/"},{"@type":"ListItem","position":2,"name":"La ola peronista: la vigencia de un proyecto en La Pampa"}]},{"@type":"WebSite","@id":"https:\/\/diariotextual.com\/inicio\/#website","url":"https:\/\/diariotextual.com\/inicio\/","name":"Diario Textual","description":"","publisher":{"@id":"https:\/\/diariotextual.com\/inicio\/#organization"},"potentialAction":[{"@type":"SearchAction","target":{"@type":"EntryPoint","urlTemplate":"https:\/\/diariotextual.com\/inicio\/?s={search_term_string}"},"query-input":{"@type":"PropertyValueSpecification","valueRequired":true,"valueName":"search_term_string"}}],"inLanguage":"es"},{"@type":"Organization","@id":"https:\/\/diariotextual.com\/inicio\/#organization","name":"Diario Textual","url":"https:\/\/diariotextual.com\/inicio\/","logo":{"@type":"ImageObject","inLanguage":"es","@id":"https:\/\/diariotextual.com\/inicio\/#\/schema\/logo\/image\/","url":"https:\/\/diariotextual.com\/inicio\/wp-content\/uploads\/2023\/05\/logotextual1.jpg","contentUrl":"https:\/\/diariotextual.com\/inicio\/wp-content\/uploads\/2023\/05\/logotextual1.jpg","width":516,"height":76,"caption":"Diario Textual"},"image":{"@id":"https:\/\/diariotextual.com\/inicio\/#\/schema\/logo\/image\/"},"sameAs":["https:\/\/www.facebook.com\/eltextual","https:\/\/x.com\/eltextual","http:\/\/www.instagram.com\/eltextual"]},{"@type":"Person","@id":"https:\/\/diariotextual.com\/inicio\/#\/schema\/person\/418fc4093c33e86ed41562db3508f958","name":"Diario1 Diario1","image":{"@type":"ImageObject","inLanguage":"es","@id":"https:\/\/secure.gravatar.com\/avatar\/9167d280179c85bc18be67aa7eda765854300033af4896dd779b608640f2ef7a?s=96&d=mm&r=g","url":"https:\/\/secure.gravatar.com\/avatar\/9167d280179c85bc18be67aa7eda765854300033af4896dd779b608640f2ef7a?s=96&d=mm&r=g","contentUrl":"https:\/\/secure.gravatar.com\/avatar\/9167d280179c85bc18be67aa7eda765854300033af4896dd779b608640f2ef7a?s=96&d=mm&r=g","caption":"Diario1 Diario1"},"url":"https:\/\/diariotextual.com\/inicio\/index.php\/author\/diario1\/"}]}},"_links":{"self":[{"href":"https:\/\/diariotextual.com\/inicio\/index.php\/wp-json\/wp\/v2\/posts\/49188","targetHints":{"allow":["GET"]}}],"collection":[{"href":"https:\/\/diariotextual.com\/inicio\/index.php\/wp-json\/wp\/v2\/posts"}],"about":[{"href":"https:\/\/diariotextual.com\/inicio\/index.php\/wp-json\/wp\/v2\/types\/post"}],"author":[{"embeddable":true,"href":"https:\/\/diariotextual.com\/inicio\/index.php\/wp-json\/wp\/v2\/users\/3"}],"replies":[{"embeddable":true,"href":"https:\/\/diariotextual.com\/inicio\/index.php\/wp-json\/wp\/v2\/comments?post=49188"}],"version-history":[{"count":2,"href":"https:\/\/diariotextual.com\/inicio\/index.php\/wp-json\/wp\/v2\/posts\/49188\/revisions"}],"predecessor-version":[{"id":49191,"href":"https:\/\/diariotextual.com\/inicio\/index.php\/wp-json\/wp\/v2\/posts\/49188\/revisions\/49191"}],"wp:featuredmedia":[{"embeddable":true,"href":"https:\/\/diariotextual.com\/inicio\/index.php\/wp-json\/wp\/v2\/media\/38734"}],"wp:attachment":[{"href":"https:\/\/diariotextual.com\/inicio\/index.php\/wp-json\/wp\/v2\/media?parent=49188"}],"wp:term":[{"taxonomy":"category","embeddable":true,"href":"https:\/\/diariotextual.com\/inicio\/index.php\/wp-json\/wp\/v2\/categories?post=49188"},{"taxonomy":"post_tag","embeddable":true,"href":"https:\/\/diariotextual.com\/inicio\/index.php\/wp-json\/wp\/v2\/tags?post=49188"}],"curies":[{"name":"wp","href":"https:\/\/api.w.org\/{rel}","templated":true}]}}