{"id":49204,"date":"2019-05-19T21:24:40","date_gmt":"2019-05-20T00:24:40","guid":{"rendered":"http:\/\/diariotextual.com\/inicio\/?p=49204"},"modified":"2019-05-20T11:49:16","modified_gmt":"2019-05-20T14:49:16","slug":"ziliotto-nuevo-gobernador-los-pampeanos-elegido-mas-peronismo-mas-justicia-social","status":"publish","type":"post","link":"https:\/\/diariotextual.com\/inicio\/index.php\/2019\/05\/19\/ziliotto-nuevo-gobernador-los-pampeanos-elegido-mas-peronismo-mas-justicia-social\/","title":{"rendered":"Ziliotto, el nuevo gobernador: \u00abLos pampeanos han elegido m\u00e1s peronismo y m\u00e1s justicia social\u201d"},"content":{"rendered":"<p><strong>Sergio Ziliotto<\/strong>, quien el 10 de diciembre se convertir\u00e1 en el nuevo gobernador, agradeci\u00f3 el respaldo de los pampeanos, luego <strong>de ganar con el 51% contra el 32% del postulante de Cambiemos<\/strong>. \u201cQueremos agradecerle a la ciudadan\u00eda pampeano, apoyando a este modelo de Gobierno pampeano. Hemos logrado un triunfo contundente. Santa Rosa la hemos recuperado para el peronismo y ratificado la hegemon\u00eda en Pico\u201d, sostuvo.<\/p>\n<p>\u201cLos pampeanos han elegido cu\u00e1l es el rumbo. Los pampeanos siguen eligiendo el camino del peronismo: m\u00e1s dignidad, m\u00e1s ampliaci\u00f3n de derechos y m\u00e1s justicia social\u201d, sostuvo. \u201cHan elegido independencia econ\u00f3mica y soberan\u00eda pol\u00edtica\u201d, agreg\u00f3.<\/p>\n<blockquote class=\"wp-embedded-content\" data-secret=\"5uA0H3zrDd\"><p><a href=\"http:\/\/diariotextual.com\/inicio\/index.php\/2019\/05\/19\/ziliotto-nuevo-gobernador-la-pampa\/\">Ziliotto es el nuevo gobernador de La Pampa<\/a><\/p><\/blockquote>\n<p><iframe class=\"wp-embedded-content\" sandbox=\"allow-scripts\" security=\"restricted\" style=\"position: absolute; clip: rect(1px, 1px, 1px, 1px);\" src=\"http:\/\/diariotextual.com\/inicio\/index.php\/2019\/05\/19\/ziliotto-nuevo-gobernador-la-pampa\/embed\/#?secret=5uA0H3zrDd\" data-secret=\"5uA0H3zrDd\" width=\"600\" height=\"338\" title=\"&#8220;Ziliotto es el nuevo gobernador de La Pampa&#8221; &#8212; Diario Textual\" frameborder=\"0\" marginwidth=\"0\" marginheight=\"0\" scrolling=\"no\"><\/iframe><\/p>\n<p>Ziliotto ratific\u00f3 este domingo la supremac\u00eda electoral del justicialismo, que desde hace 36 a\u00f1os gobierna la Provincia.<\/p>\n<p>El triunfo del candidato justicialista signific\u00f3 por un lado<strong> un respaldo popular al gobernador Carlos Verna<\/strong> y por otro lado <strong>un nuevo rev\u00e9s para Cambiemos, que sum\u00f3 otra derrota electoral en el pa\u00eds. La novena en lo que va del a\u00f1o.<\/strong><\/p>\n<blockquote class=\"wp-embedded-content\" data-secret=\"NQLIOjBUGT\"><p><a href=\"http:\/\/diariotextual.com\/inicio\/index.php\/2019\/05\/19\/la-ola-peronista-la-vigencia-proyecto-la-pampa\/\">La ola peronista: la vigencia de un proyecto en La Pampa<\/a><\/p><\/blockquote>\n<p><iframe class=\"wp-embedded-content\" sandbox=\"allow-scripts\" security=\"restricted\" style=\"position: absolute; clip: rect(1px, 1px, 1px, 1px);\" src=\"http:\/\/diariotextual.com\/inicio\/index.php\/2019\/05\/19\/la-ola-peronista-la-vigencia-proyecto-la-pampa\/embed\/#?secret=NQLIOjBUGT\" data-secret=\"NQLIOjBUGT\" width=\"600\" height=\"338\" title=\"&#8220;La ola peronista: la vigencia de un proyecto en La Pampa&#8221; &#8212; Diario Textual\" frameborder=\"0\" marginwidth=\"0\" marginheight=\"0\" scrolling=\"no\"><\/iframe><\/p>\n<p>&nbsp;<\/p>\n<p>&nbsp;<\/p>\n<p>&nbsp;<\/p>\n","protected":false},"excerpt":{"rendered":"<p>Sergio Ziliotto, quien el 10 de diciembre se convertir\u00e1 en el nuevo gobernador, agradeci\u00f3 el respaldo de los pampeanos, luego de ganar con el 51% contra el 32% del postulante&hellip;<\/p>\n","protected":false},"author":3,"featured_media":41807,"comment_status":"closed","ping_status":"open","sticky":false,"template":"","format":"standard","meta":{"_acf_changed":false,"footnotes":""},"categories":[11,319,8],"tags":[],"class_list":["post-49204","post","type-post","status-publish","format-standard","has-post-thumbnail","hentry","category-que-pasa","category-a-temporales","category-politica"],"acf":[],"yoast_head":"<!-- This site is optimized with the Yoast SEO plugin v27.5 - https:\/\/yoast.com\/product\/yoast-seo-wordpress\/ -->\n<title>Ziliotto, el nuevo gobernador: &quot;Los pampeanos han elegido m\u00e1s peronismo y m\u00e1s justicia social\u201d - Diario Textual<\/title>\n<meta name=\"robots\" content=\"index, follow, max-snippet:-1, max-image-preview:large, max-video-preview:-1\" \/>\n<link rel=\"canonical\" href=\"https:\/\/diariotextual.com\/inicio\/index.php\/2019\/05\/19\/ziliotto-nuevo-gobernador-los-pampeanos-elegido-mas-peronismo-mas-justicia-social\/\" \/>\n<meta property=\"og:locale\" content=\"es_ES\" \/>\n<meta property=\"og:type\" content=\"article\" \/>\n<meta property=\"og:title\" content=\"Ziliotto, el nuevo gobernador: &quot;Los pampeanos han elegido m\u00e1s peronismo y m\u00e1s justicia social\u201d - Diario Textual\" \/>\n<meta property=\"og:description\" content=\"Sergio Ziliotto, quien el 10 de diciembre se convertir\u00e1 en el nuevo gobernador, agradeci\u00f3 el respaldo de los pampeanos, luego de ganar con el 51% contra el 32% del postulante&hellip;\" \/>\n<meta property=\"og:url\" content=\"https:\/\/diariotextual.com\/inicio\/index.php\/2019\/05\/19\/ziliotto-nuevo-gobernador-los-pampeanos-elegido-mas-peronismo-mas-justicia-social\/\" \/>\n<meta property=\"og:site_name\" content=\"Diario Textual\" \/>\n<meta property=\"article:publisher\" content=\"https:\/\/www.facebook.com\/eltextual\" \/>\n<meta property=\"article:published_time\" content=\"2019-05-20T00:24:40+00:00\" \/>\n<meta property=\"article:modified_time\" content=\"2019-05-20T14:49:16+00:00\" \/>\n<meta property=\"og:image\" content=\"https:\/\/diariotextual.com\/inicio\/wp-content\/uploads\/2019\/03\/ziliottosergio2019-1050.jpg\" \/>\n\t<meta property=\"og:image:width\" content=\"960\" \/>\n\t<meta property=\"og:image:height\" content=\"636\" \/>\n\t<meta property=\"og:image:type\" content=\"image\/jpeg\" \/>\n<meta name=\"author\" content=\"Diario1 Diario1\" \/>\n<meta name=\"twitter:card\" content=\"summary_large_image\" \/>\n<meta name=\"twitter:creator\" content=\"@eltextual\" \/>\n<meta name=\"twitter:site\" content=\"@eltextual\" \/>\n<meta name=\"twitter:label1\" content=\"Escrito por\" \/>\n\t<meta name=\"twitter:data1\" content=\"Diario1 Diario1\" \/>\n\t<meta name=\"twitter:label2\" content=\"Tiempo de lectura\" \/>\n\t<meta name=\"twitter:data2\" content=\"1 minuto\" \/>\n<script type=\"application\/ld+json\" class=\"yoast-schema-graph\">{\"@context\":\"https:\\\/\\\/schema.org\",\"@graph\":[{\"@type\":\"Article\",\"@id\":\"https:\\\/\\\/diariotextual.com\\\/inicio\\\/index.php\\\/2019\\\/05\\\/19\\\/ziliotto-nuevo-gobernador-los-pampeanos-elegido-mas-peronismo-mas-justicia-social\\\/#article\",\"isPartOf\":{\"@id\":\"https:\\\/\\\/diariotextual.com\\\/inicio\\\/index.php\\\/2019\\\/05\\\/19\\\/ziliotto-nuevo-gobernador-los-pampeanos-elegido-mas-peronismo-mas-justicia-social\\\/\"},\"author\":{\"name\":\"Diario1 Diario1\",\"@id\":\"https:\\\/\\\/diariotextual.com\\\/inicio\\\/#\\\/schema\\\/person\\\/418fc4093c33e86ed41562db3508f958\"},\"headline\":\"Ziliotto, el nuevo gobernador: \u00abLos pampeanos han elegido m\u00e1s peronismo y m\u00e1s justicia social\u201d\",\"datePublished\":\"2019-05-20T00:24:40+00:00\",\"dateModified\":\"2019-05-20T14:49:16+00:00\",\"mainEntityOfPage\":{\"@id\":\"https:\\\/\\\/diariotextual.com\\\/inicio\\\/index.php\\\/2019\\\/05\\\/19\\\/ziliotto-nuevo-gobernador-los-pampeanos-elegido-mas-peronismo-mas-justicia-social\\\/\"},\"wordCount\":202,\"publisher\":{\"@id\":\"https:\\\/\\\/diariotextual.com\\\/inicio\\\/#organization\"},\"image\":{\"@id\":\"https:\\\/\\\/diariotextual.com\\\/inicio\\\/index.php\\\/2019\\\/05\\\/19\\\/ziliotto-nuevo-gobernador-los-pampeanos-elegido-mas-peronismo-mas-justicia-social\\\/#primaryimage\"},\"thumbnailUrl\":\"https:\\\/\\\/diariotextual.com\\\/inicio\\\/wp-content\\\/uploads\\\/2019\\\/03\\\/ziliottosergio2019-1050.jpg\",\"articleSection\":[\"A - QUE PASA (al costado)\",\"A - TEMPORALES\",\"POLITICA\"],\"inLanguage\":\"es\"},{\"@type\":\"WebPage\",\"@id\":\"https:\\\/\\\/diariotextual.com\\\/inicio\\\/index.php\\\/2019\\\/05\\\/19\\\/ziliotto-nuevo-gobernador-los-pampeanos-elegido-mas-peronismo-mas-justicia-social\\\/\",\"url\":\"https:\\\/\\\/diariotextual.com\\\/inicio\\\/index.php\\\/2019\\\/05\\\/19\\\/ziliotto-nuevo-gobernador-los-pampeanos-elegido-mas-peronismo-mas-justicia-social\\\/\",\"name\":\"Ziliotto, el nuevo gobernador: \\\"Los pampeanos han elegido m\u00e1s peronismo y m\u00e1s justicia social\u201d - Diario Textual\",\"isPartOf\":{\"@id\":\"https:\\\/\\\/diariotextual.com\\\/inicio\\\/#website\"},\"primaryImageOfPage\":{\"@id\":\"https:\\\/\\\/diariotextual.com\\\/inicio\\\/index.php\\\/2019\\\/05\\\/19\\\/ziliotto-nuevo-gobernador-los-pampeanos-elegido-mas-peronismo-mas-justicia-social\\\/#primaryimage\"},\"image\":{\"@id\":\"https:\\\/\\\/diariotextual.com\\\/inicio\\\/index.php\\\/2019\\\/05\\\/19\\\/ziliotto-nuevo-gobernador-los-pampeanos-elegido-mas-peronismo-mas-justicia-social\\\/#primaryimage\"},\"thumbnailUrl\":\"https:\\\/\\\/diariotextual.com\\\/inicio\\\/wp-content\\\/uploads\\\/2019\\\/03\\\/ziliottosergio2019-1050.jpg\",\"datePublished\":\"2019-05-20T00:24:40+00:00\",\"dateModified\":\"2019-05-20T14:49:16+00:00\",\"breadcrumb\":{\"@id\":\"https:\\\/\\\/diariotextual.com\\\/inicio\\\/index.php\\\/2019\\\/05\\\/19\\\/ziliotto-nuevo-gobernador-los-pampeanos-elegido-mas-peronismo-mas-justicia-social\\\/#breadcrumb\"},\"inLanguage\":\"es\",\"potentialAction\":[{\"@type\":\"ReadAction\",\"target\":[\"https:\\\/\\\/diariotextual.com\\\/inicio\\\/index.php\\\/2019\\\/05\\\/19\\\/ziliotto-nuevo-gobernador-los-pampeanos-elegido-mas-peronismo-mas-justicia-social\\\/\"]}]},{\"@type\":\"ImageObject\",\"inLanguage\":\"es\",\"@id\":\"https:\\\/\\\/diariotextual.com\\\/inicio\\\/index.php\\\/2019\\\/05\\\/19\\\/ziliotto-nuevo-gobernador-los-pampeanos-elegido-mas-peronismo-mas-justicia-social\\\/#primaryimage\",\"url\":\"https:\\\/\\\/diariotextual.com\\\/inicio\\\/wp-content\\\/uploads\\\/2019\\\/03\\\/ziliottosergio2019-1050.jpg\",\"contentUrl\":\"https:\\\/\\\/diariotextual.com\\\/inicio\\\/wp-content\\\/uploads\\\/2019\\\/03\\\/ziliottosergio2019-1050.jpg\",\"width\":960,\"height\":636},{\"@type\":\"BreadcrumbList\",\"@id\":\"https:\\\/\\\/diariotextual.com\\\/inicio\\\/index.php\\\/2019\\\/05\\\/19\\\/ziliotto-nuevo-gobernador-los-pampeanos-elegido-mas-peronismo-mas-justicia-social\\\/#breadcrumb\",\"itemListElement\":[{\"@type\":\"ListItem\",\"position\":1,\"name\":\"Portada\",\"item\":\"https:\\\/\\\/diariotextual.com\\\/inicio\\\/\"},{\"@type\":\"ListItem\",\"position\":2,\"name\":\"Ziliotto, el nuevo gobernador: \u00abLos pampeanos han elegido m\u00e1s peronismo y m\u00e1s justicia social\u201d\"}]},{\"@type\":\"WebSite\",\"@id\":\"https:\\\/\\\/diariotextual.com\\\/inicio\\\/#website\",\"url\":\"https:\\\/\\\/diariotextual.com\\\/inicio\\\/\",\"name\":\"Diario Textual\",\"description\":\"\",\"publisher\":{\"@id\":\"https:\\\/\\\/diariotextual.com\\\/inicio\\\/#organization\"},\"potentialAction\":[{\"@type\":\"SearchAction\",\"target\":{\"@type\":\"EntryPoint\",\"urlTemplate\":\"https:\\\/\\\/diariotextual.com\\\/inicio\\\/?s={search_term_string}\"},\"query-input\":{\"@type\":\"PropertyValueSpecification\",\"valueRequired\":true,\"valueName\":\"search_term_string\"}}],\"inLanguage\":\"es\"},{\"@type\":\"Organization\",\"@id\":\"https:\\\/\\\/diariotextual.com\\\/inicio\\\/#organization\",\"name\":\"Diario Textual\",\"url\":\"https:\\\/\\\/diariotextual.com\\\/inicio\\\/\",\"logo\":{\"@type\":\"ImageObject\",\"inLanguage\":\"es\",\"@id\":\"https:\\\/\\\/diariotextual.com\\\/inicio\\\/#\\\/schema\\\/logo\\\/image\\\/\",\"url\":\"https:\\\/\\\/diariotextual.com\\\/inicio\\\/wp-content\\\/uploads\\\/2023\\\/05\\\/logotextual1.jpg\",\"contentUrl\":\"https:\\\/\\\/diariotextual.com\\\/inicio\\\/wp-content\\\/uploads\\\/2023\\\/05\\\/logotextual1.jpg\",\"width\":516,\"height\":76,\"caption\":\"Diario Textual\"},\"image\":{\"@id\":\"https:\\\/\\\/diariotextual.com\\\/inicio\\\/#\\\/schema\\\/logo\\\/image\\\/\"},\"sameAs\":[\"https:\\\/\\\/www.facebook.com\\\/eltextual\",\"https:\\\/\\\/x.com\\\/eltextual\",\"http:\\\/\\\/www.instagram.com\\\/eltextual\"]},{\"@type\":\"Person\",\"@id\":\"https:\\\/\\\/diariotextual.com\\\/inicio\\\/#\\\/schema\\\/person\\\/418fc4093c33e86ed41562db3508f958\",\"name\":\"Diario1 Diario1\",\"image\":{\"@type\":\"ImageObject\",\"inLanguage\":\"es\",\"@id\":\"https:\\\/\\\/secure.gravatar.com\\\/avatar\\\/9167d280179c85bc18be67aa7eda765854300033af4896dd779b608640f2ef7a?s=96&d=mm&r=g\",\"url\":\"https:\\\/\\\/secure.gravatar.com\\\/avatar\\\/9167d280179c85bc18be67aa7eda765854300033af4896dd779b608640f2ef7a?s=96&d=mm&r=g\",\"contentUrl\":\"https:\\\/\\\/secure.gravatar.com\\\/avatar\\\/9167d280179c85bc18be67aa7eda765854300033af4896dd779b608640f2ef7a?s=96&d=mm&r=g\",\"caption\":\"Diario1 Diario1\"},\"url\":\"https:\\\/\\\/diariotextual.com\\\/inicio\\\/index.php\\\/author\\\/diario1\\\/\"}]}<\/script>\n<!-- \/ Yoast SEO plugin. -->","yoast_head_json":{"title":"Ziliotto, el nuevo gobernador: \"Los pampeanos han elegido m\u00e1s peronismo y m\u00e1s justicia social\u201d - Diario Textual","robots":{"index":"index","follow":"follow","max-snippet":"max-snippet:-1","max-image-preview":"max-image-preview:large","max-video-preview":"max-video-preview:-1"},"canonical":"https:\/\/diariotextual.com\/inicio\/index.php\/2019\/05\/19\/ziliotto-nuevo-gobernador-los-pampeanos-elegido-mas-peronismo-mas-justicia-social\/","og_locale":"es_ES","og_type":"article","og_title":"Ziliotto, el nuevo gobernador: \"Los pampeanos han elegido m\u00e1s peronismo y m\u00e1s justicia social\u201d - Diario Textual","og_description":"Sergio Ziliotto, quien el 10 de diciembre se convertir\u00e1 en el nuevo gobernador, agradeci\u00f3 el respaldo de los pampeanos, luego de ganar con el 51% contra el 32% del postulante&hellip;","og_url":"https:\/\/diariotextual.com\/inicio\/index.php\/2019\/05\/19\/ziliotto-nuevo-gobernador-los-pampeanos-elegido-mas-peronismo-mas-justicia-social\/","og_site_name":"Diario Textual","article_publisher":"https:\/\/www.facebook.com\/eltextual","article_published_time":"2019-05-20T00:24:40+00:00","article_modified_time":"2019-05-20T14:49:16+00:00","og_image":[{"width":960,"height":636,"url":"https:\/\/diariotextual.com\/inicio\/wp-content\/uploads\/2019\/03\/ziliottosergio2019-1050.jpg","type":"image\/jpeg"}],"author":"Diario1 Diario1","twitter_card":"summary_large_image","twitter_creator":"@eltextual","twitter_site":"@eltextual","twitter_misc":{"Escrito por":"Diario1 Diario1","Tiempo de lectura":"1 minuto"},"schema":{"@context":"https:\/\/schema.org","@graph":[{"@type":"Article","@id":"https:\/\/diariotextual.com\/inicio\/index.php\/2019\/05\/19\/ziliotto-nuevo-gobernador-los-pampeanos-elegido-mas-peronismo-mas-justicia-social\/#article","isPartOf":{"@id":"https:\/\/diariotextual.com\/inicio\/index.php\/2019\/05\/19\/ziliotto-nuevo-gobernador-los-pampeanos-elegido-mas-peronismo-mas-justicia-social\/"},"author":{"name":"Diario1 Diario1","@id":"https:\/\/diariotextual.com\/inicio\/#\/schema\/person\/418fc4093c33e86ed41562db3508f958"},"headline":"Ziliotto, el nuevo gobernador: \u00abLos pampeanos han elegido m\u00e1s peronismo y m\u00e1s justicia social\u201d","datePublished":"2019-05-20T00:24:40+00:00","dateModified":"2019-05-20T14:49:16+00:00","mainEntityOfPage":{"@id":"https:\/\/diariotextual.com\/inicio\/index.php\/2019\/05\/19\/ziliotto-nuevo-gobernador-los-pampeanos-elegido-mas-peronismo-mas-justicia-social\/"},"wordCount":202,"publisher":{"@id":"https:\/\/diariotextual.com\/inicio\/#organization"},"image":{"@id":"https:\/\/diariotextual.com\/inicio\/index.php\/2019\/05\/19\/ziliotto-nuevo-gobernador-los-pampeanos-elegido-mas-peronismo-mas-justicia-social\/#primaryimage"},"thumbnailUrl":"https:\/\/diariotextual.com\/inicio\/wp-content\/uploads\/2019\/03\/ziliottosergio2019-1050.jpg","articleSection":["A - QUE PASA (al costado)","A - TEMPORALES","POLITICA"],"inLanguage":"es"},{"@type":"WebPage","@id":"https:\/\/diariotextual.com\/inicio\/index.php\/2019\/05\/19\/ziliotto-nuevo-gobernador-los-pampeanos-elegido-mas-peronismo-mas-justicia-social\/","url":"https:\/\/diariotextual.com\/inicio\/index.php\/2019\/05\/19\/ziliotto-nuevo-gobernador-los-pampeanos-elegido-mas-peronismo-mas-justicia-social\/","name":"Ziliotto, el nuevo gobernador: \"Los pampeanos han elegido m\u00e1s peronismo y m\u00e1s justicia social\u201d - Diario Textual","isPartOf":{"@id":"https:\/\/diariotextual.com\/inicio\/#website"},"primaryImageOfPage":{"@id":"https:\/\/diariotextual.com\/inicio\/index.php\/2019\/05\/19\/ziliotto-nuevo-gobernador-los-pampeanos-elegido-mas-peronismo-mas-justicia-social\/#primaryimage"},"image":{"@id":"https:\/\/diariotextual.com\/inicio\/index.php\/2019\/05\/19\/ziliotto-nuevo-gobernador-los-pampeanos-elegido-mas-peronismo-mas-justicia-social\/#primaryimage"},"thumbnailUrl":"https:\/\/diariotextual.com\/inicio\/wp-content\/uploads\/2019\/03\/ziliottosergio2019-1050.jpg","datePublished":"2019-05-20T00:24:40+00:00","dateModified":"2019-05-20T14:49:16+00:00","breadcrumb":{"@id":"https:\/\/diariotextual.com\/inicio\/index.php\/2019\/05\/19\/ziliotto-nuevo-gobernador-los-pampeanos-elegido-mas-peronismo-mas-justicia-social\/#breadcrumb"},"inLanguage":"es","potentialAction":[{"@type":"ReadAction","target":["https:\/\/diariotextual.com\/inicio\/index.php\/2019\/05\/19\/ziliotto-nuevo-gobernador-los-pampeanos-elegido-mas-peronismo-mas-justicia-social\/"]}]},{"@type":"ImageObject","inLanguage":"es","@id":"https:\/\/diariotextual.com\/inicio\/index.php\/2019\/05\/19\/ziliotto-nuevo-gobernador-los-pampeanos-elegido-mas-peronismo-mas-justicia-social\/#primaryimage","url":"https:\/\/diariotextual.com\/inicio\/wp-content\/uploads\/2019\/03\/ziliottosergio2019-1050.jpg","contentUrl":"https:\/\/diariotextual.com\/inicio\/wp-content\/uploads\/2019\/03\/ziliottosergio2019-1050.jpg","width":960,"height":636},{"@type":"BreadcrumbList","@id":"https:\/\/diariotextual.com\/inicio\/index.php\/2019\/05\/19\/ziliotto-nuevo-gobernador-los-pampeanos-elegido-mas-peronismo-mas-justicia-social\/#breadcrumb","itemListElement":[{"@type":"ListItem","position":1,"name":"Portada","item":"https:\/\/diariotextual.com\/inicio\/"},{"@type":"ListItem","position":2,"name":"Ziliotto, el nuevo gobernador: \u00abLos pampeanos han elegido m\u00e1s peronismo y m\u00e1s justicia social\u201d"}]},{"@type":"WebSite","@id":"https:\/\/diariotextual.com\/inicio\/#website","url":"https:\/\/diariotextual.com\/inicio\/","name":"Diario Textual","description":"","publisher":{"@id":"https:\/\/diariotextual.com\/inicio\/#organization"},"potentialAction":[{"@type":"SearchAction","target":{"@type":"EntryPoint","urlTemplate":"https:\/\/diariotextual.com\/inicio\/?s={search_term_string}"},"query-input":{"@type":"PropertyValueSpecification","valueRequired":true,"valueName":"search_term_string"}}],"inLanguage":"es"},{"@type":"Organization","@id":"https:\/\/diariotextual.com\/inicio\/#organization","name":"Diario Textual","url":"https:\/\/diariotextual.com\/inicio\/","logo":{"@type":"ImageObject","inLanguage":"es","@id":"https:\/\/diariotextual.com\/inicio\/#\/schema\/logo\/image\/","url":"https:\/\/diariotextual.com\/inicio\/wp-content\/uploads\/2023\/05\/logotextual1.jpg","contentUrl":"https:\/\/diariotextual.com\/inicio\/wp-content\/uploads\/2023\/05\/logotextual1.jpg","width":516,"height":76,"caption":"Diario Textual"},"image":{"@id":"https:\/\/diariotextual.com\/inicio\/#\/schema\/logo\/image\/"},"sameAs":["https:\/\/www.facebook.com\/eltextual","https:\/\/x.com\/eltextual","http:\/\/www.instagram.com\/eltextual"]},{"@type":"Person","@id":"https:\/\/diariotextual.com\/inicio\/#\/schema\/person\/418fc4093c33e86ed41562db3508f958","name":"Diario1 Diario1","image":{"@type":"ImageObject","inLanguage":"es","@id":"https:\/\/secure.gravatar.com\/avatar\/9167d280179c85bc18be67aa7eda765854300033af4896dd779b608640f2ef7a?s=96&d=mm&r=g","url":"https:\/\/secure.gravatar.com\/avatar\/9167d280179c85bc18be67aa7eda765854300033af4896dd779b608640f2ef7a?s=96&d=mm&r=g","contentUrl":"https:\/\/secure.gravatar.com\/avatar\/9167d280179c85bc18be67aa7eda765854300033af4896dd779b608640f2ef7a?s=96&d=mm&r=g","caption":"Diario1 Diario1"},"url":"https:\/\/diariotextual.com\/inicio\/index.php\/author\/diario1\/"}]}},"_links":{"self":[{"href":"https:\/\/diariotextual.com\/inicio\/index.php\/wp-json\/wp\/v2\/posts\/49204","targetHints":{"allow":["GET"]}}],"collection":[{"href":"https:\/\/diariotextual.com\/inicio\/index.php\/wp-json\/wp\/v2\/posts"}],"about":[{"href":"https:\/\/diariotextual.com\/inicio\/index.php\/wp-json\/wp\/v2\/types\/post"}],"author":[{"embeddable":true,"href":"https:\/\/diariotextual.com\/inicio\/index.php\/wp-json\/wp\/v2\/users\/3"}],"replies":[{"embeddable":true,"href":"https:\/\/diariotextual.com\/inicio\/index.php\/wp-json\/wp\/v2\/comments?post=49204"}],"version-history":[{"count":4,"href":"https:\/\/diariotextual.com\/inicio\/index.php\/wp-json\/wp\/v2\/posts\/49204\/revisions"}],"predecessor-version":[{"id":49250,"href":"https:\/\/diariotextual.com\/inicio\/index.php\/wp-json\/wp\/v2\/posts\/49204\/revisions\/49250"}],"wp:featuredmedia":[{"embeddable":true,"href":"https:\/\/diariotextual.com\/inicio\/index.php\/wp-json\/wp\/v2\/media\/41807"}],"wp:attachment":[{"href":"https:\/\/diariotextual.com\/inicio\/index.php\/wp-json\/wp\/v2\/media?parent=49204"}],"wp:term":[{"taxonomy":"category","embeddable":true,"href":"https:\/\/diariotextual.com\/inicio\/index.php\/wp-json\/wp\/v2\/categories?post=49204"},{"taxonomy":"post_tag","embeddable":true,"href":"https:\/\/diariotextual.com\/inicio\/index.php\/wp-json\/wp\/v2\/tags?post=49204"}],"curies":[{"name":"wp","href":"https:\/\/api.w.org\/{rel}","templated":true}]}}