{"id":49651,"date":"2019-05-22T13:23:44","date_gmt":"2019-05-22T16:23:44","guid":{"rendered":"http:\/\/diariotextual.com\/inicio\/?p=49651"},"modified":"2019-05-22T19:37:20","modified_gmt":"2019-05-22T22:37:20","slug":"la-pampa-prohibio-tipo-agroquimico-24d","status":"publish","type":"post","link":"https:\/\/diariotextual.com\/inicio\/index.php\/2019\/05\/22\/la-pampa-prohibio-tipo-agroquimico-24d\/","title":{"rendered":"La Pampa prohibi\u00f3 un tipo de agroqu\u00edmico 2,4d"},"content":{"rendered":"<p>El Ministerio de la Producci\u00f3n de La Pampa anunci\u00f3 este mi\u00e9rcoles que dentro de tres meses estar\u00e1<strong> prohibido en toda la provincia<\/strong> un herbicida altamente vol\u00e1til: el<strong> 2,4d, but\u00edlico e isobut\u00edlico, en formulaciones \u00e9steres.<\/strong><\/p>\n<p>Es un agroqu\u00edmico que se utiliza para controlar o eliminar la maleza de hoja ancha en los cultivos de cereales de invierno. Principalmente para hacer los barbechos.<\/p>\n<p>Igual los productores rurales podr\u00e1n usar otros agroqu\u00edmicos de la misma familia del 2,4d. \u201cHay productos m\u00e1s seguros porque no son vol\u00e1tiles o tienen baja volatilidad\u201d, dijo<strong> Carlos Ferrero<\/strong>, director de Agricultura. \u201cEsos productos usan formulaciones m\u00e1s seguras para el ambiente. Lo que tiene el 2,4d ester es que pasa f\u00e1cilmente a fase de vaporizaci\u00f3n y se disperse en el ambiente\u201d.<\/p>\n<p><strong> \u00bfPor qu\u00e9 esta prohibici\u00f3n? \u00abPorque afecta a cultivos sensibles\u00bb, sostuvo el funcionario.<\/strong><\/p>\n<p>\u00abLa idea no es quitar una herramienta en el mercado. Hay otras formulaciones mucho m\u00e1s seguras. La idea es alentar a los t\u00e9cnicos a que usen otras formulaciones m\u00e1s seguras con el ambiente\u00bb, insisti\u00f3 Ferrero.<\/p>\n<p>Para llegar a esta prohibici\u00f3n, se hizo una presentaci\u00f3n en la Comisi\u00f3n Provincial de Sanidad Ambiental. \u201cHubo t\u00e9cnicos del INTA que, en el \u00e1mbito de la comisi\u00f3n, presentaron los resultados de los an\u00e1lisis del uso de este producto. En base a ello, la comisi\u00f3n recomend\u00f3 a la Provincia la prohibici\u00f3n de esta formulaci\u00f3n\u201d, cont\u00f3.<\/p>\n<p>En tanto,\u00a0\u00a0el ministro de la Producci\u00f3n, Ricardo Moralejo, sostuvo que \u201cesta es una medida muy importante ya que est\u00e1 reforzando una pol\u00edtica\u00bb que lleva adelante el Ministerio de la Producci\u00f3n, como tambi\u00e9n el de Seguridad y la Secretar\u00eda de Ambiente respecto de crear un ambiente \u00ablimpio y saludable\u00bb para la producci\u00f3n de alimentos. \u00abSe trata de un producto de alta volatilidad, se gasifica muy f\u00e1cilmente y vemos que trae problemas en los arbolados urbanos como tambi\u00e9n cultivos sensibles, por lo cual -ampli\u00f3-, perjudica tanto a la producci\u00f3n urbana como rural, como as\u00ed tambi\u00e9n a aquellos productores que quieren trabajar en producciones org\u00e1nicas, porque puede ser de f\u00e1cil contaminaci\u00f3n\u201d, dijo.<\/p>\n<p>Adem\u00e1s inform\u00f3 que esta medida est\u00e1 apoyada con el retiro de las m\u00e1quinas pulverizadoras de los centros urbanos. \u201cPara lo cual se requiere el apoyo del Ministerio de Seguridad, ya que solo podr\u00e1n entrar las m\u00e1quinas con un permiso especial\u201d, dijo.<\/p>\n<p>&nbsp;<\/p>\n<p>&nbsp;<\/p>\n<p>&nbsp;<\/p>\n<p>&nbsp;<\/p>\n<p>&nbsp;<\/p>\n<p>&nbsp;<\/p>\n","protected":false},"excerpt":{"rendered":"<p>El Ministerio de la Producci\u00f3n de La Pampa anunci\u00f3 este mi\u00e9rcoles que dentro de tres meses estar\u00e1 prohibido en toda la provincia un herbicida altamente vol\u00e1til: el 2,4d, but\u00edlico e&hellip;<\/p>\n","protected":false},"author":3,"featured_media":19118,"comment_status":"closed","ping_status":"open","sticky":false,"template":"","format":"standard","meta":{"_acf_changed":false,"footnotes":""},"categories":[11,20,5],"tags":[653,1990],"class_list":["post-49651","post","type-post","status-publish","format-standard","has-post-thumbnail","hentry","category-que-pasa","category-campo","category-economia","tag-agroquimicos","tag-herbicidas"],"acf":[],"yoast_head":"<!-- This site is optimized with the Yoast SEO plugin v27.5 - https:\/\/yoast.com\/product\/yoast-seo-wordpress\/ -->\n<title>La Pampa prohibi\u00f3 un tipo de agroqu\u00edmico 2,4d - Diario Textual<\/title>\n<meta name=\"robots\" content=\"index, follow, max-snippet:-1, max-image-preview:large, max-video-preview:-1\" \/>\n<link rel=\"canonical\" href=\"https:\/\/diariotextual.com\/inicio\/index.php\/2019\/05\/22\/la-pampa-prohibio-tipo-agroquimico-24d\/\" \/>\n<meta property=\"og:locale\" content=\"es_ES\" \/>\n<meta property=\"og:type\" content=\"article\" \/>\n<meta property=\"og:title\" content=\"La Pampa prohibi\u00f3 un tipo de agroqu\u00edmico 2,4d - Diario Textual\" \/>\n<meta property=\"og:description\" content=\"El Ministerio de la Producci\u00f3n de La Pampa anunci\u00f3 este mi\u00e9rcoles que dentro de tres meses estar\u00e1 prohibido en toda la provincia un herbicida altamente vol\u00e1til: el 2,4d, but\u00edlico e&hellip;\" \/>\n<meta property=\"og:url\" content=\"https:\/\/diariotextual.com\/inicio\/index.php\/2019\/05\/22\/la-pampa-prohibio-tipo-agroquimico-24d\/\" \/>\n<meta property=\"og:site_name\" content=\"Diario Textual\" \/>\n<meta property=\"article:publisher\" content=\"https:\/\/www.facebook.com\/eltextual\" \/>\n<meta property=\"article:published_time\" content=\"2019-05-22T16:23:44+00:00\" \/>\n<meta property=\"article:modified_time\" content=\"2019-05-22T22:37:20+00:00\" \/>\n<meta property=\"og:image\" content=\"https:\/\/diariotextual.com\/inicio\/wp-content\/uploads\/2018\/09\/agroquimicosavion.jpg\" \/>\n\t<meta property=\"og:image:width\" content=\"600\" \/>\n\t<meta property=\"og:image:height\" content=\"327\" \/>\n\t<meta property=\"og:image:type\" content=\"image\/jpeg\" \/>\n<meta name=\"author\" content=\"Diario1 Diario1\" \/>\n<meta name=\"twitter:card\" content=\"summary_large_image\" \/>\n<meta name=\"twitter:creator\" content=\"@eltextual\" \/>\n<meta name=\"twitter:site\" content=\"@eltextual\" \/>\n<meta name=\"twitter:label1\" content=\"Escrito por\" \/>\n\t<meta name=\"twitter:data1\" content=\"Diario1 Diario1\" \/>\n\t<meta name=\"twitter:label2\" content=\"Tiempo de lectura\" \/>\n\t<meta name=\"twitter:data2\" content=\"2 minutos\" \/>\n<script type=\"application\/ld+json\" class=\"yoast-schema-graph\">{\"@context\":\"https:\\\/\\\/schema.org\",\"@graph\":[{\"@type\":\"Article\",\"@id\":\"https:\\\/\\\/diariotextual.com\\\/inicio\\\/index.php\\\/2019\\\/05\\\/22\\\/la-pampa-prohibio-tipo-agroquimico-24d\\\/#article\",\"isPartOf\":{\"@id\":\"https:\\\/\\\/diariotextual.com\\\/inicio\\\/index.php\\\/2019\\\/05\\\/22\\\/la-pampa-prohibio-tipo-agroquimico-24d\\\/\"},\"author\":{\"name\":\"Diario1 Diario1\",\"@id\":\"https:\\\/\\\/diariotextual.com\\\/inicio\\\/#\\\/schema\\\/person\\\/418fc4093c33e86ed41562db3508f958\"},\"headline\":\"La Pampa prohibi\u00f3 un tipo de agroqu\u00edmico 2,4d\",\"datePublished\":\"2019-05-22T16:23:44+00:00\",\"dateModified\":\"2019-05-22T22:37:20+00:00\",\"mainEntityOfPage\":{\"@id\":\"https:\\\/\\\/diariotextual.com\\\/inicio\\\/index.php\\\/2019\\\/05\\\/22\\\/la-pampa-prohibio-tipo-agroquimico-24d\\\/\"},\"wordCount\":433,\"publisher\":{\"@id\":\"https:\\\/\\\/diariotextual.com\\\/inicio\\\/#organization\"},\"image\":{\"@id\":\"https:\\\/\\\/diariotextual.com\\\/inicio\\\/index.php\\\/2019\\\/05\\\/22\\\/la-pampa-prohibio-tipo-agroquimico-24d\\\/#primaryimage\"},\"thumbnailUrl\":\"https:\\\/\\\/diariotextual.com\\\/inicio\\\/wp-content\\\/uploads\\\/2018\\\/09\\\/agroquimicosavion.jpg\",\"keywords\":[\"agroquimicos\",\"herbicidas\"],\"articleSection\":[\"A - QUE PASA (al costado)\",\"CAMPO\",\"ECONOMIA\"],\"inLanguage\":\"es\"},{\"@type\":\"WebPage\",\"@id\":\"https:\\\/\\\/diariotextual.com\\\/inicio\\\/index.php\\\/2019\\\/05\\\/22\\\/la-pampa-prohibio-tipo-agroquimico-24d\\\/\",\"url\":\"https:\\\/\\\/diariotextual.com\\\/inicio\\\/index.php\\\/2019\\\/05\\\/22\\\/la-pampa-prohibio-tipo-agroquimico-24d\\\/\",\"name\":\"La Pampa prohibi\u00f3 un tipo de agroqu\u00edmico 2,4d - Diario Textual\",\"isPartOf\":{\"@id\":\"https:\\\/\\\/diariotextual.com\\\/inicio\\\/#website\"},\"primaryImageOfPage\":{\"@id\":\"https:\\\/\\\/diariotextual.com\\\/inicio\\\/index.php\\\/2019\\\/05\\\/22\\\/la-pampa-prohibio-tipo-agroquimico-24d\\\/#primaryimage\"},\"image\":{\"@id\":\"https:\\\/\\\/diariotextual.com\\\/inicio\\\/index.php\\\/2019\\\/05\\\/22\\\/la-pampa-prohibio-tipo-agroquimico-24d\\\/#primaryimage\"},\"thumbnailUrl\":\"https:\\\/\\\/diariotextual.com\\\/inicio\\\/wp-content\\\/uploads\\\/2018\\\/09\\\/agroquimicosavion.jpg\",\"datePublished\":\"2019-05-22T16:23:44+00:00\",\"dateModified\":\"2019-05-22T22:37:20+00:00\",\"breadcrumb\":{\"@id\":\"https:\\\/\\\/diariotextual.com\\\/inicio\\\/index.php\\\/2019\\\/05\\\/22\\\/la-pampa-prohibio-tipo-agroquimico-24d\\\/#breadcrumb\"},\"inLanguage\":\"es\",\"potentialAction\":[{\"@type\":\"ReadAction\",\"target\":[\"https:\\\/\\\/diariotextual.com\\\/inicio\\\/index.php\\\/2019\\\/05\\\/22\\\/la-pampa-prohibio-tipo-agroquimico-24d\\\/\"]}]},{\"@type\":\"ImageObject\",\"inLanguage\":\"es\",\"@id\":\"https:\\\/\\\/diariotextual.com\\\/inicio\\\/index.php\\\/2019\\\/05\\\/22\\\/la-pampa-prohibio-tipo-agroquimico-24d\\\/#primaryimage\",\"url\":\"https:\\\/\\\/diariotextual.com\\\/inicio\\\/wp-content\\\/uploads\\\/2018\\\/09\\\/agroquimicosavion.jpg\",\"contentUrl\":\"https:\\\/\\\/diariotextual.com\\\/inicio\\\/wp-content\\\/uploads\\\/2018\\\/09\\\/agroquimicosavion.jpg\",\"width\":600,\"height\":327},{\"@type\":\"BreadcrumbList\",\"@id\":\"https:\\\/\\\/diariotextual.com\\\/inicio\\\/index.php\\\/2019\\\/05\\\/22\\\/la-pampa-prohibio-tipo-agroquimico-24d\\\/#breadcrumb\",\"itemListElement\":[{\"@type\":\"ListItem\",\"position\":1,\"name\":\"Portada\",\"item\":\"https:\\\/\\\/diariotextual.com\\\/inicio\\\/\"},{\"@type\":\"ListItem\",\"position\":2,\"name\":\"La Pampa prohibi\u00f3 un tipo de agroqu\u00edmico 2,4d\"}]},{\"@type\":\"WebSite\",\"@id\":\"https:\\\/\\\/diariotextual.com\\\/inicio\\\/#website\",\"url\":\"https:\\\/\\\/diariotextual.com\\\/inicio\\\/\",\"name\":\"Diario Textual\",\"description\":\"\",\"publisher\":{\"@id\":\"https:\\\/\\\/diariotextual.com\\\/inicio\\\/#organization\"},\"potentialAction\":[{\"@type\":\"SearchAction\",\"target\":{\"@type\":\"EntryPoint\",\"urlTemplate\":\"https:\\\/\\\/diariotextual.com\\\/inicio\\\/?s={search_term_string}\"},\"query-input\":{\"@type\":\"PropertyValueSpecification\",\"valueRequired\":true,\"valueName\":\"search_term_string\"}}],\"inLanguage\":\"es\"},{\"@type\":\"Organization\",\"@id\":\"https:\\\/\\\/diariotextual.com\\\/inicio\\\/#organization\",\"name\":\"Diario Textual\",\"url\":\"https:\\\/\\\/diariotextual.com\\\/inicio\\\/\",\"logo\":{\"@type\":\"ImageObject\",\"inLanguage\":\"es\",\"@id\":\"https:\\\/\\\/diariotextual.com\\\/inicio\\\/#\\\/schema\\\/logo\\\/image\\\/\",\"url\":\"https:\\\/\\\/diariotextual.com\\\/inicio\\\/wp-content\\\/uploads\\\/2023\\\/05\\\/logotextual1.jpg\",\"contentUrl\":\"https:\\\/\\\/diariotextual.com\\\/inicio\\\/wp-content\\\/uploads\\\/2023\\\/05\\\/logotextual1.jpg\",\"width\":516,\"height\":76,\"caption\":\"Diario Textual\"},\"image\":{\"@id\":\"https:\\\/\\\/diariotextual.com\\\/inicio\\\/#\\\/schema\\\/logo\\\/image\\\/\"},\"sameAs\":[\"https:\\\/\\\/www.facebook.com\\\/eltextual\",\"https:\\\/\\\/x.com\\\/eltextual\",\"http:\\\/\\\/www.instagram.com\\\/eltextual\"]},{\"@type\":\"Person\",\"@id\":\"https:\\\/\\\/diariotextual.com\\\/inicio\\\/#\\\/schema\\\/person\\\/418fc4093c33e86ed41562db3508f958\",\"name\":\"Diario1 Diario1\",\"image\":{\"@type\":\"ImageObject\",\"inLanguage\":\"es\",\"@id\":\"https:\\\/\\\/secure.gravatar.com\\\/avatar\\\/9167d280179c85bc18be67aa7eda765854300033af4896dd779b608640f2ef7a?s=96&d=mm&r=g\",\"url\":\"https:\\\/\\\/secure.gravatar.com\\\/avatar\\\/9167d280179c85bc18be67aa7eda765854300033af4896dd779b608640f2ef7a?s=96&d=mm&r=g\",\"contentUrl\":\"https:\\\/\\\/secure.gravatar.com\\\/avatar\\\/9167d280179c85bc18be67aa7eda765854300033af4896dd779b608640f2ef7a?s=96&d=mm&r=g\",\"caption\":\"Diario1 Diario1\"},\"url\":\"https:\\\/\\\/diariotextual.com\\\/inicio\\\/index.php\\\/author\\\/diario1\\\/\"}]}<\/script>\n<!-- \/ Yoast SEO plugin. -->","yoast_head_json":{"title":"La Pampa prohibi\u00f3 un tipo de agroqu\u00edmico 2,4d - Diario Textual","robots":{"index":"index","follow":"follow","max-snippet":"max-snippet:-1","max-image-preview":"max-image-preview:large","max-video-preview":"max-video-preview:-1"},"canonical":"https:\/\/diariotextual.com\/inicio\/index.php\/2019\/05\/22\/la-pampa-prohibio-tipo-agroquimico-24d\/","og_locale":"es_ES","og_type":"article","og_title":"La Pampa prohibi\u00f3 un tipo de agroqu\u00edmico 2,4d - Diario Textual","og_description":"El Ministerio de la Producci\u00f3n de La Pampa anunci\u00f3 este mi\u00e9rcoles que dentro de tres meses estar\u00e1 prohibido en toda la provincia un herbicida altamente vol\u00e1til: el 2,4d, but\u00edlico e&hellip;","og_url":"https:\/\/diariotextual.com\/inicio\/index.php\/2019\/05\/22\/la-pampa-prohibio-tipo-agroquimico-24d\/","og_site_name":"Diario Textual","article_publisher":"https:\/\/www.facebook.com\/eltextual","article_published_time":"2019-05-22T16:23:44+00:00","article_modified_time":"2019-05-22T22:37:20+00:00","og_image":[{"width":600,"height":327,"url":"https:\/\/diariotextual.com\/inicio\/wp-content\/uploads\/2018\/09\/agroquimicosavion.jpg","type":"image\/jpeg"}],"author":"Diario1 Diario1","twitter_card":"summary_large_image","twitter_creator":"@eltextual","twitter_site":"@eltextual","twitter_misc":{"Escrito por":"Diario1 Diario1","Tiempo de lectura":"2 minutos"},"schema":{"@context":"https:\/\/schema.org","@graph":[{"@type":"Article","@id":"https:\/\/diariotextual.com\/inicio\/index.php\/2019\/05\/22\/la-pampa-prohibio-tipo-agroquimico-24d\/#article","isPartOf":{"@id":"https:\/\/diariotextual.com\/inicio\/index.php\/2019\/05\/22\/la-pampa-prohibio-tipo-agroquimico-24d\/"},"author":{"name":"Diario1 Diario1","@id":"https:\/\/diariotextual.com\/inicio\/#\/schema\/person\/418fc4093c33e86ed41562db3508f958"},"headline":"La Pampa prohibi\u00f3 un tipo de agroqu\u00edmico 2,4d","datePublished":"2019-05-22T16:23:44+00:00","dateModified":"2019-05-22T22:37:20+00:00","mainEntityOfPage":{"@id":"https:\/\/diariotextual.com\/inicio\/index.php\/2019\/05\/22\/la-pampa-prohibio-tipo-agroquimico-24d\/"},"wordCount":433,"publisher":{"@id":"https:\/\/diariotextual.com\/inicio\/#organization"},"image":{"@id":"https:\/\/diariotextual.com\/inicio\/index.php\/2019\/05\/22\/la-pampa-prohibio-tipo-agroquimico-24d\/#primaryimage"},"thumbnailUrl":"https:\/\/diariotextual.com\/inicio\/wp-content\/uploads\/2018\/09\/agroquimicosavion.jpg","keywords":["agroquimicos","herbicidas"],"articleSection":["A - QUE PASA (al costado)","CAMPO","ECONOMIA"],"inLanguage":"es"},{"@type":"WebPage","@id":"https:\/\/diariotextual.com\/inicio\/index.php\/2019\/05\/22\/la-pampa-prohibio-tipo-agroquimico-24d\/","url":"https:\/\/diariotextual.com\/inicio\/index.php\/2019\/05\/22\/la-pampa-prohibio-tipo-agroquimico-24d\/","name":"La Pampa prohibi\u00f3 un tipo de agroqu\u00edmico 2,4d - Diario Textual","isPartOf":{"@id":"https:\/\/diariotextual.com\/inicio\/#website"},"primaryImageOfPage":{"@id":"https:\/\/diariotextual.com\/inicio\/index.php\/2019\/05\/22\/la-pampa-prohibio-tipo-agroquimico-24d\/#primaryimage"},"image":{"@id":"https:\/\/diariotextual.com\/inicio\/index.php\/2019\/05\/22\/la-pampa-prohibio-tipo-agroquimico-24d\/#primaryimage"},"thumbnailUrl":"https:\/\/diariotextual.com\/inicio\/wp-content\/uploads\/2018\/09\/agroquimicosavion.jpg","datePublished":"2019-05-22T16:23:44+00:00","dateModified":"2019-05-22T22:37:20+00:00","breadcrumb":{"@id":"https:\/\/diariotextual.com\/inicio\/index.php\/2019\/05\/22\/la-pampa-prohibio-tipo-agroquimico-24d\/#breadcrumb"},"inLanguage":"es","potentialAction":[{"@type":"ReadAction","target":["https:\/\/diariotextual.com\/inicio\/index.php\/2019\/05\/22\/la-pampa-prohibio-tipo-agroquimico-24d\/"]}]},{"@type":"ImageObject","inLanguage":"es","@id":"https:\/\/diariotextual.com\/inicio\/index.php\/2019\/05\/22\/la-pampa-prohibio-tipo-agroquimico-24d\/#primaryimage","url":"https:\/\/diariotextual.com\/inicio\/wp-content\/uploads\/2018\/09\/agroquimicosavion.jpg","contentUrl":"https:\/\/diariotextual.com\/inicio\/wp-content\/uploads\/2018\/09\/agroquimicosavion.jpg","width":600,"height":327},{"@type":"BreadcrumbList","@id":"https:\/\/diariotextual.com\/inicio\/index.php\/2019\/05\/22\/la-pampa-prohibio-tipo-agroquimico-24d\/#breadcrumb","itemListElement":[{"@type":"ListItem","position":1,"name":"Portada","item":"https:\/\/diariotextual.com\/inicio\/"},{"@type":"ListItem","position":2,"name":"La Pampa prohibi\u00f3 un tipo de agroqu\u00edmico 2,4d"}]},{"@type":"WebSite","@id":"https:\/\/diariotextual.com\/inicio\/#website","url":"https:\/\/diariotextual.com\/inicio\/","name":"Diario Textual","description":"","publisher":{"@id":"https:\/\/diariotextual.com\/inicio\/#organization"},"potentialAction":[{"@type":"SearchAction","target":{"@type":"EntryPoint","urlTemplate":"https:\/\/diariotextual.com\/inicio\/?s={search_term_string}"},"query-input":{"@type":"PropertyValueSpecification","valueRequired":true,"valueName":"search_term_string"}}],"inLanguage":"es"},{"@type":"Organization","@id":"https:\/\/diariotextual.com\/inicio\/#organization","name":"Diario Textual","url":"https:\/\/diariotextual.com\/inicio\/","logo":{"@type":"ImageObject","inLanguage":"es","@id":"https:\/\/diariotextual.com\/inicio\/#\/schema\/logo\/image\/","url":"https:\/\/diariotextual.com\/inicio\/wp-content\/uploads\/2023\/05\/logotextual1.jpg","contentUrl":"https:\/\/diariotextual.com\/inicio\/wp-content\/uploads\/2023\/05\/logotextual1.jpg","width":516,"height":76,"caption":"Diario Textual"},"image":{"@id":"https:\/\/diariotextual.com\/inicio\/#\/schema\/logo\/image\/"},"sameAs":["https:\/\/www.facebook.com\/eltextual","https:\/\/x.com\/eltextual","http:\/\/www.instagram.com\/eltextual"]},{"@type":"Person","@id":"https:\/\/diariotextual.com\/inicio\/#\/schema\/person\/418fc4093c33e86ed41562db3508f958","name":"Diario1 Diario1","image":{"@type":"ImageObject","inLanguage":"es","@id":"https:\/\/secure.gravatar.com\/avatar\/9167d280179c85bc18be67aa7eda765854300033af4896dd779b608640f2ef7a?s=96&d=mm&r=g","url":"https:\/\/secure.gravatar.com\/avatar\/9167d280179c85bc18be67aa7eda765854300033af4896dd779b608640f2ef7a?s=96&d=mm&r=g","contentUrl":"https:\/\/secure.gravatar.com\/avatar\/9167d280179c85bc18be67aa7eda765854300033af4896dd779b608640f2ef7a?s=96&d=mm&r=g","caption":"Diario1 Diario1"},"url":"https:\/\/diariotextual.com\/inicio\/index.php\/author\/diario1\/"}]}},"_links":{"self":[{"href":"https:\/\/diariotextual.com\/inicio\/index.php\/wp-json\/wp\/v2\/posts\/49651","targetHints":{"allow":["GET"]}}],"collection":[{"href":"https:\/\/diariotextual.com\/inicio\/index.php\/wp-json\/wp\/v2\/posts"}],"about":[{"href":"https:\/\/diariotextual.com\/inicio\/index.php\/wp-json\/wp\/v2\/types\/post"}],"author":[{"embeddable":true,"href":"https:\/\/diariotextual.com\/inicio\/index.php\/wp-json\/wp\/v2\/users\/3"}],"replies":[{"embeddable":true,"href":"https:\/\/diariotextual.com\/inicio\/index.php\/wp-json\/wp\/v2\/comments?post=49651"}],"version-history":[{"count":10,"href":"https:\/\/diariotextual.com\/inicio\/index.php\/wp-json\/wp\/v2\/posts\/49651\/revisions"}],"predecessor-version":[{"id":49697,"href":"https:\/\/diariotextual.com\/inicio\/index.php\/wp-json\/wp\/v2\/posts\/49651\/revisions\/49697"}],"wp:featuredmedia":[{"embeddable":true,"href":"https:\/\/diariotextual.com\/inicio\/index.php\/wp-json\/wp\/v2\/media\/19118"}],"wp:attachment":[{"href":"https:\/\/diariotextual.com\/inicio\/index.php\/wp-json\/wp\/v2\/media?parent=49651"}],"wp:term":[{"taxonomy":"category","embeddable":true,"href":"https:\/\/diariotextual.com\/inicio\/index.php\/wp-json\/wp\/v2\/categories?post=49651"},{"taxonomy":"post_tag","embeddable":true,"href":"https:\/\/diariotextual.com\/inicio\/index.php\/wp-json\/wp\/v2\/tags?post=49651"}],"curies":[{"name":"wp","href":"https:\/\/api.w.org\/{rel}","templated":true}]}}