{"id":49665,"date":"2019-05-22T13:39:25","date_gmt":"2019-05-22T16:39:25","guid":{"rendered":"http:\/\/diariotextual.com\/inicio\/?p=49665"},"modified":"2019-05-23T20:50:56","modified_gmt":"2019-05-23T23:50:56","slug":"hipotecario-verna-pidio-revea-cierre-la-sucursal-pico-despido-6-empleados","status":"publish","type":"post","link":"https:\/\/diariotextual.com\/inicio\/index.php\/2019\/05\/22\/hipotecario-verna-pidio-revea-cierre-la-sucursal-pico-despido-6-empleados\/","title":{"rendered":"Hipotecario: Verna pidi\u00f3 que se \u201crevea\u201d el cierre de la sucursal Pico y el despido de 6 empleados"},"content":{"rendered":"<p><strong>Carlos Verna<\/strong>, el gobernador, sali\u00f3 a cuestiona<a href=\"http:\/\/diariotextual.com\/inicio\/index.php\/2019\/05\/20\/banco-hipotecario-anuncio-cierra-sucursal-pico\/\" target=\"_blank\" rel=\"noopener\"><strong>r la decisi\u00f3n del Banco Hipotecario de cerrar la sucursal de General Pico<\/strong> <\/a>y dejar en la calle a seis empleados. \u00abNuestro Banco Hipotecario, que hoy funciona como una sociedad an\u00f3nima pero que tiene una participaci\u00f3n estatal mayoritaria, ha dejado en la calle a seis de sus empleados en General Pico,<strong> le pedimos al Gobierno Nacional que revea esta situaci\u00f3n de inmediato<\/strong>\u00ab, sostuvo en un tuit.<\/p>\n<p>La entidad bancaria anunci\u00f3 a sus clientes que cerrar\u00e1 el 31 de julio su sucursal de la calle 13 al 1000 en la ciudad de General Pico. As\u00ed, en La Pampa, solo mantendr\u00e1 sus oficinas en el centro de Santa Rosa, en San Mart\u00edn y Gil.<\/p>\n<p>\u00bfQu\u00e9 pasar\u00e1 con los seis empleados que tienen en Pico? El banco les ofreci\u00f3 que se trasladen a Santa Rosa, pero no aceptaron. Ahora est\u00e1n negociando la desvinculaci\u00f3n.<\/p>\n<p>&nbsp;<\/p>\n<blockquote class=\"twitter-tweet\" data-lang=\"es\">\n<p dir=\"ltr\" lang=\"es\">Nuestro Banco Hipotecario, que hoy funciona como una sociedad an\u00f3nima pero que tiene una participaci\u00f3n estatal mayoritaria, ha dejado en la calle a seis de sus empleados en General Pico, le pedimos al Gobierno Nacional que revea esta situaci\u00f3n de inmediato. <a href=\"https:\/\/t.co\/chfHNS48kc\">pic.twitter.com\/chfHNS48kc<\/a><\/p>\n<p>\u2014 Carlos Verna (@VernaGobernador) <a href=\"https:\/\/twitter.com\/VernaGobernador\/status\/1131231027266019328?ref_src=twsrc%5Etfw\">22 de mayo de 2019<\/a><\/p><\/blockquote>\n<p><script async src=\"https:\/\/platform.twitter.com\/widgets.js\" charset=\"utf-8\"><\/script><\/p>\n<p>&nbsp;<\/p>\n","protected":false},"excerpt":{"rendered":"<p>Carlos Verna, el gobernador, sali\u00f3 a cuestionar la decisi\u00f3n del Banco Hipotecario de cerrar la sucursal de General Pico y dejar en la calle a seis empleados. \u00abNuestro Banco Hipotecario,&hellip;<\/p>\n","protected":false},"author":3,"featured_media":47440,"comment_status":"closed","ping_status":"open","sticky":false,"template":"","format":"standard","meta":{"_acf_changed":false,"footnotes":""},"categories":[319,5],"tags":[],"class_list":["post-49665","post","type-post","status-publish","format-standard","has-post-thumbnail","hentry","category-a-temporales","category-economia"],"acf":[],"yoast_head":"<!-- This site is optimized with the Yoast SEO plugin v27.5 - https:\/\/yoast.com\/product\/yoast-seo-wordpress\/ -->\n<title>Hipotecario: Verna pidi\u00f3 que se \u201crevea\u201d el cierre de la sucursal Pico y el despido de 6 empleados - Diario Textual<\/title>\n<meta name=\"robots\" content=\"index, follow, max-snippet:-1, max-image-preview:large, max-video-preview:-1\" \/>\n<link rel=\"canonical\" href=\"https:\/\/diariotextual.com\/inicio\/index.php\/2019\/05\/22\/hipotecario-verna-pidio-revea-cierre-la-sucursal-pico-despido-6-empleados\/\" \/>\n<meta property=\"og:locale\" content=\"es_ES\" \/>\n<meta property=\"og:type\" content=\"article\" \/>\n<meta property=\"og:title\" content=\"Hipotecario: Verna pidi\u00f3 que se \u201crevea\u201d el cierre de la sucursal Pico y el despido de 6 empleados - Diario Textual\" \/>\n<meta property=\"og:description\" content=\"Carlos Verna, el gobernador, sali\u00f3 a cuestionar la decisi\u00f3n del Banco Hipotecario de cerrar la sucursal de General Pico y dejar en la calle a seis empleados. \u00abNuestro Banco Hipotecario,&hellip;\" \/>\n<meta property=\"og:url\" content=\"https:\/\/diariotextual.com\/inicio\/index.php\/2019\/05\/22\/hipotecario-verna-pidio-revea-cierre-la-sucursal-pico-despido-6-empleados\/\" \/>\n<meta property=\"og:site_name\" content=\"Diario Textual\" \/>\n<meta property=\"article:publisher\" content=\"https:\/\/www.facebook.com\/eltextual\" \/>\n<meta property=\"article:published_time\" content=\"2019-05-22T16:39:25+00:00\" \/>\n<meta property=\"article:modified_time\" content=\"2019-05-23T23:50:56+00:00\" \/>\n<meta property=\"og:image\" content=\"https:\/\/diariotextual.com\/inicio\/wp-content\/uploads\/2019\/05\/vernacarlosdiputados2019-200.jpg\" \/>\n\t<meta property=\"og:image:width\" content=\"1000\" \/>\n\t<meta property=\"og:image:height\" content=\"648\" \/>\n\t<meta property=\"og:image:type\" content=\"image\/jpeg\" \/>\n<meta name=\"author\" content=\"Diario1 Diario1\" \/>\n<meta name=\"twitter:card\" content=\"summary_large_image\" \/>\n<meta name=\"twitter:creator\" content=\"@eltextual\" \/>\n<meta name=\"twitter:site\" content=\"@eltextual\" \/>\n<meta name=\"twitter:label1\" content=\"Escrito por\" \/>\n\t<meta name=\"twitter:data1\" content=\"Diario1 Diario1\" \/>\n\t<meta name=\"twitter:label2\" content=\"Tiempo de lectura\" \/>\n\t<meta name=\"twitter:data2\" content=\"1 minuto\" \/>\n<script type=\"application\/ld+json\" class=\"yoast-schema-graph\">{\"@context\":\"https:\\\/\\\/schema.org\",\"@graph\":[{\"@type\":\"Article\",\"@id\":\"https:\\\/\\\/diariotextual.com\\\/inicio\\\/index.php\\\/2019\\\/05\\\/22\\\/hipotecario-verna-pidio-revea-cierre-la-sucursal-pico-despido-6-empleados\\\/#article\",\"isPartOf\":{\"@id\":\"https:\\\/\\\/diariotextual.com\\\/inicio\\\/index.php\\\/2019\\\/05\\\/22\\\/hipotecario-verna-pidio-revea-cierre-la-sucursal-pico-despido-6-empleados\\\/\"},\"author\":{\"name\":\"Diario1 Diario1\",\"@id\":\"https:\\\/\\\/diariotextual.com\\\/inicio\\\/#\\\/schema\\\/person\\\/418fc4093c33e86ed41562db3508f958\"},\"headline\":\"Hipotecario: Verna pidi\u00f3 que se \u201crevea\u201d el cierre de la sucursal Pico y el despido de 6 empleados\",\"datePublished\":\"2019-05-22T16:39:25+00:00\",\"dateModified\":\"2019-05-23T23:50:56+00:00\",\"mainEntityOfPage\":{\"@id\":\"https:\\\/\\\/diariotextual.com\\\/inicio\\\/index.php\\\/2019\\\/05\\\/22\\\/hipotecario-verna-pidio-revea-cierre-la-sucursal-pico-despido-6-empleados\\\/\"},\"wordCount\":225,\"publisher\":{\"@id\":\"https:\\\/\\\/diariotextual.com\\\/inicio\\\/#organization\"},\"image\":{\"@id\":\"https:\\\/\\\/diariotextual.com\\\/inicio\\\/index.php\\\/2019\\\/05\\\/22\\\/hipotecario-verna-pidio-revea-cierre-la-sucursal-pico-despido-6-empleados\\\/#primaryimage\"},\"thumbnailUrl\":\"https:\\\/\\\/diariotextual.com\\\/inicio\\\/wp-content\\\/uploads\\\/2019\\\/05\\\/vernacarlosdiputados2019-200.jpg\",\"articleSection\":[\"A - TEMPORALES\",\"ECONOMIA\"],\"inLanguage\":\"es\"},{\"@type\":\"WebPage\",\"@id\":\"https:\\\/\\\/diariotextual.com\\\/inicio\\\/index.php\\\/2019\\\/05\\\/22\\\/hipotecario-verna-pidio-revea-cierre-la-sucursal-pico-despido-6-empleados\\\/\",\"url\":\"https:\\\/\\\/diariotextual.com\\\/inicio\\\/index.php\\\/2019\\\/05\\\/22\\\/hipotecario-verna-pidio-revea-cierre-la-sucursal-pico-despido-6-empleados\\\/\",\"name\":\"Hipotecario: Verna pidi\u00f3 que se \u201crevea\u201d el cierre de la sucursal Pico y el despido de 6 empleados - Diario Textual\",\"isPartOf\":{\"@id\":\"https:\\\/\\\/diariotextual.com\\\/inicio\\\/#website\"},\"primaryImageOfPage\":{\"@id\":\"https:\\\/\\\/diariotextual.com\\\/inicio\\\/index.php\\\/2019\\\/05\\\/22\\\/hipotecario-verna-pidio-revea-cierre-la-sucursal-pico-despido-6-empleados\\\/#primaryimage\"},\"image\":{\"@id\":\"https:\\\/\\\/diariotextual.com\\\/inicio\\\/index.php\\\/2019\\\/05\\\/22\\\/hipotecario-verna-pidio-revea-cierre-la-sucursal-pico-despido-6-empleados\\\/#primaryimage\"},\"thumbnailUrl\":\"https:\\\/\\\/diariotextual.com\\\/inicio\\\/wp-content\\\/uploads\\\/2019\\\/05\\\/vernacarlosdiputados2019-200.jpg\",\"datePublished\":\"2019-05-22T16:39:25+00:00\",\"dateModified\":\"2019-05-23T23:50:56+00:00\",\"breadcrumb\":{\"@id\":\"https:\\\/\\\/diariotextual.com\\\/inicio\\\/index.php\\\/2019\\\/05\\\/22\\\/hipotecario-verna-pidio-revea-cierre-la-sucursal-pico-despido-6-empleados\\\/#breadcrumb\"},\"inLanguage\":\"es\",\"potentialAction\":[{\"@type\":\"ReadAction\",\"target\":[\"https:\\\/\\\/diariotextual.com\\\/inicio\\\/index.php\\\/2019\\\/05\\\/22\\\/hipotecario-verna-pidio-revea-cierre-la-sucursal-pico-despido-6-empleados\\\/\"]}]},{\"@type\":\"ImageObject\",\"inLanguage\":\"es\",\"@id\":\"https:\\\/\\\/diariotextual.com\\\/inicio\\\/index.php\\\/2019\\\/05\\\/22\\\/hipotecario-verna-pidio-revea-cierre-la-sucursal-pico-despido-6-empleados\\\/#primaryimage\",\"url\":\"https:\\\/\\\/diariotextual.com\\\/inicio\\\/wp-content\\\/uploads\\\/2019\\\/05\\\/vernacarlosdiputados2019-200.jpg\",\"contentUrl\":\"https:\\\/\\\/diariotextual.com\\\/inicio\\\/wp-content\\\/uploads\\\/2019\\\/05\\\/vernacarlosdiputados2019-200.jpg\",\"width\":1000,\"height\":648},{\"@type\":\"BreadcrumbList\",\"@id\":\"https:\\\/\\\/diariotextual.com\\\/inicio\\\/index.php\\\/2019\\\/05\\\/22\\\/hipotecario-verna-pidio-revea-cierre-la-sucursal-pico-despido-6-empleados\\\/#breadcrumb\",\"itemListElement\":[{\"@type\":\"ListItem\",\"position\":1,\"name\":\"Portada\",\"item\":\"https:\\\/\\\/diariotextual.com\\\/inicio\\\/\"},{\"@type\":\"ListItem\",\"position\":2,\"name\":\"Hipotecario: Verna pidi\u00f3 que se \u201crevea\u201d el cierre de la sucursal Pico y el despido de 6 empleados\"}]},{\"@type\":\"WebSite\",\"@id\":\"https:\\\/\\\/diariotextual.com\\\/inicio\\\/#website\",\"url\":\"https:\\\/\\\/diariotextual.com\\\/inicio\\\/\",\"name\":\"Diario Textual\",\"description\":\"\",\"publisher\":{\"@id\":\"https:\\\/\\\/diariotextual.com\\\/inicio\\\/#organization\"},\"potentialAction\":[{\"@type\":\"SearchAction\",\"target\":{\"@type\":\"EntryPoint\",\"urlTemplate\":\"https:\\\/\\\/diariotextual.com\\\/inicio\\\/?s={search_term_string}\"},\"query-input\":{\"@type\":\"PropertyValueSpecification\",\"valueRequired\":true,\"valueName\":\"search_term_string\"}}],\"inLanguage\":\"es\"},{\"@type\":\"Organization\",\"@id\":\"https:\\\/\\\/diariotextual.com\\\/inicio\\\/#organization\",\"name\":\"Diario Textual\",\"url\":\"https:\\\/\\\/diariotextual.com\\\/inicio\\\/\",\"logo\":{\"@type\":\"ImageObject\",\"inLanguage\":\"es\",\"@id\":\"https:\\\/\\\/diariotextual.com\\\/inicio\\\/#\\\/schema\\\/logo\\\/image\\\/\",\"url\":\"https:\\\/\\\/diariotextual.com\\\/inicio\\\/wp-content\\\/uploads\\\/2023\\\/05\\\/logotextual1.jpg\",\"contentUrl\":\"https:\\\/\\\/diariotextual.com\\\/inicio\\\/wp-content\\\/uploads\\\/2023\\\/05\\\/logotextual1.jpg\",\"width\":516,\"height\":76,\"caption\":\"Diario Textual\"},\"image\":{\"@id\":\"https:\\\/\\\/diariotextual.com\\\/inicio\\\/#\\\/schema\\\/logo\\\/image\\\/\"},\"sameAs\":[\"https:\\\/\\\/www.facebook.com\\\/eltextual\",\"https:\\\/\\\/x.com\\\/eltextual\",\"http:\\\/\\\/www.instagram.com\\\/eltextual\"]},{\"@type\":\"Person\",\"@id\":\"https:\\\/\\\/diariotextual.com\\\/inicio\\\/#\\\/schema\\\/person\\\/418fc4093c33e86ed41562db3508f958\",\"name\":\"Diario1 Diario1\",\"image\":{\"@type\":\"ImageObject\",\"inLanguage\":\"es\",\"@id\":\"https:\\\/\\\/secure.gravatar.com\\\/avatar\\\/9167d280179c85bc18be67aa7eda765854300033af4896dd779b608640f2ef7a?s=96&d=mm&r=g\",\"url\":\"https:\\\/\\\/secure.gravatar.com\\\/avatar\\\/9167d280179c85bc18be67aa7eda765854300033af4896dd779b608640f2ef7a?s=96&d=mm&r=g\",\"contentUrl\":\"https:\\\/\\\/secure.gravatar.com\\\/avatar\\\/9167d280179c85bc18be67aa7eda765854300033af4896dd779b608640f2ef7a?s=96&d=mm&r=g\",\"caption\":\"Diario1 Diario1\"},\"url\":\"https:\\\/\\\/diariotextual.com\\\/inicio\\\/index.php\\\/author\\\/diario1\\\/\"}]}<\/script>\n<!-- \/ Yoast SEO plugin. -->","yoast_head_json":{"title":"Hipotecario: Verna pidi\u00f3 que se \u201crevea\u201d el cierre de la sucursal Pico y el despido de 6 empleados - Diario Textual","robots":{"index":"index","follow":"follow","max-snippet":"max-snippet:-1","max-image-preview":"max-image-preview:large","max-video-preview":"max-video-preview:-1"},"canonical":"https:\/\/diariotextual.com\/inicio\/index.php\/2019\/05\/22\/hipotecario-verna-pidio-revea-cierre-la-sucursal-pico-despido-6-empleados\/","og_locale":"es_ES","og_type":"article","og_title":"Hipotecario: Verna pidi\u00f3 que se \u201crevea\u201d el cierre de la sucursal Pico y el despido de 6 empleados - Diario Textual","og_description":"Carlos Verna, el gobernador, sali\u00f3 a cuestionar la decisi\u00f3n del Banco Hipotecario de cerrar la sucursal de General Pico y dejar en la calle a seis empleados. \u00abNuestro Banco Hipotecario,&hellip;","og_url":"https:\/\/diariotextual.com\/inicio\/index.php\/2019\/05\/22\/hipotecario-verna-pidio-revea-cierre-la-sucursal-pico-despido-6-empleados\/","og_site_name":"Diario Textual","article_publisher":"https:\/\/www.facebook.com\/eltextual","article_published_time":"2019-05-22T16:39:25+00:00","article_modified_time":"2019-05-23T23:50:56+00:00","og_image":[{"width":1000,"height":648,"url":"https:\/\/diariotextual.com\/inicio\/wp-content\/uploads\/2019\/05\/vernacarlosdiputados2019-200.jpg","type":"image\/jpeg"}],"author":"Diario1 Diario1","twitter_card":"summary_large_image","twitter_creator":"@eltextual","twitter_site":"@eltextual","twitter_misc":{"Escrito por":"Diario1 Diario1","Tiempo de lectura":"1 minuto"},"schema":{"@context":"https:\/\/schema.org","@graph":[{"@type":"Article","@id":"https:\/\/diariotextual.com\/inicio\/index.php\/2019\/05\/22\/hipotecario-verna-pidio-revea-cierre-la-sucursal-pico-despido-6-empleados\/#article","isPartOf":{"@id":"https:\/\/diariotextual.com\/inicio\/index.php\/2019\/05\/22\/hipotecario-verna-pidio-revea-cierre-la-sucursal-pico-despido-6-empleados\/"},"author":{"name":"Diario1 Diario1","@id":"https:\/\/diariotextual.com\/inicio\/#\/schema\/person\/418fc4093c33e86ed41562db3508f958"},"headline":"Hipotecario: Verna pidi\u00f3 que se \u201crevea\u201d el cierre de la sucursal Pico y el despido de 6 empleados","datePublished":"2019-05-22T16:39:25+00:00","dateModified":"2019-05-23T23:50:56+00:00","mainEntityOfPage":{"@id":"https:\/\/diariotextual.com\/inicio\/index.php\/2019\/05\/22\/hipotecario-verna-pidio-revea-cierre-la-sucursal-pico-despido-6-empleados\/"},"wordCount":225,"publisher":{"@id":"https:\/\/diariotextual.com\/inicio\/#organization"},"image":{"@id":"https:\/\/diariotextual.com\/inicio\/index.php\/2019\/05\/22\/hipotecario-verna-pidio-revea-cierre-la-sucursal-pico-despido-6-empleados\/#primaryimage"},"thumbnailUrl":"https:\/\/diariotextual.com\/inicio\/wp-content\/uploads\/2019\/05\/vernacarlosdiputados2019-200.jpg","articleSection":["A - TEMPORALES","ECONOMIA"],"inLanguage":"es"},{"@type":"WebPage","@id":"https:\/\/diariotextual.com\/inicio\/index.php\/2019\/05\/22\/hipotecario-verna-pidio-revea-cierre-la-sucursal-pico-despido-6-empleados\/","url":"https:\/\/diariotextual.com\/inicio\/index.php\/2019\/05\/22\/hipotecario-verna-pidio-revea-cierre-la-sucursal-pico-despido-6-empleados\/","name":"Hipotecario: Verna pidi\u00f3 que se \u201crevea\u201d el cierre de la sucursal Pico y el despido de 6 empleados - Diario Textual","isPartOf":{"@id":"https:\/\/diariotextual.com\/inicio\/#website"},"primaryImageOfPage":{"@id":"https:\/\/diariotextual.com\/inicio\/index.php\/2019\/05\/22\/hipotecario-verna-pidio-revea-cierre-la-sucursal-pico-despido-6-empleados\/#primaryimage"},"image":{"@id":"https:\/\/diariotextual.com\/inicio\/index.php\/2019\/05\/22\/hipotecario-verna-pidio-revea-cierre-la-sucursal-pico-despido-6-empleados\/#primaryimage"},"thumbnailUrl":"https:\/\/diariotextual.com\/inicio\/wp-content\/uploads\/2019\/05\/vernacarlosdiputados2019-200.jpg","datePublished":"2019-05-22T16:39:25+00:00","dateModified":"2019-05-23T23:50:56+00:00","breadcrumb":{"@id":"https:\/\/diariotextual.com\/inicio\/index.php\/2019\/05\/22\/hipotecario-verna-pidio-revea-cierre-la-sucursal-pico-despido-6-empleados\/#breadcrumb"},"inLanguage":"es","potentialAction":[{"@type":"ReadAction","target":["https:\/\/diariotextual.com\/inicio\/index.php\/2019\/05\/22\/hipotecario-verna-pidio-revea-cierre-la-sucursal-pico-despido-6-empleados\/"]}]},{"@type":"ImageObject","inLanguage":"es","@id":"https:\/\/diariotextual.com\/inicio\/index.php\/2019\/05\/22\/hipotecario-verna-pidio-revea-cierre-la-sucursal-pico-despido-6-empleados\/#primaryimage","url":"https:\/\/diariotextual.com\/inicio\/wp-content\/uploads\/2019\/05\/vernacarlosdiputados2019-200.jpg","contentUrl":"https:\/\/diariotextual.com\/inicio\/wp-content\/uploads\/2019\/05\/vernacarlosdiputados2019-200.jpg","width":1000,"height":648},{"@type":"BreadcrumbList","@id":"https:\/\/diariotextual.com\/inicio\/index.php\/2019\/05\/22\/hipotecario-verna-pidio-revea-cierre-la-sucursal-pico-despido-6-empleados\/#breadcrumb","itemListElement":[{"@type":"ListItem","position":1,"name":"Portada","item":"https:\/\/diariotextual.com\/inicio\/"},{"@type":"ListItem","position":2,"name":"Hipotecario: Verna pidi\u00f3 que se \u201crevea\u201d el cierre de la sucursal Pico y el despido de 6 empleados"}]},{"@type":"WebSite","@id":"https:\/\/diariotextual.com\/inicio\/#website","url":"https:\/\/diariotextual.com\/inicio\/","name":"Diario Textual","description":"","publisher":{"@id":"https:\/\/diariotextual.com\/inicio\/#organization"},"potentialAction":[{"@type":"SearchAction","target":{"@type":"EntryPoint","urlTemplate":"https:\/\/diariotextual.com\/inicio\/?s={search_term_string}"},"query-input":{"@type":"PropertyValueSpecification","valueRequired":true,"valueName":"search_term_string"}}],"inLanguage":"es"},{"@type":"Organization","@id":"https:\/\/diariotextual.com\/inicio\/#organization","name":"Diario Textual","url":"https:\/\/diariotextual.com\/inicio\/","logo":{"@type":"ImageObject","inLanguage":"es","@id":"https:\/\/diariotextual.com\/inicio\/#\/schema\/logo\/image\/","url":"https:\/\/diariotextual.com\/inicio\/wp-content\/uploads\/2023\/05\/logotextual1.jpg","contentUrl":"https:\/\/diariotextual.com\/inicio\/wp-content\/uploads\/2023\/05\/logotextual1.jpg","width":516,"height":76,"caption":"Diario Textual"},"image":{"@id":"https:\/\/diariotextual.com\/inicio\/#\/schema\/logo\/image\/"},"sameAs":["https:\/\/www.facebook.com\/eltextual","https:\/\/x.com\/eltextual","http:\/\/www.instagram.com\/eltextual"]},{"@type":"Person","@id":"https:\/\/diariotextual.com\/inicio\/#\/schema\/person\/418fc4093c33e86ed41562db3508f958","name":"Diario1 Diario1","image":{"@type":"ImageObject","inLanguage":"es","@id":"https:\/\/secure.gravatar.com\/avatar\/9167d280179c85bc18be67aa7eda765854300033af4896dd779b608640f2ef7a?s=96&d=mm&r=g","url":"https:\/\/secure.gravatar.com\/avatar\/9167d280179c85bc18be67aa7eda765854300033af4896dd779b608640f2ef7a?s=96&d=mm&r=g","contentUrl":"https:\/\/secure.gravatar.com\/avatar\/9167d280179c85bc18be67aa7eda765854300033af4896dd779b608640f2ef7a?s=96&d=mm&r=g","caption":"Diario1 Diario1"},"url":"https:\/\/diariotextual.com\/inicio\/index.php\/author\/diario1\/"}]}},"_links":{"self":[{"href":"https:\/\/diariotextual.com\/inicio\/index.php\/wp-json\/wp\/v2\/posts\/49665","targetHints":{"allow":["GET"]}}],"collection":[{"href":"https:\/\/diariotextual.com\/inicio\/index.php\/wp-json\/wp\/v2\/posts"}],"about":[{"href":"https:\/\/diariotextual.com\/inicio\/index.php\/wp-json\/wp\/v2\/types\/post"}],"author":[{"embeddable":true,"href":"https:\/\/diariotextual.com\/inicio\/index.php\/wp-json\/wp\/v2\/users\/3"}],"replies":[{"embeddable":true,"href":"https:\/\/diariotextual.com\/inicio\/index.php\/wp-json\/wp\/v2\/comments?post=49665"}],"version-history":[{"count":4,"href":"https:\/\/diariotextual.com\/inicio\/index.php\/wp-json\/wp\/v2\/posts\/49665\/revisions"}],"predecessor-version":[{"id":49670,"href":"https:\/\/diariotextual.com\/inicio\/index.php\/wp-json\/wp\/v2\/posts\/49665\/revisions\/49670"}],"wp:featuredmedia":[{"embeddable":true,"href":"https:\/\/diariotextual.com\/inicio\/index.php\/wp-json\/wp\/v2\/media\/47440"}],"wp:attachment":[{"href":"https:\/\/diariotextual.com\/inicio\/index.php\/wp-json\/wp\/v2\/media?parent=49665"}],"wp:term":[{"taxonomy":"category","embeddable":true,"href":"https:\/\/diariotextual.com\/inicio\/index.php\/wp-json\/wp\/v2\/categories?post=49665"},{"taxonomy":"post_tag","embeddable":true,"href":"https:\/\/diariotextual.com\/inicio\/index.php\/wp-json\/wp\/v2\/tags?post=49665"}],"curies":[{"name":"wp","href":"https:\/\/api.w.org\/{rel}","templated":true}]}}