{"id":49831,"date":"2019-05-23T22:51:31","date_gmt":"2019-05-24T01:51:31","guid":{"rendered":"http:\/\/diariotextual.com\/inicio\/?p=49831"},"modified":"2019-05-24T13:34:56","modified_gmt":"2019-05-24T16:34:56","slug":"se-reunio-la-ucr-convencionales-pampeanos-piden-ampliar-cambiemos","status":"publish","type":"post","link":"https:\/\/diariotextual.com\/inicio\/index.php\/2019\/05\/23\/se-reunio-la-ucr-convencionales-pampeanos-piden-ampliar-cambiemos\/","title":{"rendered":"Se reuni\u00f3 la UCR: convencionales pampeanos piden \u201campliar\u201d Cambiemos"},"content":{"rendered":"<p>Con las <strong>heridas abiertas de la derrota electoral<\/strong> del domingo, donde el PJ retuvo la provincia y le arrebat\u00f3 Santa Rosa, dirigentes de la <strong>Uni\u00f3n C\u00edvica Radical<\/strong> se reunieron este jueves a la noche para <strong>definir la posici\u00f3n que llevar\u00e1n los pampeanos a la Convenci\u00f3n Nacional <\/strong>de Parque Norte.<strong> No hubo mandato, pero la posici\u00f3n mayoritaria de los boinas blancas de La Pampa es ratificar, pero a la vez negociar la posibilidad de ampliar, el frente Cambiemos, dijeron fuentes partidarias a Diario Textual.<\/strong><\/p>\n<p>El 27 de mayo <strong>se definir\u00e1 si el partido sigue aliado al PRO, ampl\u00eda la alianza o se va. El peso de los pampeanos es m\u00ednimo o casi inexistente: son 8 de los 300 convenciales.<\/strong><\/p>\n<p>El encuentro comenz\u00f3 pasadas las 19.30 en la sede del Comit\u00e9 Provincia, en la calle Pellegrini. Concurrieron los integrantes del Comit\u00e9 Provincia, la mesa de la Convenci\u00f3n Provincial, legisladores en funciones y electos y presidentes de comit\u00e9s. Tambi\u00e9n, por supuesto, algunos de los ocho convencionales, entre ellos<strong> Jos\u00e9 Anzorena, Ricardo Consiglio, Diego Marcantonio, Federico Roitman <\/strong>y<strong> Diana Bonifacio.<\/strong><\/p>\n<p><img fetchpriority=\"high\" decoding=\"async\" class=\"alignnone wp-image-49812 \" src=\"http:\/\/diariotextual.com\/inicio\/wp-content\/uploads\/2019\/05\/ucrreunion23mayo2019-2-1024x680.jpg\" alt=\"\" width=\"555\" height=\"368\" srcset=\"https:\/\/diariotextual.com\/inicio\/wp-content\/uploads\/2019\/05\/ucrreunion23mayo2019-2-1024x680.jpg 1024w, https:\/\/diariotextual.com\/inicio\/wp-content\/uploads\/2019\/05\/ucrreunion23mayo2019-2-300x199.jpg 300w, https:\/\/diariotextual.com\/inicio\/wp-content\/uploads\/2019\/05\/ucrreunion23mayo2019-2-768x510.jpg 768w, https:\/\/diariotextual.com\/inicio\/wp-content\/uploads\/2019\/05\/ucrreunion23mayo2019-2-780x516.jpg 780w, https:\/\/diariotextual.com\/inicio\/wp-content\/uploads\/2019\/05\/ucrreunion23mayo2019-2-585x389.jpg 585w, https:\/\/diariotextual.com\/inicio\/wp-content\/uploads\/2019\/05\/ucrreunion23mayo2019-2-263x175.jpg 263w, https:\/\/diariotextual.com\/inicio\/wp-content\/uploads\/2019\/05\/ucrreunion23mayo2019-2.jpg 1100w\" sizes=\"(max-width: 555px) 100vw, 555px\" \/><\/p>\n<p><strong>No hubo un mandato a los convencionales nacionales por La Pampa.<\/strong> \u201cSolo una convenci\u00f3n puede dar mandato y lo de hoy fue una reuni\u00f3n ampliada\u201d, dijeron fuentes que participaron del encuentro a Diario Textual y pidieron off de record.<\/p>\n<p>La reuni\u00f3n fue conducida por <strong>Julio \u201cTito\u201d Pech\u00edn<\/strong>, presidente del partido.<strong> No hubo catarsis por los resultados del domingo. Solo se agradeci\u00f3 a la militancia y se felicit\u00f3 a los intendentes electos.<\/strong><\/p>\n<p>La discusi\u00f3n central estuvo enfocada en la decisi\u00f3n que se tomar\u00e1 en la Convenci\u00f3n Nacional de la UCR. \u201cSe analizaron principalmente las dos posiciones que predominar\u00e1n en la convenci\u00f3n. En primer lugar, la que plantea ampliar el frente, invitando a otros actores. Y en segundo lugar, la que se parece mucho a ratificar el actual esquema de Cambiemos, aunque estableciendo algunas pautas como mayor injerencia del radicalismo en el Gobierno\u201d, cont\u00f3 uno de los informantes. La tercera posici\u00f3n, en tanto, es la que plantea ir solos a las elecciones, que tiene pocos adherentes.<\/p>\n<p>En los dos primeros casos, adem\u00e1s, plantean la conformaci\u00f3n de una comisi\u00f3n de acci\u00f3n pol\u00edtica para llevar las negociaciones con el macrismo.<\/p>\n<p><strong>\u00bfCu\u00e1l es la posici\u00f3n mayoritaria -casi un\u00e1nime- de los convencionales pampeanos? Ampliar el frente Cambiemos.\u00a0<\/strong><\/p>\n<p><strong>Igual no tienen mucha expectativa de que pueda ampliarse el frente.<\/strong> \u201cLos tiempos electorales se achican y no hay muchos sectores que quieran acercarse a Cambiemos. De hecho, no hay pr\u00e1cticamente ninguno y no s\u00e9 por qu\u00e9 podr\u00eda cambiar la situaci\u00f3n\u201d, cont\u00f3 otro participante.<\/p>\n<blockquote class=\"wp-embedded-content\" data-secret=\"xPjJkPDqM1\"><p><a href=\"http:\/\/diariotextual.com\/inicio\/index.php\/2019\/05\/20\/pechin-la-crisis-nos-arrastro-nos-llevo-puesto\/\">Pech\u00edn y la paliza electoral de Cambiemos: &#8220;La crisis nos arrastr\u00f3 y nos llev\u00f3 puesto&#8221;<\/a><\/p><\/blockquote>\n<p><iframe class=\"wp-embedded-content\" sandbox=\"allow-scripts\" security=\"restricted\" style=\"position: absolute; clip: rect(1px, 1px, 1px, 1px);\" src=\"http:\/\/diariotextual.com\/inicio\/index.php\/2019\/05\/20\/pechin-la-crisis-nos-arrastro-nos-llevo-puesto\/embed\/#?secret=xPjJkPDqM1\" data-secret=\"xPjJkPDqM1\" width=\"600\" height=\"338\" title=\"&#8220;Pech\u00edn y la paliza electoral de Cambiemos: &#8220;La crisis nos arrastr\u00f3 y nos llev\u00f3 puesto&#8221;&#8221; &#8212; Diario Textual\" frameborder=\"0\" marginwidth=\"0\" marginheight=\"0\" scrolling=\"no\"><\/iframe><\/p>\n<p>&nbsp;<\/p>\n","protected":false},"excerpt":{"rendered":"<p>Con las heridas abiertas de la derrota electoral del domingo, donde el PJ retuvo la provincia y le arrebat\u00f3 Santa Rosa, dirigentes de la Uni\u00f3n C\u00edvica Radical se reunieron este&hellip;<\/p>\n","protected":false},"author":3,"featured_media":49811,"comment_status":"closed","ping_status":"open","sticky":false,"template":"","format":"standard","meta":{"_acf_changed":false,"footnotes":""},"categories":[11,319,8],"tags":[1538,191],"class_list":["post-49831","post","type-post","status-publish","format-standard","has-post-thumbnail","hentry","category-que-pasa","category-a-temporales","category-politica","tag-radicalismo","tag-ucr"],"acf":[],"yoast_head":"<!-- This site is optimized with the Yoast SEO plugin v27.5 - https:\/\/yoast.com\/product\/yoast-seo-wordpress\/ -->\n<title>Se reuni\u00f3 la UCR: convencionales pampeanos piden \u201campliar\u201d Cambiemos - Diario Textual<\/title>\n<meta name=\"robots\" content=\"index, follow, max-snippet:-1, max-image-preview:large, max-video-preview:-1\" \/>\n<link rel=\"canonical\" href=\"https:\/\/diariotextual.com\/inicio\/index.php\/2019\/05\/23\/se-reunio-la-ucr-convencionales-pampeanos-piden-ampliar-cambiemos\/\" \/>\n<meta property=\"og:locale\" content=\"es_ES\" \/>\n<meta property=\"og:type\" content=\"article\" \/>\n<meta property=\"og:title\" content=\"Se reuni\u00f3 la UCR: convencionales pampeanos piden \u201campliar\u201d Cambiemos - Diario Textual\" \/>\n<meta property=\"og:description\" content=\"Con las heridas abiertas de la derrota electoral del domingo, donde el PJ retuvo la provincia y le arrebat\u00f3 Santa Rosa, dirigentes de la Uni\u00f3n C\u00edvica Radical se reunieron este&hellip;\" \/>\n<meta property=\"og:url\" content=\"https:\/\/diariotextual.com\/inicio\/index.php\/2019\/05\/23\/se-reunio-la-ucr-convencionales-pampeanos-piden-ampliar-cambiemos\/\" \/>\n<meta property=\"og:site_name\" content=\"Diario Textual\" \/>\n<meta property=\"article:publisher\" content=\"https:\/\/www.facebook.com\/eltextual\" \/>\n<meta property=\"article:published_time\" content=\"2019-05-24T01:51:31+00:00\" \/>\n<meta property=\"article:modified_time\" content=\"2019-05-24T16:34:56+00:00\" \/>\n<meta property=\"og:image\" content=\"https:\/\/diariotextual.com\/inicio\/wp-content\/uploads\/2019\/05\/ucrreunion23mayo2019-1.jpg\" \/>\n\t<meta property=\"og:image:width\" content=\"1100\" \/>\n\t<meta property=\"og:image:height\" content=\"721\" \/>\n\t<meta property=\"og:image:type\" content=\"image\/jpeg\" \/>\n<meta name=\"author\" content=\"Diario1 Diario1\" \/>\n<meta name=\"twitter:card\" content=\"summary_large_image\" \/>\n<meta name=\"twitter:creator\" content=\"@eltextual\" \/>\n<meta name=\"twitter:site\" content=\"@eltextual\" \/>\n<meta name=\"twitter:label1\" content=\"Escrito por\" \/>\n\t<meta name=\"twitter:data1\" content=\"Diario1 Diario1\" \/>\n\t<meta name=\"twitter:label2\" content=\"Tiempo de lectura\" \/>\n\t<meta name=\"twitter:data2\" content=\"2 minutos\" \/>\n<script type=\"application\/ld+json\" class=\"yoast-schema-graph\">{\"@context\":\"https:\\\/\\\/schema.org\",\"@graph\":[{\"@type\":\"Article\",\"@id\":\"https:\\\/\\\/diariotextual.com\\\/inicio\\\/index.php\\\/2019\\\/05\\\/23\\\/se-reunio-la-ucr-convencionales-pampeanos-piden-ampliar-cambiemos\\\/#article\",\"isPartOf\":{\"@id\":\"https:\\\/\\\/diariotextual.com\\\/inicio\\\/index.php\\\/2019\\\/05\\\/23\\\/se-reunio-la-ucr-convencionales-pampeanos-piden-ampliar-cambiemos\\\/\"},\"author\":{\"name\":\"Diario1 Diario1\",\"@id\":\"https:\\\/\\\/diariotextual.com\\\/inicio\\\/#\\\/schema\\\/person\\\/418fc4093c33e86ed41562db3508f958\"},\"headline\":\"Se reuni\u00f3 la UCR: convencionales pampeanos piden \u201campliar\u201d Cambiemos\",\"datePublished\":\"2019-05-24T01:51:31+00:00\",\"dateModified\":\"2019-05-24T16:34:56+00:00\",\"mainEntityOfPage\":{\"@id\":\"https:\\\/\\\/diariotextual.com\\\/inicio\\\/index.php\\\/2019\\\/05\\\/23\\\/se-reunio-la-ucr-convencionales-pampeanos-piden-ampliar-cambiemos\\\/\"},\"wordCount\":466,\"publisher\":{\"@id\":\"https:\\\/\\\/diariotextual.com\\\/inicio\\\/#organization\"},\"image\":{\"@id\":\"https:\\\/\\\/diariotextual.com\\\/inicio\\\/index.php\\\/2019\\\/05\\\/23\\\/se-reunio-la-ucr-convencionales-pampeanos-piden-ampliar-cambiemos\\\/#primaryimage\"},\"thumbnailUrl\":\"https:\\\/\\\/diariotextual.com\\\/inicio\\\/wp-content\\\/uploads\\\/2019\\\/05\\\/ucrreunion23mayo2019-1.jpg\",\"keywords\":[\"Radicalismo\",\"ucr\"],\"articleSection\":[\"A - QUE PASA (al costado)\",\"A - TEMPORALES\",\"POLITICA\"],\"inLanguage\":\"es\"},{\"@type\":\"WebPage\",\"@id\":\"https:\\\/\\\/diariotextual.com\\\/inicio\\\/index.php\\\/2019\\\/05\\\/23\\\/se-reunio-la-ucr-convencionales-pampeanos-piden-ampliar-cambiemos\\\/\",\"url\":\"https:\\\/\\\/diariotextual.com\\\/inicio\\\/index.php\\\/2019\\\/05\\\/23\\\/se-reunio-la-ucr-convencionales-pampeanos-piden-ampliar-cambiemos\\\/\",\"name\":\"Se reuni\u00f3 la UCR: convencionales pampeanos piden \u201campliar\u201d Cambiemos - Diario Textual\",\"isPartOf\":{\"@id\":\"https:\\\/\\\/diariotextual.com\\\/inicio\\\/#website\"},\"primaryImageOfPage\":{\"@id\":\"https:\\\/\\\/diariotextual.com\\\/inicio\\\/index.php\\\/2019\\\/05\\\/23\\\/se-reunio-la-ucr-convencionales-pampeanos-piden-ampliar-cambiemos\\\/#primaryimage\"},\"image\":{\"@id\":\"https:\\\/\\\/diariotextual.com\\\/inicio\\\/index.php\\\/2019\\\/05\\\/23\\\/se-reunio-la-ucr-convencionales-pampeanos-piden-ampliar-cambiemos\\\/#primaryimage\"},\"thumbnailUrl\":\"https:\\\/\\\/diariotextual.com\\\/inicio\\\/wp-content\\\/uploads\\\/2019\\\/05\\\/ucrreunion23mayo2019-1.jpg\",\"datePublished\":\"2019-05-24T01:51:31+00:00\",\"dateModified\":\"2019-05-24T16:34:56+00:00\",\"breadcrumb\":{\"@id\":\"https:\\\/\\\/diariotextual.com\\\/inicio\\\/index.php\\\/2019\\\/05\\\/23\\\/se-reunio-la-ucr-convencionales-pampeanos-piden-ampliar-cambiemos\\\/#breadcrumb\"},\"inLanguage\":\"es\",\"potentialAction\":[{\"@type\":\"ReadAction\",\"target\":[\"https:\\\/\\\/diariotextual.com\\\/inicio\\\/index.php\\\/2019\\\/05\\\/23\\\/se-reunio-la-ucr-convencionales-pampeanos-piden-ampliar-cambiemos\\\/\"]}]},{\"@type\":\"ImageObject\",\"inLanguage\":\"es\",\"@id\":\"https:\\\/\\\/diariotextual.com\\\/inicio\\\/index.php\\\/2019\\\/05\\\/23\\\/se-reunio-la-ucr-convencionales-pampeanos-piden-ampliar-cambiemos\\\/#primaryimage\",\"url\":\"https:\\\/\\\/diariotextual.com\\\/inicio\\\/wp-content\\\/uploads\\\/2019\\\/05\\\/ucrreunion23mayo2019-1.jpg\",\"contentUrl\":\"https:\\\/\\\/diariotextual.com\\\/inicio\\\/wp-content\\\/uploads\\\/2019\\\/05\\\/ucrreunion23mayo2019-1.jpg\",\"width\":1100,\"height\":721},{\"@type\":\"BreadcrumbList\",\"@id\":\"https:\\\/\\\/diariotextual.com\\\/inicio\\\/index.php\\\/2019\\\/05\\\/23\\\/se-reunio-la-ucr-convencionales-pampeanos-piden-ampliar-cambiemos\\\/#breadcrumb\",\"itemListElement\":[{\"@type\":\"ListItem\",\"position\":1,\"name\":\"Portada\",\"item\":\"https:\\\/\\\/diariotextual.com\\\/inicio\\\/\"},{\"@type\":\"ListItem\",\"position\":2,\"name\":\"Se reuni\u00f3 la UCR: convencionales pampeanos piden \u201campliar\u201d Cambiemos\"}]},{\"@type\":\"WebSite\",\"@id\":\"https:\\\/\\\/diariotextual.com\\\/inicio\\\/#website\",\"url\":\"https:\\\/\\\/diariotextual.com\\\/inicio\\\/\",\"name\":\"Diario Textual\",\"description\":\"\",\"publisher\":{\"@id\":\"https:\\\/\\\/diariotextual.com\\\/inicio\\\/#organization\"},\"potentialAction\":[{\"@type\":\"SearchAction\",\"target\":{\"@type\":\"EntryPoint\",\"urlTemplate\":\"https:\\\/\\\/diariotextual.com\\\/inicio\\\/?s={search_term_string}\"},\"query-input\":{\"@type\":\"PropertyValueSpecification\",\"valueRequired\":true,\"valueName\":\"search_term_string\"}}],\"inLanguage\":\"es\"},{\"@type\":\"Organization\",\"@id\":\"https:\\\/\\\/diariotextual.com\\\/inicio\\\/#organization\",\"name\":\"Diario Textual\",\"url\":\"https:\\\/\\\/diariotextual.com\\\/inicio\\\/\",\"logo\":{\"@type\":\"ImageObject\",\"inLanguage\":\"es\",\"@id\":\"https:\\\/\\\/diariotextual.com\\\/inicio\\\/#\\\/schema\\\/logo\\\/image\\\/\",\"url\":\"https:\\\/\\\/diariotextual.com\\\/inicio\\\/wp-content\\\/uploads\\\/2023\\\/05\\\/logotextual1.jpg\",\"contentUrl\":\"https:\\\/\\\/diariotextual.com\\\/inicio\\\/wp-content\\\/uploads\\\/2023\\\/05\\\/logotextual1.jpg\",\"width\":516,\"height\":76,\"caption\":\"Diario Textual\"},\"image\":{\"@id\":\"https:\\\/\\\/diariotextual.com\\\/inicio\\\/#\\\/schema\\\/logo\\\/image\\\/\"},\"sameAs\":[\"https:\\\/\\\/www.facebook.com\\\/eltextual\",\"https:\\\/\\\/x.com\\\/eltextual\",\"http:\\\/\\\/www.instagram.com\\\/eltextual\"]},{\"@type\":\"Person\",\"@id\":\"https:\\\/\\\/diariotextual.com\\\/inicio\\\/#\\\/schema\\\/person\\\/418fc4093c33e86ed41562db3508f958\",\"name\":\"Diario1 Diario1\",\"image\":{\"@type\":\"ImageObject\",\"inLanguage\":\"es\",\"@id\":\"https:\\\/\\\/secure.gravatar.com\\\/avatar\\\/9167d280179c85bc18be67aa7eda765854300033af4896dd779b608640f2ef7a?s=96&d=mm&r=g\",\"url\":\"https:\\\/\\\/secure.gravatar.com\\\/avatar\\\/9167d280179c85bc18be67aa7eda765854300033af4896dd779b608640f2ef7a?s=96&d=mm&r=g\",\"contentUrl\":\"https:\\\/\\\/secure.gravatar.com\\\/avatar\\\/9167d280179c85bc18be67aa7eda765854300033af4896dd779b608640f2ef7a?s=96&d=mm&r=g\",\"caption\":\"Diario1 Diario1\"},\"url\":\"https:\\\/\\\/diariotextual.com\\\/inicio\\\/index.php\\\/author\\\/diario1\\\/\"}]}<\/script>\n<!-- \/ Yoast SEO plugin. -->","yoast_head_json":{"title":"Se reuni\u00f3 la UCR: convencionales pampeanos piden \u201campliar\u201d Cambiemos - Diario Textual","robots":{"index":"index","follow":"follow","max-snippet":"max-snippet:-1","max-image-preview":"max-image-preview:large","max-video-preview":"max-video-preview:-1"},"canonical":"https:\/\/diariotextual.com\/inicio\/index.php\/2019\/05\/23\/se-reunio-la-ucr-convencionales-pampeanos-piden-ampliar-cambiemos\/","og_locale":"es_ES","og_type":"article","og_title":"Se reuni\u00f3 la UCR: convencionales pampeanos piden \u201campliar\u201d Cambiemos - Diario Textual","og_description":"Con las heridas abiertas de la derrota electoral del domingo, donde el PJ retuvo la provincia y le arrebat\u00f3 Santa Rosa, dirigentes de la Uni\u00f3n C\u00edvica Radical se reunieron este&hellip;","og_url":"https:\/\/diariotextual.com\/inicio\/index.php\/2019\/05\/23\/se-reunio-la-ucr-convencionales-pampeanos-piden-ampliar-cambiemos\/","og_site_name":"Diario Textual","article_publisher":"https:\/\/www.facebook.com\/eltextual","article_published_time":"2019-05-24T01:51:31+00:00","article_modified_time":"2019-05-24T16:34:56+00:00","og_image":[{"width":1100,"height":721,"url":"https:\/\/diariotextual.com\/inicio\/wp-content\/uploads\/2019\/05\/ucrreunion23mayo2019-1.jpg","type":"image\/jpeg"}],"author":"Diario1 Diario1","twitter_card":"summary_large_image","twitter_creator":"@eltextual","twitter_site":"@eltextual","twitter_misc":{"Escrito por":"Diario1 Diario1","Tiempo de lectura":"2 minutos"},"schema":{"@context":"https:\/\/schema.org","@graph":[{"@type":"Article","@id":"https:\/\/diariotextual.com\/inicio\/index.php\/2019\/05\/23\/se-reunio-la-ucr-convencionales-pampeanos-piden-ampliar-cambiemos\/#article","isPartOf":{"@id":"https:\/\/diariotextual.com\/inicio\/index.php\/2019\/05\/23\/se-reunio-la-ucr-convencionales-pampeanos-piden-ampliar-cambiemos\/"},"author":{"name":"Diario1 Diario1","@id":"https:\/\/diariotextual.com\/inicio\/#\/schema\/person\/418fc4093c33e86ed41562db3508f958"},"headline":"Se reuni\u00f3 la UCR: convencionales pampeanos piden \u201campliar\u201d Cambiemos","datePublished":"2019-05-24T01:51:31+00:00","dateModified":"2019-05-24T16:34:56+00:00","mainEntityOfPage":{"@id":"https:\/\/diariotextual.com\/inicio\/index.php\/2019\/05\/23\/se-reunio-la-ucr-convencionales-pampeanos-piden-ampliar-cambiemos\/"},"wordCount":466,"publisher":{"@id":"https:\/\/diariotextual.com\/inicio\/#organization"},"image":{"@id":"https:\/\/diariotextual.com\/inicio\/index.php\/2019\/05\/23\/se-reunio-la-ucr-convencionales-pampeanos-piden-ampliar-cambiemos\/#primaryimage"},"thumbnailUrl":"https:\/\/diariotextual.com\/inicio\/wp-content\/uploads\/2019\/05\/ucrreunion23mayo2019-1.jpg","keywords":["Radicalismo","ucr"],"articleSection":["A - QUE PASA (al costado)","A - TEMPORALES","POLITICA"],"inLanguage":"es"},{"@type":"WebPage","@id":"https:\/\/diariotextual.com\/inicio\/index.php\/2019\/05\/23\/se-reunio-la-ucr-convencionales-pampeanos-piden-ampliar-cambiemos\/","url":"https:\/\/diariotextual.com\/inicio\/index.php\/2019\/05\/23\/se-reunio-la-ucr-convencionales-pampeanos-piden-ampliar-cambiemos\/","name":"Se reuni\u00f3 la UCR: convencionales pampeanos piden \u201campliar\u201d Cambiemos - Diario Textual","isPartOf":{"@id":"https:\/\/diariotextual.com\/inicio\/#website"},"primaryImageOfPage":{"@id":"https:\/\/diariotextual.com\/inicio\/index.php\/2019\/05\/23\/se-reunio-la-ucr-convencionales-pampeanos-piden-ampliar-cambiemos\/#primaryimage"},"image":{"@id":"https:\/\/diariotextual.com\/inicio\/index.php\/2019\/05\/23\/se-reunio-la-ucr-convencionales-pampeanos-piden-ampliar-cambiemos\/#primaryimage"},"thumbnailUrl":"https:\/\/diariotextual.com\/inicio\/wp-content\/uploads\/2019\/05\/ucrreunion23mayo2019-1.jpg","datePublished":"2019-05-24T01:51:31+00:00","dateModified":"2019-05-24T16:34:56+00:00","breadcrumb":{"@id":"https:\/\/diariotextual.com\/inicio\/index.php\/2019\/05\/23\/se-reunio-la-ucr-convencionales-pampeanos-piden-ampliar-cambiemos\/#breadcrumb"},"inLanguage":"es","potentialAction":[{"@type":"ReadAction","target":["https:\/\/diariotextual.com\/inicio\/index.php\/2019\/05\/23\/se-reunio-la-ucr-convencionales-pampeanos-piden-ampliar-cambiemos\/"]}]},{"@type":"ImageObject","inLanguage":"es","@id":"https:\/\/diariotextual.com\/inicio\/index.php\/2019\/05\/23\/se-reunio-la-ucr-convencionales-pampeanos-piden-ampliar-cambiemos\/#primaryimage","url":"https:\/\/diariotextual.com\/inicio\/wp-content\/uploads\/2019\/05\/ucrreunion23mayo2019-1.jpg","contentUrl":"https:\/\/diariotextual.com\/inicio\/wp-content\/uploads\/2019\/05\/ucrreunion23mayo2019-1.jpg","width":1100,"height":721},{"@type":"BreadcrumbList","@id":"https:\/\/diariotextual.com\/inicio\/index.php\/2019\/05\/23\/se-reunio-la-ucr-convencionales-pampeanos-piden-ampliar-cambiemos\/#breadcrumb","itemListElement":[{"@type":"ListItem","position":1,"name":"Portada","item":"https:\/\/diariotextual.com\/inicio\/"},{"@type":"ListItem","position":2,"name":"Se reuni\u00f3 la UCR: convencionales pampeanos piden \u201campliar\u201d Cambiemos"}]},{"@type":"WebSite","@id":"https:\/\/diariotextual.com\/inicio\/#website","url":"https:\/\/diariotextual.com\/inicio\/","name":"Diario Textual","description":"","publisher":{"@id":"https:\/\/diariotextual.com\/inicio\/#organization"},"potentialAction":[{"@type":"SearchAction","target":{"@type":"EntryPoint","urlTemplate":"https:\/\/diariotextual.com\/inicio\/?s={search_term_string}"},"query-input":{"@type":"PropertyValueSpecification","valueRequired":true,"valueName":"search_term_string"}}],"inLanguage":"es"},{"@type":"Organization","@id":"https:\/\/diariotextual.com\/inicio\/#organization","name":"Diario Textual","url":"https:\/\/diariotextual.com\/inicio\/","logo":{"@type":"ImageObject","inLanguage":"es","@id":"https:\/\/diariotextual.com\/inicio\/#\/schema\/logo\/image\/","url":"https:\/\/diariotextual.com\/inicio\/wp-content\/uploads\/2023\/05\/logotextual1.jpg","contentUrl":"https:\/\/diariotextual.com\/inicio\/wp-content\/uploads\/2023\/05\/logotextual1.jpg","width":516,"height":76,"caption":"Diario Textual"},"image":{"@id":"https:\/\/diariotextual.com\/inicio\/#\/schema\/logo\/image\/"},"sameAs":["https:\/\/www.facebook.com\/eltextual","https:\/\/x.com\/eltextual","http:\/\/www.instagram.com\/eltextual"]},{"@type":"Person","@id":"https:\/\/diariotextual.com\/inicio\/#\/schema\/person\/418fc4093c33e86ed41562db3508f958","name":"Diario1 Diario1","image":{"@type":"ImageObject","inLanguage":"es","@id":"https:\/\/secure.gravatar.com\/avatar\/9167d280179c85bc18be67aa7eda765854300033af4896dd779b608640f2ef7a?s=96&d=mm&r=g","url":"https:\/\/secure.gravatar.com\/avatar\/9167d280179c85bc18be67aa7eda765854300033af4896dd779b608640f2ef7a?s=96&d=mm&r=g","contentUrl":"https:\/\/secure.gravatar.com\/avatar\/9167d280179c85bc18be67aa7eda765854300033af4896dd779b608640f2ef7a?s=96&d=mm&r=g","caption":"Diario1 Diario1"},"url":"https:\/\/diariotextual.com\/inicio\/index.php\/author\/diario1\/"}]}},"_links":{"self":[{"href":"https:\/\/diariotextual.com\/inicio\/index.php\/wp-json\/wp\/v2\/posts\/49831","targetHints":{"allow":["GET"]}}],"collection":[{"href":"https:\/\/diariotextual.com\/inicio\/index.php\/wp-json\/wp\/v2\/posts"}],"about":[{"href":"https:\/\/diariotextual.com\/inicio\/index.php\/wp-json\/wp\/v2\/types\/post"}],"author":[{"embeddable":true,"href":"https:\/\/diariotextual.com\/inicio\/index.php\/wp-json\/wp\/v2\/users\/3"}],"replies":[{"embeddable":true,"href":"https:\/\/diariotextual.com\/inicio\/index.php\/wp-json\/wp\/v2\/comments?post=49831"}],"version-history":[{"count":2,"href":"https:\/\/diariotextual.com\/inicio\/index.php\/wp-json\/wp\/v2\/posts\/49831\/revisions"}],"predecessor-version":[{"id":49833,"href":"https:\/\/diariotextual.com\/inicio\/index.php\/wp-json\/wp\/v2\/posts\/49831\/revisions\/49833"}],"wp:featuredmedia":[{"embeddable":true,"href":"https:\/\/diariotextual.com\/inicio\/index.php\/wp-json\/wp\/v2\/media\/49811"}],"wp:attachment":[{"href":"https:\/\/diariotextual.com\/inicio\/index.php\/wp-json\/wp\/v2\/media?parent=49831"}],"wp:term":[{"taxonomy":"category","embeddable":true,"href":"https:\/\/diariotextual.com\/inicio\/index.php\/wp-json\/wp\/v2\/categories?post=49831"},{"taxonomy":"post_tag","embeddable":true,"href":"https:\/\/diariotextual.com\/inicio\/index.php\/wp-json\/wp\/v2\/tags?post=49831"}],"curies":[{"name":"wp","href":"https:\/\/api.w.org\/{rel}","templated":true}]}}