{"id":49895,"date":"2019-05-24T11:12:31","date_gmt":"2019-05-24T14:12:31","guid":{"rendered":"http:\/\/diariotextual.com\/inicio\/?p=49895"},"modified":"2019-05-24T23:29:29","modified_gmt":"2019-05-25T02:29:29","slug":"la-soga-al-cuello-mil-familias-pampeanas-creditos-hipotecarios-uva","status":"publish","type":"post","link":"https:\/\/diariotextual.com\/inicio\/index.php\/2019\/05\/24\/la-soga-al-cuello-mil-familias-pampeanas-creditos-hipotecarios-uva\/","title":{"rendered":"Con la soga al cuello: hay mil familias pampeanas con cr\u00e9ditos Hipotecarios UVA"},"content":{"rendered":"<p>En La Pampa hay casi <strong>mil familias que tomaron\u00a0 los cr\u00e9ditos hipotecarios UVA, aquellos en los que la deuda y la cuota se ajusta a la par de la inflaci\u00f3n. Las cuotas se dispararon y se les hace dif\u00edcil el pago<\/strong>. Uno de los principales problema\u00a0radica en la ausencia de cl\u00e1usulas que limiten el ajuste por inflaci\u00f3n cuando los ingresos evolucionan por debajo. <strong>El que m\u00e1s entreg\u00f3 fue el Banco Naci\u00f3n, con unos 700. Le sigue el Banco de La Pampa, con casi 150.<\/strong><\/p>\n<p>El diputado provincial<strong> Eduardo Tindiglia<\/strong> present\u00f3 un proyecto en beneficio de quienes han tomado cr\u00e9ditos UVA. Solicit\u00f3 a las y los legisladores nacionales que representan a la provincia de La Pampa, que promuevan el tratamiento y aprobaci\u00f3n del proyecto de ley N\u00b0 3.985 presentado en el Congreso de la Naci\u00f3n por la diputada nacional M\u00f3nica Macha, el mismo propone declarar la emergencia nacional del sistema de cr\u00e9ditos UVA por el termino de un a\u00f1o.<\/p>\n<p>\u201cEl objetivo <strong>consiste en mejorar las condiciones de los pr\u00e9stamos conocidos como UVA, de modo que no resulten un ahogo para los deudores en un contexto inflacionario y de m\u00e1xima volatilidad macro econ\u00f3mica<\/strong> como el que vive nuestro pa\u00eds en la actualidad\u201d, cont\u00f3 el legislador al momento de realizar la presentaci\u00f3n.<\/p>\n<p>\u201cLos tomadores de cr\u00e9dito para vivienda est\u00e1n en situaci\u00f3n de incertidumbre y preocupaci\u00f3n por la inflaci\u00f3n y la suba del d\u00f3lar que modifican directamente las cuotas mensuales que deben afrontar. <strong>En la Argentina de hoy existe un problema habitacional grave, que requiere de soluciones urgentes, el 70% del sueldo de un asalariado se consume en cuestiones de vivienda, sea porque alquila o porque debe afrontar el costo de la cuota de un cr\u00e9dito UVA, La Pampa no es una excepci\u00f3n, en nuestra provincia, la cantidad de altas de cr\u00e9ditos HIPOTECARIOS UVA fue de 990, casi el 1% del total nacional de 100.969 pr\u00e9stamos otorgados<\/strong>\u201d, ampli\u00f3 Tindiglia.<\/p>\n<p>En el proyecto el diputado aporta datos obtenidos de distintas entidades bancarias que operan en la provincia. <strong>El Banco de La Pampa se\u00f1ala que, al 31 de marzo de 2019, fueron otorgados 148 Cr\u00e9ditos Hipotecarios UVA por un monto de 318 millones de pesos y 252 Cr\u00e9ditos UVA Autos por un total de 105 millones de pesos. Pero el mayor otorgante de cr\u00e9ditos Hipotecarios UVA en nuestra provincia fue sin dudas el Banco de la Naci\u00f3n Argentina con m\u00e1s de 700 en el territorio, principalmente en Santa Rosa (medio millar) y General Pico, cerca de 200.<\/strong> La diferencia restante corresponde a bancos privados con sucursales en nuestra provincia, como por ejemplo el Banco Credicoop, que otorg\u00f3 23 de estos pr\u00e9stamos por 24 millones de pesos, aunque no coloc\u00f3 cr\u00e9ditos UVA Autos.<\/p>\n<p>\u00abEl Estado puede y debe tomar cartas en el asunto, marcand una pol\u00edtica que permita a las y los argentinos acceder al derecho de una vivienda propia sin que esto signifique endeudarse o no poder acceder a otros derechos\u00bb, dijo.<\/p>\n<p>&nbsp;<\/p>\n<p>&nbsp;<\/p>\n","protected":false},"excerpt":{"rendered":"<p>En La Pampa hay casi mil familias que tomaron\u00a0 los cr\u00e9ditos hipotecarios UVA, aquellos en los que la deuda y la cuota se ajusta a la par de la inflaci\u00f3n.&hellip;<\/p>\n","protected":false},"author":3,"featured_media":49901,"comment_status":"closed","ping_status":"open","sticky":false,"template":"","format":"standard","meta":{"_acf_changed":false,"footnotes":""},"categories":[11,319,5],"tags":[],"class_list":["post-49895","post","type-post","status-publish","format-standard","has-post-thumbnail","hentry","category-que-pasa","category-a-temporales","category-economia"],"acf":[],"yoast_head":"<!-- This site is optimized with the Yoast SEO plugin v27.5 - https:\/\/yoast.com\/product\/yoast-seo-wordpress\/ -->\n<title>Con la soga al cuello: hay mil familias pampeanas con cr\u00e9ditos Hipotecarios UVA - Diario Textual<\/title>\n<meta name=\"robots\" content=\"index, follow, max-snippet:-1, max-image-preview:large, max-video-preview:-1\" \/>\n<link rel=\"canonical\" href=\"https:\/\/diariotextual.com\/inicio\/index.php\/2019\/05\/24\/la-soga-al-cuello-mil-familias-pampeanas-creditos-hipotecarios-uva\/\" \/>\n<meta property=\"og:locale\" content=\"es_ES\" \/>\n<meta property=\"og:type\" content=\"article\" \/>\n<meta property=\"og:title\" content=\"Con la soga al cuello: hay mil familias pampeanas con cr\u00e9ditos Hipotecarios UVA - Diario Textual\" \/>\n<meta property=\"og:description\" content=\"En La Pampa hay casi mil familias que tomaron\u00a0 los cr\u00e9ditos hipotecarios UVA, aquellos en los que la deuda y la cuota se ajusta a la par de la inflaci\u00f3n.&hellip;\" \/>\n<meta property=\"og:url\" content=\"https:\/\/diariotextual.com\/inicio\/index.php\/2019\/05\/24\/la-soga-al-cuello-mil-familias-pampeanas-creditos-hipotecarios-uva\/\" \/>\n<meta property=\"og:site_name\" content=\"Diario Textual\" \/>\n<meta property=\"article:publisher\" content=\"https:\/\/www.facebook.com\/eltextual\" \/>\n<meta property=\"article:published_time\" content=\"2019-05-24T14:12:31+00:00\" \/>\n<meta property=\"article:modified_time\" content=\"2019-05-25T02:29:29+00:00\" \/>\n<meta property=\"og:image\" content=\"https:\/\/diariotextual.com\/inicio\/wp-content\/uploads\/2019\/05\/macricreditosuvahipotecarios3.jpg\" \/>\n\t<meta property=\"og:image:width\" content=\"745\" \/>\n\t<meta property=\"og:image:height\" content=\"521\" \/>\n\t<meta property=\"og:image:type\" content=\"image\/jpeg\" \/>\n<meta name=\"author\" content=\"Diario1 Diario1\" \/>\n<meta name=\"twitter:card\" content=\"summary_large_image\" \/>\n<meta name=\"twitter:creator\" content=\"@eltextual\" \/>\n<meta name=\"twitter:site\" content=\"@eltextual\" \/>\n<meta name=\"twitter:label1\" content=\"Escrito por\" \/>\n\t<meta name=\"twitter:data1\" content=\"Diario1 Diario1\" \/>\n\t<meta name=\"twitter:label2\" content=\"Tiempo de lectura\" \/>\n\t<meta name=\"twitter:data2\" content=\"3 minutos\" \/>\n<script type=\"application\/ld+json\" class=\"yoast-schema-graph\">{\"@context\":\"https:\\\/\\\/schema.org\",\"@graph\":[{\"@type\":\"Article\",\"@id\":\"https:\\\/\\\/diariotextual.com\\\/inicio\\\/index.php\\\/2019\\\/05\\\/24\\\/la-soga-al-cuello-mil-familias-pampeanas-creditos-hipotecarios-uva\\\/#article\",\"isPartOf\":{\"@id\":\"https:\\\/\\\/diariotextual.com\\\/inicio\\\/index.php\\\/2019\\\/05\\\/24\\\/la-soga-al-cuello-mil-familias-pampeanas-creditos-hipotecarios-uva\\\/\"},\"author\":{\"name\":\"Diario1 Diario1\",\"@id\":\"https:\\\/\\\/diariotextual.com\\\/inicio\\\/#\\\/schema\\\/person\\\/418fc4093c33e86ed41562db3508f958\"},\"headline\":\"Con la soga al cuello: hay mil familias pampeanas con cr\u00e9ditos Hipotecarios UVA\",\"datePublished\":\"2019-05-24T14:12:31+00:00\",\"dateModified\":\"2019-05-25T02:29:29+00:00\",\"mainEntityOfPage\":{\"@id\":\"https:\\\/\\\/diariotextual.com\\\/inicio\\\/index.php\\\/2019\\\/05\\\/24\\\/la-soga-al-cuello-mil-familias-pampeanas-creditos-hipotecarios-uva\\\/\"},\"wordCount\":523,\"publisher\":{\"@id\":\"https:\\\/\\\/diariotextual.com\\\/inicio\\\/#organization\"},\"image\":{\"@id\":\"https:\\\/\\\/diariotextual.com\\\/inicio\\\/index.php\\\/2019\\\/05\\\/24\\\/la-soga-al-cuello-mil-familias-pampeanas-creditos-hipotecarios-uva\\\/#primaryimage\"},\"thumbnailUrl\":\"https:\\\/\\\/diariotextual.com\\\/inicio\\\/wp-content\\\/uploads\\\/2019\\\/05\\\/macricreditosuvahipotecarios3.jpg\",\"articleSection\":[\"A - QUE PASA (al costado)\",\"A - TEMPORALES\",\"ECONOMIA\"],\"inLanguage\":\"es\"},{\"@type\":\"WebPage\",\"@id\":\"https:\\\/\\\/diariotextual.com\\\/inicio\\\/index.php\\\/2019\\\/05\\\/24\\\/la-soga-al-cuello-mil-familias-pampeanas-creditos-hipotecarios-uva\\\/\",\"url\":\"https:\\\/\\\/diariotextual.com\\\/inicio\\\/index.php\\\/2019\\\/05\\\/24\\\/la-soga-al-cuello-mil-familias-pampeanas-creditos-hipotecarios-uva\\\/\",\"name\":\"Con la soga al cuello: hay mil familias pampeanas con cr\u00e9ditos Hipotecarios UVA - Diario Textual\",\"isPartOf\":{\"@id\":\"https:\\\/\\\/diariotextual.com\\\/inicio\\\/#website\"},\"primaryImageOfPage\":{\"@id\":\"https:\\\/\\\/diariotextual.com\\\/inicio\\\/index.php\\\/2019\\\/05\\\/24\\\/la-soga-al-cuello-mil-familias-pampeanas-creditos-hipotecarios-uva\\\/#primaryimage\"},\"image\":{\"@id\":\"https:\\\/\\\/diariotextual.com\\\/inicio\\\/index.php\\\/2019\\\/05\\\/24\\\/la-soga-al-cuello-mil-familias-pampeanas-creditos-hipotecarios-uva\\\/#primaryimage\"},\"thumbnailUrl\":\"https:\\\/\\\/diariotextual.com\\\/inicio\\\/wp-content\\\/uploads\\\/2019\\\/05\\\/macricreditosuvahipotecarios3.jpg\",\"datePublished\":\"2019-05-24T14:12:31+00:00\",\"dateModified\":\"2019-05-25T02:29:29+00:00\",\"breadcrumb\":{\"@id\":\"https:\\\/\\\/diariotextual.com\\\/inicio\\\/index.php\\\/2019\\\/05\\\/24\\\/la-soga-al-cuello-mil-familias-pampeanas-creditos-hipotecarios-uva\\\/#breadcrumb\"},\"inLanguage\":\"es\",\"potentialAction\":[{\"@type\":\"ReadAction\",\"target\":[\"https:\\\/\\\/diariotextual.com\\\/inicio\\\/index.php\\\/2019\\\/05\\\/24\\\/la-soga-al-cuello-mil-familias-pampeanas-creditos-hipotecarios-uva\\\/\"]}]},{\"@type\":\"ImageObject\",\"inLanguage\":\"es\",\"@id\":\"https:\\\/\\\/diariotextual.com\\\/inicio\\\/index.php\\\/2019\\\/05\\\/24\\\/la-soga-al-cuello-mil-familias-pampeanas-creditos-hipotecarios-uva\\\/#primaryimage\",\"url\":\"https:\\\/\\\/diariotextual.com\\\/inicio\\\/wp-content\\\/uploads\\\/2019\\\/05\\\/macricreditosuvahipotecarios3.jpg\",\"contentUrl\":\"https:\\\/\\\/diariotextual.com\\\/inicio\\\/wp-content\\\/uploads\\\/2019\\\/05\\\/macricreditosuvahipotecarios3.jpg\",\"width\":745,\"height\":521},{\"@type\":\"BreadcrumbList\",\"@id\":\"https:\\\/\\\/diariotextual.com\\\/inicio\\\/index.php\\\/2019\\\/05\\\/24\\\/la-soga-al-cuello-mil-familias-pampeanas-creditos-hipotecarios-uva\\\/#breadcrumb\",\"itemListElement\":[{\"@type\":\"ListItem\",\"position\":1,\"name\":\"Portada\",\"item\":\"https:\\\/\\\/diariotextual.com\\\/inicio\\\/\"},{\"@type\":\"ListItem\",\"position\":2,\"name\":\"Con la soga al cuello: hay mil familias pampeanas con cr\u00e9ditos Hipotecarios UVA\"}]},{\"@type\":\"WebSite\",\"@id\":\"https:\\\/\\\/diariotextual.com\\\/inicio\\\/#website\",\"url\":\"https:\\\/\\\/diariotextual.com\\\/inicio\\\/\",\"name\":\"Diario Textual\",\"description\":\"\",\"publisher\":{\"@id\":\"https:\\\/\\\/diariotextual.com\\\/inicio\\\/#organization\"},\"potentialAction\":[{\"@type\":\"SearchAction\",\"target\":{\"@type\":\"EntryPoint\",\"urlTemplate\":\"https:\\\/\\\/diariotextual.com\\\/inicio\\\/?s={search_term_string}\"},\"query-input\":{\"@type\":\"PropertyValueSpecification\",\"valueRequired\":true,\"valueName\":\"search_term_string\"}}],\"inLanguage\":\"es\"},{\"@type\":\"Organization\",\"@id\":\"https:\\\/\\\/diariotextual.com\\\/inicio\\\/#organization\",\"name\":\"Diario Textual\",\"url\":\"https:\\\/\\\/diariotextual.com\\\/inicio\\\/\",\"logo\":{\"@type\":\"ImageObject\",\"inLanguage\":\"es\",\"@id\":\"https:\\\/\\\/diariotextual.com\\\/inicio\\\/#\\\/schema\\\/logo\\\/image\\\/\",\"url\":\"https:\\\/\\\/diariotextual.com\\\/inicio\\\/wp-content\\\/uploads\\\/2023\\\/05\\\/logotextual1.jpg\",\"contentUrl\":\"https:\\\/\\\/diariotextual.com\\\/inicio\\\/wp-content\\\/uploads\\\/2023\\\/05\\\/logotextual1.jpg\",\"width\":516,\"height\":76,\"caption\":\"Diario Textual\"},\"image\":{\"@id\":\"https:\\\/\\\/diariotextual.com\\\/inicio\\\/#\\\/schema\\\/logo\\\/image\\\/\"},\"sameAs\":[\"https:\\\/\\\/www.facebook.com\\\/eltextual\",\"https:\\\/\\\/x.com\\\/eltextual\",\"http:\\\/\\\/www.instagram.com\\\/eltextual\"]},{\"@type\":\"Person\",\"@id\":\"https:\\\/\\\/diariotextual.com\\\/inicio\\\/#\\\/schema\\\/person\\\/418fc4093c33e86ed41562db3508f958\",\"name\":\"Diario1 Diario1\",\"image\":{\"@type\":\"ImageObject\",\"inLanguage\":\"es\",\"@id\":\"https:\\\/\\\/secure.gravatar.com\\\/avatar\\\/9167d280179c85bc18be67aa7eda765854300033af4896dd779b608640f2ef7a?s=96&d=mm&r=g\",\"url\":\"https:\\\/\\\/secure.gravatar.com\\\/avatar\\\/9167d280179c85bc18be67aa7eda765854300033af4896dd779b608640f2ef7a?s=96&d=mm&r=g\",\"contentUrl\":\"https:\\\/\\\/secure.gravatar.com\\\/avatar\\\/9167d280179c85bc18be67aa7eda765854300033af4896dd779b608640f2ef7a?s=96&d=mm&r=g\",\"caption\":\"Diario1 Diario1\"},\"url\":\"https:\\\/\\\/diariotextual.com\\\/inicio\\\/index.php\\\/author\\\/diario1\\\/\"}]}<\/script>\n<!-- \/ Yoast SEO plugin. -->","yoast_head_json":{"title":"Con la soga al cuello: hay mil familias pampeanas con cr\u00e9ditos Hipotecarios UVA - Diario Textual","robots":{"index":"index","follow":"follow","max-snippet":"max-snippet:-1","max-image-preview":"max-image-preview:large","max-video-preview":"max-video-preview:-1"},"canonical":"https:\/\/diariotextual.com\/inicio\/index.php\/2019\/05\/24\/la-soga-al-cuello-mil-familias-pampeanas-creditos-hipotecarios-uva\/","og_locale":"es_ES","og_type":"article","og_title":"Con la soga al cuello: hay mil familias pampeanas con cr\u00e9ditos Hipotecarios UVA - Diario Textual","og_description":"En La Pampa hay casi mil familias que tomaron\u00a0 los cr\u00e9ditos hipotecarios UVA, aquellos en los que la deuda y la cuota se ajusta a la par de la inflaci\u00f3n.&hellip;","og_url":"https:\/\/diariotextual.com\/inicio\/index.php\/2019\/05\/24\/la-soga-al-cuello-mil-familias-pampeanas-creditos-hipotecarios-uva\/","og_site_name":"Diario Textual","article_publisher":"https:\/\/www.facebook.com\/eltextual","article_published_time":"2019-05-24T14:12:31+00:00","article_modified_time":"2019-05-25T02:29:29+00:00","og_image":[{"width":745,"height":521,"url":"https:\/\/diariotextual.com\/inicio\/wp-content\/uploads\/2019\/05\/macricreditosuvahipotecarios3.jpg","type":"image\/jpeg"}],"author":"Diario1 Diario1","twitter_card":"summary_large_image","twitter_creator":"@eltextual","twitter_site":"@eltextual","twitter_misc":{"Escrito por":"Diario1 Diario1","Tiempo de lectura":"3 minutos"},"schema":{"@context":"https:\/\/schema.org","@graph":[{"@type":"Article","@id":"https:\/\/diariotextual.com\/inicio\/index.php\/2019\/05\/24\/la-soga-al-cuello-mil-familias-pampeanas-creditos-hipotecarios-uva\/#article","isPartOf":{"@id":"https:\/\/diariotextual.com\/inicio\/index.php\/2019\/05\/24\/la-soga-al-cuello-mil-familias-pampeanas-creditos-hipotecarios-uva\/"},"author":{"name":"Diario1 Diario1","@id":"https:\/\/diariotextual.com\/inicio\/#\/schema\/person\/418fc4093c33e86ed41562db3508f958"},"headline":"Con la soga al cuello: hay mil familias pampeanas con cr\u00e9ditos Hipotecarios UVA","datePublished":"2019-05-24T14:12:31+00:00","dateModified":"2019-05-25T02:29:29+00:00","mainEntityOfPage":{"@id":"https:\/\/diariotextual.com\/inicio\/index.php\/2019\/05\/24\/la-soga-al-cuello-mil-familias-pampeanas-creditos-hipotecarios-uva\/"},"wordCount":523,"publisher":{"@id":"https:\/\/diariotextual.com\/inicio\/#organization"},"image":{"@id":"https:\/\/diariotextual.com\/inicio\/index.php\/2019\/05\/24\/la-soga-al-cuello-mil-familias-pampeanas-creditos-hipotecarios-uva\/#primaryimage"},"thumbnailUrl":"https:\/\/diariotextual.com\/inicio\/wp-content\/uploads\/2019\/05\/macricreditosuvahipotecarios3.jpg","articleSection":["A - QUE PASA (al costado)","A - TEMPORALES","ECONOMIA"],"inLanguage":"es"},{"@type":"WebPage","@id":"https:\/\/diariotextual.com\/inicio\/index.php\/2019\/05\/24\/la-soga-al-cuello-mil-familias-pampeanas-creditos-hipotecarios-uva\/","url":"https:\/\/diariotextual.com\/inicio\/index.php\/2019\/05\/24\/la-soga-al-cuello-mil-familias-pampeanas-creditos-hipotecarios-uva\/","name":"Con la soga al cuello: hay mil familias pampeanas con cr\u00e9ditos Hipotecarios UVA - Diario Textual","isPartOf":{"@id":"https:\/\/diariotextual.com\/inicio\/#website"},"primaryImageOfPage":{"@id":"https:\/\/diariotextual.com\/inicio\/index.php\/2019\/05\/24\/la-soga-al-cuello-mil-familias-pampeanas-creditos-hipotecarios-uva\/#primaryimage"},"image":{"@id":"https:\/\/diariotextual.com\/inicio\/index.php\/2019\/05\/24\/la-soga-al-cuello-mil-familias-pampeanas-creditos-hipotecarios-uva\/#primaryimage"},"thumbnailUrl":"https:\/\/diariotextual.com\/inicio\/wp-content\/uploads\/2019\/05\/macricreditosuvahipotecarios3.jpg","datePublished":"2019-05-24T14:12:31+00:00","dateModified":"2019-05-25T02:29:29+00:00","breadcrumb":{"@id":"https:\/\/diariotextual.com\/inicio\/index.php\/2019\/05\/24\/la-soga-al-cuello-mil-familias-pampeanas-creditos-hipotecarios-uva\/#breadcrumb"},"inLanguage":"es","potentialAction":[{"@type":"ReadAction","target":["https:\/\/diariotextual.com\/inicio\/index.php\/2019\/05\/24\/la-soga-al-cuello-mil-familias-pampeanas-creditos-hipotecarios-uva\/"]}]},{"@type":"ImageObject","inLanguage":"es","@id":"https:\/\/diariotextual.com\/inicio\/index.php\/2019\/05\/24\/la-soga-al-cuello-mil-familias-pampeanas-creditos-hipotecarios-uva\/#primaryimage","url":"https:\/\/diariotextual.com\/inicio\/wp-content\/uploads\/2019\/05\/macricreditosuvahipotecarios3.jpg","contentUrl":"https:\/\/diariotextual.com\/inicio\/wp-content\/uploads\/2019\/05\/macricreditosuvahipotecarios3.jpg","width":745,"height":521},{"@type":"BreadcrumbList","@id":"https:\/\/diariotextual.com\/inicio\/index.php\/2019\/05\/24\/la-soga-al-cuello-mil-familias-pampeanas-creditos-hipotecarios-uva\/#breadcrumb","itemListElement":[{"@type":"ListItem","position":1,"name":"Portada","item":"https:\/\/diariotextual.com\/inicio\/"},{"@type":"ListItem","position":2,"name":"Con la soga al cuello: hay mil familias pampeanas con cr\u00e9ditos Hipotecarios UVA"}]},{"@type":"WebSite","@id":"https:\/\/diariotextual.com\/inicio\/#website","url":"https:\/\/diariotextual.com\/inicio\/","name":"Diario Textual","description":"","publisher":{"@id":"https:\/\/diariotextual.com\/inicio\/#organization"},"potentialAction":[{"@type":"SearchAction","target":{"@type":"EntryPoint","urlTemplate":"https:\/\/diariotextual.com\/inicio\/?s={search_term_string}"},"query-input":{"@type":"PropertyValueSpecification","valueRequired":true,"valueName":"search_term_string"}}],"inLanguage":"es"},{"@type":"Organization","@id":"https:\/\/diariotextual.com\/inicio\/#organization","name":"Diario Textual","url":"https:\/\/diariotextual.com\/inicio\/","logo":{"@type":"ImageObject","inLanguage":"es","@id":"https:\/\/diariotextual.com\/inicio\/#\/schema\/logo\/image\/","url":"https:\/\/diariotextual.com\/inicio\/wp-content\/uploads\/2023\/05\/logotextual1.jpg","contentUrl":"https:\/\/diariotextual.com\/inicio\/wp-content\/uploads\/2023\/05\/logotextual1.jpg","width":516,"height":76,"caption":"Diario Textual"},"image":{"@id":"https:\/\/diariotextual.com\/inicio\/#\/schema\/logo\/image\/"},"sameAs":["https:\/\/www.facebook.com\/eltextual","https:\/\/x.com\/eltextual","http:\/\/www.instagram.com\/eltextual"]},{"@type":"Person","@id":"https:\/\/diariotextual.com\/inicio\/#\/schema\/person\/418fc4093c33e86ed41562db3508f958","name":"Diario1 Diario1","image":{"@type":"ImageObject","inLanguage":"es","@id":"https:\/\/secure.gravatar.com\/avatar\/9167d280179c85bc18be67aa7eda765854300033af4896dd779b608640f2ef7a?s=96&d=mm&r=g","url":"https:\/\/secure.gravatar.com\/avatar\/9167d280179c85bc18be67aa7eda765854300033af4896dd779b608640f2ef7a?s=96&d=mm&r=g","contentUrl":"https:\/\/secure.gravatar.com\/avatar\/9167d280179c85bc18be67aa7eda765854300033af4896dd779b608640f2ef7a?s=96&d=mm&r=g","caption":"Diario1 Diario1"},"url":"https:\/\/diariotextual.com\/inicio\/index.php\/author\/diario1\/"}]}},"_links":{"self":[{"href":"https:\/\/diariotextual.com\/inicio\/index.php\/wp-json\/wp\/v2\/posts\/49895","targetHints":{"allow":["GET"]}}],"collection":[{"href":"https:\/\/diariotextual.com\/inicio\/index.php\/wp-json\/wp\/v2\/posts"}],"about":[{"href":"https:\/\/diariotextual.com\/inicio\/index.php\/wp-json\/wp\/v2\/types\/post"}],"author":[{"embeddable":true,"href":"https:\/\/diariotextual.com\/inicio\/index.php\/wp-json\/wp\/v2\/users\/3"}],"replies":[{"embeddable":true,"href":"https:\/\/diariotextual.com\/inicio\/index.php\/wp-json\/wp\/v2\/comments?post=49895"}],"version-history":[{"count":4,"href":"https:\/\/diariotextual.com\/inicio\/index.php\/wp-json\/wp\/v2\/posts\/49895\/revisions"}],"predecessor-version":[{"id":49902,"href":"https:\/\/diariotextual.com\/inicio\/index.php\/wp-json\/wp\/v2\/posts\/49895\/revisions\/49902"}],"wp:featuredmedia":[{"embeddable":true,"href":"https:\/\/diariotextual.com\/inicio\/index.php\/wp-json\/wp\/v2\/media\/49901"}],"wp:attachment":[{"href":"https:\/\/diariotextual.com\/inicio\/index.php\/wp-json\/wp\/v2\/media?parent=49895"}],"wp:term":[{"taxonomy":"category","embeddable":true,"href":"https:\/\/diariotextual.com\/inicio\/index.php\/wp-json\/wp\/v2\/categories?post=49895"},{"taxonomy":"post_tag","embeddable":true,"href":"https:\/\/diariotextual.com\/inicio\/index.php\/wp-json\/wp\/v2\/tags?post=49895"}],"curies":[{"name":"wp","href":"https:\/\/api.w.org\/{rel}","templated":true}]}}