{"id":50002,"date":"2019-05-25T10:16:59","date_gmt":"2019-05-25T13:16:59","guid":{"rendered":"http:\/\/diariotextual.com\/inicio\/?p=50002"},"modified":"2019-05-25T10:16:59","modified_gmt":"2019-05-25T13:16:59","slug":"murieron-otros-dos-alpinistas-ya-diez-las-victimas-fatales-del-atasco-everest","status":"publish","type":"post","link":"https:\/\/diariotextual.com\/inicio\/index.php\/2019\/05\/25\/murieron-otros-dos-alpinistas-ya-diez-las-victimas-fatales-del-atasco-everest\/","title":{"rendered":"Murieron otros dos alpinistas y ya son diez las v\u00edctimas fatales del atasco en el Everest"},"content":{"rendered":"<div class=\"row pb-content-type-text\">\n<div class=\"col-xs-12 col-print-12\">\n<p class=\"element element-paragraph\"><strong>Un alpinista brit\u00e1nico y otro irland\u00e9s murieron en el Everest<\/strong>, lo que eleva a\u00a0diez las v\u00edctimas mortales esta temporada de gran atasco en el techo del mundo, informaron este s\u00e1bado los organizadores de la expedici\u00f3n y autoridades locales.<\/p>\n<\/div>\n<\/div>\n<div class=\"row pb-content-type-text\">\n<div class=\"col-xs-12 col-print-12\">\n<p class=\"element element-paragraph\"><strong>\u00abUn monta\u00f1ero brit\u00e1nico lleg\u00f3 a la cima esta ma\u00f1ana pero se desmay\u00f3 y muri\u00f3 solo 150 metros m\u00e1s abajo\u00bb<\/strong>, afirm\u00f3 Murari Sharma de la Expedici\u00f3n Everest Parivar. Se trata de Robin Fisher, de 44 a\u00f1os.\u00a0\u00abNuestros gu\u00edas intentaron ayudarle pero muri\u00f3 poco despu\u00e9s\u00bb, declar\u00f3 Murari Sharma.<\/p>\n<\/div>\n<\/div>\n<div class=\"row pb-content-type-text\">\n<div class=\"col-xs-12 col-print-12\">\n<p class=\"element element-paragraph\">Otro organizador de escaladas confirm\u00f3 en su p\u00e1gina de Facebook\u00a0<strong>la muerte de un irland\u00e9s de 56 a\u00f1os el viernes<\/strong>\u00a0en el flanco tibetano de la monta\u00f1a.\u00a0Decidi\u00f3 regresar sin haber alcanzado la cumbre pero falleci\u00f3 en la tienda de campa\u00f1a en el collado Norte, un paso de monta\u00f1a a 7.000 metros de altura.<\/p>\n<\/div>\n<\/div>\n<div class=\"row pb-content-type-text\">\n<div class=\"col-xs-12 col-print-12\">\n<p class=\"element element-paragraph\"><strong>Esta semana han muerto tambi\u00e9n un alpinista estadounidense, un austr\u00edaco, un nepal\u00e9s y cuatro indios<\/strong>. Un irland\u00e9s est\u00e1 desaparecido y dado por muerto tras caer cuando se encontraba cerca de la cima.<\/p>\n<\/div>\n<\/div>\n<div class=\"row pb-content-type-text\">\n<div class=\"col-xs-12 col-print-12\">\n<p class=\"element element-paragraph\">Al menos cuatro de los decesos se atribuyen al\u00a0<strong>embotellamiento existente en la llamada \u00abzona de la muerte\u00bb<\/strong>. La afluencia es tal que se teme que la concesi\u00f3n de permisos se haya hecho en detrimento de la seguridad.<\/p>\n<\/div>\n<\/div>\n<div class=\"row pb-content-type-text\">\n<div class=\"col-xs-12 col-print-12\">\n<p class=\"element element-paragraph\">Este a\u00f1o Nepal concedi\u00f3 para la temporada de primavera un\u00a0<strong>r\u00e9cord de 381 permisos, al precio de 11.000 d\u00f3lares cada uno<\/strong>.\u00a0Cada titular de un permiso va acompa\u00f1ado por al menos un gu\u00eda, lo que explica los atascos.<\/p>\n<\/div>\n<\/div>\n<div class=\"row pb-content-type-text\">\n<div class=\"col-xs-12 col-print-12\">\n<p class=\"element element-paragraph\">Como a finales de mayo termina la llamada ventana de oportunidad, es decir las pocas semanas con condiciones menos extremas,\u00a0<strong>el n\u00famero de personas que coinciden en la misma ruta para intentar llegar a la cima de la monta\u00f1a aumenta a diario<\/strong>.\u00a0Se estima que el viernes unas 600 ya hab\u00edan alcanzado la cima por el flanco nepal\u00e9s, afirm\u00f3 una fuente gubernamental bas\u00e1ndose en la informaci\u00f3n proporcionada por las empresas organizadoras de las expediciones.<\/p>\n<\/div>\n<\/div>\n<div class=\"row pb-content-type-text\">\n<div class=\"col-xs-12 col-print-12\">\n<p class=\"element element-paragraph\">Al menos otras 140 recibieron permisos para escalar el Everest desde el flanco norte, en el T\u00edbet.\u00a0<strong>Otros ocho monta\u00f1eros murieron esta temporada en otros picos del Himalaya de m\u00e1s de 8.000 metros de altura<\/strong>\u00a0y dos m\u00e1s fueron dados por desaparecidos.<\/p>\n<p>&nbsp;<\/p>\n<\/div>\n<\/div>\n<p>&nbsp;<\/p>\n<p>&nbsp;<\/p>\n","protected":false},"excerpt":{"rendered":"<p>Un alpinista brit\u00e1nico y otro irland\u00e9s murieron en el Everest, lo que eleva a\u00a0diez las v\u00edctimas mortales esta temporada de gran atasco en el techo del mundo, informaron este s\u00e1bado&hellip;<\/p>\n","protected":false},"author":3,"featured_media":49839,"comment_status":"closed","ping_status":"open","sticky":false,"template":"","format":"standard","meta":{"_acf_changed":false,"footnotes":""},"categories":[4,7],"tags":[],"class_list":["post-50002","post","type-post","status-publish","format-standard","has-post-thumbnail","hentry","category-destacadas","category-mundo"],"acf":[],"yoast_head":"<!-- This site is optimized with the Yoast SEO plugin v27.4 - https:\/\/yoast.com\/product\/yoast-seo-wordpress\/ -->\n<title>Murieron otros dos alpinistas y ya son diez las v\u00edctimas fatales del atasco en el Everest - Diario Textual<\/title>\n<meta name=\"robots\" content=\"index, follow, max-snippet:-1, max-image-preview:large, max-video-preview:-1\" \/>\n<link rel=\"canonical\" href=\"https:\/\/diariotextual.com\/inicio\/index.php\/2019\/05\/25\/murieron-otros-dos-alpinistas-ya-diez-las-victimas-fatales-del-atasco-everest\/\" \/>\n<meta property=\"og:locale\" content=\"es_ES\" \/>\n<meta property=\"og:type\" content=\"article\" \/>\n<meta property=\"og:title\" content=\"Murieron otros dos alpinistas y ya son diez las v\u00edctimas fatales del atasco en el Everest - Diario Textual\" \/>\n<meta property=\"og:description\" content=\"Un alpinista brit\u00e1nico y otro irland\u00e9s murieron en el Everest, lo que eleva a\u00a0diez las v\u00edctimas mortales esta temporada de gran atasco en el techo del mundo, informaron este s\u00e1bado&hellip;\" \/>\n<meta property=\"og:url\" content=\"https:\/\/diariotextual.com\/inicio\/index.php\/2019\/05\/25\/murieron-otros-dos-alpinistas-ya-diez-las-victimas-fatales-del-atasco-everest\/\" \/>\n<meta property=\"og:site_name\" content=\"Diario Textual\" \/>\n<meta property=\"article:publisher\" content=\"https:\/\/www.facebook.com\/eltextual\" \/>\n<meta property=\"article:published_time\" content=\"2019-05-25T13:16:59+00:00\" \/>\n<meta property=\"og:image\" content=\"https:\/\/diariotextual.com\/inicio\/wp-content\/uploads\/2019\/05\/everestcimaatasco2019-1.jpg\" \/>\n\t<meta property=\"og:image:width\" content=\"1200\" \/>\n\t<meta property=\"og:image:height\" content=\"675\" \/>\n\t<meta property=\"og:image:type\" content=\"image\/jpeg\" \/>\n<meta name=\"author\" content=\"Diario1 Diario1\" \/>\n<meta name=\"twitter:card\" content=\"summary_large_image\" \/>\n<meta name=\"twitter:creator\" content=\"@eltextual\" \/>\n<meta name=\"twitter:site\" content=\"@eltextual\" \/>\n<meta name=\"twitter:label1\" content=\"Escrito por\" \/>\n\t<meta name=\"twitter:data1\" content=\"Diario1 Diario1\" \/>\n\t<meta name=\"twitter:label2\" content=\"Tiempo de lectura\" \/>\n\t<meta name=\"twitter:data2\" content=\"2 minutos\" \/>\n<script type=\"application\/ld+json\" class=\"yoast-schema-graph\">{\"@context\":\"https:\\\/\\\/schema.org\",\"@graph\":[{\"@type\":\"Article\",\"@id\":\"https:\\\/\\\/diariotextual.com\\\/inicio\\\/index.php\\\/2019\\\/05\\\/25\\\/murieron-otros-dos-alpinistas-ya-diez-las-victimas-fatales-del-atasco-everest\\\/#article\",\"isPartOf\":{\"@id\":\"https:\\\/\\\/diariotextual.com\\\/inicio\\\/index.php\\\/2019\\\/05\\\/25\\\/murieron-otros-dos-alpinistas-ya-diez-las-victimas-fatales-del-atasco-everest\\\/\"},\"author\":{\"name\":\"Diario1 Diario1\",\"@id\":\"https:\\\/\\\/diariotextual.com\\\/inicio\\\/#\\\/schema\\\/person\\\/418fc4093c33e86ed41562db3508f958\"},\"headline\":\"Murieron otros dos alpinistas y ya son diez las v\u00edctimas fatales del atasco en el Everest\",\"datePublished\":\"2019-05-25T13:16:59+00:00\",\"mainEntityOfPage\":{\"@id\":\"https:\\\/\\\/diariotextual.com\\\/inicio\\\/index.php\\\/2019\\\/05\\\/25\\\/murieron-otros-dos-alpinistas-ya-diez-las-victimas-fatales-del-atasco-everest\\\/\"},\"wordCount\":413,\"publisher\":{\"@id\":\"https:\\\/\\\/diariotextual.com\\\/inicio\\\/#organization\"},\"image\":{\"@id\":\"https:\\\/\\\/diariotextual.com\\\/inicio\\\/index.php\\\/2019\\\/05\\\/25\\\/murieron-otros-dos-alpinistas-ya-diez-las-victimas-fatales-del-atasco-everest\\\/#primaryimage\"},\"thumbnailUrl\":\"https:\\\/\\\/diariotextual.com\\\/inicio\\\/wp-content\\\/uploads\\\/2019\\\/05\\\/everestcimaatasco2019-1.jpg\",\"articleSection\":[\"A - DESTACADAS (mod 16)\",\"MUNDO\"],\"inLanguage\":\"es\"},{\"@type\":\"WebPage\",\"@id\":\"https:\\\/\\\/diariotextual.com\\\/inicio\\\/index.php\\\/2019\\\/05\\\/25\\\/murieron-otros-dos-alpinistas-ya-diez-las-victimas-fatales-del-atasco-everest\\\/\",\"url\":\"https:\\\/\\\/diariotextual.com\\\/inicio\\\/index.php\\\/2019\\\/05\\\/25\\\/murieron-otros-dos-alpinistas-ya-diez-las-victimas-fatales-del-atasco-everest\\\/\",\"name\":\"Murieron otros dos alpinistas y ya son diez las v\u00edctimas fatales del atasco en el Everest - Diario Textual\",\"isPartOf\":{\"@id\":\"https:\\\/\\\/diariotextual.com\\\/inicio\\\/#website\"},\"primaryImageOfPage\":{\"@id\":\"https:\\\/\\\/diariotextual.com\\\/inicio\\\/index.php\\\/2019\\\/05\\\/25\\\/murieron-otros-dos-alpinistas-ya-diez-las-victimas-fatales-del-atasco-everest\\\/#primaryimage\"},\"image\":{\"@id\":\"https:\\\/\\\/diariotextual.com\\\/inicio\\\/index.php\\\/2019\\\/05\\\/25\\\/murieron-otros-dos-alpinistas-ya-diez-las-victimas-fatales-del-atasco-everest\\\/#primaryimage\"},\"thumbnailUrl\":\"https:\\\/\\\/diariotextual.com\\\/inicio\\\/wp-content\\\/uploads\\\/2019\\\/05\\\/everestcimaatasco2019-1.jpg\",\"datePublished\":\"2019-05-25T13:16:59+00:00\",\"breadcrumb\":{\"@id\":\"https:\\\/\\\/diariotextual.com\\\/inicio\\\/index.php\\\/2019\\\/05\\\/25\\\/murieron-otros-dos-alpinistas-ya-diez-las-victimas-fatales-del-atasco-everest\\\/#breadcrumb\"},\"inLanguage\":\"es\",\"potentialAction\":[{\"@type\":\"ReadAction\",\"target\":[\"https:\\\/\\\/diariotextual.com\\\/inicio\\\/index.php\\\/2019\\\/05\\\/25\\\/murieron-otros-dos-alpinistas-ya-diez-las-victimas-fatales-del-atasco-everest\\\/\"]}]},{\"@type\":\"ImageObject\",\"inLanguage\":\"es\",\"@id\":\"https:\\\/\\\/diariotextual.com\\\/inicio\\\/index.php\\\/2019\\\/05\\\/25\\\/murieron-otros-dos-alpinistas-ya-diez-las-victimas-fatales-del-atasco-everest\\\/#primaryimage\",\"url\":\"https:\\\/\\\/diariotextual.com\\\/inicio\\\/wp-content\\\/uploads\\\/2019\\\/05\\\/everestcimaatasco2019-1.jpg\",\"contentUrl\":\"https:\\\/\\\/diariotextual.com\\\/inicio\\\/wp-content\\\/uploads\\\/2019\\\/05\\\/everestcimaatasco2019-1.jpg\",\"width\":1200,\"height\":675},{\"@type\":\"BreadcrumbList\",\"@id\":\"https:\\\/\\\/diariotextual.com\\\/inicio\\\/index.php\\\/2019\\\/05\\\/25\\\/murieron-otros-dos-alpinistas-ya-diez-las-victimas-fatales-del-atasco-everest\\\/#breadcrumb\",\"itemListElement\":[{\"@type\":\"ListItem\",\"position\":1,\"name\":\"Portada\",\"item\":\"https:\\\/\\\/diariotextual.com\\\/inicio\\\/\"},{\"@type\":\"ListItem\",\"position\":2,\"name\":\"Murieron otros dos alpinistas y ya son diez las v\u00edctimas fatales del atasco en el Everest\"}]},{\"@type\":\"WebSite\",\"@id\":\"https:\\\/\\\/diariotextual.com\\\/inicio\\\/#website\",\"url\":\"https:\\\/\\\/diariotextual.com\\\/inicio\\\/\",\"name\":\"Diario Textual\",\"description\":\"\",\"publisher\":{\"@id\":\"https:\\\/\\\/diariotextual.com\\\/inicio\\\/#organization\"},\"potentialAction\":[{\"@type\":\"SearchAction\",\"target\":{\"@type\":\"EntryPoint\",\"urlTemplate\":\"https:\\\/\\\/diariotextual.com\\\/inicio\\\/?s={search_term_string}\"},\"query-input\":{\"@type\":\"PropertyValueSpecification\",\"valueRequired\":true,\"valueName\":\"search_term_string\"}}],\"inLanguage\":\"es\"},{\"@type\":\"Organization\",\"@id\":\"https:\\\/\\\/diariotextual.com\\\/inicio\\\/#organization\",\"name\":\"Diario Textual\",\"url\":\"https:\\\/\\\/diariotextual.com\\\/inicio\\\/\",\"logo\":{\"@type\":\"ImageObject\",\"inLanguage\":\"es\",\"@id\":\"https:\\\/\\\/diariotextual.com\\\/inicio\\\/#\\\/schema\\\/logo\\\/image\\\/\",\"url\":\"https:\\\/\\\/diariotextual.com\\\/inicio\\\/wp-content\\\/uploads\\\/2023\\\/05\\\/logotextual1.jpg\",\"contentUrl\":\"https:\\\/\\\/diariotextual.com\\\/inicio\\\/wp-content\\\/uploads\\\/2023\\\/05\\\/logotextual1.jpg\",\"width\":516,\"height\":76,\"caption\":\"Diario Textual\"},\"image\":{\"@id\":\"https:\\\/\\\/diariotextual.com\\\/inicio\\\/#\\\/schema\\\/logo\\\/image\\\/\"},\"sameAs\":[\"https:\\\/\\\/www.facebook.com\\\/eltextual\",\"https:\\\/\\\/x.com\\\/eltextual\",\"http:\\\/\\\/www.instagram.com\\\/eltextual\"]},{\"@type\":\"Person\",\"@id\":\"https:\\\/\\\/diariotextual.com\\\/inicio\\\/#\\\/schema\\\/person\\\/418fc4093c33e86ed41562db3508f958\",\"name\":\"Diario1 Diario1\",\"image\":{\"@type\":\"ImageObject\",\"inLanguage\":\"es\",\"@id\":\"https:\\\/\\\/secure.gravatar.com\\\/avatar\\\/9167d280179c85bc18be67aa7eda765854300033af4896dd779b608640f2ef7a?s=96&d=mm&r=g\",\"url\":\"https:\\\/\\\/secure.gravatar.com\\\/avatar\\\/9167d280179c85bc18be67aa7eda765854300033af4896dd779b608640f2ef7a?s=96&d=mm&r=g\",\"contentUrl\":\"https:\\\/\\\/secure.gravatar.com\\\/avatar\\\/9167d280179c85bc18be67aa7eda765854300033af4896dd779b608640f2ef7a?s=96&d=mm&r=g\",\"caption\":\"Diario1 Diario1\"},\"url\":\"https:\\\/\\\/diariotextual.com\\\/inicio\\\/index.php\\\/author\\\/diario1\\\/\"}]}<\/script>\n<!-- \/ Yoast SEO plugin. -->","yoast_head_json":{"title":"Murieron otros dos alpinistas y ya son diez las v\u00edctimas fatales del atasco en el Everest - Diario Textual","robots":{"index":"index","follow":"follow","max-snippet":"max-snippet:-1","max-image-preview":"max-image-preview:large","max-video-preview":"max-video-preview:-1"},"canonical":"https:\/\/diariotextual.com\/inicio\/index.php\/2019\/05\/25\/murieron-otros-dos-alpinistas-ya-diez-las-victimas-fatales-del-atasco-everest\/","og_locale":"es_ES","og_type":"article","og_title":"Murieron otros dos alpinistas y ya son diez las v\u00edctimas fatales del atasco en el Everest - Diario Textual","og_description":"Un alpinista brit\u00e1nico y otro irland\u00e9s murieron en el Everest, lo que eleva a\u00a0diez las v\u00edctimas mortales esta temporada de gran atasco en el techo del mundo, informaron este s\u00e1bado&hellip;","og_url":"https:\/\/diariotextual.com\/inicio\/index.php\/2019\/05\/25\/murieron-otros-dos-alpinistas-ya-diez-las-victimas-fatales-del-atasco-everest\/","og_site_name":"Diario Textual","article_publisher":"https:\/\/www.facebook.com\/eltextual","article_published_time":"2019-05-25T13:16:59+00:00","og_image":[{"width":1200,"height":675,"url":"https:\/\/diariotextual.com\/inicio\/wp-content\/uploads\/2019\/05\/everestcimaatasco2019-1.jpg","type":"image\/jpeg"}],"author":"Diario1 Diario1","twitter_card":"summary_large_image","twitter_creator":"@eltextual","twitter_site":"@eltextual","twitter_misc":{"Escrito por":"Diario1 Diario1","Tiempo de lectura":"2 minutos"},"schema":{"@context":"https:\/\/schema.org","@graph":[{"@type":"Article","@id":"https:\/\/diariotextual.com\/inicio\/index.php\/2019\/05\/25\/murieron-otros-dos-alpinistas-ya-diez-las-victimas-fatales-del-atasco-everest\/#article","isPartOf":{"@id":"https:\/\/diariotextual.com\/inicio\/index.php\/2019\/05\/25\/murieron-otros-dos-alpinistas-ya-diez-las-victimas-fatales-del-atasco-everest\/"},"author":{"name":"Diario1 Diario1","@id":"https:\/\/diariotextual.com\/inicio\/#\/schema\/person\/418fc4093c33e86ed41562db3508f958"},"headline":"Murieron otros dos alpinistas y ya son diez las v\u00edctimas fatales del atasco en el Everest","datePublished":"2019-05-25T13:16:59+00:00","mainEntityOfPage":{"@id":"https:\/\/diariotextual.com\/inicio\/index.php\/2019\/05\/25\/murieron-otros-dos-alpinistas-ya-diez-las-victimas-fatales-del-atasco-everest\/"},"wordCount":413,"publisher":{"@id":"https:\/\/diariotextual.com\/inicio\/#organization"},"image":{"@id":"https:\/\/diariotextual.com\/inicio\/index.php\/2019\/05\/25\/murieron-otros-dos-alpinistas-ya-diez-las-victimas-fatales-del-atasco-everest\/#primaryimage"},"thumbnailUrl":"https:\/\/diariotextual.com\/inicio\/wp-content\/uploads\/2019\/05\/everestcimaatasco2019-1.jpg","articleSection":["A - DESTACADAS (mod 16)","MUNDO"],"inLanguage":"es"},{"@type":"WebPage","@id":"https:\/\/diariotextual.com\/inicio\/index.php\/2019\/05\/25\/murieron-otros-dos-alpinistas-ya-diez-las-victimas-fatales-del-atasco-everest\/","url":"https:\/\/diariotextual.com\/inicio\/index.php\/2019\/05\/25\/murieron-otros-dos-alpinistas-ya-diez-las-victimas-fatales-del-atasco-everest\/","name":"Murieron otros dos alpinistas y ya son diez las v\u00edctimas fatales del atasco en el Everest - Diario Textual","isPartOf":{"@id":"https:\/\/diariotextual.com\/inicio\/#website"},"primaryImageOfPage":{"@id":"https:\/\/diariotextual.com\/inicio\/index.php\/2019\/05\/25\/murieron-otros-dos-alpinistas-ya-diez-las-victimas-fatales-del-atasco-everest\/#primaryimage"},"image":{"@id":"https:\/\/diariotextual.com\/inicio\/index.php\/2019\/05\/25\/murieron-otros-dos-alpinistas-ya-diez-las-victimas-fatales-del-atasco-everest\/#primaryimage"},"thumbnailUrl":"https:\/\/diariotextual.com\/inicio\/wp-content\/uploads\/2019\/05\/everestcimaatasco2019-1.jpg","datePublished":"2019-05-25T13:16:59+00:00","breadcrumb":{"@id":"https:\/\/diariotextual.com\/inicio\/index.php\/2019\/05\/25\/murieron-otros-dos-alpinistas-ya-diez-las-victimas-fatales-del-atasco-everest\/#breadcrumb"},"inLanguage":"es","potentialAction":[{"@type":"ReadAction","target":["https:\/\/diariotextual.com\/inicio\/index.php\/2019\/05\/25\/murieron-otros-dos-alpinistas-ya-diez-las-victimas-fatales-del-atasco-everest\/"]}]},{"@type":"ImageObject","inLanguage":"es","@id":"https:\/\/diariotextual.com\/inicio\/index.php\/2019\/05\/25\/murieron-otros-dos-alpinistas-ya-diez-las-victimas-fatales-del-atasco-everest\/#primaryimage","url":"https:\/\/diariotextual.com\/inicio\/wp-content\/uploads\/2019\/05\/everestcimaatasco2019-1.jpg","contentUrl":"https:\/\/diariotextual.com\/inicio\/wp-content\/uploads\/2019\/05\/everestcimaatasco2019-1.jpg","width":1200,"height":675},{"@type":"BreadcrumbList","@id":"https:\/\/diariotextual.com\/inicio\/index.php\/2019\/05\/25\/murieron-otros-dos-alpinistas-ya-diez-las-victimas-fatales-del-atasco-everest\/#breadcrumb","itemListElement":[{"@type":"ListItem","position":1,"name":"Portada","item":"https:\/\/diariotextual.com\/inicio\/"},{"@type":"ListItem","position":2,"name":"Murieron otros dos alpinistas y ya son diez las v\u00edctimas fatales del atasco en el Everest"}]},{"@type":"WebSite","@id":"https:\/\/diariotextual.com\/inicio\/#website","url":"https:\/\/diariotextual.com\/inicio\/","name":"Diario Textual","description":"","publisher":{"@id":"https:\/\/diariotextual.com\/inicio\/#organization"},"potentialAction":[{"@type":"SearchAction","target":{"@type":"EntryPoint","urlTemplate":"https:\/\/diariotextual.com\/inicio\/?s={search_term_string}"},"query-input":{"@type":"PropertyValueSpecification","valueRequired":true,"valueName":"search_term_string"}}],"inLanguage":"es"},{"@type":"Organization","@id":"https:\/\/diariotextual.com\/inicio\/#organization","name":"Diario Textual","url":"https:\/\/diariotextual.com\/inicio\/","logo":{"@type":"ImageObject","inLanguage":"es","@id":"https:\/\/diariotextual.com\/inicio\/#\/schema\/logo\/image\/","url":"https:\/\/diariotextual.com\/inicio\/wp-content\/uploads\/2023\/05\/logotextual1.jpg","contentUrl":"https:\/\/diariotextual.com\/inicio\/wp-content\/uploads\/2023\/05\/logotextual1.jpg","width":516,"height":76,"caption":"Diario Textual"},"image":{"@id":"https:\/\/diariotextual.com\/inicio\/#\/schema\/logo\/image\/"},"sameAs":["https:\/\/www.facebook.com\/eltextual","https:\/\/x.com\/eltextual","http:\/\/www.instagram.com\/eltextual"]},{"@type":"Person","@id":"https:\/\/diariotextual.com\/inicio\/#\/schema\/person\/418fc4093c33e86ed41562db3508f958","name":"Diario1 Diario1","image":{"@type":"ImageObject","inLanguage":"es","@id":"https:\/\/secure.gravatar.com\/avatar\/9167d280179c85bc18be67aa7eda765854300033af4896dd779b608640f2ef7a?s=96&d=mm&r=g","url":"https:\/\/secure.gravatar.com\/avatar\/9167d280179c85bc18be67aa7eda765854300033af4896dd779b608640f2ef7a?s=96&d=mm&r=g","contentUrl":"https:\/\/secure.gravatar.com\/avatar\/9167d280179c85bc18be67aa7eda765854300033af4896dd779b608640f2ef7a?s=96&d=mm&r=g","caption":"Diario1 Diario1"},"url":"https:\/\/diariotextual.com\/inicio\/index.php\/author\/diario1\/"}]}},"_links":{"self":[{"href":"https:\/\/diariotextual.com\/inicio\/index.php\/wp-json\/wp\/v2\/posts\/50002","targetHints":{"allow":["GET"]}}],"collection":[{"href":"https:\/\/diariotextual.com\/inicio\/index.php\/wp-json\/wp\/v2\/posts"}],"about":[{"href":"https:\/\/diariotextual.com\/inicio\/index.php\/wp-json\/wp\/v2\/types\/post"}],"author":[{"embeddable":true,"href":"https:\/\/diariotextual.com\/inicio\/index.php\/wp-json\/wp\/v2\/users\/3"}],"replies":[{"embeddable":true,"href":"https:\/\/diariotextual.com\/inicio\/index.php\/wp-json\/wp\/v2\/comments?post=50002"}],"version-history":[{"count":1,"href":"https:\/\/diariotextual.com\/inicio\/index.php\/wp-json\/wp\/v2\/posts\/50002\/revisions"}],"predecessor-version":[{"id":50003,"href":"https:\/\/diariotextual.com\/inicio\/index.php\/wp-json\/wp\/v2\/posts\/50002\/revisions\/50003"}],"wp:featuredmedia":[{"embeddable":true,"href":"https:\/\/diariotextual.com\/inicio\/index.php\/wp-json\/wp\/v2\/media\/49839"}],"wp:attachment":[{"href":"https:\/\/diariotextual.com\/inicio\/index.php\/wp-json\/wp\/v2\/media?parent=50002"}],"wp:term":[{"taxonomy":"category","embeddable":true,"href":"https:\/\/diariotextual.com\/inicio\/index.php\/wp-json\/wp\/v2\/categories?post=50002"},{"taxonomy":"post_tag","embeddable":true,"href":"https:\/\/diariotextual.com\/inicio\/index.php\/wp-json\/wp\/v2\/tags?post=50002"}],"curies":[{"name":"wp","href":"https:\/\/api.w.org\/{rel}","templated":true}]}}