{"id":50055,"date":"2019-05-26T18:53:49","date_gmt":"2019-05-26T21:53:49","guid":{"rendered":"http:\/\/diariotextual.com\/inicio\/?p=50055"},"modified":"2019-05-27T08:58:56","modified_gmt":"2019-05-27T11:58:56","slug":"sin-cannabis-medicinal-camara-confirmo-rechazo-al-amparo","status":"publish","type":"post","link":"https:\/\/diariotextual.com\/inicio\/index.php\/2019\/05\/26\/sin-cannabis-medicinal-camara-confirmo-rechazo-al-amparo\/","title":{"rendered":"Sin cannabis medicinal: C\u00e1mara confirm\u00f3 rechazo al amparo"},"content":{"rendered":"<p>La <strong>C\u00e1mara de Apelaciones en lo Civil, Comercial, Laboral y de Miner\u00eda de Santa Rosa rechaz\u00f3 el recurso de apelaci\u00f3n interpuesto por Elba Edith Guevara<\/strong> contra la resoluci\u00f3n de la jueza civil de primera instancia,<strong><a href=\"http:\/\/diariotextual.com\/inicio\/index.php\/2018\/12\/27\/cannabis-rechazan-amparo-cultivar-fines-medicinales\/\"> Susana Fern\u00e1ndez, de no hacer lugar a la acci\u00f3n de amparo<\/a><\/strong> para que, entre otras cosas, <strong>el Estado provincial le otorgue autorizaci\u00f3n para cultivar cannabis en su casa, con la finalidad exclusiva de usarlo para fines medicinales y\/o terap\u00e9uticos.<\/strong><\/p>\n<p><!--more--><\/p>\n<p>La resoluci\u00f3n de la Sala 3 de la C\u00e1mara, conformada por <strong>los jueces Guillermo Salas y Laura Cagliolo, ratific\u00f3 en un todo lo dispuesto por Fern\u00e1ndez<\/strong>. La magistrada, cuando a fines de diciembre no hizo lugar al amparo, le dio soluciones alternativas a Guevara \u2013una mujer que fue sometida a una veintena de operaciones\u2013, al recordar que <strong>la Corte Suprema de Justicia ha dicho en el fallo Arriola que no es delito la tenencia de estupefacientes para uso personal \u2013declarando inconstitucional el art\u00edculo 14, segundo p\u00e1rrafo, de la ley 23.737 de tenencia y tr\u00e1fico de estupefacientes\u2013, por lo que t\u00e1citamente le dej\u00f3 margen para que ejerza ese derecho.<\/strong><\/p>\n<p>\u201cUna decisi\u00f3n judicial positiva como la que se reclama (ordenar al Estado Provincial a otorgarle autorizaci\u00f3n), implicar\u00eda tanto como permitir al Estado inmiscuirse en el \u00e1mbito de mayor privacidad de la amparista, cuando nada indica que en el contexto \u00edntimo del domicilio, la acci\u00f3n cuya autorizaci\u00f3n pretende, pudiera ofender de alg\u00fan modo el orden y la moral\u00a0 p\u00fablicos o perjudicar a terceros\u201d, enfatiz\u00f3 entonces Fern\u00e1ndez.<\/p>\n<p>El expediente est\u00e1 caratulado \u201cGuevara, Elba Edith c\/Provincia de La Pampa s\/amparo\u201d, y en \u00e9l se promueven tres pedidos: a) el dictado de una medida autosatisfactiva con el objeto de que se ordene al Estado Provincial otorgarle autorizaci\u00f3n para que pueda cultivar cannabis, exclusivamente medicinal o terap\u00e9utico; b) que el Estado se abstenga de \u201crealizar acciones investigativas, policiales o judiciales de \u00edndole criminal\u201d; y c) que se la autorice a solicitar auxilio de los organismos p\u00fablicos y\/o privados previstos por la ley 27.350 \u2013reglamentada por decreto 738\/2017\u2013 para poder gestionar la autorizaci\u00f3n para cultivo domiciliario de cannabis.<\/p>\n<p>Salas y Cagliolo, tras repasar los fundamentos de Fern\u00e1ndez, se\u00f1alaron que, en l\u00edneas generales,<strong> el recurso de apelaci\u00f3n fue \u201cm\u00e1s una mera disconformidad, sin cr\u00edtica adecuada\u201d,<\/strong> que el agregado de nuevos argumentos para dar vuelta el rechazo al amparo.<\/p>\n<p>Al referirse a la primera solicitud, la C\u00e1mara expres\u00f3: \u201c<strong>De las afirmaciones de la se\u00f1ora Guevara surge claramente que se encuentra en la actualidad consumiendo el aceite de cepa de cannabis que detalladamente describi\u00f3, sin informar o haber informado en el tr\u00e1mite del amparo en raz\u00f3n de qu\u00e9 causa (su adquisici\u00f3n o producci\u00f3n)<\/strong> no re\u00fane actualmente las caracter\u00edsticas de \u201c\u2026regular y eficaz\u201d, seg\u00fan sus propias palabras\u201d.<\/p>\n<p>\u201cTampoco ha especificado de qu\u00e9 forma la autorizaci\u00f3n requerida al Estado mejorar\u00eda o modificar\u00eda la actual dispensa, que no ha manifestado sea irregular e ineficaz\u201d, acot\u00f3.<\/p>\n<p>\u201cLa carencia argumentativa antes referida no hace m\u00e1s que reforzar la soluci\u00f3n adoptada por la jueza de primera instancia, en virtud de que m\u00e1s all\u00e1 de las razones por ella brindadas \u2013que no han sido desacreditadas\u2013, no resulta menester dictar una resoluci\u00f3n cuyo objeto no estar\u00eda modificando el estado de cosas existente previo a ella\u201d, subrayaron los magistrados.<\/p>\n<p>&nbsp;<\/p>\n<p><strong>Respuesta<\/strong><\/p>\n<p>Con relaci\u00f3n al segundo punto \u2013solicitud de abstenci\u00f3n por parte del Estado Provincial del ejercicio de tareas investigativas, policiales y\/o judiciales y que ello \u201cse irradie al resto de los poderes\u201d\u2013, Salas y Cagliolo expresaron que cabe \u201cdar una respuesta tajante, punto en el que consideramos deben ampliarse los argumentos de la sentencia de grado\u201d-<\/p>\n<p>Calificaron como \u201cdislate jur\u00eddico\u201d a esa petici\u00f3n, ya que \u201cno existe modo alguno en que el Poder Ejecutivo, por intermedio del fiscal de Estado, d\u00e9 instrucciones a otro poder (independiente)\u201d, en alusi\u00f3n al Poder Judicial, \u201cpara que sujete o restrinja el indelegable ejercicio de sus obligaciones y atribuciones legales y constitucionales, absteni\u00e9ndose de accionar respecto de persona alguna por la raz\u00f3n que fuere\u201d.<\/p>\n<p>\u201cSiendo como es el juzgamiento de delitos relacionados con estupefacientes de competencia judicial federal (\u2026), es claro que no podr\u00eda el cuerpo de seguridad\u201d (por la polic\u00eda provincial) \u201cnegarse a la solicitud formulada por un organismo competente en la materia, sin incumplir\u201d con sus obligaciones, siendo una de ellas colaborar y actuar \u201ca requerimiento de los jueces federales\u201d cuando se trata de operativos antidrogas, agregaron.<\/p>\n<p>M\u00e1s adelante, los camaristas manifestaron: \u201cEstos sencillos razonamientos dan por tierra con el requerimiento de la actora, demostrando por cierto que acceder a ello implicar\u00eda incumplir concretas mandas constitucionales y legales, as\u00ed como una verdadera ilogicidad \u2013que no se advierte del fallo cuestionado\u2013, falta de sentido y total ausencia de efectividad en la medida requerida\u201d.<\/p>\n<p>&nbsp;<\/p>\n<p><strong>Garant\u00eda de defensa<\/strong><\/p>\n<p>Por \u00faltimo, con respecto a la solicitud de auxilio, Salas y Cagliolo respondieron: \u201cLa lectura de las afirmaciones, formuladas por la amparista, nos hacen reparar en que no ha acreditado haber formulado gesti\u00f3n alguna ante el organismo de aplicaci\u00f3n que, ante la supuesta ausencia de est\u00e1ndares o patrones de habilitaci\u00f3n en sus propias palabras, hayan arrojado resultado alguno, ni tampoco acredit\u00f3 haber requerido en forma extrajudicial el auxilio del Estado Provincial\u201d.<\/p>\n<p>\u201cEllo \u2013acotaron\u2013, a punto tal que en la audiencia conciliatoria la se\u00f1ora Guevara solicit\u00f3 un cuarto intermedio para poder arribar a un acuerdo con la parte demandada (Estado provincial), sin que la misma hubiera accedido a ello, lo cual transforma en un contrasentido la petici\u00f3n judicial de algo que no se neg\u00f3 fuera del marco del expediente\u201d.<\/p>\n<p>\u201cNo cabe m\u00e1s que concordar con la jueza Fern\u00e1ndez en que no estamos frente a una ausencia de legislaci\u00f3n, como sostiene la recurrente \u2013acentu\u00f3 la C\u00e1mara de Apelaciones\u2013, sino ante una posici\u00f3n irreductible que no se conforma ni se adecua al marco normativo del ordenamiento jur\u00eddico y que, en gran parte del recurso, pretende fundar su reclamo en la responsabilidad \u2013por cierto objetiva\u2013 respecto de las circunstancias causantes de la patolog\u00eda que la aqueja\u201d.<\/p>\n<p>\u201cLas necesidades alegadas de normas locales que prevean la incorporaci\u00f3n de nuevos f\u00e1rmacos que resulten id\u00f3neos, programas de asistencia a personas que utilizan terapias cann\u00e1bicas, la incorporaci\u00f3n de la patolog\u00eda de la accionante y la necesidad de que el Estado brinde patrones de habilitaci\u00f3n, que ahora pretende que otorgue este cuerpo, no se condicen con la pretensi\u00f3n inicial de la se\u00f1ora Guevara; marco en el que resulta imposible su tratamiento sin violar la garant\u00eda de defensa en juicio e incurrir en una sentencia ultra petita (m\u00e1s all\u00e1 de lo pedido) e incongruente\u201d, concluye la resoluci\u00f3n.<\/p>\n","protected":false},"excerpt":{"rendered":"<p>La C\u00e1mara de Apelaciones en lo Civil, Comercial, Laboral y de Miner\u00eda de Santa Rosa rechaz\u00f3 el recurso de apelaci\u00f3n interpuesto por Elba Edith Guevara contra la resoluci\u00f3n de la&hellip;<\/p>\n","protected":false},"author":5,"featured_media":5039,"comment_status":"closed","ping_status":"open","sticky":false,"template":"","format":"standard","meta":{"_acf_changed":false,"footnotes":""},"categories":[319,12],"tags":[],"class_list":["post-50055","post","type-post","status-publish","format-standard","has-post-thumbnail","hentry","category-a-temporales","category-sociedad"],"acf":[],"yoast_head":"<!-- This site is optimized with the Yoast SEO plugin v27.5 - https:\/\/yoast.com\/product\/yoast-seo-wordpress\/ -->\n<title>Sin cannabis medicinal: C\u00e1mara confirm\u00f3 rechazo al amparo - Diario Textual<\/title>\n<meta name=\"robots\" content=\"index, follow, max-snippet:-1, max-image-preview:large, max-video-preview:-1\" \/>\n<link rel=\"canonical\" href=\"https:\/\/diariotextual.com\/inicio\/index.php\/2019\/05\/26\/sin-cannabis-medicinal-camara-confirmo-rechazo-al-amparo\/\" \/>\n<meta property=\"og:locale\" content=\"es_ES\" \/>\n<meta property=\"og:type\" content=\"article\" \/>\n<meta property=\"og:title\" content=\"Sin cannabis medicinal: C\u00e1mara confirm\u00f3 rechazo al amparo - Diario Textual\" \/>\n<meta property=\"og:description\" content=\"La C\u00e1mara de Apelaciones en lo Civil, Comercial, Laboral y de Miner\u00eda de Santa Rosa rechaz\u00f3 el recurso de apelaci\u00f3n interpuesto por Elba Edith Guevara contra la resoluci\u00f3n de la&hellip;\" \/>\n<meta property=\"og:url\" content=\"https:\/\/diariotextual.com\/inicio\/index.php\/2019\/05\/26\/sin-cannabis-medicinal-camara-confirmo-rechazo-al-amparo\/\" \/>\n<meta property=\"og:site_name\" content=\"Diario Textual\" \/>\n<meta property=\"article:publisher\" content=\"https:\/\/www.facebook.com\/eltextual\" \/>\n<meta property=\"article:published_time\" content=\"2019-05-26T21:53:49+00:00\" \/>\n<meta property=\"article:modified_time\" content=\"2019-05-27T11:58:56+00:00\" \/>\n<meta property=\"og:image\" content=\"https:\/\/diariotextual.com\/inicio\/wp-content\/uploads\/2018\/04\/guevaraelbacannabisaudiencia3122002643.jpg\" \/>\n\t<meta property=\"og:image:width\" content=\"762\" \/>\n\t<meta property=\"og:image:height\" content=\"429\" \/>\n\t<meta property=\"og:image:type\" content=\"image\/jpeg\" \/>\n<meta name=\"author\" content=\"diario3\" \/>\n<meta name=\"twitter:card\" content=\"summary_large_image\" \/>\n<meta name=\"twitter:creator\" content=\"@eltextual\" \/>\n<meta name=\"twitter:site\" content=\"@eltextual\" \/>\n<meta name=\"twitter:label1\" content=\"Escrito por\" \/>\n\t<meta name=\"twitter:data1\" content=\"diario3\" \/>\n\t<meta name=\"twitter:label2\" content=\"Tiempo de lectura\" \/>\n\t<meta name=\"twitter:data2\" content=\"6 minutos\" \/>\n<script type=\"application\/ld+json\" class=\"yoast-schema-graph\">{\"@context\":\"https:\\\/\\\/schema.org\",\"@graph\":[{\"@type\":\"Article\",\"@id\":\"https:\\\/\\\/diariotextual.com\\\/inicio\\\/index.php\\\/2019\\\/05\\\/26\\\/sin-cannabis-medicinal-camara-confirmo-rechazo-al-amparo\\\/#article\",\"isPartOf\":{\"@id\":\"https:\\\/\\\/diariotextual.com\\\/inicio\\\/index.php\\\/2019\\\/05\\\/26\\\/sin-cannabis-medicinal-camara-confirmo-rechazo-al-amparo\\\/\"},\"author\":{\"name\":\"diario3\",\"@id\":\"https:\\\/\\\/diariotextual.com\\\/inicio\\\/#\\\/schema\\\/person\\\/a1b6f563e0ee944c60f98119389a4d9f\"},\"headline\":\"Sin cannabis medicinal: C\u00e1mara confirm\u00f3 rechazo al amparo\",\"datePublished\":\"2019-05-26T21:53:49+00:00\",\"dateModified\":\"2019-05-27T11:58:56+00:00\",\"mainEntityOfPage\":{\"@id\":\"https:\\\/\\\/diariotextual.com\\\/inicio\\\/index.php\\\/2019\\\/05\\\/26\\\/sin-cannabis-medicinal-camara-confirmo-rechazo-al-amparo\\\/\"},\"wordCount\":1170,\"publisher\":{\"@id\":\"https:\\\/\\\/diariotextual.com\\\/inicio\\\/#organization\"},\"image\":{\"@id\":\"https:\\\/\\\/diariotextual.com\\\/inicio\\\/index.php\\\/2019\\\/05\\\/26\\\/sin-cannabis-medicinal-camara-confirmo-rechazo-al-amparo\\\/#primaryimage\"},\"thumbnailUrl\":\"https:\\\/\\\/diariotextual.com\\\/inicio\\\/wp-content\\\/uploads\\\/2018\\\/04\\\/guevaraelbacannabisaudiencia3122002643.jpg\",\"articleSection\":[\"A - TEMPORALES\",\"SOCIEDAD\"],\"inLanguage\":\"es\"},{\"@type\":\"WebPage\",\"@id\":\"https:\\\/\\\/diariotextual.com\\\/inicio\\\/index.php\\\/2019\\\/05\\\/26\\\/sin-cannabis-medicinal-camara-confirmo-rechazo-al-amparo\\\/\",\"url\":\"https:\\\/\\\/diariotextual.com\\\/inicio\\\/index.php\\\/2019\\\/05\\\/26\\\/sin-cannabis-medicinal-camara-confirmo-rechazo-al-amparo\\\/\",\"name\":\"Sin cannabis medicinal: C\u00e1mara confirm\u00f3 rechazo al amparo - Diario Textual\",\"isPartOf\":{\"@id\":\"https:\\\/\\\/diariotextual.com\\\/inicio\\\/#website\"},\"primaryImageOfPage\":{\"@id\":\"https:\\\/\\\/diariotextual.com\\\/inicio\\\/index.php\\\/2019\\\/05\\\/26\\\/sin-cannabis-medicinal-camara-confirmo-rechazo-al-amparo\\\/#primaryimage\"},\"image\":{\"@id\":\"https:\\\/\\\/diariotextual.com\\\/inicio\\\/index.php\\\/2019\\\/05\\\/26\\\/sin-cannabis-medicinal-camara-confirmo-rechazo-al-amparo\\\/#primaryimage\"},\"thumbnailUrl\":\"https:\\\/\\\/diariotextual.com\\\/inicio\\\/wp-content\\\/uploads\\\/2018\\\/04\\\/guevaraelbacannabisaudiencia3122002643.jpg\",\"datePublished\":\"2019-05-26T21:53:49+00:00\",\"dateModified\":\"2019-05-27T11:58:56+00:00\",\"breadcrumb\":{\"@id\":\"https:\\\/\\\/diariotextual.com\\\/inicio\\\/index.php\\\/2019\\\/05\\\/26\\\/sin-cannabis-medicinal-camara-confirmo-rechazo-al-amparo\\\/#breadcrumb\"},\"inLanguage\":\"es\",\"potentialAction\":[{\"@type\":\"ReadAction\",\"target\":[\"https:\\\/\\\/diariotextual.com\\\/inicio\\\/index.php\\\/2019\\\/05\\\/26\\\/sin-cannabis-medicinal-camara-confirmo-rechazo-al-amparo\\\/\"]}]},{\"@type\":\"ImageObject\",\"inLanguage\":\"es\",\"@id\":\"https:\\\/\\\/diariotextual.com\\\/inicio\\\/index.php\\\/2019\\\/05\\\/26\\\/sin-cannabis-medicinal-camara-confirmo-rechazo-al-amparo\\\/#primaryimage\",\"url\":\"https:\\\/\\\/diariotextual.com\\\/inicio\\\/wp-content\\\/uploads\\\/2018\\\/04\\\/guevaraelbacannabisaudiencia3122002643.jpg\",\"contentUrl\":\"https:\\\/\\\/diariotextual.com\\\/inicio\\\/wp-content\\\/uploads\\\/2018\\\/04\\\/guevaraelbacannabisaudiencia3122002643.jpg\",\"width\":762,\"height\":429},{\"@type\":\"BreadcrumbList\",\"@id\":\"https:\\\/\\\/diariotextual.com\\\/inicio\\\/index.php\\\/2019\\\/05\\\/26\\\/sin-cannabis-medicinal-camara-confirmo-rechazo-al-amparo\\\/#breadcrumb\",\"itemListElement\":[{\"@type\":\"ListItem\",\"position\":1,\"name\":\"Portada\",\"item\":\"https:\\\/\\\/diariotextual.com\\\/inicio\\\/\"},{\"@type\":\"ListItem\",\"position\":2,\"name\":\"Sin cannabis medicinal: C\u00e1mara confirm\u00f3 rechazo al amparo\"}]},{\"@type\":\"WebSite\",\"@id\":\"https:\\\/\\\/diariotextual.com\\\/inicio\\\/#website\",\"url\":\"https:\\\/\\\/diariotextual.com\\\/inicio\\\/\",\"name\":\"Diario Textual\",\"description\":\"\",\"publisher\":{\"@id\":\"https:\\\/\\\/diariotextual.com\\\/inicio\\\/#organization\"},\"potentialAction\":[{\"@type\":\"SearchAction\",\"target\":{\"@type\":\"EntryPoint\",\"urlTemplate\":\"https:\\\/\\\/diariotextual.com\\\/inicio\\\/?s={search_term_string}\"},\"query-input\":{\"@type\":\"PropertyValueSpecification\",\"valueRequired\":true,\"valueName\":\"search_term_string\"}}],\"inLanguage\":\"es\"},{\"@type\":\"Organization\",\"@id\":\"https:\\\/\\\/diariotextual.com\\\/inicio\\\/#organization\",\"name\":\"Diario Textual\",\"url\":\"https:\\\/\\\/diariotextual.com\\\/inicio\\\/\",\"logo\":{\"@type\":\"ImageObject\",\"inLanguage\":\"es\",\"@id\":\"https:\\\/\\\/diariotextual.com\\\/inicio\\\/#\\\/schema\\\/logo\\\/image\\\/\",\"url\":\"https:\\\/\\\/diariotextual.com\\\/inicio\\\/wp-content\\\/uploads\\\/2023\\\/05\\\/logotextual1.jpg\",\"contentUrl\":\"https:\\\/\\\/diariotextual.com\\\/inicio\\\/wp-content\\\/uploads\\\/2023\\\/05\\\/logotextual1.jpg\",\"width\":516,\"height\":76,\"caption\":\"Diario Textual\"},\"image\":{\"@id\":\"https:\\\/\\\/diariotextual.com\\\/inicio\\\/#\\\/schema\\\/logo\\\/image\\\/\"},\"sameAs\":[\"https:\\\/\\\/www.facebook.com\\\/eltextual\",\"https:\\\/\\\/x.com\\\/eltextual\",\"http:\\\/\\\/www.instagram.com\\\/eltextual\"]},{\"@type\":\"Person\",\"@id\":\"https:\\\/\\\/diariotextual.com\\\/inicio\\\/#\\\/schema\\\/person\\\/a1b6f563e0ee944c60f98119389a4d9f\",\"name\":\"diario3\",\"image\":{\"@type\":\"ImageObject\",\"inLanguage\":\"es\",\"@id\":\"https:\\\/\\\/secure.gravatar.com\\\/avatar\\\/5e7ee62c82fc04d9dd79d746a390d93c69c43223e5faeeb3ea9461ef752bfc5d?s=96&d=mm&r=g\",\"url\":\"https:\\\/\\\/secure.gravatar.com\\\/avatar\\\/5e7ee62c82fc04d9dd79d746a390d93c69c43223e5faeeb3ea9461ef752bfc5d?s=96&d=mm&r=g\",\"contentUrl\":\"https:\\\/\\\/secure.gravatar.com\\\/avatar\\\/5e7ee62c82fc04d9dd79d746a390d93c69c43223e5faeeb3ea9461ef752bfc5d?s=96&d=mm&r=g\",\"caption\":\"diario3\"},\"url\":\"https:\\\/\\\/diariotextual.com\\\/inicio\\\/index.php\\\/author\\\/diario3\\\/\"}]}<\/script>\n<!-- \/ Yoast SEO plugin. -->","yoast_head_json":{"title":"Sin cannabis medicinal: C\u00e1mara confirm\u00f3 rechazo al amparo - Diario Textual","robots":{"index":"index","follow":"follow","max-snippet":"max-snippet:-1","max-image-preview":"max-image-preview:large","max-video-preview":"max-video-preview:-1"},"canonical":"https:\/\/diariotextual.com\/inicio\/index.php\/2019\/05\/26\/sin-cannabis-medicinal-camara-confirmo-rechazo-al-amparo\/","og_locale":"es_ES","og_type":"article","og_title":"Sin cannabis medicinal: C\u00e1mara confirm\u00f3 rechazo al amparo - Diario Textual","og_description":"La C\u00e1mara de Apelaciones en lo Civil, Comercial, Laboral y de Miner\u00eda de Santa Rosa rechaz\u00f3 el recurso de apelaci\u00f3n interpuesto por Elba Edith Guevara contra la resoluci\u00f3n de la&hellip;","og_url":"https:\/\/diariotextual.com\/inicio\/index.php\/2019\/05\/26\/sin-cannabis-medicinal-camara-confirmo-rechazo-al-amparo\/","og_site_name":"Diario Textual","article_publisher":"https:\/\/www.facebook.com\/eltextual","article_published_time":"2019-05-26T21:53:49+00:00","article_modified_time":"2019-05-27T11:58:56+00:00","og_image":[{"width":762,"height":429,"url":"https:\/\/diariotextual.com\/inicio\/wp-content\/uploads\/2018\/04\/guevaraelbacannabisaudiencia3122002643.jpg","type":"image\/jpeg"}],"author":"diario3","twitter_card":"summary_large_image","twitter_creator":"@eltextual","twitter_site":"@eltextual","twitter_misc":{"Escrito por":"diario3","Tiempo de lectura":"6 minutos"},"schema":{"@context":"https:\/\/schema.org","@graph":[{"@type":"Article","@id":"https:\/\/diariotextual.com\/inicio\/index.php\/2019\/05\/26\/sin-cannabis-medicinal-camara-confirmo-rechazo-al-amparo\/#article","isPartOf":{"@id":"https:\/\/diariotextual.com\/inicio\/index.php\/2019\/05\/26\/sin-cannabis-medicinal-camara-confirmo-rechazo-al-amparo\/"},"author":{"name":"diario3","@id":"https:\/\/diariotextual.com\/inicio\/#\/schema\/person\/a1b6f563e0ee944c60f98119389a4d9f"},"headline":"Sin cannabis medicinal: C\u00e1mara confirm\u00f3 rechazo al amparo","datePublished":"2019-05-26T21:53:49+00:00","dateModified":"2019-05-27T11:58:56+00:00","mainEntityOfPage":{"@id":"https:\/\/diariotextual.com\/inicio\/index.php\/2019\/05\/26\/sin-cannabis-medicinal-camara-confirmo-rechazo-al-amparo\/"},"wordCount":1170,"publisher":{"@id":"https:\/\/diariotextual.com\/inicio\/#organization"},"image":{"@id":"https:\/\/diariotextual.com\/inicio\/index.php\/2019\/05\/26\/sin-cannabis-medicinal-camara-confirmo-rechazo-al-amparo\/#primaryimage"},"thumbnailUrl":"https:\/\/diariotextual.com\/inicio\/wp-content\/uploads\/2018\/04\/guevaraelbacannabisaudiencia3122002643.jpg","articleSection":["A - TEMPORALES","SOCIEDAD"],"inLanguage":"es"},{"@type":"WebPage","@id":"https:\/\/diariotextual.com\/inicio\/index.php\/2019\/05\/26\/sin-cannabis-medicinal-camara-confirmo-rechazo-al-amparo\/","url":"https:\/\/diariotextual.com\/inicio\/index.php\/2019\/05\/26\/sin-cannabis-medicinal-camara-confirmo-rechazo-al-amparo\/","name":"Sin cannabis medicinal: C\u00e1mara confirm\u00f3 rechazo al amparo - Diario Textual","isPartOf":{"@id":"https:\/\/diariotextual.com\/inicio\/#website"},"primaryImageOfPage":{"@id":"https:\/\/diariotextual.com\/inicio\/index.php\/2019\/05\/26\/sin-cannabis-medicinal-camara-confirmo-rechazo-al-amparo\/#primaryimage"},"image":{"@id":"https:\/\/diariotextual.com\/inicio\/index.php\/2019\/05\/26\/sin-cannabis-medicinal-camara-confirmo-rechazo-al-amparo\/#primaryimage"},"thumbnailUrl":"https:\/\/diariotextual.com\/inicio\/wp-content\/uploads\/2018\/04\/guevaraelbacannabisaudiencia3122002643.jpg","datePublished":"2019-05-26T21:53:49+00:00","dateModified":"2019-05-27T11:58:56+00:00","breadcrumb":{"@id":"https:\/\/diariotextual.com\/inicio\/index.php\/2019\/05\/26\/sin-cannabis-medicinal-camara-confirmo-rechazo-al-amparo\/#breadcrumb"},"inLanguage":"es","potentialAction":[{"@type":"ReadAction","target":["https:\/\/diariotextual.com\/inicio\/index.php\/2019\/05\/26\/sin-cannabis-medicinal-camara-confirmo-rechazo-al-amparo\/"]}]},{"@type":"ImageObject","inLanguage":"es","@id":"https:\/\/diariotextual.com\/inicio\/index.php\/2019\/05\/26\/sin-cannabis-medicinal-camara-confirmo-rechazo-al-amparo\/#primaryimage","url":"https:\/\/diariotextual.com\/inicio\/wp-content\/uploads\/2018\/04\/guevaraelbacannabisaudiencia3122002643.jpg","contentUrl":"https:\/\/diariotextual.com\/inicio\/wp-content\/uploads\/2018\/04\/guevaraelbacannabisaudiencia3122002643.jpg","width":762,"height":429},{"@type":"BreadcrumbList","@id":"https:\/\/diariotextual.com\/inicio\/index.php\/2019\/05\/26\/sin-cannabis-medicinal-camara-confirmo-rechazo-al-amparo\/#breadcrumb","itemListElement":[{"@type":"ListItem","position":1,"name":"Portada","item":"https:\/\/diariotextual.com\/inicio\/"},{"@type":"ListItem","position":2,"name":"Sin cannabis medicinal: C\u00e1mara confirm\u00f3 rechazo al amparo"}]},{"@type":"WebSite","@id":"https:\/\/diariotextual.com\/inicio\/#website","url":"https:\/\/diariotextual.com\/inicio\/","name":"Diario Textual","description":"","publisher":{"@id":"https:\/\/diariotextual.com\/inicio\/#organization"},"potentialAction":[{"@type":"SearchAction","target":{"@type":"EntryPoint","urlTemplate":"https:\/\/diariotextual.com\/inicio\/?s={search_term_string}"},"query-input":{"@type":"PropertyValueSpecification","valueRequired":true,"valueName":"search_term_string"}}],"inLanguage":"es"},{"@type":"Organization","@id":"https:\/\/diariotextual.com\/inicio\/#organization","name":"Diario Textual","url":"https:\/\/diariotextual.com\/inicio\/","logo":{"@type":"ImageObject","inLanguage":"es","@id":"https:\/\/diariotextual.com\/inicio\/#\/schema\/logo\/image\/","url":"https:\/\/diariotextual.com\/inicio\/wp-content\/uploads\/2023\/05\/logotextual1.jpg","contentUrl":"https:\/\/diariotextual.com\/inicio\/wp-content\/uploads\/2023\/05\/logotextual1.jpg","width":516,"height":76,"caption":"Diario Textual"},"image":{"@id":"https:\/\/diariotextual.com\/inicio\/#\/schema\/logo\/image\/"},"sameAs":["https:\/\/www.facebook.com\/eltextual","https:\/\/x.com\/eltextual","http:\/\/www.instagram.com\/eltextual"]},{"@type":"Person","@id":"https:\/\/diariotextual.com\/inicio\/#\/schema\/person\/a1b6f563e0ee944c60f98119389a4d9f","name":"diario3","image":{"@type":"ImageObject","inLanguage":"es","@id":"https:\/\/secure.gravatar.com\/avatar\/5e7ee62c82fc04d9dd79d746a390d93c69c43223e5faeeb3ea9461ef752bfc5d?s=96&d=mm&r=g","url":"https:\/\/secure.gravatar.com\/avatar\/5e7ee62c82fc04d9dd79d746a390d93c69c43223e5faeeb3ea9461ef752bfc5d?s=96&d=mm&r=g","contentUrl":"https:\/\/secure.gravatar.com\/avatar\/5e7ee62c82fc04d9dd79d746a390d93c69c43223e5faeeb3ea9461ef752bfc5d?s=96&d=mm&r=g","caption":"diario3"},"url":"https:\/\/diariotextual.com\/inicio\/index.php\/author\/diario3\/"}]}},"_links":{"self":[{"href":"https:\/\/diariotextual.com\/inicio\/index.php\/wp-json\/wp\/v2\/posts\/50055","targetHints":{"allow":["GET"]}}],"collection":[{"href":"https:\/\/diariotextual.com\/inicio\/index.php\/wp-json\/wp\/v2\/posts"}],"about":[{"href":"https:\/\/diariotextual.com\/inicio\/index.php\/wp-json\/wp\/v2\/types\/post"}],"author":[{"embeddable":true,"href":"https:\/\/diariotextual.com\/inicio\/index.php\/wp-json\/wp\/v2\/users\/5"}],"replies":[{"embeddable":true,"href":"https:\/\/diariotextual.com\/inicio\/index.php\/wp-json\/wp\/v2\/comments?post=50055"}],"version-history":[{"count":1,"href":"https:\/\/diariotextual.com\/inicio\/index.php\/wp-json\/wp\/v2\/posts\/50055\/revisions"}],"predecessor-version":[{"id":50056,"href":"https:\/\/diariotextual.com\/inicio\/index.php\/wp-json\/wp\/v2\/posts\/50055\/revisions\/50056"}],"wp:featuredmedia":[{"embeddable":true,"href":"https:\/\/diariotextual.com\/inicio\/index.php\/wp-json\/wp\/v2\/media\/5039"}],"wp:attachment":[{"href":"https:\/\/diariotextual.com\/inicio\/index.php\/wp-json\/wp\/v2\/media?parent=50055"}],"wp:term":[{"taxonomy":"category","embeddable":true,"href":"https:\/\/diariotextual.com\/inicio\/index.php\/wp-json\/wp\/v2\/categories?post=50055"},{"taxonomy":"post_tag","embeddable":true,"href":"https:\/\/diariotextual.com\/inicio\/index.php\/wp-json\/wp\/v2\/tags?post=50055"}],"curies":[{"name":"wp","href":"https:\/\/api.w.org\/{rel}","templated":true}]}}