{"id":50271,"date":"2019-05-28T18:34:12","date_gmt":"2019-05-28T21:34:12","guid":{"rendered":"http:\/\/diariotextual.com\/inicio\/?p=50271"},"modified":"2019-05-28T18:35:02","modified_gmt":"2019-05-28T21:35:02","slug":"paritarias-comercio-cerro-suba-30-cinco-cuotas","status":"publish","type":"post","link":"https:\/\/diariotextual.com\/inicio\/index.php\/2019\/05\/28\/paritarias-comercio-cerro-suba-30-cinco-cuotas\/","title":{"rendered":"Paritarias: Comercio cerr\u00f3 suba de 30% en cinco cuotas"},"content":{"rendered":"<p>El sindicato de Comercio, el de mayor n\u00famero de trabajadores del pa\u00eds, <strong>acord\u00f3 finalmente su paritaria con un incremento salarial que totalizar\u00e1 30% al final de su vigencia<\/strong>, pero cuyo costo ser\u00e1 menor para los empresarios por contener pagos no remunerativos.<\/p>\n<p><!--more--><\/p>\n<p>La <strong>paritaria, que involucra a cerca de un mill\u00f3n de empleados mercantiles, qued\u00f3 estructurada con subas bimestrales<\/strong> y una <strong>cl\u00e1usula de revisi\u00f3n en enero<\/strong> y una suma extraordinaria. La firma se llev\u00f3 a cabo con la C\u00e1mara de Comercio (CAC) y la Confederaci\u00f3n de la Mediana Empresa (CAME), inform\u00f3 el diario \u00c1mbito Financiero.<\/p>\n<p>Un aumento salarial se ejecutar\u00e1 de la siguiente manera: <strong>4,5% septiembre-octubre, 4,5% noviembre-diciembre, 4,5% enero-febrero y 4,5% en marzo de 2020. A esto hay que sumarle una asignaci\u00f3n extraordinaria, por \u00fanica vez, a pagarse en 5 cuotas que constituyen los siguientes aumentos: 4,5% mayo-junio, 4,5% julio-agosto y 3% en marzo de 2020.<\/strong><\/p>\n<p>El acuerdo llev\u00f3 a cabo bajo la atenta mirada del Gobierno Nacional, que dispuso para este a\u00f1o una pauta de subas del 28% con dispar acatamiento.<\/p>\n<p>El gremio que encabeza Armando Cavalieri resolvi\u00f3 a \u00faltima hora una negociaci\u00f3n que hab\u00eda alcanzado d\u00edas atr\u00e1s un principio de acuerdo pero que se vio frustrado por diferencias sobre el m\u00e9todo de pago. Por esa raz\u00f3n el entendimiento final incluy\u00f3 una compleja ingenier\u00eda que mixtur\u00f3 incrementos de suma fija remunerativos con los que no tributan a la seguridad social, y eludi\u00f3 la fijaci\u00f3n de porcentajes.<\/p>\n","protected":false},"excerpt":{"rendered":"<p>El sindicato de Comercio, el de mayor n\u00famero de trabajadores del pa\u00eds, acord\u00f3 finalmente su paritaria con un incremento salarial que totalizar\u00e1 30% al final de su vigencia, pero cuyo&hellip;<\/p>\n","protected":false},"author":5,"featured_media":6559,"comment_status":"closed","ping_status":"open","sticky":false,"template":"","format":"standard","meta":{"_acf_changed":false,"footnotes":""},"categories":[11,5],"tags":[],"class_list":["post-50271","post","type-post","status-publish","format-standard","has-post-thumbnail","hentry","category-que-pasa","category-economia"],"acf":[],"yoast_head":"<!-- This site is optimized with the Yoast SEO plugin v27.5 - https:\/\/yoast.com\/product\/yoast-seo-wordpress\/ -->\n<title>Paritarias: Comercio cerr\u00f3 suba de 30% en cinco cuotas - Diario Textual<\/title>\n<meta name=\"robots\" content=\"index, follow, max-snippet:-1, max-image-preview:large, max-video-preview:-1\" \/>\n<link rel=\"canonical\" href=\"https:\/\/diariotextual.com\/inicio\/index.php\/2019\/05\/28\/paritarias-comercio-cerro-suba-30-cinco-cuotas\/\" \/>\n<meta property=\"og:locale\" content=\"es_ES\" \/>\n<meta property=\"og:type\" content=\"article\" \/>\n<meta property=\"og:title\" content=\"Paritarias: Comercio cerr\u00f3 suba de 30% en cinco cuotas - Diario Textual\" \/>\n<meta property=\"og:description\" content=\"El sindicato de Comercio, el de mayor n\u00famero de trabajadores del pa\u00eds, acord\u00f3 finalmente su paritaria con un incremento salarial que totalizar\u00e1 30% al final de su vigencia, pero cuyo&hellip;\" \/>\n<meta property=\"og:url\" content=\"https:\/\/diariotextual.com\/inicio\/index.php\/2019\/05\/28\/paritarias-comercio-cerro-suba-30-cinco-cuotas\/\" \/>\n<meta property=\"og:site_name\" content=\"Diario Textual\" \/>\n<meta property=\"article:publisher\" content=\"https:\/\/www.facebook.com\/eltextual\" \/>\n<meta property=\"article:published_time\" content=\"2019-05-28T21:34:12+00:00\" \/>\n<meta property=\"article:modified_time\" content=\"2019-05-28T21:35:02+00:00\" \/>\n<meta property=\"og:image\" content=\"https:\/\/diariotextual.com\/inicio\/wp-content\/uploads\/2018\/05\/comercioempleado.jpg\" \/>\n\t<meta property=\"og:image:width\" content=\"600\" \/>\n\t<meta property=\"og:image:height\" content=\"398\" \/>\n\t<meta property=\"og:image:type\" content=\"image\/jpeg\" \/>\n<meta name=\"author\" content=\"diario3\" \/>\n<meta name=\"twitter:card\" content=\"summary_large_image\" \/>\n<meta name=\"twitter:creator\" content=\"@eltextual\" \/>\n<meta name=\"twitter:site\" content=\"@eltextual\" \/>\n<meta name=\"twitter:label1\" content=\"Escrito por\" \/>\n\t<meta name=\"twitter:data1\" content=\"diario3\" \/>\n\t<meta name=\"twitter:label2\" content=\"Tiempo de lectura\" \/>\n\t<meta name=\"twitter:data2\" content=\"1 minuto\" \/>\n<script type=\"application\/ld+json\" class=\"yoast-schema-graph\">{\"@context\":\"https:\\\/\\\/schema.org\",\"@graph\":[{\"@type\":\"Article\",\"@id\":\"https:\\\/\\\/diariotextual.com\\\/inicio\\\/index.php\\\/2019\\\/05\\\/28\\\/paritarias-comercio-cerro-suba-30-cinco-cuotas\\\/#article\",\"isPartOf\":{\"@id\":\"https:\\\/\\\/diariotextual.com\\\/inicio\\\/index.php\\\/2019\\\/05\\\/28\\\/paritarias-comercio-cerro-suba-30-cinco-cuotas\\\/\"},\"author\":{\"name\":\"diario3\",\"@id\":\"https:\\\/\\\/diariotextual.com\\\/inicio\\\/#\\\/schema\\\/person\\\/a1b6f563e0ee944c60f98119389a4d9f\"},\"headline\":\"Paritarias: Comercio cerr\u00f3 suba de 30% en cinco cuotas\",\"datePublished\":\"2019-05-28T21:34:12+00:00\",\"dateModified\":\"2019-05-28T21:35:02+00:00\",\"mainEntityOfPage\":{\"@id\":\"https:\\\/\\\/diariotextual.com\\\/inicio\\\/index.php\\\/2019\\\/05\\\/28\\\/paritarias-comercio-cerro-suba-30-cinco-cuotas\\\/\"},\"wordCount\":250,\"publisher\":{\"@id\":\"https:\\\/\\\/diariotextual.com\\\/inicio\\\/#organization\"},\"image\":{\"@id\":\"https:\\\/\\\/diariotextual.com\\\/inicio\\\/index.php\\\/2019\\\/05\\\/28\\\/paritarias-comercio-cerro-suba-30-cinco-cuotas\\\/#primaryimage\"},\"thumbnailUrl\":\"https:\\\/\\\/diariotextual.com\\\/inicio\\\/wp-content\\\/uploads\\\/2018\\\/05\\\/comercioempleado.jpg\",\"articleSection\":[\"A - QUE PASA (al costado)\",\"ECONOMIA\"],\"inLanguage\":\"es\"},{\"@type\":\"WebPage\",\"@id\":\"https:\\\/\\\/diariotextual.com\\\/inicio\\\/index.php\\\/2019\\\/05\\\/28\\\/paritarias-comercio-cerro-suba-30-cinco-cuotas\\\/\",\"url\":\"https:\\\/\\\/diariotextual.com\\\/inicio\\\/index.php\\\/2019\\\/05\\\/28\\\/paritarias-comercio-cerro-suba-30-cinco-cuotas\\\/\",\"name\":\"Paritarias: Comercio cerr\u00f3 suba de 30% en cinco cuotas - Diario Textual\",\"isPartOf\":{\"@id\":\"https:\\\/\\\/diariotextual.com\\\/inicio\\\/#website\"},\"primaryImageOfPage\":{\"@id\":\"https:\\\/\\\/diariotextual.com\\\/inicio\\\/index.php\\\/2019\\\/05\\\/28\\\/paritarias-comercio-cerro-suba-30-cinco-cuotas\\\/#primaryimage\"},\"image\":{\"@id\":\"https:\\\/\\\/diariotextual.com\\\/inicio\\\/index.php\\\/2019\\\/05\\\/28\\\/paritarias-comercio-cerro-suba-30-cinco-cuotas\\\/#primaryimage\"},\"thumbnailUrl\":\"https:\\\/\\\/diariotextual.com\\\/inicio\\\/wp-content\\\/uploads\\\/2018\\\/05\\\/comercioempleado.jpg\",\"datePublished\":\"2019-05-28T21:34:12+00:00\",\"dateModified\":\"2019-05-28T21:35:02+00:00\",\"breadcrumb\":{\"@id\":\"https:\\\/\\\/diariotextual.com\\\/inicio\\\/index.php\\\/2019\\\/05\\\/28\\\/paritarias-comercio-cerro-suba-30-cinco-cuotas\\\/#breadcrumb\"},\"inLanguage\":\"es\",\"potentialAction\":[{\"@type\":\"ReadAction\",\"target\":[\"https:\\\/\\\/diariotextual.com\\\/inicio\\\/index.php\\\/2019\\\/05\\\/28\\\/paritarias-comercio-cerro-suba-30-cinco-cuotas\\\/\"]}]},{\"@type\":\"ImageObject\",\"inLanguage\":\"es\",\"@id\":\"https:\\\/\\\/diariotextual.com\\\/inicio\\\/index.php\\\/2019\\\/05\\\/28\\\/paritarias-comercio-cerro-suba-30-cinco-cuotas\\\/#primaryimage\",\"url\":\"https:\\\/\\\/diariotextual.com\\\/inicio\\\/wp-content\\\/uploads\\\/2018\\\/05\\\/comercioempleado.jpg\",\"contentUrl\":\"https:\\\/\\\/diariotextual.com\\\/inicio\\\/wp-content\\\/uploads\\\/2018\\\/05\\\/comercioempleado.jpg\",\"width\":600,\"height\":398},{\"@type\":\"BreadcrumbList\",\"@id\":\"https:\\\/\\\/diariotextual.com\\\/inicio\\\/index.php\\\/2019\\\/05\\\/28\\\/paritarias-comercio-cerro-suba-30-cinco-cuotas\\\/#breadcrumb\",\"itemListElement\":[{\"@type\":\"ListItem\",\"position\":1,\"name\":\"Portada\",\"item\":\"https:\\\/\\\/diariotextual.com\\\/inicio\\\/\"},{\"@type\":\"ListItem\",\"position\":2,\"name\":\"Paritarias: Comercio cerr\u00f3 suba de 30% en cinco cuotas\"}]},{\"@type\":\"WebSite\",\"@id\":\"https:\\\/\\\/diariotextual.com\\\/inicio\\\/#website\",\"url\":\"https:\\\/\\\/diariotextual.com\\\/inicio\\\/\",\"name\":\"Diario Textual\",\"description\":\"\",\"publisher\":{\"@id\":\"https:\\\/\\\/diariotextual.com\\\/inicio\\\/#organization\"},\"potentialAction\":[{\"@type\":\"SearchAction\",\"target\":{\"@type\":\"EntryPoint\",\"urlTemplate\":\"https:\\\/\\\/diariotextual.com\\\/inicio\\\/?s={search_term_string}\"},\"query-input\":{\"@type\":\"PropertyValueSpecification\",\"valueRequired\":true,\"valueName\":\"search_term_string\"}}],\"inLanguage\":\"es\"},{\"@type\":\"Organization\",\"@id\":\"https:\\\/\\\/diariotextual.com\\\/inicio\\\/#organization\",\"name\":\"Diario Textual\",\"url\":\"https:\\\/\\\/diariotextual.com\\\/inicio\\\/\",\"logo\":{\"@type\":\"ImageObject\",\"inLanguage\":\"es\",\"@id\":\"https:\\\/\\\/diariotextual.com\\\/inicio\\\/#\\\/schema\\\/logo\\\/image\\\/\",\"url\":\"https:\\\/\\\/diariotextual.com\\\/inicio\\\/wp-content\\\/uploads\\\/2023\\\/05\\\/logotextual1.jpg\",\"contentUrl\":\"https:\\\/\\\/diariotextual.com\\\/inicio\\\/wp-content\\\/uploads\\\/2023\\\/05\\\/logotextual1.jpg\",\"width\":516,\"height\":76,\"caption\":\"Diario Textual\"},\"image\":{\"@id\":\"https:\\\/\\\/diariotextual.com\\\/inicio\\\/#\\\/schema\\\/logo\\\/image\\\/\"},\"sameAs\":[\"https:\\\/\\\/www.facebook.com\\\/eltextual\",\"https:\\\/\\\/x.com\\\/eltextual\",\"http:\\\/\\\/www.instagram.com\\\/eltextual\"]},{\"@type\":\"Person\",\"@id\":\"https:\\\/\\\/diariotextual.com\\\/inicio\\\/#\\\/schema\\\/person\\\/a1b6f563e0ee944c60f98119389a4d9f\",\"name\":\"diario3\",\"image\":{\"@type\":\"ImageObject\",\"inLanguage\":\"es\",\"@id\":\"https:\\\/\\\/secure.gravatar.com\\\/avatar\\\/5e7ee62c82fc04d9dd79d746a390d93c69c43223e5faeeb3ea9461ef752bfc5d?s=96&d=mm&r=g\",\"url\":\"https:\\\/\\\/secure.gravatar.com\\\/avatar\\\/5e7ee62c82fc04d9dd79d746a390d93c69c43223e5faeeb3ea9461ef752bfc5d?s=96&d=mm&r=g\",\"contentUrl\":\"https:\\\/\\\/secure.gravatar.com\\\/avatar\\\/5e7ee62c82fc04d9dd79d746a390d93c69c43223e5faeeb3ea9461ef752bfc5d?s=96&d=mm&r=g\",\"caption\":\"diario3\"},\"url\":\"https:\\\/\\\/diariotextual.com\\\/inicio\\\/index.php\\\/author\\\/diario3\\\/\"}]}<\/script>\n<!-- \/ Yoast SEO plugin. -->","yoast_head_json":{"title":"Paritarias: Comercio cerr\u00f3 suba de 30% en cinco cuotas - Diario Textual","robots":{"index":"index","follow":"follow","max-snippet":"max-snippet:-1","max-image-preview":"max-image-preview:large","max-video-preview":"max-video-preview:-1"},"canonical":"https:\/\/diariotextual.com\/inicio\/index.php\/2019\/05\/28\/paritarias-comercio-cerro-suba-30-cinco-cuotas\/","og_locale":"es_ES","og_type":"article","og_title":"Paritarias: Comercio cerr\u00f3 suba de 30% en cinco cuotas - Diario Textual","og_description":"El sindicato de Comercio, el de mayor n\u00famero de trabajadores del pa\u00eds, acord\u00f3 finalmente su paritaria con un incremento salarial que totalizar\u00e1 30% al final de su vigencia, pero cuyo&hellip;","og_url":"https:\/\/diariotextual.com\/inicio\/index.php\/2019\/05\/28\/paritarias-comercio-cerro-suba-30-cinco-cuotas\/","og_site_name":"Diario Textual","article_publisher":"https:\/\/www.facebook.com\/eltextual","article_published_time":"2019-05-28T21:34:12+00:00","article_modified_time":"2019-05-28T21:35:02+00:00","og_image":[{"width":600,"height":398,"url":"https:\/\/diariotextual.com\/inicio\/wp-content\/uploads\/2018\/05\/comercioempleado.jpg","type":"image\/jpeg"}],"author":"diario3","twitter_card":"summary_large_image","twitter_creator":"@eltextual","twitter_site":"@eltextual","twitter_misc":{"Escrito por":"diario3","Tiempo de lectura":"1 minuto"},"schema":{"@context":"https:\/\/schema.org","@graph":[{"@type":"Article","@id":"https:\/\/diariotextual.com\/inicio\/index.php\/2019\/05\/28\/paritarias-comercio-cerro-suba-30-cinco-cuotas\/#article","isPartOf":{"@id":"https:\/\/diariotextual.com\/inicio\/index.php\/2019\/05\/28\/paritarias-comercio-cerro-suba-30-cinco-cuotas\/"},"author":{"name":"diario3","@id":"https:\/\/diariotextual.com\/inicio\/#\/schema\/person\/a1b6f563e0ee944c60f98119389a4d9f"},"headline":"Paritarias: Comercio cerr\u00f3 suba de 30% en cinco cuotas","datePublished":"2019-05-28T21:34:12+00:00","dateModified":"2019-05-28T21:35:02+00:00","mainEntityOfPage":{"@id":"https:\/\/diariotextual.com\/inicio\/index.php\/2019\/05\/28\/paritarias-comercio-cerro-suba-30-cinco-cuotas\/"},"wordCount":250,"publisher":{"@id":"https:\/\/diariotextual.com\/inicio\/#organization"},"image":{"@id":"https:\/\/diariotextual.com\/inicio\/index.php\/2019\/05\/28\/paritarias-comercio-cerro-suba-30-cinco-cuotas\/#primaryimage"},"thumbnailUrl":"https:\/\/diariotextual.com\/inicio\/wp-content\/uploads\/2018\/05\/comercioempleado.jpg","articleSection":["A - QUE PASA (al costado)","ECONOMIA"],"inLanguage":"es"},{"@type":"WebPage","@id":"https:\/\/diariotextual.com\/inicio\/index.php\/2019\/05\/28\/paritarias-comercio-cerro-suba-30-cinco-cuotas\/","url":"https:\/\/diariotextual.com\/inicio\/index.php\/2019\/05\/28\/paritarias-comercio-cerro-suba-30-cinco-cuotas\/","name":"Paritarias: Comercio cerr\u00f3 suba de 30% en cinco cuotas - Diario Textual","isPartOf":{"@id":"https:\/\/diariotextual.com\/inicio\/#website"},"primaryImageOfPage":{"@id":"https:\/\/diariotextual.com\/inicio\/index.php\/2019\/05\/28\/paritarias-comercio-cerro-suba-30-cinco-cuotas\/#primaryimage"},"image":{"@id":"https:\/\/diariotextual.com\/inicio\/index.php\/2019\/05\/28\/paritarias-comercio-cerro-suba-30-cinco-cuotas\/#primaryimage"},"thumbnailUrl":"https:\/\/diariotextual.com\/inicio\/wp-content\/uploads\/2018\/05\/comercioempleado.jpg","datePublished":"2019-05-28T21:34:12+00:00","dateModified":"2019-05-28T21:35:02+00:00","breadcrumb":{"@id":"https:\/\/diariotextual.com\/inicio\/index.php\/2019\/05\/28\/paritarias-comercio-cerro-suba-30-cinco-cuotas\/#breadcrumb"},"inLanguage":"es","potentialAction":[{"@type":"ReadAction","target":["https:\/\/diariotextual.com\/inicio\/index.php\/2019\/05\/28\/paritarias-comercio-cerro-suba-30-cinco-cuotas\/"]}]},{"@type":"ImageObject","inLanguage":"es","@id":"https:\/\/diariotextual.com\/inicio\/index.php\/2019\/05\/28\/paritarias-comercio-cerro-suba-30-cinco-cuotas\/#primaryimage","url":"https:\/\/diariotextual.com\/inicio\/wp-content\/uploads\/2018\/05\/comercioempleado.jpg","contentUrl":"https:\/\/diariotextual.com\/inicio\/wp-content\/uploads\/2018\/05\/comercioempleado.jpg","width":600,"height":398},{"@type":"BreadcrumbList","@id":"https:\/\/diariotextual.com\/inicio\/index.php\/2019\/05\/28\/paritarias-comercio-cerro-suba-30-cinco-cuotas\/#breadcrumb","itemListElement":[{"@type":"ListItem","position":1,"name":"Portada","item":"https:\/\/diariotextual.com\/inicio\/"},{"@type":"ListItem","position":2,"name":"Paritarias: Comercio cerr\u00f3 suba de 30% en cinco cuotas"}]},{"@type":"WebSite","@id":"https:\/\/diariotextual.com\/inicio\/#website","url":"https:\/\/diariotextual.com\/inicio\/","name":"Diario Textual","description":"","publisher":{"@id":"https:\/\/diariotextual.com\/inicio\/#organization"},"potentialAction":[{"@type":"SearchAction","target":{"@type":"EntryPoint","urlTemplate":"https:\/\/diariotextual.com\/inicio\/?s={search_term_string}"},"query-input":{"@type":"PropertyValueSpecification","valueRequired":true,"valueName":"search_term_string"}}],"inLanguage":"es"},{"@type":"Organization","@id":"https:\/\/diariotextual.com\/inicio\/#organization","name":"Diario Textual","url":"https:\/\/diariotextual.com\/inicio\/","logo":{"@type":"ImageObject","inLanguage":"es","@id":"https:\/\/diariotextual.com\/inicio\/#\/schema\/logo\/image\/","url":"https:\/\/diariotextual.com\/inicio\/wp-content\/uploads\/2023\/05\/logotextual1.jpg","contentUrl":"https:\/\/diariotextual.com\/inicio\/wp-content\/uploads\/2023\/05\/logotextual1.jpg","width":516,"height":76,"caption":"Diario Textual"},"image":{"@id":"https:\/\/diariotextual.com\/inicio\/#\/schema\/logo\/image\/"},"sameAs":["https:\/\/www.facebook.com\/eltextual","https:\/\/x.com\/eltextual","http:\/\/www.instagram.com\/eltextual"]},{"@type":"Person","@id":"https:\/\/diariotextual.com\/inicio\/#\/schema\/person\/a1b6f563e0ee944c60f98119389a4d9f","name":"diario3","image":{"@type":"ImageObject","inLanguage":"es","@id":"https:\/\/secure.gravatar.com\/avatar\/5e7ee62c82fc04d9dd79d746a390d93c69c43223e5faeeb3ea9461ef752bfc5d?s=96&d=mm&r=g","url":"https:\/\/secure.gravatar.com\/avatar\/5e7ee62c82fc04d9dd79d746a390d93c69c43223e5faeeb3ea9461ef752bfc5d?s=96&d=mm&r=g","contentUrl":"https:\/\/secure.gravatar.com\/avatar\/5e7ee62c82fc04d9dd79d746a390d93c69c43223e5faeeb3ea9461ef752bfc5d?s=96&d=mm&r=g","caption":"diario3"},"url":"https:\/\/diariotextual.com\/inicio\/index.php\/author\/diario3\/"}]}},"_links":{"self":[{"href":"https:\/\/diariotextual.com\/inicio\/index.php\/wp-json\/wp\/v2\/posts\/50271","targetHints":{"allow":["GET"]}}],"collection":[{"href":"https:\/\/diariotextual.com\/inicio\/index.php\/wp-json\/wp\/v2\/posts"}],"about":[{"href":"https:\/\/diariotextual.com\/inicio\/index.php\/wp-json\/wp\/v2\/types\/post"}],"author":[{"embeddable":true,"href":"https:\/\/diariotextual.com\/inicio\/index.php\/wp-json\/wp\/v2\/users\/5"}],"replies":[{"embeddable":true,"href":"https:\/\/diariotextual.com\/inicio\/index.php\/wp-json\/wp\/v2\/comments?post=50271"}],"version-history":[{"count":1,"href":"https:\/\/diariotextual.com\/inicio\/index.php\/wp-json\/wp\/v2\/posts\/50271\/revisions"}],"predecessor-version":[{"id":50272,"href":"https:\/\/diariotextual.com\/inicio\/index.php\/wp-json\/wp\/v2\/posts\/50271\/revisions\/50272"}],"wp:featuredmedia":[{"embeddable":true,"href":"https:\/\/diariotextual.com\/inicio\/index.php\/wp-json\/wp\/v2\/media\/6559"}],"wp:attachment":[{"href":"https:\/\/diariotextual.com\/inicio\/index.php\/wp-json\/wp\/v2\/media?parent=50271"}],"wp:term":[{"taxonomy":"category","embeddable":true,"href":"https:\/\/diariotextual.com\/inicio\/index.php\/wp-json\/wp\/v2\/categories?post=50271"},{"taxonomy":"post_tag","embeddable":true,"href":"https:\/\/diariotextual.com\/inicio\/index.php\/wp-json\/wp\/v2\/tags?post=50271"}],"curies":[{"name":"wp","href":"https:\/\/api.w.org\/{rel}","templated":true}]}}