{"id":50464,"date":"2019-05-30T19:13:01","date_gmt":"2019-05-30T22:13:01","guid":{"rendered":"http:\/\/diariotextual.com\/inicio\/?p=50464"},"modified":"2019-05-31T10:29:50","modified_gmt":"2019-05-31T13:29:50","slug":"los-salarios-perdieron-16-frente-la-inflacion-primer-trimestre-del-ano","status":"publish","type":"post","link":"https:\/\/diariotextual.com\/inicio\/index.php\/2019\/05\/30\/los-salarios-perdieron-16-frente-la-inflacion-primer-trimestre-del-ano\/","title":{"rendered":"Los salarios perdieron 1,6% frente a la inflaci\u00f3n en el primer trimestre del a\u00f1o"},"content":{"rendered":"<p>Seg\u00fan inform\u00f3 este jueves el Instituto Nacional de Estad\u00edstica y Censos (Indec), <strong>los salarios perdieron 1,6% frente a la inflaci\u00f3n en el primer trimestre de 2019, luego de conocerse que las remuneraciones aumentaron un 10% en ese lapso<\/strong>, mientras que el \u00cdndice de Precios al Consumidor anot\u00f3 un alza del 11,8% entre enero y marzo.<\/p>\n<p><!--more--><\/p>\n<p>\u201c<strong>El rebrote inflacionario de principios de 2019 implic\u00f3 la continuidad de la ca\u00edda del salario real<\/strong>\u201d, dijeron Nadin Arga\u00f1araz y Bruno Panighel, economistas del IARAF.<\/p>\n<p>Por su parte, <strong>el \u00cdndice de Salarios aument\u00f3 4% en marzo y en los \u00faltimos doce meses registr\u00f3 un incremento de 37,3%<\/strong>, agreg\u00f3 el organismo oficial.<\/p>\n<p>En las \u00faltimas dos semanas de mayo se firmaron cinco grandes paritarias. Los <strong>docentes universitarios arreglaron 16% m\u00e1s la inflaci\u00f3n resultante a partir de septiembre de 2019, UOM, gastron\u00f3micos y UPCN cerraron en 28%, y Comercio (la m\u00e1s grande del pa\u00eds) en 30%.<\/strong> Para junio de 2019 se reabrir\u00e1n otras paritarias muy importantes como son Sanidad, Construcci\u00f3n y Camioneros.<\/p>\n<p>\u00abA la hora de comparar el salario en t\u00e9rminos reales (descontando el efecto de la inflaci\u00f3n) se observa a algunos sectores por encima de la inflaci\u00f3n en los primeros meses del a\u00f1o 2019, producto de las cl\u00e1usulas gatillo y de revisi\u00f3n para recomponer el salario por la p\u00e9rdida de 2018\u00bb, dijeron los economistas del IARAF.<\/p>\n<p>&nbsp;<\/p>\n<p><strong>Ca\u00edda<\/strong><\/p>\n<p>La <strong>inflaci\u00f3n de febrero y marzo licu\u00f3 los aumentos y las recomposiciones, por lo que el salario promedio sigui\u00f3 cayendo y los sueldos volvieron a quedar desactualizados<\/strong>, agregaron.<\/p>\n<p>Un posible sendero de desaceleraci\u00f3n inflacionaria (cerrando 2019 en torno al 40%-42%) permitir\u00eda, al menos, frenar la p\u00e9rdida de salario real para el a\u00f1o 2019. Para marzo de 2020 (fecha donde se reabren las paritarias), cuatro de los cinco acuerdos firmados se posicionar\u00edan por encima de la inflaci\u00f3n, ganando entre 1% y 3% de poder adquisitivo, public\u00f3 \u00c1mbito Financiero.<\/p>\n<p>La posibilidad de que el salario real deje de caer o empiece a subir es claramente positivo para el consumo y para recuperar la actividad econ\u00f3mica. Pero debe tenerse en cuenta que una suba real del salario, vista desde el lado de los costos, puede tornarse en una situaci\u00f3n realmente peligrosa para cierto tama\u00f1o de empresas. Un aumento real de costos y por ende una mayor ca\u00edda de rentabilidad, puede poner en riesgo muchos puestos de trabajo, advirtieron desde el IARAF.<\/p>\n","protected":false},"excerpt":{"rendered":"<p>Seg\u00fan inform\u00f3 este jueves el Instituto Nacional de Estad\u00edstica y Censos (Indec), los salarios perdieron 1,6% frente a la inflaci\u00f3n en el primer trimestre de 2019, luego de conocerse que&hellip;<\/p>\n","protected":false},"author":5,"featured_media":17099,"comment_status":"closed","ping_status":"open","sticky":false,"template":"","format":"standard","meta":{"_acf_changed":false,"footnotes":""},"categories":[11,5],"tags":[],"class_list":["post-50464","post","type-post","status-publish","format-standard","has-post-thumbnail","hentry","category-que-pasa","category-economia"],"acf":[],"yoast_head":"<!-- This site is optimized with the Yoast SEO plugin v27.5 - https:\/\/yoast.com\/product\/yoast-seo-wordpress\/ -->\n<title>Los salarios perdieron 1,6% frente a la inflaci\u00f3n en el primer trimestre del a\u00f1o - Diario Textual<\/title>\n<meta name=\"robots\" content=\"index, follow, max-snippet:-1, max-image-preview:large, max-video-preview:-1\" \/>\n<link rel=\"canonical\" href=\"https:\/\/diariotextual.com\/inicio\/index.php\/2019\/05\/30\/los-salarios-perdieron-16-frente-la-inflacion-primer-trimestre-del-ano\/\" \/>\n<meta property=\"og:locale\" content=\"es_ES\" \/>\n<meta property=\"og:type\" content=\"article\" \/>\n<meta property=\"og:title\" content=\"Los salarios perdieron 1,6% frente a la inflaci\u00f3n en el primer trimestre del a\u00f1o - Diario Textual\" \/>\n<meta property=\"og:description\" content=\"Seg\u00fan inform\u00f3 este jueves el Instituto Nacional de Estad\u00edstica y Censos (Indec), los salarios perdieron 1,6% frente a la inflaci\u00f3n en el primer trimestre de 2019, luego de conocerse que&hellip;\" \/>\n<meta property=\"og:url\" content=\"https:\/\/diariotextual.com\/inicio\/index.php\/2019\/05\/30\/los-salarios-perdieron-16-frente-la-inflacion-primer-trimestre-del-ano\/\" \/>\n<meta property=\"og:site_name\" content=\"Diario Textual\" \/>\n<meta property=\"article:publisher\" content=\"https:\/\/www.facebook.com\/eltextual\" \/>\n<meta property=\"article:published_time\" content=\"2019-05-30T22:13:01+00:00\" \/>\n<meta property=\"article:modified_time\" content=\"2019-05-31T13:29:50+00:00\" \/>\n<meta property=\"og:image\" content=\"https:\/\/diariotextual.com\/inicio\/wp-content\/uploads\/2018\/08\/cajerobilletes.jpg\" \/>\n\t<meta property=\"og:image:width\" content=\"900\" \/>\n\t<meta property=\"og:image:height\" content=\"563\" \/>\n\t<meta property=\"og:image:type\" content=\"image\/jpeg\" \/>\n<meta name=\"author\" content=\"diario3\" \/>\n<meta name=\"twitter:card\" content=\"summary_large_image\" \/>\n<meta name=\"twitter:creator\" content=\"@eltextual\" \/>\n<meta name=\"twitter:site\" content=\"@eltextual\" \/>\n<meta name=\"twitter:label1\" content=\"Escrito por\" \/>\n\t<meta name=\"twitter:data1\" content=\"diario3\" \/>\n\t<meta name=\"twitter:label2\" content=\"Tiempo de lectura\" \/>\n\t<meta name=\"twitter:data2\" content=\"2 minutos\" \/>\n<script type=\"application\/ld+json\" class=\"yoast-schema-graph\">{\"@context\":\"https:\\\/\\\/schema.org\",\"@graph\":[{\"@type\":\"Article\",\"@id\":\"https:\\\/\\\/diariotextual.com\\\/inicio\\\/index.php\\\/2019\\\/05\\\/30\\\/los-salarios-perdieron-16-frente-la-inflacion-primer-trimestre-del-ano\\\/#article\",\"isPartOf\":{\"@id\":\"https:\\\/\\\/diariotextual.com\\\/inicio\\\/index.php\\\/2019\\\/05\\\/30\\\/los-salarios-perdieron-16-frente-la-inflacion-primer-trimestre-del-ano\\\/\"},\"author\":{\"name\":\"diario3\",\"@id\":\"https:\\\/\\\/diariotextual.com\\\/inicio\\\/#\\\/schema\\\/person\\\/a1b6f563e0ee944c60f98119389a4d9f\"},\"headline\":\"Los salarios perdieron 1,6% frente a la inflaci\u00f3n en el primer trimestre del a\u00f1o\",\"datePublished\":\"2019-05-30T22:13:01+00:00\",\"dateModified\":\"2019-05-31T13:29:50+00:00\",\"mainEntityOfPage\":{\"@id\":\"https:\\\/\\\/diariotextual.com\\\/inicio\\\/index.php\\\/2019\\\/05\\\/30\\\/los-salarios-perdieron-16-frente-la-inflacion-primer-trimestre-del-ano\\\/\"},\"wordCount\":417,\"publisher\":{\"@id\":\"https:\\\/\\\/diariotextual.com\\\/inicio\\\/#organization\"},\"image\":{\"@id\":\"https:\\\/\\\/diariotextual.com\\\/inicio\\\/index.php\\\/2019\\\/05\\\/30\\\/los-salarios-perdieron-16-frente-la-inflacion-primer-trimestre-del-ano\\\/#primaryimage\"},\"thumbnailUrl\":\"https:\\\/\\\/diariotextual.com\\\/inicio\\\/wp-content\\\/uploads\\\/2018\\\/08\\\/cajerobilletes.jpg\",\"articleSection\":[\"A - QUE PASA (al costado)\",\"ECONOMIA\"],\"inLanguage\":\"es\"},{\"@type\":\"WebPage\",\"@id\":\"https:\\\/\\\/diariotextual.com\\\/inicio\\\/index.php\\\/2019\\\/05\\\/30\\\/los-salarios-perdieron-16-frente-la-inflacion-primer-trimestre-del-ano\\\/\",\"url\":\"https:\\\/\\\/diariotextual.com\\\/inicio\\\/index.php\\\/2019\\\/05\\\/30\\\/los-salarios-perdieron-16-frente-la-inflacion-primer-trimestre-del-ano\\\/\",\"name\":\"Los salarios perdieron 1,6% frente a la inflaci\u00f3n en el primer trimestre del a\u00f1o - Diario Textual\",\"isPartOf\":{\"@id\":\"https:\\\/\\\/diariotextual.com\\\/inicio\\\/#website\"},\"primaryImageOfPage\":{\"@id\":\"https:\\\/\\\/diariotextual.com\\\/inicio\\\/index.php\\\/2019\\\/05\\\/30\\\/los-salarios-perdieron-16-frente-la-inflacion-primer-trimestre-del-ano\\\/#primaryimage\"},\"image\":{\"@id\":\"https:\\\/\\\/diariotextual.com\\\/inicio\\\/index.php\\\/2019\\\/05\\\/30\\\/los-salarios-perdieron-16-frente-la-inflacion-primer-trimestre-del-ano\\\/#primaryimage\"},\"thumbnailUrl\":\"https:\\\/\\\/diariotextual.com\\\/inicio\\\/wp-content\\\/uploads\\\/2018\\\/08\\\/cajerobilletes.jpg\",\"datePublished\":\"2019-05-30T22:13:01+00:00\",\"dateModified\":\"2019-05-31T13:29:50+00:00\",\"breadcrumb\":{\"@id\":\"https:\\\/\\\/diariotextual.com\\\/inicio\\\/index.php\\\/2019\\\/05\\\/30\\\/los-salarios-perdieron-16-frente-la-inflacion-primer-trimestre-del-ano\\\/#breadcrumb\"},\"inLanguage\":\"es\",\"potentialAction\":[{\"@type\":\"ReadAction\",\"target\":[\"https:\\\/\\\/diariotextual.com\\\/inicio\\\/index.php\\\/2019\\\/05\\\/30\\\/los-salarios-perdieron-16-frente-la-inflacion-primer-trimestre-del-ano\\\/\"]}]},{\"@type\":\"ImageObject\",\"inLanguage\":\"es\",\"@id\":\"https:\\\/\\\/diariotextual.com\\\/inicio\\\/index.php\\\/2019\\\/05\\\/30\\\/los-salarios-perdieron-16-frente-la-inflacion-primer-trimestre-del-ano\\\/#primaryimage\",\"url\":\"https:\\\/\\\/diariotextual.com\\\/inicio\\\/wp-content\\\/uploads\\\/2018\\\/08\\\/cajerobilletes.jpg\",\"contentUrl\":\"https:\\\/\\\/diariotextual.com\\\/inicio\\\/wp-content\\\/uploads\\\/2018\\\/08\\\/cajerobilletes.jpg\",\"width\":900,\"height\":563},{\"@type\":\"BreadcrumbList\",\"@id\":\"https:\\\/\\\/diariotextual.com\\\/inicio\\\/index.php\\\/2019\\\/05\\\/30\\\/los-salarios-perdieron-16-frente-la-inflacion-primer-trimestre-del-ano\\\/#breadcrumb\",\"itemListElement\":[{\"@type\":\"ListItem\",\"position\":1,\"name\":\"Portada\",\"item\":\"https:\\\/\\\/diariotextual.com\\\/inicio\\\/\"},{\"@type\":\"ListItem\",\"position\":2,\"name\":\"Los salarios perdieron 1,6% frente a la inflaci\u00f3n en el primer trimestre del a\u00f1o\"}]},{\"@type\":\"WebSite\",\"@id\":\"https:\\\/\\\/diariotextual.com\\\/inicio\\\/#website\",\"url\":\"https:\\\/\\\/diariotextual.com\\\/inicio\\\/\",\"name\":\"Diario Textual\",\"description\":\"\",\"publisher\":{\"@id\":\"https:\\\/\\\/diariotextual.com\\\/inicio\\\/#organization\"},\"potentialAction\":[{\"@type\":\"SearchAction\",\"target\":{\"@type\":\"EntryPoint\",\"urlTemplate\":\"https:\\\/\\\/diariotextual.com\\\/inicio\\\/?s={search_term_string}\"},\"query-input\":{\"@type\":\"PropertyValueSpecification\",\"valueRequired\":true,\"valueName\":\"search_term_string\"}}],\"inLanguage\":\"es\"},{\"@type\":\"Organization\",\"@id\":\"https:\\\/\\\/diariotextual.com\\\/inicio\\\/#organization\",\"name\":\"Diario Textual\",\"url\":\"https:\\\/\\\/diariotextual.com\\\/inicio\\\/\",\"logo\":{\"@type\":\"ImageObject\",\"inLanguage\":\"es\",\"@id\":\"https:\\\/\\\/diariotextual.com\\\/inicio\\\/#\\\/schema\\\/logo\\\/image\\\/\",\"url\":\"https:\\\/\\\/diariotextual.com\\\/inicio\\\/wp-content\\\/uploads\\\/2023\\\/05\\\/logotextual1.jpg\",\"contentUrl\":\"https:\\\/\\\/diariotextual.com\\\/inicio\\\/wp-content\\\/uploads\\\/2023\\\/05\\\/logotextual1.jpg\",\"width\":516,\"height\":76,\"caption\":\"Diario Textual\"},\"image\":{\"@id\":\"https:\\\/\\\/diariotextual.com\\\/inicio\\\/#\\\/schema\\\/logo\\\/image\\\/\"},\"sameAs\":[\"https:\\\/\\\/www.facebook.com\\\/eltextual\",\"https:\\\/\\\/x.com\\\/eltextual\",\"http:\\\/\\\/www.instagram.com\\\/eltextual\"]},{\"@type\":\"Person\",\"@id\":\"https:\\\/\\\/diariotextual.com\\\/inicio\\\/#\\\/schema\\\/person\\\/a1b6f563e0ee944c60f98119389a4d9f\",\"name\":\"diario3\",\"image\":{\"@type\":\"ImageObject\",\"inLanguage\":\"es\",\"@id\":\"https:\\\/\\\/secure.gravatar.com\\\/avatar\\\/5e7ee62c82fc04d9dd79d746a390d93c69c43223e5faeeb3ea9461ef752bfc5d?s=96&d=mm&r=g\",\"url\":\"https:\\\/\\\/secure.gravatar.com\\\/avatar\\\/5e7ee62c82fc04d9dd79d746a390d93c69c43223e5faeeb3ea9461ef752bfc5d?s=96&d=mm&r=g\",\"contentUrl\":\"https:\\\/\\\/secure.gravatar.com\\\/avatar\\\/5e7ee62c82fc04d9dd79d746a390d93c69c43223e5faeeb3ea9461ef752bfc5d?s=96&d=mm&r=g\",\"caption\":\"diario3\"},\"url\":\"https:\\\/\\\/diariotextual.com\\\/inicio\\\/index.php\\\/author\\\/diario3\\\/\"}]}<\/script>\n<!-- \/ Yoast SEO plugin. -->","yoast_head_json":{"title":"Los salarios perdieron 1,6% frente a la inflaci\u00f3n en el primer trimestre del a\u00f1o - Diario Textual","robots":{"index":"index","follow":"follow","max-snippet":"max-snippet:-1","max-image-preview":"max-image-preview:large","max-video-preview":"max-video-preview:-1"},"canonical":"https:\/\/diariotextual.com\/inicio\/index.php\/2019\/05\/30\/los-salarios-perdieron-16-frente-la-inflacion-primer-trimestre-del-ano\/","og_locale":"es_ES","og_type":"article","og_title":"Los salarios perdieron 1,6% frente a la inflaci\u00f3n en el primer trimestre del a\u00f1o - Diario Textual","og_description":"Seg\u00fan inform\u00f3 este jueves el Instituto Nacional de Estad\u00edstica y Censos (Indec), los salarios perdieron 1,6% frente a la inflaci\u00f3n en el primer trimestre de 2019, luego de conocerse que&hellip;","og_url":"https:\/\/diariotextual.com\/inicio\/index.php\/2019\/05\/30\/los-salarios-perdieron-16-frente-la-inflacion-primer-trimestre-del-ano\/","og_site_name":"Diario Textual","article_publisher":"https:\/\/www.facebook.com\/eltextual","article_published_time":"2019-05-30T22:13:01+00:00","article_modified_time":"2019-05-31T13:29:50+00:00","og_image":[{"width":900,"height":563,"url":"https:\/\/diariotextual.com\/inicio\/wp-content\/uploads\/2018\/08\/cajerobilletes.jpg","type":"image\/jpeg"}],"author":"diario3","twitter_card":"summary_large_image","twitter_creator":"@eltextual","twitter_site":"@eltextual","twitter_misc":{"Escrito por":"diario3","Tiempo de lectura":"2 minutos"},"schema":{"@context":"https:\/\/schema.org","@graph":[{"@type":"Article","@id":"https:\/\/diariotextual.com\/inicio\/index.php\/2019\/05\/30\/los-salarios-perdieron-16-frente-la-inflacion-primer-trimestre-del-ano\/#article","isPartOf":{"@id":"https:\/\/diariotextual.com\/inicio\/index.php\/2019\/05\/30\/los-salarios-perdieron-16-frente-la-inflacion-primer-trimestre-del-ano\/"},"author":{"name":"diario3","@id":"https:\/\/diariotextual.com\/inicio\/#\/schema\/person\/a1b6f563e0ee944c60f98119389a4d9f"},"headline":"Los salarios perdieron 1,6% frente a la inflaci\u00f3n en el primer trimestre del a\u00f1o","datePublished":"2019-05-30T22:13:01+00:00","dateModified":"2019-05-31T13:29:50+00:00","mainEntityOfPage":{"@id":"https:\/\/diariotextual.com\/inicio\/index.php\/2019\/05\/30\/los-salarios-perdieron-16-frente-la-inflacion-primer-trimestre-del-ano\/"},"wordCount":417,"publisher":{"@id":"https:\/\/diariotextual.com\/inicio\/#organization"},"image":{"@id":"https:\/\/diariotextual.com\/inicio\/index.php\/2019\/05\/30\/los-salarios-perdieron-16-frente-la-inflacion-primer-trimestre-del-ano\/#primaryimage"},"thumbnailUrl":"https:\/\/diariotextual.com\/inicio\/wp-content\/uploads\/2018\/08\/cajerobilletes.jpg","articleSection":["A - QUE PASA (al costado)","ECONOMIA"],"inLanguage":"es"},{"@type":"WebPage","@id":"https:\/\/diariotextual.com\/inicio\/index.php\/2019\/05\/30\/los-salarios-perdieron-16-frente-la-inflacion-primer-trimestre-del-ano\/","url":"https:\/\/diariotextual.com\/inicio\/index.php\/2019\/05\/30\/los-salarios-perdieron-16-frente-la-inflacion-primer-trimestre-del-ano\/","name":"Los salarios perdieron 1,6% frente a la inflaci\u00f3n en el primer trimestre del a\u00f1o - Diario Textual","isPartOf":{"@id":"https:\/\/diariotextual.com\/inicio\/#website"},"primaryImageOfPage":{"@id":"https:\/\/diariotextual.com\/inicio\/index.php\/2019\/05\/30\/los-salarios-perdieron-16-frente-la-inflacion-primer-trimestre-del-ano\/#primaryimage"},"image":{"@id":"https:\/\/diariotextual.com\/inicio\/index.php\/2019\/05\/30\/los-salarios-perdieron-16-frente-la-inflacion-primer-trimestre-del-ano\/#primaryimage"},"thumbnailUrl":"https:\/\/diariotextual.com\/inicio\/wp-content\/uploads\/2018\/08\/cajerobilletes.jpg","datePublished":"2019-05-30T22:13:01+00:00","dateModified":"2019-05-31T13:29:50+00:00","breadcrumb":{"@id":"https:\/\/diariotextual.com\/inicio\/index.php\/2019\/05\/30\/los-salarios-perdieron-16-frente-la-inflacion-primer-trimestre-del-ano\/#breadcrumb"},"inLanguage":"es","potentialAction":[{"@type":"ReadAction","target":["https:\/\/diariotextual.com\/inicio\/index.php\/2019\/05\/30\/los-salarios-perdieron-16-frente-la-inflacion-primer-trimestre-del-ano\/"]}]},{"@type":"ImageObject","inLanguage":"es","@id":"https:\/\/diariotextual.com\/inicio\/index.php\/2019\/05\/30\/los-salarios-perdieron-16-frente-la-inflacion-primer-trimestre-del-ano\/#primaryimage","url":"https:\/\/diariotextual.com\/inicio\/wp-content\/uploads\/2018\/08\/cajerobilletes.jpg","contentUrl":"https:\/\/diariotextual.com\/inicio\/wp-content\/uploads\/2018\/08\/cajerobilletes.jpg","width":900,"height":563},{"@type":"BreadcrumbList","@id":"https:\/\/diariotextual.com\/inicio\/index.php\/2019\/05\/30\/los-salarios-perdieron-16-frente-la-inflacion-primer-trimestre-del-ano\/#breadcrumb","itemListElement":[{"@type":"ListItem","position":1,"name":"Portada","item":"https:\/\/diariotextual.com\/inicio\/"},{"@type":"ListItem","position":2,"name":"Los salarios perdieron 1,6% frente a la inflaci\u00f3n en el primer trimestre del a\u00f1o"}]},{"@type":"WebSite","@id":"https:\/\/diariotextual.com\/inicio\/#website","url":"https:\/\/diariotextual.com\/inicio\/","name":"Diario Textual","description":"","publisher":{"@id":"https:\/\/diariotextual.com\/inicio\/#organization"},"potentialAction":[{"@type":"SearchAction","target":{"@type":"EntryPoint","urlTemplate":"https:\/\/diariotextual.com\/inicio\/?s={search_term_string}"},"query-input":{"@type":"PropertyValueSpecification","valueRequired":true,"valueName":"search_term_string"}}],"inLanguage":"es"},{"@type":"Organization","@id":"https:\/\/diariotextual.com\/inicio\/#organization","name":"Diario Textual","url":"https:\/\/diariotextual.com\/inicio\/","logo":{"@type":"ImageObject","inLanguage":"es","@id":"https:\/\/diariotextual.com\/inicio\/#\/schema\/logo\/image\/","url":"https:\/\/diariotextual.com\/inicio\/wp-content\/uploads\/2023\/05\/logotextual1.jpg","contentUrl":"https:\/\/diariotextual.com\/inicio\/wp-content\/uploads\/2023\/05\/logotextual1.jpg","width":516,"height":76,"caption":"Diario Textual"},"image":{"@id":"https:\/\/diariotextual.com\/inicio\/#\/schema\/logo\/image\/"},"sameAs":["https:\/\/www.facebook.com\/eltextual","https:\/\/x.com\/eltextual","http:\/\/www.instagram.com\/eltextual"]},{"@type":"Person","@id":"https:\/\/diariotextual.com\/inicio\/#\/schema\/person\/a1b6f563e0ee944c60f98119389a4d9f","name":"diario3","image":{"@type":"ImageObject","inLanguage":"es","@id":"https:\/\/secure.gravatar.com\/avatar\/5e7ee62c82fc04d9dd79d746a390d93c69c43223e5faeeb3ea9461ef752bfc5d?s=96&d=mm&r=g","url":"https:\/\/secure.gravatar.com\/avatar\/5e7ee62c82fc04d9dd79d746a390d93c69c43223e5faeeb3ea9461ef752bfc5d?s=96&d=mm&r=g","contentUrl":"https:\/\/secure.gravatar.com\/avatar\/5e7ee62c82fc04d9dd79d746a390d93c69c43223e5faeeb3ea9461ef752bfc5d?s=96&d=mm&r=g","caption":"diario3"},"url":"https:\/\/diariotextual.com\/inicio\/index.php\/author\/diario3\/"}]}},"_links":{"self":[{"href":"https:\/\/diariotextual.com\/inicio\/index.php\/wp-json\/wp\/v2\/posts\/50464","targetHints":{"allow":["GET"]}}],"collection":[{"href":"https:\/\/diariotextual.com\/inicio\/index.php\/wp-json\/wp\/v2\/posts"}],"about":[{"href":"https:\/\/diariotextual.com\/inicio\/index.php\/wp-json\/wp\/v2\/types\/post"}],"author":[{"embeddable":true,"href":"https:\/\/diariotextual.com\/inicio\/index.php\/wp-json\/wp\/v2\/users\/5"}],"replies":[{"embeddable":true,"href":"https:\/\/diariotextual.com\/inicio\/index.php\/wp-json\/wp\/v2\/comments?post=50464"}],"version-history":[{"count":1,"href":"https:\/\/diariotextual.com\/inicio\/index.php\/wp-json\/wp\/v2\/posts\/50464\/revisions"}],"predecessor-version":[{"id":50465,"href":"https:\/\/diariotextual.com\/inicio\/index.php\/wp-json\/wp\/v2\/posts\/50464\/revisions\/50465"}],"wp:featuredmedia":[{"embeddable":true,"href":"https:\/\/diariotextual.com\/inicio\/index.php\/wp-json\/wp\/v2\/media\/17099"}],"wp:attachment":[{"href":"https:\/\/diariotextual.com\/inicio\/index.php\/wp-json\/wp\/v2\/media?parent=50464"}],"wp:term":[{"taxonomy":"category","embeddable":true,"href":"https:\/\/diariotextual.com\/inicio\/index.php\/wp-json\/wp\/v2\/categories?post=50464"},{"taxonomy":"post_tag","embeddable":true,"href":"https:\/\/diariotextual.com\/inicio\/index.php\/wp-json\/wp\/v2\/tags?post=50464"}],"curies":[{"name":"wp","href":"https:\/\/api.w.org\/{rel}","templated":true}]}}