{"id":50564,"date":"2019-05-31T14:21:56","date_gmt":"2019-05-31T17:21:56","guid":{"rendered":"http:\/\/diariotextual.com\/inicio\/?p=50564"},"modified":"2019-06-01T10:54:48","modified_gmt":"2019-06-01T13:54:48","slug":"gobierno-anuncio-una-fuerte-baja-las-tasas-del-ahora-12","status":"publish","type":"post","link":"https:\/\/diariotextual.com\/inicio\/index.php\/2019\/05\/31\/gobierno-anuncio-una-fuerte-baja-las-tasas-del-ahora-12\/","title":{"rendered":"El Gobierno anunci\u00f3 una fuerte baja en las tasas del Ahora 12"},"content":{"rendered":"<p>El presidente<strong> Mauricio Macri<\/strong> anunci\u00f3 hoy una<strong> baja dr\u00e1stica en las tasas de inter\u00e9s del programa Ahora 12 y 18<\/strong> para los rubros m\u00e1s importantes de la econom\u00eda familiar, con el objetivo de que \u00absea m\u00e1s conveniente comprar en cuotas\u00bb con las tarjeta de cr\u00e9dito.<\/p>\n<p><iframe style=\"border: none; overflow: hidden;\" src=\"https:\/\/www.facebook.com\/plugins\/video.php?href=https%3A%2F%2Fwww.facebook.com%2Fmauriciomacri%2Fvideos%2F993582084183883%2F&amp;show_text=1&amp;width=380\" width=\"380\" height=\"801\" frameborder=\"0\" scrolling=\"no\" allowfullscreen=\"allowfullscreen\"><\/iframe><\/p>\n<p>\u00abEsto se va a aplicar a rubros importantes para la econom\u00eda familiar, como la ropa, los muebles, libros, juguetes, televisores, l\u00ednea blanca, bicis, motos, colchones, turismo y celulares, entre otros\u00bb, anunci\u00f3 Macri a trav\u00e9s de una publicaci\u00f3n en su cuenta de Facebook.<\/p>\n<p>M\u00e1s tarde, el Ministerio de Producci\u00f3n precis\u00f3 que el programa Ahora 12 baja la tasa al 20% TNA para financiar compras con tarjeta entre el 1\u00b0 de junio y el 31 de diciembre pr\u00f3ximo.\u00a0<strong>Se trata de una disminuci\u00f3n de 25 puntos porcentuales respecto de la tasa anterior que estaba en 45%.<\/strong><\/p>\n<p>Los rubros incluidos son<strong> indumentaria, muebles, libros, juguetes, televisores, l\u00ednea blanca, bicicletas, motos, anteojos, colchones, turismo y tel\u00e9fonos celulares<\/strong>.<\/p>\n<p>La cartera que dirige Dante Sica precis\u00f3 que, seg\u00fan la resoluci\u00f3n firmada hoy, la nueva tasa nominal anual para Ahora 3, Ahora 6, Ahora 12 y Ahora 18 para todas las tarjetas emitidas por los bancos ser\u00e1 del 20%.<\/p>\n<p>\u00abEl programa -dijo Macri- ofrece 3, 6, 12 y 18 cuotas con las tasas m\u00e1s bajas del mercado. Va ayudar a los comerciantes y permitir\u00e1 que muchas familias puedan comprar en cuotas las cosas importantes que les hagan falta\u00bb.<\/p>\n<p>El anuncio fue acompa\u00f1ado con un video que muestra una visita que Macri realiz\u00f3 esta ma\u00f1ana en la ciudad de Salta a la casa de una maestra jardinera y sus hijos. All\u00ed tambi\u00e9n inaugur\u00f3 junto al gobernador Juan Manuel Urtubey un tramo de 80 kil\u00f3metros de v\u00edas renovadas del ferrocarril Belgrano Cargas.<\/p>\n<p>&nbsp;<\/p>\n<p>&nbsp;<\/p>\n","protected":false},"excerpt":{"rendered":"<p>El presidente Mauricio Macri anunci\u00f3 hoy una baja dr\u00e1stica en las tasas de inter\u00e9s del programa Ahora 12 y 18 para los rubros m\u00e1s importantes de la econom\u00eda familiar, con&hellip;<\/p>\n","protected":false},"author":3,"featured_media":50567,"comment_status":"closed","ping_status":"open","sticky":false,"template":"","format":"standard","meta":{"_acf_changed":false,"footnotes":""},"categories":[319,5],"tags":[2000],"class_list":["post-50564","post","type-post","status-publish","format-standard","has-post-thumbnail","hentry","category-a-temporales","category-economia","tag-ahora"],"acf":[],"yoast_head":"<!-- This site is optimized with the Yoast SEO plugin v27.5 - https:\/\/yoast.com\/product\/yoast-seo-wordpress\/ -->\n<title>El Gobierno anunci\u00f3 una fuerte baja en las tasas del Ahora 12 - Diario Textual<\/title>\n<meta name=\"robots\" content=\"index, follow, max-snippet:-1, max-image-preview:large, max-video-preview:-1\" \/>\n<link rel=\"canonical\" href=\"https:\/\/diariotextual.com\/inicio\/index.php\/2019\/05\/31\/gobierno-anuncio-una-fuerte-baja-las-tasas-del-ahora-12\/\" \/>\n<meta property=\"og:locale\" content=\"es_ES\" \/>\n<meta property=\"og:type\" content=\"article\" \/>\n<meta property=\"og:title\" content=\"El Gobierno anunci\u00f3 una fuerte baja en las tasas del Ahora 12 - Diario Textual\" \/>\n<meta property=\"og:description\" content=\"El presidente Mauricio Macri anunci\u00f3 hoy una baja dr\u00e1stica en las tasas de inter\u00e9s del programa Ahora 12 y 18 para los rubros m\u00e1s importantes de la econom\u00eda familiar, con&hellip;\" \/>\n<meta property=\"og:url\" content=\"https:\/\/diariotextual.com\/inicio\/index.php\/2019\/05\/31\/gobierno-anuncio-una-fuerte-baja-las-tasas-del-ahora-12\/\" \/>\n<meta property=\"og:site_name\" content=\"Diario Textual\" \/>\n<meta property=\"article:publisher\" content=\"https:\/\/www.facebook.com\/eltextual\" \/>\n<meta property=\"article:published_time\" content=\"2019-05-31T17:21:56+00:00\" \/>\n<meta property=\"article:modified_time\" content=\"2019-06-01T13:54:48+00:00\" \/>\n<meta property=\"og:image\" content=\"https:\/\/diariotextual.com\/inicio\/wp-content\/uploads\/2019\/05\/ahora12-999.jpg\" \/>\n\t<meta property=\"og:image:width\" content=\"1170\" \/>\n\t<meta property=\"og:image:height\" content=\"704\" \/>\n\t<meta property=\"og:image:type\" content=\"image\/jpeg\" \/>\n<meta name=\"author\" content=\"Diario1 Diario1\" \/>\n<meta name=\"twitter:card\" content=\"summary_large_image\" \/>\n<meta name=\"twitter:creator\" content=\"@eltextual\" \/>\n<meta name=\"twitter:site\" content=\"@eltextual\" \/>\n<meta name=\"twitter:label1\" content=\"Escrito por\" \/>\n\t<meta name=\"twitter:data1\" content=\"Diario1 Diario1\" \/>\n\t<meta name=\"twitter:label2\" content=\"Tiempo de lectura\" \/>\n\t<meta name=\"twitter:data2\" content=\"1 minuto\" \/>\n<script type=\"application\/ld+json\" class=\"yoast-schema-graph\">{\"@context\":\"https:\\\/\\\/schema.org\",\"@graph\":[{\"@type\":\"Article\",\"@id\":\"https:\\\/\\\/diariotextual.com\\\/inicio\\\/index.php\\\/2019\\\/05\\\/31\\\/gobierno-anuncio-una-fuerte-baja-las-tasas-del-ahora-12\\\/#article\",\"isPartOf\":{\"@id\":\"https:\\\/\\\/diariotextual.com\\\/inicio\\\/index.php\\\/2019\\\/05\\\/31\\\/gobierno-anuncio-una-fuerte-baja-las-tasas-del-ahora-12\\\/\"},\"author\":{\"name\":\"Diario1 Diario1\",\"@id\":\"https:\\\/\\\/diariotextual.com\\\/inicio\\\/#\\\/schema\\\/person\\\/418fc4093c33e86ed41562db3508f958\"},\"headline\":\"El Gobierno anunci\u00f3 una fuerte baja en las tasas del Ahora 12\",\"datePublished\":\"2019-05-31T17:21:56+00:00\",\"dateModified\":\"2019-06-01T13:54:48+00:00\",\"mainEntityOfPage\":{\"@id\":\"https:\\\/\\\/diariotextual.com\\\/inicio\\\/index.php\\\/2019\\\/05\\\/31\\\/gobierno-anuncio-una-fuerte-baja-las-tasas-del-ahora-12\\\/\"},\"wordCount\":307,\"publisher\":{\"@id\":\"https:\\\/\\\/diariotextual.com\\\/inicio\\\/#organization\"},\"image\":{\"@id\":\"https:\\\/\\\/diariotextual.com\\\/inicio\\\/index.php\\\/2019\\\/05\\\/31\\\/gobierno-anuncio-una-fuerte-baja-las-tasas-del-ahora-12\\\/#primaryimage\"},\"thumbnailUrl\":\"https:\\\/\\\/diariotextual.com\\\/inicio\\\/wp-content\\\/uploads\\\/2019\\\/05\\\/ahora12-999.jpg\",\"keywords\":[\"ahora\"],\"articleSection\":[\"A - TEMPORALES\",\"ECONOMIA\"],\"inLanguage\":\"es\"},{\"@type\":\"WebPage\",\"@id\":\"https:\\\/\\\/diariotextual.com\\\/inicio\\\/index.php\\\/2019\\\/05\\\/31\\\/gobierno-anuncio-una-fuerte-baja-las-tasas-del-ahora-12\\\/\",\"url\":\"https:\\\/\\\/diariotextual.com\\\/inicio\\\/index.php\\\/2019\\\/05\\\/31\\\/gobierno-anuncio-una-fuerte-baja-las-tasas-del-ahora-12\\\/\",\"name\":\"El Gobierno anunci\u00f3 una fuerte baja en las tasas del Ahora 12 - Diario Textual\",\"isPartOf\":{\"@id\":\"https:\\\/\\\/diariotextual.com\\\/inicio\\\/#website\"},\"primaryImageOfPage\":{\"@id\":\"https:\\\/\\\/diariotextual.com\\\/inicio\\\/index.php\\\/2019\\\/05\\\/31\\\/gobierno-anuncio-una-fuerte-baja-las-tasas-del-ahora-12\\\/#primaryimage\"},\"image\":{\"@id\":\"https:\\\/\\\/diariotextual.com\\\/inicio\\\/index.php\\\/2019\\\/05\\\/31\\\/gobierno-anuncio-una-fuerte-baja-las-tasas-del-ahora-12\\\/#primaryimage\"},\"thumbnailUrl\":\"https:\\\/\\\/diariotextual.com\\\/inicio\\\/wp-content\\\/uploads\\\/2019\\\/05\\\/ahora12-999.jpg\",\"datePublished\":\"2019-05-31T17:21:56+00:00\",\"dateModified\":\"2019-06-01T13:54:48+00:00\",\"breadcrumb\":{\"@id\":\"https:\\\/\\\/diariotextual.com\\\/inicio\\\/index.php\\\/2019\\\/05\\\/31\\\/gobierno-anuncio-una-fuerte-baja-las-tasas-del-ahora-12\\\/#breadcrumb\"},\"inLanguage\":\"es\",\"potentialAction\":[{\"@type\":\"ReadAction\",\"target\":[\"https:\\\/\\\/diariotextual.com\\\/inicio\\\/index.php\\\/2019\\\/05\\\/31\\\/gobierno-anuncio-una-fuerte-baja-las-tasas-del-ahora-12\\\/\"]}]},{\"@type\":\"ImageObject\",\"inLanguage\":\"es\",\"@id\":\"https:\\\/\\\/diariotextual.com\\\/inicio\\\/index.php\\\/2019\\\/05\\\/31\\\/gobierno-anuncio-una-fuerte-baja-las-tasas-del-ahora-12\\\/#primaryimage\",\"url\":\"https:\\\/\\\/diariotextual.com\\\/inicio\\\/wp-content\\\/uploads\\\/2019\\\/05\\\/ahora12-999.jpg\",\"contentUrl\":\"https:\\\/\\\/diariotextual.com\\\/inicio\\\/wp-content\\\/uploads\\\/2019\\\/05\\\/ahora12-999.jpg\",\"width\":1170,\"height\":704},{\"@type\":\"BreadcrumbList\",\"@id\":\"https:\\\/\\\/diariotextual.com\\\/inicio\\\/index.php\\\/2019\\\/05\\\/31\\\/gobierno-anuncio-una-fuerte-baja-las-tasas-del-ahora-12\\\/#breadcrumb\",\"itemListElement\":[{\"@type\":\"ListItem\",\"position\":1,\"name\":\"Portada\",\"item\":\"https:\\\/\\\/diariotextual.com\\\/inicio\\\/\"},{\"@type\":\"ListItem\",\"position\":2,\"name\":\"El Gobierno anunci\u00f3 una fuerte baja en las tasas del Ahora 12\"}]},{\"@type\":\"WebSite\",\"@id\":\"https:\\\/\\\/diariotextual.com\\\/inicio\\\/#website\",\"url\":\"https:\\\/\\\/diariotextual.com\\\/inicio\\\/\",\"name\":\"Diario Textual\",\"description\":\"\",\"publisher\":{\"@id\":\"https:\\\/\\\/diariotextual.com\\\/inicio\\\/#organization\"},\"potentialAction\":[{\"@type\":\"SearchAction\",\"target\":{\"@type\":\"EntryPoint\",\"urlTemplate\":\"https:\\\/\\\/diariotextual.com\\\/inicio\\\/?s={search_term_string}\"},\"query-input\":{\"@type\":\"PropertyValueSpecification\",\"valueRequired\":true,\"valueName\":\"search_term_string\"}}],\"inLanguage\":\"es\"},{\"@type\":\"Organization\",\"@id\":\"https:\\\/\\\/diariotextual.com\\\/inicio\\\/#organization\",\"name\":\"Diario Textual\",\"url\":\"https:\\\/\\\/diariotextual.com\\\/inicio\\\/\",\"logo\":{\"@type\":\"ImageObject\",\"inLanguage\":\"es\",\"@id\":\"https:\\\/\\\/diariotextual.com\\\/inicio\\\/#\\\/schema\\\/logo\\\/image\\\/\",\"url\":\"https:\\\/\\\/diariotextual.com\\\/inicio\\\/wp-content\\\/uploads\\\/2023\\\/05\\\/logotextual1.jpg\",\"contentUrl\":\"https:\\\/\\\/diariotextual.com\\\/inicio\\\/wp-content\\\/uploads\\\/2023\\\/05\\\/logotextual1.jpg\",\"width\":516,\"height\":76,\"caption\":\"Diario Textual\"},\"image\":{\"@id\":\"https:\\\/\\\/diariotextual.com\\\/inicio\\\/#\\\/schema\\\/logo\\\/image\\\/\"},\"sameAs\":[\"https:\\\/\\\/www.facebook.com\\\/eltextual\",\"https:\\\/\\\/x.com\\\/eltextual\",\"http:\\\/\\\/www.instagram.com\\\/eltextual\"]},{\"@type\":\"Person\",\"@id\":\"https:\\\/\\\/diariotextual.com\\\/inicio\\\/#\\\/schema\\\/person\\\/418fc4093c33e86ed41562db3508f958\",\"name\":\"Diario1 Diario1\",\"image\":{\"@type\":\"ImageObject\",\"inLanguage\":\"es\",\"@id\":\"https:\\\/\\\/secure.gravatar.com\\\/avatar\\\/9167d280179c85bc18be67aa7eda765854300033af4896dd779b608640f2ef7a?s=96&d=mm&r=g\",\"url\":\"https:\\\/\\\/secure.gravatar.com\\\/avatar\\\/9167d280179c85bc18be67aa7eda765854300033af4896dd779b608640f2ef7a?s=96&d=mm&r=g\",\"contentUrl\":\"https:\\\/\\\/secure.gravatar.com\\\/avatar\\\/9167d280179c85bc18be67aa7eda765854300033af4896dd779b608640f2ef7a?s=96&d=mm&r=g\",\"caption\":\"Diario1 Diario1\"},\"url\":\"https:\\\/\\\/diariotextual.com\\\/inicio\\\/index.php\\\/author\\\/diario1\\\/\"}]}<\/script>\n<!-- \/ Yoast SEO plugin. -->","yoast_head_json":{"title":"El Gobierno anunci\u00f3 una fuerte baja en las tasas del Ahora 12 - Diario Textual","robots":{"index":"index","follow":"follow","max-snippet":"max-snippet:-1","max-image-preview":"max-image-preview:large","max-video-preview":"max-video-preview:-1"},"canonical":"https:\/\/diariotextual.com\/inicio\/index.php\/2019\/05\/31\/gobierno-anuncio-una-fuerte-baja-las-tasas-del-ahora-12\/","og_locale":"es_ES","og_type":"article","og_title":"El Gobierno anunci\u00f3 una fuerte baja en las tasas del Ahora 12 - Diario Textual","og_description":"El presidente Mauricio Macri anunci\u00f3 hoy una baja dr\u00e1stica en las tasas de inter\u00e9s del programa Ahora 12 y 18 para los rubros m\u00e1s importantes de la econom\u00eda familiar, con&hellip;","og_url":"https:\/\/diariotextual.com\/inicio\/index.php\/2019\/05\/31\/gobierno-anuncio-una-fuerte-baja-las-tasas-del-ahora-12\/","og_site_name":"Diario Textual","article_publisher":"https:\/\/www.facebook.com\/eltextual","article_published_time":"2019-05-31T17:21:56+00:00","article_modified_time":"2019-06-01T13:54:48+00:00","og_image":[{"width":1170,"height":704,"url":"https:\/\/diariotextual.com\/inicio\/wp-content\/uploads\/2019\/05\/ahora12-999.jpg","type":"image\/jpeg"}],"author":"Diario1 Diario1","twitter_card":"summary_large_image","twitter_creator":"@eltextual","twitter_site":"@eltextual","twitter_misc":{"Escrito por":"Diario1 Diario1","Tiempo de lectura":"1 minuto"},"schema":{"@context":"https:\/\/schema.org","@graph":[{"@type":"Article","@id":"https:\/\/diariotextual.com\/inicio\/index.php\/2019\/05\/31\/gobierno-anuncio-una-fuerte-baja-las-tasas-del-ahora-12\/#article","isPartOf":{"@id":"https:\/\/diariotextual.com\/inicio\/index.php\/2019\/05\/31\/gobierno-anuncio-una-fuerte-baja-las-tasas-del-ahora-12\/"},"author":{"name":"Diario1 Diario1","@id":"https:\/\/diariotextual.com\/inicio\/#\/schema\/person\/418fc4093c33e86ed41562db3508f958"},"headline":"El Gobierno anunci\u00f3 una fuerte baja en las tasas del Ahora 12","datePublished":"2019-05-31T17:21:56+00:00","dateModified":"2019-06-01T13:54:48+00:00","mainEntityOfPage":{"@id":"https:\/\/diariotextual.com\/inicio\/index.php\/2019\/05\/31\/gobierno-anuncio-una-fuerte-baja-las-tasas-del-ahora-12\/"},"wordCount":307,"publisher":{"@id":"https:\/\/diariotextual.com\/inicio\/#organization"},"image":{"@id":"https:\/\/diariotextual.com\/inicio\/index.php\/2019\/05\/31\/gobierno-anuncio-una-fuerte-baja-las-tasas-del-ahora-12\/#primaryimage"},"thumbnailUrl":"https:\/\/diariotextual.com\/inicio\/wp-content\/uploads\/2019\/05\/ahora12-999.jpg","keywords":["ahora"],"articleSection":["A - TEMPORALES","ECONOMIA"],"inLanguage":"es"},{"@type":"WebPage","@id":"https:\/\/diariotextual.com\/inicio\/index.php\/2019\/05\/31\/gobierno-anuncio-una-fuerte-baja-las-tasas-del-ahora-12\/","url":"https:\/\/diariotextual.com\/inicio\/index.php\/2019\/05\/31\/gobierno-anuncio-una-fuerte-baja-las-tasas-del-ahora-12\/","name":"El Gobierno anunci\u00f3 una fuerte baja en las tasas del Ahora 12 - Diario Textual","isPartOf":{"@id":"https:\/\/diariotextual.com\/inicio\/#website"},"primaryImageOfPage":{"@id":"https:\/\/diariotextual.com\/inicio\/index.php\/2019\/05\/31\/gobierno-anuncio-una-fuerte-baja-las-tasas-del-ahora-12\/#primaryimage"},"image":{"@id":"https:\/\/diariotextual.com\/inicio\/index.php\/2019\/05\/31\/gobierno-anuncio-una-fuerte-baja-las-tasas-del-ahora-12\/#primaryimage"},"thumbnailUrl":"https:\/\/diariotextual.com\/inicio\/wp-content\/uploads\/2019\/05\/ahora12-999.jpg","datePublished":"2019-05-31T17:21:56+00:00","dateModified":"2019-06-01T13:54:48+00:00","breadcrumb":{"@id":"https:\/\/diariotextual.com\/inicio\/index.php\/2019\/05\/31\/gobierno-anuncio-una-fuerte-baja-las-tasas-del-ahora-12\/#breadcrumb"},"inLanguage":"es","potentialAction":[{"@type":"ReadAction","target":["https:\/\/diariotextual.com\/inicio\/index.php\/2019\/05\/31\/gobierno-anuncio-una-fuerte-baja-las-tasas-del-ahora-12\/"]}]},{"@type":"ImageObject","inLanguage":"es","@id":"https:\/\/diariotextual.com\/inicio\/index.php\/2019\/05\/31\/gobierno-anuncio-una-fuerte-baja-las-tasas-del-ahora-12\/#primaryimage","url":"https:\/\/diariotextual.com\/inicio\/wp-content\/uploads\/2019\/05\/ahora12-999.jpg","contentUrl":"https:\/\/diariotextual.com\/inicio\/wp-content\/uploads\/2019\/05\/ahora12-999.jpg","width":1170,"height":704},{"@type":"BreadcrumbList","@id":"https:\/\/diariotextual.com\/inicio\/index.php\/2019\/05\/31\/gobierno-anuncio-una-fuerte-baja-las-tasas-del-ahora-12\/#breadcrumb","itemListElement":[{"@type":"ListItem","position":1,"name":"Portada","item":"https:\/\/diariotextual.com\/inicio\/"},{"@type":"ListItem","position":2,"name":"El Gobierno anunci\u00f3 una fuerte baja en las tasas del Ahora 12"}]},{"@type":"WebSite","@id":"https:\/\/diariotextual.com\/inicio\/#website","url":"https:\/\/diariotextual.com\/inicio\/","name":"Diario Textual","description":"","publisher":{"@id":"https:\/\/diariotextual.com\/inicio\/#organization"},"potentialAction":[{"@type":"SearchAction","target":{"@type":"EntryPoint","urlTemplate":"https:\/\/diariotextual.com\/inicio\/?s={search_term_string}"},"query-input":{"@type":"PropertyValueSpecification","valueRequired":true,"valueName":"search_term_string"}}],"inLanguage":"es"},{"@type":"Organization","@id":"https:\/\/diariotextual.com\/inicio\/#organization","name":"Diario Textual","url":"https:\/\/diariotextual.com\/inicio\/","logo":{"@type":"ImageObject","inLanguage":"es","@id":"https:\/\/diariotextual.com\/inicio\/#\/schema\/logo\/image\/","url":"https:\/\/diariotextual.com\/inicio\/wp-content\/uploads\/2023\/05\/logotextual1.jpg","contentUrl":"https:\/\/diariotextual.com\/inicio\/wp-content\/uploads\/2023\/05\/logotextual1.jpg","width":516,"height":76,"caption":"Diario Textual"},"image":{"@id":"https:\/\/diariotextual.com\/inicio\/#\/schema\/logo\/image\/"},"sameAs":["https:\/\/www.facebook.com\/eltextual","https:\/\/x.com\/eltextual","http:\/\/www.instagram.com\/eltextual"]},{"@type":"Person","@id":"https:\/\/diariotextual.com\/inicio\/#\/schema\/person\/418fc4093c33e86ed41562db3508f958","name":"Diario1 Diario1","image":{"@type":"ImageObject","inLanguage":"es","@id":"https:\/\/secure.gravatar.com\/avatar\/9167d280179c85bc18be67aa7eda765854300033af4896dd779b608640f2ef7a?s=96&d=mm&r=g","url":"https:\/\/secure.gravatar.com\/avatar\/9167d280179c85bc18be67aa7eda765854300033af4896dd779b608640f2ef7a?s=96&d=mm&r=g","contentUrl":"https:\/\/secure.gravatar.com\/avatar\/9167d280179c85bc18be67aa7eda765854300033af4896dd779b608640f2ef7a?s=96&d=mm&r=g","caption":"Diario1 Diario1"},"url":"https:\/\/diariotextual.com\/inicio\/index.php\/author\/diario1\/"}]}},"_links":{"self":[{"href":"https:\/\/diariotextual.com\/inicio\/index.php\/wp-json\/wp\/v2\/posts\/50564","targetHints":{"allow":["GET"]}}],"collection":[{"href":"https:\/\/diariotextual.com\/inicio\/index.php\/wp-json\/wp\/v2\/posts"}],"about":[{"href":"https:\/\/diariotextual.com\/inicio\/index.php\/wp-json\/wp\/v2\/types\/post"}],"author":[{"embeddable":true,"href":"https:\/\/diariotextual.com\/inicio\/index.php\/wp-json\/wp\/v2\/users\/3"}],"replies":[{"embeddable":true,"href":"https:\/\/diariotextual.com\/inicio\/index.php\/wp-json\/wp\/v2\/comments?post=50564"}],"version-history":[{"count":3,"href":"https:\/\/diariotextual.com\/inicio\/index.php\/wp-json\/wp\/v2\/posts\/50564\/revisions"}],"predecessor-version":[{"id":50570,"href":"https:\/\/diariotextual.com\/inicio\/index.php\/wp-json\/wp\/v2\/posts\/50564\/revisions\/50570"}],"wp:featuredmedia":[{"embeddable":true,"href":"https:\/\/diariotextual.com\/inicio\/index.php\/wp-json\/wp\/v2\/media\/50567"}],"wp:attachment":[{"href":"https:\/\/diariotextual.com\/inicio\/index.php\/wp-json\/wp\/v2\/media?parent=50564"}],"wp:term":[{"taxonomy":"category","embeddable":true,"href":"https:\/\/diariotextual.com\/inicio\/index.php\/wp-json\/wp\/v2\/categories?post=50564"},{"taxonomy":"post_tag","embeddable":true,"href":"https:\/\/diariotextual.com\/inicio\/index.php\/wp-json\/wp\/v2\/tags?post=50564"}],"curies":[{"name":"wp","href":"https:\/\/api.w.org\/{rel}","templated":true}]}}