{"id":50579,"date":"2019-05-31T17:56:52","date_gmt":"2019-05-31T20:56:52","guid":{"rendered":"http:\/\/diariotextual.com\/inicio\/?p=50579"},"modified":"2019-06-01T08:58:40","modified_gmt":"2019-06-01T11:58:40","slug":"empleo-peor-momento-se-perdieron-268-000-puestos","status":"publish","type":"post","link":"https:\/\/diariotextual.com\/inicio\/index.php\/2019\/05\/31\/empleo-peor-momento-se-perdieron-268-000-puestos\/","title":{"rendered":"El empleo en su peor momento: se perdieron 268.000 puestos"},"content":{"rendered":"<p>El Ministerio de Producci\u00f3n de Naci\u00f3n y el INDEC publicaron datos complicados sobre la coyuntura laboral: <strong>incluso con los salarios cayendo en forma pronunciada, el trabajo registrado del \u00e1mbito privado mostr\u00f3 un marcado deterioro<\/strong> y se contrajo 2,5% interanual. En la <strong>comparaci\u00f3n con marzo del 2018 se perdieron 268.300 puestos registrados<\/strong>.<\/p>\n<p><!--more--><\/p>\n<p>Esto demuestra que no s\u00f3lo la baja se pronunci\u00f3 respecto a los meses anteriores sino que es la mayor de los \u00faltimos a\u00f1os, al superar las marcas de las recesiones de 2016 y 2014.<\/p>\n<p>Estos <strong>n\u00fameros ponen en contradicci\u00f3n a la idea ortodoxa de que abaratar el empleo, es decir bajar el salario en t\u00e9rminos reales, redunda en un crecimiento de los puestos<\/strong>, public\u00f3 el diario Bae.<\/p>\n<p><strong>S\u00f3lo en marzo, se perdieron 40.600 puestos de trabajo registrados contra febrero.<\/strong> Libre de factores de estacionalidad, la din\u00e1mica implic\u00f3 una ca\u00edda del 0,3% mensual. Un mal mes en un p\u00e9simo a\u00f1o: en la comparaci\u00f3n con marzo del 2018 se perdieron 268.300 puestos registrados, lo que implic\u00f3 una ca\u00edda de 2,2%. Para colmo, <strong>el sector con peor desempe\u00f1o fue el privado, donde se perdieron 161.000 puestos, es decir una contracci\u00f3n de 2,5%.<\/strong><\/p>\n<p>Los <strong>n\u00fameros muestran el resultado de la megadevaluaci\u00f3n que arranc\u00f3 en abril del a\u00f1o pasado. La contracci\u00f3n del salario real y el desplome del consumo hizo que la actividad econ\u00f3mica cayera 2,5% durante el 2018.<\/strong> Pero el ajuste en el salario real, con una p\u00e9rdida de 11,3% real en marzo (ver aparte), no sirvi\u00f3 para que el empleo detuviera o revirtiera la tendencia a la ca\u00edda. As\u00ed, ajust\u00f3 por precio, es decir por salario, y tambi\u00e9n por cantidad.<\/p>\n<p>&nbsp;<\/p>\n<p><strong>Estudio<\/strong><\/p>\n<p>Un informe reciente publicado por el equipo t\u00e9cnico de la diputada Fernanda Vallejos destac\u00f3: \u201cLa ca\u00edda generalizada del salario real estuvo lejos de incentivar a una mayor contrataci\u00f3n de trabajadores por parte de las empresas, como predecir\u00eda un manual de econom\u00eda ortodoxa, en donde a menor costo laboral, las cantidades de empleo se incrementar\u00edan\u201d.<\/p>\n<p>\u201cNo obstante, las pol\u00edticas econ\u00f3micas implementadas y sus resultados refutaron dicha hip\u00f3tesis. Lo cierto es que la creaci\u00f3n de puestos de trabajo tiene que ver con el dinamismo de la actividad econ\u00f3mica en su conjunto\u201d, remarc\u00f3 el trabajo.<\/p>\n<p>As\u00ed, los apretones monetario y fiscal vienen logrando el ajuste sobre la actividad econ\u00f3mica pero no frenar la aceleraci\u00f3n inflacionaria. Como resultado, se resienten el salario y el nivel de empleo al mismo tiempo.<\/p>\n<p><strong>La din\u00e1mica de las dos variables es parecida a la que se dio entre 1995 y 2002, cuando el salario real mostr\u00f3 una ca\u00edda importante, a la par de un crecimiento del desempleo, que termin\u00f3 en 21,5%<\/strong>. Para el economista Fabi\u00e1n Amico, \u00abel aumento del desempleo resultante acomoda las expectativas de ingresos reales de trabajadores y empresarios\u00bb.<\/p>\n<p>Los datos dan cuenta de c\u00f3mo los sectores dependientes del mercado interno se destacaron en la destrucci\u00f3n relativa de puestos de trabajo:<strong> las actividades con ca\u00eddas superiores a la del total de la econom\u00eda fueron hoteles y restaurantes (ca\u00edda de 2,5%); transporte, almacenamiento y comunicaciones (3,3%); comercio y reparaciones (3,9%) e<\/strong> industria manufacturera (5,3%). Otro dato extraordinario fue la contracci\u00f3n de 11% en el empleo en Tierra del Fuego.<\/p>\n","protected":false},"excerpt":{"rendered":"<p>El Ministerio de Producci\u00f3n de Naci\u00f3n y el INDEC publicaron datos complicados sobre la coyuntura laboral: incluso con los salarios cayendo en forma pronunciada, el trabajo registrado del \u00e1mbito privado&hellip;<\/p>\n","protected":false},"author":5,"featured_media":50580,"comment_status":"closed","ping_status":"open","sticky":false,"template":"","format":"standard","meta":{"_acf_changed":false,"footnotes":""},"categories":[11,319,5],"tags":[],"class_list":["post-50579","post","type-post","status-publish","format-standard","has-post-thumbnail","hentry","category-que-pasa","category-a-temporales","category-economia"],"acf":[],"yoast_head":"<!-- This site is optimized with the Yoast SEO plugin v27.5 - https:\/\/yoast.com\/product\/yoast-seo-wordpress\/ -->\n<title>El empleo en su peor momento: se perdieron 268.000 puestos - Diario Textual<\/title>\n<meta name=\"robots\" content=\"index, follow, max-snippet:-1, max-image-preview:large, max-video-preview:-1\" \/>\n<link rel=\"canonical\" href=\"https:\/\/diariotextual.com\/inicio\/index.php\/2019\/05\/31\/empleo-peor-momento-se-perdieron-268-000-puestos\/\" \/>\n<meta property=\"og:locale\" content=\"es_ES\" \/>\n<meta property=\"og:type\" content=\"article\" \/>\n<meta property=\"og:title\" content=\"El empleo en su peor momento: se perdieron 268.000 puestos - Diario Textual\" \/>\n<meta property=\"og:description\" content=\"El Ministerio de Producci\u00f3n de Naci\u00f3n y el INDEC publicaron datos complicados sobre la coyuntura laboral: incluso con los salarios cayendo en forma pronunciada, el trabajo registrado del \u00e1mbito privado&hellip;\" \/>\n<meta property=\"og:url\" content=\"https:\/\/diariotextual.com\/inicio\/index.php\/2019\/05\/31\/empleo-peor-momento-se-perdieron-268-000-puestos\/\" \/>\n<meta property=\"og:site_name\" content=\"Diario Textual\" \/>\n<meta property=\"article:publisher\" content=\"https:\/\/www.facebook.com\/eltextual\" \/>\n<meta property=\"article:published_time\" content=\"2019-05-31T20:56:52+00:00\" \/>\n<meta property=\"article:modified_time\" content=\"2019-06-01T11:58:40+00:00\" \/>\n<meta property=\"og:image\" content=\"https:\/\/diariotextual.com\/inicio\/wp-content\/uploads\/2019\/05\/desocupadosfila.jpg\" \/>\n\t<meta property=\"og:image:width\" content=\"700\" \/>\n\t<meta property=\"og:image:height\" content=\"420\" \/>\n\t<meta property=\"og:image:type\" content=\"image\/jpeg\" \/>\n<meta name=\"author\" content=\"diario3\" \/>\n<meta name=\"twitter:card\" content=\"summary_large_image\" \/>\n<meta name=\"twitter:creator\" content=\"@eltextual\" \/>\n<meta name=\"twitter:site\" content=\"@eltextual\" \/>\n<meta name=\"twitter:label1\" content=\"Escrito por\" \/>\n\t<meta name=\"twitter:data1\" content=\"diario3\" \/>\n\t<meta name=\"twitter:label2\" content=\"Tiempo de lectura\" \/>\n\t<meta name=\"twitter:data2\" content=\"3 minutos\" \/>\n<script type=\"application\/ld+json\" class=\"yoast-schema-graph\">{\"@context\":\"https:\\\/\\\/schema.org\",\"@graph\":[{\"@type\":\"Article\",\"@id\":\"https:\\\/\\\/diariotextual.com\\\/inicio\\\/index.php\\\/2019\\\/05\\\/31\\\/empleo-peor-momento-se-perdieron-268-000-puestos\\\/#article\",\"isPartOf\":{\"@id\":\"https:\\\/\\\/diariotextual.com\\\/inicio\\\/index.php\\\/2019\\\/05\\\/31\\\/empleo-peor-momento-se-perdieron-268-000-puestos\\\/\"},\"author\":{\"name\":\"diario3\",\"@id\":\"https:\\\/\\\/diariotextual.com\\\/inicio\\\/#\\\/schema\\\/person\\\/a1b6f563e0ee944c60f98119389a4d9f\"},\"headline\":\"El empleo en su peor momento: se perdieron 268.000 puestos\",\"datePublished\":\"2019-05-31T20:56:52+00:00\",\"dateModified\":\"2019-06-01T11:58:40+00:00\",\"mainEntityOfPage\":{\"@id\":\"https:\\\/\\\/diariotextual.com\\\/inicio\\\/index.php\\\/2019\\\/05\\\/31\\\/empleo-peor-momento-se-perdieron-268-000-puestos\\\/\"},\"wordCount\":555,\"publisher\":{\"@id\":\"https:\\\/\\\/diariotextual.com\\\/inicio\\\/#organization\"},\"image\":{\"@id\":\"https:\\\/\\\/diariotextual.com\\\/inicio\\\/index.php\\\/2019\\\/05\\\/31\\\/empleo-peor-momento-se-perdieron-268-000-puestos\\\/#primaryimage\"},\"thumbnailUrl\":\"https:\\\/\\\/diariotextual.com\\\/inicio\\\/wp-content\\\/uploads\\\/2019\\\/05\\\/desocupadosfila.jpg\",\"articleSection\":[\"A - QUE PASA (al costado)\",\"A - TEMPORALES\",\"ECONOMIA\"],\"inLanguage\":\"es\"},{\"@type\":\"WebPage\",\"@id\":\"https:\\\/\\\/diariotextual.com\\\/inicio\\\/index.php\\\/2019\\\/05\\\/31\\\/empleo-peor-momento-se-perdieron-268-000-puestos\\\/\",\"url\":\"https:\\\/\\\/diariotextual.com\\\/inicio\\\/index.php\\\/2019\\\/05\\\/31\\\/empleo-peor-momento-se-perdieron-268-000-puestos\\\/\",\"name\":\"El empleo en su peor momento: se perdieron 268.000 puestos - Diario Textual\",\"isPartOf\":{\"@id\":\"https:\\\/\\\/diariotextual.com\\\/inicio\\\/#website\"},\"primaryImageOfPage\":{\"@id\":\"https:\\\/\\\/diariotextual.com\\\/inicio\\\/index.php\\\/2019\\\/05\\\/31\\\/empleo-peor-momento-se-perdieron-268-000-puestos\\\/#primaryimage\"},\"image\":{\"@id\":\"https:\\\/\\\/diariotextual.com\\\/inicio\\\/index.php\\\/2019\\\/05\\\/31\\\/empleo-peor-momento-se-perdieron-268-000-puestos\\\/#primaryimage\"},\"thumbnailUrl\":\"https:\\\/\\\/diariotextual.com\\\/inicio\\\/wp-content\\\/uploads\\\/2019\\\/05\\\/desocupadosfila.jpg\",\"datePublished\":\"2019-05-31T20:56:52+00:00\",\"dateModified\":\"2019-06-01T11:58:40+00:00\",\"breadcrumb\":{\"@id\":\"https:\\\/\\\/diariotextual.com\\\/inicio\\\/index.php\\\/2019\\\/05\\\/31\\\/empleo-peor-momento-se-perdieron-268-000-puestos\\\/#breadcrumb\"},\"inLanguage\":\"es\",\"potentialAction\":[{\"@type\":\"ReadAction\",\"target\":[\"https:\\\/\\\/diariotextual.com\\\/inicio\\\/index.php\\\/2019\\\/05\\\/31\\\/empleo-peor-momento-se-perdieron-268-000-puestos\\\/\"]}]},{\"@type\":\"ImageObject\",\"inLanguage\":\"es\",\"@id\":\"https:\\\/\\\/diariotextual.com\\\/inicio\\\/index.php\\\/2019\\\/05\\\/31\\\/empleo-peor-momento-se-perdieron-268-000-puestos\\\/#primaryimage\",\"url\":\"https:\\\/\\\/diariotextual.com\\\/inicio\\\/wp-content\\\/uploads\\\/2019\\\/05\\\/desocupadosfila.jpg\",\"contentUrl\":\"https:\\\/\\\/diariotextual.com\\\/inicio\\\/wp-content\\\/uploads\\\/2019\\\/05\\\/desocupadosfila.jpg\",\"width\":700,\"height\":420},{\"@type\":\"BreadcrumbList\",\"@id\":\"https:\\\/\\\/diariotextual.com\\\/inicio\\\/index.php\\\/2019\\\/05\\\/31\\\/empleo-peor-momento-se-perdieron-268-000-puestos\\\/#breadcrumb\",\"itemListElement\":[{\"@type\":\"ListItem\",\"position\":1,\"name\":\"Portada\",\"item\":\"https:\\\/\\\/diariotextual.com\\\/inicio\\\/\"},{\"@type\":\"ListItem\",\"position\":2,\"name\":\"El empleo en su peor momento: se perdieron 268.000 puestos\"}]},{\"@type\":\"WebSite\",\"@id\":\"https:\\\/\\\/diariotextual.com\\\/inicio\\\/#website\",\"url\":\"https:\\\/\\\/diariotextual.com\\\/inicio\\\/\",\"name\":\"Diario Textual\",\"description\":\"\",\"publisher\":{\"@id\":\"https:\\\/\\\/diariotextual.com\\\/inicio\\\/#organization\"},\"potentialAction\":[{\"@type\":\"SearchAction\",\"target\":{\"@type\":\"EntryPoint\",\"urlTemplate\":\"https:\\\/\\\/diariotextual.com\\\/inicio\\\/?s={search_term_string}\"},\"query-input\":{\"@type\":\"PropertyValueSpecification\",\"valueRequired\":true,\"valueName\":\"search_term_string\"}}],\"inLanguage\":\"es\"},{\"@type\":\"Organization\",\"@id\":\"https:\\\/\\\/diariotextual.com\\\/inicio\\\/#organization\",\"name\":\"Diario Textual\",\"url\":\"https:\\\/\\\/diariotextual.com\\\/inicio\\\/\",\"logo\":{\"@type\":\"ImageObject\",\"inLanguage\":\"es\",\"@id\":\"https:\\\/\\\/diariotextual.com\\\/inicio\\\/#\\\/schema\\\/logo\\\/image\\\/\",\"url\":\"https:\\\/\\\/diariotextual.com\\\/inicio\\\/wp-content\\\/uploads\\\/2023\\\/05\\\/logotextual1.jpg\",\"contentUrl\":\"https:\\\/\\\/diariotextual.com\\\/inicio\\\/wp-content\\\/uploads\\\/2023\\\/05\\\/logotextual1.jpg\",\"width\":516,\"height\":76,\"caption\":\"Diario Textual\"},\"image\":{\"@id\":\"https:\\\/\\\/diariotextual.com\\\/inicio\\\/#\\\/schema\\\/logo\\\/image\\\/\"},\"sameAs\":[\"https:\\\/\\\/www.facebook.com\\\/eltextual\",\"https:\\\/\\\/x.com\\\/eltextual\",\"http:\\\/\\\/www.instagram.com\\\/eltextual\"]},{\"@type\":\"Person\",\"@id\":\"https:\\\/\\\/diariotextual.com\\\/inicio\\\/#\\\/schema\\\/person\\\/a1b6f563e0ee944c60f98119389a4d9f\",\"name\":\"diario3\",\"image\":{\"@type\":\"ImageObject\",\"inLanguage\":\"es\",\"@id\":\"https:\\\/\\\/secure.gravatar.com\\\/avatar\\\/5e7ee62c82fc04d9dd79d746a390d93c69c43223e5faeeb3ea9461ef752bfc5d?s=96&d=mm&r=g\",\"url\":\"https:\\\/\\\/secure.gravatar.com\\\/avatar\\\/5e7ee62c82fc04d9dd79d746a390d93c69c43223e5faeeb3ea9461ef752bfc5d?s=96&d=mm&r=g\",\"contentUrl\":\"https:\\\/\\\/secure.gravatar.com\\\/avatar\\\/5e7ee62c82fc04d9dd79d746a390d93c69c43223e5faeeb3ea9461ef752bfc5d?s=96&d=mm&r=g\",\"caption\":\"diario3\"},\"url\":\"https:\\\/\\\/diariotextual.com\\\/inicio\\\/index.php\\\/author\\\/diario3\\\/\"}]}<\/script>\n<!-- \/ Yoast SEO plugin. -->","yoast_head_json":{"title":"El empleo en su peor momento: se perdieron 268.000 puestos - Diario Textual","robots":{"index":"index","follow":"follow","max-snippet":"max-snippet:-1","max-image-preview":"max-image-preview:large","max-video-preview":"max-video-preview:-1"},"canonical":"https:\/\/diariotextual.com\/inicio\/index.php\/2019\/05\/31\/empleo-peor-momento-se-perdieron-268-000-puestos\/","og_locale":"es_ES","og_type":"article","og_title":"El empleo en su peor momento: se perdieron 268.000 puestos - Diario Textual","og_description":"El Ministerio de Producci\u00f3n de Naci\u00f3n y el INDEC publicaron datos complicados sobre la coyuntura laboral: incluso con los salarios cayendo en forma pronunciada, el trabajo registrado del \u00e1mbito privado&hellip;","og_url":"https:\/\/diariotextual.com\/inicio\/index.php\/2019\/05\/31\/empleo-peor-momento-se-perdieron-268-000-puestos\/","og_site_name":"Diario Textual","article_publisher":"https:\/\/www.facebook.com\/eltextual","article_published_time":"2019-05-31T20:56:52+00:00","article_modified_time":"2019-06-01T11:58:40+00:00","og_image":[{"width":700,"height":420,"url":"https:\/\/diariotextual.com\/inicio\/wp-content\/uploads\/2019\/05\/desocupadosfila.jpg","type":"image\/jpeg"}],"author":"diario3","twitter_card":"summary_large_image","twitter_creator":"@eltextual","twitter_site":"@eltextual","twitter_misc":{"Escrito por":"diario3","Tiempo de lectura":"3 minutos"},"schema":{"@context":"https:\/\/schema.org","@graph":[{"@type":"Article","@id":"https:\/\/diariotextual.com\/inicio\/index.php\/2019\/05\/31\/empleo-peor-momento-se-perdieron-268-000-puestos\/#article","isPartOf":{"@id":"https:\/\/diariotextual.com\/inicio\/index.php\/2019\/05\/31\/empleo-peor-momento-se-perdieron-268-000-puestos\/"},"author":{"name":"diario3","@id":"https:\/\/diariotextual.com\/inicio\/#\/schema\/person\/a1b6f563e0ee944c60f98119389a4d9f"},"headline":"El empleo en su peor momento: se perdieron 268.000 puestos","datePublished":"2019-05-31T20:56:52+00:00","dateModified":"2019-06-01T11:58:40+00:00","mainEntityOfPage":{"@id":"https:\/\/diariotextual.com\/inicio\/index.php\/2019\/05\/31\/empleo-peor-momento-se-perdieron-268-000-puestos\/"},"wordCount":555,"publisher":{"@id":"https:\/\/diariotextual.com\/inicio\/#organization"},"image":{"@id":"https:\/\/diariotextual.com\/inicio\/index.php\/2019\/05\/31\/empleo-peor-momento-se-perdieron-268-000-puestos\/#primaryimage"},"thumbnailUrl":"https:\/\/diariotextual.com\/inicio\/wp-content\/uploads\/2019\/05\/desocupadosfila.jpg","articleSection":["A - QUE PASA (al costado)","A - TEMPORALES","ECONOMIA"],"inLanguage":"es"},{"@type":"WebPage","@id":"https:\/\/diariotextual.com\/inicio\/index.php\/2019\/05\/31\/empleo-peor-momento-se-perdieron-268-000-puestos\/","url":"https:\/\/diariotextual.com\/inicio\/index.php\/2019\/05\/31\/empleo-peor-momento-se-perdieron-268-000-puestos\/","name":"El empleo en su peor momento: se perdieron 268.000 puestos - Diario Textual","isPartOf":{"@id":"https:\/\/diariotextual.com\/inicio\/#website"},"primaryImageOfPage":{"@id":"https:\/\/diariotextual.com\/inicio\/index.php\/2019\/05\/31\/empleo-peor-momento-se-perdieron-268-000-puestos\/#primaryimage"},"image":{"@id":"https:\/\/diariotextual.com\/inicio\/index.php\/2019\/05\/31\/empleo-peor-momento-se-perdieron-268-000-puestos\/#primaryimage"},"thumbnailUrl":"https:\/\/diariotextual.com\/inicio\/wp-content\/uploads\/2019\/05\/desocupadosfila.jpg","datePublished":"2019-05-31T20:56:52+00:00","dateModified":"2019-06-01T11:58:40+00:00","breadcrumb":{"@id":"https:\/\/diariotextual.com\/inicio\/index.php\/2019\/05\/31\/empleo-peor-momento-se-perdieron-268-000-puestos\/#breadcrumb"},"inLanguage":"es","potentialAction":[{"@type":"ReadAction","target":["https:\/\/diariotextual.com\/inicio\/index.php\/2019\/05\/31\/empleo-peor-momento-se-perdieron-268-000-puestos\/"]}]},{"@type":"ImageObject","inLanguage":"es","@id":"https:\/\/diariotextual.com\/inicio\/index.php\/2019\/05\/31\/empleo-peor-momento-se-perdieron-268-000-puestos\/#primaryimage","url":"https:\/\/diariotextual.com\/inicio\/wp-content\/uploads\/2019\/05\/desocupadosfila.jpg","contentUrl":"https:\/\/diariotextual.com\/inicio\/wp-content\/uploads\/2019\/05\/desocupadosfila.jpg","width":700,"height":420},{"@type":"BreadcrumbList","@id":"https:\/\/diariotextual.com\/inicio\/index.php\/2019\/05\/31\/empleo-peor-momento-se-perdieron-268-000-puestos\/#breadcrumb","itemListElement":[{"@type":"ListItem","position":1,"name":"Portada","item":"https:\/\/diariotextual.com\/inicio\/"},{"@type":"ListItem","position":2,"name":"El empleo en su peor momento: se perdieron 268.000 puestos"}]},{"@type":"WebSite","@id":"https:\/\/diariotextual.com\/inicio\/#website","url":"https:\/\/diariotextual.com\/inicio\/","name":"Diario Textual","description":"","publisher":{"@id":"https:\/\/diariotextual.com\/inicio\/#organization"},"potentialAction":[{"@type":"SearchAction","target":{"@type":"EntryPoint","urlTemplate":"https:\/\/diariotextual.com\/inicio\/?s={search_term_string}"},"query-input":{"@type":"PropertyValueSpecification","valueRequired":true,"valueName":"search_term_string"}}],"inLanguage":"es"},{"@type":"Organization","@id":"https:\/\/diariotextual.com\/inicio\/#organization","name":"Diario Textual","url":"https:\/\/diariotextual.com\/inicio\/","logo":{"@type":"ImageObject","inLanguage":"es","@id":"https:\/\/diariotextual.com\/inicio\/#\/schema\/logo\/image\/","url":"https:\/\/diariotextual.com\/inicio\/wp-content\/uploads\/2023\/05\/logotextual1.jpg","contentUrl":"https:\/\/diariotextual.com\/inicio\/wp-content\/uploads\/2023\/05\/logotextual1.jpg","width":516,"height":76,"caption":"Diario Textual"},"image":{"@id":"https:\/\/diariotextual.com\/inicio\/#\/schema\/logo\/image\/"},"sameAs":["https:\/\/www.facebook.com\/eltextual","https:\/\/x.com\/eltextual","http:\/\/www.instagram.com\/eltextual"]},{"@type":"Person","@id":"https:\/\/diariotextual.com\/inicio\/#\/schema\/person\/a1b6f563e0ee944c60f98119389a4d9f","name":"diario3","image":{"@type":"ImageObject","inLanguage":"es","@id":"https:\/\/secure.gravatar.com\/avatar\/5e7ee62c82fc04d9dd79d746a390d93c69c43223e5faeeb3ea9461ef752bfc5d?s=96&d=mm&r=g","url":"https:\/\/secure.gravatar.com\/avatar\/5e7ee62c82fc04d9dd79d746a390d93c69c43223e5faeeb3ea9461ef752bfc5d?s=96&d=mm&r=g","contentUrl":"https:\/\/secure.gravatar.com\/avatar\/5e7ee62c82fc04d9dd79d746a390d93c69c43223e5faeeb3ea9461ef752bfc5d?s=96&d=mm&r=g","caption":"diario3"},"url":"https:\/\/diariotextual.com\/inicio\/index.php\/author\/diario3\/"}]}},"_links":{"self":[{"href":"https:\/\/diariotextual.com\/inicio\/index.php\/wp-json\/wp\/v2\/posts\/50579","targetHints":{"allow":["GET"]}}],"collection":[{"href":"https:\/\/diariotextual.com\/inicio\/index.php\/wp-json\/wp\/v2\/posts"}],"about":[{"href":"https:\/\/diariotextual.com\/inicio\/index.php\/wp-json\/wp\/v2\/types\/post"}],"author":[{"embeddable":true,"href":"https:\/\/diariotextual.com\/inicio\/index.php\/wp-json\/wp\/v2\/users\/5"}],"replies":[{"embeddable":true,"href":"https:\/\/diariotextual.com\/inicio\/index.php\/wp-json\/wp\/v2\/comments?post=50579"}],"version-history":[{"count":1,"href":"https:\/\/diariotextual.com\/inicio\/index.php\/wp-json\/wp\/v2\/posts\/50579\/revisions"}],"predecessor-version":[{"id":50581,"href":"https:\/\/diariotextual.com\/inicio\/index.php\/wp-json\/wp\/v2\/posts\/50579\/revisions\/50581"}],"wp:featuredmedia":[{"embeddable":true,"href":"https:\/\/diariotextual.com\/inicio\/index.php\/wp-json\/wp\/v2\/media\/50580"}],"wp:attachment":[{"href":"https:\/\/diariotextual.com\/inicio\/index.php\/wp-json\/wp\/v2\/media?parent=50579"}],"wp:term":[{"taxonomy":"category","embeddable":true,"href":"https:\/\/diariotextual.com\/inicio\/index.php\/wp-json\/wp\/v2\/categories?post=50579"},{"taxonomy":"post_tag","embeddable":true,"href":"https:\/\/diariotextual.com\/inicio\/index.php\/wp-json\/wp\/v2\/tags?post=50579"}],"curies":[{"name":"wp","href":"https:\/\/api.w.org\/{rel}","templated":true}]}}