{"id":50582,"date":"2019-05-31T18:12:55","date_gmt":"2019-05-31T21:12:55","guid":{"rendered":"http:\/\/diariotextual.com\/inicio\/?p=50582"},"modified":"2019-06-01T09:12:00","modified_gmt":"2019-06-01T12:12:00","slug":"san-martin-continua-piquete-echaron-mas-la-salinera","status":"publish","type":"post","link":"https:\/\/diariotextual.com\/inicio\/index.php\/2019\/05\/31\/san-martin-continua-piquete-echaron-mas-la-salinera\/","title":{"rendered":"San Mart\u00edn: ya son cuatro los despedidos en la salinera"},"content":{"rendered":"<p>Contin\u00faa la tensi\u00f3n en San Mart\u00edn.\u00a0Los trabajadores de la\u00a0<strong>salinera Timb\u00f3 S.A<\/strong>\u00a0permanec\u00edan en la noche de este viernes con un\u00a0<strong>piquete en el ingreso a la planta en rechazo a tres despidos y se conoci\u00f3 que la empresa despidi\u00f3 a otro empleado y envi\u00f3 intimaciones, con advertencias de que podr\u00edan ser echados, a otros cinco<\/strong>. En total<strong> ya son cuatro los desafectados. Hubo un fuerte respaldo de diversas organizaciones sindicales.<\/strong><\/p>\n<blockquote class=\"wp-embedded-content\" data-secret=\"vhkvNHgovo\"><p><a href=\"http:\/\/diariotextual.com\/inicio\/index.php\/2019\/05\/31\/multisectorial-apoya-los-trabajadores-timbo\/\">Multisectorial apoya a los trabajadores de Timb\u00f3<\/a><\/p><\/blockquote>\n<p><iframe class=\"wp-embedded-content\" sandbox=\"allow-scripts\" security=\"restricted\" style=\"position: absolute; clip: rect(1px, 1px, 1px, 1px);\" src=\"http:\/\/diariotextual.com\/inicio\/index.php\/2019\/05\/31\/multisectorial-apoya-los-trabajadores-timbo\/embed\/#?secret=vhkvNHgovo\" data-secret=\"vhkvNHgovo\" width=\"600\" height=\"338\" title=\"&#8220;Multisectorial apoya a los trabajadores de Timb\u00f3&#8221; &#8212; Diario Textual\" frameborder=\"0\" marginwidth=\"0\" marginheight=\"0\" scrolling=\"no\"><\/iframe><\/p>\n<p>La medida de fuerza <a href=\"http:\/\/diariotextual.com\/inicio\/index.php\/2019\/05\/31\/trabajadores-timbo-bloquean-ingreso-la-planta-despidos\/\" target=\"_blank\" rel=\"noopener\"><strong>comenz\u00f3 en la madrugada<\/strong><\/a>.\u00a0La compa\u00f1\u00eda, que elabora los productos\u00a0<strong>Celusal y Genser<\/strong>, ech\u00f3 a tres empleados en las \u00faltimas horas.\u00a0<strong>\u201cDe ac\u00e1 no nos movemos hasta que reincorporen a los compa\u00f1eros\u201d<\/strong>, dijo el delegado Gustavo Muller a Diario Textual. Por la tarde se conoci\u00f3 otro despido.<\/p>\n<p>Seg\u00fan los trabajadores, la empresa no dio a conocer ninguna cifra que indique que est\u00e1 atravesando una crisis que justifique este achique de personal.<\/p>\n<p><strong>\u201cSe ve\u00eda venir. Ven\u00edamos recibiendo aprietes y amenazas y anoche el gerente, Rodolfo Resle, nos amenaz\u00f3 con despedir a m\u00e1s compa\u00f1eros si hac\u00edamos medidas de fuerza\u201d<\/strong>, dijo a Diario Textual el delegado de los trabajadores salineros, Gustavo Muller.<\/p>\n<p>\u00bfCu\u00e1l es el motivo de las cesant\u00edas?\u00a0<strong>\u201cNos dijo que era por reestructura de la empresa\u201d<\/strong>, revel\u00f3 Muller, quien advirti\u00f3 que hasta que no reincorporen a todos no levantar\u00e1n el bloqueo de la planta.\u00a0<strong>\u201cDe ac\u00e1 no nos movemos hasta que los restituyan en sus puestos\u201d,<\/strong>\u00a0afirm\u00f3.<\/p>\n<p><img fetchpriority=\"high\" decoding=\"async\" class=\"alignnone wp-image-50591 size-large\" src=\"http:\/\/diariotextual.com\/inicio\/wp-content\/uploads\/2019\/05\/salineratimboreclamosalinasanmartinpiquete2019-2-1024x768.jpeg\" alt=\"\" width=\"1024\" height=\"768\" srcset=\"https:\/\/diariotextual.com\/inicio\/wp-content\/uploads\/2019\/05\/salineratimboreclamosalinasanmartinpiquete2019-2-1024x768.jpeg 1024w, https:\/\/diariotextual.com\/inicio\/wp-content\/uploads\/2019\/05\/salineratimboreclamosalinasanmartinpiquete2019-2-300x225.jpeg 300w, https:\/\/diariotextual.com\/inicio\/wp-content\/uploads\/2019\/05\/salineratimboreclamosalinasanmartinpiquete2019-2-768x576.jpeg 768w, https:\/\/diariotextual.com\/inicio\/wp-content\/uploads\/2019\/05\/salineratimboreclamosalinasanmartinpiquete2019-2-1170x878.jpeg 1170w, https:\/\/diariotextual.com\/inicio\/wp-content\/uploads\/2019\/05\/salineratimboreclamosalinasanmartinpiquete2019-2-585x439.jpeg 585w, https:\/\/diariotextual.com\/inicio\/wp-content\/uploads\/2019\/05\/salineratimboreclamosalinasanmartinpiquete2019-2.jpeg 1280w\" sizes=\"(max-width: 1024px) 100vw, 1024px\" \/><\/p>\n<p>Los trabajadores hab\u00edan logrado un 19% de aumento durante el 2018, m\u00e1s de 20 puntos por debajo de lo que cerr\u00f3 la inflaci\u00f3n anual. A\u00fan as\u00ed la empresa no cumpli\u00f3 con lo acordado y todav\u00eda no han cerrado las paritarias de este a\u00f1o.<\/p>\n<p>En la salinera Timb\u00f3 trabajan en forma permanente m\u00e1s de cien operarios y se suman entre cuarenta y sesenta en \u00e9poca de cosecha. Es la principal fuente laboral privada de la localidad y la zona.<\/p>\n<p>&nbsp;<\/p>\n<p><strong>El respaldo de la CTA de los Trabajadores<\/strong><\/p>\n<p>La CTA de los Trabajadores de La Pampa repudi\u00f3 \u00abel arbitrario despido\u00bb de los trabajadores. \u00abEntendemos que los despidos son una artera represalia contra los trabajadores que ejercieron su leg\u00edtimo derecho de huelga\u00bb, expres\u00f3 el sindicato. \u00abExpresamos nuestro m\u00e1s absoluto rechazo ante la medida de la patronal que solo pretenden amedrentar y disciplinar a los trabajadores, por su participaci\u00f3n en medidas de fuerza para exigir paritarias justas, y mejoras en las condiciones de trabajo. Resulta inadmisible castigar los trabajadores que luchan por una vida digna\u00bb.<\/p>\n<p>Adem\u00e1s, el sindicato reclam\u00f3 a la\u00a0Subsecretar\u00eda de Trabajo de La Pampa a dictar la inmediata conciliaci\u00f3n obligatoria para salvaguardar los derechos de los trabajadores de la salinera.<\/p>\n<p>&nbsp;<\/p>\n<p><strong>Multisectorial 21F<\/strong><\/p>\n<p>Sindicatos y agrupaciones que conforman la Multisectorial 21F La Pampa convocaron a la comunidad, agrupaciones, sindicatos y organizaciones sociales a sumarse a la\u00a0<strong><a href=\"http:\/\/diariotextual.com\/inicio\/index.php\/2019\/05\/31\/trabajadores-timbo-bloquean-ingreso-la-planta-despidos\/\">medida de fuerza en la planta de Timb\u00f3<\/a>.<\/strong><\/p>\n<p>&nbsp;<\/p>\n<p>&nbsp;<\/p>\n<p>&nbsp;<\/p>\n<p>&nbsp;<\/p>\n<p>&nbsp;<\/p>\n<p>&nbsp;<\/p>\n","protected":false},"excerpt":{"rendered":"<p>Contin\u00faa la tensi\u00f3n en San Mart\u00edn.\u00a0Los trabajadores de la\u00a0salinera Timb\u00f3 S.A\u00a0permanec\u00edan en la noche de este viernes con un\u00a0piquete en el ingreso a la planta en rechazo a tres despidos&hellip;<\/p>\n","protected":false},"author":3,"featured_media":50585,"comment_status":"closed","ping_status":"open","sticky":false,"template":"","format":"standard","meta":{"_acf_changed":false,"footnotes":""},"categories":[5],"tags":[2001],"class_list":["post-50582","post","type-post","status-publish","format-standard","has-post-thumbnail","hentry","category-economia","tag-timbo"],"acf":[],"yoast_head":"<!-- This site is optimized with the Yoast SEO plugin v27.5 - https:\/\/yoast.com\/product\/yoast-seo-wordpress\/ -->\n<title>San Mart\u00edn: ya son cuatro los despedidos en la salinera - Diario Textual<\/title>\n<meta name=\"robots\" content=\"index, follow, max-snippet:-1, max-image-preview:large, max-video-preview:-1\" \/>\n<link rel=\"canonical\" href=\"https:\/\/diariotextual.com\/inicio\/index.php\/2019\/05\/31\/san-martin-continua-piquete-echaron-mas-la-salinera\/\" \/>\n<meta property=\"og:locale\" content=\"es_ES\" \/>\n<meta property=\"og:type\" content=\"article\" \/>\n<meta property=\"og:title\" content=\"San Mart\u00edn: ya son cuatro los despedidos en la salinera - Diario Textual\" \/>\n<meta property=\"og:description\" content=\"Contin\u00faa la tensi\u00f3n en San Mart\u00edn.\u00a0Los trabajadores de la\u00a0salinera Timb\u00f3 S.A\u00a0permanec\u00edan en la noche de este viernes con un\u00a0piquete en el ingreso a la planta en rechazo a tres despidos&hellip;\" \/>\n<meta property=\"og:url\" content=\"https:\/\/diariotextual.com\/inicio\/index.php\/2019\/05\/31\/san-martin-continua-piquete-echaron-mas-la-salinera\/\" \/>\n<meta property=\"og:site_name\" content=\"Diario Textual\" \/>\n<meta property=\"article:publisher\" content=\"https:\/\/www.facebook.com\/eltextual\" \/>\n<meta property=\"article:published_time\" content=\"2019-05-31T21:12:55+00:00\" \/>\n<meta property=\"article:modified_time\" content=\"2019-06-01T12:12:00+00:00\" \/>\n<meta property=\"og:image\" content=\"https:\/\/diariotextual.com\/inicio\/wp-content\/uploads\/2019\/05\/salineratimboreclamosalinasanmartinpiquete2019-1.jpeg\" \/>\n\t<meta property=\"og:image:width\" content=\"1274\" \/>\n\t<meta property=\"og:image:height\" content=\"923\" \/>\n\t<meta property=\"og:image:type\" content=\"image\/jpeg\" \/>\n<meta name=\"author\" content=\"Diario1 Diario1\" \/>\n<meta name=\"twitter:card\" content=\"summary_large_image\" \/>\n<meta name=\"twitter:creator\" content=\"@eltextual\" \/>\n<meta name=\"twitter:site\" content=\"@eltextual\" \/>\n<meta name=\"twitter:label1\" content=\"Escrito por\" \/>\n\t<meta name=\"twitter:data1\" content=\"Diario1 Diario1\" \/>\n\t<meta name=\"twitter:label2\" content=\"Tiempo de lectura\" \/>\n\t<meta name=\"twitter:data2\" content=\"3 minutos\" \/>\n<script type=\"application\/ld+json\" class=\"yoast-schema-graph\">{\"@context\":\"https:\\\/\\\/schema.org\",\"@graph\":[{\"@type\":\"Article\",\"@id\":\"https:\\\/\\\/diariotextual.com\\\/inicio\\\/index.php\\\/2019\\\/05\\\/31\\\/san-martin-continua-piquete-echaron-mas-la-salinera\\\/#article\",\"isPartOf\":{\"@id\":\"https:\\\/\\\/diariotextual.com\\\/inicio\\\/index.php\\\/2019\\\/05\\\/31\\\/san-martin-continua-piquete-echaron-mas-la-salinera\\\/\"},\"author\":{\"name\":\"Diario1 Diario1\",\"@id\":\"https:\\\/\\\/diariotextual.com\\\/inicio\\\/#\\\/schema\\\/person\\\/418fc4093c33e86ed41562db3508f958\"},\"headline\":\"San Mart\u00edn: ya son cuatro los despedidos en la salinera\",\"datePublished\":\"2019-05-31T21:12:55+00:00\",\"dateModified\":\"2019-06-01T12:12:00+00:00\",\"mainEntityOfPage\":{\"@id\":\"https:\\\/\\\/diariotextual.com\\\/inicio\\\/index.php\\\/2019\\\/05\\\/31\\\/san-martin-continua-piquete-echaron-mas-la-salinera\\\/\"},\"wordCount\":517,\"publisher\":{\"@id\":\"https:\\\/\\\/diariotextual.com\\\/inicio\\\/#organization\"},\"image\":{\"@id\":\"https:\\\/\\\/diariotextual.com\\\/inicio\\\/index.php\\\/2019\\\/05\\\/31\\\/san-martin-continua-piquete-echaron-mas-la-salinera\\\/#primaryimage\"},\"thumbnailUrl\":\"https:\\\/\\\/diariotextual.com\\\/inicio\\\/wp-content\\\/uploads\\\/2019\\\/05\\\/salineratimboreclamosalinasanmartinpiquete2019-1.jpeg\",\"keywords\":[\"timbo\"],\"articleSection\":[\"ECONOMIA\"],\"inLanguage\":\"es\"},{\"@type\":\"WebPage\",\"@id\":\"https:\\\/\\\/diariotextual.com\\\/inicio\\\/index.php\\\/2019\\\/05\\\/31\\\/san-martin-continua-piquete-echaron-mas-la-salinera\\\/\",\"url\":\"https:\\\/\\\/diariotextual.com\\\/inicio\\\/index.php\\\/2019\\\/05\\\/31\\\/san-martin-continua-piquete-echaron-mas-la-salinera\\\/\",\"name\":\"San Mart\u00edn: ya son cuatro los despedidos en la salinera - Diario Textual\",\"isPartOf\":{\"@id\":\"https:\\\/\\\/diariotextual.com\\\/inicio\\\/#website\"},\"primaryImageOfPage\":{\"@id\":\"https:\\\/\\\/diariotextual.com\\\/inicio\\\/index.php\\\/2019\\\/05\\\/31\\\/san-martin-continua-piquete-echaron-mas-la-salinera\\\/#primaryimage\"},\"image\":{\"@id\":\"https:\\\/\\\/diariotextual.com\\\/inicio\\\/index.php\\\/2019\\\/05\\\/31\\\/san-martin-continua-piquete-echaron-mas-la-salinera\\\/#primaryimage\"},\"thumbnailUrl\":\"https:\\\/\\\/diariotextual.com\\\/inicio\\\/wp-content\\\/uploads\\\/2019\\\/05\\\/salineratimboreclamosalinasanmartinpiquete2019-1.jpeg\",\"datePublished\":\"2019-05-31T21:12:55+00:00\",\"dateModified\":\"2019-06-01T12:12:00+00:00\",\"breadcrumb\":{\"@id\":\"https:\\\/\\\/diariotextual.com\\\/inicio\\\/index.php\\\/2019\\\/05\\\/31\\\/san-martin-continua-piquete-echaron-mas-la-salinera\\\/#breadcrumb\"},\"inLanguage\":\"es\",\"potentialAction\":[{\"@type\":\"ReadAction\",\"target\":[\"https:\\\/\\\/diariotextual.com\\\/inicio\\\/index.php\\\/2019\\\/05\\\/31\\\/san-martin-continua-piquete-echaron-mas-la-salinera\\\/\"]}]},{\"@type\":\"ImageObject\",\"inLanguage\":\"es\",\"@id\":\"https:\\\/\\\/diariotextual.com\\\/inicio\\\/index.php\\\/2019\\\/05\\\/31\\\/san-martin-continua-piquete-echaron-mas-la-salinera\\\/#primaryimage\",\"url\":\"https:\\\/\\\/diariotextual.com\\\/inicio\\\/wp-content\\\/uploads\\\/2019\\\/05\\\/salineratimboreclamosalinasanmartinpiquete2019-1.jpeg\",\"contentUrl\":\"https:\\\/\\\/diariotextual.com\\\/inicio\\\/wp-content\\\/uploads\\\/2019\\\/05\\\/salineratimboreclamosalinasanmartinpiquete2019-1.jpeg\",\"width\":1274,\"height\":923},{\"@type\":\"BreadcrumbList\",\"@id\":\"https:\\\/\\\/diariotextual.com\\\/inicio\\\/index.php\\\/2019\\\/05\\\/31\\\/san-martin-continua-piquete-echaron-mas-la-salinera\\\/#breadcrumb\",\"itemListElement\":[{\"@type\":\"ListItem\",\"position\":1,\"name\":\"Portada\",\"item\":\"https:\\\/\\\/diariotextual.com\\\/inicio\\\/\"},{\"@type\":\"ListItem\",\"position\":2,\"name\":\"San Mart\u00edn: ya son cuatro los despedidos en la salinera\"}]},{\"@type\":\"WebSite\",\"@id\":\"https:\\\/\\\/diariotextual.com\\\/inicio\\\/#website\",\"url\":\"https:\\\/\\\/diariotextual.com\\\/inicio\\\/\",\"name\":\"Diario Textual\",\"description\":\"\",\"publisher\":{\"@id\":\"https:\\\/\\\/diariotextual.com\\\/inicio\\\/#organization\"},\"potentialAction\":[{\"@type\":\"SearchAction\",\"target\":{\"@type\":\"EntryPoint\",\"urlTemplate\":\"https:\\\/\\\/diariotextual.com\\\/inicio\\\/?s={search_term_string}\"},\"query-input\":{\"@type\":\"PropertyValueSpecification\",\"valueRequired\":true,\"valueName\":\"search_term_string\"}}],\"inLanguage\":\"es\"},{\"@type\":\"Organization\",\"@id\":\"https:\\\/\\\/diariotextual.com\\\/inicio\\\/#organization\",\"name\":\"Diario Textual\",\"url\":\"https:\\\/\\\/diariotextual.com\\\/inicio\\\/\",\"logo\":{\"@type\":\"ImageObject\",\"inLanguage\":\"es\",\"@id\":\"https:\\\/\\\/diariotextual.com\\\/inicio\\\/#\\\/schema\\\/logo\\\/image\\\/\",\"url\":\"https:\\\/\\\/diariotextual.com\\\/inicio\\\/wp-content\\\/uploads\\\/2023\\\/05\\\/logotextual1.jpg\",\"contentUrl\":\"https:\\\/\\\/diariotextual.com\\\/inicio\\\/wp-content\\\/uploads\\\/2023\\\/05\\\/logotextual1.jpg\",\"width\":516,\"height\":76,\"caption\":\"Diario Textual\"},\"image\":{\"@id\":\"https:\\\/\\\/diariotextual.com\\\/inicio\\\/#\\\/schema\\\/logo\\\/image\\\/\"},\"sameAs\":[\"https:\\\/\\\/www.facebook.com\\\/eltextual\",\"https:\\\/\\\/x.com\\\/eltextual\",\"http:\\\/\\\/www.instagram.com\\\/eltextual\"]},{\"@type\":\"Person\",\"@id\":\"https:\\\/\\\/diariotextual.com\\\/inicio\\\/#\\\/schema\\\/person\\\/418fc4093c33e86ed41562db3508f958\",\"name\":\"Diario1 Diario1\",\"image\":{\"@type\":\"ImageObject\",\"inLanguage\":\"es\",\"@id\":\"https:\\\/\\\/secure.gravatar.com\\\/avatar\\\/9167d280179c85bc18be67aa7eda765854300033af4896dd779b608640f2ef7a?s=96&d=mm&r=g\",\"url\":\"https:\\\/\\\/secure.gravatar.com\\\/avatar\\\/9167d280179c85bc18be67aa7eda765854300033af4896dd779b608640f2ef7a?s=96&d=mm&r=g\",\"contentUrl\":\"https:\\\/\\\/secure.gravatar.com\\\/avatar\\\/9167d280179c85bc18be67aa7eda765854300033af4896dd779b608640f2ef7a?s=96&d=mm&r=g\",\"caption\":\"Diario1 Diario1\"},\"url\":\"https:\\\/\\\/diariotextual.com\\\/inicio\\\/index.php\\\/author\\\/diario1\\\/\"}]}<\/script>\n<!-- \/ Yoast SEO plugin. -->","yoast_head_json":{"title":"San Mart\u00edn: ya son cuatro los despedidos en la salinera - Diario Textual","robots":{"index":"index","follow":"follow","max-snippet":"max-snippet:-1","max-image-preview":"max-image-preview:large","max-video-preview":"max-video-preview:-1"},"canonical":"https:\/\/diariotextual.com\/inicio\/index.php\/2019\/05\/31\/san-martin-continua-piquete-echaron-mas-la-salinera\/","og_locale":"es_ES","og_type":"article","og_title":"San Mart\u00edn: ya son cuatro los despedidos en la salinera - Diario Textual","og_description":"Contin\u00faa la tensi\u00f3n en San Mart\u00edn.\u00a0Los trabajadores de la\u00a0salinera Timb\u00f3 S.A\u00a0permanec\u00edan en la noche de este viernes con un\u00a0piquete en el ingreso a la planta en rechazo a tres despidos&hellip;","og_url":"https:\/\/diariotextual.com\/inicio\/index.php\/2019\/05\/31\/san-martin-continua-piquete-echaron-mas-la-salinera\/","og_site_name":"Diario Textual","article_publisher":"https:\/\/www.facebook.com\/eltextual","article_published_time":"2019-05-31T21:12:55+00:00","article_modified_time":"2019-06-01T12:12:00+00:00","og_image":[{"width":1274,"height":923,"url":"https:\/\/diariotextual.com\/inicio\/wp-content\/uploads\/2019\/05\/salineratimboreclamosalinasanmartinpiquete2019-1.jpeg","type":"image\/jpeg"}],"author":"Diario1 Diario1","twitter_card":"summary_large_image","twitter_creator":"@eltextual","twitter_site":"@eltextual","twitter_misc":{"Escrito por":"Diario1 Diario1","Tiempo de lectura":"3 minutos"},"schema":{"@context":"https:\/\/schema.org","@graph":[{"@type":"Article","@id":"https:\/\/diariotextual.com\/inicio\/index.php\/2019\/05\/31\/san-martin-continua-piquete-echaron-mas-la-salinera\/#article","isPartOf":{"@id":"https:\/\/diariotextual.com\/inicio\/index.php\/2019\/05\/31\/san-martin-continua-piquete-echaron-mas-la-salinera\/"},"author":{"name":"Diario1 Diario1","@id":"https:\/\/diariotextual.com\/inicio\/#\/schema\/person\/418fc4093c33e86ed41562db3508f958"},"headline":"San Mart\u00edn: ya son cuatro los despedidos en la salinera","datePublished":"2019-05-31T21:12:55+00:00","dateModified":"2019-06-01T12:12:00+00:00","mainEntityOfPage":{"@id":"https:\/\/diariotextual.com\/inicio\/index.php\/2019\/05\/31\/san-martin-continua-piquete-echaron-mas-la-salinera\/"},"wordCount":517,"publisher":{"@id":"https:\/\/diariotextual.com\/inicio\/#organization"},"image":{"@id":"https:\/\/diariotextual.com\/inicio\/index.php\/2019\/05\/31\/san-martin-continua-piquete-echaron-mas-la-salinera\/#primaryimage"},"thumbnailUrl":"https:\/\/diariotextual.com\/inicio\/wp-content\/uploads\/2019\/05\/salineratimboreclamosalinasanmartinpiquete2019-1.jpeg","keywords":["timbo"],"articleSection":["ECONOMIA"],"inLanguage":"es"},{"@type":"WebPage","@id":"https:\/\/diariotextual.com\/inicio\/index.php\/2019\/05\/31\/san-martin-continua-piquete-echaron-mas-la-salinera\/","url":"https:\/\/diariotextual.com\/inicio\/index.php\/2019\/05\/31\/san-martin-continua-piquete-echaron-mas-la-salinera\/","name":"San Mart\u00edn: ya son cuatro los despedidos en la salinera - Diario Textual","isPartOf":{"@id":"https:\/\/diariotextual.com\/inicio\/#website"},"primaryImageOfPage":{"@id":"https:\/\/diariotextual.com\/inicio\/index.php\/2019\/05\/31\/san-martin-continua-piquete-echaron-mas-la-salinera\/#primaryimage"},"image":{"@id":"https:\/\/diariotextual.com\/inicio\/index.php\/2019\/05\/31\/san-martin-continua-piquete-echaron-mas-la-salinera\/#primaryimage"},"thumbnailUrl":"https:\/\/diariotextual.com\/inicio\/wp-content\/uploads\/2019\/05\/salineratimboreclamosalinasanmartinpiquete2019-1.jpeg","datePublished":"2019-05-31T21:12:55+00:00","dateModified":"2019-06-01T12:12:00+00:00","breadcrumb":{"@id":"https:\/\/diariotextual.com\/inicio\/index.php\/2019\/05\/31\/san-martin-continua-piquete-echaron-mas-la-salinera\/#breadcrumb"},"inLanguage":"es","potentialAction":[{"@type":"ReadAction","target":["https:\/\/diariotextual.com\/inicio\/index.php\/2019\/05\/31\/san-martin-continua-piquete-echaron-mas-la-salinera\/"]}]},{"@type":"ImageObject","inLanguage":"es","@id":"https:\/\/diariotextual.com\/inicio\/index.php\/2019\/05\/31\/san-martin-continua-piquete-echaron-mas-la-salinera\/#primaryimage","url":"https:\/\/diariotextual.com\/inicio\/wp-content\/uploads\/2019\/05\/salineratimboreclamosalinasanmartinpiquete2019-1.jpeg","contentUrl":"https:\/\/diariotextual.com\/inicio\/wp-content\/uploads\/2019\/05\/salineratimboreclamosalinasanmartinpiquete2019-1.jpeg","width":1274,"height":923},{"@type":"BreadcrumbList","@id":"https:\/\/diariotextual.com\/inicio\/index.php\/2019\/05\/31\/san-martin-continua-piquete-echaron-mas-la-salinera\/#breadcrumb","itemListElement":[{"@type":"ListItem","position":1,"name":"Portada","item":"https:\/\/diariotextual.com\/inicio\/"},{"@type":"ListItem","position":2,"name":"San Mart\u00edn: ya son cuatro los despedidos en la salinera"}]},{"@type":"WebSite","@id":"https:\/\/diariotextual.com\/inicio\/#website","url":"https:\/\/diariotextual.com\/inicio\/","name":"Diario Textual","description":"","publisher":{"@id":"https:\/\/diariotextual.com\/inicio\/#organization"},"potentialAction":[{"@type":"SearchAction","target":{"@type":"EntryPoint","urlTemplate":"https:\/\/diariotextual.com\/inicio\/?s={search_term_string}"},"query-input":{"@type":"PropertyValueSpecification","valueRequired":true,"valueName":"search_term_string"}}],"inLanguage":"es"},{"@type":"Organization","@id":"https:\/\/diariotextual.com\/inicio\/#organization","name":"Diario Textual","url":"https:\/\/diariotextual.com\/inicio\/","logo":{"@type":"ImageObject","inLanguage":"es","@id":"https:\/\/diariotextual.com\/inicio\/#\/schema\/logo\/image\/","url":"https:\/\/diariotextual.com\/inicio\/wp-content\/uploads\/2023\/05\/logotextual1.jpg","contentUrl":"https:\/\/diariotextual.com\/inicio\/wp-content\/uploads\/2023\/05\/logotextual1.jpg","width":516,"height":76,"caption":"Diario Textual"},"image":{"@id":"https:\/\/diariotextual.com\/inicio\/#\/schema\/logo\/image\/"},"sameAs":["https:\/\/www.facebook.com\/eltextual","https:\/\/x.com\/eltextual","http:\/\/www.instagram.com\/eltextual"]},{"@type":"Person","@id":"https:\/\/diariotextual.com\/inicio\/#\/schema\/person\/418fc4093c33e86ed41562db3508f958","name":"Diario1 Diario1","image":{"@type":"ImageObject","inLanguage":"es","@id":"https:\/\/secure.gravatar.com\/avatar\/9167d280179c85bc18be67aa7eda765854300033af4896dd779b608640f2ef7a?s=96&d=mm&r=g","url":"https:\/\/secure.gravatar.com\/avatar\/9167d280179c85bc18be67aa7eda765854300033af4896dd779b608640f2ef7a?s=96&d=mm&r=g","contentUrl":"https:\/\/secure.gravatar.com\/avatar\/9167d280179c85bc18be67aa7eda765854300033af4896dd779b608640f2ef7a?s=96&d=mm&r=g","caption":"Diario1 Diario1"},"url":"https:\/\/diariotextual.com\/inicio\/index.php\/author\/diario1\/"}]}},"_links":{"self":[{"href":"https:\/\/diariotextual.com\/inicio\/index.php\/wp-json\/wp\/v2\/posts\/50582","targetHints":{"allow":["GET"]}}],"collection":[{"href":"https:\/\/diariotextual.com\/inicio\/index.php\/wp-json\/wp\/v2\/posts"}],"about":[{"href":"https:\/\/diariotextual.com\/inicio\/index.php\/wp-json\/wp\/v2\/types\/post"}],"author":[{"embeddable":true,"href":"https:\/\/diariotextual.com\/inicio\/index.php\/wp-json\/wp\/v2\/users\/3"}],"replies":[{"embeddable":true,"href":"https:\/\/diariotextual.com\/inicio\/index.php\/wp-json\/wp\/v2\/comments?post=50582"}],"version-history":[{"count":8,"href":"https:\/\/diariotextual.com\/inicio\/index.php\/wp-json\/wp\/v2\/posts\/50582\/revisions"}],"predecessor-version":[{"id":50621,"href":"https:\/\/diariotextual.com\/inicio\/index.php\/wp-json\/wp\/v2\/posts\/50582\/revisions\/50621"}],"wp:featuredmedia":[{"embeddable":true,"href":"https:\/\/diariotextual.com\/inicio\/index.php\/wp-json\/wp\/v2\/media\/50585"}],"wp:attachment":[{"href":"https:\/\/diariotextual.com\/inicio\/index.php\/wp-json\/wp\/v2\/media?parent=50582"}],"wp:term":[{"taxonomy":"category","embeddable":true,"href":"https:\/\/diariotextual.com\/inicio\/index.php\/wp-json\/wp\/v2\/categories?post=50582"},{"taxonomy":"post_tag","embeddable":true,"href":"https:\/\/diariotextual.com\/inicio\/index.php\/wp-json\/wp\/v2\/tags?post=50582"}],"curies":[{"name":"wp","href":"https:\/\/api.w.org\/{rel}","templated":true}]}}