{"id":51331,"date":"2019-06-08T10:07:55","date_gmt":"2019-06-08T13:07:55","guid":{"rendered":"http:\/\/diariotextual.com\/inicio\/?p=51331"},"modified":"2019-06-09T10:57:33","modified_gmt":"2019-06-09T13:57:33","slug":"atuel-fallo-la-corte-va-marcar-despues-pais","status":"publish","type":"post","link":"https:\/\/diariotextual.com\/inicio\/index.php\/2019\/06\/08\/atuel-fallo-la-corte-va-marcar-despues-pais\/","title":{"rendered":"Atuel: \u201cEl fallo de la Corte va a marcar un antes y un despu\u00e9s en el pa\u00eds\u201d"},"content":{"rendered":"<p><strong>Javier Schlegel<\/strong>, secretario de Recursos H\u00eddricos de La Pampa, dijo este s\u00e1bado que el fallo de la Corte Suprema de Justicia que esta semana<strong> declar\u00f3 la constitucionalidad de la Ley de Glaciares es un \u201cindicio\u201d de que tambi\u00e9n resolver\u00e1 a favor de La Pampa en la demanda contra Mendoza<\/strong> por el corte del r\u00edo<strong> Atuel<\/strong>.<\/p>\n<p>\u201cEl fallo sobre la preservaci\u00f3n de los glaciares es un fallo de car\u00e1cter ambiental. Es auspicioso para nuestra provincia, porque si sobreviene un fallo ambiental se reconocer\u00e1 que La Pampa requiere un caudal h\u00eddrico apto\u201d, dijo a Radio Textual (FM Sonar).<\/p>\n<p>\u201cEl d\u00eda que la Corte se expida va a marcar un antes y un despu\u00e9s en la cuesti\u00f3n h\u00eddrica del pa\u00eds\u201d, manifest\u00f3. \u201cEs que hist\u00f3ricamente se seccionaban las cuencas de un sector en desmedro de otro. La sentencia previa, del 1 de diciembre de 2017, empez\u00f3 a marcar el rumbo. A los que le degradaron el ambiente, ya lo dijo la CSJN, fue a La Pampa. Por eso creemos que el fallo ser\u00e1 favorable para nuestra provincia\u201d.<\/p>\n<p>\u201cEste es un fallo que ilusiona. Pero debemos ser precavidos y seguir trabajando para hacer valer nuestros derechos\u201d, sostuvo.<\/p>\n<p>La Corte, en el fallo por la Ley de Glaciares, utiliz\u00f3 argumentos de la sentencia previa del 1\u00b0 de diciembre de 2017 sobre el Atuel, en el que estableci\u00f3 que hubo una degradaci\u00f3n ambiental en el oeste pampeano.<\/p>\n<p>En ese fallo de hace un a\u00f1o y medio, se caracteriza el ambiente como \u00abun bien colectivo, de pertenencia comunitaria, de uso com\u00fan e indivisible\u00bb.<\/p>\n<p>En el ingreso a La Pampa, el cauce del r\u00edo Atuel se encuentra completamente seco pese a la resoluci\u00f3n de la Corte Suprema de Justicia de diciembre de 2017, que orden\u00f3 a Mendoza restablecer un caudal m\u00ednimo para recomponer el ecosistema pampeano.<\/p>\n<p>&nbsp;<\/p>\n<p>&nbsp;<\/p>\n<p>&nbsp;<\/p>\n<p>&nbsp;<\/p>\n","protected":false},"excerpt":{"rendered":"<p>Javier Schlegel, secretario de Recursos H\u00eddricos de La Pampa, dijo este s\u00e1bado que el fallo de la Corte Suprema de Justicia que esta semana declar\u00f3 la constitucionalidad de la Ley&hellip;<\/p>\n","protected":false},"author":3,"featured_media":32239,"comment_status":"closed","ping_status":"open","sticky":false,"template":"","format":"standard","meta":{"_acf_changed":false,"footnotes":""},"categories":[319,12],"tags":[],"class_list":["post-51331","post","type-post","status-publish","format-standard","has-post-thumbnail","hentry","category-a-temporales","category-sociedad"],"acf":[],"yoast_head":"<!-- This site is optimized with the Yoast SEO plugin v27.5 - https:\/\/yoast.com\/product\/yoast-seo-wordpress\/ -->\n<title>Atuel: \u201cEl fallo de la Corte va a marcar un antes y un despu\u00e9s en el pa\u00eds\u201d - Diario Textual<\/title>\n<meta name=\"robots\" content=\"index, follow, max-snippet:-1, max-image-preview:large, max-video-preview:-1\" \/>\n<link rel=\"canonical\" href=\"https:\/\/diariotextual.com\/inicio\/index.php\/2019\/06\/08\/atuel-fallo-la-corte-va-marcar-despues-pais\/\" \/>\n<meta property=\"og:locale\" content=\"es_ES\" \/>\n<meta property=\"og:type\" content=\"article\" \/>\n<meta property=\"og:title\" content=\"Atuel: \u201cEl fallo de la Corte va a marcar un antes y un despu\u00e9s en el pa\u00eds\u201d - Diario Textual\" \/>\n<meta property=\"og:description\" content=\"Javier Schlegel, secretario de Recursos H\u00eddricos de La Pampa, dijo este s\u00e1bado que el fallo de la Corte Suprema de Justicia que esta semana declar\u00f3 la constitucionalidad de la Ley&hellip;\" \/>\n<meta property=\"og:url\" content=\"https:\/\/diariotextual.com\/inicio\/index.php\/2019\/06\/08\/atuel-fallo-la-corte-va-marcar-despues-pais\/\" \/>\n<meta property=\"og:site_name\" content=\"Diario Textual\" \/>\n<meta property=\"article:publisher\" content=\"https:\/\/www.facebook.com\/eltextual\" \/>\n<meta property=\"article:published_time\" content=\"2019-06-08T13:07:55+00:00\" \/>\n<meta property=\"article:modified_time\" content=\"2019-06-09T13:57:33+00:00\" \/>\n<meta property=\"og:image\" content=\"https:\/\/diariotextual.com\/inicio\/wp-content\/uploads\/2018\/12\/atuelbandera2018-2.jpg\" \/>\n\t<meta property=\"og:image:width\" content=\"1080\" \/>\n\t<meta property=\"og:image:height\" content=\"715\" \/>\n\t<meta property=\"og:image:type\" content=\"image\/jpeg\" \/>\n<meta name=\"author\" content=\"Diario1 Diario1\" \/>\n<meta name=\"twitter:card\" content=\"summary_large_image\" \/>\n<meta name=\"twitter:creator\" content=\"@eltextual\" \/>\n<meta name=\"twitter:site\" content=\"@eltextual\" \/>\n<meta name=\"twitter:label1\" content=\"Escrito por\" \/>\n\t<meta name=\"twitter:data1\" content=\"Diario1 Diario1\" \/>\n\t<meta name=\"twitter:label2\" content=\"Tiempo de lectura\" \/>\n\t<meta name=\"twitter:data2\" content=\"2 minutos\" \/>\n<script type=\"application\/ld+json\" class=\"yoast-schema-graph\">{\"@context\":\"https:\\\/\\\/schema.org\",\"@graph\":[{\"@type\":\"Article\",\"@id\":\"https:\\\/\\\/diariotextual.com\\\/inicio\\\/index.php\\\/2019\\\/06\\\/08\\\/atuel-fallo-la-corte-va-marcar-despues-pais\\\/#article\",\"isPartOf\":{\"@id\":\"https:\\\/\\\/diariotextual.com\\\/inicio\\\/index.php\\\/2019\\\/06\\\/08\\\/atuel-fallo-la-corte-va-marcar-despues-pais\\\/\"},\"author\":{\"name\":\"Diario1 Diario1\",\"@id\":\"https:\\\/\\\/diariotextual.com\\\/inicio\\\/#\\\/schema\\\/person\\\/418fc4093c33e86ed41562db3508f958\"},\"headline\":\"Atuel: \u201cEl fallo de la Corte va a marcar un antes y un despu\u00e9s en el pa\u00eds\u201d\",\"datePublished\":\"2019-06-08T13:07:55+00:00\",\"dateModified\":\"2019-06-09T13:57:33+00:00\",\"mainEntityOfPage\":{\"@id\":\"https:\\\/\\\/diariotextual.com\\\/inicio\\\/index.php\\\/2019\\\/06\\\/08\\\/atuel-fallo-la-corte-va-marcar-despues-pais\\\/\"},\"wordCount\":334,\"publisher\":{\"@id\":\"https:\\\/\\\/diariotextual.com\\\/inicio\\\/#organization\"},\"image\":{\"@id\":\"https:\\\/\\\/diariotextual.com\\\/inicio\\\/index.php\\\/2019\\\/06\\\/08\\\/atuel-fallo-la-corte-va-marcar-despues-pais\\\/#primaryimage\"},\"thumbnailUrl\":\"https:\\\/\\\/diariotextual.com\\\/inicio\\\/wp-content\\\/uploads\\\/2018\\\/12\\\/atuelbandera2018-2.jpg\",\"articleSection\":[\"A - TEMPORALES\",\"SOCIEDAD\"],\"inLanguage\":\"es\"},{\"@type\":\"WebPage\",\"@id\":\"https:\\\/\\\/diariotextual.com\\\/inicio\\\/index.php\\\/2019\\\/06\\\/08\\\/atuel-fallo-la-corte-va-marcar-despues-pais\\\/\",\"url\":\"https:\\\/\\\/diariotextual.com\\\/inicio\\\/index.php\\\/2019\\\/06\\\/08\\\/atuel-fallo-la-corte-va-marcar-despues-pais\\\/\",\"name\":\"Atuel: \u201cEl fallo de la Corte va a marcar un antes y un despu\u00e9s en el pa\u00eds\u201d - Diario Textual\",\"isPartOf\":{\"@id\":\"https:\\\/\\\/diariotextual.com\\\/inicio\\\/#website\"},\"primaryImageOfPage\":{\"@id\":\"https:\\\/\\\/diariotextual.com\\\/inicio\\\/index.php\\\/2019\\\/06\\\/08\\\/atuel-fallo-la-corte-va-marcar-despues-pais\\\/#primaryimage\"},\"image\":{\"@id\":\"https:\\\/\\\/diariotextual.com\\\/inicio\\\/index.php\\\/2019\\\/06\\\/08\\\/atuel-fallo-la-corte-va-marcar-despues-pais\\\/#primaryimage\"},\"thumbnailUrl\":\"https:\\\/\\\/diariotextual.com\\\/inicio\\\/wp-content\\\/uploads\\\/2018\\\/12\\\/atuelbandera2018-2.jpg\",\"datePublished\":\"2019-06-08T13:07:55+00:00\",\"dateModified\":\"2019-06-09T13:57:33+00:00\",\"breadcrumb\":{\"@id\":\"https:\\\/\\\/diariotextual.com\\\/inicio\\\/index.php\\\/2019\\\/06\\\/08\\\/atuel-fallo-la-corte-va-marcar-despues-pais\\\/#breadcrumb\"},\"inLanguage\":\"es\",\"potentialAction\":[{\"@type\":\"ReadAction\",\"target\":[\"https:\\\/\\\/diariotextual.com\\\/inicio\\\/index.php\\\/2019\\\/06\\\/08\\\/atuel-fallo-la-corte-va-marcar-despues-pais\\\/\"]}]},{\"@type\":\"ImageObject\",\"inLanguage\":\"es\",\"@id\":\"https:\\\/\\\/diariotextual.com\\\/inicio\\\/index.php\\\/2019\\\/06\\\/08\\\/atuel-fallo-la-corte-va-marcar-despues-pais\\\/#primaryimage\",\"url\":\"https:\\\/\\\/diariotextual.com\\\/inicio\\\/wp-content\\\/uploads\\\/2018\\\/12\\\/atuelbandera2018-2.jpg\",\"contentUrl\":\"https:\\\/\\\/diariotextual.com\\\/inicio\\\/wp-content\\\/uploads\\\/2018\\\/12\\\/atuelbandera2018-2.jpg\",\"width\":1080,\"height\":715},{\"@type\":\"BreadcrumbList\",\"@id\":\"https:\\\/\\\/diariotextual.com\\\/inicio\\\/index.php\\\/2019\\\/06\\\/08\\\/atuel-fallo-la-corte-va-marcar-despues-pais\\\/#breadcrumb\",\"itemListElement\":[{\"@type\":\"ListItem\",\"position\":1,\"name\":\"Portada\",\"item\":\"https:\\\/\\\/diariotextual.com\\\/inicio\\\/\"},{\"@type\":\"ListItem\",\"position\":2,\"name\":\"Atuel: \u201cEl fallo de la Corte va a marcar un antes y un despu\u00e9s en el pa\u00eds\u201d\"}]},{\"@type\":\"WebSite\",\"@id\":\"https:\\\/\\\/diariotextual.com\\\/inicio\\\/#website\",\"url\":\"https:\\\/\\\/diariotextual.com\\\/inicio\\\/\",\"name\":\"Diario Textual\",\"description\":\"\",\"publisher\":{\"@id\":\"https:\\\/\\\/diariotextual.com\\\/inicio\\\/#organization\"},\"potentialAction\":[{\"@type\":\"SearchAction\",\"target\":{\"@type\":\"EntryPoint\",\"urlTemplate\":\"https:\\\/\\\/diariotextual.com\\\/inicio\\\/?s={search_term_string}\"},\"query-input\":{\"@type\":\"PropertyValueSpecification\",\"valueRequired\":true,\"valueName\":\"search_term_string\"}}],\"inLanguage\":\"es\"},{\"@type\":\"Organization\",\"@id\":\"https:\\\/\\\/diariotextual.com\\\/inicio\\\/#organization\",\"name\":\"Diario Textual\",\"url\":\"https:\\\/\\\/diariotextual.com\\\/inicio\\\/\",\"logo\":{\"@type\":\"ImageObject\",\"inLanguage\":\"es\",\"@id\":\"https:\\\/\\\/diariotextual.com\\\/inicio\\\/#\\\/schema\\\/logo\\\/image\\\/\",\"url\":\"https:\\\/\\\/diariotextual.com\\\/inicio\\\/wp-content\\\/uploads\\\/2023\\\/05\\\/logotextual1.jpg\",\"contentUrl\":\"https:\\\/\\\/diariotextual.com\\\/inicio\\\/wp-content\\\/uploads\\\/2023\\\/05\\\/logotextual1.jpg\",\"width\":516,\"height\":76,\"caption\":\"Diario Textual\"},\"image\":{\"@id\":\"https:\\\/\\\/diariotextual.com\\\/inicio\\\/#\\\/schema\\\/logo\\\/image\\\/\"},\"sameAs\":[\"https:\\\/\\\/www.facebook.com\\\/eltextual\",\"https:\\\/\\\/x.com\\\/eltextual\",\"http:\\\/\\\/www.instagram.com\\\/eltextual\"]},{\"@type\":\"Person\",\"@id\":\"https:\\\/\\\/diariotextual.com\\\/inicio\\\/#\\\/schema\\\/person\\\/418fc4093c33e86ed41562db3508f958\",\"name\":\"Diario1 Diario1\",\"image\":{\"@type\":\"ImageObject\",\"inLanguage\":\"es\",\"@id\":\"https:\\\/\\\/secure.gravatar.com\\\/avatar\\\/9167d280179c85bc18be67aa7eda765854300033af4896dd779b608640f2ef7a?s=96&d=mm&r=g\",\"url\":\"https:\\\/\\\/secure.gravatar.com\\\/avatar\\\/9167d280179c85bc18be67aa7eda765854300033af4896dd779b608640f2ef7a?s=96&d=mm&r=g\",\"contentUrl\":\"https:\\\/\\\/secure.gravatar.com\\\/avatar\\\/9167d280179c85bc18be67aa7eda765854300033af4896dd779b608640f2ef7a?s=96&d=mm&r=g\",\"caption\":\"Diario1 Diario1\"},\"url\":\"https:\\\/\\\/diariotextual.com\\\/inicio\\\/index.php\\\/author\\\/diario1\\\/\"}]}<\/script>\n<!-- \/ Yoast SEO plugin. -->","yoast_head_json":{"title":"Atuel: \u201cEl fallo de la Corte va a marcar un antes y un despu\u00e9s en el pa\u00eds\u201d - Diario Textual","robots":{"index":"index","follow":"follow","max-snippet":"max-snippet:-1","max-image-preview":"max-image-preview:large","max-video-preview":"max-video-preview:-1"},"canonical":"https:\/\/diariotextual.com\/inicio\/index.php\/2019\/06\/08\/atuel-fallo-la-corte-va-marcar-despues-pais\/","og_locale":"es_ES","og_type":"article","og_title":"Atuel: \u201cEl fallo de la Corte va a marcar un antes y un despu\u00e9s en el pa\u00eds\u201d - Diario Textual","og_description":"Javier Schlegel, secretario de Recursos H\u00eddricos de La Pampa, dijo este s\u00e1bado que el fallo de la Corte Suprema de Justicia que esta semana declar\u00f3 la constitucionalidad de la Ley&hellip;","og_url":"https:\/\/diariotextual.com\/inicio\/index.php\/2019\/06\/08\/atuel-fallo-la-corte-va-marcar-despues-pais\/","og_site_name":"Diario Textual","article_publisher":"https:\/\/www.facebook.com\/eltextual","article_published_time":"2019-06-08T13:07:55+00:00","article_modified_time":"2019-06-09T13:57:33+00:00","og_image":[{"width":1080,"height":715,"url":"https:\/\/diariotextual.com\/inicio\/wp-content\/uploads\/2018\/12\/atuelbandera2018-2.jpg","type":"image\/jpeg"}],"author":"Diario1 Diario1","twitter_card":"summary_large_image","twitter_creator":"@eltextual","twitter_site":"@eltextual","twitter_misc":{"Escrito por":"Diario1 Diario1","Tiempo de lectura":"2 minutos"},"schema":{"@context":"https:\/\/schema.org","@graph":[{"@type":"Article","@id":"https:\/\/diariotextual.com\/inicio\/index.php\/2019\/06\/08\/atuel-fallo-la-corte-va-marcar-despues-pais\/#article","isPartOf":{"@id":"https:\/\/diariotextual.com\/inicio\/index.php\/2019\/06\/08\/atuel-fallo-la-corte-va-marcar-despues-pais\/"},"author":{"name":"Diario1 Diario1","@id":"https:\/\/diariotextual.com\/inicio\/#\/schema\/person\/418fc4093c33e86ed41562db3508f958"},"headline":"Atuel: \u201cEl fallo de la Corte va a marcar un antes y un despu\u00e9s en el pa\u00eds\u201d","datePublished":"2019-06-08T13:07:55+00:00","dateModified":"2019-06-09T13:57:33+00:00","mainEntityOfPage":{"@id":"https:\/\/diariotextual.com\/inicio\/index.php\/2019\/06\/08\/atuel-fallo-la-corte-va-marcar-despues-pais\/"},"wordCount":334,"publisher":{"@id":"https:\/\/diariotextual.com\/inicio\/#organization"},"image":{"@id":"https:\/\/diariotextual.com\/inicio\/index.php\/2019\/06\/08\/atuel-fallo-la-corte-va-marcar-despues-pais\/#primaryimage"},"thumbnailUrl":"https:\/\/diariotextual.com\/inicio\/wp-content\/uploads\/2018\/12\/atuelbandera2018-2.jpg","articleSection":["A - TEMPORALES","SOCIEDAD"],"inLanguage":"es"},{"@type":"WebPage","@id":"https:\/\/diariotextual.com\/inicio\/index.php\/2019\/06\/08\/atuel-fallo-la-corte-va-marcar-despues-pais\/","url":"https:\/\/diariotextual.com\/inicio\/index.php\/2019\/06\/08\/atuel-fallo-la-corte-va-marcar-despues-pais\/","name":"Atuel: \u201cEl fallo de la Corte va a marcar un antes y un despu\u00e9s en el pa\u00eds\u201d - Diario Textual","isPartOf":{"@id":"https:\/\/diariotextual.com\/inicio\/#website"},"primaryImageOfPage":{"@id":"https:\/\/diariotextual.com\/inicio\/index.php\/2019\/06\/08\/atuel-fallo-la-corte-va-marcar-despues-pais\/#primaryimage"},"image":{"@id":"https:\/\/diariotextual.com\/inicio\/index.php\/2019\/06\/08\/atuel-fallo-la-corte-va-marcar-despues-pais\/#primaryimage"},"thumbnailUrl":"https:\/\/diariotextual.com\/inicio\/wp-content\/uploads\/2018\/12\/atuelbandera2018-2.jpg","datePublished":"2019-06-08T13:07:55+00:00","dateModified":"2019-06-09T13:57:33+00:00","breadcrumb":{"@id":"https:\/\/diariotextual.com\/inicio\/index.php\/2019\/06\/08\/atuel-fallo-la-corte-va-marcar-despues-pais\/#breadcrumb"},"inLanguage":"es","potentialAction":[{"@type":"ReadAction","target":["https:\/\/diariotextual.com\/inicio\/index.php\/2019\/06\/08\/atuel-fallo-la-corte-va-marcar-despues-pais\/"]}]},{"@type":"ImageObject","inLanguage":"es","@id":"https:\/\/diariotextual.com\/inicio\/index.php\/2019\/06\/08\/atuel-fallo-la-corte-va-marcar-despues-pais\/#primaryimage","url":"https:\/\/diariotextual.com\/inicio\/wp-content\/uploads\/2018\/12\/atuelbandera2018-2.jpg","contentUrl":"https:\/\/diariotextual.com\/inicio\/wp-content\/uploads\/2018\/12\/atuelbandera2018-2.jpg","width":1080,"height":715},{"@type":"BreadcrumbList","@id":"https:\/\/diariotextual.com\/inicio\/index.php\/2019\/06\/08\/atuel-fallo-la-corte-va-marcar-despues-pais\/#breadcrumb","itemListElement":[{"@type":"ListItem","position":1,"name":"Portada","item":"https:\/\/diariotextual.com\/inicio\/"},{"@type":"ListItem","position":2,"name":"Atuel: \u201cEl fallo de la Corte va a marcar un antes y un despu\u00e9s en el pa\u00eds\u201d"}]},{"@type":"WebSite","@id":"https:\/\/diariotextual.com\/inicio\/#website","url":"https:\/\/diariotextual.com\/inicio\/","name":"Diario Textual","description":"","publisher":{"@id":"https:\/\/diariotextual.com\/inicio\/#organization"},"potentialAction":[{"@type":"SearchAction","target":{"@type":"EntryPoint","urlTemplate":"https:\/\/diariotextual.com\/inicio\/?s={search_term_string}"},"query-input":{"@type":"PropertyValueSpecification","valueRequired":true,"valueName":"search_term_string"}}],"inLanguage":"es"},{"@type":"Organization","@id":"https:\/\/diariotextual.com\/inicio\/#organization","name":"Diario Textual","url":"https:\/\/diariotextual.com\/inicio\/","logo":{"@type":"ImageObject","inLanguage":"es","@id":"https:\/\/diariotextual.com\/inicio\/#\/schema\/logo\/image\/","url":"https:\/\/diariotextual.com\/inicio\/wp-content\/uploads\/2023\/05\/logotextual1.jpg","contentUrl":"https:\/\/diariotextual.com\/inicio\/wp-content\/uploads\/2023\/05\/logotextual1.jpg","width":516,"height":76,"caption":"Diario Textual"},"image":{"@id":"https:\/\/diariotextual.com\/inicio\/#\/schema\/logo\/image\/"},"sameAs":["https:\/\/www.facebook.com\/eltextual","https:\/\/x.com\/eltextual","http:\/\/www.instagram.com\/eltextual"]},{"@type":"Person","@id":"https:\/\/diariotextual.com\/inicio\/#\/schema\/person\/418fc4093c33e86ed41562db3508f958","name":"Diario1 Diario1","image":{"@type":"ImageObject","inLanguage":"es","@id":"https:\/\/secure.gravatar.com\/avatar\/9167d280179c85bc18be67aa7eda765854300033af4896dd779b608640f2ef7a?s=96&d=mm&r=g","url":"https:\/\/secure.gravatar.com\/avatar\/9167d280179c85bc18be67aa7eda765854300033af4896dd779b608640f2ef7a?s=96&d=mm&r=g","contentUrl":"https:\/\/secure.gravatar.com\/avatar\/9167d280179c85bc18be67aa7eda765854300033af4896dd779b608640f2ef7a?s=96&d=mm&r=g","caption":"Diario1 Diario1"},"url":"https:\/\/diariotextual.com\/inicio\/index.php\/author\/diario1\/"}]}},"_links":{"self":[{"href":"https:\/\/diariotextual.com\/inicio\/index.php\/wp-json\/wp\/v2\/posts\/51331","targetHints":{"allow":["GET"]}}],"collection":[{"href":"https:\/\/diariotextual.com\/inicio\/index.php\/wp-json\/wp\/v2\/posts"}],"about":[{"href":"https:\/\/diariotextual.com\/inicio\/index.php\/wp-json\/wp\/v2\/types\/post"}],"author":[{"embeddable":true,"href":"https:\/\/diariotextual.com\/inicio\/index.php\/wp-json\/wp\/v2\/users\/3"}],"replies":[{"embeddable":true,"href":"https:\/\/diariotextual.com\/inicio\/index.php\/wp-json\/wp\/v2\/comments?post=51331"}],"version-history":[{"count":3,"href":"https:\/\/diariotextual.com\/inicio\/index.php\/wp-json\/wp\/v2\/posts\/51331\/revisions"}],"predecessor-version":[{"id":51334,"href":"https:\/\/diariotextual.com\/inicio\/index.php\/wp-json\/wp\/v2\/posts\/51331\/revisions\/51334"}],"wp:featuredmedia":[{"embeddable":true,"href":"https:\/\/diariotextual.com\/inicio\/index.php\/wp-json\/wp\/v2\/media\/32239"}],"wp:attachment":[{"href":"https:\/\/diariotextual.com\/inicio\/index.php\/wp-json\/wp\/v2\/media?parent=51331"}],"wp:term":[{"taxonomy":"category","embeddable":true,"href":"https:\/\/diariotextual.com\/inicio\/index.php\/wp-json\/wp\/v2\/categories?post=51331"},{"taxonomy":"post_tag","embeddable":true,"href":"https:\/\/diariotextual.com\/inicio\/index.php\/wp-json\/wp\/v2\/tags?post=51331"}],"curies":[{"name":"wp","href":"https:\/\/api.w.org\/{rel}","templated":true}]}}