{"id":51351,"date":"2019-06-08T11:54:21","date_gmt":"2019-06-08T14:54:21","guid":{"rendered":"http:\/\/diariotextual.com\/inicio\/?p=51351"},"modified":"2019-06-08T12:38:21","modified_gmt":"2019-06-08T15:38:21","slug":"trump-anuncio-llego-acuerdo-mexico-controlar-la-migracion","status":"publish","type":"post","link":"https:\/\/diariotextual.com\/inicio\/index.php\/2019\/06\/08\/trump-anuncio-llego-acuerdo-mexico-controlar-la-migracion\/","title":{"rendered":"Trump anunci\u00f3 que lleg\u00f3 a un acuerdo con M\u00e9xico para controlar la migraci\u00f3n"},"content":{"rendered":"<p>El presidente de Estados Unidos, <strong>Donald Trump<\/strong>, public\u00f3 en su cuenta de Twitter dos mensajes en los anunci\u00f3 un acuerdo con <strong>M\u00e9xico sobre el tema migratorio<\/strong>, con lo que <strong>se suspende la aplicaci\u00f3n de aranceles a productos mexicanos<\/strong> que hab\u00eda anunciado a partir del lunes.<\/p>\n<p>\u00abMe complace informar que los Estados Unidos de Am\u00e9rica han alcanzado un acuerdo con M\u00e9xico. Las tarifas programadas para ser implementadas por los EEUU el lunes, en contra de M\u00e9xico, quedan suspendidas indefinidamente. M\u00e9xico, a su vez, ha acordado tomar medidas en\u00e9rgicas para\u2026 detener la marea de la migraci\u00f3n a trav\u00e9s de M\u00e9xico y hacia nuestra frontera sur. Esto se est\u00e1 haciendo para reducir o eliminar en gran medida la inmigraci\u00f3n ilegal que viene de M\u00e9xico a los Estados Unidos. Los detalles del acuerdo ser\u00e1n publicados en breve por el Departamento de Estado. \u00a1Gracias!\u00bb, public\u00f3 el mandatario estadounidense en su red social.<\/p>\n<div class=\"row pb-content-type-text\">\n<div class=\"col-xs-12 col-print-12\">\n<p class=\"element element-paragraph\">El presidente\u00a0<strong>Andr\u00e9s Manuel L\u00f3pez Obrador agradeci\u00f3 el apoyo de los mexicanos para evitar la imposici\u00f3n de aranceles<\/strong>, sin embargo, no cancel\u00f3 el mitin de \u00abunidad\u00bb al que convoc\u00f3 para este s\u00e1bado en Tijuana, en la frontera, para\u00a0<strong>protestar contra las presiones del mandatario estadounidense.<\/strong><\/p>\n<\/div>\n<\/div>\n<div class=\"row pb-content-type-text\">\n<div class=\"col-xs-12 col-print-12\">\n<p class=\"element element-paragraph\">\u00abGracias al apoyo de todos los mexicanos se logr\u00f3 evitar la imposici\u00f3n de aranceles a los productos mexicanos que se exportan a EEUU. Marcelo Ebrard dar\u00e1 detalles del arreglo; de todas maneras, nos congregaremos para celebrarlo ma\u00f1ana en Tijuana a las 5 de la tarde\u00bb, public\u00f3 junto con una foto del \u00e1guila, escudo de la bandera mexicana.<\/p>\n<\/div>\n<\/div>\n","protected":false},"excerpt":{"rendered":"<p>El presidente de Estados Unidos, Donald Trump, public\u00f3 en su cuenta de Twitter dos mensajes en los anunci\u00f3 un acuerdo con M\u00e9xico sobre el tema migratorio, con lo que se&hellip;<\/p>\n","protected":false},"author":3,"featured_media":28733,"comment_status":"closed","ping_status":"open","sticky":false,"template":"","format":"standard","meta":{"_acf_changed":false,"footnotes":""},"categories":[11,7],"tags":[],"class_list":["post-51351","post","type-post","status-publish","format-standard","has-post-thumbnail","hentry","category-que-pasa","category-mundo"],"acf":[],"yoast_head":"<!-- This site is optimized with the Yoast SEO plugin v27.4 - https:\/\/yoast.com\/product\/yoast-seo-wordpress\/ -->\n<title>Trump anunci\u00f3 que lleg\u00f3 a un acuerdo con M\u00e9xico para controlar la migraci\u00f3n - Diario Textual<\/title>\n<meta name=\"robots\" content=\"index, follow, max-snippet:-1, max-image-preview:large, max-video-preview:-1\" \/>\n<link rel=\"canonical\" href=\"https:\/\/diariotextual.com\/inicio\/index.php\/2019\/06\/08\/trump-anuncio-llego-acuerdo-mexico-controlar-la-migracion\/\" \/>\n<meta property=\"og:locale\" content=\"es_ES\" \/>\n<meta property=\"og:type\" content=\"article\" \/>\n<meta property=\"og:title\" content=\"Trump anunci\u00f3 que lleg\u00f3 a un acuerdo con M\u00e9xico para controlar la migraci\u00f3n - Diario Textual\" \/>\n<meta property=\"og:description\" content=\"El presidente de Estados Unidos, Donald Trump, public\u00f3 en su cuenta de Twitter dos mensajes en los anunci\u00f3 un acuerdo con M\u00e9xico sobre el tema migratorio, con lo que se&hellip;\" \/>\n<meta property=\"og:url\" content=\"https:\/\/diariotextual.com\/inicio\/index.php\/2019\/06\/08\/trump-anuncio-llego-acuerdo-mexico-controlar-la-migracion\/\" \/>\n<meta property=\"og:site_name\" content=\"Diario Textual\" \/>\n<meta property=\"article:publisher\" content=\"https:\/\/www.facebook.com\/eltextual\" \/>\n<meta property=\"article:published_time\" content=\"2019-06-08T14:54:21+00:00\" \/>\n<meta property=\"article:modified_time\" content=\"2019-06-08T15:38:21+00:00\" \/>\n<meta property=\"og:image\" content=\"https:\/\/diariotextual.com\/inicio\/wp-content\/uploads\/2018\/11\/trumpdonald1111333.jpg\" \/>\n\t<meta property=\"og:image:width\" content=\"969\" \/>\n\t<meta property=\"og:image:height\" content=\"601\" \/>\n\t<meta property=\"og:image:type\" content=\"image\/jpeg\" \/>\n<meta name=\"author\" content=\"Diario1 Diario1\" \/>\n<meta name=\"twitter:card\" content=\"summary_large_image\" \/>\n<meta name=\"twitter:creator\" content=\"@eltextual\" \/>\n<meta name=\"twitter:site\" content=\"@eltextual\" \/>\n<meta name=\"twitter:label1\" content=\"Escrito por\" \/>\n\t<meta name=\"twitter:data1\" content=\"Diario1 Diario1\" \/>\n\t<meta name=\"twitter:label2\" content=\"Tiempo de lectura\" \/>\n\t<meta name=\"twitter:data2\" content=\"1 minuto\" \/>\n<script type=\"application\/ld+json\" class=\"yoast-schema-graph\">{\"@context\":\"https:\\\/\\\/schema.org\",\"@graph\":[{\"@type\":\"Article\",\"@id\":\"https:\\\/\\\/diariotextual.com\\\/inicio\\\/index.php\\\/2019\\\/06\\\/08\\\/trump-anuncio-llego-acuerdo-mexico-controlar-la-migracion\\\/#article\",\"isPartOf\":{\"@id\":\"https:\\\/\\\/diariotextual.com\\\/inicio\\\/index.php\\\/2019\\\/06\\\/08\\\/trump-anuncio-llego-acuerdo-mexico-controlar-la-migracion\\\/\"},\"author\":{\"name\":\"Diario1 Diario1\",\"@id\":\"https:\\\/\\\/diariotextual.com\\\/inicio\\\/#\\\/schema\\\/person\\\/418fc4093c33e86ed41562db3508f958\"},\"headline\":\"Trump anunci\u00f3 que lleg\u00f3 a un acuerdo con M\u00e9xico para controlar la migraci\u00f3n\",\"datePublished\":\"2019-06-08T14:54:21+00:00\",\"dateModified\":\"2019-06-08T15:38:21+00:00\",\"mainEntityOfPage\":{\"@id\":\"https:\\\/\\\/diariotextual.com\\\/inicio\\\/index.php\\\/2019\\\/06\\\/08\\\/trump-anuncio-llego-acuerdo-mexico-controlar-la-migracion\\\/\"},\"wordCount\":283,\"publisher\":{\"@id\":\"https:\\\/\\\/diariotextual.com\\\/inicio\\\/#organization\"},\"image\":{\"@id\":\"https:\\\/\\\/diariotextual.com\\\/inicio\\\/index.php\\\/2019\\\/06\\\/08\\\/trump-anuncio-llego-acuerdo-mexico-controlar-la-migracion\\\/#primaryimage\"},\"thumbnailUrl\":\"https:\\\/\\\/diariotextual.com\\\/inicio\\\/wp-content\\\/uploads\\\/2018\\\/11\\\/trumpdonald1111333.jpg\",\"articleSection\":[\"A - QUE PASA (al costado)\",\"MUNDO\"],\"inLanguage\":\"es\"},{\"@type\":\"WebPage\",\"@id\":\"https:\\\/\\\/diariotextual.com\\\/inicio\\\/index.php\\\/2019\\\/06\\\/08\\\/trump-anuncio-llego-acuerdo-mexico-controlar-la-migracion\\\/\",\"url\":\"https:\\\/\\\/diariotextual.com\\\/inicio\\\/index.php\\\/2019\\\/06\\\/08\\\/trump-anuncio-llego-acuerdo-mexico-controlar-la-migracion\\\/\",\"name\":\"Trump anunci\u00f3 que lleg\u00f3 a un acuerdo con M\u00e9xico para controlar la migraci\u00f3n - Diario Textual\",\"isPartOf\":{\"@id\":\"https:\\\/\\\/diariotextual.com\\\/inicio\\\/#website\"},\"primaryImageOfPage\":{\"@id\":\"https:\\\/\\\/diariotextual.com\\\/inicio\\\/index.php\\\/2019\\\/06\\\/08\\\/trump-anuncio-llego-acuerdo-mexico-controlar-la-migracion\\\/#primaryimage\"},\"image\":{\"@id\":\"https:\\\/\\\/diariotextual.com\\\/inicio\\\/index.php\\\/2019\\\/06\\\/08\\\/trump-anuncio-llego-acuerdo-mexico-controlar-la-migracion\\\/#primaryimage\"},\"thumbnailUrl\":\"https:\\\/\\\/diariotextual.com\\\/inicio\\\/wp-content\\\/uploads\\\/2018\\\/11\\\/trumpdonald1111333.jpg\",\"datePublished\":\"2019-06-08T14:54:21+00:00\",\"dateModified\":\"2019-06-08T15:38:21+00:00\",\"breadcrumb\":{\"@id\":\"https:\\\/\\\/diariotextual.com\\\/inicio\\\/index.php\\\/2019\\\/06\\\/08\\\/trump-anuncio-llego-acuerdo-mexico-controlar-la-migracion\\\/#breadcrumb\"},\"inLanguage\":\"es\",\"potentialAction\":[{\"@type\":\"ReadAction\",\"target\":[\"https:\\\/\\\/diariotextual.com\\\/inicio\\\/index.php\\\/2019\\\/06\\\/08\\\/trump-anuncio-llego-acuerdo-mexico-controlar-la-migracion\\\/\"]}]},{\"@type\":\"ImageObject\",\"inLanguage\":\"es\",\"@id\":\"https:\\\/\\\/diariotextual.com\\\/inicio\\\/index.php\\\/2019\\\/06\\\/08\\\/trump-anuncio-llego-acuerdo-mexico-controlar-la-migracion\\\/#primaryimage\",\"url\":\"https:\\\/\\\/diariotextual.com\\\/inicio\\\/wp-content\\\/uploads\\\/2018\\\/11\\\/trumpdonald1111333.jpg\",\"contentUrl\":\"https:\\\/\\\/diariotextual.com\\\/inicio\\\/wp-content\\\/uploads\\\/2018\\\/11\\\/trumpdonald1111333.jpg\",\"width\":969,\"height\":601},{\"@type\":\"BreadcrumbList\",\"@id\":\"https:\\\/\\\/diariotextual.com\\\/inicio\\\/index.php\\\/2019\\\/06\\\/08\\\/trump-anuncio-llego-acuerdo-mexico-controlar-la-migracion\\\/#breadcrumb\",\"itemListElement\":[{\"@type\":\"ListItem\",\"position\":1,\"name\":\"Portada\",\"item\":\"https:\\\/\\\/diariotextual.com\\\/inicio\\\/\"},{\"@type\":\"ListItem\",\"position\":2,\"name\":\"Trump anunci\u00f3 que lleg\u00f3 a un acuerdo con M\u00e9xico para controlar la migraci\u00f3n\"}]},{\"@type\":\"WebSite\",\"@id\":\"https:\\\/\\\/diariotextual.com\\\/inicio\\\/#website\",\"url\":\"https:\\\/\\\/diariotextual.com\\\/inicio\\\/\",\"name\":\"Diario Textual\",\"description\":\"\",\"publisher\":{\"@id\":\"https:\\\/\\\/diariotextual.com\\\/inicio\\\/#organization\"},\"potentialAction\":[{\"@type\":\"SearchAction\",\"target\":{\"@type\":\"EntryPoint\",\"urlTemplate\":\"https:\\\/\\\/diariotextual.com\\\/inicio\\\/?s={search_term_string}\"},\"query-input\":{\"@type\":\"PropertyValueSpecification\",\"valueRequired\":true,\"valueName\":\"search_term_string\"}}],\"inLanguage\":\"es\"},{\"@type\":\"Organization\",\"@id\":\"https:\\\/\\\/diariotextual.com\\\/inicio\\\/#organization\",\"name\":\"Diario Textual\",\"url\":\"https:\\\/\\\/diariotextual.com\\\/inicio\\\/\",\"logo\":{\"@type\":\"ImageObject\",\"inLanguage\":\"es\",\"@id\":\"https:\\\/\\\/diariotextual.com\\\/inicio\\\/#\\\/schema\\\/logo\\\/image\\\/\",\"url\":\"https:\\\/\\\/diariotextual.com\\\/inicio\\\/wp-content\\\/uploads\\\/2023\\\/05\\\/logotextual1.jpg\",\"contentUrl\":\"https:\\\/\\\/diariotextual.com\\\/inicio\\\/wp-content\\\/uploads\\\/2023\\\/05\\\/logotextual1.jpg\",\"width\":516,\"height\":76,\"caption\":\"Diario Textual\"},\"image\":{\"@id\":\"https:\\\/\\\/diariotextual.com\\\/inicio\\\/#\\\/schema\\\/logo\\\/image\\\/\"},\"sameAs\":[\"https:\\\/\\\/www.facebook.com\\\/eltextual\",\"https:\\\/\\\/x.com\\\/eltextual\",\"http:\\\/\\\/www.instagram.com\\\/eltextual\"]},{\"@type\":\"Person\",\"@id\":\"https:\\\/\\\/diariotextual.com\\\/inicio\\\/#\\\/schema\\\/person\\\/418fc4093c33e86ed41562db3508f958\",\"name\":\"Diario1 Diario1\",\"image\":{\"@type\":\"ImageObject\",\"inLanguage\":\"es\",\"@id\":\"https:\\\/\\\/secure.gravatar.com\\\/avatar\\\/9167d280179c85bc18be67aa7eda765854300033af4896dd779b608640f2ef7a?s=96&d=mm&r=g\",\"url\":\"https:\\\/\\\/secure.gravatar.com\\\/avatar\\\/9167d280179c85bc18be67aa7eda765854300033af4896dd779b608640f2ef7a?s=96&d=mm&r=g\",\"contentUrl\":\"https:\\\/\\\/secure.gravatar.com\\\/avatar\\\/9167d280179c85bc18be67aa7eda765854300033af4896dd779b608640f2ef7a?s=96&d=mm&r=g\",\"caption\":\"Diario1 Diario1\"},\"url\":\"https:\\\/\\\/diariotextual.com\\\/inicio\\\/index.php\\\/author\\\/diario1\\\/\"}]}<\/script>\n<!-- \/ Yoast SEO plugin. -->","yoast_head_json":{"title":"Trump anunci\u00f3 que lleg\u00f3 a un acuerdo con M\u00e9xico para controlar la migraci\u00f3n - Diario Textual","robots":{"index":"index","follow":"follow","max-snippet":"max-snippet:-1","max-image-preview":"max-image-preview:large","max-video-preview":"max-video-preview:-1"},"canonical":"https:\/\/diariotextual.com\/inicio\/index.php\/2019\/06\/08\/trump-anuncio-llego-acuerdo-mexico-controlar-la-migracion\/","og_locale":"es_ES","og_type":"article","og_title":"Trump anunci\u00f3 que lleg\u00f3 a un acuerdo con M\u00e9xico para controlar la migraci\u00f3n - Diario Textual","og_description":"El presidente de Estados Unidos, Donald Trump, public\u00f3 en su cuenta de Twitter dos mensajes en los anunci\u00f3 un acuerdo con M\u00e9xico sobre el tema migratorio, con lo que se&hellip;","og_url":"https:\/\/diariotextual.com\/inicio\/index.php\/2019\/06\/08\/trump-anuncio-llego-acuerdo-mexico-controlar-la-migracion\/","og_site_name":"Diario Textual","article_publisher":"https:\/\/www.facebook.com\/eltextual","article_published_time":"2019-06-08T14:54:21+00:00","article_modified_time":"2019-06-08T15:38:21+00:00","og_image":[{"width":969,"height":601,"url":"https:\/\/diariotextual.com\/inicio\/wp-content\/uploads\/2018\/11\/trumpdonald1111333.jpg","type":"image\/jpeg"}],"author":"Diario1 Diario1","twitter_card":"summary_large_image","twitter_creator":"@eltextual","twitter_site":"@eltextual","twitter_misc":{"Escrito por":"Diario1 Diario1","Tiempo de lectura":"1 minuto"},"schema":{"@context":"https:\/\/schema.org","@graph":[{"@type":"Article","@id":"https:\/\/diariotextual.com\/inicio\/index.php\/2019\/06\/08\/trump-anuncio-llego-acuerdo-mexico-controlar-la-migracion\/#article","isPartOf":{"@id":"https:\/\/diariotextual.com\/inicio\/index.php\/2019\/06\/08\/trump-anuncio-llego-acuerdo-mexico-controlar-la-migracion\/"},"author":{"name":"Diario1 Diario1","@id":"https:\/\/diariotextual.com\/inicio\/#\/schema\/person\/418fc4093c33e86ed41562db3508f958"},"headline":"Trump anunci\u00f3 que lleg\u00f3 a un acuerdo con M\u00e9xico para controlar la migraci\u00f3n","datePublished":"2019-06-08T14:54:21+00:00","dateModified":"2019-06-08T15:38:21+00:00","mainEntityOfPage":{"@id":"https:\/\/diariotextual.com\/inicio\/index.php\/2019\/06\/08\/trump-anuncio-llego-acuerdo-mexico-controlar-la-migracion\/"},"wordCount":283,"publisher":{"@id":"https:\/\/diariotextual.com\/inicio\/#organization"},"image":{"@id":"https:\/\/diariotextual.com\/inicio\/index.php\/2019\/06\/08\/trump-anuncio-llego-acuerdo-mexico-controlar-la-migracion\/#primaryimage"},"thumbnailUrl":"https:\/\/diariotextual.com\/inicio\/wp-content\/uploads\/2018\/11\/trumpdonald1111333.jpg","articleSection":["A - QUE PASA (al costado)","MUNDO"],"inLanguage":"es"},{"@type":"WebPage","@id":"https:\/\/diariotextual.com\/inicio\/index.php\/2019\/06\/08\/trump-anuncio-llego-acuerdo-mexico-controlar-la-migracion\/","url":"https:\/\/diariotextual.com\/inicio\/index.php\/2019\/06\/08\/trump-anuncio-llego-acuerdo-mexico-controlar-la-migracion\/","name":"Trump anunci\u00f3 que lleg\u00f3 a un acuerdo con M\u00e9xico para controlar la migraci\u00f3n - Diario Textual","isPartOf":{"@id":"https:\/\/diariotextual.com\/inicio\/#website"},"primaryImageOfPage":{"@id":"https:\/\/diariotextual.com\/inicio\/index.php\/2019\/06\/08\/trump-anuncio-llego-acuerdo-mexico-controlar-la-migracion\/#primaryimage"},"image":{"@id":"https:\/\/diariotextual.com\/inicio\/index.php\/2019\/06\/08\/trump-anuncio-llego-acuerdo-mexico-controlar-la-migracion\/#primaryimage"},"thumbnailUrl":"https:\/\/diariotextual.com\/inicio\/wp-content\/uploads\/2018\/11\/trumpdonald1111333.jpg","datePublished":"2019-06-08T14:54:21+00:00","dateModified":"2019-06-08T15:38:21+00:00","breadcrumb":{"@id":"https:\/\/diariotextual.com\/inicio\/index.php\/2019\/06\/08\/trump-anuncio-llego-acuerdo-mexico-controlar-la-migracion\/#breadcrumb"},"inLanguage":"es","potentialAction":[{"@type":"ReadAction","target":["https:\/\/diariotextual.com\/inicio\/index.php\/2019\/06\/08\/trump-anuncio-llego-acuerdo-mexico-controlar-la-migracion\/"]}]},{"@type":"ImageObject","inLanguage":"es","@id":"https:\/\/diariotextual.com\/inicio\/index.php\/2019\/06\/08\/trump-anuncio-llego-acuerdo-mexico-controlar-la-migracion\/#primaryimage","url":"https:\/\/diariotextual.com\/inicio\/wp-content\/uploads\/2018\/11\/trumpdonald1111333.jpg","contentUrl":"https:\/\/diariotextual.com\/inicio\/wp-content\/uploads\/2018\/11\/trumpdonald1111333.jpg","width":969,"height":601},{"@type":"BreadcrumbList","@id":"https:\/\/diariotextual.com\/inicio\/index.php\/2019\/06\/08\/trump-anuncio-llego-acuerdo-mexico-controlar-la-migracion\/#breadcrumb","itemListElement":[{"@type":"ListItem","position":1,"name":"Portada","item":"https:\/\/diariotextual.com\/inicio\/"},{"@type":"ListItem","position":2,"name":"Trump anunci\u00f3 que lleg\u00f3 a un acuerdo con M\u00e9xico para controlar la migraci\u00f3n"}]},{"@type":"WebSite","@id":"https:\/\/diariotextual.com\/inicio\/#website","url":"https:\/\/diariotextual.com\/inicio\/","name":"Diario Textual","description":"","publisher":{"@id":"https:\/\/diariotextual.com\/inicio\/#organization"},"potentialAction":[{"@type":"SearchAction","target":{"@type":"EntryPoint","urlTemplate":"https:\/\/diariotextual.com\/inicio\/?s={search_term_string}"},"query-input":{"@type":"PropertyValueSpecification","valueRequired":true,"valueName":"search_term_string"}}],"inLanguage":"es"},{"@type":"Organization","@id":"https:\/\/diariotextual.com\/inicio\/#organization","name":"Diario Textual","url":"https:\/\/diariotextual.com\/inicio\/","logo":{"@type":"ImageObject","inLanguage":"es","@id":"https:\/\/diariotextual.com\/inicio\/#\/schema\/logo\/image\/","url":"https:\/\/diariotextual.com\/inicio\/wp-content\/uploads\/2023\/05\/logotextual1.jpg","contentUrl":"https:\/\/diariotextual.com\/inicio\/wp-content\/uploads\/2023\/05\/logotextual1.jpg","width":516,"height":76,"caption":"Diario Textual"},"image":{"@id":"https:\/\/diariotextual.com\/inicio\/#\/schema\/logo\/image\/"},"sameAs":["https:\/\/www.facebook.com\/eltextual","https:\/\/x.com\/eltextual","http:\/\/www.instagram.com\/eltextual"]},{"@type":"Person","@id":"https:\/\/diariotextual.com\/inicio\/#\/schema\/person\/418fc4093c33e86ed41562db3508f958","name":"Diario1 Diario1","image":{"@type":"ImageObject","inLanguage":"es","@id":"https:\/\/secure.gravatar.com\/avatar\/9167d280179c85bc18be67aa7eda765854300033af4896dd779b608640f2ef7a?s=96&d=mm&r=g","url":"https:\/\/secure.gravatar.com\/avatar\/9167d280179c85bc18be67aa7eda765854300033af4896dd779b608640f2ef7a?s=96&d=mm&r=g","contentUrl":"https:\/\/secure.gravatar.com\/avatar\/9167d280179c85bc18be67aa7eda765854300033af4896dd779b608640f2ef7a?s=96&d=mm&r=g","caption":"Diario1 Diario1"},"url":"https:\/\/diariotextual.com\/inicio\/index.php\/author\/diario1\/"}]}},"_links":{"self":[{"href":"https:\/\/diariotextual.com\/inicio\/index.php\/wp-json\/wp\/v2\/posts\/51351","targetHints":{"allow":["GET"]}}],"collection":[{"href":"https:\/\/diariotextual.com\/inicio\/index.php\/wp-json\/wp\/v2\/posts"}],"about":[{"href":"https:\/\/diariotextual.com\/inicio\/index.php\/wp-json\/wp\/v2\/types\/post"}],"author":[{"embeddable":true,"href":"https:\/\/diariotextual.com\/inicio\/index.php\/wp-json\/wp\/v2\/users\/3"}],"replies":[{"embeddable":true,"href":"https:\/\/diariotextual.com\/inicio\/index.php\/wp-json\/wp\/v2\/comments?post=51351"}],"version-history":[{"count":1,"href":"https:\/\/diariotextual.com\/inicio\/index.php\/wp-json\/wp\/v2\/posts\/51351\/revisions"}],"predecessor-version":[{"id":51352,"href":"https:\/\/diariotextual.com\/inicio\/index.php\/wp-json\/wp\/v2\/posts\/51351\/revisions\/51352"}],"wp:featuredmedia":[{"embeddable":true,"href":"https:\/\/diariotextual.com\/inicio\/index.php\/wp-json\/wp\/v2\/media\/28733"}],"wp:attachment":[{"href":"https:\/\/diariotextual.com\/inicio\/index.php\/wp-json\/wp\/v2\/media?parent=51351"}],"wp:term":[{"taxonomy":"category","embeddable":true,"href":"https:\/\/diariotextual.com\/inicio\/index.php\/wp-json\/wp\/v2\/categories?post=51351"},{"taxonomy":"post_tag","embeddable":true,"href":"https:\/\/diariotextual.com\/inicio\/index.php\/wp-json\/wp\/v2\/tags?post=51351"}],"curies":[{"name":"wp","href":"https:\/\/api.w.org\/{rel}","templated":true}]}}