{"id":51530,"date":"2019-06-10T08:57:16","date_gmt":"2019-06-10T11:57:16","guid":{"rendered":"http:\/\/diariotextual.com\/inicio\/?p=51530"},"modified":"2019-06-10T08:57:16","modified_gmt":"2019-06-10T11:57:16","slug":"revelan-lava-jato-fue-direccionado-jueces-fiscales-sacar-carrera-lula","status":"publish","type":"post","link":"https:\/\/diariotextual.com\/inicio\/index.php\/2019\/06\/10\/revelan-lava-jato-fue-direccionado-jueces-fiscales-sacar-carrera-lula\/","title":{"rendered":"Revelan que el Lava Jato fue direccionado por jueces y fiscales para sacar de carrera a Lula"},"content":{"rendered":"<p>Un informe del sitio<strong>\u00a0<a href=\"https:\/\/theintercept.com\/2019\/06\/09\/brazil-car-wash-prosecutors-workers-party-lula\/\"><em>The Intercept<\/em><\/a>\u00a0<\/strong>firmado por el periodista Glenn Greenwald, el mismo que revel\u00f3 las revelaciones de Edward Snowden sobre el espionaje estadounidense, revelar\u00eda que los fiscales y jueces responsables de la operaci\u00f3n Lava Jato en Brasil ten\u00edan como objetivo desactivar la candidatura presidencial de Lula da Silva.<\/p>\n<p>El periodista tiene chats de numerosas conversaciones a trav\u00e9s de Telegram entre fiscales y jueces.\u00a0<strong>Hay una conversaci\u00f3n entre el procurador en jefe de la Operaci\u00f3n Lava Jato, Deltan Dallagnol, con otro fiscal donde avalaba que el objetivo principal era impedir el retorno del PT al poder,<\/strong>\u00a0y que \u00abrezaban\u00bb para que \u00e9sto no sucediera.<\/p>\n<p>Los chats filtrados \u00abm\u00e1s parecen una sesi\u00f3n en la sala de guerra entre operativos y estrategas anti-PT que reuniones de persecutores neutrales\u00bb, comenta Greenwald.<\/p>\n<p>\u00ab<strong>La decisi\u00f3n no tiene fecha, entonces podemos programarla despu\u00e9s de la elecci\u00f3n y a\u00fan estar\u00edamos cumpli\u00e9ndola<\/strong>\u00ab, sugiri\u00f3 en ese momento el fiscal Athayde Ribeiro Costa, entre otras estrategias.<\/p>\n<p>Otros registros de conversaciones mostrar\u00edan c\u00f3mo el ex juez de la causa Sergio Moro, premiado con el cargo de ministro de Justicia de Brasil por Bolsonaro, le indicaba en secreto estrategias y consejos a los fiscales que llevaban la causa, filtrando adem\u00e1s las nuevas l\u00edneas de la investigaci\u00f3n, lo que transgreder\u00eda la obligaci\u00f3n de un juez de ser neutral e imparcial.<\/p>\n<p>En los chats secretos adem\u00e1s\u00a0<strong>se revelar\u00eda que Dallagnol, el fiscal jefe de la causa, expresaba sus dudas por las dos principales pruebas que lograron la condena a Lula<\/strong>: Que el expresidente hab\u00eda recibido de regalo un lujoso departamento, y su relaci\u00f3n con Petrobras.<\/p>\n","protected":false},"excerpt":{"rendered":"<p>Un informe del sitio\u00a0The Intercept\u00a0firmado por el periodista Glenn Greenwald, el mismo que revel\u00f3 las revelaciones de Edward Snowden sobre el espionaje estadounidense, revelar\u00eda que los fiscales y jueces responsables&hellip;<\/p>\n","protected":false},"author":3,"featured_media":13003,"comment_status":"closed","ping_status":"open","sticky":false,"template":"","format":"standard","meta":{"_acf_changed":false,"footnotes":""},"categories":[11,7],"tags":[],"class_list":["post-51530","post","type-post","status-publish","format-standard","has-post-thumbnail","hentry","category-que-pasa","category-mundo"],"acf":[],"yoast_head":"<!-- This site is optimized with the Yoast SEO plugin v27.4 - https:\/\/yoast.com\/product\/yoast-seo-wordpress\/ -->\n<title>Revelan que el Lava Jato fue direccionado por jueces y fiscales para sacar de carrera a Lula - Diario Textual<\/title>\n<meta name=\"robots\" content=\"index, follow, max-snippet:-1, max-image-preview:large, max-video-preview:-1\" \/>\n<link rel=\"canonical\" href=\"https:\/\/diariotextual.com\/inicio\/index.php\/2019\/06\/10\/revelan-lava-jato-fue-direccionado-jueces-fiscales-sacar-carrera-lula\/\" \/>\n<meta property=\"og:locale\" content=\"es_ES\" \/>\n<meta property=\"og:type\" content=\"article\" \/>\n<meta property=\"og:title\" content=\"Revelan que el Lava Jato fue direccionado por jueces y fiscales para sacar de carrera a Lula - Diario Textual\" \/>\n<meta property=\"og:description\" content=\"Un informe del sitio\u00a0The Intercept\u00a0firmado por el periodista Glenn Greenwald, el mismo que revel\u00f3 las revelaciones de Edward Snowden sobre el espionaje estadounidense, revelar\u00eda que los fiscales y jueces responsables&hellip;\" \/>\n<meta property=\"og:url\" content=\"https:\/\/diariotextual.com\/inicio\/index.php\/2019\/06\/10\/revelan-lava-jato-fue-direccionado-jueces-fiscales-sacar-carrera-lula\/\" \/>\n<meta property=\"og:site_name\" content=\"Diario Textual\" \/>\n<meta property=\"article:publisher\" content=\"https:\/\/www.facebook.com\/eltextual\" \/>\n<meta property=\"article:published_time\" content=\"2019-06-10T11:57:16+00:00\" \/>\n<meta property=\"og:image\" content=\"https:\/\/diariotextual.com\/inicio\/wp-content\/uploads\/2018\/07\/luladasilva13345.jpg\" \/>\n\t<meta property=\"og:image:width\" content=\"750\" \/>\n\t<meta property=\"og:image:height\" content=\"500\" \/>\n\t<meta property=\"og:image:type\" content=\"image\/jpeg\" \/>\n<meta name=\"author\" content=\"Diario1 Diario1\" \/>\n<meta name=\"twitter:card\" content=\"summary_large_image\" \/>\n<meta name=\"twitter:creator\" content=\"@eltextual\" \/>\n<meta name=\"twitter:site\" content=\"@eltextual\" \/>\n<meta name=\"twitter:label1\" content=\"Escrito por\" \/>\n\t<meta name=\"twitter:data1\" content=\"Diario1 Diario1\" \/>\n\t<meta name=\"twitter:label2\" content=\"Tiempo de lectura\" \/>\n\t<meta name=\"twitter:data2\" content=\"1 minuto\" \/>\n<script type=\"application\/ld+json\" class=\"yoast-schema-graph\">{\"@context\":\"https:\\\/\\\/schema.org\",\"@graph\":[{\"@type\":\"Article\",\"@id\":\"https:\\\/\\\/diariotextual.com\\\/inicio\\\/index.php\\\/2019\\\/06\\\/10\\\/revelan-lava-jato-fue-direccionado-jueces-fiscales-sacar-carrera-lula\\\/#article\",\"isPartOf\":{\"@id\":\"https:\\\/\\\/diariotextual.com\\\/inicio\\\/index.php\\\/2019\\\/06\\\/10\\\/revelan-lava-jato-fue-direccionado-jueces-fiscales-sacar-carrera-lula\\\/\"},\"author\":{\"name\":\"Diario1 Diario1\",\"@id\":\"https:\\\/\\\/diariotextual.com\\\/inicio\\\/#\\\/schema\\\/person\\\/418fc4093c33e86ed41562db3508f958\"},\"headline\":\"Revelan que el Lava Jato fue direccionado por jueces y fiscales para sacar de carrera a Lula\",\"datePublished\":\"2019-06-10T11:57:16+00:00\",\"mainEntityOfPage\":{\"@id\":\"https:\\\/\\\/diariotextual.com\\\/inicio\\\/index.php\\\/2019\\\/06\\\/10\\\/revelan-lava-jato-fue-direccionado-jueces-fiscales-sacar-carrera-lula\\\/\"},\"wordCount\":304,\"publisher\":{\"@id\":\"https:\\\/\\\/diariotextual.com\\\/inicio\\\/#organization\"},\"image\":{\"@id\":\"https:\\\/\\\/diariotextual.com\\\/inicio\\\/index.php\\\/2019\\\/06\\\/10\\\/revelan-lava-jato-fue-direccionado-jueces-fiscales-sacar-carrera-lula\\\/#primaryimage\"},\"thumbnailUrl\":\"https:\\\/\\\/diariotextual.com\\\/inicio\\\/wp-content\\\/uploads\\\/2018\\\/07\\\/luladasilva13345.jpg\",\"articleSection\":[\"A - QUE PASA (al costado)\",\"MUNDO\"],\"inLanguage\":\"es\"},{\"@type\":\"WebPage\",\"@id\":\"https:\\\/\\\/diariotextual.com\\\/inicio\\\/index.php\\\/2019\\\/06\\\/10\\\/revelan-lava-jato-fue-direccionado-jueces-fiscales-sacar-carrera-lula\\\/\",\"url\":\"https:\\\/\\\/diariotextual.com\\\/inicio\\\/index.php\\\/2019\\\/06\\\/10\\\/revelan-lava-jato-fue-direccionado-jueces-fiscales-sacar-carrera-lula\\\/\",\"name\":\"Revelan que el Lava Jato fue direccionado por jueces y fiscales para sacar de carrera a Lula - Diario Textual\",\"isPartOf\":{\"@id\":\"https:\\\/\\\/diariotextual.com\\\/inicio\\\/#website\"},\"primaryImageOfPage\":{\"@id\":\"https:\\\/\\\/diariotextual.com\\\/inicio\\\/index.php\\\/2019\\\/06\\\/10\\\/revelan-lava-jato-fue-direccionado-jueces-fiscales-sacar-carrera-lula\\\/#primaryimage\"},\"image\":{\"@id\":\"https:\\\/\\\/diariotextual.com\\\/inicio\\\/index.php\\\/2019\\\/06\\\/10\\\/revelan-lava-jato-fue-direccionado-jueces-fiscales-sacar-carrera-lula\\\/#primaryimage\"},\"thumbnailUrl\":\"https:\\\/\\\/diariotextual.com\\\/inicio\\\/wp-content\\\/uploads\\\/2018\\\/07\\\/luladasilva13345.jpg\",\"datePublished\":\"2019-06-10T11:57:16+00:00\",\"breadcrumb\":{\"@id\":\"https:\\\/\\\/diariotextual.com\\\/inicio\\\/index.php\\\/2019\\\/06\\\/10\\\/revelan-lava-jato-fue-direccionado-jueces-fiscales-sacar-carrera-lula\\\/#breadcrumb\"},\"inLanguage\":\"es\",\"potentialAction\":[{\"@type\":\"ReadAction\",\"target\":[\"https:\\\/\\\/diariotextual.com\\\/inicio\\\/index.php\\\/2019\\\/06\\\/10\\\/revelan-lava-jato-fue-direccionado-jueces-fiscales-sacar-carrera-lula\\\/\"]}]},{\"@type\":\"ImageObject\",\"inLanguage\":\"es\",\"@id\":\"https:\\\/\\\/diariotextual.com\\\/inicio\\\/index.php\\\/2019\\\/06\\\/10\\\/revelan-lava-jato-fue-direccionado-jueces-fiscales-sacar-carrera-lula\\\/#primaryimage\",\"url\":\"https:\\\/\\\/diariotextual.com\\\/inicio\\\/wp-content\\\/uploads\\\/2018\\\/07\\\/luladasilva13345.jpg\",\"contentUrl\":\"https:\\\/\\\/diariotextual.com\\\/inicio\\\/wp-content\\\/uploads\\\/2018\\\/07\\\/luladasilva13345.jpg\",\"width\":750,\"height\":500,\"caption\":\"Brazilian former President Luiz Inacio Lula da Silva looks on prior to deliver a speech outside the metallurgic union headquarter in Sao Bernardo do Campo, Brazil, Saturday, April 7, 2018. (AP Photo\\\/Andre Penner)\"},{\"@type\":\"BreadcrumbList\",\"@id\":\"https:\\\/\\\/diariotextual.com\\\/inicio\\\/index.php\\\/2019\\\/06\\\/10\\\/revelan-lava-jato-fue-direccionado-jueces-fiscales-sacar-carrera-lula\\\/#breadcrumb\",\"itemListElement\":[{\"@type\":\"ListItem\",\"position\":1,\"name\":\"Portada\",\"item\":\"https:\\\/\\\/diariotextual.com\\\/inicio\\\/\"},{\"@type\":\"ListItem\",\"position\":2,\"name\":\"Revelan que el Lava Jato fue direccionado por jueces y fiscales para sacar de carrera a Lula\"}]},{\"@type\":\"WebSite\",\"@id\":\"https:\\\/\\\/diariotextual.com\\\/inicio\\\/#website\",\"url\":\"https:\\\/\\\/diariotextual.com\\\/inicio\\\/\",\"name\":\"Diario Textual\",\"description\":\"\",\"publisher\":{\"@id\":\"https:\\\/\\\/diariotextual.com\\\/inicio\\\/#organization\"},\"potentialAction\":[{\"@type\":\"SearchAction\",\"target\":{\"@type\":\"EntryPoint\",\"urlTemplate\":\"https:\\\/\\\/diariotextual.com\\\/inicio\\\/?s={search_term_string}\"},\"query-input\":{\"@type\":\"PropertyValueSpecification\",\"valueRequired\":true,\"valueName\":\"search_term_string\"}}],\"inLanguage\":\"es\"},{\"@type\":\"Organization\",\"@id\":\"https:\\\/\\\/diariotextual.com\\\/inicio\\\/#organization\",\"name\":\"Diario Textual\",\"url\":\"https:\\\/\\\/diariotextual.com\\\/inicio\\\/\",\"logo\":{\"@type\":\"ImageObject\",\"inLanguage\":\"es\",\"@id\":\"https:\\\/\\\/diariotextual.com\\\/inicio\\\/#\\\/schema\\\/logo\\\/image\\\/\",\"url\":\"https:\\\/\\\/diariotextual.com\\\/inicio\\\/wp-content\\\/uploads\\\/2023\\\/05\\\/logotextual1.jpg\",\"contentUrl\":\"https:\\\/\\\/diariotextual.com\\\/inicio\\\/wp-content\\\/uploads\\\/2023\\\/05\\\/logotextual1.jpg\",\"width\":516,\"height\":76,\"caption\":\"Diario Textual\"},\"image\":{\"@id\":\"https:\\\/\\\/diariotextual.com\\\/inicio\\\/#\\\/schema\\\/logo\\\/image\\\/\"},\"sameAs\":[\"https:\\\/\\\/www.facebook.com\\\/eltextual\",\"https:\\\/\\\/x.com\\\/eltextual\",\"http:\\\/\\\/www.instagram.com\\\/eltextual\"]},{\"@type\":\"Person\",\"@id\":\"https:\\\/\\\/diariotextual.com\\\/inicio\\\/#\\\/schema\\\/person\\\/418fc4093c33e86ed41562db3508f958\",\"name\":\"Diario1 Diario1\",\"image\":{\"@type\":\"ImageObject\",\"inLanguage\":\"es\",\"@id\":\"https:\\\/\\\/secure.gravatar.com\\\/avatar\\\/9167d280179c85bc18be67aa7eda765854300033af4896dd779b608640f2ef7a?s=96&d=mm&r=g\",\"url\":\"https:\\\/\\\/secure.gravatar.com\\\/avatar\\\/9167d280179c85bc18be67aa7eda765854300033af4896dd779b608640f2ef7a?s=96&d=mm&r=g\",\"contentUrl\":\"https:\\\/\\\/secure.gravatar.com\\\/avatar\\\/9167d280179c85bc18be67aa7eda765854300033af4896dd779b608640f2ef7a?s=96&d=mm&r=g\",\"caption\":\"Diario1 Diario1\"},\"url\":\"https:\\\/\\\/diariotextual.com\\\/inicio\\\/index.php\\\/author\\\/diario1\\\/\"}]}<\/script>\n<!-- \/ Yoast SEO plugin. -->","yoast_head_json":{"title":"Revelan que el Lava Jato fue direccionado por jueces y fiscales para sacar de carrera a Lula - Diario Textual","robots":{"index":"index","follow":"follow","max-snippet":"max-snippet:-1","max-image-preview":"max-image-preview:large","max-video-preview":"max-video-preview:-1"},"canonical":"https:\/\/diariotextual.com\/inicio\/index.php\/2019\/06\/10\/revelan-lava-jato-fue-direccionado-jueces-fiscales-sacar-carrera-lula\/","og_locale":"es_ES","og_type":"article","og_title":"Revelan que el Lava Jato fue direccionado por jueces y fiscales para sacar de carrera a Lula - Diario Textual","og_description":"Un informe del sitio\u00a0The Intercept\u00a0firmado por el periodista Glenn Greenwald, el mismo que revel\u00f3 las revelaciones de Edward Snowden sobre el espionaje estadounidense, revelar\u00eda que los fiscales y jueces responsables&hellip;","og_url":"https:\/\/diariotextual.com\/inicio\/index.php\/2019\/06\/10\/revelan-lava-jato-fue-direccionado-jueces-fiscales-sacar-carrera-lula\/","og_site_name":"Diario Textual","article_publisher":"https:\/\/www.facebook.com\/eltextual","article_published_time":"2019-06-10T11:57:16+00:00","og_image":[{"width":750,"height":500,"url":"https:\/\/diariotextual.com\/inicio\/wp-content\/uploads\/2018\/07\/luladasilva13345.jpg","type":"image\/jpeg"}],"author":"Diario1 Diario1","twitter_card":"summary_large_image","twitter_creator":"@eltextual","twitter_site":"@eltextual","twitter_misc":{"Escrito por":"Diario1 Diario1","Tiempo de lectura":"1 minuto"},"schema":{"@context":"https:\/\/schema.org","@graph":[{"@type":"Article","@id":"https:\/\/diariotextual.com\/inicio\/index.php\/2019\/06\/10\/revelan-lava-jato-fue-direccionado-jueces-fiscales-sacar-carrera-lula\/#article","isPartOf":{"@id":"https:\/\/diariotextual.com\/inicio\/index.php\/2019\/06\/10\/revelan-lava-jato-fue-direccionado-jueces-fiscales-sacar-carrera-lula\/"},"author":{"name":"Diario1 Diario1","@id":"https:\/\/diariotextual.com\/inicio\/#\/schema\/person\/418fc4093c33e86ed41562db3508f958"},"headline":"Revelan que el Lava Jato fue direccionado por jueces y fiscales para sacar de carrera a Lula","datePublished":"2019-06-10T11:57:16+00:00","mainEntityOfPage":{"@id":"https:\/\/diariotextual.com\/inicio\/index.php\/2019\/06\/10\/revelan-lava-jato-fue-direccionado-jueces-fiscales-sacar-carrera-lula\/"},"wordCount":304,"publisher":{"@id":"https:\/\/diariotextual.com\/inicio\/#organization"},"image":{"@id":"https:\/\/diariotextual.com\/inicio\/index.php\/2019\/06\/10\/revelan-lava-jato-fue-direccionado-jueces-fiscales-sacar-carrera-lula\/#primaryimage"},"thumbnailUrl":"https:\/\/diariotextual.com\/inicio\/wp-content\/uploads\/2018\/07\/luladasilva13345.jpg","articleSection":["A - QUE PASA (al costado)","MUNDO"],"inLanguage":"es"},{"@type":"WebPage","@id":"https:\/\/diariotextual.com\/inicio\/index.php\/2019\/06\/10\/revelan-lava-jato-fue-direccionado-jueces-fiscales-sacar-carrera-lula\/","url":"https:\/\/diariotextual.com\/inicio\/index.php\/2019\/06\/10\/revelan-lava-jato-fue-direccionado-jueces-fiscales-sacar-carrera-lula\/","name":"Revelan que el Lava Jato fue direccionado por jueces y fiscales para sacar de carrera a Lula - Diario Textual","isPartOf":{"@id":"https:\/\/diariotextual.com\/inicio\/#website"},"primaryImageOfPage":{"@id":"https:\/\/diariotextual.com\/inicio\/index.php\/2019\/06\/10\/revelan-lava-jato-fue-direccionado-jueces-fiscales-sacar-carrera-lula\/#primaryimage"},"image":{"@id":"https:\/\/diariotextual.com\/inicio\/index.php\/2019\/06\/10\/revelan-lava-jato-fue-direccionado-jueces-fiscales-sacar-carrera-lula\/#primaryimage"},"thumbnailUrl":"https:\/\/diariotextual.com\/inicio\/wp-content\/uploads\/2018\/07\/luladasilva13345.jpg","datePublished":"2019-06-10T11:57:16+00:00","breadcrumb":{"@id":"https:\/\/diariotextual.com\/inicio\/index.php\/2019\/06\/10\/revelan-lava-jato-fue-direccionado-jueces-fiscales-sacar-carrera-lula\/#breadcrumb"},"inLanguage":"es","potentialAction":[{"@type":"ReadAction","target":["https:\/\/diariotextual.com\/inicio\/index.php\/2019\/06\/10\/revelan-lava-jato-fue-direccionado-jueces-fiscales-sacar-carrera-lula\/"]}]},{"@type":"ImageObject","inLanguage":"es","@id":"https:\/\/diariotextual.com\/inicio\/index.php\/2019\/06\/10\/revelan-lava-jato-fue-direccionado-jueces-fiscales-sacar-carrera-lula\/#primaryimage","url":"https:\/\/diariotextual.com\/inicio\/wp-content\/uploads\/2018\/07\/luladasilva13345.jpg","contentUrl":"https:\/\/diariotextual.com\/inicio\/wp-content\/uploads\/2018\/07\/luladasilva13345.jpg","width":750,"height":500,"caption":"Brazilian former President Luiz Inacio Lula da Silva looks on prior to deliver a speech outside the metallurgic union headquarter in Sao Bernardo do Campo, Brazil, Saturday, April 7, 2018. (AP Photo\/Andre Penner)"},{"@type":"BreadcrumbList","@id":"https:\/\/diariotextual.com\/inicio\/index.php\/2019\/06\/10\/revelan-lava-jato-fue-direccionado-jueces-fiscales-sacar-carrera-lula\/#breadcrumb","itemListElement":[{"@type":"ListItem","position":1,"name":"Portada","item":"https:\/\/diariotextual.com\/inicio\/"},{"@type":"ListItem","position":2,"name":"Revelan que el Lava Jato fue direccionado por jueces y fiscales para sacar de carrera a Lula"}]},{"@type":"WebSite","@id":"https:\/\/diariotextual.com\/inicio\/#website","url":"https:\/\/diariotextual.com\/inicio\/","name":"Diario Textual","description":"","publisher":{"@id":"https:\/\/diariotextual.com\/inicio\/#organization"},"potentialAction":[{"@type":"SearchAction","target":{"@type":"EntryPoint","urlTemplate":"https:\/\/diariotextual.com\/inicio\/?s={search_term_string}"},"query-input":{"@type":"PropertyValueSpecification","valueRequired":true,"valueName":"search_term_string"}}],"inLanguage":"es"},{"@type":"Organization","@id":"https:\/\/diariotextual.com\/inicio\/#organization","name":"Diario Textual","url":"https:\/\/diariotextual.com\/inicio\/","logo":{"@type":"ImageObject","inLanguage":"es","@id":"https:\/\/diariotextual.com\/inicio\/#\/schema\/logo\/image\/","url":"https:\/\/diariotextual.com\/inicio\/wp-content\/uploads\/2023\/05\/logotextual1.jpg","contentUrl":"https:\/\/diariotextual.com\/inicio\/wp-content\/uploads\/2023\/05\/logotextual1.jpg","width":516,"height":76,"caption":"Diario Textual"},"image":{"@id":"https:\/\/diariotextual.com\/inicio\/#\/schema\/logo\/image\/"},"sameAs":["https:\/\/www.facebook.com\/eltextual","https:\/\/x.com\/eltextual","http:\/\/www.instagram.com\/eltextual"]},{"@type":"Person","@id":"https:\/\/diariotextual.com\/inicio\/#\/schema\/person\/418fc4093c33e86ed41562db3508f958","name":"Diario1 Diario1","image":{"@type":"ImageObject","inLanguage":"es","@id":"https:\/\/secure.gravatar.com\/avatar\/9167d280179c85bc18be67aa7eda765854300033af4896dd779b608640f2ef7a?s=96&d=mm&r=g","url":"https:\/\/secure.gravatar.com\/avatar\/9167d280179c85bc18be67aa7eda765854300033af4896dd779b608640f2ef7a?s=96&d=mm&r=g","contentUrl":"https:\/\/secure.gravatar.com\/avatar\/9167d280179c85bc18be67aa7eda765854300033af4896dd779b608640f2ef7a?s=96&d=mm&r=g","caption":"Diario1 Diario1"},"url":"https:\/\/diariotextual.com\/inicio\/index.php\/author\/diario1\/"}]}},"_links":{"self":[{"href":"https:\/\/diariotextual.com\/inicio\/index.php\/wp-json\/wp\/v2\/posts\/51530","targetHints":{"allow":["GET"]}}],"collection":[{"href":"https:\/\/diariotextual.com\/inicio\/index.php\/wp-json\/wp\/v2\/posts"}],"about":[{"href":"https:\/\/diariotextual.com\/inicio\/index.php\/wp-json\/wp\/v2\/types\/post"}],"author":[{"embeddable":true,"href":"https:\/\/diariotextual.com\/inicio\/index.php\/wp-json\/wp\/v2\/users\/3"}],"replies":[{"embeddable":true,"href":"https:\/\/diariotextual.com\/inicio\/index.php\/wp-json\/wp\/v2\/comments?post=51530"}],"version-history":[{"count":1,"href":"https:\/\/diariotextual.com\/inicio\/index.php\/wp-json\/wp\/v2\/posts\/51530\/revisions"}],"predecessor-version":[{"id":51531,"href":"https:\/\/diariotextual.com\/inicio\/index.php\/wp-json\/wp\/v2\/posts\/51530\/revisions\/51531"}],"wp:featuredmedia":[{"embeddable":true,"href":"https:\/\/diariotextual.com\/inicio\/index.php\/wp-json\/wp\/v2\/media\/13003"}],"wp:attachment":[{"href":"https:\/\/diariotextual.com\/inicio\/index.php\/wp-json\/wp\/v2\/media?parent=51530"}],"wp:term":[{"taxonomy":"category","embeddable":true,"href":"https:\/\/diariotextual.com\/inicio\/index.php\/wp-json\/wp\/v2\/categories?post=51530"},{"taxonomy":"post_tag","embeddable":true,"href":"https:\/\/diariotextual.com\/inicio\/index.php\/wp-json\/wp\/v2\/tags?post=51530"}],"curies":[{"name":"wp","href":"https:\/\/api.w.org\/{rel}","templated":true}]}}