{"id":5184,"date":"2018-04-18T21:35:48","date_gmt":"2018-04-18T21:35:48","guid":{"rendered":"http:\/\/diariotextual.com\/inicio\/?p=5184"},"modified":"2018-04-19T14:52:48","modified_gmt":"2018-04-19T14:52:48","slug":"cuba-sucesor-raul-castro-sera-miguel-diaz-canel","status":"publish","type":"post","link":"https:\/\/diariotextual.com\/inicio\/index.php\/2018\/04\/18\/cuba-sucesor-raul-castro-sera-miguel-diaz-canel\/","title":{"rendered":"Cuba: el sucesor de Ra\u00fal Castro ser\u00e1 Miguel D\u00edaz Canel"},"content":{"rendered":"<p>La Asamblea Nacional de Cuba inici\u00f3 este mi\u00e9rcoles una sesi\u00f3n de dos d\u00edas para elegir al nuevo presidente de la isla socialista, una transici\u00f3n hist\u00f3rica tras seis d\u00e9cadas de poder de los hermanos Castro. Los diputados nominaron formalmente al ingeniero Miguel D\u00edaz-Canel.<\/p>\n<p><!--more--><\/p>\n<p>Los m\u00e1s de 600 parlamentarios reunidos desde la ma\u00f1ana del mi\u00e9rcoles deber\u00e1n ahora votar por la candidatura presentada. Para acompa\u00f1ar a la candidatura de D\u00edaz-Canel, de 57 a\u00f1os y actual primer vicepresidente, ir\u00e1 el l\u00edder hist\u00f3rico sindical Salvador Vald\u00e9s.<\/p>\n<p>Ser\u00e1 la primera vez en m\u00e1s de cinco d\u00e9cadas que la m\u00e1xima dirigencia no estar\u00e1 liderada por una persona de apellido Castro, luego de que en 1959 triunfara la revoluci\u00f3n de los hermanos Fidel y Ra\u00fal.<\/p>\n<p>La ceremonia comenz\u00f3 luego de que Castro y su probable sucesor D\u00edaz-Canel, ingeniero de formaci\u00f3n, ingresaran a la sala del capitalino Palacio de las Convenciones.<\/p>\n<p>En primera instancia se instal\u00f3 el parlamento con la toma de juramento a los diputados.<\/p>\n<p>El diario del Partido Comunista, Granma, explic\u00f3 que los principales eventos de la Asamblea se transmitir\u00e1n el vivo, incluida la votaci\u00f3n para el Consejo de Estado consistente en un presidente, un primer vicepresidente, varios vicepresidentes y un cuerpo de 23 miembros. El resultado se anunciar\u00e1 el jueves, inform\u00f3 Granma.<\/p>\n<p>La fecha del jueves 19, cuando se conocer\u00eda oficialmente qui\u00e9n el nuevo presidente, es simb\u00f3lica: corresponde al 57\u00ba aniversario de la victoria en Bah\u00eda de Cochinos (Playa Gir\u00f3n), cuando fueron derrotadas las tropas anticastristas, preparadas y financiadas por Estados Unidos en 1961.<\/p>\n<p>Tras el triunfo de la revoluci\u00f3n en 1959 y la elecci\u00f3n de Fidel Castro como presidente en 1976, Cuba solo ha tenido una transici\u00f3n real. Fue en 2006, cuando Fidel enferm\u00f3 y le pas\u00f3 el mando a su hermano menor. Fidel Castro muri\u00f3 a fines de 2016 y ahora es Ra\u00fal, de 86 a\u00f1os, quien ceder\u00e1 su asiento a un representante de la nueva generaci\u00f3n.<\/p>\n<p>De no mediar sorpresas, Miguel D\u00edaz-Canel, un civil de 57 a\u00f1os y n\u00famero dos del gobierno desde 2013, asumir\u00e1 la responsabilidad.<\/p>\n<p><strong>Exterior<\/strong><\/p>\n<p>Durante varios a\u00f1os, D\u00edaz-Canel, nacido despu\u00e9s de la revoluci\u00f3n, ha representado regularmente al gobierno en el extranjero y sus apariciones en los medios han sido cada vez m\u00e1s frecuentes.<\/p>\n<p>Por primera vez en d\u00e9cadas, el presidente no ser\u00e1 un miembro hist\u00f3rico de la revoluci\u00f3n de 1959, no vestir\u00e1 el uniforme verde olivo ni ser\u00e1 el l\u00edder del gobernante Partido Comunista de Cuba (PCC), \u00fanico autorizado a existir en la isla.<\/p>\n<p>Pero podr\u00e1 suplir su d\u00e9ficit de legitimidad hist\u00f3rica con el apoyo de Ra\u00fal Castro, quien mantendr\u00e1 el liderazgo del PCC hasta 2021. En ese puesto, tendr\u00e1 que movilizar a la vieja guardia, percibida en su mayor\u00eda como reacia a los cambios m\u00e1s ambiciosos.<\/p>\n<p>El futuro presidente deber\u00e1 aplicar reformas para reactivar una econom\u00eda que creci\u00f3 1,6% en 2017, altamente dependiente de las importaciones y de la ayuda de su hoy debilitada aliada Venezuela.<\/p>\n<p>La tarea m\u00e1s urgente es la unificaci\u00f3n de las dos monedas nacionales que circulan en el mercado, adem\u00e1s de la eliminaci\u00f3n de tasas de cambio preferenciales para empresas estatales -que son la mayor\u00eda en la isla- una situaci\u00f3n que genera distorsiones en la econom\u00eda.<\/p>\n","protected":false},"excerpt":{"rendered":"<p>La Asamblea Nacional de Cuba inici\u00f3 este mi\u00e9rcoles una sesi\u00f3n de dos d\u00edas para elegir al nuevo presidente de la isla socialista, una transici\u00f3n hist\u00f3rica tras seis d\u00e9cadas de poder&hellip;<\/p>\n","protected":false},"author":3,"featured_media":5185,"comment_status":"open","ping_status":"open","sticky":false,"template":"","format":"standard","meta":{"_acf_changed":false,"footnotes":""},"categories":[11,7],"tags":[],"class_list":["post-5184","post","type-post","status-publish","format-standard","has-post-thumbnail","hentry","category-que-pasa","category-mundo"],"acf":[],"yoast_head":"<!-- This site is optimized with the Yoast SEO plugin v27.5 - https:\/\/yoast.com\/product\/yoast-seo-wordpress\/ -->\n<title>Cuba: el sucesor de Ra\u00fal Castro ser\u00e1 Miguel D\u00edaz Canel - Diario Textual<\/title>\n<meta name=\"robots\" content=\"index, follow, max-snippet:-1, max-image-preview:large, max-video-preview:-1\" \/>\n<link rel=\"canonical\" href=\"https:\/\/diariotextual.com\/inicio\/index.php\/2018\/04\/18\/cuba-sucesor-raul-castro-sera-miguel-diaz-canel\/\" \/>\n<meta property=\"og:locale\" content=\"es_ES\" \/>\n<meta property=\"og:type\" content=\"article\" \/>\n<meta property=\"og:title\" content=\"Cuba: el sucesor de Ra\u00fal Castro ser\u00e1 Miguel D\u00edaz Canel - Diario Textual\" \/>\n<meta property=\"og:description\" content=\"La Asamblea Nacional de Cuba inici\u00f3 este mi\u00e9rcoles una sesi\u00f3n de dos d\u00edas para elegir al nuevo presidente de la isla socialista, una transici\u00f3n hist\u00f3rica tras seis d\u00e9cadas de poder&hellip;\" \/>\n<meta property=\"og:url\" content=\"https:\/\/diariotextual.com\/inicio\/index.php\/2018\/04\/18\/cuba-sucesor-raul-castro-sera-miguel-diaz-canel\/\" \/>\n<meta property=\"og:site_name\" content=\"Diario Textual\" \/>\n<meta property=\"article:publisher\" content=\"https:\/\/www.facebook.com\/eltextual\" \/>\n<meta property=\"article:published_time\" content=\"2018-04-18T21:35:48+00:00\" \/>\n<meta property=\"article:modified_time\" content=\"2018-04-19T14:52:48+00:00\" \/>\n<meta property=\"og:image\" content=\"https:\/\/diariotextual.com\/inicio\/wp-content\/uploads\/2018\/04\/diazcanel.jpg\" \/>\n\t<meta property=\"og:image:width\" content=\"600\" \/>\n\t<meta property=\"og:image:height\" content=\"400\" \/>\n\t<meta property=\"og:image:type\" content=\"image\/jpeg\" \/>\n<meta name=\"author\" content=\"Diario1 Diario1\" \/>\n<meta name=\"twitter:card\" content=\"summary_large_image\" \/>\n<meta name=\"twitter:creator\" content=\"@eltextual\" \/>\n<meta name=\"twitter:site\" content=\"@eltextual\" \/>\n<meta name=\"twitter:label1\" content=\"Escrito por\" \/>\n\t<meta name=\"twitter:data1\" content=\"Diario1 Diario1\" \/>\n\t<meta name=\"twitter:label2\" content=\"Tiempo de lectura\" \/>\n\t<meta name=\"twitter:data2\" content=\"3 minutos\" \/>\n<script type=\"application\/ld+json\" class=\"yoast-schema-graph\">{\"@context\":\"https:\\\/\\\/schema.org\",\"@graph\":[{\"@type\":\"Article\",\"@id\":\"https:\\\/\\\/diariotextual.com\\\/inicio\\\/index.php\\\/2018\\\/04\\\/18\\\/cuba-sucesor-raul-castro-sera-miguel-diaz-canel\\\/#article\",\"isPartOf\":{\"@id\":\"https:\\\/\\\/diariotextual.com\\\/inicio\\\/index.php\\\/2018\\\/04\\\/18\\\/cuba-sucesor-raul-castro-sera-miguel-diaz-canel\\\/\"},\"author\":{\"name\":\"Diario1 Diario1\",\"@id\":\"https:\\\/\\\/diariotextual.com\\\/inicio\\\/#\\\/schema\\\/person\\\/418fc4093c33e86ed41562db3508f958\"},\"headline\":\"Cuba: el sucesor de Ra\u00fal Castro ser\u00e1 Miguel D\u00edaz Canel\",\"datePublished\":\"2018-04-18T21:35:48+00:00\",\"dateModified\":\"2018-04-19T14:52:48+00:00\",\"mainEntityOfPage\":{\"@id\":\"https:\\\/\\\/diariotextual.com\\\/inicio\\\/index.php\\\/2018\\\/04\\\/18\\\/cuba-sucesor-raul-castro-sera-miguel-diaz-canel\\\/\"},\"wordCount\":578,\"commentCount\":0,\"publisher\":{\"@id\":\"https:\\\/\\\/diariotextual.com\\\/inicio\\\/#organization\"},\"image\":{\"@id\":\"https:\\\/\\\/diariotextual.com\\\/inicio\\\/index.php\\\/2018\\\/04\\\/18\\\/cuba-sucesor-raul-castro-sera-miguel-diaz-canel\\\/#primaryimage\"},\"thumbnailUrl\":\"https:\\\/\\\/diariotextual.com\\\/inicio\\\/wp-content\\\/uploads\\\/2018\\\/04\\\/diazcanel.jpg\",\"articleSection\":[\"A - QUE PASA (al costado)\",\"MUNDO\"],\"inLanguage\":\"es\",\"potentialAction\":[{\"@type\":\"CommentAction\",\"name\":\"Comment\",\"target\":[\"https:\\\/\\\/diariotextual.com\\\/inicio\\\/index.php\\\/2018\\\/04\\\/18\\\/cuba-sucesor-raul-castro-sera-miguel-diaz-canel\\\/#respond\"]}]},{\"@type\":\"WebPage\",\"@id\":\"https:\\\/\\\/diariotextual.com\\\/inicio\\\/index.php\\\/2018\\\/04\\\/18\\\/cuba-sucesor-raul-castro-sera-miguel-diaz-canel\\\/\",\"url\":\"https:\\\/\\\/diariotextual.com\\\/inicio\\\/index.php\\\/2018\\\/04\\\/18\\\/cuba-sucesor-raul-castro-sera-miguel-diaz-canel\\\/\",\"name\":\"Cuba: el sucesor de Ra\u00fal Castro ser\u00e1 Miguel D\u00edaz Canel - Diario Textual\",\"isPartOf\":{\"@id\":\"https:\\\/\\\/diariotextual.com\\\/inicio\\\/#website\"},\"primaryImageOfPage\":{\"@id\":\"https:\\\/\\\/diariotextual.com\\\/inicio\\\/index.php\\\/2018\\\/04\\\/18\\\/cuba-sucesor-raul-castro-sera-miguel-diaz-canel\\\/#primaryimage\"},\"image\":{\"@id\":\"https:\\\/\\\/diariotextual.com\\\/inicio\\\/index.php\\\/2018\\\/04\\\/18\\\/cuba-sucesor-raul-castro-sera-miguel-diaz-canel\\\/#primaryimage\"},\"thumbnailUrl\":\"https:\\\/\\\/diariotextual.com\\\/inicio\\\/wp-content\\\/uploads\\\/2018\\\/04\\\/diazcanel.jpg\",\"datePublished\":\"2018-04-18T21:35:48+00:00\",\"dateModified\":\"2018-04-19T14:52:48+00:00\",\"breadcrumb\":{\"@id\":\"https:\\\/\\\/diariotextual.com\\\/inicio\\\/index.php\\\/2018\\\/04\\\/18\\\/cuba-sucesor-raul-castro-sera-miguel-diaz-canel\\\/#breadcrumb\"},\"inLanguage\":\"es\",\"potentialAction\":[{\"@type\":\"ReadAction\",\"target\":[\"https:\\\/\\\/diariotextual.com\\\/inicio\\\/index.php\\\/2018\\\/04\\\/18\\\/cuba-sucesor-raul-castro-sera-miguel-diaz-canel\\\/\"]}]},{\"@type\":\"ImageObject\",\"inLanguage\":\"es\",\"@id\":\"https:\\\/\\\/diariotextual.com\\\/inicio\\\/index.php\\\/2018\\\/04\\\/18\\\/cuba-sucesor-raul-castro-sera-miguel-diaz-canel\\\/#primaryimage\",\"url\":\"https:\\\/\\\/diariotextual.com\\\/inicio\\\/wp-content\\\/uploads\\\/2018\\\/04\\\/diazcanel.jpg\",\"contentUrl\":\"https:\\\/\\\/diariotextual.com\\\/inicio\\\/wp-content\\\/uploads\\\/2018\\\/04\\\/diazcanel.jpg\",\"width\":600,\"height\":400},{\"@type\":\"BreadcrumbList\",\"@id\":\"https:\\\/\\\/diariotextual.com\\\/inicio\\\/index.php\\\/2018\\\/04\\\/18\\\/cuba-sucesor-raul-castro-sera-miguel-diaz-canel\\\/#breadcrumb\",\"itemListElement\":[{\"@type\":\"ListItem\",\"position\":1,\"name\":\"Portada\",\"item\":\"https:\\\/\\\/diariotextual.com\\\/inicio\\\/\"},{\"@type\":\"ListItem\",\"position\":2,\"name\":\"Cuba: el sucesor de Ra\u00fal Castro ser\u00e1 Miguel D\u00edaz Canel\"}]},{\"@type\":\"WebSite\",\"@id\":\"https:\\\/\\\/diariotextual.com\\\/inicio\\\/#website\",\"url\":\"https:\\\/\\\/diariotextual.com\\\/inicio\\\/\",\"name\":\"Diario Textual\",\"description\":\"\",\"publisher\":{\"@id\":\"https:\\\/\\\/diariotextual.com\\\/inicio\\\/#organization\"},\"potentialAction\":[{\"@type\":\"SearchAction\",\"target\":{\"@type\":\"EntryPoint\",\"urlTemplate\":\"https:\\\/\\\/diariotextual.com\\\/inicio\\\/?s={search_term_string}\"},\"query-input\":{\"@type\":\"PropertyValueSpecification\",\"valueRequired\":true,\"valueName\":\"search_term_string\"}}],\"inLanguage\":\"es\"},{\"@type\":\"Organization\",\"@id\":\"https:\\\/\\\/diariotextual.com\\\/inicio\\\/#organization\",\"name\":\"Diario Textual\",\"url\":\"https:\\\/\\\/diariotextual.com\\\/inicio\\\/\",\"logo\":{\"@type\":\"ImageObject\",\"inLanguage\":\"es\",\"@id\":\"https:\\\/\\\/diariotextual.com\\\/inicio\\\/#\\\/schema\\\/logo\\\/image\\\/\",\"url\":\"https:\\\/\\\/diariotextual.com\\\/inicio\\\/wp-content\\\/uploads\\\/2023\\\/05\\\/logotextual1.jpg\",\"contentUrl\":\"https:\\\/\\\/diariotextual.com\\\/inicio\\\/wp-content\\\/uploads\\\/2023\\\/05\\\/logotextual1.jpg\",\"width\":516,\"height\":76,\"caption\":\"Diario Textual\"},\"image\":{\"@id\":\"https:\\\/\\\/diariotextual.com\\\/inicio\\\/#\\\/schema\\\/logo\\\/image\\\/\"},\"sameAs\":[\"https:\\\/\\\/www.facebook.com\\\/eltextual\",\"https:\\\/\\\/x.com\\\/eltextual\",\"http:\\\/\\\/www.instagram.com\\\/eltextual\"]},{\"@type\":\"Person\",\"@id\":\"https:\\\/\\\/diariotextual.com\\\/inicio\\\/#\\\/schema\\\/person\\\/418fc4093c33e86ed41562db3508f958\",\"name\":\"Diario1 Diario1\",\"image\":{\"@type\":\"ImageObject\",\"inLanguage\":\"es\",\"@id\":\"https:\\\/\\\/secure.gravatar.com\\\/avatar\\\/9167d280179c85bc18be67aa7eda765854300033af4896dd779b608640f2ef7a?s=96&d=mm&r=g\",\"url\":\"https:\\\/\\\/secure.gravatar.com\\\/avatar\\\/9167d280179c85bc18be67aa7eda765854300033af4896dd779b608640f2ef7a?s=96&d=mm&r=g\",\"contentUrl\":\"https:\\\/\\\/secure.gravatar.com\\\/avatar\\\/9167d280179c85bc18be67aa7eda765854300033af4896dd779b608640f2ef7a?s=96&d=mm&r=g\",\"caption\":\"Diario1 Diario1\"},\"url\":\"https:\\\/\\\/diariotextual.com\\\/inicio\\\/index.php\\\/author\\\/diario1\\\/\"}]}<\/script>\n<!-- \/ Yoast SEO plugin. -->","yoast_head_json":{"title":"Cuba: el sucesor de Ra\u00fal Castro ser\u00e1 Miguel D\u00edaz Canel - Diario Textual","robots":{"index":"index","follow":"follow","max-snippet":"max-snippet:-1","max-image-preview":"max-image-preview:large","max-video-preview":"max-video-preview:-1"},"canonical":"https:\/\/diariotextual.com\/inicio\/index.php\/2018\/04\/18\/cuba-sucesor-raul-castro-sera-miguel-diaz-canel\/","og_locale":"es_ES","og_type":"article","og_title":"Cuba: el sucesor de Ra\u00fal Castro ser\u00e1 Miguel D\u00edaz Canel - Diario Textual","og_description":"La Asamblea Nacional de Cuba inici\u00f3 este mi\u00e9rcoles una sesi\u00f3n de dos d\u00edas para elegir al nuevo presidente de la isla socialista, una transici\u00f3n hist\u00f3rica tras seis d\u00e9cadas de poder&hellip;","og_url":"https:\/\/diariotextual.com\/inicio\/index.php\/2018\/04\/18\/cuba-sucesor-raul-castro-sera-miguel-diaz-canel\/","og_site_name":"Diario Textual","article_publisher":"https:\/\/www.facebook.com\/eltextual","article_published_time":"2018-04-18T21:35:48+00:00","article_modified_time":"2018-04-19T14:52:48+00:00","og_image":[{"width":600,"height":400,"url":"https:\/\/diariotextual.com\/inicio\/wp-content\/uploads\/2018\/04\/diazcanel.jpg","type":"image\/jpeg"}],"author":"Diario1 Diario1","twitter_card":"summary_large_image","twitter_creator":"@eltextual","twitter_site":"@eltextual","twitter_misc":{"Escrito por":"Diario1 Diario1","Tiempo de lectura":"3 minutos"},"schema":{"@context":"https:\/\/schema.org","@graph":[{"@type":"Article","@id":"https:\/\/diariotextual.com\/inicio\/index.php\/2018\/04\/18\/cuba-sucesor-raul-castro-sera-miguel-diaz-canel\/#article","isPartOf":{"@id":"https:\/\/diariotextual.com\/inicio\/index.php\/2018\/04\/18\/cuba-sucesor-raul-castro-sera-miguel-diaz-canel\/"},"author":{"name":"Diario1 Diario1","@id":"https:\/\/diariotextual.com\/inicio\/#\/schema\/person\/418fc4093c33e86ed41562db3508f958"},"headline":"Cuba: el sucesor de Ra\u00fal Castro ser\u00e1 Miguel D\u00edaz Canel","datePublished":"2018-04-18T21:35:48+00:00","dateModified":"2018-04-19T14:52:48+00:00","mainEntityOfPage":{"@id":"https:\/\/diariotextual.com\/inicio\/index.php\/2018\/04\/18\/cuba-sucesor-raul-castro-sera-miguel-diaz-canel\/"},"wordCount":578,"commentCount":0,"publisher":{"@id":"https:\/\/diariotextual.com\/inicio\/#organization"},"image":{"@id":"https:\/\/diariotextual.com\/inicio\/index.php\/2018\/04\/18\/cuba-sucesor-raul-castro-sera-miguel-diaz-canel\/#primaryimage"},"thumbnailUrl":"https:\/\/diariotextual.com\/inicio\/wp-content\/uploads\/2018\/04\/diazcanel.jpg","articleSection":["A - QUE PASA (al costado)","MUNDO"],"inLanguage":"es","potentialAction":[{"@type":"CommentAction","name":"Comment","target":["https:\/\/diariotextual.com\/inicio\/index.php\/2018\/04\/18\/cuba-sucesor-raul-castro-sera-miguel-diaz-canel\/#respond"]}]},{"@type":"WebPage","@id":"https:\/\/diariotextual.com\/inicio\/index.php\/2018\/04\/18\/cuba-sucesor-raul-castro-sera-miguel-diaz-canel\/","url":"https:\/\/diariotextual.com\/inicio\/index.php\/2018\/04\/18\/cuba-sucesor-raul-castro-sera-miguel-diaz-canel\/","name":"Cuba: el sucesor de Ra\u00fal Castro ser\u00e1 Miguel D\u00edaz Canel - Diario Textual","isPartOf":{"@id":"https:\/\/diariotextual.com\/inicio\/#website"},"primaryImageOfPage":{"@id":"https:\/\/diariotextual.com\/inicio\/index.php\/2018\/04\/18\/cuba-sucesor-raul-castro-sera-miguel-diaz-canel\/#primaryimage"},"image":{"@id":"https:\/\/diariotextual.com\/inicio\/index.php\/2018\/04\/18\/cuba-sucesor-raul-castro-sera-miguel-diaz-canel\/#primaryimage"},"thumbnailUrl":"https:\/\/diariotextual.com\/inicio\/wp-content\/uploads\/2018\/04\/diazcanel.jpg","datePublished":"2018-04-18T21:35:48+00:00","dateModified":"2018-04-19T14:52:48+00:00","breadcrumb":{"@id":"https:\/\/diariotextual.com\/inicio\/index.php\/2018\/04\/18\/cuba-sucesor-raul-castro-sera-miguel-diaz-canel\/#breadcrumb"},"inLanguage":"es","potentialAction":[{"@type":"ReadAction","target":["https:\/\/diariotextual.com\/inicio\/index.php\/2018\/04\/18\/cuba-sucesor-raul-castro-sera-miguel-diaz-canel\/"]}]},{"@type":"ImageObject","inLanguage":"es","@id":"https:\/\/diariotextual.com\/inicio\/index.php\/2018\/04\/18\/cuba-sucesor-raul-castro-sera-miguel-diaz-canel\/#primaryimage","url":"https:\/\/diariotextual.com\/inicio\/wp-content\/uploads\/2018\/04\/diazcanel.jpg","contentUrl":"https:\/\/diariotextual.com\/inicio\/wp-content\/uploads\/2018\/04\/diazcanel.jpg","width":600,"height":400},{"@type":"BreadcrumbList","@id":"https:\/\/diariotextual.com\/inicio\/index.php\/2018\/04\/18\/cuba-sucesor-raul-castro-sera-miguel-diaz-canel\/#breadcrumb","itemListElement":[{"@type":"ListItem","position":1,"name":"Portada","item":"https:\/\/diariotextual.com\/inicio\/"},{"@type":"ListItem","position":2,"name":"Cuba: el sucesor de Ra\u00fal Castro ser\u00e1 Miguel D\u00edaz Canel"}]},{"@type":"WebSite","@id":"https:\/\/diariotextual.com\/inicio\/#website","url":"https:\/\/diariotextual.com\/inicio\/","name":"Diario Textual","description":"","publisher":{"@id":"https:\/\/diariotextual.com\/inicio\/#organization"},"potentialAction":[{"@type":"SearchAction","target":{"@type":"EntryPoint","urlTemplate":"https:\/\/diariotextual.com\/inicio\/?s={search_term_string}"},"query-input":{"@type":"PropertyValueSpecification","valueRequired":true,"valueName":"search_term_string"}}],"inLanguage":"es"},{"@type":"Organization","@id":"https:\/\/diariotextual.com\/inicio\/#organization","name":"Diario Textual","url":"https:\/\/diariotextual.com\/inicio\/","logo":{"@type":"ImageObject","inLanguage":"es","@id":"https:\/\/diariotextual.com\/inicio\/#\/schema\/logo\/image\/","url":"https:\/\/diariotextual.com\/inicio\/wp-content\/uploads\/2023\/05\/logotextual1.jpg","contentUrl":"https:\/\/diariotextual.com\/inicio\/wp-content\/uploads\/2023\/05\/logotextual1.jpg","width":516,"height":76,"caption":"Diario Textual"},"image":{"@id":"https:\/\/diariotextual.com\/inicio\/#\/schema\/logo\/image\/"},"sameAs":["https:\/\/www.facebook.com\/eltextual","https:\/\/x.com\/eltextual","http:\/\/www.instagram.com\/eltextual"]},{"@type":"Person","@id":"https:\/\/diariotextual.com\/inicio\/#\/schema\/person\/418fc4093c33e86ed41562db3508f958","name":"Diario1 Diario1","image":{"@type":"ImageObject","inLanguage":"es","@id":"https:\/\/secure.gravatar.com\/avatar\/9167d280179c85bc18be67aa7eda765854300033af4896dd779b608640f2ef7a?s=96&d=mm&r=g","url":"https:\/\/secure.gravatar.com\/avatar\/9167d280179c85bc18be67aa7eda765854300033af4896dd779b608640f2ef7a?s=96&d=mm&r=g","contentUrl":"https:\/\/secure.gravatar.com\/avatar\/9167d280179c85bc18be67aa7eda765854300033af4896dd779b608640f2ef7a?s=96&d=mm&r=g","caption":"Diario1 Diario1"},"url":"https:\/\/diariotextual.com\/inicio\/index.php\/author\/diario1\/"}]}},"_links":{"self":[{"href":"https:\/\/diariotextual.com\/inicio\/index.php\/wp-json\/wp\/v2\/posts\/5184","targetHints":{"allow":["GET"]}}],"collection":[{"href":"https:\/\/diariotextual.com\/inicio\/index.php\/wp-json\/wp\/v2\/posts"}],"about":[{"href":"https:\/\/diariotextual.com\/inicio\/index.php\/wp-json\/wp\/v2\/types\/post"}],"author":[{"embeddable":true,"href":"https:\/\/diariotextual.com\/inicio\/index.php\/wp-json\/wp\/v2\/users\/3"}],"replies":[{"embeddable":true,"href":"https:\/\/diariotextual.com\/inicio\/index.php\/wp-json\/wp\/v2\/comments?post=5184"}],"version-history":[{"count":1,"href":"https:\/\/diariotextual.com\/inicio\/index.php\/wp-json\/wp\/v2\/posts\/5184\/revisions"}],"predecessor-version":[{"id":5186,"href":"https:\/\/diariotextual.com\/inicio\/index.php\/wp-json\/wp\/v2\/posts\/5184\/revisions\/5186"}],"wp:featuredmedia":[{"embeddable":true,"href":"https:\/\/diariotextual.com\/inicio\/index.php\/wp-json\/wp\/v2\/media\/5185"}],"wp:attachment":[{"href":"https:\/\/diariotextual.com\/inicio\/index.php\/wp-json\/wp\/v2\/media?parent=5184"}],"wp:term":[{"taxonomy":"category","embeddable":true,"href":"https:\/\/diariotextual.com\/inicio\/index.php\/wp-json\/wp\/v2\/categories?post=5184"},{"taxonomy":"post_tag","embeddable":true,"href":"https:\/\/diariotextual.com\/inicio\/index.php\/wp-json\/wp\/v2\/tags?post=5184"}],"curies":[{"name":"wp","href":"https:\/\/api.w.org\/{rel}","templated":true}]}}