{"id":51983,"date":"2019-06-13T10:55:07","date_gmt":"2019-06-13T13:55:07","guid":{"rendered":"http:\/\/diariotextual.com\/inicio\/?p=51983"},"modified":"2019-06-13T16:26:27","modified_gmt":"2019-06-13T19:26:27","slug":"consultora-la-unlpam-presento-primer-informe-del-estudio-del-dano-corte-del-salado","status":"publish","type":"post","link":"https:\/\/diariotextual.com\/inicio\/index.php\/2019\/06\/13\/consultora-la-unlpam-presento-primer-informe-del-estudio-del-dano-corte-del-salado\/","title":{"rendered":"Consultora de la UNLPam present\u00f3 el primer informe del estudio del da\u00f1o por el corte del Salado"},"content":{"rendered":"<p>La<strong> Consultora de la Universidad Nacional de La Pampa<\/strong>\u00a0 (UNLPam) present\u00f3 este jueves el <strong>primer informe t\u00e9cnico<\/strong>\u00a0sobre c\u00f3mo va avanzando con el<strong> estudio fluvioecol\u00f3gico y del da\u00f1o socioecon\u00f3mico en el oeste <\/strong>de nuestra provincia <strong>por la merma del caudal<\/strong>\u00a0<strong>o, en ciertos per\u00edodos,<\/strong><strong>\u00a0directamente el corte del r\u00edo Salado.\u00a0<\/strong>A\u00fan no hay cuantificaci\u00f3n de los da\u00f1os.<\/p>\n<blockquote class=\"wp-embedded-content\" data-secret=\"rIVWTL0sNv\"><p><a href=\"http:\/\/diariotextual.com\/inicio\/index.php\/2019\/06\/13\/nacion-le-da-1-023-millones-dolares-mendoza-licite-portezuelo\/\">Naci\u00f3n le da 1.023 millones de d\u00f3lares a Mendoza para que licite Portezuelo<\/a><\/p><\/blockquote>\n<p><iframe class=\"wp-embedded-content\" sandbox=\"allow-scripts\" security=\"restricted\" style=\"position: absolute; clip: rect(1px, 1px, 1px, 1px);\" src=\"http:\/\/diariotextual.com\/inicio\/index.php\/2019\/06\/13\/nacion-le-da-1-023-millones-dolares-mendoza-licite-portezuelo\/embed\/#?secret=rIVWTL0sNv\" data-secret=\"rIVWTL0sNv\" width=\"600\" height=\"338\" title=\"&#171;Naci\u00f3n le da 1.023 millones de d\u00f3lares a Mendoza para que licite Portezuelo&#187; &#8212; Diario Textual\" frameborder=\"0\" marginwidth=\"0\" marginheight=\"0\" scrolling=\"no\"><\/iframe><\/p>\n<p>El estudio, encargado el a\u00f1o pasado por el Estado pampeano,<strong> abarca toda la cuenca Desag\u00fcadero \u2013 Salado \u2013 Chadileuv\u00fa \u2013 Curac\u00f3<\/strong>.\u00a0Tiene <strong>un costo de 17 millones de pesos y trabajan unos 30 investigadores.<\/strong><\/p>\n<p>Una vez concluido, se presentar\u00e1n los datos en la<strong>\u00a0denuncia judicial contra San Juan y Mendoza, que afectan al Salado con represas como El Tambolar y Punta Negra.<\/strong><\/p>\n<p><img fetchpriority=\"high\" decoding=\"async\" class=\"alignnone wp-image-51999\" src=\"http:\/\/diariotextual.com\/inicio\/wp-content\/uploads\/2019\/06\/saladorioconferenciaconsultora-1024x595.jpg\" alt=\"\" width=\"714\" height=\"415\" srcset=\"https:\/\/diariotextual.com\/inicio\/wp-content\/uploads\/2019\/06\/saladorioconferenciaconsultora-1024x595.jpg 1024w, https:\/\/diariotextual.com\/inicio\/wp-content\/uploads\/2019\/06\/saladorioconferenciaconsultora-300x174.jpg 300w, https:\/\/diariotextual.com\/inicio\/wp-content\/uploads\/2019\/06\/saladorioconferenciaconsultora-768x446.jpg 768w, https:\/\/diariotextual.com\/inicio\/wp-content\/uploads\/2019\/06\/saladorioconferenciaconsultora-1170x680.jpg 1170w, https:\/\/diariotextual.com\/inicio\/wp-content\/uploads\/2019\/06\/saladorioconferenciaconsultora-585x340.jpg 585w\" sizes=\"(max-width: 714px) 100vw, 714px\" \/><\/p>\n<p><strong>Caudal \u00abraqu\u00edtico\u00bb<\/strong><\/p>\n<p>\u00abEstamos en la primera etapa del estudio, que durar\u00e1 quince meses. Hemos recorrido el territorio, se hicieron las visitas de campo y se est\u00e1 trabajando en diferentes \u00e1reas, social, h\u00eddrica, de flora y fauna\u00bb, explic\u00f3 el secretario de Recursos H\u00eddricos, Javier Schlegel.<\/p>\n<p>Actualmente, el caudal que llega a La Pampa, dijo el funcionario, es \u00abraqu\u00edtico\u00bb y alcanza los\u00a0<strong>0,6 metros c\u00fabicos por segundo. \u00abLa calidad del agua desciende a 80 mil miligramos de sal por litro, con lo cual es un agua no apta para ning\u00fan tipo de utilizaci\u00f3n\u00bb<\/strong>, dijo.<\/p>\n<p>El Salado fue un r\u00edo caudaloso. Hace 10 a\u00f1os ten\u00eda un caudal de entre 20 y 30 m3\/seg, pero hoy pr\u00e1cticamente no corre en La Pampa. \u00bfEl motivo? <strong>\u00abLas obras inconsultas que se han hecho aguas arriba, que no solo afectaron el Atuel, sino tambi\u00e9n el Salado\u00bb<\/strong>, dijo Schlegel.<\/p>\n<p>&nbsp;<\/p>\n<p><strong>Un estudio similar al del Atuel<\/strong><\/p>\n<p>El proceso que est\u00e1 siguiendo la Consultora de la UNLPam es similar\u00a0al realizado con el r\u00edo Atuel, a trav\u00e9s de un m\u00e9todo hol\u00edstico para determinar el caudal que se deber\u00eda tener en el Salado para el\u00a0restablecimiento del ambiente.<\/p>\n<p><strong>La situaci\u00f3n del Salado se compara a la del Atuel, a ra\u00edz de una serie de represas y otras obras ubicadas aguas arribas -en San Juan, Mendoza y San Luis-, que mermaron tambi\u00e9n el ingreso de agua al oeste<\/strong>.<\/p>\n<p>&nbsp;<\/p>\n<p>&nbsp;<\/p>\n<p>&nbsp;<\/p>\n<p>&nbsp;<\/p>\n<p>&nbsp;<\/p>\n","protected":false},"excerpt":{"rendered":"<p>La Consultora de la Universidad Nacional de La Pampa\u00a0 (UNLPam) present\u00f3 este jueves el primer informe t\u00e9cnico\u00a0sobre c\u00f3mo va avanzando con el estudio fluvioecol\u00f3gico y del da\u00f1o socioecon\u00f3mico en el&hellip;<\/p>\n","protected":false},"author":2,"featured_media":5743,"comment_status":"closed","ping_status":"open","sticky":false,"template":"","format":"standard","meta":{"_acf_changed":false,"footnotes":""},"categories":[319,12],"tags":[544],"class_list":["post-51983","post","type-post","status-publish","format-standard","has-post-thumbnail","hentry","category-a-temporales","category-sociedad","tag-salado"],"acf":[],"yoast_head":"<!-- This site is optimized with the Yoast SEO plugin v27.5 - https:\/\/yoast.com\/product\/yoast-seo-wordpress\/ -->\n<title>Consultora de la UNLPam present\u00f3 el primer informe del estudio del da\u00f1o por el corte del Salado - Diario Textual<\/title>\n<meta name=\"robots\" content=\"index, follow, max-snippet:-1, max-image-preview:large, max-video-preview:-1\" \/>\n<link rel=\"canonical\" href=\"https:\/\/diariotextual.com\/inicio\/index.php\/2019\/06\/13\/consultora-la-unlpam-presento-primer-informe-del-estudio-del-dano-corte-del-salado\/\" \/>\n<meta property=\"og:locale\" content=\"es_ES\" \/>\n<meta property=\"og:type\" content=\"article\" \/>\n<meta property=\"og:title\" content=\"Consultora de la UNLPam present\u00f3 el primer informe del estudio del da\u00f1o por el corte del Salado - Diario Textual\" \/>\n<meta property=\"og:description\" content=\"La Consultora de la Universidad Nacional de La Pampa\u00a0 (UNLPam) present\u00f3 este jueves el primer informe t\u00e9cnico\u00a0sobre c\u00f3mo va avanzando con el estudio fluvioecol\u00f3gico y del da\u00f1o socioecon\u00f3mico en el&hellip;\" \/>\n<meta property=\"og:url\" content=\"https:\/\/diariotextual.com\/inicio\/index.php\/2019\/06\/13\/consultora-la-unlpam-presento-primer-informe-del-estudio-del-dano-corte-del-salado\/\" \/>\n<meta property=\"og:site_name\" content=\"Diario Textual\" \/>\n<meta property=\"article:publisher\" content=\"https:\/\/www.facebook.com\/eltextual\" \/>\n<meta property=\"article:published_time\" content=\"2019-06-13T13:55:07+00:00\" \/>\n<meta property=\"article:modified_time\" content=\"2019-06-13T19:26:27+00:00\" \/>\n<meta property=\"og:image\" content=\"https:\/\/diariotextual.com\/inicio\/wp-content\/uploads\/2018\/04\/saladorio2018-0121212.jpg\" \/>\n\t<meta property=\"og:image:width\" content=\"720\" \/>\n\t<meta property=\"og:image:height\" content=\"487\" \/>\n\t<meta property=\"og:image:type\" content=\"image\/jpeg\" \/>\n<meta name=\"author\" content=\"Sergio Romano\" \/>\n<meta name=\"twitter:card\" content=\"summary_large_image\" \/>\n<meta name=\"twitter:creator\" content=\"@eltextual\" \/>\n<meta name=\"twitter:site\" content=\"@eltextual\" \/>\n<meta name=\"twitter:label1\" content=\"Escrito por\" \/>\n\t<meta name=\"twitter:data1\" content=\"Sergio Romano\" \/>\n\t<meta name=\"twitter:label2\" content=\"Tiempo de lectura\" \/>\n\t<meta name=\"twitter:data2\" content=\"2 minutos\" \/>\n<script type=\"application\/ld+json\" class=\"yoast-schema-graph\">{\"@context\":\"https:\\\/\\\/schema.org\",\"@graph\":[{\"@type\":\"Article\",\"@id\":\"https:\\\/\\\/diariotextual.com\\\/inicio\\\/index.php\\\/2019\\\/06\\\/13\\\/consultora-la-unlpam-presento-primer-informe-del-estudio-del-dano-corte-del-salado\\\/#article\",\"isPartOf\":{\"@id\":\"https:\\\/\\\/diariotextual.com\\\/inicio\\\/index.php\\\/2019\\\/06\\\/13\\\/consultora-la-unlpam-presento-primer-informe-del-estudio-del-dano-corte-del-salado\\\/\"},\"author\":{\"name\":\"Sergio Romano\",\"@id\":\"https:\\\/\\\/diariotextual.com\\\/inicio\\\/#\\\/schema\\\/person\\\/523499e72392084bbaa07d9918058135\"},\"headline\":\"Consultora de la UNLPam present\u00f3 el primer informe del estudio del da\u00f1o por el corte del Salado\",\"datePublished\":\"2019-06-13T13:55:07+00:00\",\"dateModified\":\"2019-06-13T19:26:27+00:00\",\"mainEntityOfPage\":{\"@id\":\"https:\\\/\\\/diariotextual.com\\\/inicio\\\/index.php\\\/2019\\\/06\\\/13\\\/consultora-la-unlpam-presento-primer-informe-del-estudio-del-dano-corte-del-salado\\\/\"},\"wordCount\":402,\"publisher\":{\"@id\":\"https:\\\/\\\/diariotextual.com\\\/inicio\\\/#organization\"},\"image\":{\"@id\":\"https:\\\/\\\/diariotextual.com\\\/inicio\\\/index.php\\\/2019\\\/06\\\/13\\\/consultora-la-unlpam-presento-primer-informe-del-estudio-del-dano-corte-del-salado\\\/#primaryimage\"},\"thumbnailUrl\":\"https:\\\/\\\/diariotextual.com\\\/inicio\\\/wp-content\\\/uploads\\\/2018\\\/04\\\/saladorio2018-0121212.jpg\",\"keywords\":[\"salado\"],\"articleSection\":[\"A - TEMPORALES\",\"SOCIEDAD\"],\"inLanguage\":\"es\"},{\"@type\":\"WebPage\",\"@id\":\"https:\\\/\\\/diariotextual.com\\\/inicio\\\/index.php\\\/2019\\\/06\\\/13\\\/consultora-la-unlpam-presento-primer-informe-del-estudio-del-dano-corte-del-salado\\\/\",\"url\":\"https:\\\/\\\/diariotextual.com\\\/inicio\\\/index.php\\\/2019\\\/06\\\/13\\\/consultora-la-unlpam-presento-primer-informe-del-estudio-del-dano-corte-del-salado\\\/\",\"name\":\"Consultora de la UNLPam present\u00f3 el primer informe del estudio del da\u00f1o por el corte del Salado - Diario Textual\",\"isPartOf\":{\"@id\":\"https:\\\/\\\/diariotextual.com\\\/inicio\\\/#website\"},\"primaryImageOfPage\":{\"@id\":\"https:\\\/\\\/diariotextual.com\\\/inicio\\\/index.php\\\/2019\\\/06\\\/13\\\/consultora-la-unlpam-presento-primer-informe-del-estudio-del-dano-corte-del-salado\\\/#primaryimage\"},\"image\":{\"@id\":\"https:\\\/\\\/diariotextual.com\\\/inicio\\\/index.php\\\/2019\\\/06\\\/13\\\/consultora-la-unlpam-presento-primer-informe-del-estudio-del-dano-corte-del-salado\\\/#primaryimage\"},\"thumbnailUrl\":\"https:\\\/\\\/diariotextual.com\\\/inicio\\\/wp-content\\\/uploads\\\/2018\\\/04\\\/saladorio2018-0121212.jpg\",\"datePublished\":\"2019-06-13T13:55:07+00:00\",\"dateModified\":\"2019-06-13T19:26:27+00:00\",\"breadcrumb\":{\"@id\":\"https:\\\/\\\/diariotextual.com\\\/inicio\\\/index.php\\\/2019\\\/06\\\/13\\\/consultora-la-unlpam-presento-primer-informe-del-estudio-del-dano-corte-del-salado\\\/#breadcrumb\"},\"inLanguage\":\"es\",\"potentialAction\":[{\"@type\":\"ReadAction\",\"target\":[\"https:\\\/\\\/diariotextual.com\\\/inicio\\\/index.php\\\/2019\\\/06\\\/13\\\/consultora-la-unlpam-presento-primer-informe-del-estudio-del-dano-corte-del-salado\\\/\"]}]},{\"@type\":\"ImageObject\",\"inLanguage\":\"es\",\"@id\":\"https:\\\/\\\/diariotextual.com\\\/inicio\\\/index.php\\\/2019\\\/06\\\/13\\\/consultora-la-unlpam-presento-primer-informe-del-estudio-del-dano-corte-del-salado\\\/#primaryimage\",\"url\":\"https:\\\/\\\/diariotextual.com\\\/inicio\\\/wp-content\\\/uploads\\\/2018\\\/04\\\/saladorio2018-0121212.jpg\",\"contentUrl\":\"https:\\\/\\\/diariotextual.com\\\/inicio\\\/wp-content\\\/uploads\\\/2018\\\/04\\\/saladorio2018-0121212.jpg\",\"width\":720,\"height\":487},{\"@type\":\"BreadcrumbList\",\"@id\":\"https:\\\/\\\/diariotextual.com\\\/inicio\\\/index.php\\\/2019\\\/06\\\/13\\\/consultora-la-unlpam-presento-primer-informe-del-estudio-del-dano-corte-del-salado\\\/#breadcrumb\",\"itemListElement\":[{\"@type\":\"ListItem\",\"position\":1,\"name\":\"Portada\",\"item\":\"https:\\\/\\\/diariotextual.com\\\/inicio\\\/\"},{\"@type\":\"ListItem\",\"position\":2,\"name\":\"Consultora de la UNLPam present\u00f3 el primer informe del estudio del da\u00f1o por el corte del Salado\"}]},{\"@type\":\"WebSite\",\"@id\":\"https:\\\/\\\/diariotextual.com\\\/inicio\\\/#website\",\"url\":\"https:\\\/\\\/diariotextual.com\\\/inicio\\\/\",\"name\":\"Diario Textual\",\"description\":\"\",\"publisher\":{\"@id\":\"https:\\\/\\\/diariotextual.com\\\/inicio\\\/#organization\"},\"potentialAction\":[{\"@type\":\"SearchAction\",\"target\":{\"@type\":\"EntryPoint\",\"urlTemplate\":\"https:\\\/\\\/diariotextual.com\\\/inicio\\\/?s={search_term_string}\"},\"query-input\":{\"@type\":\"PropertyValueSpecification\",\"valueRequired\":true,\"valueName\":\"search_term_string\"}}],\"inLanguage\":\"es\"},{\"@type\":\"Organization\",\"@id\":\"https:\\\/\\\/diariotextual.com\\\/inicio\\\/#organization\",\"name\":\"Diario Textual\",\"url\":\"https:\\\/\\\/diariotextual.com\\\/inicio\\\/\",\"logo\":{\"@type\":\"ImageObject\",\"inLanguage\":\"es\",\"@id\":\"https:\\\/\\\/diariotextual.com\\\/inicio\\\/#\\\/schema\\\/logo\\\/image\\\/\",\"url\":\"https:\\\/\\\/diariotextual.com\\\/inicio\\\/wp-content\\\/uploads\\\/2023\\\/05\\\/logotextual1.jpg\",\"contentUrl\":\"https:\\\/\\\/diariotextual.com\\\/inicio\\\/wp-content\\\/uploads\\\/2023\\\/05\\\/logotextual1.jpg\",\"width\":516,\"height\":76,\"caption\":\"Diario Textual\"},\"image\":{\"@id\":\"https:\\\/\\\/diariotextual.com\\\/inicio\\\/#\\\/schema\\\/logo\\\/image\\\/\"},\"sameAs\":[\"https:\\\/\\\/www.facebook.com\\\/eltextual\",\"https:\\\/\\\/x.com\\\/eltextual\",\"http:\\\/\\\/www.instagram.com\\\/eltextual\"]},{\"@type\":\"Person\",\"@id\":\"https:\\\/\\\/diariotextual.com\\\/inicio\\\/#\\\/schema\\\/person\\\/523499e72392084bbaa07d9918058135\",\"name\":\"Sergio Romano\",\"image\":{\"@type\":\"ImageObject\",\"inLanguage\":\"es\",\"@id\":\"https:\\\/\\\/secure.gravatar.com\\\/avatar\\\/558f03f407fa3accd9dabd3c363c971a21b2b44ce0fe39bb24a92ac5472808b8?s=96&d=mm&r=g\",\"url\":\"https:\\\/\\\/secure.gravatar.com\\\/avatar\\\/558f03f407fa3accd9dabd3c363c971a21b2b44ce0fe39bb24a92ac5472808b8?s=96&d=mm&r=g\",\"contentUrl\":\"https:\\\/\\\/secure.gravatar.com\\\/avatar\\\/558f03f407fa3accd9dabd3c363c971a21b2b44ce0fe39bb24a92ac5472808b8?s=96&d=mm&r=g\",\"caption\":\"Sergio Romano\"},\"sameAs\":[\"http:\\\/\\\/www.diariotextual.com\"],\"url\":\"https:\\\/\\\/diariotextual.com\\\/inicio\\\/index.php\\\/author\\\/sergio\\\/\"}]}<\/script>\n<!-- \/ Yoast SEO plugin. -->","yoast_head_json":{"title":"Consultora de la UNLPam present\u00f3 el primer informe del estudio del da\u00f1o por el corte del Salado - Diario Textual","robots":{"index":"index","follow":"follow","max-snippet":"max-snippet:-1","max-image-preview":"max-image-preview:large","max-video-preview":"max-video-preview:-1"},"canonical":"https:\/\/diariotextual.com\/inicio\/index.php\/2019\/06\/13\/consultora-la-unlpam-presento-primer-informe-del-estudio-del-dano-corte-del-salado\/","og_locale":"es_ES","og_type":"article","og_title":"Consultora de la UNLPam present\u00f3 el primer informe del estudio del da\u00f1o por el corte del Salado - Diario Textual","og_description":"La Consultora de la Universidad Nacional de La Pampa\u00a0 (UNLPam) present\u00f3 este jueves el primer informe t\u00e9cnico\u00a0sobre c\u00f3mo va avanzando con el estudio fluvioecol\u00f3gico y del da\u00f1o socioecon\u00f3mico en el&hellip;","og_url":"https:\/\/diariotextual.com\/inicio\/index.php\/2019\/06\/13\/consultora-la-unlpam-presento-primer-informe-del-estudio-del-dano-corte-del-salado\/","og_site_name":"Diario Textual","article_publisher":"https:\/\/www.facebook.com\/eltextual","article_published_time":"2019-06-13T13:55:07+00:00","article_modified_time":"2019-06-13T19:26:27+00:00","og_image":[{"width":720,"height":487,"url":"https:\/\/diariotextual.com\/inicio\/wp-content\/uploads\/2018\/04\/saladorio2018-0121212.jpg","type":"image\/jpeg"}],"author":"Sergio Romano","twitter_card":"summary_large_image","twitter_creator":"@eltextual","twitter_site":"@eltextual","twitter_misc":{"Escrito por":"Sergio Romano","Tiempo de lectura":"2 minutos"},"schema":{"@context":"https:\/\/schema.org","@graph":[{"@type":"Article","@id":"https:\/\/diariotextual.com\/inicio\/index.php\/2019\/06\/13\/consultora-la-unlpam-presento-primer-informe-del-estudio-del-dano-corte-del-salado\/#article","isPartOf":{"@id":"https:\/\/diariotextual.com\/inicio\/index.php\/2019\/06\/13\/consultora-la-unlpam-presento-primer-informe-del-estudio-del-dano-corte-del-salado\/"},"author":{"name":"Sergio Romano","@id":"https:\/\/diariotextual.com\/inicio\/#\/schema\/person\/523499e72392084bbaa07d9918058135"},"headline":"Consultora de la UNLPam present\u00f3 el primer informe del estudio del da\u00f1o por el corte del Salado","datePublished":"2019-06-13T13:55:07+00:00","dateModified":"2019-06-13T19:26:27+00:00","mainEntityOfPage":{"@id":"https:\/\/diariotextual.com\/inicio\/index.php\/2019\/06\/13\/consultora-la-unlpam-presento-primer-informe-del-estudio-del-dano-corte-del-salado\/"},"wordCount":402,"publisher":{"@id":"https:\/\/diariotextual.com\/inicio\/#organization"},"image":{"@id":"https:\/\/diariotextual.com\/inicio\/index.php\/2019\/06\/13\/consultora-la-unlpam-presento-primer-informe-del-estudio-del-dano-corte-del-salado\/#primaryimage"},"thumbnailUrl":"https:\/\/diariotextual.com\/inicio\/wp-content\/uploads\/2018\/04\/saladorio2018-0121212.jpg","keywords":["salado"],"articleSection":["A - TEMPORALES","SOCIEDAD"],"inLanguage":"es"},{"@type":"WebPage","@id":"https:\/\/diariotextual.com\/inicio\/index.php\/2019\/06\/13\/consultora-la-unlpam-presento-primer-informe-del-estudio-del-dano-corte-del-salado\/","url":"https:\/\/diariotextual.com\/inicio\/index.php\/2019\/06\/13\/consultora-la-unlpam-presento-primer-informe-del-estudio-del-dano-corte-del-salado\/","name":"Consultora de la UNLPam present\u00f3 el primer informe del estudio del da\u00f1o por el corte del Salado - Diario Textual","isPartOf":{"@id":"https:\/\/diariotextual.com\/inicio\/#website"},"primaryImageOfPage":{"@id":"https:\/\/diariotextual.com\/inicio\/index.php\/2019\/06\/13\/consultora-la-unlpam-presento-primer-informe-del-estudio-del-dano-corte-del-salado\/#primaryimage"},"image":{"@id":"https:\/\/diariotextual.com\/inicio\/index.php\/2019\/06\/13\/consultora-la-unlpam-presento-primer-informe-del-estudio-del-dano-corte-del-salado\/#primaryimage"},"thumbnailUrl":"https:\/\/diariotextual.com\/inicio\/wp-content\/uploads\/2018\/04\/saladorio2018-0121212.jpg","datePublished":"2019-06-13T13:55:07+00:00","dateModified":"2019-06-13T19:26:27+00:00","breadcrumb":{"@id":"https:\/\/diariotextual.com\/inicio\/index.php\/2019\/06\/13\/consultora-la-unlpam-presento-primer-informe-del-estudio-del-dano-corte-del-salado\/#breadcrumb"},"inLanguage":"es","potentialAction":[{"@type":"ReadAction","target":["https:\/\/diariotextual.com\/inicio\/index.php\/2019\/06\/13\/consultora-la-unlpam-presento-primer-informe-del-estudio-del-dano-corte-del-salado\/"]}]},{"@type":"ImageObject","inLanguage":"es","@id":"https:\/\/diariotextual.com\/inicio\/index.php\/2019\/06\/13\/consultora-la-unlpam-presento-primer-informe-del-estudio-del-dano-corte-del-salado\/#primaryimage","url":"https:\/\/diariotextual.com\/inicio\/wp-content\/uploads\/2018\/04\/saladorio2018-0121212.jpg","contentUrl":"https:\/\/diariotextual.com\/inicio\/wp-content\/uploads\/2018\/04\/saladorio2018-0121212.jpg","width":720,"height":487},{"@type":"BreadcrumbList","@id":"https:\/\/diariotextual.com\/inicio\/index.php\/2019\/06\/13\/consultora-la-unlpam-presento-primer-informe-del-estudio-del-dano-corte-del-salado\/#breadcrumb","itemListElement":[{"@type":"ListItem","position":1,"name":"Portada","item":"https:\/\/diariotextual.com\/inicio\/"},{"@type":"ListItem","position":2,"name":"Consultora de la UNLPam present\u00f3 el primer informe del estudio del da\u00f1o por el corte del Salado"}]},{"@type":"WebSite","@id":"https:\/\/diariotextual.com\/inicio\/#website","url":"https:\/\/diariotextual.com\/inicio\/","name":"Diario Textual","description":"","publisher":{"@id":"https:\/\/diariotextual.com\/inicio\/#organization"},"potentialAction":[{"@type":"SearchAction","target":{"@type":"EntryPoint","urlTemplate":"https:\/\/diariotextual.com\/inicio\/?s={search_term_string}"},"query-input":{"@type":"PropertyValueSpecification","valueRequired":true,"valueName":"search_term_string"}}],"inLanguage":"es"},{"@type":"Organization","@id":"https:\/\/diariotextual.com\/inicio\/#organization","name":"Diario Textual","url":"https:\/\/diariotextual.com\/inicio\/","logo":{"@type":"ImageObject","inLanguage":"es","@id":"https:\/\/diariotextual.com\/inicio\/#\/schema\/logo\/image\/","url":"https:\/\/diariotextual.com\/inicio\/wp-content\/uploads\/2023\/05\/logotextual1.jpg","contentUrl":"https:\/\/diariotextual.com\/inicio\/wp-content\/uploads\/2023\/05\/logotextual1.jpg","width":516,"height":76,"caption":"Diario Textual"},"image":{"@id":"https:\/\/diariotextual.com\/inicio\/#\/schema\/logo\/image\/"},"sameAs":["https:\/\/www.facebook.com\/eltextual","https:\/\/x.com\/eltextual","http:\/\/www.instagram.com\/eltextual"]},{"@type":"Person","@id":"https:\/\/diariotextual.com\/inicio\/#\/schema\/person\/523499e72392084bbaa07d9918058135","name":"Sergio Romano","image":{"@type":"ImageObject","inLanguage":"es","@id":"https:\/\/secure.gravatar.com\/avatar\/558f03f407fa3accd9dabd3c363c971a21b2b44ce0fe39bb24a92ac5472808b8?s=96&d=mm&r=g","url":"https:\/\/secure.gravatar.com\/avatar\/558f03f407fa3accd9dabd3c363c971a21b2b44ce0fe39bb24a92ac5472808b8?s=96&d=mm&r=g","contentUrl":"https:\/\/secure.gravatar.com\/avatar\/558f03f407fa3accd9dabd3c363c971a21b2b44ce0fe39bb24a92ac5472808b8?s=96&d=mm&r=g","caption":"Sergio Romano"},"sameAs":["http:\/\/www.diariotextual.com"],"url":"https:\/\/diariotextual.com\/inicio\/index.php\/author\/sergio\/"}]}},"_links":{"self":[{"href":"https:\/\/diariotextual.com\/inicio\/index.php\/wp-json\/wp\/v2\/posts\/51983","targetHints":{"allow":["GET"]}}],"collection":[{"href":"https:\/\/diariotextual.com\/inicio\/index.php\/wp-json\/wp\/v2\/posts"}],"about":[{"href":"https:\/\/diariotextual.com\/inicio\/index.php\/wp-json\/wp\/v2\/types\/post"}],"author":[{"embeddable":true,"href":"https:\/\/diariotextual.com\/inicio\/index.php\/wp-json\/wp\/v2\/users\/2"}],"replies":[{"embeddable":true,"href":"https:\/\/diariotextual.com\/inicio\/index.php\/wp-json\/wp\/v2\/comments?post=51983"}],"version-history":[{"count":9,"href":"https:\/\/diariotextual.com\/inicio\/index.php\/wp-json\/wp\/v2\/posts\/51983\/revisions"}],"predecessor-version":[{"id":52034,"href":"https:\/\/diariotextual.com\/inicio\/index.php\/wp-json\/wp\/v2\/posts\/51983\/revisions\/52034"}],"wp:featuredmedia":[{"embeddable":true,"href":"https:\/\/diariotextual.com\/inicio\/index.php\/wp-json\/wp\/v2\/media\/5743"}],"wp:attachment":[{"href":"https:\/\/diariotextual.com\/inicio\/index.php\/wp-json\/wp\/v2\/media?parent=51983"}],"wp:term":[{"taxonomy":"category","embeddable":true,"href":"https:\/\/diariotextual.com\/inicio\/index.php\/wp-json\/wp\/v2\/categories?post=51983"},{"taxonomy":"post_tag","embeddable":true,"href":"https:\/\/diariotextual.com\/inicio\/index.php\/wp-json\/wp\/v2\/tags?post=51983"}],"curies":[{"name":"wp","href":"https:\/\/api.w.org\/{rel}","templated":true}]}}