{"id":52029,"date":"2019-06-13T13:25:14","date_gmt":"2019-06-13T16:25:14","guid":{"rendered":"http:\/\/diariotextual.com\/inicio\/?p=52029"},"modified":"2019-06-13T20:13:24","modified_gmt":"2019-06-13T23:13:24","slug":"nacion-le-da-1-023-millones-dolares-mendoza-licite-portezuelo","status":"publish","type":"post","link":"https:\/\/diariotextual.com\/inicio\/index.php\/2019\/06\/13\/nacion-le-da-1-023-millones-dolares-mendoza-licite-portezuelo\/","title":{"rendered":"Naci\u00f3n le da 1.023 millones de d\u00f3lares a Mendoza para que licite Portezuelo"},"content":{"rendered":"<p>Se encendi\u00f3<strong> otra luz de alerta en el Gobierno de Carlos Verna<\/strong>: el gobernador mendocino<strong> Alfredo Cornejo<\/strong> firm\u00f3 hoy en Casa Rosada el convenio por el que Mendoza recibir\u00e1, durante cinco a\u00f1os,<strong>\u00a01.023 millones de d\u00f3lares<\/strong> para licitar la represa <strong>Portezuelo del Viento<\/strong>. Es la obra que <strong>La Pampa se opone<\/strong> porque, sostiene, <strong>afectar\u00e1 el caudal y la calidad del agua del r\u00edo Colorado<\/strong>.<\/p>\n<blockquote class=\"wp-embedded-content\" data-secret=\"a1Vg2q4ude\"><p><a href=\"http:\/\/diariotextual.com\/inicio\/index.php\/2019\/06\/13\/otra-mala-la-pampa-adjudicaron-la-segunda-etapa-tambolar\/\">Otra mala para La Pampa: adjudicaron la segunda etapa de El Tambolar<\/a><\/p><\/blockquote>\n<p><iframe class=\"wp-embedded-content\" sandbox=\"allow-scripts\" security=\"restricted\" style=\"position: absolute; clip: rect(1px, 1px, 1px, 1px);\" src=\"http:\/\/diariotextual.com\/inicio\/index.php\/2019\/06\/13\/otra-mala-la-pampa-adjudicaron-la-segunda-etapa-tambolar\/embed\/#?secret=a1Vg2q4ude\" data-secret=\"a1Vg2q4ude\" width=\"600\" height=\"338\" title=\"&#171;Otra mala para La Pampa: adjudicaron la segunda etapa de El Tambolar&#187; &#8212; Diario Textual\" frameborder=\"0\" marginwidth=\"0\" marginheight=\"0\" scrolling=\"no\"><\/iframe><\/p>\n<p>\u201cAcabamos de firmar con el ministro del Interior, Rogelio Frigerio, y el ministro de Hacienda, Nicol\u00e1s Dujovne, el convenio donde nos traspasan los fondos para la licitaci\u00f3n de Portezuelo del Viento a la provincia de Mendoza\u201d, detall\u00f3 Cornejo para explicar que,<strong> con el traspaso de los fondos, ser\u00e1 la provincia cuyana la encargada de licitar en lugar de la Naci\u00f3n<\/strong>.<\/p>\n<p><strong>\u201cNos pasan los recursos que ten\u00eda el Estado Nacional con Mendoza\u201d<\/strong>, agreg\u00f3 el mandatario. \u00abFueron sucesivos acuerdos que no se cumplieron y que hoy se hicieron realidad con la emisi\u00f3n de estos bonos que pagan la deuda con la provincia y que permite financiar esta obra de infraestructura importante para el desarrollo del sur de Mendoza y para la energ\u00eda de toda la provincia\u201d.<\/p>\n<p>&nbsp;<\/p>\n<p><strong>Energ\u00eda para Mendoza<\/strong><\/p>\n<p id=\"m169-168-170\" class=\"paragraph \">El ministro de Gobierno, Justicia y Trabajo de Mendoza, Lisandro Nieri, tambi\u00e9n form\u00f3 parte de la firma del acuerdo y brind\u00f3 detalles sobre c\u00f3mo ser\u00e1 el desembolso de fondos y la licitaci\u00f3n de la obra. \u00abCon este acuerdo se da certeza para la recepci\u00f3n de los fondos y nos permite trabajar en la licitaci\u00f3n del complejo. Los 1.023 millones de d\u00f3lares los vamos a ir recibiendo en los 5 a\u00f1os que va a llevar la obra\u00bb, explic\u00f3 Nieri a MDZol.<\/p>\n<p id=\"m174-173-175\" class=\"paragraph \"><strong>\u00abLa energ\u00eda que genere Portezuelo va a ser de la provincia de Mendoza\u00bb<\/strong>, agrego. \u00abAdem\u00e1s va a generar una importante cantidad de empleos, tanto de manera directa como indirecta. Cuando ya est\u00e9 generando energ\u00eda, los fondos van a ir a un fideicomiso para realizar nuevas obras hidroel\u00e9ctricas en el futuro\u00bb.<\/p>\n<p>&nbsp;<\/p>\n<p><strong>Laudo<\/strong><\/p>\n<p>El gobernador<strong>\u00a0<a href=\"http:\/\/diariotextual.com\/inicio\/index.php\/2019\/05\/17\/verna-solicito-laudo-arbitral-portezuelo\/\" target=\"_blank\" rel=\"noopener\">Carlos Verna pidi\u00f3, hace casi un mes, un nuevo laudo arbitral<\/a><\/strong>\u00a0al presidente de la Naci\u00f3n,\u00a0<strong>Mauricio Macri<\/strong>, por la represa\u00a0<strong>Portezuelo del Viento<\/strong>. Ahora<strong>\u00a0el mandatario pampeano reclam\u00f3 que no se aprueben las normas de manejo y el estudio de impacto ambiental regional de la presa. Pero solicit\u00f3 que no participe el jefe de Estado: dijo que carece de imparcialidad y objetividad para resolver.<\/strong><\/p>\n<blockquote class=\"wp-embedded-content\" data-secret=\"R5HfFTjDHu\"><p><a href=\"http:\/\/diariotextual.com\/inicio\/index.php\/2019\/06\/13\/consultora-la-unlpam-presento-primer-informe-del-estudio-del-dano-corte-del-salado\/\">Consultora de la UNLPam present\u00f3 el primer informe del estudio del da\u00f1o por el corte del Salado<\/a><\/p><\/blockquote>\n<p><iframe class=\"wp-embedded-content\" sandbox=\"allow-scripts\" security=\"restricted\" style=\"position: absolute; clip: rect(1px, 1px, 1px, 1px);\" src=\"http:\/\/diariotextual.com\/inicio\/index.php\/2019\/06\/13\/consultora-la-unlpam-presento-primer-informe-del-estudio-del-dano-corte-del-salado\/embed\/#?secret=R5HfFTjDHu\" data-secret=\"R5HfFTjDHu\" width=\"600\" height=\"338\" title=\"&#171;Consultora de la UNLPam present\u00f3 el primer informe del estudio del da\u00f1o por el corte del Salado&#187; &#8212; Diario Textual\" frameborder=\"0\" marginwidth=\"0\" marginheight=\"0\" scrolling=\"no\"><\/iframe><\/p>\n<p>&nbsp;<\/p>\n","protected":false},"excerpt":{"rendered":"<p>Se encendi\u00f3 otra luz de alerta en el Gobierno de Carlos Verna: el gobernador mendocino Alfredo Cornejo firm\u00f3 hoy en Casa Rosada el convenio por el que Mendoza recibir\u00e1, durante&hellip;<\/p>\n","protected":false},"author":3,"featured_media":52061,"comment_status":"closed","ping_status":"open","sticky":false,"template":"","format":"standard","meta":{"_acf_changed":false,"footnotes":""},"categories":[319,8],"tags":[259],"class_list":["post-52029","post","type-post","status-publish","format-standard","has-post-thumbnail","hentry","category-a-temporales","category-politica","tag-portezuelo"],"acf":[],"yoast_head":"<!-- This site is optimized with the Yoast SEO plugin v27.5 - https:\/\/yoast.com\/product\/yoast-seo-wordpress\/ -->\n<title>Naci\u00f3n le da 1.023 millones de d\u00f3lares a Mendoza para que licite Portezuelo - Diario Textual<\/title>\n<meta name=\"robots\" content=\"index, follow, max-snippet:-1, max-image-preview:large, max-video-preview:-1\" \/>\n<link rel=\"canonical\" href=\"https:\/\/diariotextual.com\/inicio\/index.php\/2019\/06\/13\/nacion-le-da-1-023-millones-dolares-mendoza-licite-portezuelo\/\" \/>\n<meta property=\"og:locale\" content=\"es_ES\" \/>\n<meta property=\"og:type\" content=\"article\" \/>\n<meta property=\"og:title\" content=\"Naci\u00f3n le da 1.023 millones de d\u00f3lares a Mendoza para que licite Portezuelo - Diario Textual\" \/>\n<meta property=\"og:description\" content=\"Se encendi\u00f3 otra luz de alerta en el Gobierno de Carlos Verna: el gobernador mendocino Alfredo Cornejo firm\u00f3 hoy en Casa Rosada el convenio por el que Mendoza recibir\u00e1, durante&hellip;\" \/>\n<meta property=\"og:url\" content=\"https:\/\/diariotextual.com\/inicio\/index.php\/2019\/06\/13\/nacion-le-da-1-023-millones-dolares-mendoza-licite-portezuelo\/\" \/>\n<meta property=\"og:site_name\" content=\"Diario Textual\" \/>\n<meta property=\"article:publisher\" content=\"https:\/\/www.facebook.com\/eltextual\" \/>\n<meta property=\"article:published_time\" content=\"2019-06-13T16:25:14+00:00\" \/>\n<meta property=\"article:modified_time\" content=\"2019-06-13T23:13:24+00:00\" \/>\n<meta property=\"og:image\" content=\"https:\/\/diariotextual.com\/inicio\/wp-content\/uploads\/2019\/06\/portezuelocornejofrigerio2019-2.jpg\" \/>\n\t<meta property=\"og:image:width\" content=\"960\" \/>\n\t<meta property=\"og:image:height\" content=\"639\" \/>\n\t<meta property=\"og:image:type\" content=\"image\/jpeg\" \/>\n<meta name=\"author\" content=\"Diario1 Diario1\" \/>\n<meta name=\"twitter:card\" content=\"summary_large_image\" \/>\n<meta name=\"twitter:creator\" content=\"@eltextual\" \/>\n<meta name=\"twitter:site\" content=\"@eltextual\" \/>\n<meta name=\"twitter:label1\" content=\"Escrito por\" \/>\n\t<meta name=\"twitter:data1\" content=\"Diario1 Diario1\" \/>\n\t<meta name=\"twitter:label2\" content=\"Tiempo de lectura\" \/>\n\t<meta name=\"twitter:data2\" content=\"2 minutos\" \/>\n<script type=\"application\/ld+json\" class=\"yoast-schema-graph\">{\"@context\":\"https:\\\/\\\/schema.org\",\"@graph\":[{\"@type\":\"Article\",\"@id\":\"https:\\\/\\\/diariotextual.com\\\/inicio\\\/index.php\\\/2019\\\/06\\\/13\\\/nacion-le-da-1-023-millones-dolares-mendoza-licite-portezuelo\\\/#article\",\"isPartOf\":{\"@id\":\"https:\\\/\\\/diariotextual.com\\\/inicio\\\/index.php\\\/2019\\\/06\\\/13\\\/nacion-le-da-1-023-millones-dolares-mendoza-licite-portezuelo\\\/\"},\"author\":{\"name\":\"Diario1 Diario1\",\"@id\":\"https:\\\/\\\/diariotextual.com\\\/inicio\\\/#\\\/schema\\\/person\\\/418fc4093c33e86ed41562db3508f958\"},\"headline\":\"Naci\u00f3n le da 1.023 millones de d\u00f3lares a Mendoza para que licite Portezuelo\",\"datePublished\":\"2019-06-13T16:25:14+00:00\",\"dateModified\":\"2019-06-13T23:13:24+00:00\",\"mainEntityOfPage\":{\"@id\":\"https:\\\/\\\/diariotextual.com\\\/inicio\\\/index.php\\\/2019\\\/06\\\/13\\\/nacion-le-da-1-023-millones-dolares-mendoza-licite-portezuelo\\\/\"},\"wordCount\":439,\"publisher\":{\"@id\":\"https:\\\/\\\/diariotextual.com\\\/inicio\\\/#organization\"},\"image\":{\"@id\":\"https:\\\/\\\/diariotextual.com\\\/inicio\\\/index.php\\\/2019\\\/06\\\/13\\\/nacion-le-da-1-023-millones-dolares-mendoza-licite-portezuelo\\\/#primaryimage\"},\"thumbnailUrl\":\"https:\\\/\\\/diariotextual.com\\\/inicio\\\/wp-content\\\/uploads\\\/2019\\\/06\\\/portezuelocornejofrigerio2019-2.jpg\",\"keywords\":[\"portezuelo\"],\"articleSection\":[\"A - TEMPORALES\",\"POLITICA\"],\"inLanguage\":\"es\"},{\"@type\":\"WebPage\",\"@id\":\"https:\\\/\\\/diariotextual.com\\\/inicio\\\/index.php\\\/2019\\\/06\\\/13\\\/nacion-le-da-1-023-millones-dolares-mendoza-licite-portezuelo\\\/\",\"url\":\"https:\\\/\\\/diariotextual.com\\\/inicio\\\/index.php\\\/2019\\\/06\\\/13\\\/nacion-le-da-1-023-millones-dolares-mendoza-licite-portezuelo\\\/\",\"name\":\"Naci\u00f3n le da 1.023 millones de d\u00f3lares a Mendoza para que licite Portezuelo - Diario Textual\",\"isPartOf\":{\"@id\":\"https:\\\/\\\/diariotextual.com\\\/inicio\\\/#website\"},\"primaryImageOfPage\":{\"@id\":\"https:\\\/\\\/diariotextual.com\\\/inicio\\\/index.php\\\/2019\\\/06\\\/13\\\/nacion-le-da-1-023-millones-dolares-mendoza-licite-portezuelo\\\/#primaryimage\"},\"image\":{\"@id\":\"https:\\\/\\\/diariotextual.com\\\/inicio\\\/index.php\\\/2019\\\/06\\\/13\\\/nacion-le-da-1-023-millones-dolares-mendoza-licite-portezuelo\\\/#primaryimage\"},\"thumbnailUrl\":\"https:\\\/\\\/diariotextual.com\\\/inicio\\\/wp-content\\\/uploads\\\/2019\\\/06\\\/portezuelocornejofrigerio2019-2.jpg\",\"datePublished\":\"2019-06-13T16:25:14+00:00\",\"dateModified\":\"2019-06-13T23:13:24+00:00\",\"breadcrumb\":{\"@id\":\"https:\\\/\\\/diariotextual.com\\\/inicio\\\/index.php\\\/2019\\\/06\\\/13\\\/nacion-le-da-1-023-millones-dolares-mendoza-licite-portezuelo\\\/#breadcrumb\"},\"inLanguage\":\"es\",\"potentialAction\":[{\"@type\":\"ReadAction\",\"target\":[\"https:\\\/\\\/diariotextual.com\\\/inicio\\\/index.php\\\/2019\\\/06\\\/13\\\/nacion-le-da-1-023-millones-dolares-mendoza-licite-portezuelo\\\/\"]}]},{\"@type\":\"ImageObject\",\"inLanguage\":\"es\",\"@id\":\"https:\\\/\\\/diariotextual.com\\\/inicio\\\/index.php\\\/2019\\\/06\\\/13\\\/nacion-le-da-1-023-millones-dolares-mendoza-licite-portezuelo\\\/#primaryimage\",\"url\":\"https:\\\/\\\/diariotextual.com\\\/inicio\\\/wp-content\\\/uploads\\\/2019\\\/06\\\/portezuelocornejofrigerio2019-2.jpg\",\"contentUrl\":\"https:\\\/\\\/diariotextual.com\\\/inicio\\\/wp-content\\\/uploads\\\/2019\\\/06\\\/portezuelocornejofrigerio2019-2.jpg\",\"width\":960,\"height\":639},{\"@type\":\"BreadcrumbList\",\"@id\":\"https:\\\/\\\/diariotextual.com\\\/inicio\\\/index.php\\\/2019\\\/06\\\/13\\\/nacion-le-da-1-023-millones-dolares-mendoza-licite-portezuelo\\\/#breadcrumb\",\"itemListElement\":[{\"@type\":\"ListItem\",\"position\":1,\"name\":\"Portada\",\"item\":\"https:\\\/\\\/diariotextual.com\\\/inicio\\\/\"},{\"@type\":\"ListItem\",\"position\":2,\"name\":\"Naci\u00f3n le da 1.023 millones de d\u00f3lares a Mendoza para que licite Portezuelo\"}]},{\"@type\":\"WebSite\",\"@id\":\"https:\\\/\\\/diariotextual.com\\\/inicio\\\/#website\",\"url\":\"https:\\\/\\\/diariotextual.com\\\/inicio\\\/\",\"name\":\"Diario Textual\",\"description\":\"\",\"publisher\":{\"@id\":\"https:\\\/\\\/diariotextual.com\\\/inicio\\\/#organization\"},\"potentialAction\":[{\"@type\":\"SearchAction\",\"target\":{\"@type\":\"EntryPoint\",\"urlTemplate\":\"https:\\\/\\\/diariotextual.com\\\/inicio\\\/?s={search_term_string}\"},\"query-input\":{\"@type\":\"PropertyValueSpecification\",\"valueRequired\":true,\"valueName\":\"search_term_string\"}}],\"inLanguage\":\"es\"},{\"@type\":\"Organization\",\"@id\":\"https:\\\/\\\/diariotextual.com\\\/inicio\\\/#organization\",\"name\":\"Diario Textual\",\"url\":\"https:\\\/\\\/diariotextual.com\\\/inicio\\\/\",\"logo\":{\"@type\":\"ImageObject\",\"inLanguage\":\"es\",\"@id\":\"https:\\\/\\\/diariotextual.com\\\/inicio\\\/#\\\/schema\\\/logo\\\/image\\\/\",\"url\":\"https:\\\/\\\/diariotextual.com\\\/inicio\\\/wp-content\\\/uploads\\\/2023\\\/05\\\/logotextual1.jpg\",\"contentUrl\":\"https:\\\/\\\/diariotextual.com\\\/inicio\\\/wp-content\\\/uploads\\\/2023\\\/05\\\/logotextual1.jpg\",\"width\":516,\"height\":76,\"caption\":\"Diario Textual\"},\"image\":{\"@id\":\"https:\\\/\\\/diariotextual.com\\\/inicio\\\/#\\\/schema\\\/logo\\\/image\\\/\"},\"sameAs\":[\"https:\\\/\\\/www.facebook.com\\\/eltextual\",\"https:\\\/\\\/x.com\\\/eltextual\",\"http:\\\/\\\/www.instagram.com\\\/eltextual\"]},{\"@type\":\"Person\",\"@id\":\"https:\\\/\\\/diariotextual.com\\\/inicio\\\/#\\\/schema\\\/person\\\/418fc4093c33e86ed41562db3508f958\",\"name\":\"Diario1 Diario1\",\"image\":{\"@type\":\"ImageObject\",\"inLanguage\":\"es\",\"@id\":\"https:\\\/\\\/secure.gravatar.com\\\/avatar\\\/9167d280179c85bc18be67aa7eda765854300033af4896dd779b608640f2ef7a?s=96&d=mm&r=g\",\"url\":\"https:\\\/\\\/secure.gravatar.com\\\/avatar\\\/9167d280179c85bc18be67aa7eda765854300033af4896dd779b608640f2ef7a?s=96&d=mm&r=g\",\"contentUrl\":\"https:\\\/\\\/secure.gravatar.com\\\/avatar\\\/9167d280179c85bc18be67aa7eda765854300033af4896dd779b608640f2ef7a?s=96&d=mm&r=g\",\"caption\":\"Diario1 Diario1\"},\"url\":\"https:\\\/\\\/diariotextual.com\\\/inicio\\\/index.php\\\/author\\\/diario1\\\/\"}]}<\/script>\n<!-- \/ Yoast SEO plugin. -->","yoast_head_json":{"title":"Naci\u00f3n le da 1.023 millones de d\u00f3lares a Mendoza para que licite Portezuelo - Diario Textual","robots":{"index":"index","follow":"follow","max-snippet":"max-snippet:-1","max-image-preview":"max-image-preview:large","max-video-preview":"max-video-preview:-1"},"canonical":"https:\/\/diariotextual.com\/inicio\/index.php\/2019\/06\/13\/nacion-le-da-1-023-millones-dolares-mendoza-licite-portezuelo\/","og_locale":"es_ES","og_type":"article","og_title":"Naci\u00f3n le da 1.023 millones de d\u00f3lares a Mendoza para que licite Portezuelo - Diario Textual","og_description":"Se encendi\u00f3 otra luz de alerta en el Gobierno de Carlos Verna: el gobernador mendocino Alfredo Cornejo firm\u00f3 hoy en Casa Rosada el convenio por el que Mendoza recibir\u00e1, durante&hellip;","og_url":"https:\/\/diariotextual.com\/inicio\/index.php\/2019\/06\/13\/nacion-le-da-1-023-millones-dolares-mendoza-licite-portezuelo\/","og_site_name":"Diario Textual","article_publisher":"https:\/\/www.facebook.com\/eltextual","article_published_time":"2019-06-13T16:25:14+00:00","article_modified_time":"2019-06-13T23:13:24+00:00","og_image":[{"width":960,"height":639,"url":"https:\/\/diariotextual.com\/inicio\/wp-content\/uploads\/2019\/06\/portezuelocornejofrigerio2019-2.jpg","type":"image\/jpeg"}],"author":"Diario1 Diario1","twitter_card":"summary_large_image","twitter_creator":"@eltextual","twitter_site":"@eltextual","twitter_misc":{"Escrito por":"Diario1 Diario1","Tiempo de lectura":"2 minutos"},"schema":{"@context":"https:\/\/schema.org","@graph":[{"@type":"Article","@id":"https:\/\/diariotextual.com\/inicio\/index.php\/2019\/06\/13\/nacion-le-da-1-023-millones-dolares-mendoza-licite-portezuelo\/#article","isPartOf":{"@id":"https:\/\/diariotextual.com\/inicio\/index.php\/2019\/06\/13\/nacion-le-da-1-023-millones-dolares-mendoza-licite-portezuelo\/"},"author":{"name":"Diario1 Diario1","@id":"https:\/\/diariotextual.com\/inicio\/#\/schema\/person\/418fc4093c33e86ed41562db3508f958"},"headline":"Naci\u00f3n le da 1.023 millones de d\u00f3lares a Mendoza para que licite Portezuelo","datePublished":"2019-06-13T16:25:14+00:00","dateModified":"2019-06-13T23:13:24+00:00","mainEntityOfPage":{"@id":"https:\/\/diariotextual.com\/inicio\/index.php\/2019\/06\/13\/nacion-le-da-1-023-millones-dolares-mendoza-licite-portezuelo\/"},"wordCount":439,"publisher":{"@id":"https:\/\/diariotextual.com\/inicio\/#organization"},"image":{"@id":"https:\/\/diariotextual.com\/inicio\/index.php\/2019\/06\/13\/nacion-le-da-1-023-millones-dolares-mendoza-licite-portezuelo\/#primaryimage"},"thumbnailUrl":"https:\/\/diariotextual.com\/inicio\/wp-content\/uploads\/2019\/06\/portezuelocornejofrigerio2019-2.jpg","keywords":["portezuelo"],"articleSection":["A - TEMPORALES","POLITICA"],"inLanguage":"es"},{"@type":"WebPage","@id":"https:\/\/diariotextual.com\/inicio\/index.php\/2019\/06\/13\/nacion-le-da-1-023-millones-dolares-mendoza-licite-portezuelo\/","url":"https:\/\/diariotextual.com\/inicio\/index.php\/2019\/06\/13\/nacion-le-da-1-023-millones-dolares-mendoza-licite-portezuelo\/","name":"Naci\u00f3n le da 1.023 millones de d\u00f3lares a Mendoza para que licite Portezuelo - Diario Textual","isPartOf":{"@id":"https:\/\/diariotextual.com\/inicio\/#website"},"primaryImageOfPage":{"@id":"https:\/\/diariotextual.com\/inicio\/index.php\/2019\/06\/13\/nacion-le-da-1-023-millones-dolares-mendoza-licite-portezuelo\/#primaryimage"},"image":{"@id":"https:\/\/diariotextual.com\/inicio\/index.php\/2019\/06\/13\/nacion-le-da-1-023-millones-dolares-mendoza-licite-portezuelo\/#primaryimage"},"thumbnailUrl":"https:\/\/diariotextual.com\/inicio\/wp-content\/uploads\/2019\/06\/portezuelocornejofrigerio2019-2.jpg","datePublished":"2019-06-13T16:25:14+00:00","dateModified":"2019-06-13T23:13:24+00:00","breadcrumb":{"@id":"https:\/\/diariotextual.com\/inicio\/index.php\/2019\/06\/13\/nacion-le-da-1-023-millones-dolares-mendoza-licite-portezuelo\/#breadcrumb"},"inLanguage":"es","potentialAction":[{"@type":"ReadAction","target":["https:\/\/diariotextual.com\/inicio\/index.php\/2019\/06\/13\/nacion-le-da-1-023-millones-dolares-mendoza-licite-portezuelo\/"]}]},{"@type":"ImageObject","inLanguage":"es","@id":"https:\/\/diariotextual.com\/inicio\/index.php\/2019\/06\/13\/nacion-le-da-1-023-millones-dolares-mendoza-licite-portezuelo\/#primaryimage","url":"https:\/\/diariotextual.com\/inicio\/wp-content\/uploads\/2019\/06\/portezuelocornejofrigerio2019-2.jpg","contentUrl":"https:\/\/diariotextual.com\/inicio\/wp-content\/uploads\/2019\/06\/portezuelocornejofrigerio2019-2.jpg","width":960,"height":639},{"@type":"BreadcrumbList","@id":"https:\/\/diariotextual.com\/inicio\/index.php\/2019\/06\/13\/nacion-le-da-1-023-millones-dolares-mendoza-licite-portezuelo\/#breadcrumb","itemListElement":[{"@type":"ListItem","position":1,"name":"Portada","item":"https:\/\/diariotextual.com\/inicio\/"},{"@type":"ListItem","position":2,"name":"Naci\u00f3n le da 1.023 millones de d\u00f3lares a Mendoza para que licite Portezuelo"}]},{"@type":"WebSite","@id":"https:\/\/diariotextual.com\/inicio\/#website","url":"https:\/\/diariotextual.com\/inicio\/","name":"Diario Textual","description":"","publisher":{"@id":"https:\/\/diariotextual.com\/inicio\/#organization"},"potentialAction":[{"@type":"SearchAction","target":{"@type":"EntryPoint","urlTemplate":"https:\/\/diariotextual.com\/inicio\/?s={search_term_string}"},"query-input":{"@type":"PropertyValueSpecification","valueRequired":true,"valueName":"search_term_string"}}],"inLanguage":"es"},{"@type":"Organization","@id":"https:\/\/diariotextual.com\/inicio\/#organization","name":"Diario Textual","url":"https:\/\/diariotextual.com\/inicio\/","logo":{"@type":"ImageObject","inLanguage":"es","@id":"https:\/\/diariotextual.com\/inicio\/#\/schema\/logo\/image\/","url":"https:\/\/diariotextual.com\/inicio\/wp-content\/uploads\/2023\/05\/logotextual1.jpg","contentUrl":"https:\/\/diariotextual.com\/inicio\/wp-content\/uploads\/2023\/05\/logotextual1.jpg","width":516,"height":76,"caption":"Diario Textual"},"image":{"@id":"https:\/\/diariotextual.com\/inicio\/#\/schema\/logo\/image\/"},"sameAs":["https:\/\/www.facebook.com\/eltextual","https:\/\/x.com\/eltextual","http:\/\/www.instagram.com\/eltextual"]},{"@type":"Person","@id":"https:\/\/diariotextual.com\/inicio\/#\/schema\/person\/418fc4093c33e86ed41562db3508f958","name":"Diario1 Diario1","image":{"@type":"ImageObject","inLanguage":"es","@id":"https:\/\/secure.gravatar.com\/avatar\/9167d280179c85bc18be67aa7eda765854300033af4896dd779b608640f2ef7a?s=96&d=mm&r=g","url":"https:\/\/secure.gravatar.com\/avatar\/9167d280179c85bc18be67aa7eda765854300033af4896dd779b608640f2ef7a?s=96&d=mm&r=g","contentUrl":"https:\/\/secure.gravatar.com\/avatar\/9167d280179c85bc18be67aa7eda765854300033af4896dd779b608640f2ef7a?s=96&d=mm&r=g","caption":"Diario1 Diario1"},"url":"https:\/\/diariotextual.com\/inicio\/index.php\/author\/diario1\/"}]}},"_links":{"self":[{"href":"https:\/\/diariotextual.com\/inicio\/index.php\/wp-json\/wp\/v2\/posts\/52029","targetHints":{"allow":["GET"]}}],"collection":[{"href":"https:\/\/diariotextual.com\/inicio\/index.php\/wp-json\/wp\/v2\/posts"}],"about":[{"href":"https:\/\/diariotextual.com\/inicio\/index.php\/wp-json\/wp\/v2\/types\/post"}],"author":[{"embeddable":true,"href":"https:\/\/diariotextual.com\/inicio\/index.php\/wp-json\/wp\/v2\/users\/3"}],"replies":[{"embeddable":true,"href":"https:\/\/diariotextual.com\/inicio\/index.php\/wp-json\/wp\/v2\/comments?post=52029"}],"version-history":[{"count":4,"href":"https:\/\/diariotextual.com\/inicio\/index.php\/wp-json\/wp\/v2\/posts\/52029\/revisions"}],"predecessor-version":[{"id":52060,"href":"https:\/\/diariotextual.com\/inicio\/index.php\/wp-json\/wp\/v2\/posts\/52029\/revisions\/52060"}],"wp:featuredmedia":[{"embeddable":true,"href":"https:\/\/diariotextual.com\/inicio\/index.php\/wp-json\/wp\/v2\/media\/52061"}],"wp:attachment":[{"href":"https:\/\/diariotextual.com\/inicio\/index.php\/wp-json\/wp\/v2\/media?parent=52029"}],"wp:term":[{"taxonomy":"category","embeddable":true,"href":"https:\/\/diariotextual.com\/inicio\/index.php\/wp-json\/wp\/v2\/categories?post=52029"},{"taxonomy":"post_tag","embeddable":true,"href":"https:\/\/diariotextual.com\/inicio\/index.php\/wp-json\/wp\/v2\/tags?post=52029"}],"curies":[{"name":"wp","href":"https:\/\/api.w.org\/{rel}","templated":true}]}}