{"id":52049,"date":"2019-06-13T14:27:16","date_gmt":"2019-06-13T17:27:16","guid":{"rendered":"http:\/\/diariotextual.com\/inicio\/?p=52049"},"modified":"2019-06-13T21:07:05","modified_gmt":"2019-06-14T00:07:05","slug":"otra-mala-la-pampa-adjudicaron-la-segunda-etapa-tambolar","status":"publish","type":"post","link":"https:\/\/diariotextual.com\/inicio\/index.php\/2019\/06\/13\/otra-mala-la-pampa-adjudicaron-la-segunda-etapa-tambolar\/","title":{"rendered":"Otra mala para La Pampa: adjudicaron la segunda etapa de El Tambolar"},"content":{"rendered":"<p>Finalmente se adjudic\u00f3 la segunda etapa del dique\u00a0<strong>El Tambolar<\/strong>, una represa que ya ha provocado perjuicios a La Pampa: ha bajado sensiblemente el ingreso de agua a La Pampa desde el r\u00edo Salado.<\/p>\n<p>Una primera etapa de obra \u2013correspondiente al desv\u00edo del r\u00edo, t\u00faneles, pozo de compuertas y galer\u00eda de acceso\u2013 ya se realiz\u00f3 sobre el r\u00edo San Juan, tributario del Salado.<\/p>\n<p>La segunda parte se planific\u00f3 para concluir todo lo restante del proyecto: la presa, el aliviadero, el t\u00fanel de aducci\u00f3n, la sala de m\u00e1quinas, la estaci\u00f3n transformadora y la l\u00ednea de alta tensi\u00f3n, como as\u00ed tambi\u00e9n otras peque\u00f1as obras complementarias y anexas.<\/p>\n<p>Seg\u00fan un documento de Energ\u00eda Provincial S.E., la empresa energ\u00e9tica de San Juan, al que pudo acceder\u00a0El Cronista, se\u00f1ala que luego de una puja en la que se presentaron cuatro ofertas para hacer la obra que contaba con un\u00a0<strong>presupuesto inicial de u$s 743 millones<\/strong>, se adjudica la construcci\u00f3n a la UTE conformada por Panedile Argentina, Sacde, Sinohydro Corporation, Petersen Thiele y Cruz, por un\u00a0<strong>monto de u$s 482 millones.<\/strong><\/p>\n<p>\u00abLa diferencia entre lo presupuestado y lo que terminaron ofreciendo las empresas es significativa\u00bb explicaron desde el entorno de\u00a0<strong>Pablo Bereciart\u00faa,<\/strong>\u00a0secretario de Recursos H\u00eddricos de la Naci\u00f3n, oficina de la que depende el proyecto y de donde saldr\u00e1n los fondos para pagarla. Teniendo en cuenta lo presupuestado y lo que se terminar\u00e1 pagando se obtuvo una reducci\u00f3n de poco m\u00e1s de 55%.<\/p>\n<p>Con esta comunicaci\u00f3n el Ministerio de Infraestructura y Servicios y Energ\u00eda Provincial Sociedad del Estado (EPSE) de San Juan avis\u00f3 a las empresas selecciones que en un plazo de 45 d\u00edas deber\u00e1n comenzar las obras de lo que ser\u00e1 la parte final de obra multiprop\u00f3sito.<\/p>\n<p>&nbsp;<\/p>\n<p><strong>Portezuelo<\/strong><\/p>\n<p>Hoy se encendi\u00f3<strong>\u00a0otra luz de alerta en el Gobierno de Carlos Verna<\/strong>: el gobernador mendocino\u00a0<strong>Alfredo Cornejo<\/strong>\u00a0firm\u00f3 en Casa Rosada el convenio por el que Mendoza recibir\u00e1, durante cinco a\u00f1os,<a href=\"http:\/\/diariotextual.com\/inicio\/index.php\/2019\/06\/13\/nacion-le-da-1-023-millones-dolares-mendoza-licite-portezuelo\/\" target=\"_blank\" rel=\"noopener\">\u00a01.023 millones de d\u00f3lares\u00a0para licitar la represa\u00a0Portezuelo del Viento<\/a>. Es la obra que\u00a0<strong>La Pampa se opone<\/strong>\u00a0porque, sostiene,\u00a0<strong>afectar\u00e1 el caudal y la calidad del agua del r\u00edo Colorado<\/strong>.<\/p>\n<blockquote class=\"wp-embedded-content\" data-secret=\"j2XaTgv2YK\"><p><a href=\"http:\/\/diariotextual.com\/inicio\/index.php\/2019\/06\/13\/nacion-le-da-1-023-millones-dolares-mendoza-licite-portezuelo\/\">Naci\u00f3n le da 1.023 millones de d\u00f3lares a Mendoza para que licite Portezuelo<\/a><\/p><\/blockquote>\n<p><iframe class=\"wp-embedded-content\" sandbox=\"allow-scripts\" security=\"restricted\" style=\"position: absolute; clip: rect(1px, 1px, 1px, 1px);\" src=\"http:\/\/diariotextual.com\/inicio\/index.php\/2019\/06\/13\/nacion-le-da-1-023-millones-dolares-mendoza-licite-portezuelo\/embed\/#?secret=j2XaTgv2YK\" data-secret=\"j2XaTgv2YK\" width=\"600\" height=\"338\" title=\"&#171;Naci\u00f3n le da 1.023 millones de d\u00f3lares a Mendoza para que licite Portezuelo&#187; &#8212; Diario Textual\" frameborder=\"0\" marginwidth=\"0\" marginheight=\"0\" scrolling=\"no\"><\/iframe><\/p>\n<p>\u201cAcabamos de firmar con el ministro del Interior, Rogelio Frigerio, y el ministro de Hacienda, Nicol\u00e1s Dujovne, el convenio donde nos traspasan los fondos para la licitaci\u00f3n de Portezuelo del Viento a la provincia de Mendoza\u201d, detall\u00f3 Cornejo para explicar que,<strong>con el traspaso de los fondos, ser\u00e1 la provincia cuyana la encargada de licitar en lugar de la Naci\u00f3n<\/strong>.<\/p>\n<p>&nbsp;<\/p>\n<p><strong>Estudio del Salado<\/strong><\/p>\n<p>La<strong>\u00a0Consultora de la Universidad Nacional de La Pampa<\/strong>\u00a0 (UNLPam) present\u00f3 este jueves el\u00a0<a href=\"http:\/\/diariotextual.com\/inicio\/index.php\/2019\/06\/13\/consultora-la-unlpam-presento-primer-informe-del-estudio-del-dano-corte-del-salado\/\" target=\"_blank\" rel=\"noopener\"><strong>primer informe t\u00e9cnico<\/strong>\u00a0sobre c\u00f3mo va avanzando con el<strong>\u00a0estudio fluvioecol\u00f3gico y del da\u00f1o socioecon\u00f3mico en el oeste\u00a0<\/strong><\/a>de nuestra provincia\u00a0<strong>por la merma del caudal<\/strong>\u00a0<strong>o, en ciertos per\u00edodos,<\/strong><strong>\u00a0directamente el corte del r\u00edo Salado.\u00a0<\/strong>A\u00fan no hay cuantificaci\u00f3n de los da\u00f1os.<\/p>\n<blockquote class=\"wp-embedded-content\" data-secret=\"gCwfDUNlAC\"><p><a href=\"http:\/\/diariotextual.com\/inicio\/index.php\/2019\/06\/13\/consultora-la-unlpam-presento-primer-informe-del-estudio-del-dano-corte-del-salado\/\">Consultora de la UNLPam present\u00f3 el primer informe del estudio del da\u00f1o por el corte del Salado<\/a><\/p><\/blockquote>\n<p><iframe class=\"wp-embedded-content\" sandbox=\"allow-scripts\" security=\"restricted\" style=\"position: absolute; clip: rect(1px, 1px, 1px, 1px);\" src=\"http:\/\/diariotextual.com\/inicio\/index.php\/2019\/06\/13\/consultora-la-unlpam-presento-primer-informe-del-estudio-del-dano-corte-del-salado\/embed\/#?secret=gCwfDUNlAC\" data-secret=\"gCwfDUNlAC\" width=\"600\" height=\"338\" title=\"&#171;Consultora de la UNLPam present\u00f3 el primer informe del estudio del da\u00f1o por el corte del Salado&#187; &#8212; Diario Textual\" frameborder=\"0\" marginwidth=\"0\" marginheight=\"0\" scrolling=\"no\"><\/iframe><\/p>\n<p>&nbsp;<\/p>\n","protected":false},"excerpt":{"rendered":"<p>Finalmente se adjudic\u00f3 la segunda etapa del dique\u00a0El Tambolar, una represa que ya ha provocado perjuicios a La Pampa: ha bajado sensiblemente el ingreso de agua a La Pampa desde&hellip;<\/p>\n","protected":false},"author":3,"featured_media":52110,"comment_status":"closed","ping_status":"open","sticky":false,"template":"","format":"standard","meta":{"_acf_changed":false,"footnotes":""},"categories":[11,319,12],"tags":[543],"class_list":["post-52049","post","type-post","status-publish","format-standard","has-post-thumbnail","hentry","category-que-pasa","category-a-temporales","category-sociedad","tag-tambolar"],"acf":[],"yoast_head":"<!-- This site is optimized with the Yoast SEO plugin v27.5 - https:\/\/yoast.com\/product\/yoast-seo-wordpress\/ -->\n<title>Otra mala para La Pampa: adjudicaron la segunda etapa de El Tambolar - Diario Textual<\/title>\n<meta name=\"robots\" content=\"index, follow, max-snippet:-1, max-image-preview:large, max-video-preview:-1\" \/>\n<link rel=\"canonical\" href=\"https:\/\/diariotextual.com\/inicio\/index.php\/2019\/06\/13\/otra-mala-la-pampa-adjudicaron-la-segunda-etapa-tambolar\/\" \/>\n<meta property=\"og:locale\" content=\"es_ES\" \/>\n<meta property=\"og:type\" content=\"article\" \/>\n<meta property=\"og:title\" content=\"Otra mala para La Pampa: adjudicaron la segunda etapa de El Tambolar - Diario Textual\" \/>\n<meta property=\"og:description\" content=\"Finalmente se adjudic\u00f3 la segunda etapa del dique\u00a0El Tambolar, una represa que ya ha provocado perjuicios a La Pampa: ha bajado sensiblemente el ingreso de agua a La Pampa desde&hellip;\" \/>\n<meta property=\"og:url\" content=\"https:\/\/diariotextual.com\/inicio\/index.php\/2019\/06\/13\/otra-mala-la-pampa-adjudicaron-la-segunda-etapa-tambolar\/\" \/>\n<meta property=\"og:site_name\" content=\"Diario Textual\" \/>\n<meta property=\"article:publisher\" content=\"https:\/\/www.facebook.com\/eltextual\" \/>\n<meta property=\"article:published_time\" content=\"2019-06-13T17:27:16+00:00\" \/>\n<meta property=\"article:modified_time\" content=\"2019-06-14T00:07:05+00:00\" \/>\n<meta property=\"og:image\" content=\"https:\/\/diariotextual.com\/inicio\/wp-content\/uploads\/2019\/06\/u\u00f1acfrigerio1.jpg\" \/>\n\t<meta property=\"og:image:width\" content=\"480\" \/>\n\t<meta property=\"og:image:height\" content=\"320\" \/>\n\t<meta property=\"og:image:type\" content=\"image\/jpeg\" \/>\n<meta name=\"author\" content=\"Diario1 Diario1\" \/>\n<meta name=\"twitter:card\" content=\"summary_large_image\" \/>\n<meta name=\"twitter:creator\" content=\"@eltextual\" \/>\n<meta name=\"twitter:site\" content=\"@eltextual\" \/>\n<meta name=\"twitter:label1\" content=\"Escrito por\" \/>\n\t<meta name=\"twitter:data1\" content=\"Diario1 Diario1\" \/>\n\t<meta name=\"twitter:label2\" content=\"Tiempo de lectura\" \/>\n\t<meta name=\"twitter:data2\" content=\"3 minutos\" \/>\n<script type=\"application\/ld+json\" class=\"yoast-schema-graph\">{\"@context\":\"https:\\\/\\\/schema.org\",\"@graph\":[{\"@type\":\"Article\",\"@id\":\"https:\\\/\\\/diariotextual.com\\\/inicio\\\/index.php\\\/2019\\\/06\\\/13\\\/otra-mala-la-pampa-adjudicaron-la-segunda-etapa-tambolar\\\/#article\",\"isPartOf\":{\"@id\":\"https:\\\/\\\/diariotextual.com\\\/inicio\\\/index.php\\\/2019\\\/06\\\/13\\\/otra-mala-la-pampa-adjudicaron-la-segunda-etapa-tambolar\\\/\"},\"author\":{\"name\":\"Diario1 Diario1\",\"@id\":\"https:\\\/\\\/diariotextual.com\\\/inicio\\\/#\\\/schema\\\/person\\\/418fc4093c33e86ed41562db3508f958\"},\"headline\":\"Otra mala para La Pampa: adjudicaron la segunda etapa de El Tambolar\",\"datePublished\":\"2019-06-13T17:27:16+00:00\",\"dateModified\":\"2019-06-14T00:07:05+00:00\",\"mainEntityOfPage\":{\"@id\":\"https:\\\/\\\/diariotextual.com\\\/inicio\\\/index.php\\\/2019\\\/06\\\/13\\\/otra-mala-la-pampa-adjudicaron-la-segunda-etapa-tambolar\\\/\"},\"wordCount\":544,\"publisher\":{\"@id\":\"https:\\\/\\\/diariotextual.com\\\/inicio\\\/#organization\"},\"image\":{\"@id\":\"https:\\\/\\\/diariotextual.com\\\/inicio\\\/index.php\\\/2019\\\/06\\\/13\\\/otra-mala-la-pampa-adjudicaron-la-segunda-etapa-tambolar\\\/#primaryimage\"},\"thumbnailUrl\":\"https:\\\/\\\/diariotextual.com\\\/inicio\\\/wp-content\\\/uploads\\\/2019\\\/06\\\/u\u00f1acfrigerio1.jpg\",\"keywords\":[\"tambolar\"],\"articleSection\":[\"A - QUE PASA (al costado)\",\"A - TEMPORALES\",\"SOCIEDAD\"],\"inLanguage\":\"es\"},{\"@type\":\"WebPage\",\"@id\":\"https:\\\/\\\/diariotextual.com\\\/inicio\\\/index.php\\\/2019\\\/06\\\/13\\\/otra-mala-la-pampa-adjudicaron-la-segunda-etapa-tambolar\\\/\",\"url\":\"https:\\\/\\\/diariotextual.com\\\/inicio\\\/index.php\\\/2019\\\/06\\\/13\\\/otra-mala-la-pampa-adjudicaron-la-segunda-etapa-tambolar\\\/\",\"name\":\"Otra mala para La Pampa: adjudicaron la segunda etapa de El Tambolar - Diario Textual\",\"isPartOf\":{\"@id\":\"https:\\\/\\\/diariotextual.com\\\/inicio\\\/#website\"},\"primaryImageOfPage\":{\"@id\":\"https:\\\/\\\/diariotextual.com\\\/inicio\\\/index.php\\\/2019\\\/06\\\/13\\\/otra-mala-la-pampa-adjudicaron-la-segunda-etapa-tambolar\\\/#primaryimage\"},\"image\":{\"@id\":\"https:\\\/\\\/diariotextual.com\\\/inicio\\\/index.php\\\/2019\\\/06\\\/13\\\/otra-mala-la-pampa-adjudicaron-la-segunda-etapa-tambolar\\\/#primaryimage\"},\"thumbnailUrl\":\"https:\\\/\\\/diariotextual.com\\\/inicio\\\/wp-content\\\/uploads\\\/2019\\\/06\\\/u\u00f1acfrigerio1.jpg\",\"datePublished\":\"2019-06-13T17:27:16+00:00\",\"dateModified\":\"2019-06-14T00:07:05+00:00\",\"breadcrumb\":{\"@id\":\"https:\\\/\\\/diariotextual.com\\\/inicio\\\/index.php\\\/2019\\\/06\\\/13\\\/otra-mala-la-pampa-adjudicaron-la-segunda-etapa-tambolar\\\/#breadcrumb\"},\"inLanguage\":\"es\",\"potentialAction\":[{\"@type\":\"ReadAction\",\"target\":[\"https:\\\/\\\/diariotextual.com\\\/inicio\\\/index.php\\\/2019\\\/06\\\/13\\\/otra-mala-la-pampa-adjudicaron-la-segunda-etapa-tambolar\\\/\"]}]},{\"@type\":\"ImageObject\",\"inLanguage\":\"es\",\"@id\":\"https:\\\/\\\/diariotextual.com\\\/inicio\\\/index.php\\\/2019\\\/06\\\/13\\\/otra-mala-la-pampa-adjudicaron-la-segunda-etapa-tambolar\\\/#primaryimage\",\"url\":\"https:\\\/\\\/diariotextual.com\\\/inicio\\\/wp-content\\\/uploads\\\/2019\\\/06\\\/u\u00f1acfrigerio1.jpg\",\"contentUrl\":\"https:\\\/\\\/diariotextual.com\\\/inicio\\\/wp-content\\\/uploads\\\/2019\\\/06\\\/u\u00f1acfrigerio1.jpg\",\"width\":480,\"height\":320},{\"@type\":\"BreadcrumbList\",\"@id\":\"https:\\\/\\\/diariotextual.com\\\/inicio\\\/index.php\\\/2019\\\/06\\\/13\\\/otra-mala-la-pampa-adjudicaron-la-segunda-etapa-tambolar\\\/#breadcrumb\",\"itemListElement\":[{\"@type\":\"ListItem\",\"position\":1,\"name\":\"Portada\",\"item\":\"https:\\\/\\\/diariotextual.com\\\/inicio\\\/\"},{\"@type\":\"ListItem\",\"position\":2,\"name\":\"Otra mala para La Pampa: adjudicaron la segunda etapa de El Tambolar\"}]},{\"@type\":\"WebSite\",\"@id\":\"https:\\\/\\\/diariotextual.com\\\/inicio\\\/#website\",\"url\":\"https:\\\/\\\/diariotextual.com\\\/inicio\\\/\",\"name\":\"Diario Textual\",\"description\":\"\",\"publisher\":{\"@id\":\"https:\\\/\\\/diariotextual.com\\\/inicio\\\/#organization\"},\"potentialAction\":[{\"@type\":\"SearchAction\",\"target\":{\"@type\":\"EntryPoint\",\"urlTemplate\":\"https:\\\/\\\/diariotextual.com\\\/inicio\\\/?s={search_term_string}\"},\"query-input\":{\"@type\":\"PropertyValueSpecification\",\"valueRequired\":true,\"valueName\":\"search_term_string\"}}],\"inLanguage\":\"es\"},{\"@type\":\"Organization\",\"@id\":\"https:\\\/\\\/diariotextual.com\\\/inicio\\\/#organization\",\"name\":\"Diario Textual\",\"url\":\"https:\\\/\\\/diariotextual.com\\\/inicio\\\/\",\"logo\":{\"@type\":\"ImageObject\",\"inLanguage\":\"es\",\"@id\":\"https:\\\/\\\/diariotextual.com\\\/inicio\\\/#\\\/schema\\\/logo\\\/image\\\/\",\"url\":\"https:\\\/\\\/diariotextual.com\\\/inicio\\\/wp-content\\\/uploads\\\/2023\\\/05\\\/logotextual1.jpg\",\"contentUrl\":\"https:\\\/\\\/diariotextual.com\\\/inicio\\\/wp-content\\\/uploads\\\/2023\\\/05\\\/logotextual1.jpg\",\"width\":516,\"height\":76,\"caption\":\"Diario Textual\"},\"image\":{\"@id\":\"https:\\\/\\\/diariotextual.com\\\/inicio\\\/#\\\/schema\\\/logo\\\/image\\\/\"},\"sameAs\":[\"https:\\\/\\\/www.facebook.com\\\/eltextual\",\"https:\\\/\\\/x.com\\\/eltextual\",\"http:\\\/\\\/www.instagram.com\\\/eltextual\"]},{\"@type\":\"Person\",\"@id\":\"https:\\\/\\\/diariotextual.com\\\/inicio\\\/#\\\/schema\\\/person\\\/418fc4093c33e86ed41562db3508f958\",\"name\":\"Diario1 Diario1\",\"image\":{\"@type\":\"ImageObject\",\"inLanguage\":\"es\",\"@id\":\"https:\\\/\\\/secure.gravatar.com\\\/avatar\\\/9167d280179c85bc18be67aa7eda765854300033af4896dd779b608640f2ef7a?s=96&d=mm&r=g\",\"url\":\"https:\\\/\\\/secure.gravatar.com\\\/avatar\\\/9167d280179c85bc18be67aa7eda765854300033af4896dd779b608640f2ef7a?s=96&d=mm&r=g\",\"contentUrl\":\"https:\\\/\\\/secure.gravatar.com\\\/avatar\\\/9167d280179c85bc18be67aa7eda765854300033af4896dd779b608640f2ef7a?s=96&d=mm&r=g\",\"caption\":\"Diario1 Diario1\"},\"url\":\"https:\\\/\\\/diariotextual.com\\\/inicio\\\/index.php\\\/author\\\/diario1\\\/\"}]}<\/script>\n<!-- \/ Yoast SEO plugin. -->","yoast_head_json":{"title":"Otra mala para La Pampa: adjudicaron la segunda etapa de El Tambolar - Diario Textual","robots":{"index":"index","follow":"follow","max-snippet":"max-snippet:-1","max-image-preview":"max-image-preview:large","max-video-preview":"max-video-preview:-1"},"canonical":"https:\/\/diariotextual.com\/inicio\/index.php\/2019\/06\/13\/otra-mala-la-pampa-adjudicaron-la-segunda-etapa-tambolar\/","og_locale":"es_ES","og_type":"article","og_title":"Otra mala para La Pampa: adjudicaron la segunda etapa de El Tambolar - Diario Textual","og_description":"Finalmente se adjudic\u00f3 la segunda etapa del dique\u00a0El Tambolar, una represa que ya ha provocado perjuicios a La Pampa: ha bajado sensiblemente el ingreso de agua a La Pampa desde&hellip;","og_url":"https:\/\/diariotextual.com\/inicio\/index.php\/2019\/06\/13\/otra-mala-la-pampa-adjudicaron-la-segunda-etapa-tambolar\/","og_site_name":"Diario Textual","article_publisher":"https:\/\/www.facebook.com\/eltextual","article_published_time":"2019-06-13T17:27:16+00:00","article_modified_time":"2019-06-14T00:07:05+00:00","og_image":[{"width":480,"height":320,"url":"https:\/\/diariotextual.com\/inicio\/wp-content\/uploads\/2019\/06\/u\u00f1acfrigerio1.jpg","type":"image\/jpeg"}],"author":"Diario1 Diario1","twitter_card":"summary_large_image","twitter_creator":"@eltextual","twitter_site":"@eltextual","twitter_misc":{"Escrito por":"Diario1 Diario1","Tiempo de lectura":"3 minutos"},"schema":{"@context":"https:\/\/schema.org","@graph":[{"@type":"Article","@id":"https:\/\/diariotextual.com\/inicio\/index.php\/2019\/06\/13\/otra-mala-la-pampa-adjudicaron-la-segunda-etapa-tambolar\/#article","isPartOf":{"@id":"https:\/\/diariotextual.com\/inicio\/index.php\/2019\/06\/13\/otra-mala-la-pampa-adjudicaron-la-segunda-etapa-tambolar\/"},"author":{"name":"Diario1 Diario1","@id":"https:\/\/diariotextual.com\/inicio\/#\/schema\/person\/418fc4093c33e86ed41562db3508f958"},"headline":"Otra mala para La Pampa: adjudicaron la segunda etapa de El Tambolar","datePublished":"2019-06-13T17:27:16+00:00","dateModified":"2019-06-14T00:07:05+00:00","mainEntityOfPage":{"@id":"https:\/\/diariotextual.com\/inicio\/index.php\/2019\/06\/13\/otra-mala-la-pampa-adjudicaron-la-segunda-etapa-tambolar\/"},"wordCount":544,"publisher":{"@id":"https:\/\/diariotextual.com\/inicio\/#organization"},"image":{"@id":"https:\/\/diariotextual.com\/inicio\/index.php\/2019\/06\/13\/otra-mala-la-pampa-adjudicaron-la-segunda-etapa-tambolar\/#primaryimage"},"thumbnailUrl":"https:\/\/diariotextual.com\/inicio\/wp-content\/uploads\/2019\/06\/u\u00f1acfrigerio1.jpg","keywords":["tambolar"],"articleSection":["A - QUE PASA (al costado)","A - TEMPORALES","SOCIEDAD"],"inLanguage":"es"},{"@type":"WebPage","@id":"https:\/\/diariotextual.com\/inicio\/index.php\/2019\/06\/13\/otra-mala-la-pampa-adjudicaron-la-segunda-etapa-tambolar\/","url":"https:\/\/diariotextual.com\/inicio\/index.php\/2019\/06\/13\/otra-mala-la-pampa-adjudicaron-la-segunda-etapa-tambolar\/","name":"Otra mala para La Pampa: adjudicaron la segunda etapa de El Tambolar - Diario Textual","isPartOf":{"@id":"https:\/\/diariotextual.com\/inicio\/#website"},"primaryImageOfPage":{"@id":"https:\/\/diariotextual.com\/inicio\/index.php\/2019\/06\/13\/otra-mala-la-pampa-adjudicaron-la-segunda-etapa-tambolar\/#primaryimage"},"image":{"@id":"https:\/\/diariotextual.com\/inicio\/index.php\/2019\/06\/13\/otra-mala-la-pampa-adjudicaron-la-segunda-etapa-tambolar\/#primaryimage"},"thumbnailUrl":"https:\/\/diariotextual.com\/inicio\/wp-content\/uploads\/2019\/06\/u\u00f1acfrigerio1.jpg","datePublished":"2019-06-13T17:27:16+00:00","dateModified":"2019-06-14T00:07:05+00:00","breadcrumb":{"@id":"https:\/\/diariotextual.com\/inicio\/index.php\/2019\/06\/13\/otra-mala-la-pampa-adjudicaron-la-segunda-etapa-tambolar\/#breadcrumb"},"inLanguage":"es","potentialAction":[{"@type":"ReadAction","target":["https:\/\/diariotextual.com\/inicio\/index.php\/2019\/06\/13\/otra-mala-la-pampa-adjudicaron-la-segunda-etapa-tambolar\/"]}]},{"@type":"ImageObject","inLanguage":"es","@id":"https:\/\/diariotextual.com\/inicio\/index.php\/2019\/06\/13\/otra-mala-la-pampa-adjudicaron-la-segunda-etapa-tambolar\/#primaryimage","url":"https:\/\/diariotextual.com\/inicio\/wp-content\/uploads\/2019\/06\/u\u00f1acfrigerio1.jpg","contentUrl":"https:\/\/diariotextual.com\/inicio\/wp-content\/uploads\/2019\/06\/u\u00f1acfrigerio1.jpg","width":480,"height":320},{"@type":"BreadcrumbList","@id":"https:\/\/diariotextual.com\/inicio\/index.php\/2019\/06\/13\/otra-mala-la-pampa-adjudicaron-la-segunda-etapa-tambolar\/#breadcrumb","itemListElement":[{"@type":"ListItem","position":1,"name":"Portada","item":"https:\/\/diariotextual.com\/inicio\/"},{"@type":"ListItem","position":2,"name":"Otra mala para La Pampa: adjudicaron la segunda etapa de El Tambolar"}]},{"@type":"WebSite","@id":"https:\/\/diariotextual.com\/inicio\/#website","url":"https:\/\/diariotextual.com\/inicio\/","name":"Diario Textual","description":"","publisher":{"@id":"https:\/\/diariotextual.com\/inicio\/#organization"},"potentialAction":[{"@type":"SearchAction","target":{"@type":"EntryPoint","urlTemplate":"https:\/\/diariotextual.com\/inicio\/?s={search_term_string}"},"query-input":{"@type":"PropertyValueSpecification","valueRequired":true,"valueName":"search_term_string"}}],"inLanguage":"es"},{"@type":"Organization","@id":"https:\/\/diariotextual.com\/inicio\/#organization","name":"Diario Textual","url":"https:\/\/diariotextual.com\/inicio\/","logo":{"@type":"ImageObject","inLanguage":"es","@id":"https:\/\/diariotextual.com\/inicio\/#\/schema\/logo\/image\/","url":"https:\/\/diariotextual.com\/inicio\/wp-content\/uploads\/2023\/05\/logotextual1.jpg","contentUrl":"https:\/\/diariotextual.com\/inicio\/wp-content\/uploads\/2023\/05\/logotextual1.jpg","width":516,"height":76,"caption":"Diario Textual"},"image":{"@id":"https:\/\/diariotextual.com\/inicio\/#\/schema\/logo\/image\/"},"sameAs":["https:\/\/www.facebook.com\/eltextual","https:\/\/x.com\/eltextual","http:\/\/www.instagram.com\/eltextual"]},{"@type":"Person","@id":"https:\/\/diariotextual.com\/inicio\/#\/schema\/person\/418fc4093c33e86ed41562db3508f958","name":"Diario1 Diario1","image":{"@type":"ImageObject","inLanguage":"es","@id":"https:\/\/secure.gravatar.com\/avatar\/9167d280179c85bc18be67aa7eda765854300033af4896dd779b608640f2ef7a?s=96&d=mm&r=g","url":"https:\/\/secure.gravatar.com\/avatar\/9167d280179c85bc18be67aa7eda765854300033af4896dd779b608640f2ef7a?s=96&d=mm&r=g","contentUrl":"https:\/\/secure.gravatar.com\/avatar\/9167d280179c85bc18be67aa7eda765854300033af4896dd779b608640f2ef7a?s=96&d=mm&r=g","caption":"Diario1 Diario1"},"url":"https:\/\/diariotextual.com\/inicio\/index.php\/author\/diario1\/"}]}},"_links":{"self":[{"href":"https:\/\/diariotextual.com\/inicio\/index.php\/wp-json\/wp\/v2\/posts\/52049","targetHints":{"allow":["GET"]}}],"collection":[{"href":"https:\/\/diariotextual.com\/inicio\/index.php\/wp-json\/wp\/v2\/posts"}],"about":[{"href":"https:\/\/diariotextual.com\/inicio\/index.php\/wp-json\/wp\/v2\/types\/post"}],"author":[{"embeddable":true,"href":"https:\/\/diariotextual.com\/inicio\/index.php\/wp-json\/wp\/v2\/users\/3"}],"replies":[{"embeddable":true,"href":"https:\/\/diariotextual.com\/inicio\/index.php\/wp-json\/wp\/v2\/comments?post=52049"}],"version-history":[{"count":3,"href":"https:\/\/diariotextual.com\/inicio\/index.php\/wp-json\/wp\/v2\/posts\/52049\/revisions"}],"predecessor-version":[{"id":52059,"href":"https:\/\/diariotextual.com\/inicio\/index.php\/wp-json\/wp\/v2\/posts\/52049\/revisions\/52059"}],"wp:featuredmedia":[{"embeddable":true,"href":"https:\/\/diariotextual.com\/inicio\/index.php\/wp-json\/wp\/v2\/media\/52110"}],"wp:attachment":[{"href":"https:\/\/diariotextual.com\/inicio\/index.php\/wp-json\/wp\/v2\/media?parent=52049"}],"wp:term":[{"taxonomy":"category","embeddable":true,"href":"https:\/\/diariotextual.com\/inicio\/index.php\/wp-json\/wp\/v2\/categories?post=52049"},{"taxonomy":"post_tag","embeddable":true,"href":"https:\/\/diariotextual.com\/inicio\/index.php\/wp-json\/wp\/v2\/tags?post=52049"}],"curies":[{"name":"wp","href":"https:\/\/api.w.org\/{rel}","templated":true}]}}