{"id":52753,"date":"2019-06-19T12:16:49","date_gmt":"2019-06-19T15:16:49","guid":{"rendered":"http:\/\/diariotextual.com\/inicio\/?p=52753"},"modified":"2019-06-19T23:30:00","modified_gmt":"2019-06-20T02:30:00","slug":"megaestadio-stj-absolvio-al-exministro-jorge-varela","status":"publish","type":"post","link":"https:\/\/diariotextual.com\/inicio\/index.php\/2019\/06\/19\/megaestadio-stj-absolvio-al-exministro-jorge-varela\/","title":{"rendered":"Megaestadio: el STJ absolvi\u00f3 al exministro Jorge Varela"},"content":{"rendered":"<p>El exministro de Obras y Servicios P\u00fablicos, <strong>Jorge V\u00edctor Varela<\/strong>, respira m\u00e1s aliviado: este mi\u00e9rcoles, el Superior Tribunal de Justicia de La Pampa (STJ)<strong>\u00a0lo absolvi\u00f3 en la causa por el delito de violaci\u00f3n de los deberes de funcionario<\/strong> en la<strong> construcci\u00f3n del polideportivo de Santa Rosa<\/strong>, conocido popularmente como Megaestadio, pudo saber <strong>Diario Textual<\/strong>.<\/p>\n<p>El exfuncionario del Gobierno de Oscar Jorge hab\u00eda sido condenado por jueces de la Audiencia de Juicio de Santa Rosa a <strong>seis meses de prisi\u00f3n en suspenso<\/strong> porque lo encontraron autor material y penalmente responsable del delito de violaci\u00f3n de los deberes de funcionario p\u00fablico\u00a0a ra\u00edz de que, seg\u00fan esos magistrados, <strong>no impuls\u00f3 la desvinculaci\u00f3n de la empresa Inarco de la construcci\u00f3n<\/strong> del estadio a ra\u00edz de que\u00a0<strong>no pudo colocar el techo<\/strong>.<\/p>\n<p>Apel\u00f3 y el caso fue analizado por el Tribunal de Impugnaci\u00f3n Penal. Un juez vot\u00f3 por absolverlo, pero otros dos confirmaron la sentencia. <strong>Volvi\u00f3 a apelar y as\u00ed el expediente lleg\u00f3 al STJ. Hoy, seg\u00fan pudo confirmar Diario Textual, el exministro fue absuelto.<\/strong><\/p>\n<p>Varela hab\u00eda asumido el cargo de\u00a0ministro de Obras y Servicios P\u00fablicos en diciembre de 2011. En ese momento, el polideportivo -impulsado por Carlos Verna en su primer gobierno y que ahora reci\u00e9n podr\u00eda estar concluido en 2020- estaba a cargo de la <strong>empresa Inarco<\/strong>, de Pico.<\/p>\n<p>En rigor, la construcci\u00f3n se encontraba \u00abparalizada\u00bb por el Estado desde el d\u00eda 30 de diciembre de 2010. Restaba un solo d\u00eda del plazo otorgado a Inarco para concluir los trabajos.<\/p>\n<p><strong>Esa situaci\u00f3n se mantuvo inalterada durante a\u00f1os por la falta de la firma de la rescisi\u00f3n del contrato<\/strong>: la intenci\u00f3n de Jorge era renegociar el contrato para colocar el techo -incluso con un nuevo dise\u00f1o-, con una autorizaci\u00f3n de la Legislatura, pero <strong>se encontr\u00f3 con la negativa del vernismo<\/strong>. As\u00ed, reci\u00e9n se rescindi\u00f3 el contrato, con culpa a la empresa, el 22 de julio de 2015. Ya en el segundo Gobierno de Verna, se contrat\u00f3 a la empresa Cinter para colocar el techo. Es la que est\u00e1 a cargo de los trabajos en estos momentos.<\/p>\n<p>&nbsp;<\/p>\n<p><strong>Decisi\u00f3n pol\u00edtica de m\u00e1s arriba<\/strong><\/p>\n<p>Los jueces del STJ\u00a0<strong>dijeron que hubo una decisi\u00f3n pol\u00edtica de no rescindir y que no fue de Varela: le apuntaron a Oscar Jorge.\u00a0<\/strong>\u201cLa condena -expresaron los jueces del STJ en su fallo- se centra en la obra p\u00fablica inconclusa, empero <strong>no se repara en que, si bien no exist\u00eda en el caso la posibilidad de ampliar los plazos contractuales, la decisi\u00f3n de rescindir el contrato, se corresponde estrictamente con una decisi\u00f3n pol\u00edtica<\/strong>, quedando en el olvido que en este caso, desde el Ministerio se propici\u00f3, contrariamente, la concreci\u00f3n final de la obra\u201d.<\/p>\n<p>\u201cEn este sentido -prosiguieron-<strong> nos encontramos frente a una Obra P\u00fablica de considerable e innegable envergadura, donde las decisiones trascendentales, no se encuentran bajo voluntad exclusiva del titular de la cartera, claramente, en el caso lo exced\u00edan<\/strong>\u201d.<\/p>\n<p>\u201cQueda m\u00e1s que claro, sin mayor esfuerzo de comprensi\u00f3n, que se le est\u00e1 puntualmente reclamando a Varela no haber propuesto la rescisi\u00f3n del contrato\u201d, sostuvieron. \u201cAhora bien, m\u00e1s all\u00e1 de que no se repar\u00f3 en la concreta posibilidad que ten\u00eda el titular de esa cartera en brindar ese asesoramiento concreto, lo cierto es que la Audiencia y el T.I.P., pasan por alto que desde el organismo, cuya titularidad ejerc\u00eda Varela, se intentaba llevar adelante la culminaci\u00f3n de la obra, por lo que resulta incongruente, imponer a la omisi\u00f3n el contenido de no haber propiciado la rescisi\u00f3n y claramente se puede concluir que los juzgadores no comparten la pol\u00edtica desplegada por Varela en su gesti\u00f3n. De ese modo, al no compartir desde lo jur\u00eddico una decisi\u00f3n absolutamente de tinte pol\u00edtico, se forz\u00f3 la aplicaci\u00f3n del art. 248 in fine para llegar a una condena\u201d.<\/p>\n<p>&nbsp;<\/p>\n<p><strong>Las palabras de Varela<\/strong><\/p>\n<p>Varela renunci\u00f3 al cargo de ministro en 2014, a punto de que desde el vernismo se le iniciara un juicio pol\u00edtico para lograr su desplazamiento. Luego, se desempe\u00f1\u00f3 como asesor del gobernador Oscar Jorge.<\/p>\n<p><strong>\u00bfQu\u00e9 dijo en el juicio? \u201c<\/strong>Yo no tendr\u00eda que estar ac\u00e1. No pod\u00eda hacer nada, si hubiese hecho alg\u00fan acto administrativo para modificar el decreto de paralizaci\u00f3n, ah\u00ed si hubiera incumplido mis deberes de funcionario p\u00fablico. Pero el \u00fanico que pod\u00eda mover el expediente era el se\u00f1or gobernador (Oscar Jorge)\u201d, sostuvo el exfuncionario.<\/p>\n<p>&nbsp;<\/p>\n<p>&nbsp;<\/p>\n<p>&nbsp;<\/p>\n","protected":false},"excerpt":{"rendered":"<p>El exministro de Obras y Servicios P\u00fablicos, Jorge V\u00edctor Varela, respira m\u00e1s aliviado: este mi\u00e9rcoles, el Superior Tribunal de Justicia de La Pampa (STJ)\u00a0lo absolvi\u00f3 en la causa por el&hellip;<\/p>\n","protected":false},"author":3,"featured_media":3857,"comment_status":"closed","ping_status":"open","sticky":false,"template":"","format":"standard","meta":{"_acf_changed":false,"footnotes":""},"categories":[11,319,8],"tags":[168,1397],"class_list":["post-52753","post","type-post","status-publish","format-standard","has-post-thumbnail","hentry","category-que-pasa","category-a-temporales","category-politica","tag-megaestadio","tag-varela"],"acf":[],"yoast_head":"<!-- This site is optimized with the Yoast SEO plugin v27.5 - https:\/\/yoast.com\/product\/yoast-seo-wordpress\/ -->\n<title>Megaestadio: el STJ absolvi\u00f3 al exministro Jorge Varela - Diario Textual<\/title>\n<meta name=\"robots\" content=\"index, follow, max-snippet:-1, max-image-preview:large, max-video-preview:-1\" \/>\n<link rel=\"canonical\" href=\"https:\/\/diariotextual.com\/inicio\/index.php\/2019\/06\/19\/megaestadio-stj-absolvio-al-exministro-jorge-varela\/\" \/>\n<meta property=\"og:locale\" content=\"es_ES\" \/>\n<meta property=\"og:type\" content=\"article\" \/>\n<meta property=\"og:title\" content=\"Megaestadio: el STJ absolvi\u00f3 al exministro Jorge Varela - Diario Textual\" \/>\n<meta property=\"og:description\" content=\"El exministro de Obras y Servicios P\u00fablicos, Jorge V\u00edctor Varela, respira m\u00e1s aliviado: este mi\u00e9rcoles, el Superior Tribunal de Justicia de La Pampa (STJ)\u00a0lo absolvi\u00f3 en la causa por el&hellip;\" \/>\n<meta property=\"og:url\" content=\"https:\/\/diariotextual.com\/inicio\/index.php\/2019\/06\/19\/megaestadio-stj-absolvio-al-exministro-jorge-varela\/\" \/>\n<meta property=\"og:site_name\" content=\"Diario Textual\" \/>\n<meta property=\"article:publisher\" content=\"https:\/\/www.facebook.com\/eltextual\" \/>\n<meta property=\"article:published_time\" content=\"2019-06-19T15:16:49+00:00\" \/>\n<meta property=\"article:modified_time\" content=\"2019-06-20T02:30:00+00:00\" \/>\n<meta property=\"og:image\" content=\"https:\/\/diariotextual.com\/inicio\/wp-content\/uploads\/2018\/04\/varelajuiciomegaestadio-1024x768.jpg\" \/>\n\t<meta property=\"og:image:width\" content=\"1024\" \/>\n\t<meta property=\"og:image:height\" content=\"768\" \/>\n\t<meta property=\"og:image:type\" content=\"image\/jpeg\" \/>\n<meta name=\"author\" content=\"Diario1 Diario1\" \/>\n<meta name=\"twitter:card\" content=\"summary_large_image\" \/>\n<meta name=\"twitter:creator\" content=\"@eltextual\" \/>\n<meta name=\"twitter:site\" content=\"@eltextual\" \/>\n<meta name=\"twitter:label1\" content=\"Escrito por\" \/>\n\t<meta name=\"twitter:data1\" content=\"Diario1 Diario1\" \/>\n\t<meta name=\"twitter:label2\" content=\"Tiempo de lectura\" \/>\n\t<meta name=\"twitter:data2\" content=\"4 minutos\" \/>\n<script type=\"application\/ld+json\" class=\"yoast-schema-graph\">{\"@context\":\"https:\\\/\\\/schema.org\",\"@graph\":[{\"@type\":\"Article\",\"@id\":\"https:\\\/\\\/diariotextual.com\\\/inicio\\\/index.php\\\/2019\\\/06\\\/19\\\/megaestadio-stj-absolvio-al-exministro-jorge-varela\\\/#article\",\"isPartOf\":{\"@id\":\"https:\\\/\\\/diariotextual.com\\\/inicio\\\/index.php\\\/2019\\\/06\\\/19\\\/megaestadio-stj-absolvio-al-exministro-jorge-varela\\\/\"},\"author\":{\"name\":\"Diario1 Diario1\",\"@id\":\"https:\\\/\\\/diariotextual.com\\\/inicio\\\/#\\\/schema\\\/person\\\/418fc4093c33e86ed41562db3508f958\"},\"headline\":\"Megaestadio: el STJ absolvi\u00f3 al exministro Jorge Varela\",\"datePublished\":\"2019-06-19T15:16:49+00:00\",\"dateModified\":\"2019-06-20T02:30:00+00:00\",\"mainEntityOfPage\":{\"@id\":\"https:\\\/\\\/diariotextual.com\\\/inicio\\\/index.php\\\/2019\\\/06\\\/19\\\/megaestadio-stj-absolvio-al-exministro-jorge-varela\\\/\"},\"wordCount\":790,\"publisher\":{\"@id\":\"https:\\\/\\\/diariotextual.com\\\/inicio\\\/#organization\"},\"image\":{\"@id\":\"https:\\\/\\\/diariotextual.com\\\/inicio\\\/index.php\\\/2019\\\/06\\\/19\\\/megaestadio-stj-absolvio-al-exministro-jorge-varela\\\/#primaryimage\"},\"thumbnailUrl\":\"https:\\\/\\\/diariotextual.com\\\/inicio\\\/wp-content\\\/uploads\\\/2018\\\/04\\\/varelajuiciomegaestadio.jpg\",\"keywords\":[\"megaestadio\",\"varela\"],\"articleSection\":[\"A - QUE PASA (al costado)\",\"A - TEMPORALES\",\"POLITICA\"],\"inLanguage\":\"es\"},{\"@type\":\"WebPage\",\"@id\":\"https:\\\/\\\/diariotextual.com\\\/inicio\\\/index.php\\\/2019\\\/06\\\/19\\\/megaestadio-stj-absolvio-al-exministro-jorge-varela\\\/\",\"url\":\"https:\\\/\\\/diariotextual.com\\\/inicio\\\/index.php\\\/2019\\\/06\\\/19\\\/megaestadio-stj-absolvio-al-exministro-jorge-varela\\\/\",\"name\":\"Megaestadio: el STJ absolvi\u00f3 al exministro Jorge Varela - Diario Textual\",\"isPartOf\":{\"@id\":\"https:\\\/\\\/diariotextual.com\\\/inicio\\\/#website\"},\"primaryImageOfPage\":{\"@id\":\"https:\\\/\\\/diariotextual.com\\\/inicio\\\/index.php\\\/2019\\\/06\\\/19\\\/megaestadio-stj-absolvio-al-exministro-jorge-varela\\\/#primaryimage\"},\"image\":{\"@id\":\"https:\\\/\\\/diariotextual.com\\\/inicio\\\/index.php\\\/2019\\\/06\\\/19\\\/megaestadio-stj-absolvio-al-exministro-jorge-varela\\\/#primaryimage\"},\"thumbnailUrl\":\"https:\\\/\\\/diariotextual.com\\\/inicio\\\/wp-content\\\/uploads\\\/2018\\\/04\\\/varelajuiciomegaestadio.jpg\",\"datePublished\":\"2019-06-19T15:16:49+00:00\",\"dateModified\":\"2019-06-20T02:30:00+00:00\",\"breadcrumb\":{\"@id\":\"https:\\\/\\\/diariotextual.com\\\/inicio\\\/index.php\\\/2019\\\/06\\\/19\\\/megaestadio-stj-absolvio-al-exministro-jorge-varela\\\/#breadcrumb\"},\"inLanguage\":\"es\",\"potentialAction\":[{\"@type\":\"ReadAction\",\"target\":[\"https:\\\/\\\/diariotextual.com\\\/inicio\\\/index.php\\\/2019\\\/06\\\/19\\\/megaestadio-stj-absolvio-al-exministro-jorge-varela\\\/\"]}]},{\"@type\":\"ImageObject\",\"inLanguage\":\"es\",\"@id\":\"https:\\\/\\\/diariotextual.com\\\/inicio\\\/index.php\\\/2019\\\/06\\\/19\\\/megaestadio-stj-absolvio-al-exministro-jorge-varela\\\/#primaryimage\",\"url\":\"https:\\\/\\\/diariotextual.com\\\/inicio\\\/wp-content\\\/uploads\\\/2018\\\/04\\\/varelajuiciomegaestadio.jpg\",\"contentUrl\":\"https:\\\/\\\/diariotextual.com\\\/inicio\\\/wp-content\\\/uploads\\\/2018\\\/04\\\/varelajuiciomegaestadio.jpg\",\"width\":4608,\"height\":3456},{\"@type\":\"BreadcrumbList\",\"@id\":\"https:\\\/\\\/diariotextual.com\\\/inicio\\\/index.php\\\/2019\\\/06\\\/19\\\/megaestadio-stj-absolvio-al-exministro-jorge-varela\\\/#breadcrumb\",\"itemListElement\":[{\"@type\":\"ListItem\",\"position\":1,\"name\":\"Portada\",\"item\":\"https:\\\/\\\/diariotextual.com\\\/inicio\\\/\"},{\"@type\":\"ListItem\",\"position\":2,\"name\":\"Megaestadio: el STJ absolvi\u00f3 al exministro Jorge Varela\"}]},{\"@type\":\"WebSite\",\"@id\":\"https:\\\/\\\/diariotextual.com\\\/inicio\\\/#website\",\"url\":\"https:\\\/\\\/diariotextual.com\\\/inicio\\\/\",\"name\":\"Diario Textual\",\"description\":\"\",\"publisher\":{\"@id\":\"https:\\\/\\\/diariotextual.com\\\/inicio\\\/#organization\"},\"potentialAction\":[{\"@type\":\"SearchAction\",\"target\":{\"@type\":\"EntryPoint\",\"urlTemplate\":\"https:\\\/\\\/diariotextual.com\\\/inicio\\\/?s={search_term_string}\"},\"query-input\":{\"@type\":\"PropertyValueSpecification\",\"valueRequired\":true,\"valueName\":\"search_term_string\"}}],\"inLanguage\":\"es\"},{\"@type\":\"Organization\",\"@id\":\"https:\\\/\\\/diariotextual.com\\\/inicio\\\/#organization\",\"name\":\"Diario Textual\",\"url\":\"https:\\\/\\\/diariotextual.com\\\/inicio\\\/\",\"logo\":{\"@type\":\"ImageObject\",\"inLanguage\":\"es\",\"@id\":\"https:\\\/\\\/diariotextual.com\\\/inicio\\\/#\\\/schema\\\/logo\\\/image\\\/\",\"url\":\"https:\\\/\\\/diariotextual.com\\\/inicio\\\/wp-content\\\/uploads\\\/2023\\\/05\\\/logotextual1.jpg\",\"contentUrl\":\"https:\\\/\\\/diariotextual.com\\\/inicio\\\/wp-content\\\/uploads\\\/2023\\\/05\\\/logotextual1.jpg\",\"width\":516,\"height\":76,\"caption\":\"Diario Textual\"},\"image\":{\"@id\":\"https:\\\/\\\/diariotextual.com\\\/inicio\\\/#\\\/schema\\\/logo\\\/image\\\/\"},\"sameAs\":[\"https:\\\/\\\/www.facebook.com\\\/eltextual\",\"https:\\\/\\\/x.com\\\/eltextual\",\"http:\\\/\\\/www.instagram.com\\\/eltextual\"]},{\"@type\":\"Person\",\"@id\":\"https:\\\/\\\/diariotextual.com\\\/inicio\\\/#\\\/schema\\\/person\\\/418fc4093c33e86ed41562db3508f958\",\"name\":\"Diario1 Diario1\",\"image\":{\"@type\":\"ImageObject\",\"inLanguage\":\"es\",\"@id\":\"https:\\\/\\\/secure.gravatar.com\\\/avatar\\\/9167d280179c85bc18be67aa7eda765854300033af4896dd779b608640f2ef7a?s=96&d=mm&r=g\",\"url\":\"https:\\\/\\\/secure.gravatar.com\\\/avatar\\\/9167d280179c85bc18be67aa7eda765854300033af4896dd779b608640f2ef7a?s=96&d=mm&r=g\",\"contentUrl\":\"https:\\\/\\\/secure.gravatar.com\\\/avatar\\\/9167d280179c85bc18be67aa7eda765854300033af4896dd779b608640f2ef7a?s=96&d=mm&r=g\",\"caption\":\"Diario1 Diario1\"},\"url\":\"https:\\\/\\\/diariotextual.com\\\/inicio\\\/index.php\\\/author\\\/diario1\\\/\"}]}<\/script>\n<!-- \/ Yoast SEO plugin. -->","yoast_head_json":{"title":"Megaestadio: el STJ absolvi\u00f3 al exministro Jorge Varela - Diario Textual","robots":{"index":"index","follow":"follow","max-snippet":"max-snippet:-1","max-image-preview":"max-image-preview:large","max-video-preview":"max-video-preview:-1"},"canonical":"https:\/\/diariotextual.com\/inicio\/index.php\/2019\/06\/19\/megaestadio-stj-absolvio-al-exministro-jorge-varela\/","og_locale":"es_ES","og_type":"article","og_title":"Megaestadio: el STJ absolvi\u00f3 al exministro Jorge Varela - Diario Textual","og_description":"El exministro de Obras y Servicios P\u00fablicos, Jorge V\u00edctor Varela, respira m\u00e1s aliviado: este mi\u00e9rcoles, el Superior Tribunal de Justicia de La Pampa (STJ)\u00a0lo absolvi\u00f3 en la causa por el&hellip;","og_url":"https:\/\/diariotextual.com\/inicio\/index.php\/2019\/06\/19\/megaestadio-stj-absolvio-al-exministro-jorge-varela\/","og_site_name":"Diario Textual","article_publisher":"https:\/\/www.facebook.com\/eltextual","article_published_time":"2019-06-19T15:16:49+00:00","article_modified_time":"2019-06-20T02:30:00+00:00","og_image":[{"width":1024,"height":768,"url":"https:\/\/diariotextual.com\/inicio\/wp-content\/uploads\/2018\/04\/varelajuiciomegaestadio-1024x768.jpg","type":"image\/jpeg"}],"author":"Diario1 Diario1","twitter_card":"summary_large_image","twitter_creator":"@eltextual","twitter_site":"@eltextual","twitter_misc":{"Escrito por":"Diario1 Diario1","Tiempo de lectura":"4 minutos"},"schema":{"@context":"https:\/\/schema.org","@graph":[{"@type":"Article","@id":"https:\/\/diariotextual.com\/inicio\/index.php\/2019\/06\/19\/megaestadio-stj-absolvio-al-exministro-jorge-varela\/#article","isPartOf":{"@id":"https:\/\/diariotextual.com\/inicio\/index.php\/2019\/06\/19\/megaestadio-stj-absolvio-al-exministro-jorge-varela\/"},"author":{"name":"Diario1 Diario1","@id":"https:\/\/diariotextual.com\/inicio\/#\/schema\/person\/418fc4093c33e86ed41562db3508f958"},"headline":"Megaestadio: el STJ absolvi\u00f3 al exministro Jorge Varela","datePublished":"2019-06-19T15:16:49+00:00","dateModified":"2019-06-20T02:30:00+00:00","mainEntityOfPage":{"@id":"https:\/\/diariotextual.com\/inicio\/index.php\/2019\/06\/19\/megaestadio-stj-absolvio-al-exministro-jorge-varela\/"},"wordCount":790,"publisher":{"@id":"https:\/\/diariotextual.com\/inicio\/#organization"},"image":{"@id":"https:\/\/diariotextual.com\/inicio\/index.php\/2019\/06\/19\/megaestadio-stj-absolvio-al-exministro-jorge-varela\/#primaryimage"},"thumbnailUrl":"https:\/\/diariotextual.com\/inicio\/wp-content\/uploads\/2018\/04\/varelajuiciomegaestadio.jpg","keywords":["megaestadio","varela"],"articleSection":["A - QUE PASA (al costado)","A - TEMPORALES","POLITICA"],"inLanguage":"es"},{"@type":"WebPage","@id":"https:\/\/diariotextual.com\/inicio\/index.php\/2019\/06\/19\/megaestadio-stj-absolvio-al-exministro-jorge-varela\/","url":"https:\/\/diariotextual.com\/inicio\/index.php\/2019\/06\/19\/megaestadio-stj-absolvio-al-exministro-jorge-varela\/","name":"Megaestadio: el STJ absolvi\u00f3 al exministro Jorge Varela - Diario Textual","isPartOf":{"@id":"https:\/\/diariotextual.com\/inicio\/#website"},"primaryImageOfPage":{"@id":"https:\/\/diariotextual.com\/inicio\/index.php\/2019\/06\/19\/megaestadio-stj-absolvio-al-exministro-jorge-varela\/#primaryimage"},"image":{"@id":"https:\/\/diariotextual.com\/inicio\/index.php\/2019\/06\/19\/megaestadio-stj-absolvio-al-exministro-jorge-varela\/#primaryimage"},"thumbnailUrl":"https:\/\/diariotextual.com\/inicio\/wp-content\/uploads\/2018\/04\/varelajuiciomegaestadio.jpg","datePublished":"2019-06-19T15:16:49+00:00","dateModified":"2019-06-20T02:30:00+00:00","breadcrumb":{"@id":"https:\/\/diariotextual.com\/inicio\/index.php\/2019\/06\/19\/megaestadio-stj-absolvio-al-exministro-jorge-varela\/#breadcrumb"},"inLanguage":"es","potentialAction":[{"@type":"ReadAction","target":["https:\/\/diariotextual.com\/inicio\/index.php\/2019\/06\/19\/megaestadio-stj-absolvio-al-exministro-jorge-varela\/"]}]},{"@type":"ImageObject","inLanguage":"es","@id":"https:\/\/diariotextual.com\/inicio\/index.php\/2019\/06\/19\/megaestadio-stj-absolvio-al-exministro-jorge-varela\/#primaryimage","url":"https:\/\/diariotextual.com\/inicio\/wp-content\/uploads\/2018\/04\/varelajuiciomegaestadio.jpg","contentUrl":"https:\/\/diariotextual.com\/inicio\/wp-content\/uploads\/2018\/04\/varelajuiciomegaestadio.jpg","width":4608,"height":3456},{"@type":"BreadcrumbList","@id":"https:\/\/diariotextual.com\/inicio\/index.php\/2019\/06\/19\/megaestadio-stj-absolvio-al-exministro-jorge-varela\/#breadcrumb","itemListElement":[{"@type":"ListItem","position":1,"name":"Portada","item":"https:\/\/diariotextual.com\/inicio\/"},{"@type":"ListItem","position":2,"name":"Megaestadio: el STJ absolvi\u00f3 al exministro Jorge Varela"}]},{"@type":"WebSite","@id":"https:\/\/diariotextual.com\/inicio\/#website","url":"https:\/\/diariotextual.com\/inicio\/","name":"Diario Textual","description":"","publisher":{"@id":"https:\/\/diariotextual.com\/inicio\/#organization"},"potentialAction":[{"@type":"SearchAction","target":{"@type":"EntryPoint","urlTemplate":"https:\/\/diariotextual.com\/inicio\/?s={search_term_string}"},"query-input":{"@type":"PropertyValueSpecification","valueRequired":true,"valueName":"search_term_string"}}],"inLanguage":"es"},{"@type":"Organization","@id":"https:\/\/diariotextual.com\/inicio\/#organization","name":"Diario Textual","url":"https:\/\/diariotextual.com\/inicio\/","logo":{"@type":"ImageObject","inLanguage":"es","@id":"https:\/\/diariotextual.com\/inicio\/#\/schema\/logo\/image\/","url":"https:\/\/diariotextual.com\/inicio\/wp-content\/uploads\/2023\/05\/logotextual1.jpg","contentUrl":"https:\/\/diariotextual.com\/inicio\/wp-content\/uploads\/2023\/05\/logotextual1.jpg","width":516,"height":76,"caption":"Diario Textual"},"image":{"@id":"https:\/\/diariotextual.com\/inicio\/#\/schema\/logo\/image\/"},"sameAs":["https:\/\/www.facebook.com\/eltextual","https:\/\/x.com\/eltextual","http:\/\/www.instagram.com\/eltextual"]},{"@type":"Person","@id":"https:\/\/diariotextual.com\/inicio\/#\/schema\/person\/418fc4093c33e86ed41562db3508f958","name":"Diario1 Diario1","image":{"@type":"ImageObject","inLanguage":"es","@id":"https:\/\/secure.gravatar.com\/avatar\/9167d280179c85bc18be67aa7eda765854300033af4896dd779b608640f2ef7a?s=96&d=mm&r=g","url":"https:\/\/secure.gravatar.com\/avatar\/9167d280179c85bc18be67aa7eda765854300033af4896dd779b608640f2ef7a?s=96&d=mm&r=g","contentUrl":"https:\/\/secure.gravatar.com\/avatar\/9167d280179c85bc18be67aa7eda765854300033af4896dd779b608640f2ef7a?s=96&d=mm&r=g","caption":"Diario1 Diario1"},"url":"https:\/\/diariotextual.com\/inicio\/index.php\/author\/diario1\/"}]}},"_links":{"self":[{"href":"https:\/\/diariotextual.com\/inicio\/index.php\/wp-json\/wp\/v2\/posts\/52753","targetHints":{"allow":["GET"]}}],"collection":[{"href":"https:\/\/diariotextual.com\/inicio\/index.php\/wp-json\/wp\/v2\/posts"}],"about":[{"href":"https:\/\/diariotextual.com\/inicio\/index.php\/wp-json\/wp\/v2\/types\/post"}],"author":[{"embeddable":true,"href":"https:\/\/diariotextual.com\/inicio\/index.php\/wp-json\/wp\/v2\/users\/3"}],"replies":[{"embeddable":true,"href":"https:\/\/diariotextual.com\/inicio\/index.php\/wp-json\/wp\/v2\/comments?post=52753"}],"version-history":[{"count":7,"href":"https:\/\/diariotextual.com\/inicio\/index.php\/wp-json\/wp\/v2\/posts\/52753\/revisions"}],"predecessor-version":[{"id":52760,"href":"https:\/\/diariotextual.com\/inicio\/index.php\/wp-json\/wp\/v2\/posts\/52753\/revisions\/52760"}],"wp:featuredmedia":[{"embeddable":true,"href":"https:\/\/diariotextual.com\/inicio\/index.php\/wp-json\/wp\/v2\/media\/3857"}],"wp:attachment":[{"href":"https:\/\/diariotextual.com\/inicio\/index.php\/wp-json\/wp\/v2\/media?parent=52753"}],"wp:term":[{"taxonomy":"category","embeddable":true,"href":"https:\/\/diariotextual.com\/inicio\/index.php\/wp-json\/wp\/v2\/categories?post=52753"},{"taxonomy":"post_tag","embeddable":true,"href":"https:\/\/diariotextual.com\/inicio\/index.php\/wp-json\/wp\/v2\/tags?post=52753"}],"curies":[{"name":"wp","href":"https:\/\/api.w.org\/{rel}","templated":true}]}}