{"id":52806,"date":"2019-06-19T17:29:38","date_gmt":"2019-06-19T20:29:38","guid":{"rendered":"http:\/\/diariotextual.com\/inicio\/?p=52806"},"modified":"2019-06-20T10:11:22","modified_gmt":"2019-06-20T13:11:22","slug":"diputados-pidieron-se-gestione-una-rotonda-acha","status":"publish","type":"post","link":"https:\/\/diariotextual.com\/inicio\/index.php\/2019\/06\/19\/diputados-pidieron-se-gestione-una-rotonda-acha\/","title":{"rendered":"Diputados pidieron que se gestione una rotonda en Acha"},"content":{"rendered":"<p>Por unanimidad, la C\u00e1mara de Diputados de La Pampa aprob\u00f3 un proyecto de resoluci\u00f3n por el que se dirigen a los legisladores nacionales pampeanos, para que incluyan en <strong>el Presupuesto Nacional del a\u00f1o 2020 la construcci\u00f3n de rotondas y\/o d\u00e1rsenas de acceso y\/o cualquier otra obra que brinde seguridad vial en la ruta nacional 152<\/strong>, en el acceso a la localidad de General Acha. La iniciativa fue de bloques del peronismo, el macrismo y el radicalismo. Ya en el Congreso nacional hay iniciativas similares de los senadores Juan Carlos Marino y Norma Durango.<\/p>\n<p><!--more--><\/p>\n<p>\u201cLa poblaci\u00f3n de General Acha, situada a la vera de la Ruta Nacional N\u00ba 152, <strong>se encuentra profundamente conmovida por recurrentes accidentes de tr\u00e1nsito ocurridos en el acceso a la ciudad,<\/strong> muchos de ellos de suma gravedad y con el costo de vidas humanas\u201d, expres\u00f3 Lucrecia Barrutti, oriunda de aquella localidad.<\/p>\n<p>\u201cEl m\u00e1s reciente de estos hechos -agreg\u00f3-,<strong> se remonta al ocurrido el pasado 31 de mayo de 2019 cuando un joven de 21 a\u00f1os falleci\u00f3 a ra\u00edz de las severas lesiones que sufri\u00f3 como consecuencia de un accidente de tr\u00e1nsito<\/strong>. Conduc\u00eda una moto, y por causas que a\u00fan se desconocen, colision\u00f3 con una camioneta que sal\u00eda de una de las estaciones de servicio ubicada a la vera de la ruta\u201d.<\/p>\n<p><img fetchpriority=\"high\" decoding=\"async\" class=\"alignnone wp-image-51420 size-full\" src=\"http:\/\/diariotextual.com\/inicio\/wp-content\/uploads\/2019\/06\/acharotondareclamo2019-1.jpg\" alt=\"\" width=\"692\" height=\"355\" srcset=\"https:\/\/diariotextual.com\/inicio\/wp-content\/uploads\/2019\/06\/acharotondareclamo2019-1.jpg 692w, https:\/\/diariotextual.com\/inicio\/wp-content\/uploads\/2019\/06\/acharotondareclamo2019-1-300x154.jpg 300w, https:\/\/diariotextual.com\/inicio\/wp-content\/uploads\/2019\/06\/acharotondareclamo2019-1-585x300.jpg 585w\" sizes=\"(max-width: 692px) 100vw, 692px\" \/><\/p>\n<p>La diputada justicialista asegur\u00f3 que en el a\u00f1o 2004, se elev\u00f3 al concejo deliberante de General Acha el proyecto \u201cTraves\u00eda Urbana de General Acha en Ruta Nacional N\u00b0152\u201d, elaborado por la Direcci\u00f3n Nacional de Vialidad (Distrito 21, La Pampa).<\/p>\n<p>\u201cLos vecinos y vecinas de General Acha y autoridades, <strong><a href=\"http:\/\/diariotextual.com\/inicio\/index.php\/2019\/06\/09\/tres-mil-firmas-se-construya-una-rotonda-acceso-acha\/\">se congregaron realizando la firma de un petitorio de m\u00e1s de 3000 firmas<\/a><\/strong>, el que ha motivado a instar a los legisladores nacionales por la provincia de La Pampa a solicitar la realizaci\u00f3n de las gestiones pertinentes ante la Direcci\u00f3n Nacional de Vialidad, para que contemple en el presupuesto del a\u00f1o 2020 de plan de obras, la construcci\u00f3n de una d\u00e1rsena de acceso o una rotonda en ese punto cr\u00edtico, que permita reducir al m\u00ednimo la producci\u00f3n de accidentes\u201d, sostuvo Barrutti.<\/p>\n<p>&nbsp;<\/p>\n<p><strong>\u00abIntenso tr\u00e1nsito\u00bb<\/strong><\/p>\n<p>La <strong>iniciativa tambi\u00e9n es autor\u00eda de otro legislador achense, el radical Abel Sabarots<\/strong> (intendente electo de esa localidad) que sum\u00f3 otro argumento. \u201c<strong>Somos el embudo hacia el norte o hacia el sur del pa\u00eds<\/strong>, por lo que no es casual que <strong>seamos la segunda plaza hotelera de la provincia<\/strong>, lo nos habla del intenso tr\u00e1nsito en el lugar\u201d, dijo.<\/p>\n<p>&nbsp;<\/p>\n<p><strong>\u00abReclamo demasiado pasivo\u00bb<\/strong><\/p>\n<p>Otra de las autoras del proyecto es <strong>Adriana Leher (PRO Cambiemos). \u201cLlevamos a\u00f1os de un reclamo demasiado pasivo\u00bb, dijo Leher. Hoy sin bander\u00edas pol\u00edticas,<\/strong> los tres legisladores de Acha, solicitamos el acompa\u00f1amiento del resto de los diputados que agradecemos su celeridad y ahora esperamos que los legisladores nacionales por La Pampa hagan las gestiones necesarias para que la obra ingrese en el proyecto de presupuesto 2020. Se trata de generar acciones que movilicen a toda la provincia\u201d, dijo.<\/p>\n<p>&nbsp;<\/p>\n<p><strong>Jueza<\/strong><\/p>\n<p>Por unanimidad tambi\u00e9n se aprob\u00f3 el acuerdo, solicitado por el Poder Ejecutivo, para cubrir el cargo de<strong> Juez de C\u00e1mara en la C\u00e1mara de Apelaciones en lo Civ\u00edl, Comercial, Laboral y de Miner\u00eda de la Primera Circunscripci\u00f3n Judicial, de Santa Rosa, a la abogada Fabiana Beatriz Berardi.<\/strong><\/p>\n<p>No fue un\u00e1nime, sino que <strong>fue aprobado s\u00f3lo por el voto de la mayor\u00eda de 19 diputados, el acuerdo por el que solicita acuerdo para designar como representante del Poder Ejecutivo en el cargo de Vocal del Directorio de la Direcci\u00f3n Provincial de Vialidad, al se\u00f1or Horacio Jorge Labegorra.<\/strong><\/p>\n<p>La\u00a0 diputada Patricia Testa (UCR \u2013 Cambiemos) dijo: \u201cNo se estar\u00eda tratando este pedido de acuerdo, si no hubiera sido porque al vocal anterior, Valent\u00edn Contreras, lo apartaron sin m\u00e1s, despu\u00e9s de las \u00faltimas elecciones\u201d y revel\u00f3: \u201cSe trata de un suplencia, por lo que bloque oficialista no consider\u00f3 necesario que se lo interpele desde la comisi\u00f3n de Poderes, incurriendo as\u00ed en una irregularidad manifiesta en el proceder institucional\u201d.<\/p>\n<p>En igual sentido, pero mucho m\u00e1s ir\u00f3nica, la diputada Adriana Leher (PRO Cambiemos) expres\u00f3: \u201cLabegorra es un militante del oficialismo con trayectoria solamente familiar, pero vamos igual a votar a favor de aprobar el pliego, para hacerlo r\u00e1pido y que no nos agarre agosto y no vaya a ser cosa que en esas elecciones juegue para otro equipo y le pase lo mismo que a Contreras\u201d.<\/p>\n<p>&nbsp;<\/p>\n","protected":false},"excerpt":{"rendered":"<p>Por unanimidad, la C\u00e1mara de Diputados de La Pampa aprob\u00f3 un proyecto de resoluci\u00f3n por el que se dirigen a los legisladores nacionales pampeanos, para que incluyan en el Presupuesto&hellip;<\/p>\n","protected":false},"author":5,"featured_media":52807,"comment_status":"closed","ping_status":"open","sticky":false,"template":"","format":"standard","meta":{"_acf_changed":false,"footnotes":""},"categories":[11,8],"tags":[],"class_list":["post-52806","post","type-post","status-publish","format-standard","has-post-thumbnail","hentry","category-que-pasa","category-politica"],"acf":[],"yoast_head":"<!-- This site is optimized with the Yoast SEO plugin v27.5 - https:\/\/yoast.com\/product\/yoast-seo-wordpress\/ -->\n<title>Diputados pidieron que se gestione una rotonda en Acha - Diario Textual<\/title>\n<meta name=\"robots\" content=\"index, follow, max-snippet:-1, max-image-preview:large, max-video-preview:-1\" \/>\n<link rel=\"canonical\" href=\"https:\/\/diariotextual.com\/inicio\/index.php\/2019\/06\/19\/diputados-pidieron-se-gestione-una-rotonda-acha\/\" \/>\n<meta property=\"og:locale\" content=\"es_ES\" \/>\n<meta property=\"og:type\" content=\"article\" \/>\n<meta property=\"og:title\" content=\"Diputados pidieron que se gestione una rotonda en Acha - Diario Textual\" \/>\n<meta property=\"og:description\" content=\"Por unanimidad, la C\u00e1mara de Diputados de La Pampa aprob\u00f3 un proyecto de resoluci\u00f3n por el que se dirigen a los legisladores nacionales pampeanos, para que incluyan en el Presupuesto&hellip;\" \/>\n<meta property=\"og:url\" content=\"https:\/\/diariotextual.com\/inicio\/index.php\/2019\/06\/19\/diputados-pidieron-se-gestione-una-rotonda-acha\/\" \/>\n<meta property=\"og:site_name\" content=\"Diario Textual\" \/>\n<meta property=\"article:publisher\" content=\"https:\/\/www.facebook.com\/eltextual\" \/>\n<meta property=\"article:published_time\" content=\"2019-06-19T20:29:38+00:00\" \/>\n<meta property=\"article:modified_time\" content=\"2019-06-20T13:11:22+00:00\" \/>\n<meta property=\"og:image\" content=\"https:\/\/diariotextual.com\/inicio\/wp-content\/uploads\/2019\/06\/diputadossesion19-06.jpg\" \/>\n\t<meta property=\"og:image:width\" content=\"700\" \/>\n\t<meta property=\"og:image:height\" content=\"403\" \/>\n\t<meta property=\"og:image:type\" content=\"image\/jpeg\" \/>\n<meta name=\"author\" content=\"diario3\" \/>\n<meta name=\"twitter:card\" content=\"summary_large_image\" \/>\n<meta name=\"twitter:creator\" content=\"@eltextual\" \/>\n<meta name=\"twitter:site\" content=\"@eltextual\" \/>\n<meta name=\"twitter:label1\" content=\"Escrito por\" \/>\n\t<meta name=\"twitter:data1\" content=\"diario3\" \/>\n\t<meta name=\"twitter:label2\" content=\"Tiempo de lectura\" \/>\n\t<meta name=\"twitter:data2\" content=\"4 minutos\" \/>\n<script type=\"application\/ld+json\" class=\"yoast-schema-graph\">{\"@context\":\"https:\\\/\\\/schema.org\",\"@graph\":[{\"@type\":\"Article\",\"@id\":\"https:\\\/\\\/diariotextual.com\\\/inicio\\\/index.php\\\/2019\\\/06\\\/19\\\/diputados-pidieron-se-gestione-una-rotonda-acha\\\/#article\",\"isPartOf\":{\"@id\":\"https:\\\/\\\/diariotextual.com\\\/inicio\\\/index.php\\\/2019\\\/06\\\/19\\\/diputados-pidieron-se-gestione-una-rotonda-acha\\\/\"},\"author\":{\"name\":\"diario3\",\"@id\":\"https:\\\/\\\/diariotextual.com\\\/inicio\\\/#\\\/schema\\\/person\\\/a1b6f563e0ee944c60f98119389a4d9f\"},\"headline\":\"Diputados pidieron que se gestione una rotonda en Acha\",\"datePublished\":\"2019-06-19T20:29:38+00:00\",\"dateModified\":\"2019-06-20T13:11:22+00:00\",\"mainEntityOfPage\":{\"@id\":\"https:\\\/\\\/diariotextual.com\\\/inicio\\\/index.php\\\/2019\\\/06\\\/19\\\/diputados-pidieron-se-gestione-una-rotonda-acha\\\/\"},\"wordCount\":774,\"publisher\":{\"@id\":\"https:\\\/\\\/diariotextual.com\\\/inicio\\\/#organization\"},\"image\":{\"@id\":\"https:\\\/\\\/diariotextual.com\\\/inicio\\\/index.php\\\/2019\\\/06\\\/19\\\/diputados-pidieron-se-gestione-una-rotonda-acha\\\/#primaryimage\"},\"thumbnailUrl\":\"https:\\\/\\\/diariotextual.com\\\/inicio\\\/wp-content\\\/uploads\\\/2019\\\/06\\\/diputadossesion19-06.jpg\",\"articleSection\":[\"A - QUE PASA (al costado)\",\"POLITICA\"],\"inLanguage\":\"es\"},{\"@type\":\"WebPage\",\"@id\":\"https:\\\/\\\/diariotextual.com\\\/inicio\\\/index.php\\\/2019\\\/06\\\/19\\\/diputados-pidieron-se-gestione-una-rotonda-acha\\\/\",\"url\":\"https:\\\/\\\/diariotextual.com\\\/inicio\\\/index.php\\\/2019\\\/06\\\/19\\\/diputados-pidieron-se-gestione-una-rotonda-acha\\\/\",\"name\":\"Diputados pidieron que se gestione una rotonda en Acha - Diario Textual\",\"isPartOf\":{\"@id\":\"https:\\\/\\\/diariotextual.com\\\/inicio\\\/#website\"},\"primaryImageOfPage\":{\"@id\":\"https:\\\/\\\/diariotextual.com\\\/inicio\\\/index.php\\\/2019\\\/06\\\/19\\\/diputados-pidieron-se-gestione-una-rotonda-acha\\\/#primaryimage\"},\"image\":{\"@id\":\"https:\\\/\\\/diariotextual.com\\\/inicio\\\/index.php\\\/2019\\\/06\\\/19\\\/diputados-pidieron-se-gestione-una-rotonda-acha\\\/#primaryimage\"},\"thumbnailUrl\":\"https:\\\/\\\/diariotextual.com\\\/inicio\\\/wp-content\\\/uploads\\\/2019\\\/06\\\/diputadossesion19-06.jpg\",\"datePublished\":\"2019-06-19T20:29:38+00:00\",\"dateModified\":\"2019-06-20T13:11:22+00:00\",\"breadcrumb\":{\"@id\":\"https:\\\/\\\/diariotextual.com\\\/inicio\\\/index.php\\\/2019\\\/06\\\/19\\\/diputados-pidieron-se-gestione-una-rotonda-acha\\\/#breadcrumb\"},\"inLanguage\":\"es\",\"potentialAction\":[{\"@type\":\"ReadAction\",\"target\":[\"https:\\\/\\\/diariotextual.com\\\/inicio\\\/index.php\\\/2019\\\/06\\\/19\\\/diputados-pidieron-se-gestione-una-rotonda-acha\\\/\"]}]},{\"@type\":\"ImageObject\",\"inLanguage\":\"es\",\"@id\":\"https:\\\/\\\/diariotextual.com\\\/inicio\\\/index.php\\\/2019\\\/06\\\/19\\\/diputados-pidieron-se-gestione-una-rotonda-acha\\\/#primaryimage\",\"url\":\"https:\\\/\\\/diariotextual.com\\\/inicio\\\/wp-content\\\/uploads\\\/2019\\\/06\\\/diputadossesion19-06.jpg\",\"contentUrl\":\"https:\\\/\\\/diariotextual.com\\\/inicio\\\/wp-content\\\/uploads\\\/2019\\\/06\\\/diputadossesion19-06.jpg\",\"width\":700,\"height\":403,\"caption\":\"????????????????????????????????????\"},{\"@type\":\"BreadcrumbList\",\"@id\":\"https:\\\/\\\/diariotextual.com\\\/inicio\\\/index.php\\\/2019\\\/06\\\/19\\\/diputados-pidieron-se-gestione-una-rotonda-acha\\\/#breadcrumb\",\"itemListElement\":[{\"@type\":\"ListItem\",\"position\":1,\"name\":\"Portada\",\"item\":\"https:\\\/\\\/diariotextual.com\\\/inicio\\\/\"},{\"@type\":\"ListItem\",\"position\":2,\"name\":\"Diputados pidieron que se gestione una rotonda en Acha\"}]},{\"@type\":\"WebSite\",\"@id\":\"https:\\\/\\\/diariotextual.com\\\/inicio\\\/#website\",\"url\":\"https:\\\/\\\/diariotextual.com\\\/inicio\\\/\",\"name\":\"Diario Textual\",\"description\":\"\",\"publisher\":{\"@id\":\"https:\\\/\\\/diariotextual.com\\\/inicio\\\/#organization\"},\"potentialAction\":[{\"@type\":\"SearchAction\",\"target\":{\"@type\":\"EntryPoint\",\"urlTemplate\":\"https:\\\/\\\/diariotextual.com\\\/inicio\\\/?s={search_term_string}\"},\"query-input\":{\"@type\":\"PropertyValueSpecification\",\"valueRequired\":true,\"valueName\":\"search_term_string\"}}],\"inLanguage\":\"es\"},{\"@type\":\"Organization\",\"@id\":\"https:\\\/\\\/diariotextual.com\\\/inicio\\\/#organization\",\"name\":\"Diario Textual\",\"url\":\"https:\\\/\\\/diariotextual.com\\\/inicio\\\/\",\"logo\":{\"@type\":\"ImageObject\",\"inLanguage\":\"es\",\"@id\":\"https:\\\/\\\/diariotextual.com\\\/inicio\\\/#\\\/schema\\\/logo\\\/image\\\/\",\"url\":\"https:\\\/\\\/diariotextual.com\\\/inicio\\\/wp-content\\\/uploads\\\/2023\\\/05\\\/logotextual1.jpg\",\"contentUrl\":\"https:\\\/\\\/diariotextual.com\\\/inicio\\\/wp-content\\\/uploads\\\/2023\\\/05\\\/logotextual1.jpg\",\"width\":516,\"height\":76,\"caption\":\"Diario Textual\"},\"image\":{\"@id\":\"https:\\\/\\\/diariotextual.com\\\/inicio\\\/#\\\/schema\\\/logo\\\/image\\\/\"},\"sameAs\":[\"https:\\\/\\\/www.facebook.com\\\/eltextual\",\"https:\\\/\\\/x.com\\\/eltextual\",\"http:\\\/\\\/www.instagram.com\\\/eltextual\"]},{\"@type\":\"Person\",\"@id\":\"https:\\\/\\\/diariotextual.com\\\/inicio\\\/#\\\/schema\\\/person\\\/a1b6f563e0ee944c60f98119389a4d9f\",\"name\":\"diario3\",\"image\":{\"@type\":\"ImageObject\",\"inLanguage\":\"es\",\"@id\":\"https:\\\/\\\/secure.gravatar.com\\\/avatar\\\/5e7ee62c82fc04d9dd79d746a390d93c69c43223e5faeeb3ea9461ef752bfc5d?s=96&d=mm&r=g\",\"url\":\"https:\\\/\\\/secure.gravatar.com\\\/avatar\\\/5e7ee62c82fc04d9dd79d746a390d93c69c43223e5faeeb3ea9461ef752bfc5d?s=96&d=mm&r=g\",\"contentUrl\":\"https:\\\/\\\/secure.gravatar.com\\\/avatar\\\/5e7ee62c82fc04d9dd79d746a390d93c69c43223e5faeeb3ea9461ef752bfc5d?s=96&d=mm&r=g\",\"caption\":\"diario3\"},\"url\":\"https:\\\/\\\/diariotextual.com\\\/inicio\\\/index.php\\\/author\\\/diario3\\\/\"}]}<\/script>\n<!-- \/ Yoast SEO plugin. -->","yoast_head_json":{"title":"Diputados pidieron que se gestione una rotonda en Acha - Diario Textual","robots":{"index":"index","follow":"follow","max-snippet":"max-snippet:-1","max-image-preview":"max-image-preview:large","max-video-preview":"max-video-preview:-1"},"canonical":"https:\/\/diariotextual.com\/inicio\/index.php\/2019\/06\/19\/diputados-pidieron-se-gestione-una-rotonda-acha\/","og_locale":"es_ES","og_type":"article","og_title":"Diputados pidieron que se gestione una rotonda en Acha - Diario Textual","og_description":"Por unanimidad, la C\u00e1mara de Diputados de La Pampa aprob\u00f3 un proyecto de resoluci\u00f3n por el que se dirigen a los legisladores nacionales pampeanos, para que incluyan en el Presupuesto&hellip;","og_url":"https:\/\/diariotextual.com\/inicio\/index.php\/2019\/06\/19\/diputados-pidieron-se-gestione-una-rotonda-acha\/","og_site_name":"Diario Textual","article_publisher":"https:\/\/www.facebook.com\/eltextual","article_published_time":"2019-06-19T20:29:38+00:00","article_modified_time":"2019-06-20T13:11:22+00:00","og_image":[{"width":700,"height":403,"url":"https:\/\/diariotextual.com\/inicio\/wp-content\/uploads\/2019\/06\/diputadossesion19-06.jpg","type":"image\/jpeg"}],"author":"diario3","twitter_card":"summary_large_image","twitter_creator":"@eltextual","twitter_site":"@eltextual","twitter_misc":{"Escrito por":"diario3","Tiempo de lectura":"4 minutos"},"schema":{"@context":"https:\/\/schema.org","@graph":[{"@type":"Article","@id":"https:\/\/diariotextual.com\/inicio\/index.php\/2019\/06\/19\/diputados-pidieron-se-gestione-una-rotonda-acha\/#article","isPartOf":{"@id":"https:\/\/diariotextual.com\/inicio\/index.php\/2019\/06\/19\/diputados-pidieron-se-gestione-una-rotonda-acha\/"},"author":{"name":"diario3","@id":"https:\/\/diariotextual.com\/inicio\/#\/schema\/person\/a1b6f563e0ee944c60f98119389a4d9f"},"headline":"Diputados pidieron que se gestione una rotonda en Acha","datePublished":"2019-06-19T20:29:38+00:00","dateModified":"2019-06-20T13:11:22+00:00","mainEntityOfPage":{"@id":"https:\/\/diariotextual.com\/inicio\/index.php\/2019\/06\/19\/diputados-pidieron-se-gestione-una-rotonda-acha\/"},"wordCount":774,"publisher":{"@id":"https:\/\/diariotextual.com\/inicio\/#organization"},"image":{"@id":"https:\/\/diariotextual.com\/inicio\/index.php\/2019\/06\/19\/diputados-pidieron-se-gestione-una-rotonda-acha\/#primaryimage"},"thumbnailUrl":"https:\/\/diariotextual.com\/inicio\/wp-content\/uploads\/2019\/06\/diputadossesion19-06.jpg","articleSection":["A - QUE PASA (al costado)","POLITICA"],"inLanguage":"es"},{"@type":"WebPage","@id":"https:\/\/diariotextual.com\/inicio\/index.php\/2019\/06\/19\/diputados-pidieron-se-gestione-una-rotonda-acha\/","url":"https:\/\/diariotextual.com\/inicio\/index.php\/2019\/06\/19\/diputados-pidieron-se-gestione-una-rotonda-acha\/","name":"Diputados pidieron que se gestione una rotonda en Acha - Diario Textual","isPartOf":{"@id":"https:\/\/diariotextual.com\/inicio\/#website"},"primaryImageOfPage":{"@id":"https:\/\/diariotextual.com\/inicio\/index.php\/2019\/06\/19\/diputados-pidieron-se-gestione-una-rotonda-acha\/#primaryimage"},"image":{"@id":"https:\/\/diariotextual.com\/inicio\/index.php\/2019\/06\/19\/diputados-pidieron-se-gestione-una-rotonda-acha\/#primaryimage"},"thumbnailUrl":"https:\/\/diariotextual.com\/inicio\/wp-content\/uploads\/2019\/06\/diputadossesion19-06.jpg","datePublished":"2019-06-19T20:29:38+00:00","dateModified":"2019-06-20T13:11:22+00:00","breadcrumb":{"@id":"https:\/\/diariotextual.com\/inicio\/index.php\/2019\/06\/19\/diputados-pidieron-se-gestione-una-rotonda-acha\/#breadcrumb"},"inLanguage":"es","potentialAction":[{"@type":"ReadAction","target":["https:\/\/diariotextual.com\/inicio\/index.php\/2019\/06\/19\/diputados-pidieron-se-gestione-una-rotonda-acha\/"]}]},{"@type":"ImageObject","inLanguage":"es","@id":"https:\/\/diariotextual.com\/inicio\/index.php\/2019\/06\/19\/diputados-pidieron-se-gestione-una-rotonda-acha\/#primaryimage","url":"https:\/\/diariotextual.com\/inicio\/wp-content\/uploads\/2019\/06\/diputadossesion19-06.jpg","contentUrl":"https:\/\/diariotextual.com\/inicio\/wp-content\/uploads\/2019\/06\/diputadossesion19-06.jpg","width":700,"height":403,"caption":"????????????????????????????????????"},{"@type":"BreadcrumbList","@id":"https:\/\/diariotextual.com\/inicio\/index.php\/2019\/06\/19\/diputados-pidieron-se-gestione-una-rotonda-acha\/#breadcrumb","itemListElement":[{"@type":"ListItem","position":1,"name":"Portada","item":"https:\/\/diariotextual.com\/inicio\/"},{"@type":"ListItem","position":2,"name":"Diputados pidieron que se gestione una rotonda en Acha"}]},{"@type":"WebSite","@id":"https:\/\/diariotextual.com\/inicio\/#website","url":"https:\/\/diariotextual.com\/inicio\/","name":"Diario Textual","description":"","publisher":{"@id":"https:\/\/diariotextual.com\/inicio\/#organization"},"potentialAction":[{"@type":"SearchAction","target":{"@type":"EntryPoint","urlTemplate":"https:\/\/diariotextual.com\/inicio\/?s={search_term_string}"},"query-input":{"@type":"PropertyValueSpecification","valueRequired":true,"valueName":"search_term_string"}}],"inLanguage":"es"},{"@type":"Organization","@id":"https:\/\/diariotextual.com\/inicio\/#organization","name":"Diario Textual","url":"https:\/\/diariotextual.com\/inicio\/","logo":{"@type":"ImageObject","inLanguage":"es","@id":"https:\/\/diariotextual.com\/inicio\/#\/schema\/logo\/image\/","url":"https:\/\/diariotextual.com\/inicio\/wp-content\/uploads\/2023\/05\/logotextual1.jpg","contentUrl":"https:\/\/diariotextual.com\/inicio\/wp-content\/uploads\/2023\/05\/logotextual1.jpg","width":516,"height":76,"caption":"Diario Textual"},"image":{"@id":"https:\/\/diariotextual.com\/inicio\/#\/schema\/logo\/image\/"},"sameAs":["https:\/\/www.facebook.com\/eltextual","https:\/\/x.com\/eltextual","http:\/\/www.instagram.com\/eltextual"]},{"@type":"Person","@id":"https:\/\/diariotextual.com\/inicio\/#\/schema\/person\/a1b6f563e0ee944c60f98119389a4d9f","name":"diario3","image":{"@type":"ImageObject","inLanguage":"es","@id":"https:\/\/secure.gravatar.com\/avatar\/5e7ee62c82fc04d9dd79d746a390d93c69c43223e5faeeb3ea9461ef752bfc5d?s=96&d=mm&r=g","url":"https:\/\/secure.gravatar.com\/avatar\/5e7ee62c82fc04d9dd79d746a390d93c69c43223e5faeeb3ea9461ef752bfc5d?s=96&d=mm&r=g","contentUrl":"https:\/\/secure.gravatar.com\/avatar\/5e7ee62c82fc04d9dd79d746a390d93c69c43223e5faeeb3ea9461ef752bfc5d?s=96&d=mm&r=g","caption":"diario3"},"url":"https:\/\/diariotextual.com\/inicio\/index.php\/author\/diario3\/"}]}},"_links":{"self":[{"href":"https:\/\/diariotextual.com\/inicio\/index.php\/wp-json\/wp\/v2\/posts\/52806","targetHints":{"allow":["GET"]}}],"collection":[{"href":"https:\/\/diariotextual.com\/inicio\/index.php\/wp-json\/wp\/v2\/posts"}],"about":[{"href":"https:\/\/diariotextual.com\/inicio\/index.php\/wp-json\/wp\/v2\/types\/post"}],"author":[{"embeddable":true,"href":"https:\/\/diariotextual.com\/inicio\/index.php\/wp-json\/wp\/v2\/users\/5"}],"replies":[{"embeddable":true,"href":"https:\/\/diariotextual.com\/inicio\/index.php\/wp-json\/wp\/v2\/comments?post=52806"}],"version-history":[{"count":5,"href":"https:\/\/diariotextual.com\/inicio\/index.php\/wp-json\/wp\/v2\/posts\/52806\/revisions"}],"predecessor-version":[{"id":52837,"href":"https:\/\/diariotextual.com\/inicio\/index.php\/wp-json\/wp\/v2\/posts\/52806\/revisions\/52837"}],"wp:featuredmedia":[{"embeddable":true,"href":"https:\/\/diariotextual.com\/inicio\/index.php\/wp-json\/wp\/v2\/media\/52807"}],"wp:attachment":[{"href":"https:\/\/diariotextual.com\/inicio\/index.php\/wp-json\/wp\/v2\/media?parent=52806"}],"wp:term":[{"taxonomy":"category","embeddable":true,"href":"https:\/\/diariotextual.com\/inicio\/index.php\/wp-json\/wp\/v2\/categories?post=52806"},{"taxonomy":"post_tag","embeddable":true,"href":"https:\/\/diariotextual.com\/inicio\/index.php\/wp-json\/wp\/v2\/tags?post=52806"}],"curies":[{"name":"wp","href":"https:\/\/api.w.org\/{rel}","templated":true}]}}