{"id":52913,"date":"2019-06-20T17:02:07","date_gmt":"2019-06-20T20:02:07","guid":{"rendered":"http:\/\/diariotextual.com\/inicio\/?p=52913"},"modified":"2019-06-20T23:06:39","modified_gmt":"2019-06-21T02:06:39","slug":"santa-rosa-jura-promesa-la-bandera","status":"publish","type":"post","link":"https:\/\/diariotextual.com\/inicio\/index.php\/2019\/06\/20\/santa-rosa-jura-promesa-la-bandera\/","title":{"rendered":"En Santa Rosa, jura y promesa a la Bandera"},"content":{"rendered":"<p>La Municipalidad de Santa Rosa conmemor\u00f3 el<strong> D\u00eda de la Bandera<\/strong> con un acto y un desfile c\u00edvico militar que se desarroll\u00f3 a partir de las 16 horas frente a la estaci\u00f3n ferrocarril, en Alsina y Pellegrini. De esta manera se record\u00f3 a uno de los padres de la patria, Manuel Belgrano, en un nuevo aniversario de su fallecimiento.<\/p>\n<blockquote class=\"wp-embedded-content\" data-secret=\"MFFoAYFpmV\"><p><a href=\"http:\/\/diariotextual.com\/inicio\/index.php\/2019\/06\/20\/dia-la-bandera-garello-cuestiono-modelo-economico-la-perdida-soberania\/\">D\u00eda de la Bandera: Garello cuestion\u00f3 el modelo econ\u00f3mico y la p\u00e9rdida de soberan\u00eda<\/a><\/p><\/blockquote>\n<p><iframe class=\"wp-embedded-content\" sandbox=\"allow-scripts\" security=\"restricted\" style=\"position: absolute; clip: rect(1px, 1px, 1px, 1px);\" src=\"http:\/\/diariotextual.com\/inicio\/index.php\/2019\/06\/20\/dia-la-bandera-garello-cuestiono-modelo-economico-la-perdida-soberania\/embed\/#?secret=MFFoAYFpmV\" data-secret=\"MFFoAYFpmV\" width=\"600\" height=\"338\" title=\"&#171;D\u00eda de la Bandera: Garello cuestion\u00f3 el modelo econ\u00f3mico y la p\u00e9rdida de soberan\u00eda&#187; &#8212; Diario Textual\" frameborder=\"0\" marginwidth=\"0\" marginheight=\"0\" scrolling=\"no\"><\/iframe><\/p>\n<p>El acto -con la presencia del intendente Leandro Altolaguirre y otras autoridades municipales, escolares, militares y esclesi\u00e1sticas- se inici\u00f3 con la Promesa de Lealtad a la Bandera que efectuaron alumnos de la escuela N\u00b0 97, N\u00b0 242, Adventista y del Instituto Visi\u00f3n Tecnol\u00f3gica.<\/p>\n<p>Las palabras alusivas estuvieron a cargo del juez de Paz de Santa Rosa, Nicol\u00e1s Romano. \u00abConfieso que cuando fui invitado a hablar en este acto, lo primero que me surgi\u00f3 fue pedirle perd\u00f3n a la bandera, quiz\u00e1s por no haber hecho lo suficiente, hay compatriotas que la han pasado mal y\u00a0 no meterme en el barro como deber\u00eda, pero tambi\u00e9n pedirle perd\u00f3n a aquellos que s\u00ed estuvieron en el barro como Manuel Belgrano que muri\u00f3 solo, pobre y sin cortejo f\u00fanebre\u201d, rememor\u00f3.\u00a0\u201cTambi\u00e9n pedirle perd\u00f3n a tantos otros que defendieron la patria, a muchos soldados, recuerdo la ingratitud que hemos tenido con los h\u00e9roes de Malvinas y por 44 personas que hoy est\u00e1n debajo del agua con los cuales tambi\u00e9n hemos sido ingratos\u201d, continu\u00f3 en su discurso.<\/p>\n<p>Finalmente hizo hincapi\u00e9 en los objetivos de Manuel Belgrano. \u201cla necesidad de la uni\u00f3n nacional, la independencia, la libertad; y ustedes saben que en el juramento de la bandera, juramos protegerla de aquellos enemigos externos e internos, hoy Belgrano nos dir\u00eda que nos volvamos a aunar, que volvamos a ser una patria fuerte y con independencia\u201d, finaliz\u00f3.<\/p>\n<p><iframe style=\"border: none; overflow: hidden;\" src=\"https:\/\/www.facebook.com\/plugins\/video.php?href=https%3A%2F%2Fwww.facebook.com%2Feltextual%2Fvideos%2F1268718153286796%2F&amp;show_text=0&amp;width=560\" width=\"560\" height=\"315\" frameborder=\"0\" scrolling=\"no\" allowfullscreen=\"allowfullscreen\" data-mce-fragment=\"1\"><\/iframe><\/p>\n<p>Luego hicieron su Juramento al Pabell\u00f3n Nacional los soldados del Ej\u00e9rcito Argentino. Posteriormente comenz\u00f3 el desfile c\u00edvico militar del que participaron Veteranos de Guerra, Grupo de Scouts, Colectividades, Clubes deportivos, Grupo Sipalki, Crecer Juntos, la Escuadra Ecuestre Pampa M\u00eda, Centros Tradicionalistas y Agrupaciones Gauchas.<\/p>\n<p><iframe style=\"border: none; overflow: hidden;\" src=\"https:\/\/www.facebook.com\/plugins\/video.php?href=https%3A%2F%2Fwww.facebook.com%2Feltextual%2Fvideos%2F889636364704838%2F&amp;show_text=0&amp;width=560\" width=\"560\" height=\"315\" frameborder=\"0\" scrolling=\"no\" allowfullscreen=\"allowfullscreen\" data-mce-fragment=\"1\"><\/iframe><\/p>\n<p>Durante la tarde hubo stands de comidas t\u00edpicas y chocolate caliente para los presentes.<\/p>\n<p><img fetchpriority=\"high\" decoding=\"async\" class=\"alignnone wp-image-52904 size-large\" src=\"http:\/\/diariotextual.com\/inicio\/wp-content\/uploads\/2019\/06\/diadelabanderasantarosa2019-2-1024x700.jpg\" alt=\"\" width=\"1024\" height=\"700\" srcset=\"https:\/\/diariotextual.com\/inicio\/wp-content\/uploads\/2019\/06\/diadelabanderasantarosa2019-2-1024x700.jpg 1024w, https:\/\/diariotextual.com\/inicio\/wp-content\/uploads\/2019\/06\/diadelabanderasantarosa2019-2-300x205.jpg 300w, https:\/\/diariotextual.com\/inicio\/wp-content\/uploads\/2019\/06\/diadelabanderasantarosa2019-2-768x525.jpg 768w, https:\/\/diariotextual.com\/inicio\/wp-content\/uploads\/2019\/06\/diadelabanderasantarosa2019-2-585x400.jpg 585w, https:\/\/diariotextual.com\/inicio\/wp-content\/uploads\/2019\/06\/diadelabanderasantarosa2019-2.jpg 1100w\" sizes=\"(max-width: 1024px) 100vw, 1024px\" \/> <img decoding=\"async\" class=\"alignnone wp-image-52905 size-large\" src=\"http:\/\/diariotextual.com\/inicio\/wp-content\/uploads\/2019\/06\/diadelabanderasantarosa2019-3-1024x686.jpg\" alt=\"\" width=\"1024\" height=\"686\" srcset=\"https:\/\/diariotextual.com\/inicio\/wp-content\/uploads\/2019\/06\/diadelabanderasantarosa2019-3-1024x686.jpg 1024w, https:\/\/diariotextual.com\/inicio\/wp-content\/uploads\/2019\/06\/diadelabanderasantarosa2019-3-300x201.jpg 300w, https:\/\/diariotextual.com\/inicio\/wp-content\/uploads\/2019\/06\/diadelabanderasantarosa2019-3-768x515.jpg 768w, https:\/\/diariotextual.com\/inicio\/wp-content\/uploads\/2019\/06\/diadelabanderasantarosa2019-3-585x392.jpg 585w, https:\/\/diariotextual.com\/inicio\/wp-content\/uploads\/2019\/06\/diadelabanderasantarosa2019-3-263x175.jpg 263w, https:\/\/diariotextual.com\/inicio\/wp-content\/uploads\/2019\/06\/diadelabanderasantarosa2019-3.jpg 1100w\" sizes=\"(max-width: 1024px) 100vw, 1024px\" \/><\/p>\n<p><img decoding=\"async\" class=\"alignnone wp-image-52935 size-large\" src=\"http:\/\/diariotextual.com\/inicio\/wp-content\/uploads\/2019\/06\/diadelabanderasantarosa2019-5-1024x554.jpg\" alt=\"\" width=\"1024\" height=\"554\" srcset=\"https:\/\/diariotextual.com\/inicio\/wp-content\/uploads\/2019\/06\/diadelabanderasantarosa2019-5.jpg 1024w, https:\/\/diariotextual.com\/inicio\/wp-content\/uploads\/2019\/06\/diadelabanderasantarosa2019-5-300x162.jpg 300w, https:\/\/diariotextual.com\/inicio\/wp-content\/uploads\/2019\/06\/diadelabanderasantarosa2019-5-768x416.jpg 768w, https:\/\/diariotextual.com\/inicio\/wp-content\/uploads\/2019\/06\/diadelabanderasantarosa2019-5-585x316.jpg 585w\" sizes=\"(max-width: 1024px) 100vw, 1024px\" \/> <img loading=\"lazy\" decoding=\"async\" class=\"alignnone wp-image-52936 size-large\" src=\"http:\/\/diariotextual.com\/inicio\/wp-content\/uploads\/2019\/06\/diadelabanderasantarosa2019-6-1024x542.jpg\" alt=\"\" width=\"1024\" height=\"542\" srcset=\"https:\/\/diariotextual.com\/inicio\/wp-content\/uploads\/2019\/06\/diadelabanderasantarosa2019-6.jpg 1024w, https:\/\/diariotextual.com\/inicio\/wp-content\/uploads\/2019\/06\/diadelabanderasantarosa2019-6-300x159.jpg 300w, https:\/\/diariotextual.com\/inicio\/wp-content\/uploads\/2019\/06\/diadelabanderasantarosa2019-6-768x407.jpg 768w, https:\/\/diariotextual.com\/inicio\/wp-content\/uploads\/2019\/06\/diadelabanderasantarosa2019-6-585x310.jpg 585w\" sizes=\"(max-width: 1024px) 100vw, 1024px\" \/> <img loading=\"lazy\" decoding=\"async\" class=\"alignnone wp-image-52937 size-large\" src=\"http:\/\/diariotextual.com\/inicio\/wp-content\/uploads\/2019\/06\/diadelabanderasantarosa2019-7-1024x623.jpg\" alt=\"\" width=\"1024\" height=\"623\" srcset=\"https:\/\/diariotextual.com\/inicio\/wp-content\/uploads\/2019\/06\/diadelabanderasantarosa2019-7.jpg 1024w, https:\/\/diariotextual.com\/inicio\/wp-content\/uploads\/2019\/06\/diadelabanderasantarosa2019-7-300x183.jpg 300w, https:\/\/diariotextual.com\/inicio\/wp-content\/uploads\/2019\/06\/diadelabanderasantarosa2019-7-768x467.jpg 768w, https:\/\/diariotextual.com\/inicio\/wp-content\/uploads\/2019\/06\/diadelabanderasantarosa2019-7-585x356.jpg 585w\" sizes=\"(max-width: 1024px) 100vw, 1024px\" \/> <img loading=\"lazy\" decoding=\"async\" class=\"alignnone wp-image-52938 size-large\" src=\"http:\/\/diariotextual.com\/inicio\/wp-content\/uploads\/2019\/06\/diadelabanderasantarosa2019-8-1024x607.jpg\" alt=\"\" width=\"1024\" height=\"607\" srcset=\"https:\/\/diariotextual.com\/inicio\/wp-content\/uploads\/2019\/06\/diadelabanderasantarosa2019-8.jpg 1024w, https:\/\/diariotextual.com\/inicio\/wp-content\/uploads\/2019\/06\/diadelabanderasantarosa2019-8-300x178.jpg 300w, https:\/\/diariotextual.com\/inicio\/wp-content\/uploads\/2019\/06\/diadelabanderasantarosa2019-8-768x455.jpg 768w, https:\/\/diariotextual.com\/inicio\/wp-content\/uploads\/2019\/06\/diadelabanderasantarosa2019-8-585x347.jpg 585w\" sizes=\"(max-width: 1024px) 100vw, 1024px\" \/><\/p>\n<p>&nbsp;<\/p>\n<p>&nbsp;<\/p>\n<p>&nbsp;<\/p>\n","protected":false},"excerpt":{"rendered":"<p>La Municipalidad de Santa Rosa conmemor\u00f3 el D\u00eda de la Bandera con un acto y un desfile c\u00edvico militar que se desarroll\u00f3 a partir de las 16 horas frente a&hellip;<\/p>\n","protected":false},"author":3,"featured_media":52903,"comment_status":"closed","ping_status":"open","sticky":false,"template":"","format":"standard","meta":{"_acf_changed":false,"footnotes":""},"categories":[11,12],"tags":[2037],"class_list":["post-52913","post","type-post","status-publish","format-standard","has-post-thumbnail","hentry","category-que-pasa","category-sociedad","tag-bandera"],"acf":[],"yoast_head":"<!-- This site is optimized with the Yoast SEO plugin v27.5 - https:\/\/yoast.com\/product\/yoast-seo-wordpress\/ -->\n<title>En Santa Rosa, jura y promesa a la Bandera - Diario Textual<\/title>\n<meta name=\"robots\" content=\"index, follow, max-snippet:-1, max-image-preview:large, max-video-preview:-1\" \/>\n<link rel=\"canonical\" href=\"https:\/\/diariotextual.com\/inicio\/index.php\/2019\/06\/20\/santa-rosa-jura-promesa-la-bandera\/\" \/>\n<meta property=\"og:locale\" content=\"es_ES\" \/>\n<meta property=\"og:type\" content=\"article\" \/>\n<meta property=\"og:title\" content=\"En Santa Rosa, jura y promesa a la Bandera - Diario Textual\" \/>\n<meta property=\"og:description\" content=\"La Municipalidad de Santa Rosa conmemor\u00f3 el D\u00eda de la Bandera con un acto y un desfile c\u00edvico militar que se desarroll\u00f3 a partir de las 16 horas frente a&hellip;\" \/>\n<meta property=\"og:url\" content=\"https:\/\/diariotextual.com\/inicio\/index.php\/2019\/06\/20\/santa-rosa-jura-promesa-la-bandera\/\" \/>\n<meta property=\"og:site_name\" content=\"Diario Textual\" \/>\n<meta property=\"article:publisher\" content=\"https:\/\/www.facebook.com\/eltextual\" \/>\n<meta property=\"article:published_time\" content=\"2019-06-20T20:02:07+00:00\" \/>\n<meta property=\"article:modified_time\" content=\"2019-06-21T02:06:39+00:00\" \/>\n<meta property=\"og:image\" content=\"https:\/\/diariotextual.com\/inicio\/wp-content\/uploads\/2019\/06\/diadelabanderasantarosa2019-1.jpg\" \/>\n\t<meta property=\"og:image:width\" content=\"1100\" \/>\n\t<meta property=\"og:image:height\" content=\"748\" \/>\n\t<meta property=\"og:image:type\" content=\"image\/jpeg\" \/>\n<meta name=\"author\" content=\"Diario1 Diario1\" \/>\n<meta name=\"twitter:card\" content=\"summary_large_image\" \/>\n<meta name=\"twitter:creator\" content=\"@eltextual\" \/>\n<meta name=\"twitter:site\" content=\"@eltextual\" \/>\n<meta name=\"twitter:label1\" content=\"Escrito por\" \/>\n\t<meta name=\"twitter:data1\" content=\"Diario1 Diario1\" \/>\n\t<meta name=\"twitter:label2\" content=\"Tiempo de lectura\" \/>\n\t<meta name=\"twitter:data2\" content=\"2 minutos\" \/>\n<script type=\"application\/ld+json\" class=\"yoast-schema-graph\">{\"@context\":\"https:\\\/\\\/schema.org\",\"@graph\":[{\"@type\":\"Article\",\"@id\":\"https:\\\/\\\/diariotextual.com\\\/inicio\\\/index.php\\\/2019\\\/06\\\/20\\\/santa-rosa-jura-promesa-la-bandera\\\/#article\",\"isPartOf\":{\"@id\":\"https:\\\/\\\/diariotextual.com\\\/inicio\\\/index.php\\\/2019\\\/06\\\/20\\\/santa-rosa-jura-promesa-la-bandera\\\/\"},\"author\":{\"name\":\"Diario1 Diario1\",\"@id\":\"https:\\\/\\\/diariotextual.com\\\/inicio\\\/#\\\/schema\\\/person\\\/418fc4093c33e86ed41562db3508f958\"},\"headline\":\"En Santa Rosa, jura y promesa a la Bandera\",\"datePublished\":\"2019-06-20T20:02:07+00:00\",\"dateModified\":\"2019-06-21T02:06:39+00:00\",\"mainEntityOfPage\":{\"@id\":\"https:\\\/\\\/diariotextual.com\\\/inicio\\\/index.php\\\/2019\\\/06\\\/20\\\/santa-rosa-jura-promesa-la-bandera\\\/\"},\"wordCount\":384,\"publisher\":{\"@id\":\"https:\\\/\\\/diariotextual.com\\\/inicio\\\/#organization\"},\"image\":{\"@id\":\"https:\\\/\\\/diariotextual.com\\\/inicio\\\/index.php\\\/2019\\\/06\\\/20\\\/santa-rosa-jura-promesa-la-bandera\\\/#primaryimage\"},\"thumbnailUrl\":\"https:\\\/\\\/diariotextual.com\\\/inicio\\\/wp-content\\\/uploads\\\/2019\\\/06\\\/diadelabanderasantarosa2019-1.jpg\",\"keywords\":[\"bandera\"],\"articleSection\":[\"A - QUE PASA (al costado)\",\"SOCIEDAD\"],\"inLanguage\":\"es\"},{\"@type\":\"WebPage\",\"@id\":\"https:\\\/\\\/diariotextual.com\\\/inicio\\\/index.php\\\/2019\\\/06\\\/20\\\/santa-rosa-jura-promesa-la-bandera\\\/\",\"url\":\"https:\\\/\\\/diariotextual.com\\\/inicio\\\/index.php\\\/2019\\\/06\\\/20\\\/santa-rosa-jura-promesa-la-bandera\\\/\",\"name\":\"En Santa Rosa, jura y promesa a la Bandera - Diario Textual\",\"isPartOf\":{\"@id\":\"https:\\\/\\\/diariotextual.com\\\/inicio\\\/#website\"},\"primaryImageOfPage\":{\"@id\":\"https:\\\/\\\/diariotextual.com\\\/inicio\\\/index.php\\\/2019\\\/06\\\/20\\\/santa-rosa-jura-promesa-la-bandera\\\/#primaryimage\"},\"image\":{\"@id\":\"https:\\\/\\\/diariotextual.com\\\/inicio\\\/index.php\\\/2019\\\/06\\\/20\\\/santa-rosa-jura-promesa-la-bandera\\\/#primaryimage\"},\"thumbnailUrl\":\"https:\\\/\\\/diariotextual.com\\\/inicio\\\/wp-content\\\/uploads\\\/2019\\\/06\\\/diadelabanderasantarosa2019-1.jpg\",\"datePublished\":\"2019-06-20T20:02:07+00:00\",\"dateModified\":\"2019-06-21T02:06:39+00:00\",\"breadcrumb\":{\"@id\":\"https:\\\/\\\/diariotextual.com\\\/inicio\\\/index.php\\\/2019\\\/06\\\/20\\\/santa-rosa-jura-promesa-la-bandera\\\/#breadcrumb\"},\"inLanguage\":\"es\",\"potentialAction\":[{\"@type\":\"ReadAction\",\"target\":[\"https:\\\/\\\/diariotextual.com\\\/inicio\\\/index.php\\\/2019\\\/06\\\/20\\\/santa-rosa-jura-promesa-la-bandera\\\/\"]}]},{\"@type\":\"ImageObject\",\"inLanguage\":\"es\",\"@id\":\"https:\\\/\\\/diariotextual.com\\\/inicio\\\/index.php\\\/2019\\\/06\\\/20\\\/santa-rosa-jura-promesa-la-bandera\\\/#primaryimage\",\"url\":\"https:\\\/\\\/diariotextual.com\\\/inicio\\\/wp-content\\\/uploads\\\/2019\\\/06\\\/diadelabanderasantarosa2019-1.jpg\",\"contentUrl\":\"https:\\\/\\\/diariotextual.com\\\/inicio\\\/wp-content\\\/uploads\\\/2019\\\/06\\\/diadelabanderasantarosa2019-1.jpg\",\"width\":1100,\"height\":748},{\"@type\":\"BreadcrumbList\",\"@id\":\"https:\\\/\\\/diariotextual.com\\\/inicio\\\/index.php\\\/2019\\\/06\\\/20\\\/santa-rosa-jura-promesa-la-bandera\\\/#breadcrumb\",\"itemListElement\":[{\"@type\":\"ListItem\",\"position\":1,\"name\":\"Portada\",\"item\":\"https:\\\/\\\/diariotextual.com\\\/inicio\\\/\"},{\"@type\":\"ListItem\",\"position\":2,\"name\":\"En Santa Rosa, jura y promesa a la Bandera\"}]},{\"@type\":\"WebSite\",\"@id\":\"https:\\\/\\\/diariotextual.com\\\/inicio\\\/#website\",\"url\":\"https:\\\/\\\/diariotextual.com\\\/inicio\\\/\",\"name\":\"Diario Textual\",\"description\":\"\",\"publisher\":{\"@id\":\"https:\\\/\\\/diariotextual.com\\\/inicio\\\/#organization\"},\"potentialAction\":[{\"@type\":\"SearchAction\",\"target\":{\"@type\":\"EntryPoint\",\"urlTemplate\":\"https:\\\/\\\/diariotextual.com\\\/inicio\\\/?s={search_term_string}\"},\"query-input\":{\"@type\":\"PropertyValueSpecification\",\"valueRequired\":true,\"valueName\":\"search_term_string\"}}],\"inLanguage\":\"es\"},{\"@type\":\"Organization\",\"@id\":\"https:\\\/\\\/diariotextual.com\\\/inicio\\\/#organization\",\"name\":\"Diario Textual\",\"url\":\"https:\\\/\\\/diariotextual.com\\\/inicio\\\/\",\"logo\":{\"@type\":\"ImageObject\",\"inLanguage\":\"es\",\"@id\":\"https:\\\/\\\/diariotextual.com\\\/inicio\\\/#\\\/schema\\\/logo\\\/image\\\/\",\"url\":\"https:\\\/\\\/diariotextual.com\\\/inicio\\\/wp-content\\\/uploads\\\/2023\\\/05\\\/logotextual1.jpg\",\"contentUrl\":\"https:\\\/\\\/diariotextual.com\\\/inicio\\\/wp-content\\\/uploads\\\/2023\\\/05\\\/logotextual1.jpg\",\"width\":516,\"height\":76,\"caption\":\"Diario Textual\"},\"image\":{\"@id\":\"https:\\\/\\\/diariotextual.com\\\/inicio\\\/#\\\/schema\\\/logo\\\/image\\\/\"},\"sameAs\":[\"https:\\\/\\\/www.facebook.com\\\/eltextual\",\"https:\\\/\\\/x.com\\\/eltextual\",\"http:\\\/\\\/www.instagram.com\\\/eltextual\"]},{\"@type\":\"Person\",\"@id\":\"https:\\\/\\\/diariotextual.com\\\/inicio\\\/#\\\/schema\\\/person\\\/418fc4093c33e86ed41562db3508f958\",\"name\":\"Diario1 Diario1\",\"image\":{\"@type\":\"ImageObject\",\"inLanguage\":\"es\",\"@id\":\"https:\\\/\\\/secure.gravatar.com\\\/avatar\\\/9167d280179c85bc18be67aa7eda765854300033af4896dd779b608640f2ef7a?s=96&d=mm&r=g\",\"url\":\"https:\\\/\\\/secure.gravatar.com\\\/avatar\\\/9167d280179c85bc18be67aa7eda765854300033af4896dd779b608640f2ef7a?s=96&d=mm&r=g\",\"contentUrl\":\"https:\\\/\\\/secure.gravatar.com\\\/avatar\\\/9167d280179c85bc18be67aa7eda765854300033af4896dd779b608640f2ef7a?s=96&d=mm&r=g\",\"caption\":\"Diario1 Diario1\"},\"url\":\"https:\\\/\\\/diariotextual.com\\\/inicio\\\/index.php\\\/author\\\/diario1\\\/\"}]}<\/script>\n<!-- \/ Yoast SEO plugin. -->","yoast_head_json":{"title":"En Santa Rosa, jura y promesa a la Bandera - Diario Textual","robots":{"index":"index","follow":"follow","max-snippet":"max-snippet:-1","max-image-preview":"max-image-preview:large","max-video-preview":"max-video-preview:-1"},"canonical":"https:\/\/diariotextual.com\/inicio\/index.php\/2019\/06\/20\/santa-rosa-jura-promesa-la-bandera\/","og_locale":"es_ES","og_type":"article","og_title":"En Santa Rosa, jura y promesa a la Bandera - Diario Textual","og_description":"La Municipalidad de Santa Rosa conmemor\u00f3 el D\u00eda de la Bandera con un acto y un desfile c\u00edvico militar que se desarroll\u00f3 a partir de las 16 horas frente a&hellip;","og_url":"https:\/\/diariotextual.com\/inicio\/index.php\/2019\/06\/20\/santa-rosa-jura-promesa-la-bandera\/","og_site_name":"Diario Textual","article_publisher":"https:\/\/www.facebook.com\/eltextual","article_published_time":"2019-06-20T20:02:07+00:00","article_modified_time":"2019-06-21T02:06:39+00:00","og_image":[{"width":1100,"height":748,"url":"https:\/\/diariotextual.com\/inicio\/wp-content\/uploads\/2019\/06\/diadelabanderasantarosa2019-1.jpg","type":"image\/jpeg"}],"author":"Diario1 Diario1","twitter_card":"summary_large_image","twitter_creator":"@eltextual","twitter_site":"@eltextual","twitter_misc":{"Escrito por":"Diario1 Diario1","Tiempo de lectura":"2 minutos"},"schema":{"@context":"https:\/\/schema.org","@graph":[{"@type":"Article","@id":"https:\/\/diariotextual.com\/inicio\/index.php\/2019\/06\/20\/santa-rosa-jura-promesa-la-bandera\/#article","isPartOf":{"@id":"https:\/\/diariotextual.com\/inicio\/index.php\/2019\/06\/20\/santa-rosa-jura-promesa-la-bandera\/"},"author":{"name":"Diario1 Diario1","@id":"https:\/\/diariotextual.com\/inicio\/#\/schema\/person\/418fc4093c33e86ed41562db3508f958"},"headline":"En Santa Rosa, jura y promesa a la Bandera","datePublished":"2019-06-20T20:02:07+00:00","dateModified":"2019-06-21T02:06:39+00:00","mainEntityOfPage":{"@id":"https:\/\/diariotextual.com\/inicio\/index.php\/2019\/06\/20\/santa-rosa-jura-promesa-la-bandera\/"},"wordCount":384,"publisher":{"@id":"https:\/\/diariotextual.com\/inicio\/#organization"},"image":{"@id":"https:\/\/diariotextual.com\/inicio\/index.php\/2019\/06\/20\/santa-rosa-jura-promesa-la-bandera\/#primaryimage"},"thumbnailUrl":"https:\/\/diariotextual.com\/inicio\/wp-content\/uploads\/2019\/06\/diadelabanderasantarosa2019-1.jpg","keywords":["bandera"],"articleSection":["A - QUE PASA (al costado)","SOCIEDAD"],"inLanguage":"es"},{"@type":"WebPage","@id":"https:\/\/diariotextual.com\/inicio\/index.php\/2019\/06\/20\/santa-rosa-jura-promesa-la-bandera\/","url":"https:\/\/diariotextual.com\/inicio\/index.php\/2019\/06\/20\/santa-rosa-jura-promesa-la-bandera\/","name":"En Santa Rosa, jura y promesa a la Bandera - Diario Textual","isPartOf":{"@id":"https:\/\/diariotextual.com\/inicio\/#website"},"primaryImageOfPage":{"@id":"https:\/\/diariotextual.com\/inicio\/index.php\/2019\/06\/20\/santa-rosa-jura-promesa-la-bandera\/#primaryimage"},"image":{"@id":"https:\/\/diariotextual.com\/inicio\/index.php\/2019\/06\/20\/santa-rosa-jura-promesa-la-bandera\/#primaryimage"},"thumbnailUrl":"https:\/\/diariotextual.com\/inicio\/wp-content\/uploads\/2019\/06\/diadelabanderasantarosa2019-1.jpg","datePublished":"2019-06-20T20:02:07+00:00","dateModified":"2019-06-21T02:06:39+00:00","breadcrumb":{"@id":"https:\/\/diariotextual.com\/inicio\/index.php\/2019\/06\/20\/santa-rosa-jura-promesa-la-bandera\/#breadcrumb"},"inLanguage":"es","potentialAction":[{"@type":"ReadAction","target":["https:\/\/diariotextual.com\/inicio\/index.php\/2019\/06\/20\/santa-rosa-jura-promesa-la-bandera\/"]}]},{"@type":"ImageObject","inLanguage":"es","@id":"https:\/\/diariotextual.com\/inicio\/index.php\/2019\/06\/20\/santa-rosa-jura-promesa-la-bandera\/#primaryimage","url":"https:\/\/diariotextual.com\/inicio\/wp-content\/uploads\/2019\/06\/diadelabanderasantarosa2019-1.jpg","contentUrl":"https:\/\/diariotextual.com\/inicio\/wp-content\/uploads\/2019\/06\/diadelabanderasantarosa2019-1.jpg","width":1100,"height":748},{"@type":"BreadcrumbList","@id":"https:\/\/diariotextual.com\/inicio\/index.php\/2019\/06\/20\/santa-rosa-jura-promesa-la-bandera\/#breadcrumb","itemListElement":[{"@type":"ListItem","position":1,"name":"Portada","item":"https:\/\/diariotextual.com\/inicio\/"},{"@type":"ListItem","position":2,"name":"En Santa Rosa, jura y promesa a la Bandera"}]},{"@type":"WebSite","@id":"https:\/\/diariotextual.com\/inicio\/#website","url":"https:\/\/diariotextual.com\/inicio\/","name":"Diario Textual","description":"","publisher":{"@id":"https:\/\/diariotextual.com\/inicio\/#organization"},"potentialAction":[{"@type":"SearchAction","target":{"@type":"EntryPoint","urlTemplate":"https:\/\/diariotextual.com\/inicio\/?s={search_term_string}"},"query-input":{"@type":"PropertyValueSpecification","valueRequired":true,"valueName":"search_term_string"}}],"inLanguage":"es"},{"@type":"Organization","@id":"https:\/\/diariotextual.com\/inicio\/#organization","name":"Diario Textual","url":"https:\/\/diariotextual.com\/inicio\/","logo":{"@type":"ImageObject","inLanguage":"es","@id":"https:\/\/diariotextual.com\/inicio\/#\/schema\/logo\/image\/","url":"https:\/\/diariotextual.com\/inicio\/wp-content\/uploads\/2023\/05\/logotextual1.jpg","contentUrl":"https:\/\/diariotextual.com\/inicio\/wp-content\/uploads\/2023\/05\/logotextual1.jpg","width":516,"height":76,"caption":"Diario Textual"},"image":{"@id":"https:\/\/diariotextual.com\/inicio\/#\/schema\/logo\/image\/"},"sameAs":["https:\/\/www.facebook.com\/eltextual","https:\/\/x.com\/eltextual","http:\/\/www.instagram.com\/eltextual"]},{"@type":"Person","@id":"https:\/\/diariotextual.com\/inicio\/#\/schema\/person\/418fc4093c33e86ed41562db3508f958","name":"Diario1 Diario1","image":{"@type":"ImageObject","inLanguage":"es","@id":"https:\/\/secure.gravatar.com\/avatar\/9167d280179c85bc18be67aa7eda765854300033af4896dd779b608640f2ef7a?s=96&d=mm&r=g","url":"https:\/\/secure.gravatar.com\/avatar\/9167d280179c85bc18be67aa7eda765854300033af4896dd779b608640f2ef7a?s=96&d=mm&r=g","contentUrl":"https:\/\/secure.gravatar.com\/avatar\/9167d280179c85bc18be67aa7eda765854300033af4896dd779b608640f2ef7a?s=96&d=mm&r=g","caption":"Diario1 Diario1"},"url":"https:\/\/diariotextual.com\/inicio\/index.php\/author\/diario1\/"}]}},"_links":{"self":[{"href":"https:\/\/diariotextual.com\/inicio\/index.php\/wp-json\/wp\/v2\/posts\/52913","targetHints":{"allow":["GET"]}}],"collection":[{"href":"https:\/\/diariotextual.com\/inicio\/index.php\/wp-json\/wp\/v2\/posts"}],"about":[{"href":"https:\/\/diariotextual.com\/inicio\/index.php\/wp-json\/wp\/v2\/types\/post"}],"author":[{"embeddable":true,"href":"https:\/\/diariotextual.com\/inicio\/index.php\/wp-json\/wp\/v2\/users\/3"}],"replies":[{"embeddable":true,"href":"https:\/\/diariotextual.com\/inicio\/index.php\/wp-json\/wp\/v2\/comments?post=52913"}],"version-history":[{"count":5,"href":"https:\/\/diariotextual.com\/inicio\/index.php\/wp-json\/wp\/v2\/posts\/52913\/revisions"}],"predecessor-version":[{"id":52941,"href":"https:\/\/diariotextual.com\/inicio\/index.php\/wp-json\/wp\/v2\/posts\/52913\/revisions\/52941"}],"wp:featuredmedia":[{"embeddable":true,"href":"https:\/\/diariotextual.com\/inicio\/index.php\/wp-json\/wp\/v2\/media\/52903"}],"wp:attachment":[{"href":"https:\/\/diariotextual.com\/inicio\/index.php\/wp-json\/wp\/v2\/media?parent=52913"}],"wp:term":[{"taxonomy":"category","embeddable":true,"href":"https:\/\/diariotextual.com\/inicio\/index.php\/wp-json\/wp\/v2\/categories?post=52913"},{"taxonomy":"post_tag","embeddable":true,"href":"https:\/\/diariotextual.com\/inicio\/index.php\/wp-json\/wp\/v2\/tags?post=52913"}],"curies":[{"name":"wp","href":"https:\/\/api.w.org\/{rel}","templated":true}]}}