{"id":53037,"date":"2019-06-21T12:31:59","date_gmt":"2019-06-21T15:31:59","guid":{"rendered":"http:\/\/diariotextual.com\/inicio\/?p=53037"},"modified":"2019-06-22T09:20:19","modified_gmt":"2019-06-22T12:20:19","slug":"trump-explico-los-motivos-los-cuales-freno-ataque-iran-diez-minutos","status":"publish","type":"post","link":"https:\/\/diariotextual.com\/inicio\/index.php\/2019\/06\/21\/trump-explico-los-motivos-los-cuales-freno-ataque-iran-diez-minutos\/","title":{"rendered":"Trump explic\u00f3 los motivos por los cuales fren\u00f3 el ataque a Ir\u00e1n"},"content":{"rendered":"<p>El presidente de los Estados Unidos, <strong>Donald Trump, detall\u00f3 los motivos por los cuales detuvo el ataque a Ir\u00e1n a escasos diez minutos antes de que se concretara.<\/strong><\/p>\n<p><strong>\u00abPregunt\u00e9 cu\u00e1nta gente pod\u00eda morir. &#8216;150, se\u00f1or&#8217; me dijo un general<\/strong>. Lo par\u00e9 10 minutos antes del ataque porque no me pareci\u00f3 proporcional en represalia por derribar un dron no tripulado\u00bb, explic\u00f3 Donald Trump\u00a0en su cuenta de Twitter.<\/p>\n<p>As\u00ed explic\u00f3 el mandatario norteamericano\u00a0por qu\u00e9 habiendo aprobado un ataque selectivo contra Ir\u00e1n en respuesta al derribo de un dron estadounidense decidi\u00f3 cancelarlo minutos antes\u00a0de que el Pent\u00e1gono la ejecutase.<\/p>\n<p>\u00abNo tengo prisa, nuestro ej\u00e9rcito est\u00e1 reconstruido y listo para actuar. Las sanciones est\u00e1n golpeando fuerte y a\u00f1adimos m\u00e1s anoche. Ir\u00e1n nunca tendr\u00e1 el arma nuclear, ni contra EEUU ni contra el mundo\u00bb, agreg\u00f3.<\/p>\n<blockquote class=\"twitter-tweet\" data-lang=\"es\">\n<p dir=\"ltr\" lang=\"en\">&#8230;.On Monday they shot down an unmanned drone flying in International Waters. We were cocked &amp; loaded to retaliate last night on 3 different sights when I asked, how many will die. 150 people, sir, was the answer from a General. 10 minutes before the strike I stopped it, not&#8230;.<\/p>\n<p>\u2014 Donald J. Trump (@realDonaldTrump) <a href=\"https:\/\/twitter.com\/realDonaldTrump\/status\/1142055388965212161?ref_src=twsrc%5Etfw\">21 de junio de 2019<\/a><\/p><\/blockquote>\n<p><script async src=\"https:\/\/platform.twitter.com\/widgets.js\" charset=\"utf-8\"><\/script><\/p>\n<p>Trump hab\u00eda\u00a0aprobado ataques selectivos contra varios objetivos iran\u00edes, como radares o bater\u00edas de misiles, indicaron funcionarios citados por el rotativo.\u00a0El operativo ya estaba en marcha: los aviones estaban en el aire y los buques en posici\u00f3n, cuando la misi\u00f3n qued\u00f3 suspendida antes de que se disparase misil algunos.<\/p>\n<p>El ataque era la respuesta norteamericana a las acciones de Teher\u00e1n, que a primeras horas de este jueves abati\u00f3 un drone de la Armada de EEUU\u00a0cuando, asegura Teher\u00e1n, entr\u00f3 en su espacio a\u00e9reo para tareas de vigilancia, pero, seg\u00fan el Pent\u00e1gono, el aparato se encontraba en misi\u00f3n de reconocimiento sobre aguas internacionales.<\/p>\n<blockquote class=\"wp-embedded-content\" data-secret=\"qAyc3fMSO9\"><p><a href=\"http:\/\/diariotextual.com\/inicio\/index.php\/2019\/06\/21\/iran-desmiente-haber-recibido-mensaje-trump-ataque-inminente\/\">Ir\u00e1n desmiente haber recibido un mensaje de Trump sobre un ataque inminente<\/a><\/p><\/blockquote>\n<p><iframe class=\"wp-embedded-content\" sandbox=\"allow-scripts\" security=\"restricted\" style=\"position: absolute; clip: rect(1px, 1px, 1px, 1px);\" src=\"http:\/\/diariotextual.com\/inicio\/index.php\/2019\/06\/21\/iran-desmiente-haber-recibido-mensaje-trump-ataque-inminente\/embed\/#?secret=qAyc3fMSO9\" data-secret=\"qAyc3fMSO9\" width=\"600\" height=\"338\" title=\"&#171;Ir\u00e1n desmiente haber recibido un mensaje de Trump sobre un ataque inminente&#187; &#8212; Diario Textual\" frameborder=\"0\" marginwidth=\"0\" marginheight=\"0\" scrolling=\"no\"><\/iframe><\/p>\n","protected":false},"excerpt":{"rendered":"<p>El presidente de los Estados Unidos, Donald Trump, detall\u00f3 los motivos por los cuales detuvo el ataque a Ir\u00e1n a escasos diez minutos antes de que se concretara. \u00abPregunt\u00e9 cu\u00e1nta&hellip;<\/p>\n","protected":false},"author":4,"featured_media":53039,"comment_status":"closed","ping_status":"open","sticky":false,"template":"","format":"standard","meta":{"_acf_changed":false,"footnotes":""},"categories":[319,7],"tags":[],"class_list":["post-53037","post","type-post","status-publish","format-standard","has-post-thumbnail","hentry","category-a-temporales","category-mundo"],"acf":[],"yoast_head":"<!-- This site is optimized with the Yoast SEO plugin v27.4 - https:\/\/yoast.com\/product\/yoast-seo-wordpress\/ -->\n<title>Trump explic\u00f3 los motivos por los cuales fren\u00f3 el ataque a Ir\u00e1n - Diario Textual<\/title>\n<meta name=\"robots\" content=\"index, follow, max-snippet:-1, max-image-preview:large, max-video-preview:-1\" \/>\n<link rel=\"canonical\" href=\"https:\/\/diariotextual.com\/inicio\/index.php\/2019\/06\/21\/trump-explico-los-motivos-los-cuales-freno-ataque-iran-diez-minutos\/\" \/>\n<meta property=\"og:locale\" content=\"es_ES\" \/>\n<meta property=\"og:type\" content=\"article\" \/>\n<meta property=\"og:title\" content=\"Trump explic\u00f3 los motivos por los cuales fren\u00f3 el ataque a Ir\u00e1n - Diario Textual\" \/>\n<meta property=\"og:description\" content=\"El presidente de los Estados Unidos, Donald Trump, detall\u00f3 los motivos por los cuales detuvo el ataque a Ir\u00e1n a escasos diez minutos antes de que se concretara. \u00abPregunt\u00e9 cu\u00e1nta&hellip;\" \/>\n<meta property=\"og:url\" content=\"https:\/\/diariotextual.com\/inicio\/index.php\/2019\/06\/21\/trump-explico-los-motivos-los-cuales-freno-ataque-iran-diez-minutos\/\" \/>\n<meta property=\"og:site_name\" content=\"Diario Textual\" \/>\n<meta property=\"article:publisher\" content=\"https:\/\/www.facebook.com\/eltextual\" \/>\n<meta property=\"article:published_time\" content=\"2019-06-21T15:31:59+00:00\" \/>\n<meta property=\"article:modified_time\" content=\"2019-06-22T12:20:19+00:00\" \/>\n<meta property=\"og:image\" content=\"https:\/\/diariotextual.com\/inicio\/wp-content\/uploads\/2019\/06\/trumpdonaldpresidenteeu.jpg\" \/>\n\t<meta property=\"og:image:width\" content=\"703\" \/>\n\t<meta property=\"og:image:height\" content=\"405\" \/>\n\t<meta property=\"og:image:type\" content=\"image\/jpeg\" \/>\n<meta name=\"author\" content=\"diario2\" \/>\n<meta name=\"twitter:card\" content=\"summary_large_image\" \/>\n<meta name=\"twitter:creator\" content=\"@eltextual\" \/>\n<meta name=\"twitter:site\" content=\"@eltextual\" \/>\n<meta name=\"twitter:label1\" content=\"Escrito por\" \/>\n\t<meta name=\"twitter:data1\" content=\"diario2\" \/>\n\t<meta name=\"twitter:label2\" content=\"Tiempo de lectura\" \/>\n\t<meta name=\"twitter:data2\" content=\"2 minutos\" \/>\n<script type=\"application\/ld+json\" class=\"yoast-schema-graph\">{\"@context\":\"https:\\\/\\\/schema.org\",\"@graph\":[{\"@type\":\"Article\",\"@id\":\"https:\\\/\\\/diariotextual.com\\\/inicio\\\/index.php\\\/2019\\\/06\\\/21\\\/trump-explico-los-motivos-los-cuales-freno-ataque-iran-diez-minutos\\\/#article\",\"isPartOf\":{\"@id\":\"https:\\\/\\\/diariotextual.com\\\/inicio\\\/index.php\\\/2019\\\/06\\\/21\\\/trump-explico-los-motivos-los-cuales-freno-ataque-iran-diez-minutos\\\/\"},\"author\":{\"name\":\"diario2\",\"@id\":\"https:\\\/\\\/diariotextual.com\\\/inicio\\\/#\\\/schema\\\/person\\\/694f60677f23c4a530867a98f22b3768\"},\"headline\":\"Trump explic\u00f3 los motivos por los cuales fren\u00f3 el ataque a Ir\u00e1n\",\"datePublished\":\"2019-06-21T15:31:59+00:00\",\"dateModified\":\"2019-06-22T12:20:19+00:00\",\"mainEntityOfPage\":{\"@id\":\"https:\\\/\\\/diariotextual.com\\\/inicio\\\/index.php\\\/2019\\\/06\\\/21\\\/trump-explico-los-motivos-los-cuales-freno-ataque-iran-diez-minutos\\\/\"},\"wordCount\":331,\"publisher\":{\"@id\":\"https:\\\/\\\/diariotextual.com\\\/inicio\\\/#organization\"},\"image\":{\"@id\":\"https:\\\/\\\/diariotextual.com\\\/inicio\\\/index.php\\\/2019\\\/06\\\/21\\\/trump-explico-los-motivos-los-cuales-freno-ataque-iran-diez-minutos\\\/#primaryimage\"},\"thumbnailUrl\":\"https:\\\/\\\/diariotextual.com\\\/inicio\\\/wp-content\\\/uploads\\\/2019\\\/06\\\/trumpdonaldpresidenteeu.jpg\",\"articleSection\":[\"A - TEMPORALES\",\"MUNDO\"],\"inLanguage\":\"es\"},{\"@type\":\"WebPage\",\"@id\":\"https:\\\/\\\/diariotextual.com\\\/inicio\\\/index.php\\\/2019\\\/06\\\/21\\\/trump-explico-los-motivos-los-cuales-freno-ataque-iran-diez-minutos\\\/\",\"url\":\"https:\\\/\\\/diariotextual.com\\\/inicio\\\/index.php\\\/2019\\\/06\\\/21\\\/trump-explico-los-motivos-los-cuales-freno-ataque-iran-diez-minutos\\\/\",\"name\":\"Trump explic\u00f3 los motivos por los cuales fren\u00f3 el ataque a Ir\u00e1n - Diario Textual\",\"isPartOf\":{\"@id\":\"https:\\\/\\\/diariotextual.com\\\/inicio\\\/#website\"},\"primaryImageOfPage\":{\"@id\":\"https:\\\/\\\/diariotextual.com\\\/inicio\\\/index.php\\\/2019\\\/06\\\/21\\\/trump-explico-los-motivos-los-cuales-freno-ataque-iran-diez-minutos\\\/#primaryimage\"},\"image\":{\"@id\":\"https:\\\/\\\/diariotextual.com\\\/inicio\\\/index.php\\\/2019\\\/06\\\/21\\\/trump-explico-los-motivos-los-cuales-freno-ataque-iran-diez-minutos\\\/#primaryimage\"},\"thumbnailUrl\":\"https:\\\/\\\/diariotextual.com\\\/inicio\\\/wp-content\\\/uploads\\\/2019\\\/06\\\/trumpdonaldpresidenteeu.jpg\",\"datePublished\":\"2019-06-21T15:31:59+00:00\",\"dateModified\":\"2019-06-22T12:20:19+00:00\",\"breadcrumb\":{\"@id\":\"https:\\\/\\\/diariotextual.com\\\/inicio\\\/index.php\\\/2019\\\/06\\\/21\\\/trump-explico-los-motivos-los-cuales-freno-ataque-iran-diez-minutos\\\/#breadcrumb\"},\"inLanguage\":\"es\",\"potentialAction\":[{\"@type\":\"ReadAction\",\"target\":[\"https:\\\/\\\/diariotextual.com\\\/inicio\\\/index.php\\\/2019\\\/06\\\/21\\\/trump-explico-los-motivos-los-cuales-freno-ataque-iran-diez-minutos\\\/\"]}]},{\"@type\":\"ImageObject\",\"inLanguage\":\"es\",\"@id\":\"https:\\\/\\\/diariotextual.com\\\/inicio\\\/index.php\\\/2019\\\/06\\\/21\\\/trump-explico-los-motivos-los-cuales-freno-ataque-iran-diez-minutos\\\/#primaryimage\",\"url\":\"https:\\\/\\\/diariotextual.com\\\/inicio\\\/wp-content\\\/uploads\\\/2019\\\/06\\\/trumpdonaldpresidenteeu.jpg\",\"contentUrl\":\"https:\\\/\\\/diariotextual.com\\\/inicio\\\/wp-content\\\/uploads\\\/2019\\\/06\\\/trumpdonaldpresidenteeu.jpg\",\"width\":703,\"height\":405},{\"@type\":\"BreadcrumbList\",\"@id\":\"https:\\\/\\\/diariotextual.com\\\/inicio\\\/index.php\\\/2019\\\/06\\\/21\\\/trump-explico-los-motivos-los-cuales-freno-ataque-iran-diez-minutos\\\/#breadcrumb\",\"itemListElement\":[{\"@type\":\"ListItem\",\"position\":1,\"name\":\"Portada\",\"item\":\"https:\\\/\\\/diariotextual.com\\\/inicio\\\/\"},{\"@type\":\"ListItem\",\"position\":2,\"name\":\"Trump explic\u00f3 los motivos por los cuales fren\u00f3 el ataque a Ir\u00e1n\"}]},{\"@type\":\"WebSite\",\"@id\":\"https:\\\/\\\/diariotextual.com\\\/inicio\\\/#website\",\"url\":\"https:\\\/\\\/diariotextual.com\\\/inicio\\\/\",\"name\":\"Diario Textual\",\"description\":\"\",\"publisher\":{\"@id\":\"https:\\\/\\\/diariotextual.com\\\/inicio\\\/#organization\"},\"potentialAction\":[{\"@type\":\"SearchAction\",\"target\":{\"@type\":\"EntryPoint\",\"urlTemplate\":\"https:\\\/\\\/diariotextual.com\\\/inicio\\\/?s={search_term_string}\"},\"query-input\":{\"@type\":\"PropertyValueSpecification\",\"valueRequired\":true,\"valueName\":\"search_term_string\"}}],\"inLanguage\":\"es\"},{\"@type\":\"Organization\",\"@id\":\"https:\\\/\\\/diariotextual.com\\\/inicio\\\/#organization\",\"name\":\"Diario Textual\",\"url\":\"https:\\\/\\\/diariotextual.com\\\/inicio\\\/\",\"logo\":{\"@type\":\"ImageObject\",\"inLanguage\":\"es\",\"@id\":\"https:\\\/\\\/diariotextual.com\\\/inicio\\\/#\\\/schema\\\/logo\\\/image\\\/\",\"url\":\"https:\\\/\\\/diariotextual.com\\\/inicio\\\/wp-content\\\/uploads\\\/2023\\\/05\\\/logotextual1.jpg\",\"contentUrl\":\"https:\\\/\\\/diariotextual.com\\\/inicio\\\/wp-content\\\/uploads\\\/2023\\\/05\\\/logotextual1.jpg\",\"width\":516,\"height\":76,\"caption\":\"Diario Textual\"},\"image\":{\"@id\":\"https:\\\/\\\/diariotextual.com\\\/inicio\\\/#\\\/schema\\\/logo\\\/image\\\/\"},\"sameAs\":[\"https:\\\/\\\/www.facebook.com\\\/eltextual\",\"https:\\\/\\\/x.com\\\/eltextual\",\"http:\\\/\\\/www.instagram.com\\\/eltextual\"]},{\"@type\":\"Person\",\"@id\":\"https:\\\/\\\/diariotextual.com\\\/inicio\\\/#\\\/schema\\\/person\\\/694f60677f23c4a530867a98f22b3768\",\"name\":\"diario2\",\"image\":{\"@type\":\"ImageObject\",\"inLanguage\":\"es\",\"@id\":\"https:\\\/\\\/secure.gravatar.com\\\/avatar\\\/5a2567495ba16b852fcd8f1ed006a2e24fcace936018ed8237e95f488ad6e0a7?s=96&d=mm&r=g\",\"url\":\"https:\\\/\\\/secure.gravatar.com\\\/avatar\\\/5a2567495ba16b852fcd8f1ed006a2e24fcace936018ed8237e95f488ad6e0a7?s=96&d=mm&r=g\",\"contentUrl\":\"https:\\\/\\\/secure.gravatar.com\\\/avatar\\\/5a2567495ba16b852fcd8f1ed006a2e24fcace936018ed8237e95f488ad6e0a7?s=96&d=mm&r=g\",\"caption\":\"diario2\"},\"url\":\"https:\\\/\\\/diariotextual.com\\\/inicio\\\/index.php\\\/author\\\/diario2\\\/\"}]}<\/script>\n<!-- \/ Yoast SEO plugin. -->","yoast_head_json":{"title":"Trump explic\u00f3 los motivos por los cuales fren\u00f3 el ataque a Ir\u00e1n - Diario Textual","robots":{"index":"index","follow":"follow","max-snippet":"max-snippet:-1","max-image-preview":"max-image-preview:large","max-video-preview":"max-video-preview:-1"},"canonical":"https:\/\/diariotextual.com\/inicio\/index.php\/2019\/06\/21\/trump-explico-los-motivos-los-cuales-freno-ataque-iran-diez-minutos\/","og_locale":"es_ES","og_type":"article","og_title":"Trump explic\u00f3 los motivos por los cuales fren\u00f3 el ataque a Ir\u00e1n - Diario Textual","og_description":"El presidente de los Estados Unidos, Donald Trump, detall\u00f3 los motivos por los cuales detuvo el ataque a Ir\u00e1n a escasos diez minutos antes de que se concretara. \u00abPregunt\u00e9 cu\u00e1nta&hellip;","og_url":"https:\/\/diariotextual.com\/inicio\/index.php\/2019\/06\/21\/trump-explico-los-motivos-los-cuales-freno-ataque-iran-diez-minutos\/","og_site_name":"Diario Textual","article_publisher":"https:\/\/www.facebook.com\/eltextual","article_published_time":"2019-06-21T15:31:59+00:00","article_modified_time":"2019-06-22T12:20:19+00:00","og_image":[{"width":703,"height":405,"url":"https:\/\/diariotextual.com\/inicio\/wp-content\/uploads\/2019\/06\/trumpdonaldpresidenteeu.jpg","type":"image\/jpeg"}],"author":"diario2","twitter_card":"summary_large_image","twitter_creator":"@eltextual","twitter_site":"@eltextual","twitter_misc":{"Escrito por":"diario2","Tiempo de lectura":"2 minutos"},"schema":{"@context":"https:\/\/schema.org","@graph":[{"@type":"Article","@id":"https:\/\/diariotextual.com\/inicio\/index.php\/2019\/06\/21\/trump-explico-los-motivos-los-cuales-freno-ataque-iran-diez-minutos\/#article","isPartOf":{"@id":"https:\/\/diariotextual.com\/inicio\/index.php\/2019\/06\/21\/trump-explico-los-motivos-los-cuales-freno-ataque-iran-diez-minutos\/"},"author":{"name":"diario2","@id":"https:\/\/diariotextual.com\/inicio\/#\/schema\/person\/694f60677f23c4a530867a98f22b3768"},"headline":"Trump explic\u00f3 los motivos por los cuales fren\u00f3 el ataque a Ir\u00e1n","datePublished":"2019-06-21T15:31:59+00:00","dateModified":"2019-06-22T12:20:19+00:00","mainEntityOfPage":{"@id":"https:\/\/diariotextual.com\/inicio\/index.php\/2019\/06\/21\/trump-explico-los-motivos-los-cuales-freno-ataque-iran-diez-minutos\/"},"wordCount":331,"publisher":{"@id":"https:\/\/diariotextual.com\/inicio\/#organization"},"image":{"@id":"https:\/\/diariotextual.com\/inicio\/index.php\/2019\/06\/21\/trump-explico-los-motivos-los-cuales-freno-ataque-iran-diez-minutos\/#primaryimage"},"thumbnailUrl":"https:\/\/diariotextual.com\/inicio\/wp-content\/uploads\/2019\/06\/trumpdonaldpresidenteeu.jpg","articleSection":["A - TEMPORALES","MUNDO"],"inLanguage":"es"},{"@type":"WebPage","@id":"https:\/\/diariotextual.com\/inicio\/index.php\/2019\/06\/21\/trump-explico-los-motivos-los-cuales-freno-ataque-iran-diez-minutos\/","url":"https:\/\/diariotextual.com\/inicio\/index.php\/2019\/06\/21\/trump-explico-los-motivos-los-cuales-freno-ataque-iran-diez-minutos\/","name":"Trump explic\u00f3 los motivos por los cuales fren\u00f3 el ataque a Ir\u00e1n - Diario Textual","isPartOf":{"@id":"https:\/\/diariotextual.com\/inicio\/#website"},"primaryImageOfPage":{"@id":"https:\/\/diariotextual.com\/inicio\/index.php\/2019\/06\/21\/trump-explico-los-motivos-los-cuales-freno-ataque-iran-diez-minutos\/#primaryimage"},"image":{"@id":"https:\/\/diariotextual.com\/inicio\/index.php\/2019\/06\/21\/trump-explico-los-motivos-los-cuales-freno-ataque-iran-diez-minutos\/#primaryimage"},"thumbnailUrl":"https:\/\/diariotextual.com\/inicio\/wp-content\/uploads\/2019\/06\/trumpdonaldpresidenteeu.jpg","datePublished":"2019-06-21T15:31:59+00:00","dateModified":"2019-06-22T12:20:19+00:00","breadcrumb":{"@id":"https:\/\/diariotextual.com\/inicio\/index.php\/2019\/06\/21\/trump-explico-los-motivos-los-cuales-freno-ataque-iran-diez-minutos\/#breadcrumb"},"inLanguage":"es","potentialAction":[{"@type":"ReadAction","target":["https:\/\/diariotextual.com\/inicio\/index.php\/2019\/06\/21\/trump-explico-los-motivos-los-cuales-freno-ataque-iran-diez-minutos\/"]}]},{"@type":"ImageObject","inLanguage":"es","@id":"https:\/\/diariotextual.com\/inicio\/index.php\/2019\/06\/21\/trump-explico-los-motivos-los-cuales-freno-ataque-iran-diez-minutos\/#primaryimage","url":"https:\/\/diariotextual.com\/inicio\/wp-content\/uploads\/2019\/06\/trumpdonaldpresidenteeu.jpg","contentUrl":"https:\/\/diariotextual.com\/inicio\/wp-content\/uploads\/2019\/06\/trumpdonaldpresidenteeu.jpg","width":703,"height":405},{"@type":"BreadcrumbList","@id":"https:\/\/diariotextual.com\/inicio\/index.php\/2019\/06\/21\/trump-explico-los-motivos-los-cuales-freno-ataque-iran-diez-minutos\/#breadcrumb","itemListElement":[{"@type":"ListItem","position":1,"name":"Portada","item":"https:\/\/diariotextual.com\/inicio\/"},{"@type":"ListItem","position":2,"name":"Trump explic\u00f3 los motivos por los cuales fren\u00f3 el ataque a Ir\u00e1n"}]},{"@type":"WebSite","@id":"https:\/\/diariotextual.com\/inicio\/#website","url":"https:\/\/diariotextual.com\/inicio\/","name":"Diario Textual","description":"","publisher":{"@id":"https:\/\/diariotextual.com\/inicio\/#organization"},"potentialAction":[{"@type":"SearchAction","target":{"@type":"EntryPoint","urlTemplate":"https:\/\/diariotextual.com\/inicio\/?s={search_term_string}"},"query-input":{"@type":"PropertyValueSpecification","valueRequired":true,"valueName":"search_term_string"}}],"inLanguage":"es"},{"@type":"Organization","@id":"https:\/\/diariotextual.com\/inicio\/#organization","name":"Diario Textual","url":"https:\/\/diariotextual.com\/inicio\/","logo":{"@type":"ImageObject","inLanguage":"es","@id":"https:\/\/diariotextual.com\/inicio\/#\/schema\/logo\/image\/","url":"https:\/\/diariotextual.com\/inicio\/wp-content\/uploads\/2023\/05\/logotextual1.jpg","contentUrl":"https:\/\/diariotextual.com\/inicio\/wp-content\/uploads\/2023\/05\/logotextual1.jpg","width":516,"height":76,"caption":"Diario Textual"},"image":{"@id":"https:\/\/diariotextual.com\/inicio\/#\/schema\/logo\/image\/"},"sameAs":["https:\/\/www.facebook.com\/eltextual","https:\/\/x.com\/eltextual","http:\/\/www.instagram.com\/eltextual"]},{"@type":"Person","@id":"https:\/\/diariotextual.com\/inicio\/#\/schema\/person\/694f60677f23c4a530867a98f22b3768","name":"diario2","image":{"@type":"ImageObject","inLanguage":"es","@id":"https:\/\/secure.gravatar.com\/avatar\/5a2567495ba16b852fcd8f1ed006a2e24fcace936018ed8237e95f488ad6e0a7?s=96&d=mm&r=g","url":"https:\/\/secure.gravatar.com\/avatar\/5a2567495ba16b852fcd8f1ed006a2e24fcace936018ed8237e95f488ad6e0a7?s=96&d=mm&r=g","contentUrl":"https:\/\/secure.gravatar.com\/avatar\/5a2567495ba16b852fcd8f1ed006a2e24fcace936018ed8237e95f488ad6e0a7?s=96&d=mm&r=g","caption":"diario2"},"url":"https:\/\/diariotextual.com\/inicio\/index.php\/author\/diario2\/"}]}},"_links":{"self":[{"href":"https:\/\/diariotextual.com\/inicio\/index.php\/wp-json\/wp\/v2\/posts\/53037","targetHints":{"allow":["GET"]}}],"collection":[{"href":"https:\/\/diariotextual.com\/inicio\/index.php\/wp-json\/wp\/v2\/posts"}],"about":[{"href":"https:\/\/diariotextual.com\/inicio\/index.php\/wp-json\/wp\/v2\/types\/post"}],"author":[{"embeddable":true,"href":"https:\/\/diariotextual.com\/inicio\/index.php\/wp-json\/wp\/v2\/users\/4"}],"replies":[{"embeddable":true,"href":"https:\/\/diariotextual.com\/inicio\/index.php\/wp-json\/wp\/v2\/comments?post=53037"}],"version-history":[{"count":2,"href":"https:\/\/diariotextual.com\/inicio\/index.php\/wp-json\/wp\/v2\/posts\/53037\/revisions"}],"predecessor-version":[{"id":53041,"href":"https:\/\/diariotextual.com\/inicio\/index.php\/wp-json\/wp\/v2\/posts\/53037\/revisions\/53041"}],"wp:featuredmedia":[{"embeddable":true,"href":"https:\/\/diariotextual.com\/inicio\/index.php\/wp-json\/wp\/v2\/media\/53039"}],"wp:attachment":[{"href":"https:\/\/diariotextual.com\/inicio\/index.php\/wp-json\/wp\/v2\/media?parent=53037"}],"wp:term":[{"taxonomy":"category","embeddable":true,"href":"https:\/\/diariotextual.com\/inicio\/index.php\/wp-json\/wp\/v2\/categories?post=53037"},{"taxonomy":"post_tag","embeddable":true,"href":"https:\/\/diariotextual.com\/inicio\/index.php\/wp-json\/wp\/v2\/tags?post=53037"}],"curies":[{"name":"wp","href":"https:\/\/api.w.org\/{rel}","templated":true}]}}