{"id":53119,"date":"2019-06-22T09:35:54","date_gmt":"2019-06-22T12:35:54","guid":{"rendered":"http:\/\/diariotextual.com\/inicio\/?p=53119"},"modified":"2019-06-22T12:38:27","modified_gmt":"2019-06-22T15:38:27","slug":"elaboran-proyecto-ley-provincial-proteccion-animal","status":"publish","type":"post","link":"https:\/\/diariotextual.com\/inicio\/index.php\/2019\/06\/22\/elaboran-proyecto-ley-provincial-proteccion-animal\/","title":{"rendered":"Mar\u00edn elabora un proyecto de ley provincial sobre protecci\u00f3n animal"},"content":{"rendered":"<p>El diputado provincial Espartaco Marin (PJ), en conjunto con asociaciones de protecci\u00f3n animal, se encuentra elaborando un proyecto de<strong> Ley Provincial de Equilibrio Poblacional de Perros y Gatos.<\/strong> Tiene como objetivo central la protecci\u00f3n de la fauna urbana de perros y gatos, a trav\u00e9s del cuidado del equilibrio de la mencionada poblaci\u00f3n.<\/p>\n<blockquote class=\"wp-embedded-content\" data-secret=\"N2Vxi0KuSw\"><p><a href=\"http:\/\/diariotextual.com\/inicio\/index.php\/2019\/06\/22\/quehue-buscan-controlar-la-superpoblacion-mascotas-junto-la-unlpam\/\">Quehu\u00e9: buscan controlar la superpoblaci\u00f3n de mascotas junto a la UNLPam<\/a><\/p><\/blockquote>\n<p><iframe class=\"wp-embedded-content\" sandbox=\"allow-scripts\" security=\"restricted\" style=\"position: absolute; clip: rect(1px, 1px, 1px, 1px);\" src=\"http:\/\/diariotextual.com\/inicio\/index.php\/2019\/06\/22\/quehue-buscan-controlar-la-superpoblacion-mascotas-junto-la-unlpam\/embed\/#?secret=N2Vxi0KuSw\" data-secret=\"N2Vxi0KuSw\" width=\"600\" height=\"338\" title=\"&#171;Quehu\u00e9: buscan controlar la superpoblaci\u00f3n de mascotas junto a la UNLPam&#187; &#8212; Diario Textual\" frameborder=\"0\" marginwidth=\"0\" marginheight=\"0\" scrolling=\"no\"><\/iframe><\/p>\n<p>En este proyecto se impulsa llevar adelante campa\u00f1as de castraci\u00f3n quir\u00fargica de perros y gatos, como \u00fanico m\u00e9todo para lograr el objetivo de ese equilibrio. \u201cEstamos trabajando en una redacci\u00f3n en conjunto con asociaciones, para obtener un buen proyecto de ley que atienda a esta problem\u00e1tica que trasciende el hecho de los animales y debe abocarnos como una\u00a0 problem\u00e1tica sanitaria\u201d, explic\u00f3 Marin.<\/p>\n<p>Adelant\u00f3 que se establecer\u00e1n medidas que de manera anticipada puedan evitar que se siga incrementando la sobrepoblaci\u00f3n animal, que conlleva el sufrimiento de los animales y la propagaci\u00f3n de enfermedades zoon\u00f3ticas. Siendo la autoridad de aplicaci\u00f3n la responsable de acompa\u00f1ar de manera articulada a las autoridades locales, a su incorporaci\u00f3n al programa de equilibrio poblacional.<\/p>\n<p>A trav\u00e9s de este Proyecto de Ley, si bien la tem\u00e1tica es de competencia municipal, se pretende\u00a0establecer un <strong>marco normativo para que las distintas municipalidades de la provincia adhieran<\/strong> y pongan en funcionamiento las diferentes prerrogativas de esta norma en cada una de sus jurisdicciones pertinentes.<\/p>\n<p>\u201cNuestro proyecto va a tener <strong>dos ejes transversales<\/strong> que apuntan al mismo objetivo, por un lado las castraciones quir\u00fargicas de perros y gatos, y por el otro lado, la educaci\u00f3n e informaci\u00f3n de la sociedad para contribuir a prevenir la sobrepoblaci\u00f3n animal y a respetar los derechos de los animales\u201d, concluy\u00f3 el diputado.<\/p>\n","protected":false},"excerpt":{"rendered":"<p>El diputado provincial Espartaco Marin (PJ), en conjunto con asociaciones de protecci\u00f3n animal, se encuentra elaborando un proyecto de Ley Provincial de Equilibrio Poblacional de Perros y Gatos. Tiene como&hellip;<\/p>\n","protected":false},"author":4,"featured_media":53120,"comment_status":"closed","ping_status":"open","sticky":false,"template":"","format":"standard","meta":{"_acf_changed":false,"footnotes":""},"categories":[11,319,12],"tags":[],"class_list":["post-53119","post","type-post","status-publish","format-standard","has-post-thumbnail","hentry","category-que-pasa","category-a-temporales","category-sociedad"],"acf":[],"yoast_head":"<!-- This site is optimized with the Yoast SEO plugin v27.5 - https:\/\/yoast.com\/product\/yoast-seo-wordpress\/ -->\n<title>Mar\u00edn elabora un proyecto de ley provincial sobre protecci\u00f3n animal - Diario Textual<\/title>\n<meta name=\"robots\" content=\"index, follow, max-snippet:-1, max-image-preview:large, max-video-preview:-1\" \/>\n<link rel=\"canonical\" href=\"https:\/\/diariotextual.com\/inicio\/index.php\/2019\/06\/22\/elaboran-proyecto-ley-provincial-proteccion-animal\/\" \/>\n<meta property=\"og:locale\" content=\"es_ES\" \/>\n<meta property=\"og:type\" content=\"article\" \/>\n<meta property=\"og:title\" content=\"Mar\u00edn elabora un proyecto de ley provincial sobre protecci\u00f3n animal - Diario Textual\" \/>\n<meta property=\"og:description\" content=\"El diputado provincial Espartaco Marin (PJ), en conjunto con asociaciones de protecci\u00f3n animal, se encuentra elaborando un proyecto de Ley Provincial de Equilibrio Poblacional de Perros y Gatos. Tiene como&hellip;\" \/>\n<meta property=\"og:url\" content=\"https:\/\/diariotextual.com\/inicio\/index.php\/2019\/06\/22\/elaboran-proyecto-ley-provincial-proteccion-animal\/\" \/>\n<meta property=\"og:site_name\" content=\"Diario Textual\" \/>\n<meta property=\"article:publisher\" content=\"https:\/\/www.facebook.com\/eltextual\" \/>\n<meta property=\"article:published_time\" content=\"2019-06-22T12:35:54+00:00\" \/>\n<meta property=\"article:modified_time\" content=\"2019-06-22T15:38:27+00:00\" \/>\n<meta property=\"og:image\" content=\"https:\/\/diariotextual.com\/inicio\/wp-content\/uploads\/2019\/06\/perrocalle455.jpg\" \/>\n\t<meta property=\"og:image:width\" content=\"729\" \/>\n\t<meta property=\"og:image:height\" content=\"410\" \/>\n\t<meta property=\"og:image:type\" content=\"image\/jpeg\" \/>\n<meta name=\"author\" content=\"diario2\" \/>\n<meta name=\"twitter:card\" content=\"summary_large_image\" \/>\n<meta name=\"twitter:creator\" content=\"@eltextual\" \/>\n<meta name=\"twitter:site\" content=\"@eltextual\" \/>\n<meta name=\"twitter:label1\" content=\"Escrito por\" \/>\n\t<meta name=\"twitter:data1\" content=\"diario2\" \/>\n\t<meta name=\"twitter:label2\" content=\"Tiempo de lectura\" \/>\n\t<meta name=\"twitter:data2\" content=\"2 minutos\" \/>\n<script type=\"application\/ld+json\" class=\"yoast-schema-graph\">{\"@context\":\"https:\\\/\\\/schema.org\",\"@graph\":[{\"@type\":\"Article\",\"@id\":\"https:\\\/\\\/diariotextual.com\\\/inicio\\\/index.php\\\/2019\\\/06\\\/22\\\/elaboran-proyecto-ley-provincial-proteccion-animal\\\/#article\",\"isPartOf\":{\"@id\":\"https:\\\/\\\/diariotextual.com\\\/inicio\\\/index.php\\\/2019\\\/06\\\/22\\\/elaboran-proyecto-ley-provincial-proteccion-animal\\\/\"},\"author\":{\"name\":\"diario2\",\"@id\":\"https:\\\/\\\/diariotextual.com\\\/inicio\\\/#\\\/schema\\\/person\\\/694f60677f23c4a530867a98f22b3768\"},\"headline\":\"Mar\u00edn elabora un proyecto de ley provincial sobre protecci\u00f3n animal\",\"datePublished\":\"2019-06-22T12:35:54+00:00\",\"dateModified\":\"2019-06-22T15:38:27+00:00\",\"mainEntityOfPage\":{\"@id\":\"https:\\\/\\\/diariotextual.com\\\/inicio\\\/index.php\\\/2019\\\/06\\\/22\\\/elaboran-proyecto-ley-provincial-proteccion-animal\\\/\"},\"wordCount\":312,\"publisher\":{\"@id\":\"https:\\\/\\\/diariotextual.com\\\/inicio\\\/#organization\"},\"image\":{\"@id\":\"https:\\\/\\\/diariotextual.com\\\/inicio\\\/index.php\\\/2019\\\/06\\\/22\\\/elaboran-proyecto-ley-provincial-proteccion-animal\\\/#primaryimage\"},\"thumbnailUrl\":\"https:\\\/\\\/diariotextual.com\\\/inicio\\\/wp-content\\\/uploads\\\/2019\\\/06\\\/perrocalle455.jpg\",\"articleSection\":[\"A - QUE PASA (al costado)\",\"A - TEMPORALES\",\"SOCIEDAD\"],\"inLanguage\":\"es\"},{\"@type\":\"WebPage\",\"@id\":\"https:\\\/\\\/diariotextual.com\\\/inicio\\\/index.php\\\/2019\\\/06\\\/22\\\/elaboran-proyecto-ley-provincial-proteccion-animal\\\/\",\"url\":\"https:\\\/\\\/diariotextual.com\\\/inicio\\\/index.php\\\/2019\\\/06\\\/22\\\/elaboran-proyecto-ley-provincial-proteccion-animal\\\/\",\"name\":\"Mar\u00edn elabora un proyecto de ley provincial sobre protecci\u00f3n animal - Diario Textual\",\"isPartOf\":{\"@id\":\"https:\\\/\\\/diariotextual.com\\\/inicio\\\/#website\"},\"primaryImageOfPage\":{\"@id\":\"https:\\\/\\\/diariotextual.com\\\/inicio\\\/index.php\\\/2019\\\/06\\\/22\\\/elaboran-proyecto-ley-provincial-proteccion-animal\\\/#primaryimage\"},\"image\":{\"@id\":\"https:\\\/\\\/diariotextual.com\\\/inicio\\\/index.php\\\/2019\\\/06\\\/22\\\/elaboran-proyecto-ley-provincial-proteccion-animal\\\/#primaryimage\"},\"thumbnailUrl\":\"https:\\\/\\\/diariotextual.com\\\/inicio\\\/wp-content\\\/uploads\\\/2019\\\/06\\\/perrocalle455.jpg\",\"datePublished\":\"2019-06-22T12:35:54+00:00\",\"dateModified\":\"2019-06-22T15:38:27+00:00\",\"breadcrumb\":{\"@id\":\"https:\\\/\\\/diariotextual.com\\\/inicio\\\/index.php\\\/2019\\\/06\\\/22\\\/elaboran-proyecto-ley-provincial-proteccion-animal\\\/#breadcrumb\"},\"inLanguage\":\"es\",\"potentialAction\":[{\"@type\":\"ReadAction\",\"target\":[\"https:\\\/\\\/diariotextual.com\\\/inicio\\\/index.php\\\/2019\\\/06\\\/22\\\/elaboran-proyecto-ley-provincial-proteccion-animal\\\/\"]}]},{\"@type\":\"ImageObject\",\"inLanguage\":\"es\",\"@id\":\"https:\\\/\\\/diariotextual.com\\\/inicio\\\/index.php\\\/2019\\\/06\\\/22\\\/elaboran-proyecto-ley-provincial-proteccion-animal\\\/#primaryimage\",\"url\":\"https:\\\/\\\/diariotextual.com\\\/inicio\\\/wp-content\\\/uploads\\\/2019\\\/06\\\/perrocalle455.jpg\",\"contentUrl\":\"https:\\\/\\\/diariotextual.com\\\/inicio\\\/wp-content\\\/uploads\\\/2019\\\/06\\\/perrocalle455.jpg\",\"width\":729,\"height\":410,\"caption\":\"?\"},{\"@type\":\"BreadcrumbList\",\"@id\":\"https:\\\/\\\/diariotextual.com\\\/inicio\\\/index.php\\\/2019\\\/06\\\/22\\\/elaboran-proyecto-ley-provincial-proteccion-animal\\\/#breadcrumb\",\"itemListElement\":[{\"@type\":\"ListItem\",\"position\":1,\"name\":\"Portada\",\"item\":\"https:\\\/\\\/diariotextual.com\\\/inicio\\\/\"},{\"@type\":\"ListItem\",\"position\":2,\"name\":\"Mar\u00edn elabora un proyecto de ley provincial sobre protecci\u00f3n animal\"}]},{\"@type\":\"WebSite\",\"@id\":\"https:\\\/\\\/diariotextual.com\\\/inicio\\\/#website\",\"url\":\"https:\\\/\\\/diariotextual.com\\\/inicio\\\/\",\"name\":\"Diario Textual\",\"description\":\"\",\"publisher\":{\"@id\":\"https:\\\/\\\/diariotextual.com\\\/inicio\\\/#organization\"},\"potentialAction\":[{\"@type\":\"SearchAction\",\"target\":{\"@type\":\"EntryPoint\",\"urlTemplate\":\"https:\\\/\\\/diariotextual.com\\\/inicio\\\/?s={search_term_string}\"},\"query-input\":{\"@type\":\"PropertyValueSpecification\",\"valueRequired\":true,\"valueName\":\"search_term_string\"}}],\"inLanguage\":\"es\"},{\"@type\":\"Organization\",\"@id\":\"https:\\\/\\\/diariotextual.com\\\/inicio\\\/#organization\",\"name\":\"Diario Textual\",\"url\":\"https:\\\/\\\/diariotextual.com\\\/inicio\\\/\",\"logo\":{\"@type\":\"ImageObject\",\"inLanguage\":\"es\",\"@id\":\"https:\\\/\\\/diariotextual.com\\\/inicio\\\/#\\\/schema\\\/logo\\\/image\\\/\",\"url\":\"https:\\\/\\\/diariotextual.com\\\/inicio\\\/wp-content\\\/uploads\\\/2023\\\/05\\\/logotextual1.jpg\",\"contentUrl\":\"https:\\\/\\\/diariotextual.com\\\/inicio\\\/wp-content\\\/uploads\\\/2023\\\/05\\\/logotextual1.jpg\",\"width\":516,\"height\":76,\"caption\":\"Diario Textual\"},\"image\":{\"@id\":\"https:\\\/\\\/diariotextual.com\\\/inicio\\\/#\\\/schema\\\/logo\\\/image\\\/\"},\"sameAs\":[\"https:\\\/\\\/www.facebook.com\\\/eltextual\",\"https:\\\/\\\/x.com\\\/eltextual\",\"http:\\\/\\\/www.instagram.com\\\/eltextual\"]},{\"@type\":\"Person\",\"@id\":\"https:\\\/\\\/diariotextual.com\\\/inicio\\\/#\\\/schema\\\/person\\\/694f60677f23c4a530867a98f22b3768\",\"name\":\"diario2\",\"image\":{\"@type\":\"ImageObject\",\"inLanguage\":\"es\",\"@id\":\"https:\\\/\\\/secure.gravatar.com\\\/avatar\\\/5a2567495ba16b852fcd8f1ed006a2e24fcace936018ed8237e95f488ad6e0a7?s=96&d=mm&r=g\",\"url\":\"https:\\\/\\\/secure.gravatar.com\\\/avatar\\\/5a2567495ba16b852fcd8f1ed006a2e24fcace936018ed8237e95f488ad6e0a7?s=96&d=mm&r=g\",\"contentUrl\":\"https:\\\/\\\/secure.gravatar.com\\\/avatar\\\/5a2567495ba16b852fcd8f1ed006a2e24fcace936018ed8237e95f488ad6e0a7?s=96&d=mm&r=g\",\"caption\":\"diario2\"},\"url\":\"https:\\\/\\\/diariotextual.com\\\/inicio\\\/index.php\\\/author\\\/diario2\\\/\"}]}<\/script>\n<!-- \/ Yoast SEO plugin. -->","yoast_head_json":{"title":"Mar\u00edn elabora un proyecto de ley provincial sobre protecci\u00f3n animal - Diario Textual","robots":{"index":"index","follow":"follow","max-snippet":"max-snippet:-1","max-image-preview":"max-image-preview:large","max-video-preview":"max-video-preview:-1"},"canonical":"https:\/\/diariotextual.com\/inicio\/index.php\/2019\/06\/22\/elaboran-proyecto-ley-provincial-proteccion-animal\/","og_locale":"es_ES","og_type":"article","og_title":"Mar\u00edn elabora un proyecto de ley provincial sobre protecci\u00f3n animal - Diario Textual","og_description":"El diputado provincial Espartaco Marin (PJ), en conjunto con asociaciones de protecci\u00f3n animal, se encuentra elaborando un proyecto de Ley Provincial de Equilibrio Poblacional de Perros y Gatos. Tiene como&hellip;","og_url":"https:\/\/diariotextual.com\/inicio\/index.php\/2019\/06\/22\/elaboran-proyecto-ley-provincial-proteccion-animal\/","og_site_name":"Diario Textual","article_publisher":"https:\/\/www.facebook.com\/eltextual","article_published_time":"2019-06-22T12:35:54+00:00","article_modified_time":"2019-06-22T15:38:27+00:00","og_image":[{"width":729,"height":410,"url":"https:\/\/diariotextual.com\/inicio\/wp-content\/uploads\/2019\/06\/perrocalle455.jpg","type":"image\/jpeg"}],"author":"diario2","twitter_card":"summary_large_image","twitter_creator":"@eltextual","twitter_site":"@eltextual","twitter_misc":{"Escrito por":"diario2","Tiempo de lectura":"2 minutos"},"schema":{"@context":"https:\/\/schema.org","@graph":[{"@type":"Article","@id":"https:\/\/diariotextual.com\/inicio\/index.php\/2019\/06\/22\/elaboran-proyecto-ley-provincial-proteccion-animal\/#article","isPartOf":{"@id":"https:\/\/diariotextual.com\/inicio\/index.php\/2019\/06\/22\/elaboran-proyecto-ley-provincial-proteccion-animal\/"},"author":{"name":"diario2","@id":"https:\/\/diariotextual.com\/inicio\/#\/schema\/person\/694f60677f23c4a530867a98f22b3768"},"headline":"Mar\u00edn elabora un proyecto de ley provincial sobre protecci\u00f3n animal","datePublished":"2019-06-22T12:35:54+00:00","dateModified":"2019-06-22T15:38:27+00:00","mainEntityOfPage":{"@id":"https:\/\/diariotextual.com\/inicio\/index.php\/2019\/06\/22\/elaboran-proyecto-ley-provincial-proteccion-animal\/"},"wordCount":312,"publisher":{"@id":"https:\/\/diariotextual.com\/inicio\/#organization"},"image":{"@id":"https:\/\/diariotextual.com\/inicio\/index.php\/2019\/06\/22\/elaboran-proyecto-ley-provincial-proteccion-animal\/#primaryimage"},"thumbnailUrl":"https:\/\/diariotextual.com\/inicio\/wp-content\/uploads\/2019\/06\/perrocalle455.jpg","articleSection":["A - QUE PASA (al costado)","A - TEMPORALES","SOCIEDAD"],"inLanguage":"es"},{"@type":"WebPage","@id":"https:\/\/diariotextual.com\/inicio\/index.php\/2019\/06\/22\/elaboran-proyecto-ley-provincial-proteccion-animal\/","url":"https:\/\/diariotextual.com\/inicio\/index.php\/2019\/06\/22\/elaboran-proyecto-ley-provincial-proteccion-animal\/","name":"Mar\u00edn elabora un proyecto de ley provincial sobre protecci\u00f3n animal - Diario Textual","isPartOf":{"@id":"https:\/\/diariotextual.com\/inicio\/#website"},"primaryImageOfPage":{"@id":"https:\/\/diariotextual.com\/inicio\/index.php\/2019\/06\/22\/elaboran-proyecto-ley-provincial-proteccion-animal\/#primaryimage"},"image":{"@id":"https:\/\/diariotextual.com\/inicio\/index.php\/2019\/06\/22\/elaboran-proyecto-ley-provincial-proteccion-animal\/#primaryimage"},"thumbnailUrl":"https:\/\/diariotextual.com\/inicio\/wp-content\/uploads\/2019\/06\/perrocalle455.jpg","datePublished":"2019-06-22T12:35:54+00:00","dateModified":"2019-06-22T15:38:27+00:00","breadcrumb":{"@id":"https:\/\/diariotextual.com\/inicio\/index.php\/2019\/06\/22\/elaboran-proyecto-ley-provincial-proteccion-animal\/#breadcrumb"},"inLanguage":"es","potentialAction":[{"@type":"ReadAction","target":["https:\/\/diariotextual.com\/inicio\/index.php\/2019\/06\/22\/elaboran-proyecto-ley-provincial-proteccion-animal\/"]}]},{"@type":"ImageObject","inLanguage":"es","@id":"https:\/\/diariotextual.com\/inicio\/index.php\/2019\/06\/22\/elaboran-proyecto-ley-provincial-proteccion-animal\/#primaryimage","url":"https:\/\/diariotextual.com\/inicio\/wp-content\/uploads\/2019\/06\/perrocalle455.jpg","contentUrl":"https:\/\/diariotextual.com\/inicio\/wp-content\/uploads\/2019\/06\/perrocalle455.jpg","width":729,"height":410,"caption":"?"},{"@type":"BreadcrumbList","@id":"https:\/\/diariotextual.com\/inicio\/index.php\/2019\/06\/22\/elaboran-proyecto-ley-provincial-proteccion-animal\/#breadcrumb","itemListElement":[{"@type":"ListItem","position":1,"name":"Portada","item":"https:\/\/diariotextual.com\/inicio\/"},{"@type":"ListItem","position":2,"name":"Mar\u00edn elabora un proyecto de ley provincial sobre protecci\u00f3n animal"}]},{"@type":"WebSite","@id":"https:\/\/diariotextual.com\/inicio\/#website","url":"https:\/\/diariotextual.com\/inicio\/","name":"Diario Textual","description":"","publisher":{"@id":"https:\/\/diariotextual.com\/inicio\/#organization"},"potentialAction":[{"@type":"SearchAction","target":{"@type":"EntryPoint","urlTemplate":"https:\/\/diariotextual.com\/inicio\/?s={search_term_string}"},"query-input":{"@type":"PropertyValueSpecification","valueRequired":true,"valueName":"search_term_string"}}],"inLanguage":"es"},{"@type":"Organization","@id":"https:\/\/diariotextual.com\/inicio\/#organization","name":"Diario Textual","url":"https:\/\/diariotextual.com\/inicio\/","logo":{"@type":"ImageObject","inLanguage":"es","@id":"https:\/\/diariotextual.com\/inicio\/#\/schema\/logo\/image\/","url":"https:\/\/diariotextual.com\/inicio\/wp-content\/uploads\/2023\/05\/logotextual1.jpg","contentUrl":"https:\/\/diariotextual.com\/inicio\/wp-content\/uploads\/2023\/05\/logotextual1.jpg","width":516,"height":76,"caption":"Diario Textual"},"image":{"@id":"https:\/\/diariotextual.com\/inicio\/#\/schema\/logo\/image\/"},"sameAs":["https:\/\/www.facebook.com\/eltextual","https:\/\/x.com\/eltextual","http:\/\/www.instagram.com\/eltextual"]},{"@type":"Person","@id":"https:\/\/diariotextual.com\/inicio\/#\/schema\/person\/694f60677f23c4a530867a98f22b3768","name":"diario2","image":{"@type":"ImageObject","inLanguage":"es","@id":"https:\/\/secure.gravatar.com\/avatar\/5a2567495ba16b852fcd8f1ed006a2e24fcace936018ed8237e95f488ad6e0a7?s=96&d=mm&r=g","url":"https:\/\/secure.gravatar.com\/avatar\/5a2567495ba16b852fcd8f1ed006a2e24fcace936018ed8237e95f488ad6e0a7?s=96&d=mm&r=g","contentUrl":"https:\/\/secure.gravatar.com\/avatar\/5a2567495ba16b852fcd8f1ed006a2e24fcace936018ed8237e95f488ad6e0a7?s=96&d=mm&r=g","caption":"diario2"},"url":"https:\/\/diariotextual.com\/inicio\/index.php\/author\/diario2\/"}]}},"_links":{"self":[{"href":"https:\/\/diariotextual.com\/inicio\/index.php\/wp-json\/wp\/v2\/posts\/53119","targetHints":{"allow":["GET"]}}],"collection":[{"href":"https:\/\/diariotextual.com\/inicio\/index.php\/wp-json\/wp\/v2\/posts"}],"about":[{"href":"https:\/\/diariotextual.com\/inicio\/index.php\/wp-json\/wp\/v2\/types\/post"}],"author":[{"embeddable":true,"href":"https:\/\/diariotextual.com\/inicio\/index.php\/wp-json\/wp\/v2\/users\/4"}],"replies":[{"embeddable":true,"href":"https:\/\/diariotextual.com\/inicio\/index.php\/wp-json\/wp\/v2\/comments?post=53119"}],"version-history":[{"count":2,"href":"https:\/\/diariotextual.com\/inicio\/index.php\/wp-json\/wp\/v2\/posts\/53119\/revisions"}],"predecessor-version":[{"id":53177,"href":"https:\/\/diariotextual.com\/inicio\/index.php\/wp-json\/wp\/v2\/posts\/53119\/revisions\/53177"}],"wp:featuredmedia":[{"embeddable":true,"href":"https:\/\/diariotextual.com\/inicio\/index.php\/wp-json\/wp\/v2\/media\/53120"}],"wp:attachment":[{"href":"https:\/\/diariotextual.com\/inicio\/index.php\/wp-json\/wp\/v2\/media?parent=53119"}],"wp:term":[{"taxonomy":"category","embeddable":true,"href":"https:\/\/diariotextual.com\/inicio\/index.php\/wp-json\/wp\/v2\/categories?post=53119"},{"taxonomy":"post_tag","embeddable":true,"href":"https:\/\/diariotextual.com\/inicio\/index.php\/wp-json\/wp\/v2\/tags?post=53119"}],"curies":[{"name":"wp","href":"https:\/\/api.w.org\/{rel}","templated":true}]}}