{"id":53170,"date":"2019-06-22T12:33:53","date_gmt":"2019-06-22T15:33:53","guid":{"rendered":"http:\/\/diariotextual.com\/inicio\/?p=53170"},"modified":"2019-06-22T23:49:18","modified_gmt":"2019-06-23T02:49:18","slug":"quehue-buscan-controlar-la-superpoblacion-mascotas-junto-la-unlpam","status":"publish","type":"post","link":"https:\/\/diariotextual.com\/inicio\/index.php\/2019\/06\/22\/quehue-buscan-controlar-la-superpoblacion-mascotas-junto-la-unlpam\/","title":{"rendered":"Quehu\u00e9: buscan controlar la superpoblaci\u00f3n de mascotas junto a la UNLPam"},"content":{"rendered":"<p class=\"gmail-Standard\"><b><span lang=\"ES-AR\">En la localidad de Quehu\u00e9, ubicada a 75 Km al sur de Santa Rosa, hay una mascota por cada 1,2 habitantes. Este dato surge de una encuesta que realizaron docentes y estudiantes de la Facultad de Ciencias Veterinarias de la UNLPam, en el marco de un Proyecto de Extensi\u00f3n Universitaria (PEU), que\u00a0\u00a0contribuye\u00a0a dar soluci\u00f3n a este problema en el pueblo y\u00a0que\u00a0favorecer\u00e1 la formaci\u00f3n profesional de los futuros m\u00e9dicos veterinarios.<\/span><\/b><\/p>\n<p class=\"gmail-Standard\"><span lang=\"ES-AR\">\u00a0<\/span><span lang=\"ES-AR\">El censo realizado por el equipo de extensionistas genera alarma porque la Organizaci\u00f3n Mundial de la Salud estableci\u00f3 que la proporci\u00f3n mascotas\/humanos debe ser de una cada diez en zonas urbanas.<\/span><\/p>\n<p class=\"gmail-Standard\"><span lang=\"ES-AR\">La superpoblaci\u00f3n de perros y gatos detectada en Quehu\u00e9 aumenta la probabilidad de generar el contagio de enfermedades zoon\u00f3ticas.<\/span><\/p>\n<p class=\"gmail-Standard\"><span lang=\"ES-AR\">De hecho, las autoridades municipales reportaron el fallecimiento de un vecino, v\u00edctima de hidatidosis, enfermedad que transmiten los perros a trav\u00e9s de la materia fecal, y de la que se han registrado varios casos en la zona, inform\u00f3 el\u00a0<\/span>\u00c1rea de Comunicaci\u00f3n Cient\u00edfica de la UNLPam.<\/p>\n<p class=\"gmail-Standard\"><span lang=\"ES-AR\">\u00a0<img fetchpriority=\"high\" decoding=\"async\" class=\"alignnone wp-image-53172 \" src=\"http:\/\/diariotextual.com\/inicio\/wp-content\/uploads\/2019\/06\/superpoblacioncaninaquehueunlpam2019-3.jpg\" alt=\"\" width=\"656\" height=\"437\" srcset=\"https:\/\/diariotextual.com\/inicio\/wp-content\/uploads\/2019\/06\/superpoblacioncaninaquehueunlpam2019-3.jpg 1620w, https:\/\/diariotextual.com\/inicio\/wp-content\/uploads\/2019\/06\/superpoblacioncaninaquehueunlpam2019-3-300x200.jpg 300w, https:\/\/diariotextual.com\/inicio\/wp-content\/uploads\/2019\/06\/superpoblacioncaninaquehueunlpam2019-3-768x512.jpg 768w, https:\/\/diariotextual.com\/inicio\/wp-content\/uploads\/2019\/06\/superpoblacioncaninaquehueunlpam2019-3-1024x683.jpg 1024w, https:\/\/diariotextual.com\/inicio\/wp-content\/uploads\/2019\/06\/superpoblacioncaninaquehueunlpam2019-3-1170x780.jpg 1170w, https:\/\/diariotextual.com\/inicio\/wp-content\/uploads\/2019\/06\/superpoblacioncaninaquehueunlpam2019-3-585x390.jpg 585w, https:\/\/diariotextual.com\/inicio\/wp-content\/uploads\/2019\/06\/superpoblacioncaninaquehueunlpam2019-3-263x175.jpg 263w\" sizes=\"(max-width: 656px) 100vw, 656px\" \/><\/span><\/p>\n<p class=\"gmail-Standard\"><span lang=\"ES-AR\">El grupo se encuentra abocado desde 2018 a solucionar este problema de Salud P\u00fablica, seg\u00fan informaron al \u00e1rea de Comunicaci\u00f3n Cient\u00edfica de la UNLPam. Ya han realizado charlas de sensibilizaci\u00f3n destinadas a estudiantes de primaria y secundaria, en las que se abordaron temas de salud, vivienda, alimentaci\u00f3n, higiene, recreaci\u00f3n, control de natalidad, afecto, protecci\u00f3n y contenci\u00f3n. Luego, junto con veterinarios locales, docentes y estudiantes del colegio secundario, personal de Salud P\u00fablica de la Provincia y graduados autoconvocados llevaron a cabo una jornada de vacunaci\u00f3n contra la rabia y el censo de todas las mascotas de la localidad.<\/span><\/p>\n<p class=\"gmail-Standard\"><span lang=\"ES-AR\">Otra actividad importante fue<strong> la jornada de castraci\u00f3n de caninos y felinos (tanto machos como hembras), en la que priorizaron a aquellos pacientes que proven\u00edan de familias con riesgo sanitario<\/strong>. En este sentido, Pablo Vaquero, docente de la Facultad de Ciencias Veterinarias y director del PEU resalta la importancia de esta tarea. \u00abTeniendo en cuenta la cantidad de castraciones y los per\u00edodos reproductivos de cada especie podemos calcular la disminuci\u00f3n de la potencialidad de reproducci\u00f3n de las mascotas aproximadamente en 600 ejemplares en 5 a\u00f1os\u201d, dice.<\/span><\/p>\n<p class=\"gmail-Standard\"><span lang=\"ES-AR\">\u00a0<\/span><\/p>\n<p class=\"gmail-Standard\"><b><span lang=\"ES-AR\">M\u00e1s datos de la encuesta<\/span><\/b><b><span lang=\"ES-AR\">\u00a0<\/span><\/b><\/p>\n<p class=\"gmail-Standard\"><span lang=\"ES-AR\">Otro aspecto revelador es que<strong> el 25% de los habitantes fue diagnosticado con alguna patolog\u00eda zoon\u00f3tica<\/strong>. El equipo trabaj\u00f3 con la m\u00e9dica del pueblo y tambi\u00e9n con personal de Salud P\u00fablica de la Provincia, quienes realizaron ecograf\u00edas a estudiantes de la primaria y personas en riesgo para hacer una detecci\u00f3n temprana (y posterior tratamiento) de hidatidosis.<\/span><\/p>\n<blockquote class=\"wp-embedded-content\" data-secret=\"ZdGnf8Ytvv\"><p><a href=\"http:\/\/diariotextual.com\/inicio\/index.php\/2019\/06\/22\/elaboran-proyecto-ley-provincial-proteccion-animal\/\">Elaboran proyecto de ley provincial sobre protecci\u00f3n animal<\/a><\/p><\/blockquote>\n<p><iframe class=\"wp-embedded-content\" sandbox=\"allow-scripts\" security=\"restricted\" style=\"position: absolute; clip: rect(1px, 1px, 1px, 1px);\" src=\"http:\/\/diariotextual.com\/inicio\/index.php\/2019\/06\/22\/elaboran-proyecto-ley-provincial-proteccion-animal\/embed\/#?secret=ZdGnf8Ytvv\" data-secret=\"ZdGnf8Ytvv\" width=\"600\" height=\"338\" title=\"&#171;Elaboran proyecto de ley provincial sobre protecci\u00f3n animal&#187; &#8212; Diario Textual\" frameborder=\"0\" marginwidth=\"0\" marginheight=\"0\" scrolling=\"no\"><\/iframe><\/p>\n<p>&nbsp;<\/p>\n<p class=\"gmail-Standard\"><span lang=\"ES-AR\">El censo tambi\u00e9n arroj\u00f3 informaci\u00f3n sobre qu\u00e9 animales prefieren tener como mascotas los habitantes de Quehu\u00e9. El 80 % tiene canes, de los cuales casi el 48% son machos, y el 20% restantes son felinos, especie en la que machos y hembras se distribuyen en igual proporci\u00f3n. Para sorpresa de las y los integrantes del PEU fueron pocos los casos de animales silvestres que cumpl\u00edan el rol de animales de compa\u00f1\u00eda.<\/span><\/p>\n<p class=\"gmail-Standard\"><span lang=\"ES-AR\">\u00a0<\/span><span lang=\"ES-AR\">Solo el 34,5% de los propietarios los llevan al veterinario (el agravante es que los profesionales que hay en el pueblo est\u00e1n especializados en grandes animales), el 32.7% realiza el plan sanitario completo, mientras que el 58.8% los desparasita con regularidad.<\/span><\/p>\n<p class=\"gmail-Standard\"><span lang=\"ES-AR\">\u00a0<img decoding=\"async\" class=\"alignnone wp-image-53174 size-full\" src=\"http:\/\/diariotextual.com\/inicio\/wp-content\/uploads\/2019\/06\/superpoblacioncaninaquehueunlpam2019-2.jpg\" alt=\"\" width=\"1000\" height=\"599\" srcset=\"https:\/\/diariotextual.com\/inicio\/wp-content\/uploads\/2019\/06\/superpoblacioncaninaquehueunlpam2019-2.jpg 1000w, https:\/\/diariotextual.com\/inicio\/wp-content\/uploads\/2019\/06\/superpoblacioncaninaquehueunlpam2019-2-300x180.jpg 300w, https:\/\/diariotextual.com\/inicio\/wp-content\/uploads\/2019\/06\/superpoblacioncaninaquehueunlpam2019-2-768x460.jpg 768w, https:\/\/diariotextual.com\/inicio\/wp-content\/uploads\/2019\/06\/superpoblacioncaninaquehueunlpam2019-2-585x350.jpg 585w\" sizes=\"(max-width: 1000px) 100vw, 1000px\" \/><\/span><\/p>\n<p class=\"gmail-Standard\"><span lang=\"ES-AR\">Con respecto a la alimentaci\u00f3n, el 29% consume balanceados comerciales, el 25% carne, el 5.4% achuras crudas de faena y el 40.2% alimentos mixtos. Vaquero, que es docente de la c\u00e1tedra de T\u00e9cnica y Patolog\u00eda Quir\u00fargica, advierte que la alimentaci\u00f3n con achuras crudas los est\u00e1 alertando del aumento de la probabilidad del contagio de hidatidosis.<\/span><\/p>\n<p class=\"gmail-Standard\"><span lang=\"ES-AR\">Finalmente,<strong> los extensionistas relevaron que apenas el 17% de los animales estaban castrados.<\/strong> Y casi la totalidad de estos fueron intervenidos quir\u00fargicamente en acciones anteriores al comienzo del proyecto por este mismo grupo de trabajo.<\/span><\/p>\n<p class=\"gmail-Standard\"><span lang=\"ES-AR\">\u00a0<\/span><\/p>\n<p><strong>Charlas y cirug\u00edas<\/strong><\/p>\n<p class=\"gmail-Standard\"><span lang=\"ES-AR\">El docente reconoce el rol fundamental que asumi\u00f3 la Municipalidad de Quehu\u00e9 con esta iniciativa. Aport\u00f3 los espacios donde se realizaron las charlas y las cirug\u00edas. Se ocup\u00f3 de la log\u00edstica en la etapa de castraciones y de los cuidados pos quir\u00fargicos de los animales, acciones que estuvieron a cargo de dos veterinarios locales y del viceintendente, todos ellos graduados de la Facultad de Veterinarias.<\/span><\/p>\n<p class=\"gmail-Standard\"><span lang=\"ES-AR\">El proyecto tambi\u00e9n hizo hincapi\u00e9 en p<\/span><span lang=\"ES-AR\">romover en los estudiantes universitarios pr\u00e1cticas pre-profesionales solidarias. As\u00ed, pudieron analizar diferentes protocolos anest\u00e9sicos, realizaron maniobras quir\u00fargicas b\u00e1sicas y seleccionaron diferentes abordajes para llevar a cabo las esterilizaciones, la inmunizaci\u00f3n antirr\u00e1bica y las desparasitaciones. Tambi\u00e9n intervinieron del \u201cdiagn\u00f3stico participativo de la realidad\u201d de la comunidad de Quehu\u00e9 e interactuaron con los habitantes. \u201cLos estudiantes hacen un cambio rotundo porque lo que se intenta en los proyectos de extensi\u00f3n es sensibilizarlos socialmente, y eso lo logran mediante el contacto con la gente. Adem\u00e1s, tenemos muchos estudiantes del sur del pa\u00eds que van a ser agentes sanitarios en zonas de grandes extensiones y con la experiencia que da este tipo de propuesta, van a evitar problemas de zoonosis muy importantes. Queremos que repliquen all\u00ed lo mismo que est\u00e1n haciendo en Quehu\u00e9\u201d, apunta Vaquero.<\/span><\/p>\n<p class=\"gmail-Standard\"><span lang=\"ES-AR\">\u201c<\/span><span lang=\"ES-AR\">Este a\u00f1o esperamos realizar otra vez las encuestas para evaluar lo hecho en 2018. Tambi\u00e9n volveremos a organizar las charlas de concientizaci\u00f3n focalizadas en la higiene, entre otras actividades\u201d, anticipa.<\/span><\/p>\n<p class=\"gmail-Standard\"><span lang=\"ES-AR\">\u00a0<\/span><span lang=\"ES-AR\">La superpoblaci\u00f3n no es un problema vinculado solamente a las condiciones socioecon\u00f3micas de una urbe. En el diagn\u00f3stico determinaron que en Quehu\u00e9 las actividades realizadas en el \u00e1mbito rural requieren el empleo de perros de razas determinadas y mestizos para que colaboren en las tareas pecuarias y de vigilancia. Los pobladores rurales suelen trasladar a estos animales a la localidad donde conviven con otros en un mismo domicilio. En lugares como Quehu\u00e9 suele haber, al menos, un veterinario, aunque no siempre presta asesoramiento a estas especies. A ello se suma el abandono de mascotas de los habitantes de \u00e1reas cercanas.<\/span><\/p>\n<p>&nbsp;<\/p>\n<p>&nbsp;<\/p>\n","protected":false},"excerpt":{"rendered":"<p>En la localidad de Quehu\u00e9, ubicada a 75 Km al sur de Santa Rosa, hay una mascota por cada 1,2 habitantes. Este dato surge de una encuesta que realizaron docentes&hellip;<\/p>\n","protected":false},"author":3,"featured_media":53173,"comment_status":"closed","ping_status":"open","sticky":false,"template":"","format":"standard","meta":{"_acf_changed":false,"footnotes":""},"categories":[11,319,12],"tags":[1548,167],"class_list":["post-53170","post","type-post","status-publish","format-standard","has-post-thumbnail","hentry","category-que-pasa","category-a-temporales","category-sociedad","tag-perros","tag-quehue"],"acf":[],"yoast_head":"<!-- This site is optimized with the Yoast SEO plugin v27.5 - https:\/\/yoast.com\/product\/yoast-seo-wordpress\/ -->\n<title>Quehu\u00e9: buscan controlar la superpoblaci\u00f3n de mascotas junto a la UNLPam - Diario Textual<\/title>\n<meta name=\"robots\" content=\"index, follow, max-snippet:-1, max-image-preview:large, max-video-preview:-1\" \/>\n<link rel=\"canonical\" href=\"https:\/\/diariotextual.com\/inicio\/index.php\/2019\/06\/22\/quehue-buscan-controlar-la-superpoblacion-mascotas-junto-la-unlpam\/\" \/>\n<meta property=\"og:locale\" content=\"es_ES\" \/>\n<meta property=\"og:type\" content=\"article\" \/>\n<meta property=\"og:title\" content=\"Quehu\u00e9: buscan controlar la superpoblaci\u00f3n de mascotas junto a la UNLPam - Diario Textual\" \/>\n<meta property=\"og:description\" content=\"En la localidad de Quehu\u00e9, ubicada a 75 Km al sur de Santa Rosa, hay una mascota por cada 1,2 habitantes. Este dato surge de una encuesta que realizaron docentes&hellip;\" \/>\n<meta property=\"og:url\" content=\"https:\/\/diariotextual.com\/inicio\/index.php\/2019\/06\/22\/quehue-buscan-controlar-la-superpoblacion-mascotas-junto-la-unlpam\/\" \/>\n<meta property=\"og:site_name\" content=\"Diario Textual\" \/>\n<meta property=\"article:publisher\" content=\"https:\/\/www.facebook.com\/eltextual\" \/>\n<meta property=\"article:published_time\" content=\"2019-06-22T15:33:53+00:00\" \/>\n<meta property=\"article:modified_time\" content=\"2019-06-23T02:49:18+00:00\" \/>\n<meta property=\"og:image\" content=\"https:\/\/diariotextual.com\/inicio\/wp-content\/uploads\/2019\/06\/superpoblacioncaninaquehueunlpam2019-1.jpg\" \/>\n\t<meta property=\"og:image:width\" content=\"1000\" \/>\n\t<meta property=\"og:image:height\" content=\"673\" \/>\n\t<meta property=\"og:image:type\" content=\"image\/jpeg\" \/>\n<meta name=\"author\" content=\"Diario1 Diario1\" \/>\n<meta name=\"twitter:card\" content=\"summary_large_image\" \/>\n<meta name=\"twitter:creator\" content=\"@eltextual\" \/>\n<meta name=\"twitter:site\" content=\"@eltextual\" \/>\n<meta name=\"twitter:label1\" content=\"Escrito por\" \/>\n\t<meta name=\"twitter:data1\" content=\"Diario1 Diario1\" \/>\n\t<meta name=\"twitter:label2\" content=\"Tiempo de lectura\" \/>\n\t<meta name=\"twitter:data2\" content=\"5 minutos\" \/>\n<script type=\"application\/ld+json\" class=\"yoast-schema-graph\">{\"@context\":\"https:\\\/\\\/schema.org\",\"@graph\":[{\"@type\":\"Article\",\"@id\":\"https:\\\/\\\/diariotextual.com\\\/inicio\\\/index.php\\\/2019\\\/06\\\/22\\\/quehue-buscan-controlar-la-superpoblacion-mascotas-junto-la-unlpam\\\/#article\",\"isPartOf\":{\"@id\":\"https:\\\/\\\/diariotextual.com\\\/inicio\\\/index.php\\\/2019\\\/06\\\/22\\\/quehue-buscan-controlar-la-superpoblacion-mascotas-junto-la-unlpam\\\/\"},\"author\":{\"name\":\"Diario1 Diario1\",\"@id\":\"https:\\\/\\\/diariotextual.com\\\/inicio\\\/#\\\/schema\\\/person\\\/418fc4093c33e86ed41562db3508f958\"},\"headline\":\"Quehu\u00e9: buscan controlar la superpoblaci\u00f3n de mascotas junto a la UNLPam\",\"datePublished\":\"2019-06-22T15:33:53+00:00\",\"dateModified\":\"2019-06-23T02:49:18+00:00\",\"mainEntityOfPage\":{\"@id\":\"https:\\\/\\\/diariotextual.com\\\/inicio\\\/index.php\\\/2019\\\/06\\\/22\\\/quehue-buscan-controlar-la-superpoblacion-mascotas-junto-la-unlpam\\\/\"},\"wordCount\":1028,\"publisher\":{\"@id\":\"https:\\\/\\\/diariotextual.com\\\/inicio\\\/#organization\"},\"image\":{\"@id\":\"https:\\\/\\\/diariotextual.com\\\/inicio\\\/index.php\\\/2019\\\/06\\\/22\\\/quehue-buscan-controlar-la-superpoblacion-mascotas-junto-la-unlpam\\\/#primaryimage\"},\"thumbnailUrl\":\"https:\\\/\\\/diariotextual.com\\\/inicio\\\/wp-content\\\/uploads\\\/2019\\\/06\\\/superpoblacioncaninaquehueunlpam2019-1.jpg\",\"keywords\":[\"perros\",\"quehue\"],\"articleSection\":[\"A - QUE PASA (al costado)\",\"A - TEMPORALES\",\"SOCIEDAD\"],\"inLanguage\":\"es\"},{\"@type\":\"WebPage\",\"@id\":\"https:\\\/\\\/diariotextual.com\\\/inicio\\\/index.php\\\/2019\\\/06\\\/22\\\/quehue-buscan-controlar-la-superpoblacion-mascotas-junto-la-unlpam\\\/\",\"url\":\"https:\\\/\\\/diariotextual.com\\\/inicio\\\/index.php\\\/2019\\\/06\\\/22\\\/quehue-buscan-controlar-la-superpoblacion-mascotas-junto-la-unlpam\\\/\",\"name\":\"Quehu\u00e9: buscan controlar la superpoblaci\u00f3n de mascotas junto a la UNLPam - Diario Textual\",\"isPartOf\":{\"@id\":\"https:\\\/\\\/diariotextual.com\\\/inicio\\\/#website\"},\"primaryImageOfPage\":{\"@id\":\"https:\\\/\\\/diariotextual.com\\\/inicio\\\/index.php\\\/2019\\\/06\\\/22\\\/quehue-buscan-controlar-la-superpoblacion-mascotas-junto-la-unlpam\\\/#primaryimage\"},\"image\":{\"@id\":\"https:\\\/\\\/diariotextual.com\\\/inicio\\\/index.php\\\/2019\\\/06\\\/22\\\/quehue-buscan-controlar-la-superpoblacion-mascotas-junto-la-unlpam\\\/#primaryimage\"},\"thumbnailUrl\":\"https:\\\/\\\/diariotextual.com\\\/inicio\\\/wp-content\\\/uploads\\\/2019\\\/06\\\/superpoblacioncaninaquehueunlpam2019-1.jpg\",\"datePublished\":\"2019-06-22T15:33:53+00:00\",\"dateModified\":\"2019-06-23T02:49:18+00:00\",\"breadcrumb\":{\"@id\":\"https:\\\/\\\/diariotextual.com\\\/inicio\\\/index.php\\\/2019\\\/06\\\/22\\\/quehue-buscan-controlar-la-superpoblacion-mascotas-junto-la-unlpam\\\/#breadcrumb\"},\"inLanguage\":\"es\",\"potentialAction\":[{\"@type\":\"ReadAction\",\"target\":[\"https:\\\/\\\/diariotextual.com\\\/inicio\\\/index.php\\\/2019\\\/06\\\/22\\\/quehue-buscan-controlar-la-superpoblacion-mascotas-junto-la-unlpam\\\/\"]}]},{\"@type\":\"ImageObject\",\"inLanguage\":\"es\",\"@id\":\"https:\\\/\\\/diariotextual.com\\\/inicio\\\/index.php\\\/2019\\\/06\\\/22\\\/quehue-buscan-controlar-la-superpoblacion-mascotas-junto-la-unlpam\\\/#primaryimage\",\"url\":\"https:\\\/\\\/diariotextual.com\\\/inicio\\\/wp-content\\\/uploads\\\/2019\\\/06\\\/superpoblacioncaninaquehueunlpam2019-1.jpg\",\"contentUrl\":\"https:\\\/\\\/diariotextual.com\\\/inicio\\\/wp-content\\\/uploads\\\/2019\\\/06\\\/superpoblacioncaninaquehueunlpam2019-1.jpg\",\"width\":1000,\"height\":673},{\"@type\":\"BreadcrumbList\",\"@id\":\"https:\\\/\\\/diariotextual.com\\\/inicio\\\/index.php\\\/2019\\\/06\\\/22\\\/quehue-buscan-controlar-la-superpoblacion-mascotas-junto-la-unlpam\\\/#breadcrumb\",\"itemListElement\":[{\"@type\":\"ListItem\",\"position\":1,\"name\":\"Portada\",\"item\":\"https:\\\/\\\/diariotextual.com\\\/inicio\\\/\"},{\"@type\":\"ListItem\",\"position\":2,\"name\":\"Quehu\u00e9: buscan controlar la superpoblaci\u00f3n de mascotas junto a la UNLPam\"}]},{\"@type\":\"WebSite\",\"@id\":\"https:\\\/\\\/diariotextual.com\\\/inicio\\\/#website\",\"url\":\"https:\\\/\\\/diariotextual.com\\\/inicio\\\/\",\"name\":\"Diario Textual\",\"description\":\"\",\"publisher\":{\"@id\":\"https:\\\/\\\/diariotextual.com\\\/inicio\\\/#organization\"},\"potentialAction\":[{\"@type\":\"SearchAction\",\"target\":{\"@type\":\"EntryPoint\",\"urlTemplate\":\"https:\\\/\\\/diariotextual.com\\\/inicio\\\/?s={search_term_string}\"},\"query-input\":{\"@type\":\"PropertyValueSpecification\",\"valueRequired\":true,\"valueName\":\"search_term_string\"}}],\"inLanguage\":\"es\"},{\"@type\":\"Organization\",\"@id\":\"https:\\\/\\\/diariotextual.com\\\/inicio\\\/#organization\",\"name\":\"Diario Textual\",\"url\":\"https:\\\/\\\/diariotextual.com\\\/inicio\\\/\",\"logo\":{\"@type\":\"ImageObject\",\"inLanguage\":\"es\",\"@id\":\"https:\\\/\\\/diariotextual.com\\\/inicio\\\/#\\\/schema\\\/logo\\\/image\\\/\",\"url\":\"https:\\\/\\\/diariotextual.com\\\/inicio\\\/wp-content\\\/uploads\\\/2023\\\/05\\\/logotextual1.jpg\",\"contentUrl\":\"https:\\\/\\\/diariotextual.com\\\/inicio\\\/wp-content\\\/uploads\\\/2023\\\/05\\\/logotextual1.jpg\",\"width\":516,\"height\":76,\"caption\":\"Diario Textual\"},\"image\":{\"@id\":\"https:\\\/\\\/diariotextual.com\\\/inicio\\\/#\\\/schema\\\/logo\\\/image\\\/\"},\"sameAs\":[\"https:\\\/\\\/www.facebook.com\\\/eltextual\",\"https:\\\/\\\/x.com\\\/eltextual\",\"http:\\\/\\\/www.instagram.com\\\/eltextual\"]},{\"@type\":\"Person\",\"@id\":\"https:\\\/\\\/diariotextual.com\\\/inicio\\\/#\\\/schema\\\/person\\\/418fc4093c33e86ed41562db3508f958\",\"name\":\"Diario1 Diario1\",\"image\":{\"@type\":\"ImageObject\",\"inLanguage\":\"es\",\"@id\":\"https:\\\/\\\/secure.gravatar.com\\\/avatar\\\/9167d280179c85bc18be67aa7eda765854300033af4896dd779b608640f2ef7a?s=96&d=mm&r=g\",\"url\":\"https:\\\/\\\/secure.gravatar.com\\\/avatar\\\/9167d280179c85bc18be67aa7eda765854300033af4896dd779b608640f2ef7a?s=96&d=mm&r=g\",\"contentUrl\":\"https:\\\/\\\/secure.gravatar.com\\\/avatar\\\/9167d280179c85bc18be67aa7eda765854300033af4896dd779b608640f2ef7a?s=96&d=mm&r=g\",\"caption\":\"Diario1 Diario1\"},\"url\":\"https:\\\/\\\/diariotextual.com\\\/inicio\\\/index.php\\\/author\\\/diario1\\\/\"}]}<\/script>\n<!-- \/ Yoast SEO plugin. -->","yoast_head_json":{"title":"Quehu\u00e9: buscan controlar la superpoblaci\u00f3n de mascotas junto a la UNLPam - Diario Textual","robots":{"index":"index","follow":"follow","max-snippet":"max-snippet:-1","max-image-preview":"max-image-preview:large","max-video-preview":"max-video-preview:-1"},"canonical":"https:\/\/diariotextual.com\/inicio\/index.php\/2019\/06\/22\/quehue-buscan-controlar-la-superpoblacion-mascotas-junto-la-unlpam\/","og_locale":"es_ES","og_type":"article","og_title":"Quehu\u00e9: buscan controlar la superpoblaci\u00f3n de mascotas junto a la UNLPam - Diario Textual","og_description":"En la localidad de Quehu\u00e9, ubicada a 75 Km al sur de Santa Rosa, hay una mascota por cada 1,2 habitantes. Este dato surge de una encuesta que realizaron docentes&hellip;","og_url":"https:\/\/diariotextual.com\/inicio\/index.php\/2019\/06\/22\/quehue-buscan-controlar-la-superpoblacion-mascotas-junto-la-unlpam\/","og_site_name":"Diario Textual","article_publisher":"https:\/\/www.facebook.com\/eltextual","article_published_time":"2019-06-22T15:33:53+00:00","article_modified_time":"2019-06-23T02:49:18+00:00","og_image":[{"width":1000,"height":673,"url":"https:\/\/diariotextual.com\/inicio\/wp-content\/uploads\/2019\/06\/superpoblacioncaninaquehueunlpam2019-1.jpg","type":"image\/jpeg"}],"author":"Diario1 Diario1","twitter_card":"summary_large_image","twitter_creator":"@eltextual","twitter_site":"@eltextual","twitter_misc":{"Escrito por":"Diario1 Diario1","Tiempo de lectura":"5 minutos"},"schema":{"@context":"https:\/\/schema.org","@graph":[{"@type":"Article","@id":"https:\/\/diariotextual.com\/inicio\/index.php\/2019\/06\/22\/quehue-buscan-controlar-la-superpoblacion-mascotas-junto-la-unlpam\/#article","isPartOf":{"@id":"https:\/\/diariotextual.com\/inicio\/index.php\/2019\/06\/22\/quehue-buscan-controlar-la-superpoblacion-mascotas-junto-la-unlpam\/"},"author":{"name":"Diario1 Diario1","@id":"https:\/\/diariotextual.com\/inicio\/#\/schema\/person\/418fc4093c33e86ed41562db3508f958"},"headline":"Quehu\u00e9: buscan controlar la superpoblaci\u00f3n de mascotas junto a la UNLPam","datePublished":"2019-06-22T15:33:53+00:00","dateModified":"2019-06-23T02:49:18+00:00","mainEntityOfPage":{"@id":"https:\/\/diariotextual.com\/inicio\/index.php\/2019\/06\/22\/quehue-buscan-controlar-la-superpoblacion-mascotas-junto-la-unlpam\/"},"wordCount":1028,"publisher":{"@id":"https:\/\/diariotextual.com\/inicio\/#organization"},"image":{"@id":"https:\/\/diariotextual.com\/inicio\/index.php\/2019\/06\/22\/quehue-buscan-controlar-la-superpoblacion-mascotas-junto-la-unlpam\/#primaryimage"},"thumbnailUrl":"https:\/\/diariotextual.com\/inicio\/wp-content\/uploads\/2019\/06\/superpoblacioncaninaquehueunlpam2019-1.jpg","keywords":["perros","quehue"],"articleSection":["A - QUE PASA (al costado)","A - TEMPORALES","SOCIEDAD"],"inLanguage":"es"},{"@type":"WebPage","@id":"https:\/\/diariotextual.com\/inicio\/index.php\/2019\/06\/22\/quehue-buscan-controlar-la-superpoblacion-mascotas-junto-la-unlpam\/","url":"https:\/\/diariotextual.com\/inicio\/index.php\/2019\/06\/22\/quehue-buscan-controlar-la-superpoblacion-mascotas-junto-la-unlpam\/","name":"Quehu\u00e9: buscan controlar la superpoblaci\u00f3n de mascotas junto a la UNLPam - Diario Textual","isPartOf":{"@id":"https:\/\/diariotextual.com\/inicio\/#website"},"primaryImageOfPage":{"@id":"https:\/\/diariotextual.com\/inicio\/index.php\/2019\/06\/22\/quehue-buscan-controlar-la-superpoblacion-mascotas-junto-la-unlpam\/#primaryimage"},"image":{"@id":"https:\/\/diariotextual.com\/inicio\/index.php\/2019\/06\/22\/quehue-buscan-controlar-la-superpoblacion-mascotas-junto-la-unlpam\/#primaryimage"},"thumbnailUrl":"https:\/\/diariotextual.com\/inicio\/wp-content\/uploads\/2019\/06\/superpoblacioncaninaquehueunlpam2019-1.jpg","datePublished":"2019-06-22T15:33:53+00:00","dateModified":"2019-06-23T02:49:18+00:00","breadcrumb":{"@id":"https:\/\/diariotextual.com\/inicio\/index.php\/2019\/06\/22\/quehue-buscan-controlar-la-superpoblacion-mascotas-junto-la-unlpam\/#breadcrumb"},"inLanguage":"es","potentialAction":[{"@type":"ReadAction","target":["https:\/\/diariotextual.com\/inicio\/index.php\/2019\/06\/22\/quehue-buscan-controlar-la-superpoblacion-mascotas-junto-la-unlpam\/"]}]},{"@type":"ImageObject","inLanguage":"es","@id":"https:\/\/diariotextual.com\/inicio\/index.php\/2019\/06\/22\/quehue-buscan-controlar-la-superpoblacion-mascotas-junto-la-unlpam\/#primaryimage","url":"https:\/\/diariotextual.com\/inicio\/wp-content\/uploads\/2019\/06\/superpoblacioncaninaquehueunlpam2019-1.jpg","contentUrl":"https:\/\/diariotextual.com\/inicio\/wp-content\/uploads\/2019\/06\/superpoblacioncaninaquehueunlpam2019-1.jpg","width":1000,"height":673},{"@type":"BreadcrumbList","@id":"https:\/\/diariotextual.com\/inicio\/index.php\/2019\/06\/22\/quehue-buscan-controlar-la-superpoblacion-mascotas-junto-la-unlpam\/#breadcrumb","itemListElement":[{"@type":"ListItem","position":1,"name":"Portada","item":"https:\/\/diariotextual.com\/inicio\/"},{"@type":"ListItem","position":2,"name":"Quehu\u00e9: buscan controlar la superpoblaci\u00f3n de mascotas junto a la UNLPam"}]},{"@type":"WebSite","@id":"https:\/\/diariotextual.com\/inicio\/#website","url":"https:\/\/diariotextual.com\/inicio\/","name":"Diario Textual","description":"","publisher":{"@id":"https:\/\/diariotextual.com\/inicio\/#organization"},"potentialAction":[{"@type":"SearchAction","target":{"@type":"EntryPoint","urlTemplate":"https:\/\/diariotextual.com\/inicio\/?s={search_term_string}"},"query-input":{"@type":"PropertyValueSpecification","valueRequired":true,"valueName":"search_term_string"}}],"inLanguage":"es"},{"@type":"Organization","@id":"https:\/\/diariotextual.com\/inicio\/#organization","name":"Diario Textual","url":"https:\/\/diariotextual.com\/inicio\/","logo":{"@type":"ImageObject","inLanguage":"es","@id":"https:\/\/diariotextual.com\/inicio\/#\/schema\/logo\/image\/","url":"https:\/\/diariotextual.com\/inicio\/wp-content\/uploads\/2023\/05\/logotextual1.jpg","contentUrl":"https:\/\/diariotextual.com\/inicio\/wp-content\/uploads\/2023\/05\/logotextual1.jpg","width":516,"height":76,"caption":"Diario Textual"},"image":{"@id":"https:\/\/diariotextual.com\/inicio\/#\/schema\/logo\/image\/"},"sameAs":["https:\/\/www.facebook.com\/eltextual","https:\/\/x.com\/eltextual","http:\/\/www.instagram.com\/eltextual"]},{"@type":"Person","@id":"https:\/\/diariotextual.com\/inicio\/#\/schema\/person\/418fc4093c33e86ed41562db3508f958","name":"Diario1 Diario1","image":{"@type":"ImageObject","inLanguage":"es","@id":"https:\/\/secure.gravatar.com\/avatar\/9167d280179c85bc18be67aa7eda765854300033af4896dd779b608640f2ef7a?s=96&d=mm&r=g","url":"https:\/\/secure.gravatar.com\/avatar\/9167d280179c85bc18be67aa7eda765854300033af4896dd779b608640f2ef7a?s=96&d=mm&r=g","contentUrl":"https:\/\/secure.gravatar.com\/avatar\/9167d280179c85bc18be67aa7eda765854300033af4896dd779b608640f2ef7a?s=96&d=mm&r=g","caption":"Diario1 Diario1"},"url":"https:\/\/diariotextual.com\/inicio\/index.php\/author\/diario1\/"}]}},"_links":{"self":[{"href":"https:\/\/diariotextual.com\/inicio\/index.php\/wp-json\/wp\/v2\/posts\/53170","targetHints":{"allow":["GET"]}}],"collection":[{"href":"https:\/\/diariotextual.com\/inicio\/index.php\/wp-json\/wp\/v2\/posts"}],"about":[{"href":"https:\/\/diariotextual.com\/inicio\/index.php\/wp-json\/wp\/v2\/types\/post"}],"author":[{"embeddable":true,"href":"https:\/\/diariotextual.com\/inicio\/index.php\/wp-json\/wp\/v2\/users\/3"}],"replies":[{"embeddable":true,"href":"https:\/\/diariotextual.com\/inicio\/index.php\/wp-json\/wp\/v2\/comments?post=53170"}],"version-history":[{"count":4,"href":"https:\/\/diariotextual.com\/inicio\/index.php\/wp-json\/wp\/v2\/posts\/53170\/revisions"}],"predecessor-version":[{"id":53179,"href":"https:\/\/diariotextual.com\/inicio\/index.php\/wp-json\/wp\/v2\/posts\/53170\/revisions\/53179"}],"wp:featuredmedia":[{"embeddable":true,"href":"https:\/\/diariotextual.com\/inicio\/index.php\/wp-json\/wp\/v2\/media\/53173"}],"wp:attachment":[{"href":"https:\/\/diariotextual.com\/inicio\/index.php\/wp-json\/wp\/v2\/media?parent=53170"}],"wp:term":[{"taxonomy":"category","embeddable":true,"href":"https:\/\/diariotextual.com\/inicio\/index.php\/wp-json\/wp\/v2\/categories?post=53170"},{"taxonomy":"post_tag","embeddable":true,"href":"https:\/\/diariotextual.com\/inicio\/index.php\/wp-json\/wp\/v2\/tags?post=53170"}],"curies":[{"name":"wp","href":"https:\/\/api.w.org\/{rel}","templated":true}]}}