{"id":53196,"date":"2019-06-22T20:22:20","date_gmt":"2019-06-22T23:22:20","guid":{"rendered":"http:\/\/diariotextual.com\/inicio\/?p=53196"},"modified":"2019-06-22T20:45:19","modified_gmt":"2019-06-22T23:45:19","slug":"ayelen-pilcic-la-candidata-diputada-del-nuevo-mas","status":"publish","type":"post","link":"https:\/\/diariotextual.com\/inicio\/index.php\/2019\/06\/22\/ayelen-pilcic-la-candidata-diputada-del-nuevo-mas\/","title":{"rendered":"Ayel\u00e9n Pilcic, la candidata a diputada del Nuevo MAS"},"content":{"rendered":"<p><strong>Ayel\u00e9n Pilcic<\/strong> es la primera candidata a diputada nacional en La Pampa por el Nuevo Movimiento al Socialismo (Nuevo MAS). Es acompa\u00f1ada por Lucas Torres, como segundo candidato a diputado nacional. Los suplentes son Antonella Gait\u00e1n y Facundo L\u00f3pez Adorno.<\/p>\n<p>La boleta acompa\u00f1a la candidatura a presidenta de Manuela Casta\u00f1eira y de vice a Eduardo Mulhall. Es el \u00fanico partido que concurre a las PASO sin integrar un frente con otras fuerzas.<\/p>\n<p>La campa\u00f1a, dijo Pilcic a <strong>Diario Textual<\/strong>, estar\u00e1 centrada en dos ejes: <strong>la ruptura con el Fondo Monetario Internacional<\/strong> para que el \u00abajuste no lo sigan pagando los trabajadores y las trabajadoras\u00bb del pa\u00eds; y<strong> la reinvindicaci\u00f3n de la lucha feminista y la \u00abmarea verde\u00bb<\/strong>, como la campa\u00f1a por el aborto legal, seguro y gratuito.<\/p>\n<p>De esta manera,<strong> hay cinco ofertas electorales en la provincia.<\/strong> Una de los principales fuerzas es el <strong>Frente de Todos<\/strong>, encabezado por el PJ, junto al partido Humanista, Nuevo Encuentro y Frente Renovador. Postulan a Hern\u00e1n P\u00e9rez Araujo y Carmina Besga y respaldan la candidatura a presidente de Alberto Fern\u00e1ndez y Cristina Fern\u00e1nez.<\/p>\n<p>Por otro lado, se presenta el <strong>Frente Juntos por el Cambio<\/strong>, que est\u00e1 integrado por la Uni\u00f3n C\u00edvica Radical (UCR), Propuesta Republicana (PRO), Movimiento de Integraci\u00f3n y Desarrollo (MID), Movimiento Federalista Pampeano (Mofepa), GEN y Partido del Frente. A\u00fan no definieron, pero llevar\u00eda de primer candidato al radical Mart\u00edn Berhongaray. Respaldan, a nivel nacional, a Mauricio Macri y Miguel Pichetto.<\/p>\n<p>Adem\u00e1s, se presenta el<strong> Partido Socialista<\/strong> que respalda a la coalici\u00f3n nacional de <strong>Consenso Federal<\/strong>, que lleva de candidato a presidente a Roberto Lavagna. Por nuestra provincia son candidatos a diputados nacionales Luis Solana y Marina Vanini.<\/p>\n<p>El <strong>Frente de Izquierda<\/strong>, a su vez, est\u00e1 integrado por el Partido Obrero, el Partido de los Trabajadores Socialistas y el Movimiento Socialista de los Trabajadores. Claudia Lupardo y Jonatan G\u00f3mez encabezan la lista a diputados.<\/p>\n<p>&nbsp;<\/p>\n<p>&nbsp;<\/p>\n<p>&nbsp;<\/p>\n<p>&nbsp;<\/p>\n<p>&nbsp;<\/p>\n<p>&nbsp;<\/p>\n","protected":false},"excerpt":{"rendered":"<p>Ayel\u00e9n Pilcic es la primera candidata a diputada nacional en La Pampa por el Nuevo Movimiento al Socialismo (Nuevo MAS). Es acompa\u00f1ada por Lucas Torres, como segundo candidato a diputado&hellip;<\/p>\n","protected":false},"author":3,"featured_media":53199,"comment_status":"closed","ping_status":"open","sticky":false,"template":"","format":"standard","meta":{"_acf_changed":false,"footnotes":""},"categories":[11,319,8],"tags":[],"class_list":["post-53196","post","type-post","status-publish","format-standard","has-post-thumbnail","hentry","category-que-pasa","category-a-temporales","category-politica"],"acf":[],"yoast_head":"<!-- This site is optimized with the Yoast SEO plugin v27.5 - https:\/\/yoast.com\/product\/yoast-seo-wordpress\/ -->\n<title>Ayel\u00e9n Pilcic, la candidata a diputada del Nuevo MAS - Diario Textual<\/title>\n<meta name=\"robots\" content=\"index, follow, max-snippet:-1, max-image-preview:large, max-video-preview:-1\" \/>\n<link rel=\"canonical\" href=\"https:\/\/diariotextual.com\/inicio\/index.php\/2019\/06\/22\/ayelen-pilcic-la-candidata-diputada-del-nuevo-mas\/\" \/>\n<meta property=\"og:locale\" content=\"es_ES\" \/>\n<meta property=\"og:type\" content=\"article\" \/>\n<meta property=\"og:title\" content=\"Ayel\u00e9n Pilcic, la candidata a diputada del Nuevo MAS - Diario Textual\" \/>\n<meta property=\"og:description\" content=\"Ayel\u00e9n Pilcic es la primera candidata a diputada nacional en La Pampa por el Nuevo Movimiento al Socialismo (Nuevo MAS). Es acompa\u00f1ada por Lucas Torres, como segundo candidato a diputado&hellip;\" \/>\n<meta property=\"og:url\" content=\"https:\/\/diariotextual.com\/inicio\/index.php\/2019\/06\/22\/ayelen-pilcic-la-candidata-diputada-del-nuevo-mas\/\" \/>\n<meta property=\"og:site_name\" content=\"Diario Textual\" \/>\n<meta property=\"article:publisher\" content=\"https:\/\/www.facebook.com\/eltextual\" \/>\n<meta property=\"article:published_time\" content=\"2019-06-22T23:22:20+00:00\" \/>\n<meta property=\"article:modified_time\" content=\"2019-06-22T23:45:19+00:00\" \/>\n<meta property=\"og:image\" content=\"https:\/\/diariotextual.com\/inicio\/wp-content\/uploads\/2019\/06\/pilcicayelen79.jpg\" \/>\n\t<meta property=\"og:image:width\" content=\"960\" \/>\n\t<meta property=\"og:image:height\" content=\"635\" \/>\n\t<meta property=\"og:image:type\" content=\"image\/jpeg\" \/>\n<meta name=\"author\" content=\"Diario1 Diario1\" \/>\n<meta name=\"twitter:card\" content=\"summary_large_image\" \/>\n<meta name=\"twitter:creator\" content=\"@eltextual\" \/>\n<meta name=\"twitter:site\" content=\"@eltextual\" \/>\n<meta name=\"twitter:label1\" content=\"Escrito por\" \/>\n\t<meta name=\"twitter:data1\" content=\"Diario1 Diario1\" \/>\n\t<meta name=\"twitter:label2\" content=\"Tiempo de lectura\" \/>\n\t<meta name=\"twitter:data2\" content=\"2 minutos\" \/>\n<script type=\"application\/ld+json\" class=\"yoast-schema-graph\">{\"@context\":\"https:\\\/\\\/schema.org\",\"@graph\":[{\"@type\":\"Article\",\"@id\":\"https:\\\/\\\/diariotextual.com\\\/inicio\\\/index.php\\\/2019\\\/06\\\/22\\\/ayelen-pilcic-la-candidata-diputada-del-nuevo-mas\\\/#article\",\"isPartOf\":{\"@id\":\"https:\\\/\\\/diariotextual.com\\\/inicio\\\/index.php\\\/2019\\\/06\\\/22\\\/ayelen-pilcic-la-candidata-diputada-del-nuevo-mas\\\/\"},\"author\":{\"name\":\"Diario1 Diario1\",\"@id\":\"https:\\\/\\\/diariotextual.com\\\/inicio\\\/#\\\/schema\\\/person\\\/418fc4093c33e86ed41562db3508f958\"},\"headline\":\"Ayel\u00e9n Pilcic, la candidata a diputada del Nuevo MAS\",\"datePublished\":\"2019-06-22T23:22:20+00:00\",\"dateModified\":\"2019-06-22T23:45:19+00:00\",\"mainEntityOfPage\":{\"@id\":\"https:\\\/\\\/diariotextual.com\\\/inicio\\\/index.php\\\/2019\\\/06\\\/22\\\/ayelen-pilcic-la-candidata-diputada-del-nuevo-mas\\\/\"},\"wordCount\":352,\"publisher\":{\"@id\":\"https:\\\/\\\/diariotextual.com\\\/inicio\\\/#organization\"},\"image\":{\"@id\":\"https:\\\/\\\/diariotextual.com\\\/inicio\\\/index.php\\\/2019\\\/06\\\/22\\\/ayelen-pilcic-la-candidata-diputada-del-nuevo-mas\\\/#primaryimage\"},\"thumbnailUrl\":\"https:\\\/\\\/diariotextual.com\\\/inicio\\\/wp-content\\\/uploads\\\/2019\\\/06\\\/pilcicayelen79.jpg\",\"articleSection\":[\"A - QUE PASA (al costado)\",\"A - TEMPORALES\",\"POLITICA\"],\"inLanguage\":\"es\"},{\"@type\":\"WebPage\",\"@id\":\"https:\\\/\\\/diariotextual.com\\\/inicio\\\/index.php\\\/2019\\\/06\\\/22\\\/ayelen-pilcic-la-candidata-diputada-del-nuevo-mas\\\/\",\"url\":\"https:\\\/\\\/diariotextual.com\\\/inicio\\\/index.php\\\/2019\\\/06\\\/22\\\/ayelen-pilcic-la-candidata-diputada-del-nuevo-mas\\\/\",\"name\":\"Ayel\u00e9n Pilcic, la candidata a diputada del Nuevo MAS - Diario Textual\",\"isPartOf\":{\"@id\":\"https:\\\/\\\/diariotextual.com\\\/inicio\\\/#website\"},\"primaryImageOfPage\":{\"@id\":\"https:\\\/\\\/diariotextual.com\\\/inicio\\\/index.php\\\/2019\\\/06\\\/22\\\/ayelen-pilcic-la-candidata-diputada-del-nuevo-mas\\\/#primaryimage\"},\"image\":{\"@id\":\"https:\\\/\\\/diariotextual.com\\\/inicio\\\/index.php\\\/2019\\\/06\\\/22\\\/ayelen-pilcic-la-candidata-diputada-del-nuevo-mas\\\/#primaryimage\"},\"thumbnailUrl\":\"https:\\\/\\\/diariotextual.com\\\/inicio\\\/wp-content\\\/uploads\\\/2019\\\/06\\\/pilcicayelen79.jpg\",\"datePublished\":\"2019-06-22T23:22:20+00:00\",\"dateModified\":\"2019-06-22T23:45:19+00:00\",\"breadcrumb\":{\"@id\":\"https:\\\/\\\/diariotextual.com\\\/inicio\\\/index.php\\\/2019\\\/06\\\/22\\\/ayelen-pilcic-la-candidata-diputada-del-nuevo-mas\\\/#breadcrumb\"},\"inLanguage\":\"es\",\"potentialAction\":[{\"@type\":\"ReadAction\",\"target\":[\"https:\\\/\\\/diariotextual.com\\\/inicio\\\/index.php\\\/2019\\\/06\\\/22\\\/ayelen-pilcic-la-candidata-diputada-del-nuevo-mas\\\/\"]}]},{\"@type\":\"ImageObject\",\"inLanguage\":\"es\",\"@id\":\"https:\\\/\\\/diariotextual.com\\\/inicio\\\/index.php\\\/2019\\\/06\\\/22\\\/ayelen-pilcic-la-candidata-diputada-del-nuevo-mas\\\/#primaryimage\",\"url\":\"https:\\\/\\\/diariotextual.com\\\/inicio\\\/wp-content\\\/uploads\\\/2019\\\/06\\\/pilcicayelen79.jpg\",\"contentUrl\":\"https:\\\/\\\/diariotextual.com\\\/inicio\\\/wp-content\\\/uploads\\\/2019\\\/06\\\/pilcicayelen79.jpg\",\"width\":960,\"height\":635},{\"@type\":\"BreadcrumbList\",\"@id\":\"https:\\\/\\\/diariotextual.com\\\/inicio\\\/index.php\\\/2019\\\/06\\\/22\\\/ayelen-pilcic-la-candidata-diputada-del-nuevo-mas\\\/#breadcrumb\",\"itemListElement\":[{\"@type\":\"ListItem\",\"position\":1,\"name\":\"Portada\",\"item\":\"https:\\\/\\\/diariotextual.com\\\/inicio\\\/\"},{\"@type\":\"ListItem\",\"position\":2,\"name\":\"Ayel\u00e9n Pilcic, la candidata a diputada del Nuevo MAS\"}]},{\"@type\":\"WebSite\",\"@id\":\"https:\\\/\\\/diariotextual.com\\\/inicio\\\/#website\",\"url\":\"https:\\\/\\\/diariotextual.com\\\/inicio\\\/\",\"name\":\"Diario Textual\",\"description\":\"\",\"publisher\":{\"@id\":\"https:\\\/\\\/diariotextual.com\\\/inicio\\\/#organization\"},\"potentialAction\":[{\"@type\":\"SearchAction\",\"target\":{\"@type\":\"EntryPoint\",\"urlTemplate\":\"https:\\\/\\\/diariotextual.com\\\/inicio\\\/?s={search_term_string}\"},\"query-input\":{\"@type\":\"PropertyValueSpecification\",\"valueRequired\":true,\"valueName\":\"search_term_string\"}}],\"inLanguage\":\"es\"},{\"@type\":\"Organization\",\"@id\":\"https:\\\/\\\/diariotextual.com\\\/inicio\\\/#organization\",\"name\":\"Diario Textual\",\"url\":\"https:\\\/\\\/diariotextual.com\\\/inicio\\\/\",\"logo\":{\"@type\":\"ImageObject\",\"inLanguage\":\"es\",\"@id\":\"https:\\\/\\\/diariotextual.com\\\/inicio\\\/#\\\/schema\\\/logo\\\/image\\\/\",\"url\":\"https:\\\/\\\/diariotextual.com\\\/inicio\\\/wp-content\\\/uploads\\\/2023\\\/05\\\/logotextual1.jpg\",\"contentUrl\":\"https:\\\/\\\/diariotextual.com\\\/inicio\\\/wp-content\\\/uploads\\\/2023\\\/05\\\/logotextual1.jpg\",\"width\":516,\"height\":76,\"caption\":\"Diario Textual\"},\"image\":{\"@id\":\"https:\\\/\\\/diariotextual.com\\\/inicio\\\/#\\\/schema\\\/logo\\\/image\\\/\"},\"sameAs\":[\"https:\\\/\\\/www.facebook.com\\\/eltextual\",\"https:\\\/\\\/x.com\\\/eltextual\",\"http:\\\/\\\/www.instagram.com\\\/eltextual\"]},{\"@type\":\"Person\",\"@id\":\"https:\\\/\\\/diariotextual.com\\\/inicio\\\/#\\\/schema\\\/person\\\/418fc4093c33e86ed41562db3508f958\",\"name\":\"Diario1 Diario1\",\"image\":{\"@type\":\"ImageObject\",\"inLanguage\":\"es\",\"@id\":\"https:\\\/\\\/secure.gravatar.com\\\/avatar\\\/9167d280179c85bc18be67aa7eda765854300033af4896dd779b608640f2ef7a?s=96&d=mm&r=g\",\"url\":\"https:\\\/\\\/secure.gravatar.com\\\/avatar\\\/9167d280179c85bc18be67aa7eda765854300033af4896dd779b608640f2ef7a?s=96&d=mm&r=g\",\"contentUrl\":\"https:\\\/\\\/secure.gravatar.com\\\/avatar\\\/9167d280179c85bc18be67aa7eda765854300033af4896dd779b608640f2ef7a?s=96&d=mm&r=g\",\"caption\":\"Diario1 Diario1\"},\"url\":\"https:\\\/\\\/diariotextual.com\\\/inicio\\\/index.php\\\/author\\\/diario1\\\/\"}]}<\/script>\n<!-- \/ Yoast SEO plugin. -->","yoast_head_json":{"title":"Ayel\u00e9n Pilcic, la candidata a diputada del Nuevo MAS - Diario Textual","robots":{"index":"index","follow":"follow","max-snippet":"max-snippet:-1","max-image-preview":"max-image-preview:large","max-video-preview":"max-video-preview:-1"},"canonical":"https:\/\/diariotextual.com\/inicio\/index.php\/2019\/06\/22\/ayelen-pilcic-la-candidata-diputada-del-nuevo-mas\/","og_locale":"es_ES","og_type":"article","og_title":"Ayel\u00e9n Pilcic, la candidata a diputada del Nuevo MAS - Diario Textual","og_description":"Ayel\u00e9n Pilcic es la primera candidata a diputada nacional en La Pampa por el Nuevo Movimiento al Socialismo (Nuevo MAS). Es acompa\u00f1ada por Lucas Torres, como segundo candidato a diputado&hellip;","og_url":"https:\/\/diariotextual.com\/inicio\/index.php\/2019\/06\/22\/ayelen-pilcic-la-candidata-diputada-del-nuevo-mas\/","og_site_name":"Diario Textual","article_publisher":"https:\/\/www.facebook.com\/eltextual","article_published_time":"2019-06-22T23:22:20+00:00","article_modified_time":"2019-06-22T23:45:19+00:00","og_image":[{"width":960,"height":635,"url":"https:\/\/diariotextual.com\/inicio\/wp-content\/uploads\/2019\/06\/pilcicayelen79.jpg","type":"image\/jpeg"}],"author":"Diario1 Diario1","twitter_card":"summary_large_image","twitter_creator":"@eltextual","twitter_site":"@eltextual","twitter_misc":{"Escrito por":"Diario1 Diario1","Tiempo de lectura":"2 minutos"},"schema":{"@context":"https:\/\/schema.org","@graph":[{"@type":"Article","@id":"https:\/\/diariotextual.com\/inicio\/index.php\/2019\/06\/22\/ayelen-pilcic-la-candidata-diputada-del-nuevo-mas\/#article","isPartOf":{"@id":"https:\/\/diariotextual.com\/inicio\/index.php\/2019\/06\/22\/ayelen-pilcic-la-candidata-diputada-del-nuevo-mas\/"},"author":{"name":"Diario1 Diario1","@id":"https:\/\/diariotextual.com\/inicio\/#\/schema\/person\/418fc4093c33e86ed41562db3508f958"},"headline":"Ayel\u00e9n Pilcic, la candidata a diputada del Nuevo MAS","datePublished":"2019-06-22T23:22:20+00:00","dateModified":"2019-06-22T23:45:19+00:00","mainEntityOfPage":{"@id":"https:\/\/diariotextual.com\/inicio\/index.php\/2019\/06\/22\/ayelen-pilcic-la-candidata-diputada-del-nuevo-mas\/"},"wordCount":352,"publisher":{"@id":"https:\/\/diariotextual.com\/inicio\/#organization"},"image":{"@id":"https:\/\/diariotextual.com\/inicio\/index.php\/2019\/06\/22\/ayelen-pilcic-la-candidata-diputada-del-nuevo-mas\/#primaryimage"},"thumbnailUrl":"https:\/\/diariotextual.com\/inicio\/wp-content\/uploads\/2019\/06\/pilcicayelen79.jpg","articleSection":["A - QUE PASA (al costado)","A - TEMPORALES","POLITICA"],"inLanguage":"es"},{"@type":"WebPage","@id":"https:\/\/diariotextual.com\/inicio\/index.php\/2019\/06\/22\/ayelen-pilcic-la-candidata-diputada-del-nuevo-mas\/","url":"https:\/\/diariotextual.com\/inicio\/index.php\/2019\/06\/22\/ayelen-pilcic-la-candidata-diputada-del-nuevo-mas\/","name":"Ayel\u00e9n Pilcic, la candidata a diputada del Nuevo MAS - Diario Textual","isPartOf":{"@id":"https:\/\/diariotextual.com\/inicio\/#website"},"primaryImageOfPage":{"@id":"https:\/\/diariotextual.com\/inicio\/index.php\/2019\/06\/22\/ayelen-pilcic-la-candidata-diputada-del-nuevo-mas\/#primaryimage"},"image":{"@id":"https:\/\/diariotextual.com\/inicio\/index.php\/2019\/06\/22\/ayelen-pilcic-la-candidata-diputada-del-nuevo-mas\/#primaryimage"},"thumbnailUrl":"https:\/\/diariotextual.com\/inicio\/wp-content\/uploads\/2019\/06\/pilcicayelen79.jpg","datePublished":"2019-06-22T23:22:20+00:00","dateModified":"2019-06-22T23:45:19+00:00","breadcrumb":{"@id":"https:\/\/diariotextual.com\/inicio\/index.php\/2019\/06\/22\/ayelen-pilcic-la-candidata-diputada-del-nuevo-mas\/#breadcrumb"},"inLanguage":"es","potentialAction":[{"@type":"ReadAction","target":["https:\/\/diariotextual.com\/inicio\/index.php\/2019\/06\/22\/ayelen-pilcic-la-candidata-diputada-del-nuevo-mas\/"]}]},{"@type":"ImageObject","inLanguage":"es","@id":"https:\/\/diariotextual.com\/inicio\/index.php\/2019\/06\/22\/ayelen-pilcic-la-candidata-diputada-del-nuevo-mas\/#primaryimage","url":"https:\/\/diariotextual.com\/inicio\/wp-content\/uploads\/2019\/06\/pilcicayelen79.jpg","contentUrl":"https:\/\/diariotextual.com\/inicio\/wp-content\/uploads\/2019\/06\/pilcicayelen79.jpg","width":960,"height":635},{"@type":"BreadcrumbList","@id":"https:\/\/diariotextual.com\/inicio\/index.php\/2019\/06\/22\/ayelen-pilcic-la-candidata-diputada-del-nuevo-mas\/#breadcrumb","itemListElement":[{"@type":"ListItem","position":1,"name":"Portada","item":"https:\/\/diariotextual.com\/inicio\/"},{"@type":"ListItem","position":2,"name":"Ayel\u00e9n Pilcic, la candidata a diputada del Nuevo MAS"}]},{"@type":"WebSite","@id":"https:\/\/diariotextual.com\/inicio\/#website","url":"https:\/\/diariotextual.com\/inicio\/","name":"Diario Textual","description":"","publisher":{"@id":"https:\/\/diariotextual.com\/inicio\/#organization"},"potentialAction":[{"@type":"SearchAction","target":{"@type":"EntryPoint","urlTemplate":"https:\/\/diariotextual.com\/inicio\/?s={search_term_string}"},"query-input":{"@type":"PropertyValueSpecification","valueRequired":true,"valueName":"search_term_string"}}],"inLanguage":"es"},{"@type":"Organization","@id":"https:\/\/diariotextual.com\/inicio\/#organization","name":"Diario Textual","url":"https:\/\/diariotextual.com\/inicio\/","logo":{"@type":"ImageObject","inLanguage":"es","@id":"https:\/\/diariotextual.com\/inicio\/#\/schema\/logo\/image\/","url":"https:\/\/diariotextual.com\/inicio\/wp-content\/uploads\/2023\/05\/logotextual1.jpg","contentUrl":"https:\/\/diariotextual.com\/inicio\/wp-content\/uploads\/2023\/05\/logotextual1.jpg","width":516,"height":76,"caption":"Diario Textual"},"image":{"@id":"https:\/\/diariotextual.com\/inicio\/#\/schema\/logo\/image\/"},"sameAs":["https:\/\/www.facebook.com\/eltextual","https:\/\/x.com\/eltextual","http:\/\/www.instagram.com\/eltextual"]},{"@type":"Person","@id":"https:\/\/diariotextual.com\/inicio\/#\/schema\/person\/418fc4093c33e86ed41562db3508f958","name":"Diario1 Diario1","image":{"@type":"ImageObject","inLanguage":"es","@id":"https:\/\/secure.gravatar.com\/avatar\/9167d280179c85bc18be67aa7eda765854300033af4896dd779b608640f2ef7a?s=96&d=mm&r=g","url":"https:\/\/secure.gravatar.com\/avatar\/9167d280179c85bc18be67aa7eda765854300033af4896dd779b608640f2ef7a?s=96&d=mm&r=g","contentUrl":"https:\/\/secure.gravatar.com\/avatar\/9167d280179c85bc18be67aa7eda765854300033af4896dd779b608640f2ef7a?s=96&d=mm&r=g","caption":"Diario1 Diario1"},"url":"https:\/\/diariotextual.com\/inicio\/index.php\/author\/diario1\/"}]}},"_links":{"self":[{"href":"https:\/\/diariotextual.com\/inicio\/index.php\/wp-json\/wp\/v2\/posts\/53196","targetHints":{"allow":["GET"]}}],"collection":[{"href":"https:\/\/diariotextual.com\/inicio\/index.php\/wp-json\/wp\/v2\/posts"}],"about":[{"href":"https:\/\/diariotextual.com\/inicio\/index.php\/wp-json\/wp\/v2\/types\/post"}],"author":[{"embeddable":true,"href":"https:\/\/diariotextual.com\/inicio\/index.php\/wp-json\/wp\/v2\/users\/3"}],"replies":[{"embeddable":true,"href":"https:\/\/diariotextual.com\/inicio\/index.php\/wp-json\/wp\/v2\/comments?post=53196"}],"version-history":[{"count":6,"href":"https:\/\/diariotextual.com\/inicio\/index.php\/wp-json\/wp\/v2\/posts\/53196\/revisions"}],"predecessor-version":[{"id":53207,"href":"https:\/\/diariotextual.com\/inicio\/index.php\/wp-json\/wp\/v2\/posts\/53196\/revisions\/53207"}],"wp:featuredmedia":[{"embeddable":true,"href":"https:\/\/diariotextual.com\/inicio\/index.php\/wp-json\/wp\/v2\/media\/53199"}],"wp:attachment":[{"href":"https:\/\/diariotextual.com\/inicio\/index.php\/wp-json\/wp\/v2\/media?parent=53196"}],"wp:term":[{"taxonomy":"category","embeddable":true,"href":"https:\/\/diariotextual.com\/inicio\/index.php\/wp-json\/wp\/v2\/categories?post=53196"},{"taxonomy":"post_tag","embeddable":true,"href":"https:\/\/diariotextual.com\/inicio\/index.php\/wp-json\/wp\/v2\/tags?post=53196"}],"curies":[{"name":"wp","href":"https:\/\/api.w.org\/{rel}","templated":true}]}}