{"id":53249,"date":"2019-06-22T23:46:03","date_gmt":"2019-06-23T02:46:03","guid":{"rendered":"http:\/\/diariotextual.com\/inicio\/?p=53249"},"modified":"2019-06-23T09:07:16","modified_gmt":"2019-06-23T12:07:16","slug":"frigerio-quintana-levantaron-telefono-luis-bertone-se","status":"publish","type":"post","link":"https:\/\/diariotextual.com\/inicio\/index.php\/2019\/06\/22\/frigerio-quintana-levantaron-telefono-luis-bertone-se\/","title":{"rendered":"Frigerio y Quintana levantaron el tel\u00e9fono y Luis Bertone se baj\u00f3"},"content":{"rendered":"<p><strong>Luis Bertone<\/strong>, finalmente, <strong>baj\u00f3 su precandidatura a diputado nacional<\/strong> a las 23.30 horas, luego de un expreso pedido desde Casa Rosada. De esta manera, en el Frente <strong>Juntos por el Cambio<\/strong> solo habr\u00e1 una lista: la que encabezan <a href=\"http:\/\/diariotextual.com\/inicio\/index.php\/2019\/06\/22\/berhongaray-candidato-del-consenso-la-ucr-pro\/\" target=\"_blank\" rel=\"noopener\"><strong>Mart\u00edn Berhongaray y Adriana Leher<\/strong><\/a>.<\/p>\n<p>Los llamados fueron de funcionarios del Gabinete de Mauricio Macri, luego de que Bertone desafiara al referente local del macrismo, Javier \u00abColo\u00bb Mac Allister, y decidiera postularse. \u00abRecib\u00ed llamados de (Mario) Quintana, (Rogelio) Frigerio y (Lucas Fern\u00e1ndez) Aparicio, dici\u00e9ndome que por favor declinara porque, si no, iba a perjudicar al presidente (Mauricio Macri) en acuerdos con los radicales en otras provincias. Frente a ese pedido, declin\u00e9 mi candidatura\u00bb, dijo brevemente a <strong>Diario Textual<\/strong>.<\/p>\n<p>\u00bfQu\u00e9 le dijo Quintana, uno de los principales \u00abarmadores\u00bb del PRO? \u00abNosotros tenemos un acuerdo nacional, en el PRO, con el radicalismo y con la Coalici\u00f3n. El acuerdo es que cada partido respeta aquellas bancas que otro partido pone en juego. <strong>Eso llevado a La Pampa significa que nosotros respetamos que la banca corresponde a la UCR<\/strong>. Si se presenta otra lista, es una muy mala noticia para el PRO. Es que si el radicalismo rompe el acuerdo en otras provincias, tenemos mucho m\u00e1s para perder: nosotros ponemos 28 en juego y el radicalismo 16&#8243;, le dijo. Con esos argumentos, el delegado de Trabajo de la Naci\u00f3n retir\u00f3 su lista.<\/p>\n<p>Otro dato: desde el radicalismo y el PRO hab\u00edan comenzado a divulgar que en la lista de Bertone hab\u00eda avales que eran truchos.<\/p>\n<blockquote class=\"wp-embedded-content\" data-secret=\"pCGE5ODXsI\"><p><a href=\"http:\/\/diariotextual.com\/inicio\/index.php\/2019\/06\/22\/berhongaray-candidato-del-consenso-la-ucr-pro\/\">Berhongaray &#8211; Leher, los candidatos del &#171;consenso&#187; entre la UCR y el PRO<\/a><\/p><\/blockquote>\n<p><iframe class=\"wp-embedded-content\" sandbox=\"allow-scripts\" security=\"restricted\" style=\"position: absolute; clip: rect(1px, 1px, 1px, 1px);\" src=\"http:\/\/diariotextual.com\/inicio\/index.php\/2019\/06\/22\/berhongaray-candidato-del-consenso-la-ucr-pro\/embed\/#?secret=pCGE5ODXsI\" data-secret=\"pCGE5ODXsI\" width=\"600\" height=\"338\" title=\"&#171;Berhongaray &#8211; Leher, los candidatos del &#171;consenso&#187; entre la UCR y el PRO&#187; &#8212; Diario Textual\" frameborder=\"0\" marginwidth=\"0\" marginheight=\"0\" scrolling=\"no\"><\/iframe><\/p>\n<p>&nbsp;<\/p>\n<p>De esta manera, luego de una jornada\u00a0<strong>repleta<\/strong>\u00a0de llamados telef\u00f3nicos, de reuniones y de rosca pol\u00edtica,\u00a0<strong>hubo arreglo entre la UCR y el PRO y el primer candidato a diputado nacional es Berhongaray<\/strong>.<\/p>\n<p>La coalici\u00f3n\u00a0<strong>Juntos por el Cambio -ex Cambiemos-\u00a0<\/strong>est\u00e1 conformada por la\u00a0<strong>Uni\u00f3n C\u00edvica Radical (UCR), Propuesta Republicana (PRO), Movimiento de Integraci\u00f3n y Desarrollo (MID), Movimiento Federalista Pampeano (Mofepa), GEN y Partido del Frente<\/strong>. Lleva la boleta con la f\u00f3rmula de Mauricio Macri \u2013 Miguel Pichetto.<\/p>\n<p>&nbsp;<\/p>\n<p>&nbsp;<\/p>\n","protected":false},"excerpt":{"rendered":"<p>Luis Bertone, finalmente, baj\u00f3 su precandidatura a diputado nacional a las 23.30 horas, luego de un expreso pedido desde Casa Rosada. De esta manera, en el Frente Juntos por el&hellip;<\/p>\n","protected":false},"author":3,"featured_media":22164,"comment_status":"closed","ping_status":"open","sticky":false,"template":"","format":"standard","meta":{"_acf_changed":false,"footnotes":""},"categories":[11,8],"tags":[],"class_list":["post-53249","post","type-post","status-publish","format-standard","has-post-thumbnail","hentry","category-que-pasa","category-politica"],"acf":[],"yoast_head":"<!-- This site is optimized with the Yoast SEO plugin v27.5 - https:\/\/yoast.com\/product\/yoast-seo-wordpress\/ -->\n<title>Frigerio y Quintana levantaron el tel\u00e9fono y Luis Bertone se baj\u00f3 - Diario Textual<\/title>\n<meta name=\"robots\" content=\"index, follow, max-snippet:-1, max-image-preview:large, max-video-preview:-1\" \/>\n<link rel=\"canonical\" href=\"https:\/\/diariotextual.com\/inicio\/index.php\/2019\/06\/22\/frigerio-quintana-levantaron-telefono-luis-bertone-se\/\" \/>\n<meta property=\"og:locale\" content=\"es_ES\" \/>\n<meta property=\"og:type\" content=\"article\" \/>\n<meta property=\"og:title\" content=\"Frigerio y Quintana levantaron el tel\u00e9fono y Luis Bertone se baj\u00f3 - Diario Textual\" \/>\n<meta property=\"og:description\" content=\"Luis Bertone, finalmente, baj\u00f3 su precandidatura a diputado nacional a las 23.30 horas, luego de un expreso pedido desde Casa Rosada. De esta manera, en el Frente Juntos por el&hellip;\" \/>\n<meta property=\"og:url\" content=\"https:\/\/diariotextual.com\/inicio\/index.php\/2019\/06\/22\/frigerio-quintana-levantaron-telefono-luis-bertone-se\/\" \/>\n<meta property=\"og:site_name\" content=\"Diario Textual\" \/>\n<meta property=\"article:publisher\" content=\"https:\/\/www.facebook.com\/eltextual\" \/>\n<meta property=\"article:published_time\" content=\"2019-06-23T02:46:03+00:00\" \/>\n<meta property=\"article:modified_time\" content=\"2019-06-23T12:07:16+00:00\" \/>\n<meta property=\"og:image\" content=\"https:\/\/diariotextual.com\/inicio\/wp-content\/uploads\/2018\/10\/bertoneluis3333.jpg\" \/>\n\t<meta property=\"og:image:width\" content=\"802\" \/>\n\t<meta property=\"og:image:height\" content=\"499\" \/>\n\t<meta property=\"og:image:type\" content=\"image\/jpeg\" \/>\n<meta name=\"author\" content=\"Diario1 Diario1\" \/>\n<meta name=\"twitter:card\" content=\"summary_large_image\" \/>\n<meta name=\"twitter:creator\" content=\"@eltextual\" \/>\n<meta name=\"twitter:site\" content=\"@eltextual\" \/>\n<meta name=\"twitter:label1\" content=\"Escrito por\" \/>\n\t<meta name=\"twitter:data1\" content=\"Diario1 Diario1\" \/>\n\t<meta name=\"twitter:label2\" content=\"Tiempo de lectura\" \/>\n\t<meta name=\"twitter:data2\" content=\"2 minutos\" \/>\n<script type=\"application\/ld+json\" class=\"yoast-schema-graph\">{\"@context\":\"https:\\\/\\\/schema.org\",\"@graph\":[{\"@type\":\"Article\",\"@id\":\"https:\\\/\\\/diariotextual.com\\\/inicio\\\/index.php\\\/2019\\\/06\\\/22\\\/frigerio-quintana-levantaron-telefono-luis-bertone-se\\\/#article\",\"isPartOf\":{\"@id\":\"https:\\\/\\\/diariotextual.com\\\/inicio\\\/index.php\\\/2019\\\/06\\\/22\\\/frigerio-quintana-levantaron-telefono-luis-bertone-se\\\/\"},\"author\":{\"name\":\"Diario1 Diario1\",\"@id\":\"https:\\\/\\\/diariotextual.com\\\/inicio\\\/#\\\/schema\\\/person\\\/418fc4093c33e86ed41562db3508f958\"},\"headline\":\"Frigerio y Quintana levantaron el tel\u00e9fono y Luis Bertone se baj\u00f3\",\"datePublished\":\"2019-06-23T02:46:03+00:00\",\"dateModified\":\"2019-06-23T12:07:16+00:00\",\"mainEntityOfPage\":{\"@id\":\"https:\\\/\\\/diariotextual.com\\\/inicio\\\/index.php\\\/2019\\\/06\\\/22\\\/frigerio-quintana-levantaron-telefono-luis-bertone-se\\\/\"},\"wordCount\":362,\"publisher\":{\"@id\":\"https:\\\/\\\/diariotextual.com\\\/inicio\\\/#organization\"},\"image\":{\"@id\":\"https:\\\/\\\/diariotextual.com\\\/inicio\\\/index.php\\\/2019\\\/06\\\/22\\\/frigerio-quintana-levantaron-telefono-luis-bertone-se\\\/#primaryimage\"},\"thumbnailUrl\":\"https:\\\/\\\/diariotextual.com\\\/inicio\\\/wp-content\\\/uploads\\\/2018\\\/10\\\/bertoneluis3333.jpg\",\"articleSection\":[\"A - QUE PASA (al costado)\",\"POLITICA\"],\"inLanguage\":\"es\"},{\"@type\":\"WebPage\",\"@id\":\"https:\\\/\\\/diariotextual.com\\\/inicio\\\/index.php\\\/2019\\\/06\\\/22\\\/frigerio-quintana-levantaron-telefono-luis-bertone-se\\\/\",\"url\":\"https:\\\/\\\/diariotextual.com\\\/inicio\\\/index.php\\\/2019\\\/06\\\/22\\\/frigerio-quintana-levantaron-telefono-luis-bertone-se\\\/\",\"name\":\"Frigerio y Quintana levantaron el tel\u00e9fono y Luis Bertone se baj\u00f3 - Diario Textual\",\"isPartOf\":{\"@id\":\"https:\\\/\\\/diariotextual.com\\\/inicio\\\/#website\"},\"primaryImageOfPage\":{\"@id\":\"https:\\\/\\\/diariotextual.com\\\/inicio\\\/index.php\\\/2019\\\/06\\\/22\\\/frigerio-quintana-levantaron-telefono-luis-bertone-se\\\/#primaryimage\"},\"image\":{\"@id\":\"https:\\\/\\\/diariotextual.com\\\/inicio\\\/index.php\\\/2019\\\/06\\\/22\\\/frigerio-quintana-levantaron-telefono-luis-bertone-se\\\/#primaryimage\"},\"thumbnailUrl\":\"https:\\\/\\\/diariotextual.com\\\/inicio\\\/wp-content\\\/uploads\\\/2018\\\/10\\\/bertoneluis3333.jpg\",\"datePublished\":\"2019-06-23T02:46:03+00:00\",\"dateModified\":\"2019-06-23T12:07:16+00:00\",\"breadcrumb\":{\"@id\":\"https:\\\/\\\/diariotextual.com\\\/inicio\\\/index.php\\\/2019\\\/06\\\/22\\\/frigerio-quintana-levantaron-telefono-luis-bertone-se\\\/#breadcrumb\"},\"inLanguage\":\"es\",\"potentialAction\":[{\"@type\":\"ReadAction\",\"target\":[\"https:\\\/\\\/diariotextual.com\\\/inicio\\\/index.php\\\/2019\\\/06\\\/22\\\/frigerio-quintana-levantaron-telefono-luis-bertone-se\\\/\"]}]},{\"@type\":\"ImageObject\",\"inLanguage\":\"es\",\"@id\":\"https:\\\/\\\/diariotextual.com\\\/inicio\\\/index.php\\\/2019\\\/06\\\/22\\\/frigerio-quintana-levantaron-telefono-luis-bertone-se\\\/#primaryimage\",\"url\":\"https:\\\/\\\/diariotextual.com\\\/inicio\\\/wp-content\\\/uploads\\\/2018\\\/10\\\/bertoneluis3333.jpg\",\"contentUrl\":\"https:\\\/\\\/diariotextual.com\\\/inicio\\\/wp-content\\\/uploads\\\/2018\\\/10\\\/bertoneluis3333.jpg\",\"width\":802,\"height\":499},{\"@type\":\"BreadcrumbList\",\"@id\":\"https:\\\/\\\/diariotextual.com\\\/inicio\\\/index.php\\\/2019\\\/06\\\/22\\\/frigerio-quintana-levantaron-telefono-luis-bertone-se\\\/#breadcrumb\",\"itemListElement\":[{\"@type\":\"ListItem\",\"position\":1,\"name\":\"Portada\",\"item\":\"https:\\\/\\\/diariotextual.com\\\/inicio\\\/\"},{\"@type\":\"ListItem\",\"position\":2,\"name\":\"Frigerio y Quintana levantaron el tel\u00e9fono y Luis Bertone se baj\u00f3\"}]},{\"@type\":\"WebSite\",\"@id\":\"https:\\\/\\\/diariotextual.com\\\/inicio\\\/#website\",\"url\":\"https:\\\/\\\/diariotextual.com\\\/inicio\\\/\",\"name\":\"Diario Textual\",\"description\":\"\",\"publisher\":{\"@id\":\"https:\\\/\\\/diariotextual.com\\\/inicio\\\/#organization\"},\"potentialAction\":[{\"@type\":\"SearchAction\",\"target\":{\"@type\":\"EntryPoint\",\"urlTemplate\":\"https:\\\/\\\/diariotextual.com\\\/inicio\\\/?s={search_term_string}\"},\"query-input\":{\"@type\":\"PropertyValueSpecification\",\"valueRequired\":true,\"valueName\":\"search_term_string\"}}],\"inLanguage\":\"es\"},{\"@type\":\"Organization\",\"@id\":\"https:\\\/\\\/diariotextual.com\\\/inicio\\\/#organization\",\"name\":\"Diario Textual\",\"url\":\"https:\\\/\\\/diariotextual.com\\\/inicio\\\/\",\"logo\":{\"@type\":\"ImageObject\",\"inLanguage\":\"es\",\"@id\":\"https:\\\/\\\/diariotextual.com\\\/inicio\\\/#\\\/schema\\\/logo\\\/image\\\/\",\"url\":\"https:\\\/\\\/diariotextual.com\\\/inicio\\\/wp-content\\\/uploads\\\/2023\\\/05\\\/logotextual1.jpg\",\"contentUrl\":\"https:\\\/\\\/diariotextual.com\\\/inicio\\\/wp-content\\\/uploads\\\/2023\\\/05\\\/logotextual1.jpg\",\"width\":516,\"height\":76,\"caption\":\"Diario Textual\"},\"image\":{\"@id\":\"https:\\\/\\\/diariotextual.com\\\/inicio\\\/#\\\/schema\\\/logo\\\/image\\\/\"},\"sameAs\":[\"https:\\\/\\\/www.facebook.com\\\/eltextual\",\"https:\\\/\\\/x.com\\\/eltextual\",\"http:\\\/\\\/www.instagram.com\\\/eltextual\"]},{\"@type\":\"Person\",\"@id\":\"https:\\\/\\\/diariotextual.com\\\/inicio\\\/#\\\/schema\\\/person\\\/418fc4093c33e86ed41562db3508f958\",\"name\":\"Diario1 Diario1\",\"image\":{\"@type\":\"ImageObject\",\"inLanguage\":\"es\",\"@id\":\"https:\\\/\\\/secure.gravatar.com\\\/avatar\\\/9167d280179c85bc18be67aa7eda765854300033af4896dd779b608640f2ef7a?s=96&d=mm&r=g\",\"url\":\"https:\\\/\\\/secure.gravatar.com\\\/avatar\\\/9167d280179c85bc18be67aa7eda765854300033af4896dd779b608640f2ef7a?s=96&d=mm&r=g\",\"contentUrl\":\"https:\\\/\\\/secure.gravatar.com\\\/avatar\\\/9167d280179c85bc18be67aa7eda765854300033af4896dd779b608640f2ef7a?s=96&d=mm&r=g\",\"caption\":\"Diario1 Diario1\"},\"url\":\"https:\\\/\\\/diariotextual.com\\\/inicio\\\/index.php\\\/author\\\/diario1\\\/\"}]}<\/script>\n<!-- \/ Yoast SEO plugin. -->","yoast_head_json":{"title":"Frigerio y Quintana levantaron el tel\u00e9fono y Luis Bertone se baj\u00f3 - Diario Textual","robots":{"index":"index","follow":"follow","max-snippet":"max-snippet:-1","max-image-preview":"max-image-preview:large","max-video-preview":"max-video-preview:-1"},"canonical":"https:\/\/diariotextual.com\/inicio\/index.php\/2019\/06\/22\/frigerio-quintana-levantaron-telefono-luis-bertone-se\/","og_locale":"es_ES","og_type":"article","og_title":"Frigerio y Quintana levantaron el tel\u00e9fono y Luis Bertone se baj\u00f3 - Diario Textual","og_description":"Luis Bertone, finalmente, baj\u00f3 su precandidatura a diputado nacional a las 23.30 horas, luego de un expreso pedido desde Casa Rosada. De esta manera, en el Frente Juntos por el&hellip;","og_url":"https:\/\/diariotextual.com\/inicio\/index.php\/2019\/06\/22\/frigerio-quintana-levantaron-telefono-luis-bertone-se\/","og_site_name":"Diario Textual","article_publisher":"https:\/\/www.facebook.com\/eltextual","article_published_time":"2019-06-23T02:46:03+00:00","article_modified_time":"2019-06-23T12:07:16+00:00","og_image":[{"width":802,"height":499,"url":"https:\/\/diariotextual.com\/inicio\/wp-content\/uploads\/2018\/10\/bertoneluis3333.jpg","type":"image\/jpeg"}],"author":"Diario1 Diario1","twitter_card":"summary_large_image","twitter_creator":"@eltextual","twitter_site":"@eltextual","twitter_misc":{"Escrito por":"Diario1 Diario1","Tiempo de lectura":"2 minutos"},"schema":{"@context":"https:\/\/schema.org","@graph":[{"@type":"Article","@id":"https:\/\/diariotextual.com\/inicio\/index.php\/2019\/06\/22\/frigerio-quintana-levantaron-telefono-luis-bertone-se\/#article","isPartOf":{"@id":"https:\/\/diariotextual.com\/inicio\/index.php\/2019\/06\/22\/frigerio-quintana-levantaron-telefono-luis-bertone-se\/"},"author":{"name":"Diario1 Diario1","@id":"https:\/\/diariotextual.com\/inicio\/#\/schema\/person\/418fc4093c33e86ed41562db3508f958"},"headline":"Frigerio y Quintana levantaron el tel\u00e9fono y Luis Bertone se baj\u00f3","datePublished":"2019-06-23T02:46:03+00:00","dateModified":"2019-06-23T12:07:16+00:00","mainEntityOfPage":{"@id":"https:\/\/diariotextual.com\/inicio\/index.php\/2019\/06\/22\/frigerio-quintana-levantaron-telefono-luis-bertone-se\/"},"wordCount":362,"publisher":{"@id":"https:\/\/diariotextual.com\/inicio\/#organization"},"image":{"@id":"https:\/\/diariotextual.com\/inicio\/index.php\/2019\/06\/22\/frigerio-quintana-levantaron-telefono-luis-bertone-se\/#primaryimage"},"thumbnailUrl":"https:\/\/diariotextual.com\/inicio\/wp-content\/uploads\/2018\/10\/bertoneluis3333.jpg","articleSection":["A - QUE PASA (al costado)","POLITICA"],"inLanguage":"es"},{"@type":"WebPage","@id":"https:\/\/diariotextual.com\/inicio\/index.php\/2019\/06\/22\/frigerio-quintana-levantaron-telefono-luis-bertone-se\/","url":"https:\/\/diariotextual.com\/inicio\/index.php\/2019\/06\/22\/frigerio-quintana-levantaron-telefono-luis-bertone-se\/","name":"Frigerio y Quintana levantaron el tel\u00e9fono y Luis Bertone se baj\u00f3 - Diario Textual","isPartOf":{"@id":"https:\/\/diariotextual.com\/inicio\/#website"},"primaryImageOfPage":{"@id":"https:\/\/diariotextual.com\/inicio\/index.php\/2019\/06\/22\/frigerio-quintana-levantaron-telefono-luis-bertone-se\/#primaryimage"},"image":{"@id":"https:\/\/diariotextual.com\/inicio\/index.php\/2019\/06\/22\/frigerio-quintana-levantaron-telefono-luis-bertone-se\/#primaryimage"},"thumbnailUrl":"https:\/\/diariotextual.com\/inicio\/wp-content\/uploads\/2018\/10\/bertoneluis3333.jpg","datePublished":"2019-06-23T02:46:03+00:00","dateModified":"2019-06-23T12:07:16+00:00","breadcrumb":{"@id":"https:\/\/diariotextual.com\/inicio\/index.php\/2019\/06\/22\/frigerio-quintana-levantaron-telefono-luis-bertone-se\/#breadcrumb"},"inLanguage":"es","potentialAction":[{"@type":"ReadAction","target":["https:\/\/diariotextual.com\/inicio\/index.php\/2019\/06\/22\/frigerio-quintana-levantaron-telefono-luis-bertone-se\/"]}]},{"@type":"ImageObject","inLanguage":"es","@id":"https:\/\/diariotextual.com\/inicio\/index.php\/2019\/06\/22\/frigerio-quintana-levantaron-telefono-luis-bertone-se\/#primaryimage","url":"https:\/\/diariotextual.com\/inicio\/wp-content\/uploads\/2018\/10\/bertoneluis3333.jpg","contentUrl":"https:\/\/diariotextual.com\/inicio\/wp-content\/uploads\/2018\/10\/bertoneluis3333.jpg","width":802,"height":499},{"@type":"BreadcrumbList","@id":"https:\/\/diariotextual.com\/inicio\/index.php\/2019\/06\/22\/frigerio-quintana-levantaron-telefono-luis-bertone-se\/#breadcrumb","itemListElement":[{"@type":"ListItem","position":1,"name":"Portada","item":"https:\/\/diariotextual.com\/inicio\/"},{"@type":"ListItem","position":2,"name":"Frigerio y Quintana levantaron el tel\u00e9fono y Luis Bertone se baj\u00f3"}]},{"@type":"WebSite","@id":"https:\/\/diariotextual.com\/inicio\/#website","url":"https:\/\/diariotextual.com\/inicio\/","name":"Diario Textual","description":"","publisher":{"@id":"https:\/\/diariotextual.com\/inicio\/#organization"},"potentialAction":[{"@type":"SearchAction","target":{"@type":"EntryPoint","urlTemplate":"https:\/\/diariotextual.com\/inicio\/?s={search_term_string}"},"query-input":{"@type":"PropertyValueSpecification","valueRequired":true,"valueName":"search_term_string"}}],"inLanguage":"es"},{"@type":"Organization","@id":"https:\/\/diariotextual.com\/inicio\/#organization","name":"Diario Textual","url":"https:\/\/diariotextual.com\/inicio\/","logo":{"@type":"ImageObject","inLanguage":"es","@id":"https:\/\/diariotextual.com\/inicio\/#\/schema\/logo\/image\/","url":"https:\/\/diariotextual.com\/inicio\/wp-content\/uploads\/2023\/05\/logotextual1.jpg","contentUrl":"https:\/\/diariotextual.com\/inicio\/wp-content\/uploads\/2023\/05\/logotextual1.jpg","width":516,"height":76,"caption":"Diario Textual"},"image":{"@id":"https:\/\/diariotextual.com\/inicio\/#\/schema\/logo\/image\/"},"sameAs":["https:\/\/www.facebook.com\/eltextual","https:\/\/x.com\/eltextual","http:\/\/www.instagram.com\/eltextual"]},{"@type":"Person","@id":"https:\/\/diariotextual.com\/inicio\/#\/schema\/person\/418fc4093c33e86ed41562db3508f958","name":"Diario1 Diario1","image":{"@type":"ImageObject","inLanguage":"es","@id":"https:\/\/secure.gravatar.com\/avatar\/9167d280179c85bc18be67aa7eda765854300033af4896dd779b608640f2ef7a?s=96&d=mm&r=g","url":"https:\/\/secure.gravatar.com\/avatar\/9167d280179c85bc18be67aa7eda765854300033af4896dd779b608640f2ef7a?s=96&d=mm&r=g","contentUrl":"https:\/\/secure.gravatar.com\/avatar\/9167d280179c85bc18be67aa7eda765854300033af4896dd779b608640f2ef7a?s=96&d=mm&r=g","caption":"Diario1 Diario1"},"url":"https:\/\/diariotextual.com\/inicio\/index.php\/author\/diario1\/"}]}},"_links":{"self":[{"href":"https:\/\/diariotextual.com\/inicio\/index.php\/wp-json\/wp\/v2\/posts\/53249","targetHints":{"allow":["GET"]}}],"collection":[{"href":"https:\/\/diariotextual.com\/inicio\/index.php\/wp-json\/wp\/v2\/posts"}],"about":[{"href":"https:\/\/diariotextual.com\/inicio\/index.php\/wp-json\/wp\/v2\/types\/post"}],"author":[{"embeddable":true,"href":"https:\/\/diariotextual.com\/inicio\/index.php\/wp-json\/wp\/v2\/users\/3"}],"replies":[{"embeddable":true,"href":"https:\/\/diariotextual.com\/inicio\/index.php\/wp-json\/wp\/v2\/comments?post=53249"}],"version-history":[{"count":5,"href":"https:\/\/diariotextual.com\/inicio\/index.php\/wp-json\/wp\/v2\/posts\/53249\/revisions"}],"predecessor-version":[{"id":53265,"href":"https:\/\/diariotextual.com\/inicio\/index.php\/wp-json\/wp\/v2\/posts\/53249\/revisions\/53265"}],"wp:featuredmedia":[{"embeddable":true,"href":"https:\/\/diariotextual.com\/inicio\/index.php\/wp-json\/wp\/v2\/media\/22164"}],"wp:attachment":[{"href":"https:\/\/diariotextual.com\/inicio\/index.php\/wp-json\/wp\/v2\/media?parent=53249"}],"wp:term":[{"taxonomy":"category","embeddable":true,"href":"https:\/\/diariotextual.com\/inicio\/index.php\/wp-json\/wp\/v2\/categories?post=53249"},{"taxonomy":"post_tag","embeddable":true,"href":"https:\/\/diariotextual.com\/inicio\/index.php\/wp-json\/wp\/v2\/tags?post=53249"}],"curies":[{"name":"wp","href":"https:\/\/api.w.org\/{rel}","templated":true}]}}