{"id":53322,"date":"2019-06-23T18:38:26","date_gmt":"2019-06-23T21:38:26","guid":{"rendered":"http:\/\/diariotextual.com\/inicio\/?p=53322"},"modified":"2019-06-24T11:51:42","modified_gmt":"2019-06-24T14:51:42","slug":"oleaje-tanque-anguil-se-trataria-seiche-rara-forma-ondulacion-del-agua","status":"publish","type":"post","link":"https:\/\/diariotextual.com\/inicio\/index.php\/2019\/06\/23\/oleaje-tanque-anguil-se-trataria-seiche-rara-forma-ondulacion-del-agua\/","title":{"rendered":"Oleaje en el tanque: se tratar\u00eda de un \u00abseiche\u00bb, una rara forma de ondulaci\u00f3n del agua"},"content":{"rendered":"<h3><em><strong>Por Fernando Tourn (*)<\/strong><\/em><\/h3>\n<p><!--more--><\/p>\n<p>&nbsp;<\/p>\n<p>El<strong> llamativo movimiento de la superficie del agua<\/strong> que se observ\u00f3 en<a href=\"http:\/\/diariotextual.com\/inicio\/index.php\/2019\/06\/22\/video-extrano-movimiento-del-agua-tanque-anguil\/\" target=\"_blank\" rel=\"noopener\"><strong> un tanque de molino en la zona rural de Anguil<\/strong> <\/a>presenta todas las caracter\u00edsticas de ser un<strong> \u201cseiche\u201d<\/strong>, un tipo de<strong> onda estacionaria<\/strong> que se genera en cuencos cerrados, desde piletas hasta bah\u00edas, y que puede ser producido por el viento o alg\u00fan evento s\u00edsmico, a\u00fan cuando haya ocurrido a cientos o miles de kil\u00f3metros. <strong>Adem\u00e1s de una causa y un recinto cerrado o parcialmente cerrado, para la formaci\u00f3n de estas extra\u00f1as ondulaciones se necesita que el cuerpo de agua sea profundo y las condiciones meteorol\u00f3gicas apropiadas, dos circunstancias que se verifican en el tanque.<\/strong><\/p>\n<p>&nbsp;<\/p>\n<p><img fetchpriority=\"high\" decoding=\"async\" class=\"alignnone wp-image-53325 size-full\" src=\"http:\/\/diariotextual.com\/inicio\/wp-content\/uploads\/2019\/06\/tanqueanguiloleaje2019-10.jpg\" alt=\"\" width=\"360\" height=\"293\" srcset=\"https:\/\/diariotextual.com\/inicio\/wp-content\/uploads\/2019\/06\/tanqueanguiloleaje2019-10.jpg 360w, https:\/\/diariotextual.com\/inicio\/wp-content\/uploads\/2019\/06\/tanqueanguiloleaje2019-10-300x244.jpg 300w\" sizes=\"(max-width: 360px) 100vw, 360px\" \/><\/p>\n<p>Un diagn\u00f3stico m\u00e1s certero de la situaci\u00f3n obliga, obviamente, a realizar una visita al lugar, entrevistar a los testigos, determinar el contexto en que se ha verificado este fen\u00f3meno, y tomar nota de las caracter\u00edsticas f\u00edsicas del lugar, de su entorno y de las variables clim\u00e1ticas al momento de producirse.<\/p>\n<p>Planteadas estas prevenciones, se pueden realizar algunas elucubraciones para encuadrar el fen\u00f3meno y determinar sus causas. Los dos videos que tanto inter\u00e9s han causado, y los datos mencionados por la persona que los film\u00f3, aportan informaci\u00f3n valiosa.<\/p>\n<p>A saber: 1) <strong>si bien es poco habitual, el fen\u00f3meno ha ocurrido en oportunidades anteriores<\/strong>; 2) <strong>se trata de un tanque de material y bastante profundo<\/strong> \u2013seg\u00fan esa persona, tiene unos ocho metros de di\u00e1metros y tres de profundidad, es decir, mucho m\u00e1s profundo que los m\u00e1s conocidos tanques australianos, que oscilan en 1,5 metros de profundidad-; 3) <strong>en la filmaci\u00f3n se escucha mucho viento<\/strong> y en algunos pasajes, cuando la c\u00e1mara apunta hacia abajo, se ve que los pastos cercanos al tanque se mueven con intensidad; 4)<strong> cu\u00e1ndo ha ocurrido el fen\u00f3meno, siempre ha sido por la madrugada o en las primeras horas de la ma\u00f1ana, es decir, cuando la temperatura ambiente se encuentra en su punto m\u00e1s bajo<\/strong>.<\/p>\n<p>&nbsp;<\/p>\n<p><strong>Onda estacionaria<\/strong><\/p>\n<p>Estos datos y algunas especulaciones permiten pensar que<strong> esa llamativa y violenta ondulaci\u00f3n del agua registrada en el tanque de Anguil corresponde a un \u201cseiche\u201d<\/strong>, un tipo de onda estacionaria que se forma por causas naturales en un recinto cerrado o semicerrado que hace que las ondas oscilen en resonancia, es decir, sumando positivamente sus amplitudes. Esto ocurre cuando un pulso de onda choca contra el lateral del cuenco, vuelve en direcci\u00f3n contraria y se encuentra con otro pulso de la misma velocidad y longitud de onda. Si las dimensiones del recinto son las apropiadas, se produce una interferencia constructiva que genera la resonancia, con zonas donde el agua se agita mucho y otras en que la superficie no experimenta movimiento vertical. Estos puntos, los que no exhiben casi desplazamiento en la vertical, son los nodos que separan cada pulso de la onda estacionaria.<\/p>\n<p><strong>Este fen\u00f3meno se puede ver con claridad en el primero de los videos, en el cual el agua se agita con fuerza en el centro y los costados del tanque, pero pr\u00e1cticamente no se mueve en una distancia intermedia.<\/strong><\/p>\n<p><iframe style=\"border: none; overflow: hidden;\" src=\"https:\/\/www.facebook.com\/plugins\/video.php?href=https%3A%2F%2Fwww.facebook.com%2Feltextual%2Fvideos%2F443843222861800%2F&amp;show_text=1&amp;width=560\" width=\"560\" height=\"400\" frameborder=\"0\" scrolling=\"no\" allowfullscreen=\"allowfullscreen\"><\/iframe><\/p>\n<p><strong>La sumatoria de fuerte viento, condiciones meteorol\u00f3gicas y buena profundidad, autorizan a adjudicar el fen\u00f3meno del tanque de Anguil a un \u201cseiche\u201d y a explicar por qu\u00e9, por ejemplo, no se producen en los tanques australianos, que como ya se dijo son mucho menos profundos.<\/strong><\/p>\n<p>El segundo video <strong>muestra un cambio en la ondulaci\u00f3n, ya no conc\u00e9ntrica sino direccionada<\/strong>. Esto podr\u00eda ser consecuencia de un cambio en la direcci\u00f3n del viento, o en la modificaci\u00f3n de alguna de las variables que influyen en la ondulaci\u00f3n.<\/p>\n<p>&nbsp;<\/p>\n<p><iframe style=\"border: none; overflow: hidden;\" src=\"https:\/\/www.facebook.com\/plugins\/video.php?href=https%3A%2F%2Fwww.facebook.com%2Feltextual%2Fvideos%2F430798397474430%2F&amp;show_text=1&amp;width=560\" width=\"560\" height=\"419\" frameborder=\"0\" scrolling=\"no\" allowfullscreen=\"allowfullscreen\"><\/iframe><\/p>\n<p>&nbsp;<\/p>\n<p>Desde un punto netamente f\u00edsico, queda claro que \u201cse trata de los dos modos estacionarios m\u00e1s bajos de oscilaci\u00f3n de una membrana circular o superficie de agua con simetr\u00eda cil\u00edndrica\u201d, seg\u00fan explic\u00f3 el doctor <strong>Cristian Ghezzi<\/strong>, titular de la c\u00e1tedra Mec\u00e1nica Cu\u00e1ntica en la Licenciatura en F\u00edsica de la Facultad de Ciencias Exactas y Naturales.<\/p>\n<p>El doctor Mario Campo, titular de la c\u00e1tedra Termodin\u00e1mica de la Licenciatura en F\u00edsica, coincidi\u00f3 en que el fen\u00f3meno presenta las caracter\u00edsticas de ser un \u00abseiche\u00bb.<\/p>\n<p>Y aunque el fen\u00f3meno puede ser caracterizado desde conceptos f\u00edsicos, no deja de llamar la atenci\u00f3n la intensidad con que se manifiesta, dif\u00edcil de alcanzar a\u00fan en condiciones controladas de laboratorio.<\/p>\n<p>Como se dijo, una visita al lugar y el levantamiento de informaci\u00f3n v\u00e1lida, permitir\u00e1n comprobar esta hip\u00f3tesis y determinar si las dimensiones del tanque, la temperatura del agua y otros par\u00e1metros f\u00edsicos y clim\u00e1ticos, encajan en las ecuaciones matem\u00e1ticas que describen este tipo de ondulaciones.<\/p>\n<p>&nbsp;<\/p>\n<p><strong>Lagos alpinos<\/strong><\/p>\n<p>El t\u00e9rmino \u201cseiche\u201d proviene del dialecto franc\u00e9s de Suiza y se traduce como \u201cbalancearse atr\u00e1s y adelante\u201d, una clara definici\u00f3n del fen\u00f3meno surgida de las atinadas observaciones que a lo largo de cientos de a\u00f1os han realizado los lugare\u00f1os.<\/p>\n<p><strong>Los seiches no son raros pero en general son poco visibles. Cuando ocurren, pueden tener una amplitud de unos pocos cent\u00edmetros, imperceptibles al ojo humano y f\u00e1cilmente confundibles con las oscilaciones que habitualmente produce el viento.<\/strong><\/p>\n<p>La caracter\u00edstica distintiva de un \u201cseiche\u201d es su condici\u00f3n de onda estacionaria que ocurre cuando se dan las condiciones apropiadas. Esto la diferencia de otro tipo de ondulaciones de la superficie del agua, que tambi\u00e9n provocan oleaje de cierta intensidad, pero no cumple con el car\u00e1cter estacionario.<\/p>\n<p>Los grandes lagos suelen ser los escenarios m\u00e1s habituales de este fen\u00f3meno, sea que se produzca por fuertes vientos, por \u00a0centros de depresiones barom\u00e9tricos o por sismos, sean cercanos o alejados.<\/p>\n<p>&nbsp;<\/p>\n<blockquote class=\"wp-embedded-content\" data-secret=\"IVdtRULrYY\"><p><a href=\"http:\/\/diariotextual.com\/inicio\/index.php\/2019\/06\/22\/video-extrano-movimiento-del-agua-tanque-anguil\/\">Video: el extra\u00f1o movimiento del agua en un tanque en Anguil<\/a><\/p><\/blockquote>\n<p><iframe class=\"wp-embedded-content\" sandbox=\"allow-scripts\" security=\"restricted\" style=\"position: absolute; clip: rect(1px, 1px, 1px, 1px);\" src=\"http:\/\/diariotextual.com\/inicio\/index.php\/2019\/06\/22\/video-extrano-movimiento-del-agua-tanque-anguil\/embed\/#?secret=IVdtRULrYY\" data-secret=\"IVdtRULrYY\" width=\"600\" height=\"338\" title=\"&#171;Video: el extra\u00f1o movimiento del agua en un tanque en Anguil&#187; &#8212; Diario Textual\" frameborder=\"0\" marginwidth=\"0\" marginheight=\"0\" scrolling=\"no\"><\/iframe><\/p>\n<p>&nbsp;<\/p>\n<p>En los Grandes Lagos de Estados Unidos hay un importante registro de la ocurrencia de estos fen\u00f3menos. De hecho, hay registrados episodios que produjeron la muerte de varios pescadores que fueron arrastrados por el oleaje. Esto ocurri\u00f3 en 1954 frente a la ciudad de Chicago, en el lago Michigan.<\/p>\n<p>&nbsp;<\/p>\n<p><strong>Sismos<\/strong><\/p>\n<p>En el posteo de la informaci\u00f3n,<strong> uno de los lectores se\u00f1al\u00f3 una posible relaci\u00f3n con actividad s\u00edsmica. La opini\u00f3n no es del todo desacertada, aunque requerir\u00eda un estudio un poco m\u00e1s profundo, apuntando a buscar una vinculaci\u00f3n con alguno de los sismos que habitualmente ocurren en las provincias de Mendoza y San Juan.<\/strong><\/p>\n<p>Aunque esas zonas est\u00e1n alejadas del centro de nuestra provincia, ello no es \u00f3bice para que sean el disparador de la agitaci\u00f3n. De hecho, se han registrado \u201cseiches\u201d en tanques, piletas y piscinas en lugares distantes hasta 3.000 kil\u00f3metros del epicentro del terremoto. En la plataforma Youtube se pueden encontrar muchas de estas filmaciones, algunas realmente espectaculares, como as\u00ed tambi\u00e9n \u201cseiches\u201d ocurridos en los Grandes Lagos estadounidenses.<\/p>\n<p>Tambi\u00e9n filmaciones de estas ondulaciones en piletas y piscinas, en algunos casos directamente vinculados a terremotos, y en otros, de origen incierto.<\/p>\n<p>&nbsp;<\/p>\n<p>&nbsp;<\/p>\n<h3><em><strong>(*)<\/strong><\/em><\/h3>\n<p><em><strong>Licenciado en Geolog\u00eda, divulgador cient\u00edfico.<\/strong><\/em><\/p>\n<p><em><strong>Ayudante de c\u00e1tedra en \u201cF\u00edsica II\u201d \u2013 Tecnicatura en Hidrocarburos, y \u201cF\u00edsica\u201d \u2013 Licenciatura en Geolog\u00eda.<\/strong><\/em><\/p>\n<p>&nbsp;<\/p>\n<p>&nbsp;<\/p>\n<p>&nbsp;<\/p>\n<p>&nbsp;<\/p>\n<p>&nbsp;<\/p>\n","protected":false},"excerpt":{"rendered":"<p>Por Fernando Tourn (*)<\/p>\n","protected":false},"author":4,"featured_media":53162,"comment_status":"closed","ping_status":"open","sticky":false,"template":"","format":"standard","meta":{"_acf_changed":false,"footnotes":""},"categories":[319,12],"tags":[462,2045],"class_list":["post-53322","post","type-post","status-publish","format-standard","has-post-thumbnail","hentry","category-a-temporales","category-sociedad","tag-anguil","tag-tanque"],"acf":[],"yoast_head":"<!-- This site is optimized with the Yoast SEO plugin v27.5 - https:\/\/yoast.com\/product\/yoast-seo-wordpress\/ -->\n<title>Oleaje en el tanque: se tratar\u00eda de un &quot;seiche&quot;, una rara forma de ondulaci\u00f3n del agua - Diario Textual<\/title>\n<meta name=\"robots\" content=\"index, follow, max-snippet:-1, max-image-preview:large, max-video-preview:-1\" \/>\n<link rel=\"canonical\" href=\"https:\/\/diariotextual.com\/inicio\/index.php\/2019\/06\/23\/oleaje-tanque-anguil-se-trataria-seiche-rara-forma-ondulacion-del-agua\/\" \/>\n<meta property=\"og:locale\" content=\"es_ES\" \/>\n<meta property=\"og:type\" content=\"article\" \/>\n<meta property=\"og:title\" content=\"Oleaje en el tanque: se tratar\u00eda de un &quot;seiche&quot;, una rara forma de ondulaci\u00f3n del agua - Diario Textual\" \/>\n<meta property=\"og:description\" content=\"Por Fernando Tourn (*)\" \/>\n<meta property=\"og:url\" content=\"https:\/\/diariotextual.com\/inicio\/index.php\/2019\/06\/23\/oleaje-tanque-anguil-se-trataria-seiche-rara-forma-ondulacion-del-agua\/\" \/>\n<meta property=\"og:site_name\" content=\"Diario Textual\" \/>\n<meta property=\"article:publisher\" content=\"https:\/\/www.facebook.com\/eltextual\" \/>\n<meta property=\"article:published_time\" content=\"2019-06-23T21:38:26+00:00\" \/>\n<meta property=\"article:modified_time\" content=\"2019-06-24T14:51:42+00:00\" \/>\n<meta property=\"og:image\" content=\"https:\/\/diariotextual.com\/inicio\/wp-content\/uploads\/2019\/06\/tanquemovimientoanguil444.jpg\" \/>\n\t<meta property=\"og:image:width\" content=\"752\" \/>\n\t<meta property=\"og:image:height\" content=\"408\" \/>\n\t<meta property=\"og:image:type\" content=\"image\/jpeg\" \/>\n<meta name=\"author\" content=\"diario2\" \/>\n<meta name=\"twitter:card\" content=\"summary_large_image\" \/>\n<meta name=\"twitter:creator\" content=\"@eltextual\" \/>\n<meta name=\"twitter:site\" content=\"@eltextual\" \/>\n<meta name=\"twitter:label1\" content=\"Escrito por\" \/>\n\t<meta name=\"twitter:data1\" content=\"diario2\" \/>\n\t<meta name=\"twitter:label2\" content=\"Tiempo de lectura\" \/>\n\t<meta name=\"twitter:data2\" content=\"6 minutos\" \/>\n<script type=\"application\/ld+json\" class=\"yoast-schema-graph\">{\"@context\":\"https:\\\/\\\/schema.org\",\"@graph\":[{\"@type\":\"Article\",\"@id\":\"https:\\\/\\\/diariotextual.com\\\/inicio\\\/index.php\\\/2019\\\/06\\\/23\\\/oleaje-tanque-anguil-se-trataria-seiche-rara-forma-ondulacion-del-agua\\\/#article\",\"isPartOf\":{\"@id\":\"https:\\\/\\\/diariotextual.com\\\/inicio\\\/index.php\\\/2019\\\/06\\\/23\\\/oleaje-tanque-anguil-se-trataria-seiche-rara-forma-ondulacion-del-agua\\\/\"},\"author\":{\"name\":\"diario2\",\"@id\":\"https:\\\/\\\/diariotextual.com\\\/inicio\\\/#\\\/schema\\\/person\\\/694f60677f23c4a530867a98f22b3768\"},\"headline\":\"Oleaje en el tanque: se tratar\u00eda de un \u00abseiche\u00bb, una rara forma de ondulaci\u00f3n del agua\",\"datePublished\":\"2019-06-23T21:38:26+00:00\",\"dateModified\":\"2019-06-24T14:51:42+00:00\",\"mainEntityOfPage\":{\"@id\":\"https:\\\/\\\/diariotextual.com\\\/inicio\\\/index.php\\\/2019\\\/06\\\/23\\\/oleaje-tanque-anguil-se-trataria-seiche-rara-forma-ondulacion-del-agua\\\/\"},\"wordCount\":1251,\"publisher\":{\"@id\":\"https:\\\/\\\/diariotextual.com\\\/inicio\\\/#organization\"},\"image\":{\"@id\":\"https:\\\/\\\/diariotextual.com\\\/inicio\\\/index.php\\\/2019\\\/06\\\/23\\\/oleaje-tanque-anguil-se-trataria-seiche-rara-forma-ondulacion-del-agua\\\/#primaryimage\"},\"thumbnailUrl\":\"https:\\\/\\\/diariotextual.com\\\/inicio\\\/wp-content\\\/uploads\\\/2019\\\/06\\\/tanquemovimientoanguil444.jpg\",\"keywords\":[\"anguil\",\"tanque\"],\"articleSection\":[\"A - TEMPORALES\",\"SOCIEDAD\"],\"inLanguage\":\"es\"},{\"@type\":\"WebPage\",\"@id\":\"https:\\\/\\\/diariotextual.com\\\/inicio\\\/index.php\\\/2019\\\/06\\\/23\\\/oleaje-tanque-anguil-se-trataria-seiche-rara-forma-ondulacion-del-agua\\\/\",\"url\":\"https:\\\/\\\/diariotextual.com\\\/inicio\\\/index.php\\\/2019\\\/06\\\/23\\\/oleaje-tanque-anguil-se-trataria-seiche-rara-forma-ondulacion-del-agua\\\/\",\"name\":\"Oleaje en el tanque: se tratar\u00eda de un \\\"seiche\\\", una rara forma de ondulaci\u00f3n del agua - Diario Textual\",\"isPartOf\":{\"@id\":\"https:\\\/\\\/diariotextual.com\\\/inicio\\\/#website\"},\"primaryImageOfPage\":{\"@id\":\"https:\\\/\\\/diariotextual.com\\\/inicio\\\/index.php\\\/2019\\\/06\\\/23\\\/oleaje-tanque-anguil-se-trataria-seiche-rara-forma-ondulacion-del-agua\\\/#primaryimage\"},\"image\":{\"@id\":\"https:\\\/\\\/diariotextual.com\\\/inicio\\\/index.php\\\/2019\\\/06\\\/23\\\/oleaje-tanque-anguil-se-trataria-seiche-rara-forma-ondulacion-del-agua\\\/#primaryimage\"},\"thumbnailUrl\":\"https:\\\/\\\/diariotextual.com\\\/inicio\\\/wp-content\\\/uploads\\\/2019\\\/06\\\/tanquemovimientoanguil444.jpg\",\"datePublished\":\"2019-06-23T21:38:26+00:00\",\"dateModified\":\"2019-06-24T14:51:42+00:00\",\"breadcrumb\":{\"@id\":\"https:\\\/\\\/diariotextual.com\\\/inicio\\\/index.php\\\/2019\\\/06\\\/23\\\/oleaje-tanque-anguil-se-trataria-seiche-rara-forma-ondulacion-del-agua\\\/#breadcrumb\"},\"inLanguage\":\"es\",\"potentialAction\":[{\"@type\":\"ReadAction\",\"target\":[\"https:\\\/\\\/diariotextual.com\\\/inicio\\\/index.php\\\/2019\\\/06\\\/23\\\/oleaje-tanque-anguil-se-trataria-seiche-rara-forma-ondulacion-del-agua\\\/\"]}]},{\"@type\":\"ImageObject\",\"inLanguage\":\"es\",\"@id\":\"https:\\\/\\\/diariotextual.com\\\/inicio\\\/index.php\\\/2019\\\/06\\\/23\\\/oleaje-tanque-anguil-se-trataria-seiche-rara-forma-ondulacion-del-agua\\\/#primaryimage\",\"url\":\"https:\\\/\\\/diariotextual.com\\\/inicio\\\/wp-content\\\/uploads\\\/2019\\\/06\\\/tanquemovimientoanguil444.jpg\",\"contentUrl\":\"https:\\\/\\\/diariotextual.com\\\/inicio\\\/wp-content\\\/uploads\\\/2019\\\/06\\\/tanquemovimientoanguil444.jpg\",\"width\":752,\"height\":408},{\"@type\":\"BreadcrumbList\",\"@id\":\"https:\\\/\\\/diariotextual.com\\\/inicio\\\/index.php\\\/2019\\\/06\\\/23\\\/oleaje-tanque-anguil-se-trataria-seiche-rara-forma-ondulacion-del-agua\\\/#breadcrumb\",\"itemListElement\":[{\"@type\":\"ListItem\",\"position\":1,\"name\":\"Portada\",\"item\":\"https:\\\/\\\/diariotextual.com\\\/inicio\\\/\"},{\"@type\":\"ListItem\",\"position\":2,\"name\":\"Oleaje en el tanque: se tratar\u00eda de un \u00abseiche\u00bb, una rara forma de ondulaci\u00f3n del agua\"}]},{\"@type\":\"WebSite\",\"@id\":\"https:\\\/\\\/diariotextual.com\\\/inicio\\\/#website\",\"url\":\"https:\\\/\\\/diariotextual.com\\\/inicio\\\/\",\"name\":\"Diario Textual\",\"description\":\"\",\"publisher\":{\"@id\":\"https:\\\/\\\/diariotextual.com\\\/inicio\\\/#organization\"},\"potentialAction\":[{\"@type\":\"SearchAction\",\"target\":{\"@type\":\"EntryPoint\",\"urlTemplate\":\"https:\\\/\\\/diariotextual.com\\\/inicio\\\/?s={search_term_string}\"},\"query-input\":{\"@type\":\"PropertyValueSpecification\",\"valueRequired\":true,\"valueName\":\"search_term_string\"}}],\"inLanguage\":\"es\"},{\"@type\":\"Organization\",\"@id\":\"https:\\\/\\\/diariotextual.com\\\/inicio\\\/#organization\",\"name\":\"Diario Textual\",\"url\":\"https:\\\/\\\/diariotextual.com\\\/inicio\\\/\",\"logo\":{\"@type\":\"ImageObject\",\"inLanguage\":\"es\",\"@id\":\"https:\\\/\\\/diariotextual.com\\\/inicio\\\/#\\\/schema\\\/logo\\\/image\\\/\",\"url\":\"https:\\\/\\\/diariotextual.com\\\/inicio\\\/wp-content\\\/uploads\\\/2023\\\/05\\\/logotextual1.jpg\",\"contentUrl\":\"https:\\\/\\\/diariotextual.com\\\/inicio\\\/wp-content\\\/uploads\\\/2023\\\/05\\\/logotextual1.jpg\",\"width\":516,\"height\":76,\"caption\":\"Diario Textual\"},\"image\":{\"@id\":\"https:\\\/\\\/diariotextual.com\\\/inicio\\\/#\\\/schema\\\/logo\\\/image\\\/\"},\"sameAs\":[\"https:\\\/\\\/www.facebook.com\\\/eltextual\",\"https:\\\/\\\/x.com\\\/eltextual\",\"http:\\\/\\\/www.instagram.com\\\/eltextual\"]},{\"@type\":\"Person\",\"@id\":\"https:\\\/\\\/diariotextual.com\\\/inicio\\\/#\\\/schema\\\/person\\\/694f60677f23c4a530867a98f22b3768\",\"name\":\"diario2\",\"image\":{\"@type\":\"ImageObject\",\"inLanguage\":\"es\",\"@id\":\"https:\\\/\\\/secure.gravatar.com\\\/avatar\\\/5a2567495ba16b852fcd8f1ed006a2e24fcace936018ed8237e95f488ad6e0a7?s=96&d=mm&r=g\",\"url\":\"https:\\\/\\\/secure.gravatar.com\\\/avatar\\\/5a2567495ba16b852fcd8f1ed006a2e24fcace936018ed8237e95f488ad6e0a7?s=96&d=mm&r=g\",\"contentUrl\":\"https:\\\/\\\/secure.gravatar.com\\\/avatar\\\/5a2567495ba16b852fcd8f1ed006a2e24fcace936018ed8237e95f488ad6e0a7?s=96&d=mm&r=g\",\"caption\":\"diario2\"},\"url\":\"https:\\\/\\\/diariotextual.com\\\/inicio\\\/index.php\\\/author\\\/diario2\\\/\"}]}<\/script>\n<!-- \/ Yoast SEO plugin. -->","yoast_head_json":{"title":"Oleaje en el tanque: se tratar\u00eda de un \"seiche\", una rara forma de ondulaci\u00f3n del agua - Diario Textual","robots":{"index":"index","follow":"follow","max-snippet":"max-snippet:-1","max-image-preview":"max-image-preview:large","max-video-preview":"max-video-preview:-1"},"canonical":"https:\/\/diariotextual.com\/inicio\/index.php\/2019\/06\/23\/oleaje-tanque-anguil-se-trataria-seiche-rara-forma-ondulacion-del-agua\/","og_locale":"es_ES","og_type":"article","og_title":"Oleaje en el tanque: se tratar\u00eda de un \"seiche\", una rara forma de ondulaci\u00f3n del agua - Diario Textual","og_description":"Por Fernando Tourn (*)","og_url":"https:\/\/diariotextual.com\/inicio\/index.php\/2019\/06\/23\/oleaje-tanque-anguil-se-trataria-seiche-rara-forma-ondulacion-del-agua\/","og_site_name":"Diario Textual","article_publisher":"https:\/\/www.facebook.com\/eltextual","article_published_time":"2019-06-23T21:38:26+00:00","article_modified_time":"2019-06-24T14:51:42+00:00","og_image":[{"width":752,"height":408,"url":"https:\/\/diariotextual.com\/inicio\/wp-content\/uploads\/2019\/06\/tanquemovimientoanguil444.jpg","type":"image\/jpeg"}],"author":"diario2","twitter_card":"summary_large_image","twitter_creator":"@eltextual","twitter_site":"@eltextual","twitter_misc":{"Escrito por":"diario2","Tiempo de lectura":"6 minutos"},"schema":{"@context":"https:\/\/schema.org","@graph":[{"@type":"Article","@id":"https:\/\/diariotextual.com\/inicio\/index.php\/2019\/06\/23\/oleaje-tanque-anguil-se-trataria-seiche-rara-forma-ondulacion-del-agua\/#article","isPartOf":{"@id":"https:\/\/diariotextual.com\/inicio\/index.php\/2019\/06\/23\/oleaje-tanque-anguil-se-trataria-seiche-rara-forma-ondulacion-del-agua\/"},"author":{"name":"diario2","@id":"https:\/\/diariotextual.com\/inicio\/#\/schema\/person\/694f60677f23c4a530867a98f22b3768"},"headline":"Oleaje en el tanque: se tratar\u00eda de un \u00abseiche\u00bb, una rara forma de ondulaci\u00f3n del agua","datePublished":"2019-06-23T21:38:26+00:00","dateModified":"2019-06-24T14:51:42+00:00","mainEntityOfPage":{"@id":"https:\/\/diariotextual.com\/inicio\/index.php\/2019\/06\/23\/oleaje-tanque-anguil-se-trataria-seiche-rara-forma-ondulacion-del-agua\/"},"wordCount":1251,"publisher":{"@id":"https:\/\/diariotextual.com\/inicio\/#organization"},"image":{"@id":"https:\/\/diariotextual.com\/inicio\/index.php\/2019\/06\/23\/oleaje-tanque-anguil-se-trataria-seiche-rara-forma-ondulacion-del-agua\/#primaryimage"},"thumbnailUrl":"https:\/\/diariotextual.com\/inicio\/wp-content\/uploads\/2019\/06\/tanquemovimientoanguil444.jpg","keywords":["anguil","tanque"],"articleSection":["A - TEMPORALES","SOCIEDAD"],"inLanguage":"es"},{"@type":"WebPage","@id":"https:\/\/diariotextual.com\/inicio\/index.php\/2019\/06\/23\/oleaje-tanque-anguil-se-trataria-seiche-rara-forma-ondulacion-del-agua\/","url":"https:\/\/diariotextual.com\/inicio\/index.php\/2019\/06\/23\/oleaje-tanque-anguil-se-trataria-seiche-rara-forma-ondulacion-del-agua\/","name":"Oleaje en el tanque: se tratar\u00eda de un \"seiche\", una rara forma de ondulaci\u00f3n del agua - Diario Textual","isPartOf":{"@id":"https:\/\/diariotextual.com\/inicio\/#website"},"primaryImageOfPage":{"@id":"https:\/\/diariotextual.com\/inicio\/index.php\/2019\/06\/23\/oleaje-tanque-anguil-se-trataria-seiche-rara-forma-ondulacion-del-agua\/#primaryimage"},"image":{"@id":"https:\/\/diariotextual.com\/inicio\/index.php\/2019\/06\/23\/oleaje-tanque-anguil-se-trataria-seiche-rara-forma-ondulacion-del-agua\/#primaryimage"},"thumbnailUrl":"https:\/\/diariotextual.com\/inicio\/wp-content\/uploads\/2019\/06\/tanquemovimientoanguil444.jpg","datePublished":"2019-06-23T21:38:26+00:00","dateModified":"2019-06-24T14:51:42+00:00","breadcrumb":{"@id":"https:\/\/diariotextual.com\/inicio\/index.php\/2019\/06\/23\/oleaje-tanque-anguil-se-trataria-seiche-rara-forma-ondulacion-del-agua\/#breadcrumb"},"inLanguage":"es","potentialAction":[{"@type":"ReadAction","target":["https:\/\/diariotextual.com\/inicio\/index.php\/2019\/06\/23\/oleaje-tanque-anguil-se-trataria-seiche-rara-forma-ondulacion-del-agua\/"]}]},{"@type":"ImageObject","inLanguage":"es","@id":"https:\/\/diariotextual.com\/inicio\/index.php\/2019\/06\/23\/oleaje-tanque-anguil-se-trataria-seiche-rara-forma-ondulacion-del-agua\/#primaryimage","url":"https:\/\/diariotextual.com\/inicio\/wp-content\/uploads\/2019\/06\/tanquemovimientoanguil444.jpg","contentUrl":"https:\/\/diariotextual.com\/inicio\/wp-content\/uploads\/2019\/06\/tanquemovimientoanguil444.jpg","width":752,"height":408},{"@type":"BreadcrumbList","@id":"https:\/\/diariotextual.com\/inicio\/index.php\/2019\/06\/23\/oleaje-tanque-anguil-se-trataria-seiche-rara-forma-ondulacion-del-agua\/#breadcrumb","itemListElement":[{"@type":"ListItem","position":1,"name":"Portada","item":"https:\/\/diariotextual.com\/inicio\/"},{"@type":"ListItem","position":2,"name":"Oleaje en el tanque: se tratar\u00eda de un \u00abseiche\u00bb, una rara forma de ondulaci\u00f3n del agua"}]},{"@type":"WebSite","@id":"https:\/\/diariotextual.com\/inicio\/#website","url":"https:\/\/diariotextual.com\/inicio\/","name":"Diario Textual","description":"","publisher":{"@id":"https:\/\/diariotextual.com\/inicio\/#organization"},"potentialAction":[{"@type":"SearchAction","target":{"@type":"EntryPoint","urlTemplate":"https:\/\/diariotextual.com\/inicio\/?s={search_term_string}"},"query-input":{"@type":"PropertyValueSpecification","valueRequired":true,"valueName":"search_term_string"}}],"inLanguage":"es"},{"@type":"Organization","@id":"https:\/\/diariotextual.com\/inicio\/#organization","name":"Diario Textual","url":"https:\/\/diariotextual.com\/inicio\/","logo":{"@type":"ImageObject","inLanguage":"es","@id":"https:\/\/diariotextual.com\/inicio\/#\/schema\/logo\/image\/","url":"https:\/\/diariotextual.com\/inicio\/wp-content\/uploads\/2023\/05\/logotextual1.jpg","contentUrl":"https:\/\/diariotextual.com\/inicio\/wp-content\/uploads\/2023\/05\/logotextual1.jpg","width":516,"height":76,"caption":"Diario Textual"},"image":{"@id":"https:\/\/diariotextual.com\/inicio\/#\/schema\/logo\/image\/"},"sameAs":["https:\/\/www.facebook.com\/eltextual","https:\/\/x.com\/eltextual","http:\/\/www.instagram.com\/eltextual"]},{"@type":"Person","@id":"https:\/\/diariotextual.com\/inicio\/#\/schema\/person\/694f60677f23c4a530867a98f22b3768","name":"diario2","image":{"@type":"ImageObject","inLanguage":"es","@id":"https:\/\/secure.gravatar.com\/avatar\/5a2567495ba16b852fcd8f1ed006a2e24fcace936018ed8237e95f488ad6e0a7?s=96&d=mm&r=g","url":"https:\/\/secure.gravatar.com\/avatar\/5a2567495ba16b852fcd8f1ed006a2e24fcace936018ed8237e95f488ad6e0a7?s=96&d=mm&r=g","contentUrl":"https:\/\/secure.gravatar.com\/avatar\/5a2567495ba16b852fcd8f1ed006a2e24fcace936018ed8237e95f488ad6e0a7?s=96&d=mm&r=g","caption":"diario2"},"url":"https:\/\/diariotextual.com\/inicio\/index.php\/author\/diario2\/"}]}},"_links":{"self":[{"href":"https:\/\/diariotextual.com\/inicio\/index.php\/wp-json\/wp\/v2\/posts\/53322","targetHints":{"allow":["GET"]}}],"collection":[{"href":"https:\/\/diariotextual.com\/inicio\/index.php\/wp-json\/wp\/v2\/posts"}],"about":[{"href":"https:\/\/diariotextual.com\/inicio\/index.php\/wp-json\/wp\/v2\/types\/post"}],"author":[{"embeddable":true,"href":"https:\/\/diariotextual.com\/inicio\/index.php\/wp-json\/wp\/v2\/users\/4"}],"replies":[{"embeddable":true,"href":"https:\/\/diariotextual.com\/inicio\/index.php\/wp-json\/wp\/v2\/comments?post=53322"}],"version-history":[{"count":8,"href":"https:\/\/diariotextual.com\/inicio\/index.php\/wp-json\/wp\/v2\/posts\/53322\/revisions"}],"predecessor-version":[{"id":53340,"href":"https:\/\/diariotextual.com\/inicio\/index.php\/wp-json\/wp\/v2\/posts\/53322\/revisions\/53340"}],"wp:featuredmedia":[{"embeddable":true,"href":"https:\/\/diariotextual.com\/inicio\/index.php\/wp-json\/wp\/v2\/media\/53162"}],"wp:attachment":[{"href":"https:\/\/diariotextual.com\/inicio\/index.php\/wp-json\/wp\/v2\/media?parent=53322"}],"wp:term":[{"taxonomy":"category","embeddable":true,"href":"https:\/\/diariotextual.com\/inicio\/index.php\/wp-json\/wp\/v2\/categories?post=53322"},{"taxonomy":"post_tag","embeddable":true,"href":"https:\/\/diariotextual.com\/inicio\/index.php\/wp-json\/wp\/v2\/tags?post=53322"}],"curies":[{"name":"wp","href":"https:\/\/api.w.org\/{rel}","templated":true}]}}