{"id":53368,"date":"2019-06-24T07:57:38","date_gmt":"2019-06-24T10:57:38","guid":{"rendered":"http:\/\/diariotextual.com\/inicio\/?p=53368"},"modified":"2019-06-25T08:28:22","modified_gmt":"2019-06-25T11:28:22","slug":"cierre-listas-paso-orden-desde-nuevo-peronismo","status":"publish","type":"post","link":"https:\/\/diariotextual.com\/inicio\/index.php\/2019\/06\/24\/cierre-listas-paso-orden-desde-nuevo-peronismo\/","title":{"rendered":"Cierre de listas PASO: el orden desde arriba y el nuevo peronismo"},"content":{"rendered":"<p><strong>Por Norberto G. Asquini<\/strong><\/p>\n<p><!--more--><\/p>\n<p>Cerraron las listas para presidente y legisladores nacionales y<strong> en La Pampa rein\u00f3 el orden sobre el caos<\/strong>. Ese ordenamiento vino desde \u201carriba\u201d, alineadas las fuerzas locales con las necesidades de cada candidato presidencial, ya que poco se jugaba en la provincia. El nuevo peronismo que ya prefigura la nueva \u201cboleta del consenso\u201d.<\/p>\n<p><strong>Poco es lo que se jugaba al interior de cada fuerza provincial en este cierre de listas para la renovaci\u00f3n de solo dos diputados nacionales por La Pampa, y cuyos titulares ya est\u00e1n casi cantados<\/strong>. En la pol\u00edtica pampeana lo central se hab\u00eda definido el 9 de mayo pasado. Solo hab\u00eda que poner cuatro nombres y no quedaba mucho para repartir, salvo los dos candidatos titulares. De ah\u00ed que m\u00e1s all\u00e1 de algunas pretensiones personales, primara el consenso a la hora de cerrar la integraci\u00f3n de las boletas. <strong>Fueron acuerdos de las superestructuras y apremiados por las necesidades de los postulantes a la presidencia<\/strong>. Todo esto llev\u00f3 a la concentraci\u00f3n de <strong>la oferta electoral en solo cinco boletas<\/strong>.<\/p>\n<p>&nbsp;<\/p>\n<p><strong>La nueva configuraci\u00f3n peronista<\/strong><\/p>\n<p>Vamos al oficialismo<strong>. La boleta del Frente de Todos se orden\u00f3 autom\u00e1ticamente a la situaci\u00f3n nacional<\/strong>. Los candidatos del gobernador Carlos Verna y del PJ eran Alberto Fern\u00e1ndez y CFK, ese alineamiento hab\u00eda que plasmarlo en la lista y adem\u00e1s obtener el enganche exclusivo, si bien se sab\u00eda que no se iba a tener internas competitivas en las pr\u00f3ximas PASO.<\/p>\n<p>Hay una lectura prematura de la lista del PJ y sus aliados. Muestra la nueva configuraci\u00f3n del oficialismo provincial.<strong> Verna tuvo autonom\u00eda para definir los nombres, siempre con la venia del binomio FF<\/strong>. Y el primero fue el de <strong>Hern\u00e1n P\u00e9rez Araujo<\/strong>, que surgi\u00f3 del <strong>vernismo<\/strong>, y es un funcionario vinculado a uno de los temas centrales, y nacional, de la gesti\u00f3n vernista como es el de los derechos sobre los recursos h\u00eddricos. Un abogado que con solvencia lleva adelante el tema ante la Corte. Ratificado el rumbo del PJ con la inapelable elecci\u00f3n de Sergio Ziliotto, y del vernismo como l\u00ednea central, no hay cuestionamientos a la vertebraci\u00f3n actual del peronismo: el primero confirm\u00f3 la tendencia.<\/p>\n<p><strong>El segundo nombre fue del camporismo<\/strong>. El<strong> alineamiento con FF pes\u00f3<\/strong> en la elecci\u00f3n de <strong>Ana Carmina Besga<\/strong>, pero tambi\u00e9n <strong>el espacio pol\u00edtico que el kirchnerismo<\/strong> comenz\u00f3 a ocupar en el PJ pampeano con<strong> la victoria<\/strong> en Santa Rosa.<\/p>\n<p>Cada elecci\u00f3n legislativa nacional es coyuntural, y Verna ha ido definiendo sus candidatos de acuerdo al momento pol\u00edtico. En 2015 encabezaron vernistas puros acompa\u00f1ados por sus aliados cuando la interna era con el kirchnerismo. En 2017, todav\u00eda con el frente interno movilizado, fue un t\u00e9cnico del jorgismo para dar una se\u00f1al de unidad y evitar las diferencias. Estas vez es un t\u00e9cnico y vernista, de confianza del mandatario, y el segundo lugar es para el sector K.<strong> Se va reconfigurando de a poco el PJ provincial de cara a la asunci\u00f3n de Ziliotto<\/strong>. Una din\u00e1mica que quedar\u00e1 supeditada a quien ocupe tambi\u00e9n desde diciembre la Casa Rosada.<\/p>\n<p>&nbsp;<\/p>\n<p><strong>Del internismo al acuerdo general<\/strong><\/p>\n<p>En la oposici\u00f3n qued\u00f3 el frente Juntos por el Cambio, el ex Cambiemos. La marca que pesaba tanto a los radicales ahora transmut\u00f3 su denominaci\u00f3n. Hubo dos momentos: la hora de mostrar los dientes, de la rosca radical (a la que se sum\u00f3 el PRO), y que muestra el internismo siempre vigente dentro de la UCR; y las horas calientes de las definiciones en las que primaron los intereses sectoriales y se cerr\u00f3 el acuerdo bajo el consenso.<\/p>\n<p><strong>Hubo hasta ocho posibles candidatos radicales que se anotaron, y cuatro con pretensiones reales.<\/strong> Hubo hasta cinco del PRO, azuzados porque sus dos principales figuras no iban a presentarse.<\/p>\n<p><strong>Finalmente el primer lugar fue para Mart\u00edn Berhongaray.<\/strong> Ya hab\u00eda perdido dos elecciones buscando una banca en el Congreso, y la tercera fue la vencida. <strong>Todo conduc\u00eda a su nombre<\/strong>. Era el que mejor posicionado hab\u00eda quedado despu\u00e9s de 2017, el PRO no ten\u00eda posibilidades reales de imponerse a la UCR ni candidatos taquilleros, la UCR no pod\u00eda ir otra vez dividida con varios postulante, Berhongaray se hab\u00eda preservado y los dem\u00e1s sectores llegaban con dos campa\u00f1as encima, y era el que m\u00e1s consensos lograba y menos resistencias ten\u00eda. La figura puesta.<\/p>\n<p>El acuerdo nacional entre Macri y los radicales fue definiendo la lista. El primer lugar era para un radical para garantizar la renovaci\u00f3n de esa banca en el Congreso. La \u00fanica condici\u00f3n para que no jugara el PRO era que hubiera un solo candidato. Pes\u00f3 el armador y enviado de Macri, que sigue siendo Carlos Mac Allister. \u201cEra el que ten\u00eda la orden de cerrar todo con un solo mandato: que Macri sea presidente\u201d, afirma un vocero. Del lado del PRO, Mac Allister cerr\u00f3 el acuerdo. Salvo por<strong> el d\u00edscolo Luis Bertone<\/strong>, que si bien no es afiliado al PRO se presentaba por su partido, y no quiso acatar el acuerdo nacional que deb\u00eda respetar el lugar de la UCR (hasta se lo acus\u00f3 de presentar avales truchos). Hasta que tuvo que ser convencido por funcionarios nacionales.<\/p>\n<p><strong>Entre los radicales el consenso se fue cerrando a pura rosca y cediendo todos un poco<\/strong>. Una de las condiciones fueron acuerdos a futuro de cara a las siguientes elecciones, apuntando a la pr\u00f3xima de senador. Queda igualmente mucho.<\/p>\n<p>&nbsp;<\/p>\n<p><strong>Afuera de la polarizaci\u00f3n<\/strong><\/p>\n<p>La polarizaci\u00f3n nacional tiene su peso. Y tambi\u00e9n su correlato local. Al eje estructurante del escenario pol\u00edtico de La Pampa entre peronismo y no-peronismo se le superpone el de las adhesiones a Macri o del frente anti-Macri.<\/p>\n<p>Quien va a jugar contra esa grieta ser\u00e1 <strong>Consenso Federal con Roberto Lavagna<\/strong> como candidato a presidente. Ser\u00e1 el socialismo, nuevamente en solitario y acompa\u00f1ado por partidos vecinales y alg\u00fan sector peronista y del GEN local, quien vaya enganchado a la boleta. Encabeza Luis Solana y lo nacional tambi\u00e9n pes\u00f3. A ese frente se quiso sumar el celeste Pueblo Nuevo. En la mesa de los apoderados no lo dejaron entrar por sus posturas totalmente incompatibles con el PS en la provincia.<\/p>\n<p>El ordenamiento nacional tambi\u00e9n impuls\u00f3 el <strong>Frente de Izquierda<\/strong>, con el acuerdo del PTS, MST y PO que llevan a Nicol\u00e1s del Ca\u00f1o como candidato a presidente. Con esta unificaci\u00f3n habr\u00e1 que ver si en la provincia el FIT seguir\u00e1 siendo una fuerza de caracter\u00edsticas testimoniales o como en algunos puntos del pa\u00eds podr\u00eda empezar a ser un frente con representaci\u00f3n institucional. La izquierda, igualmente, tendr\u00e1 su \u00abinterna\u00bb con <strong>el Nuevo MAS<\/strong> que pelea por el mismo espacio ideol\u00f3gico.<\/p>\n<p>&nbsp;<\/p>\n<p>&nbsp;<\/p>\n<p>&nbsp;<\/p>\n","protected":false},"excerpt":{"rendered":"<p>Por Norberto G. Asquini<\/p>\n","protected":false},"author":3,"featured_media":53371,"comment_status":"closed","ping_status":"open","sticky":false,"template":"","format":"standard","meta":{"_acf_changed":false,"footnotes":""},"categories":[10,319,8],"tags":[140],"class_list":["post-53368","post","type-post","status-publish","format-standard","has-post-thumbnail","hentry","category-portada-2","category-a-temporales","category-politica","tag-marino"],"acf":[],"yoast_head":"<!-- This site is optimized with the Yoast SEO plugin v27.5 - https:\/\/yoast.com\/product\/yoast-seo-wordpress\/ -->\n<title>Cierre de listas PASO: el orden desde arriba y el nuevo peronismo - Diario Textual<\/title>\n<meta name=\"robots\" content=\"index, follow, max-snippet:-1, max-image-preview:large, max-video-preview:-1\" \/>\n<link rel=\"canonical\" href=\"https:\/\/diariotextual.com\/inicio\/index.php\/2019\/06\/24\/cierre-listas-paso-orden-desde-nuevo-peronismo\/\" \/>\n<meta property=\"og:locale\" content=\"es_ES\" \/>\n<meta property=\"og:type\" content=\"article\" \/>\n<meta property=\"og:title\" content=\"Cierre de listas PASO: el orden desde arriba y el nuevo peronismo - Diario Textual\" \/>\n<meta property=\"og:description\" content=\"Por Norberto G. Asquini\" \/>\n<meta property=\"og:url\" content=\"https:\/\/diariotextual.com\/inicio\/index.php\/2019\/06\/24\/cierre-listas-paso-orden-desde-nuevo-peronismo\/\" \/>\n<meta property=\"og:site_name\" content=\"Diario Textual\" \/>\n<meta property=\"article:publisher\" content=\"https:\/\/www.facebook.com\/eltextual\" \/>\n<meta property=\"article:published_time\" content=\"2019-06-24T10:57:38+00:00\" \/>\n<meta property=\"article:modified_time\" content=\"2019-06-25T11:28:22+00:00\" \/>\n<meta property=\"og:image\" content=\"https:\/\/diariotextual.com\/inicio\/wp-content\/uploads\/2019\/06\/eleccionespaso2019collage1.jpg\" \/>\n\t<meta property=\"og:image:width\" content=\"881\" \/>\n\t<meta property=\"og:image:height\" content=\"554\" \/>\n\t<meta property=\"og:image:type\" content=\"image\/jpeg\" \/>\n<meta name=\"author\" content=\"Diario1 Diario1\" \/>\n<meta name=\"twitter:card\" content=\"summary_large_image\" \/>\n<meta name=\"twitter:creator\" content=\"@eltextual\" \/>\n<meta name=\"twitter:site\" content=\"@eltextual\" \/>\n<meta name=\"twitter:label1\" content=\"Escrito por\" \/>\n\t<meta name=\"twitter:data1\" content=\"Diario1 Diario1\" \/>\n\t<meta name=\"twitter:label2\" content=\"Tiempo de lectura\" \/>\n\t<meta name=\"twitter:data2\" content=\"6 minutos\" \/>\n<script type=\"application\/ld+json\" class=\"yoast-schema-graph\">{\"@context\":\"https:\\\/\\\/schema.org\",\"@graph\":[{\"@type\":\"Article\",\"@id\":\"https:\\\/\\\/diariotextual.com\\\/inicio\\\/index.php\\\/2019\\\/06\\\/24\\\/cierre-listas-paso-orden-desde-nuevo-peronismo\\\/#article\",\"isPartOf\":{\"@id\":\"https:\\\/\\\/diariotextual.com\\\/inicio\\\/index.php\\\/2019\\\/06\\\/24\\\/cierre-listas-paso-orden-desde-nuevo-peronismo\\\/\"},\"author\":{\"name\":\"Diario1 Diario1\",\"@id\":\"https:\\\/\\\/diariotextual.com\\\/inicio\\\/#\\\/schema\\\/person\\\/418fc4093c33e86ed41562db3508f958\"},\"headline\":\"Cierre de listas PASO: el orden desde arriba y el nuevo peronismo\",\"datePublished\":\"2019-06-24T10:57:38+00:00\",\"dateModified\":\"2019-06-25T11:28:22+00:00\",\"mainEntityOfPage\":{\"@id\":\"https:\\\/\\\/diariotextual.com\\\/inicio\\\/index.php\\\/2019\\\/06\\\/24\\\/cierre-listas-paso-orden-desde-nuevo-peronismo\\\/\"},\"wordCount\":1171,\"publisher\":{\"@id\":\"https:\\\/\\\/diariotextual.com\\\/inicio\\\/#organization\"},\"image\":{\"@id\":\"https:\\\/\\\/diariotextual.com\\\/inicio\\\/index.php\\\/2019\\\/06\\\/24\\\/cierre-listas-paso-orden-desde-nuevo-peronismo\\\/#primaryimage\"},\"thumbnailUrl\":\"https:\\\/\\\/diariotextual.com\\\/inicio\\\/wp-content\\\/uploads\\\/2019\\\/06\\\/eleccionespaso2019collage1.jpg\",\"keywords\":[\"marino\"],\"articleSection\":[\"A - PORTADA2\",\"A - TEMPORALES\",\"POLITICA\"],\"inLanguage\":\"es\"},{\"@type\":\"WebPage\",\"@id\":\"https:\\\/\\\/diariotextual.com\\\/inicio\\\/index.php\\\/2019\\\/06\\\/24\\\/cierre-listas-paso-orden-desde-nuevo-peronismo\\\/\",\"url\":\"https:\\\/\\\/diariotextual.com\\\/inicio\\\/index.php\\\/2019\\\/06\\\/24\\\/cierre-listas-paso-orden-desde-nuevo-peronismo\\\/\",\"name\":\"Cierre de listas PASO: el orden desde arriba y el nuevo peronismo - Diario Textual\",\"isPartOf\":{\"@id\":\"https:\\\/\\\/diariotextual.com\\\/inicio\\\/#website\"},\"primaryImageOfPage\":{\"@id\":\"https:\\\/\\\/diariotextual.com\\\/inicio\\\/index.php\\\/2019\\\/06\\\/24\\\/cierre-listas-paso-orden-desde-nuevo-peronismo\\\/#primaryimage\"},\"image\":{\"@id\":\"https:\\\/\\\/diariotextual.com\\\/inicio\\\/index.php\\\/2019\\\/06\\\/24\\\/cierre-listas-paso-orden-desde-nuevo-peronismo\\\/#primaryimage\"},\"thumbnailUrl\":\"https:\\\/\\\/diariotextual.com\\\/inicio\\\/wp-content\\\/uploads\\\/2019\\\/06\\\/eleccionespaso2019collage1.jpg\",\"datePublished\":\"2019-06-24T10:57:38+00:00\",\"dateModified\":\"2019-06-25T11:28:22+00:00\",\"breadcrumb\":{\"@id\":\"https:\\\/\\\/diariotextual.com\\\/inicio\\\/index.php\\\/2019\\\/06\\\/24\\\/cierre-listas-paso-orden-desde-nuevo-peronismo\\\/#breadcrumb\"},\"inLanguage\":\"es\",\"potentialAction\":[{\"@type\":\"ReadAction\",\"target\":[\"https:\\\/\\\/diariotextual.com\\\/inicio\\\/index.php\\\/2019\\\/06\\\/24\\\/cierre-listas-paso-orden-desde-nuevo-peronismo\\\/\"]}]},{\"@type\":\"ImageObject\",\"inLanguage\":\"es\",\"@id\":\"https:\\\/\\\/diariotextual.com\\\/inicio\\\/index.php\\\/2019\\\/06\\\/24\\\/cierre-listas-paso-orden-desde-nuevo-peronismo\\\/#primaryimage\",\"url\":\"https:\\\/\\\/diariotextual.com\\\/inicio\\\/wp-content\\\/uploads\\\/2019\\\/06\\\/eleccionespaso2019collage1.jpg\",\"contentUrl\":\"https:\\\/\\\/diariotextual.com\\\/inicio\\\/wp-content\\\/uploads\\\/2019\\\/06\\\/eleccionespaso2019collage1.jpg\",\"width\":881,\"height\":554},{\"@type\":\"BreadcrumbList\",\"@id\":\"https:\\\/\\\/diariotextual.com\\\/inicio\\\/index.php\\\/2019\\\/06\\\/24\\\/cierre-listas-paso-orden-desde-nuevo-peronismo\\\/#breadcrumb\",\"itemListElement\":[{\"@type\":\"ListItem\",\"position\":1,\"name\":\"Portada\",\"item\":\"https:\\\/\\\/diariotextual.com\\\/inicio\\\/\"},{\"@type\":\"ListItem\",\"position\":2,\"name\":\"Cierre de listas PASO: el orden desde arriba y el nuevo peronismo\"}]},{\"@type\":\"WebSite\",\"@id\":\"https:\\\/\\\/diariotextual.com\\\/inicio\\\/#website\",\"url\":\"https:\\\/\\\/diariotextual.com\\\/inicio\\\/\",\"name\":\"Diario Textual\",\"description\":\"\",\"publisher\":{\"@id\":\"https:\\\/\\\/diariotextual.com\\\/inicio\\\/#organization\"},\"potentialAction\":[{\"@type\":\"SearchAction\",\"target\":{\"@type\":\"EntryPoint\",\"urlTemplate\":\"https:\\\/\\\/diariotextual.com\\\/inicio\\\/?s={search_term_string}\"},\"query-input\":{\"@type\":\"PropertyValueSpecification\",\"valueRequired\":true,\"valueName\":\"search_term_string\"}}],\"inLanguage\":\"es\"},{\"@type\":\"Organization\",\"@id\":\"https:\\\/\\\/diariotextual.com\\\/inicio\\\/#organization\",\"name\":\"Diario Textual\",\"url\":\"https:\\\/\\\/diariotextual.com\\\/inicio\\\/\",\"logo\":{\"@type\":\"ImageObject\",\"inLanguage\":\"es\",\"@id\":\"https:\\\/\\\/diariotextual.com\\\/inicio\\\/#\\\/schema\\\/logo\\\/image\\\/\",\"url\":\"https:\\\/\\\/diariotextual.com\\\/inicio\\\/wp-content\\\/uploads\\\/2023\\\/05\\\/logotextual1.jpg\",\"contentUrl\":\"https:\\\/\\\/diariotextual.com\\\/inicio\\\/wp-content\\\/uploads\\\/2023\\\/05\\\/logotextual1.jpg\",\"width\":516,\"height\":76,\"caption\":\"Diario Textual\"},\"image\":{\"@id\":\"https:\\\/\\\/diariotextual.com\\\/inicio\\\/#\\\/schema\\\/logo\\\/image\\\/\"},\"sameAs\":[\"https:\\\/\\\/www.facebook.com\\\/eltextual\",\"https:\\\/\\\/x.com\\\/eltextual\",\"http:\\\/\\\/www.instagram.com\\\/eltextual\"]},{\"@type\":\"Person\",\"@id\":\"https:\\\/\\\/diariotextual.com\\\/inicio\\\/#\\\/schema\\\/person\\\/418fc4093c33e86ed41562db3508f958\",\"name\":\"Diario1 Diario1\",\"image\":{\"@type\":\"ImageObject\",\"inLanguage\":\"es\",\"@id\":\"https:\\\/\\\/secure.gravatar.com\\\/avatar\\\/9167d280179c85bc18be67aa7eda765854300033af4896dd779b608640f2ef7a?s=96&d=mm&r=g\",\"url\":\"https:\\\/\\\/secure.gravatar.com\\\/avatar\\\/9167d280179c85bc18be67aa7eda765854300033af4896dd779b608640f2ef7a?s=96&d=mm&r=g\",\"contentUrl\":\"https:\\\/\\\/secure.gravatar.com\\\/avatar\\\/9167d280179c85bc18be67aa7eda765854300033af4896dd779b608640f2ef7a?s=96&d=mm&r=g\",\"caption\":\"Diario1 Diario1\"},\"url\":\"https:\\\/\\\/diariotextual.com\\\/inicio\\\/index.php\\\/author\\\/diario1\\\/\"}]}<\/script>\n<!-- \/ Yoast SEO plugin. -->","yoast_head_json":{"title":"Cierre de listas PASO: el orden desde arriba y el nuevo peronismo - Diario Textual","robots":{"index":"index","follow":"follow","max-snippet":"max-snippet:-1","max-image-preview":"max-image-preview:large","max-video-preview":"max-video-preview:-1"},"canonical":"https:\/\/diariotextual.com\/inicio\/index.php\/2019\/06\/24\/cierre-listas-paso-orden-desde-nuevo-peronismo\/","og_locale":"es_ES","og_type":"article","og_title":"Cierre de listas PASO: el orden desde arriba y el nuevo peronismo - Diario Textual","og_description":"Por Norberto G. Asquini","og_url":"https:\/\/diariotextual.com\/inicio\/index.php\/2019\/06\/24\/cierre-listas-paso-orden-desde-nuevo-peronismo\/","og_site_name":"Diario Textual","article_publisher":"https:\/\/www.facebook.com\/eltextual","article_published_time":"2019-06-24T10:57:38+00:00","article_modified_time":"2019-06-25T11:28:22+00:00","og_image":[{"width":881,"height":554,"url":"https:\/\/diariotextual.com\/inicio\/wp-content\/uploads\/2019\/06\/eleccionespaso2019collage1.jpg","type":"image\/jpeg"}],"author":"Diario1 Diario1","twitter_card":"summary_large_image","twitter_creator":"@eltextual","twitter_site":"@eltextual","twitter_misc":{"Escrito por":"Diario1 Diario1","Tiempo de lectura":"6 minutos"},"schema":{"@context":"https:\/\/schema.org","@graph":[{"@type":"Article","@id":"https:\/\/diariotextual.com\/inicio\/index.php\/2019\/06\/24\/cierre-listas-paso-orden-desde-nuevo-peronismo\/#article","isPartOf":{"@id":"https:\/\/diariotextual.com\/inicio\/index.php\/2019\/06\/24\/cierre-listas-paso-orden-desde-nuevo-peronismo\/"},"author":{"name":"Diario1 Diario1","@id":"https:\/\/diariotextual.com\/inicio\/#\/schema\/person\/418fc4093c33e86ed41562db3508f958"},"headline":"Cierre de listas PASO: el orden desde arriba y el nuevo peronismo","datePublished":"2019-06-24T10:57:38+00:00","dateModified":"2019-06-25T11:28:22+00:00","mainEntityOfPage":{"@id":"https:\/\/diariotextual.com\/inicio\/index.php\/2019\/06\/24\/cierre-listas-paso-orden-desde-nuevo-peronismo\/"},"wordCount":1171,"publisher":{"@id":"https:\/\/diariotextual.com\/inicio\/#organization"},"image":{"@id":"https:\/\/diariotextual.com\/inicio\/index.php\/2019\/06\/24\/cierre-listas-paso-orden-desde-nuevo-peronismo\/#primaryimage"},"thumbnailUrl":"https:\/\/diariotextual.com\/inicio\/wp-content\/uploads\/2019\/06\/eleccionespaso2019collage1.jpg","keywords":["marino"],"articleSection":["A - PORTADA2","A - TEMPORALES","POLITICA"],"inLanguage":"es"},{"@type":"WebPage","@id":"https:\/\/diariotextual.com\/inicio\/index.php\/2019\/06\/24\/cierre-listas-paso-orden-desde-nuevo-peronismo\/","url":"https:\/\/diariotextual.com\/inicio\/index.php\/2019\/06\/24\/cierre-listas-paso-orden-desde-nuevo-peronismo\/","name":"Cierre de listas PASO: el orden desde arriba y el nuevo peronismo - Diario Textual","isPartOf":{"@id":"https:\/\/diariotextual.com\/inicio\/#website"},"primaryImageOfPage":{"@id":"https:\/\/diariotextual.com\/inicio\/index.php\/2019\/06\/24\/cierre-listas-paso-orden-desde-nuevo-peronismo\/#primaryimage"},"image":{"@id":"https:\/\/diariotextual.com\/inicio\/index.php\/2019\/06\/24\/cierre-listas-paso-orden-desde-nuevo-peronismo\/#primaryimage"},"thumbnailUrl":"https:\/\/diariotextual.com\/inicio\/wp-content\/uploads\/2019\/06\/eleccionespaso2019collage1.jpg","datePublished":"2019-06-24T10:57:38+00:00","dateModified":"2019-06-25T11:28:22+00:00","breadcrumb":{"@id":"https:\/\/diariotextual.com\/inicio\/index.php\/2019\/06\/24\/cierre-listas-paso-orden-desde-nuevo-peronismo\/#breadcrumb"},"inLanguage":"es","potentialAction":[{"@type":"ReadAction","target":["https:\/\/diariotextual.com\/inicio\/index.php\/2019\/06\/24\/cierre-listas-paso-orden-desde-nuevo-peronismo\/"]}]},{"@type":"ImageObject","inLanguage":"es","@id":"https:\/\/diariotextual.com\/inicio\/index.php\/2019\/06\/24\/cierre-listas-paso-orden-desde-nuevo-peronismo\/#primaryimage","url":"https:\/\/diariotextual.com\/inicio\/wp-content\/uploads\/2019\/06\/eleccionespaso2019collage1.jpg","contentUrl":"https:\/\/diariotextual.com\/inicio\/wp-content\/uploads\/2019\/06\/eleccionespaso2019collage1.jpg","width":881,"height":554},{"@type":"BreadcrumbList","@id":"https:\/\/diariotextual.com\/inicio\/index.php\/2019\/06\/24\/cierre-listas-paso-orden-desde-nuevo-peronismo\/#breadcrumb","itemListElement":[{"@type":"ListItem","position":1,"name":"Portada","item":"https:\/\/diariotextual.com\/inicio\/"},{"@type":"ListItem","position":2,"name":"Cierre de listas PASO: el orden desde arriba y el nuevo peronismo"}]},{"@type":"WebSite","@id":"https:\/\/diariotextual.com\/inicio\/#website","url":"https:\/\/diariotextual.com\/inicio\/","name":"Diario Textual","description":"","publisher":{"@id":"https:\/\/diariotextual.com\/inicio\/#organization"},"potentialAction":[{"@type":"SearchAction","target":{"@type":"EntryPoint","urlTemplate":"https:\/\/diariotextual.com\/inicio\/?s={search_term_string}"},"query-input":{"@type":"PropertyValueSpecification","valueRequired":true,"valueName":"search_term_string"}}],"inLanguage":"es"},{"@type":"Organization","@id":"https:\/\/diariotextual.com\/inicio\/#organization","name":"Diario Textual","url":"https:\/\/diariotextual.com\/inicio\/","logo":{"@type":"ImageObject","inLanguage":"es","@id":"https:\/\/diariotextual.com\/inicio\/#\/schema\/logo\/image\/","url":"https:\/\/diariotextual.com\/inicio\/wp-content\/uploads\/2023\/05\/logotextual1.jpg","contentUrl":"https:\/\/diariotextual.com\/inicio\/wp-content\/uploads\/2023\/05\/logotextual1.jpg","width":516,"height":76,"caption":"Diario Textual"},"image":{"@id":"https:\/\/diariotextual.com\/inicio\/#\/schema\/logo\/image\/"},"sameAs":["https:\/\/www.facebook.com\/eltextual","https:\/\/x.com\/eltextual","http:\/\/www.instagram.com\/eltextual"]},{"@type":"Person","@id":"https:\/\/diariotextual.com\/inicio\/#\/schema\/person\/418fc4093c33e86ed41562db3508f958","name":"Diario1 Diario1","image":{"@type":"ImageObject","inLanguage":"es","@id":"https:\/\/secure.gravatar.com\/avatar\/9167d280179c85bc18be67aa7eda765854300033af4896dd779b608640f2ef7a?s=96&d=mm&r=g","url":"https:\/\/secure.gravatar.com\/avatar\/9167d280179c85bc18be67aa7eda765854300033af4896dd779b608640f2ef7a?s=96&d=mm&r=g","contentUrl":"https:\/\/secure.gravatar.com\/avatar\/9167d280179c85bc18be67aa7eda765854300033af4896dd779b608640f2ef7a?s=96&d=mm&r=g","caption":"Diario1 Diario1"},"url":"https:\/\/diariotextual.com\/inicio\/index.php\/author\/diario1\/"}]}},"_links":{"self":[{"href":"https:\/\/diariotextual.com\/inicio\/index.php\/wp-json\/wp\/v2\/posts\/53368","targetHints":{"allow":["GET"]}}],"collection":[{"href":"https:\/\/diariotextual.com\/inicio\/index.php\/wp-json\/wp\/v2\/posts"}],"about":[{"href":"https:\/\/diariotextual.com\/inicio\/index.php\/wp-json\/wp\/v2\/types\/post"}],"author":[{"embeddable":true,"href":"https:\/\/diariotextual.com\/inicio\/index.php\/wp-json\/wp\/v2\/users\/3"}],"replies":[{"embeddable":true,"href":"https:\/\/diariotextual.com\/inicio\/index.php\/wp-json\/wp\/v2\/comments?post=53368"}],"version-history":[{"count":2,"href":"https:\/\/diariotextual.com\/inicio\/index.php\/wp-json\/wp\/v2\/posts\/53368\/revisions"}],"predecessor-version":[{"id":53370,"href":"https:\/\/diariotextual.com\/inicio\/index.php\/wp-json\/wp\/v2\/posts\/53368\/revisions\/53370"}],"wp:featuredmedia":[{"embeddable":true,"href":"https:\/\/diariotextual.com\/inicio\/index.php\/wp-json\/wp\/v2\/media\/53371"}],"wp:attachment":[{"href":"https:\/\/diariotextual.com\/inicio\/index.php\/wp-json\/wp\/v2\/media?parent=53368"}],"wp:term":[{"taxonomy":"category","embeddable":true,"href":"https:\/\/diariotextual.com\/inicio\/index.php\/wp-json\/wp\/v2\/categories?post=53368"},{"taxonomy":"post_tag","embeddable":true,"href":"https:\/\/diariotextual.com\/inicio\/index.php\/wp-json\/wp\/v2\/tags?post=53368"}],"curies":[{"name":"wp","href":"https:\/\/api.w.org\/{rel}","templated":true}]}}