{"id":53384,"date":"2019-06-24T09:30:14","date_gmt":"2019-06-24T12:30:14","guid":{"rendered":"http:\/\/diariotextual.com\/inicio\/?p=53384"},"modified":"2019-06-24T16:42:09","modified_gmt":"2019-06-24T19:42:09","slug":"frente-todos-valentin-contreras-no-llega-los-avales-queda-solo-la-lista-perez-araujo","status":"publish","type":"post","link":"https:\/\/diariotextual.com\/inicio\/index.php\/2019\/06\/24\/frente-todos-valentin-contreras-no-llega-los-avales-queda-solo-la-lista-perez-araujo\/","title":{"rendered":"Frente de Todos: Valent\u00edn Contreras no lleg\u00f3 con los avales y podr\u00edan denunciarlo"},"content":{"rendered":"<p>La lista a diputados nacionales que present\u00f3 <strong>Valent\u00edn Contreras<\/strong> no tiene los suficientes <strong>avales<\/strong> para pasar el filtro y as\u00ed la<strong>\u00a0Junta Electoral del Frente de Todos<\/strong> oficializ\u00f3, pasado el mediod\u00eda de este lunes, solo a la boleta encabezada por <strong>Hern\u00e1n P\u00e9rez Araujo<\/strong>, dijeron fuentes partidarias a <strong>Diario Textual.\u00a0As\u00ed, no habr\u00e1 ninguna interna en los cinco espacios que se presentan en La Pampa.<\/strong><\/p>\n<p>En el Frente de Todos, comandado por el PJ,<strong> se requieren 562 avales para poder participar de las Primarias Abiertas Simult\u00e1neas y Obligatorias (PASO)<\/strong> del mes de agosto. Contreras -militante peronista de Villa Parque y exvicepresidente de Vialidad Provincial-<strong> present\u00f3 firmas solo por encima de ese n\u00famero<\/strong>, pero -en la revisi\u00f3n de la documentaci\u00f3n y el entrecruzamiento de avales, que se realizaba en la ma\u00f1ana- se le cayeron varias firmas y no lleg\u00f3 al piso establecido por la legislaci\u00f3n.<\/p>\n<p>Incluso <strong>aparecieron personas que desmintieron que hubieran avalado su postulaci\u00f3n. Por eso se analiza, por estas horas, la posibilidad de una denuncia penal contra Contreras.<\/strong><\/p>\n<p>La situaci\u00f3n de Contreras es<strong> similar a la de Luis Bertone<\/strong>, quien pretend\u00eda postularse por el macrismo en el otro frente, el de Juntos por el Cambio.<\/p>\n<blockquote class=\"wp-embedded-content\" data-secret=\"TeEKYPrvLY\"><p><a href=\"http:\/\/diariotextual.com\/inicio\/index.php\/2019\/06\/24\/pro-se-despega-bertone-no-afiliado-no-tienen-responsabilidad-los-presuntos-avales-truchos\/\">El PRO se despega: Bertone no es afiliado y no tienen responsabilidad por los presuntos avales truchos<\/a><\/p><\/blockquote>\n<p><iframe class=\"wp-embedded-content\" sandbox=\"allow-scripts\" security=\"restricted\" style=\"position: absolute; clip: rect(1px, 1px, 1px, 1px);\" src=\"http:\/\/diariotextual.com\/inicio\/index.php\/2019\/06\/24\/pro-se-despega-bertone-no-afiliado-no-tienen-responsabilidad-los-presuntos-avales-truchos\/embed\/#?secret=TeEKYPrvLY\" data-secret=\"TeEKYPrvLY\" width=\"600\" height=\"338\" title=\"&#171;El PRO se despega: Bertone no es afiliado y no tienen responsabilidad por los presuntos avales truchos&#187; &#8212; Diario Textual\" frameborder=\"0\" marginwidth=\"0\" marginheight=\"0\" scrolling=\"no\"><\/iframe><\/p>\n<p>De esta manera, <strong>pasado el mediod\u00eda se confirm\u00f3 que el Frente de Todos, cuya f\u00f3rmula presidencial es la de Alberto\u00a0Fern\u00e1ndez y Cristina Fern\u00e1ndez,\u00a0no tendr\u00e1 internas en La Pampa.<\/strong> Esta coalici\u00f3n, en La Pampa, est\u00e1 encabezada por el PJ, junto al partido Humanista, Nuevo Encuentro y Frente Renovador y as\u00ed solo postular\u00e1 a <strong>Hern\u00e1n P\u00e9rez Araujo y Carmina Besga<\/strong>.<\/p>\n<p>Ahora la junta tiene\u00a0<strong>plazo hasta las 9.30 horas del mi\u00e9rcoles para comunicar la decisi\u00f3n a la Secretar\u00eda Electoral del Juzgado Federal de Santa Rosa.<\/strong><\/p>\n<p>Por otro lado, se presenta el\u00a0<strong>Frente Juntos por el Cambio<\/strong>, que est\u00e1 integrado por la Uni\u00f3n C\u00edvica Radical (UCR), Propuesta Republicana (PRO), Movimiento de Integraci\u00f3n y Desarrollo (MID), Movimiento Federalista Pampeano (Mofepa), GEN y Partido del Frente. La f\u00f3rmula es la de Mart\u00edn Berhongaray &#8211; Adriana Leher. Respaldan, a nivel nacional, a Mauricio Macri y Miguel Pichetto.<\/p>\n<p>Adem\u00e1s, se presenta el<strong>\u00a0Partido Socialista<\/strong>\u00a0que respalda a la coalici\u00f3n nacional de\u00a0<strong>Consenso Federal<\/strong>, que lleva de candidato a presidente a Roberto Lavagna. Por nuestra provincia son candidatos a diputados nacionales Luis Solana y Marina Vanini.<\/p>\n<p>El\u00a0<strong>Frente de Izquierda<\/strong>, a su vez, est\u00e1 integrado por el Partido Obrero, el Partido de los Trabajadores Socialistas y el Movimiento Socialista de los Trabajadores. Claudia Lupardo y Jonatan G\u00f3mez encabezan la lista a diputados.<\/p>\n<p>En tanto, Ayel\u00e9n Pilcic\u00a0y Lucas Torres se candidatean por el<strong> Nuevo Movimiento al Socialismo (Nuevo MAS)<\/strong>.\u00a0La boleta acompa\u00f1a la candidatura a presidenta de Manuela Casta\u00f1eira y de vice a Eduardo Mulhall. Es el \u00fanico partido que concurre a las PASO sin integrar un frente con otras fuerzas.<\/p>\n<div class=\"g g-1\"><\/div>\n<blockquote class=\"wp-embedded-content\" data-secret=\"q0TchkVcQP\"><p><a href=\"http:\/\/diariotextual.com\/inicio\/index.php\/2019\/06\/24\/cierre-listas-paso-orden-desde-nuevo-peronismo\/\">Cierre de listas PASO: el orden desde arriba y el nuevo peronismo<\/a><\/p><\/blockquote>\n<p><iframe class=\"wp-embedded-content\" sandbox=\"allow-scripts\" security=\"restricted\" style=\"position: absolute; clip: rect(1px, 1px, 1px, 1px);\" src=\"http:\/\/diariotextual.com\/inicio\/index.php\/2019\/06\/24\/cierre-listas-paso-orden-desde-nuevo-peronismo\/embed\/#?secret=q0TchkVcQP\" data-secret=\"q0TchkVcQP\" width=\"600\" height=\"338\" title=\"&#171;Cierre de listas PASO: el orden desde arriba y el nuevo peronismo&#187; &#8212; Diario Textual\" frameborder=\"0\" marginwidth=\"0\" marginheight=\"0\" scrolling=\"no\"><\/iframe><\/p>\n<p>&nbsp;<\/p>\n<p>&nbsp;<\/p>\n","protected":false},"excerpt":{"rendered":"<p>La lista a diputados nacionales que present\u00f3 Valent\u00edn Contreras no tiene los suficientes avales para pasar el filtro y as\u00ed la\u00a0Junta Electoral del Frente de Todos oficializ\u00f3, pasado el mediod\u00eda&hellip;<\/p>\n","protected":false},"author":3,"featured_media":23041,"comment_status":"closed","ping_status":"open","sticky":false,"template":"","format":"standard","meta":{"_acf_changed":false,"footnotes":""},"categories":[319,8],"tags":[],"class_list":["post-53384","post","type-post","status-publish","format-standard","has-post-thumbnail","hentry","category-a-temporales","category-politica"],"acf":[],"yoast_head":"<!-- This site is optimized with the Yoast SEO plugin v27.5 - https:\/\/yoast.com\/product\/yoast-seo-wordpress\/ -->\n<title>Frente de Todos: Valent\u00edn Contreras no lleg\u00f3 con los avales y podr\u00edan denunciarlo - Diario Textual<\/title>\n<meta name=\"robots\" content=\"index, follow, max-snippet:-1, max-image-preview:large, max-video-preview:-1\" \/>\n<link rel=\"canonical\" href=\"https:\/\/diariotextual.com\/inicio\/index.php\/2019\/06\/24\/frente-todos-valentin-contreras-no-llega-los-avales-queda-solo-la-lista-perez-araujo\/\" \/>\n<meta property=\"og:locale\" content=\"es_ES\" \/>\n<meta property=\"og:type\" content=\"article\" \/>\n<meta property=\"og:title\" content=\"Frente de Todos: Valent\u00edn Contreras no lleg\u00f3 con los avales y podr\u00edan denunciarlo - Diario Textual\" \/>\n<meta property=\"og:description\" content=\"La lista a diputados nacionales que present\u00f3 Valent\u00edn Contreras no tiene los suficientes avales para pasar el filtro y as\u00ed la\u00a0Junta Electoral del Frente de Todos oficializ\u00f3, pasado el mediod\u00eda&hellip;\" \/>\n<meta property=\"og:url\" content=\"https:\/\/diariotextual.com\/inicio\/index.php\/2019\/06\/24\/frente-todos-valentin-contreras-no-llega-los-avales-queda-solo-la-lista-perez-araujo\/\" \/>\n<meta property=\"og:site_name\" content=\"Diario Textual\" \/>\n<meta property=\"article:publisher\" content=\"https:\/\/www.facebook.com\/eltextual\" \/>\n<meta property=\"article:published_time\" content=\"2019-06-24T12:30:14+00:00\" \/>\n<meta property=\"article:modified_time\" content=\"2019-06-24T19:42:09+00:00\" \/>\n<meta property=\"og:image\" content=\"https:\/\/diariotextual.com\/inicio\/wp-content\/uploads\/2018\/10\/pjfestejosengris999.jpg\" \/>\n\t<meta property=\"og:image:width\" content=\"960\" \/>\n\t<meta property=\"og:image:height\" content=\"641\" \/>\n\t<meta property=\"og:image:type\" content=\"image\/jpeg\" \/>\n<meta name=\"author\" content=\"Diario1 Diario1\" \/>\n<meta name=\"twitter:card\" content=\"summary_large_image\" \/>\n<meta name=\"twitter:creator\" content=\"@eltextual\" \/>\n<meta name=\"twitter:site\" content=\"@eltextual\" \/>\n<meta name=\"twitter:label1\" content=\"Escrito por\" \/>\n\t<meta name=\"twitter:data1\" content=\"Diario1 Diario1\" \/>\n\t<meta name=\"twitter:label2\" content=\"Tiempo de lectura\" \/>\n\t<meta name=\"twitter:data2\" content=\"3 minutos\" \/>\n<script type=\"application\/ld+json\" class=\"yoast-schema-graph\">{\"@context\":\"https:\\\/\\\/schema.org\",\"@graph\":[{\"@type\":\"Article\",\"@id\":\"https:\\\/\\\/diariotextual.com\\\/inicio\\\/index.php\\\/2019\\\/06\\\/24\\\/frente-todos-valentin-contreras-no-llega-los-avales-queda-solo-la-lista-perez-araujo\\\/#article\",\"isPartOf\":{\"@id\":\"https:\\\/\\\/diariotextual.com\\\/inicio\\\/index.php\\\/2019\\\/06\\\/24\\\/frente-todos-valentin-contreras-no-llega-los-avales-queda-solo-la-lista-perez-araujo\\\/\"},\"author\":{\"name\":\"Diario1 Diario1\",\"@id\":\"https:\\\/\\\/diariotextual.com\\\/inicio\\\/#\\\/schema\\\/person\\\/418fc4093c33e86ed41562db3508f958\"},\"headline\":\"Frente de Todos: Valent\u00edn Contreras no lleg\u00f3 con los avales y podr\u00edan denunciarlo\",\"datePublished\":\"2019-06-24T12:30:14+00:00\",\"dateModified\":\"2019-06-24T19:42:09+00:00\",\"mainEntityOfPage\":{\"@id\":\"https:\\\/\\\/diariotextual.com\\\/inicio\\\/index.php\\\/2019\\\/06\\\/24\\\/frente-todos-valentin-contreras-no-llega-los-avales-queda-solo-la-lista-perez-araujo\\\/\"},\"wordCount\":523,\"publisher\":{\"@id\":\"https:\\\/\\\/diariotextual.com\\\/inicio\\\/#organization\"},\"image\":{\"@id\":\"https:\\\/\\\/diariotextual.com\\\/inicio\\\/index.php\\\/2019\\\/06\\\/24\\\/frente-todos-valentin-contreras-no-llega-los-avales-queda-solo-la-lista-perez-araujo\\\/#primaryimage\"},\"thumbnailUrl\":\"https:\\\/\\\/diariotextual.com\\\/inicio\\\/wp-content\\\/uploads\\\/2018\\\/10\\\/pjfestejosengris999.jpg\",\"articleSection\":[\"A - TEMPORALES\",\"POLITICA\"],\"inLanguage\":\"es\"},{\"@type\":\"WebPage\",\"@id\":\"https:\\\/\\\/diariotextual.com\\\/inicio\\\/index.php\\\/2019\\\/06\\\/24\\\/frente-todos-valentin-contreras-no-llega-los-avales-queda-solo-la-lista-perez-araujo\\\/\",\"url\":\"https:\\\/\\\/diariotextual.com\\\/inicio\\\/index.php\\\/2019\\\/06\\\/24\\\/frente-todos-valentin-contreras-no-llega-los-avales-queda-solo-la-lista-perez-araujo\\\/\",\"name\":\"Frente de Todos: Valent\u00edn Contreras no lleg\u00f3 con los avales y podr\u00edan denunciarlo - Diario Textual\",\"isPartOf\":{\"@id\":\"https:\\\/\\\/diariotextual.com\\\/inicio\\\/#website\"},\"primaryImageOfPage\":{\"@id\":\"https:\\\/\\\/diariotextual.com\\\/inicio\\\/index.php\\\/2019\\\/06\\\/24\\\/frente-todos-valentin-contreras-no-llega-los-avales-queda-solo-la-lista-perez-araujo\\\/#primaryimage\"},\"image\":{\"@id\":\"https:\\\/\\\/diariotextual.com\\\/inicio\\\/index.php\\\/2019\\\/06\\\/24\\\/frente-todos-valentin-contreras-no-llega-los-avales-queda-solo-la-lista-perez-araujo\\\/#primaryimage\"},\"thumbnailUrl\":\"https:\\\/\\\/diariotextual.com\\\/inicio\\\/wp-content\\\/uploads\\\/2018\\\/10\\\/pjfestejosengris999.jpg\",\"datePublished\":\"2019-06-24T12:30:14+00:00\",\"dateModified\":\"2019-06-24T19:42:09+00:00\",\"breadcrumb\":{\"@id\":\"https:\\\/\\\/diariotextual.com\\\/inicio\\\/index.php\\\/2019\\\/06\\\/24\\\/frente-todos-valentin-contreras-no-llega-los-avales-queda-solo-la-lista-perez-araujo\\\/#breadcrumb\"},\"inLanguage\":\"es\",\"potentialAction\":[{\"@type\":\"ReadAction\",\"target\":[\"https:\\\/\\\/diariotextual.com\\\/inicio\\\/index.php\\\/2019\\\/06\\\/24\\\/frente-todos-valentin-contreras-no-llega-los-avales-queda-solo-la-lista-perez-araujo\\\/\"]}]},{\"@type\":\"ImageObject\",\"inLanguage\":\"es\",\"@id\":\"https:\\\/\\\/diariotextual.com\\\/inicio\\\/index.php\\\/2019\\\/06\\\/24\\\/frente-todos-valentin-contreras-no-llega-los-avales-queda-solo-la-lista-perez-araujo\\\/#primaryimage\",\"url\":\"https:\\\/\\\/diariotextual.com\\\/inicio\\\/wp-content\\\/uploads\\\/2018\\\/10\\\/pjfestejosengris999.jpg\",\"contentUrl\":\"https:\\\/\\\/diariotextual.com\\\/inicio\\\/wp-content\\\/uploads\\\/2018\\\/10\\\/pjfestejosengris999.jpg\",\"width\":960,\"height\":641},{\"@type\":\"BreadcrumbList\",\"@id\":\"https:\\\/\\\/diariotextual.com\\\/inicio\\\/index.php\\\/2019\\\/06\\\/24\\\/frente-todos-valentin-contreras-no-llega-los-avales-queda-solo-la-lista-perez-araujo\\\/#breadcrumb\",\"itemListElement\":[{\"@type\":\"ListItem\",\"position\":1,\"name\":\"Portada\",\"item\":\"https:\\\/\\\/diariotextual.com\\\/inicio\\\/\"},{\"@type\":\"ListItem\",\"position\":2,\"name\":\"Frente de Todos: Valent\u00edn Contreras no lleg\u00f3 con los avales y podr\u00edan denunciarlo\"}]},{\"@type\":\"WebSite\",\"@id\":\"https:\\\/\\\/diariotextual.com\\\/inicio\\\/#website\",\"url\":\"https:\\\/\\\/diariotextual.com\\\/inicio\\\/\",\"name\":\"Diario Textual\",\"description\":\"\",\"publisher\":{\"@id\":\"https:\\\/\\\/diariotextual.com\\\/inicio\\\/#organization\"},\"potentialAction\":[{\"@type\":\"SearchAction\",\"target\":{\"@type\":\"EntryPoint\",\"urlTemplate\":\"https:\\\/\\\/diariotextual.com\\\/inicio\\\/?s={search_term_string}\"},\"query-input\":{\"@type\":\"PropertyValueSpecification\",\"valueRequired\":true,\"valueName\":\"search_term_string\"}}],\"inLanguage\":\"es\"},{\"@type\":\"Organization\",\"@id\":\"https:\\\/\\\/diariotextual.com\\\/inicio\\\/#organization\",\"name\":\"Diario Textual\",\"url\":\"https:\\\/\\\/diariotextual.com\\\/inicio\\\/\",\"logo\":{\"@type\":\"ImageObject\",\"inLanguage\":\"es\",\"@id\":\"https:\\\/\\\/diariotextual.com\\\/inicio\\\/#\\\/schema\\\/logo\\\/image\\\/\",\"url\":\"https:\\\/\\\/diariotextual.com\\\/inicio\\\/wp-content\\\/uploads\\\/2023\\\/05\\\/logotextual1.jpg\",\"contentUrl\":\"https:\\\/\\\/diariotextual.com\\\/inicio\\\/wp-content\\\/uploads\\\/2023\\\/05\\\/logotextual1.jpg\",\"width\":516,\"height\":76,\"caption\":\"Diario Textual\"},\"image\":{\"@id\":\"https:\\\/\\\/diariotextual.com\\\/inicio\\\/#\\\/schema\\\/logo\\\/image\\\/\"},\"sameAs\":[\"https:\\\/\\\/www.facebook.com\\\/eltextual\",\"https:\\\/\\\/x.com\\\/eltextual\",\"http:\\\/\\\/www.instagram.com\\\/eltextual\"]},{\"@type\":\"Person\",\"@id\":\"https:\\\/\\\/diariotextual.com\\\/inicio\\\/#\\\/schema\\\/person\\\/418fc4093c33e86ed41562db3508f958\",\"name\":\"Diario1 Diario1\",\"image\":{\"@type\":\"ImageObject\",\"inLanguage\":\"es\",\"@id\":\"https:\\\/\\\/secure.gravatar.com\\\/avatar\\\/9167d280179c85bc18be67aa7eda765854300033af4896dd779b608640f2ef7a?s=96&d=mm&r=g\",\"url\":\"https:\\\/\\\/secure.gravatar.com\\\/avatar\\\/9167d280179c85bc18be67aa7eda765854300033af4896dd779b608640f2ef7a?s=96&d=mm&r=g\",\"contentUrl\":\"https:\\\/\\\/secure.gravatar.com\\\/avatar\\\/9167d280179c85bc18be67aa7eda765854300033af4896dd779b608640f2ef7a?s=96&d=mm&r=g\",\"caption\":\"Diario1 Diario1\"},\"url\":\"https:\\\/\\\/diariotextual.com\\\/inicio\\\/index.php\\\/author\\\/diario1\\\/\"}]}<\/script>\n<!-- \/ Yoast SEO plugin. -->","yoast_head_json":{"title":"Frente de Todos: Valent\u00edn Contreras no lleg\u00f3 con los avales y podr\u00edan denunciarlo - Diario Textual","robots":{"index":"index","follow":"follow","max-snippet":"max-snippet:-1","max-image-preview":"max-image-preview:large","max-video-preview":"max-video-preview:-1"},"canonical":"https:\/\/diariotextual.com\/inicio\/index.php\/2019\/06\/24\/frente-todos-valentin-contreras-no-llega-los-avales-queda-solo-la-lista-perez-araujo\/","og_locale":"es_ES","og_type":"article","og_title":"Frente de Todos: Valent\u00edn Contreras no lleg\u00f3 con los avales y podr\u00edan denunciarlo - Diario Textual","og_description":"La lista a diputados nacionales que present\u00f3 Valent\u00edn Contreras no tiene los suficientes avales para pasar el filtro y as\u00ed la\u00a0Junta Electoral del Frente de Todos oficializ\u00f3, pasado el mediod\u00eda&hellip;","og_url":"https:\/\/diariotextual.com\/inicio\/index.php\/2019\/06\/24\/frente-todos-valentin-contreras-no-llega-los-avales-queda-solo-la-lista-perez-araujo\/","og_site_name":"Diario Textual","article_publisher":"https:\/\/www.facebook.com\/eltextual","article_published_time":"2019-06-24T12:30:14+00:00","article_modified_time":"2019-06-24T19:42:09+00:00","og_image":[{"width":960,"height":641,"url":"https:\/\/diariotextual.com\/inicio\/wp-content\/uploads\/2018\/10\/pjfestejosengris999.jpg","type":"image\/jpeg"}],"author":"Diario1 Diario1","twitter_card":"summary_large_image","twitter_creator":"@eltextual","twitter_site":"@eltextual","twitter_misc":{"Escrito por":"Diario1 Diario1","Tiempo de lectura":"3 minutos"},"schema":{"@context":"https:\/\/schema.org","@graph":[{"@type":"Article","@id":"https:\/\/diariotextual.com\/inicio\/index.php\/2019\/06\/24\/frente-todos-valentin-contreras-no-llega-los-avales-queda-solo-la-lista-perez-araujo\/#article","isPartOf":{"@id":"https:\/\/diariotextual.com\/inicio\/index.php\/2019\/06\/24\/frente-todos-valentin-contreras-no-llega-los-avales-queda-solo-la-lista-perez-araujo\/"},"author":{"name":"Diario1 Diario1","@id":"https:\/\/diariotextual.com\/inicio\/#\/schema\/person\/418fc4093c33e86ed41562db3508f958"},"headline":"Frente de Todos: Valent\u00edn Contreras no lleg\u00f3 con los avales y podr\u00edan denunciarlo","datePublished":"2019-06-24T12:30:14+00:00","dateModified":"2019-06-24T19:42:09+00:00","mainEntityOfPage":{"@id":"https:\/\/diariotextual.com\/inicio\/index.php\/2019\/06\/24\/frente-todos-valentin-contreras-no-llega-los-avales-queda-solo-la-lista-perez-araujo\/"},"wordCount":523,"publisher":{"@id":"https:\/\/diariotextual.com\/inicio\/#organization"},"image":{"@id":"https:\/\/diariotextual.com\/inicio\/index.php\/2019\/06\/24\/frente-todos-valentin-contreras-no-llega-los-avales-queda-solo-la-lista-perez-araujo\/#primaryimage"},"thumbnailUrl":"https:\/\/diariotextual.com\/inicio\/wp-content\/uploads\/2018\/10\/pjfestejosengris999.jpg","articleSection":["A - TEMPORALES","POLITICA"],"inLanguage":"es"},{"@type":"WebPage","@id":"https:\/\/diariotextual.com\/inicio\/index.php\/2019\/06\/24\/frente-todos-valentin-contreras-no-llega-los-avales-queda-solo-la-lista-perez-araujo\/","url":"https:\/\/diariotextual.com\/inicio\/index.php\/2019\/06\/24\/frente-todos-valentin-contreras-no-llega-los-avales-queda-solo-la-lista-perez-araujo\/","name":"Frente de Todos: Valent\u00edn Contreras no lleg\u00f3 con los avales y podr\u00edan denunciarlo - Diario Textual","isPartOf":{"@id":"https:\/\/diariotextual.com\/inicio\/#website"},"primaryImageOfPage":{"@id":"https:\/\/diariotextual.com\/inicio\/index.php\/2019\/06\/24\/frente-todos-valentin-contreras-no-llega-los-avales-queda-solo-la-lista-perez-araujo\/#primaryimage"},"image":{"@id":"https:\/\/diariotextual.com\/inicio\/index.php\/2019\/06\/24\/frente-todos-valentin-contreras-no-llega-los-avales-queda-solo-la-lista-perez-araujo\/#primaryimage"},"thumbnailUrl":"https:\/\/diariotextual.com\/inicio\/wp-content\/uploads\/2018\/10\/pjfestejosengris999.jpg","datePublished":"2019-06-24T12:30:14+00:00","dateModified":"2019-06-24T19:42:09+00:00","breadcrumb":{"@id":"https:\/\/diariotextual.com\/inicio\/index.php\/2019\/06\/24\/frente-todos-valentin-contreras-no-llega-los-avales-queda-solo-la-lista-perez-araujo\/#breadcrumb"},"inLanguage":"es","potentialAction":[{"@type":"ReadAction","target":["https:\/\/diariotextual.com\/inicio\/index.php\/2019\/06\/24\/frente-todos-valentin-contreras-no-llega-los-avales-queda-solo-la-lista-perez-araujo\/"]}]},{"@type":"ImageObject","inLanguage":"es","@id":"https:\/\/diariotextual.com\/inicio\/index.php\/2019\/06\/24\/frente-todos-valentin-contreras-no-llega-los-avales-queda-solo-la-lista-perez-araujo\/#primaryimage","url":"https:\/\/diariotextual.com\/inicio\/wp-content\/uploads\/2018\/10\/pjfestejosengris999.jpg","contentUrl":"https:\/\/diariotextual.com\/inicio\/wp-content\/uploads\/2018\/10\/pjfestejosengris999.jpg","width":960,"height":641},{"@type":"BreadcrumbList","@id":"https:\/\/diariotextual.com\/inicio\/index.php\/2019\/06\/24\/frente-todos-valentin-contreras-no-llega-los-avales-queda-solo-la-lista-perez-araujo\/#breadcrumb","itemListElement":[{"@type":"ListItem","position":1,"name":"Portada","item":"https:\/\/diariotextual.com\/inicio\/"},{"@type":"ListItem","position":2,"name":"Frente de Todos: Valent\u00edn Contreras no lleg\u00f3 con los avales y podr\u00edan denunciarlo"}]},{"@type":"WebSite","@id":"https:\/\/diariotextual.com\/inicio\/#website","url":"https:\/\/diariotextual.com\/inicio\/","name":"Diario Textual","description":"","publisher":{"@id":"https:\/\/diariotextual.com\/inicio\/#organization"},"potentialAction":[{"@type":"SearchAction","target":{"@type":"EntryPoint","urlTemplate":"https:\/\/diariotextual.com\/inicio\/?s={search_term_string}"},"query-input":{"@type":"PropertyValueSpecification","valueRequired":true,"valueName":"search_term_string"}}],"inLanguage":"es"},{"@type":"Organization","@id":"https:\/\/diariotextual.com\/inicio\/#organization","name":"Diario Textual","url":"https:\/\/diariotextual.com\/inicio\/","logo":{"@type":"ImageObject","inLanguage":"es","@id":"https:\/\/diariotextual.com\/inicio\/#\/schema\/logo\/image\/","url":"https:\/\/diariotextual.com\/inicio\/wp-content\/uploads\/2023\/05\/logotextual1.jpg","contentUrl":"https:\/\/diariotextual.com\/inicio\/wp-content\/uploads\/2023\/05\/logotextual1.jpg","width":516,"height":76,"caption":"Diario Textual"},"image":{"@id":"https:\/\/diariotextual.com\/inicio\/#\/schema\/logo\/image\/"},"sameAs":["https:\/\/www.facebook.com\/eltextual","https:\/\/x.com\/eltextual","http:\/\/www.instagram.com\/eltextual"]},{"@type":"Person","@id":"https:\/\/diariotextual.com\/inicio\/#\/schema\/person\/418fc4093c33e86ed41562db3508f958","name":"Diario1 Diario1","image":{"@type":"ImageObject","inLanguage":"es","@id":"https:\/\/secure.gravatar.com\/avatar\/9167d280179c85bc18be67aa7eda765854300033af4896dd779b608640f2ef7a?s=96&d=mm&r=g","url":"https:\/\/secure.gravatar.com\/avatar\/9167d280179c85bc18be67aa7eda765854300033af4896dd779b608640f2ef7a?s=96&d=mm&r=g","contentUrl":"https:\/\/secure.gravatar.com\/avatar\/9167d280179c85bc18be67aa7eda765854300033af4896dd779b608640f2ef7a?s=96&d=mm&r=g","caption":"Diario1 Diario1"},"url":"https:\/\/diariotextual.com\/inicio\/index.php\/author\/diario1\/"}]}},"_links":{"self":[{"href":"https:\/\/diariotextual.com\/inicio\/index.php\/wp-json\/wp\/v2\/posts\/53384","targetHints":{"allow":["GET"]}}],"collection":[{"href":"https:\/\/diariotextual.com\/inicio\/index.php\/wp-json\/wp\/v2\/posts"}],"about":[{"href":"https:\/\/diariotextual.com\/inicio\/index.php\/wp-json\/wp\/v2\/types\/post"}],"author":[{"embeddable":true,"href":"https:\/\/diariotextual.com\/inicio\/index.php\/wp-json\/wp\/v2\/users\/3"}],"replies":[{"embeddable":true,"href":"https:\/\/diariotextual.com\/inicio\/index.php\/wp-json\/wp\/v2\/comments?post=53384"}],"version-history":[{"count":6,"href":"https:\/\/diariotextual.com\/inicio\/index.php\/wp-json\/wp\/v2\/posts\/53384\/revisions"}],"predecessor-version":[{"id":53459,"href":"https:\/\/diariotextual.com\/inicio\/index.php\/wp-json\/wp\/v2\/posts\/53384\/revisions\/53459"}],"wp:featuredmedia":[{"embeddable":true,"href":"https:\/\/diariotextual.com\/inicio\/index.php\/wp-json\/wp\/v2\/media\/23041"}],"wp:attachment":[{"href":"https:\/\/diariotextual.com\/inicio\/index.php\/wp-json\/wp\/v2\/media?parent=53384"}],"wp:term":[{"taxonomy":"category","embeddable":true,"href":"https:\/\/diariotextual.com\/inicio\/index.php\/wp-json\/wp\/v2\/categories?post=53384"},{"taxonomy":"post_tag","embeddable":true,"href":"https:\/\/diariotextual.com\/inicio\/index.php\/wp-json\/wp\/v2\/tags?post=53384"}],"curies":[{"name":"wp","href":"https:\/\/api.w.org\/{rel}","templated":true}]}}