{"id":53388,"date":"2019-06-24T09:52:26","date_gmt":"2019-06-24T12:52:26","guid":{"rendered":"http:\/\/diariotextual.com\/inicio\/?p=53388"},"modified":"2019-06-24T12:30:17","modified_gmt":"2019-06-24T15:30:17","slug":"la-historia-la-maestra-pampeana-unica-habitante-del-paraje-colonia-balde","status":"publish","type":"post","link":"https:\/\/diariotextual.com\/inicio\/index.php\/2019\/06\/24\/la-historia-la-maestra-pampeana-unica-habitante-del-paraje-colonia-balde\/","title":{"rendered":"La historia de la maestra pampeana, \u00fanica habitante del paraje Colonia El Balde"},"content":{"rendered":"<p>La docente <strong>M\u00f3nica Tortone<\/strong> tiene 47 a\u00f1os y hace 18 que est\u00e1 a cargo del Jard\u00edn de Infantes de la escuela N\u00b013 de la Colonia El Balde en el Partido de Rivadavia, en el l\u00edmite con La Pampa. <strong>Es de General Pico y todos los lunes viaja 120 kil\u00f3metros<\/strong> para instalarse durante la semana en este rinc\u00f3n ind\u00f3mito en la llanura. A ella la esperan seis alumnos. La matr\u00edcula se completa con otros diez alumnos que cursan la primaria.<\/p>\n<p>All\u00ed se queda una semana viviendo sola en una peque\u00f1a casa dentro del establecimiento. Durante todo este tiempo,<strong> es la \u00fanica habitante de un paraje que no figura en los mapas y que s\u00f3lo existe por la presencia de la escuela,<\/strong> y del Club Agrario El Balde, hoy sin actividad. \u00abMe acostumbr\u00e9 a estar sola, y nunca tengo miedo, para m\u00ed es un cable a tierra quedarme ac\u00e1\u00bb, asegura la maestra rural.<\/p>\n<p>La Escuela N\u00b0 13 Remedios de Escalda de San Mart\u00edn se ve desde lejos. El pastizal, algunos pocos \u00e1rboles y la inmensidad del desierto pampeano, la destacan. Fue inaugurada en 1936. En cambio, el Jard\u00edn de Infantes cumplir\u00e1 25 a\u00f1os en el a\u00f1o 2020. M\u00f3nica tiene seis alumnos. A la primaria van diez. La matr\u00edcula es alta para el paraje. <strong>\u00abAlgunos llegan a caballo, otros a pie, y otros en auto\u00bb<\/strong>, comenta M\u00f3nica. El alumno m\u00e1s lejano vive a diez kil\u00f3metros. La zona es un \u00e1rea que sufre las inclemencias de la naturaleza. En el 2011, un tornado hizo destrozos en la escuela. \u00abSent\u00eda c\u00f3mo el viento quer\u00eda llevarse el techo, se romp\u00edan los vidr\u00edos, y las ramas de los \u00e1rboles ca\u00edan\u00bb, recuerda. En el 2017, todo el distrito padeci\u00f3 una de las m\u00e1s grandes inundaciones. La escuela qued\u00f3 incomunicada por muchos d\u00edas.<\/p>\n<p>La Colonia El Balde no tiene fecha de fundaci\u00f3n. La ganader\u00eda de a poco le est\u00e1 ganando terreno a la agricultura. Est\u00e1 a 60 km de Am\u00e9rica, cabecera del distrito, y a 550 de la ciudad de Buenos Aires. <strong>El Meridiano V est\u00e1 a menos de 20 km. La frontera con La Pampa se siente,<\/strong> las distancias en las que no se ve a nadie, son moneda corriente. El despoblamiento del campo se materializa en los puestos que se han convertido en taperas. \u00abLa escuela es la \u00fanica posibilidad de los chicos de encontrarse, son muy aplicados y no existen problemas de aprendizaje\u00bb, asegura M\u00f3nica. La escuela tiene calefacci\u00f3n a gas y luz por red, televisi\u00f3n e Internet. \u00abPero las se\u00f1ales son m\u00ednimas, cuando hay grandes vientos se corta la luz\u00bb, asegura. Sin embargo, la Cooperativa El\u00e9ctrica que le suministra el servicio, la llama constantemente para ver si lo tiene. \u00abTodos los vecinos saben que me quedo sola y cuando necesito algo, est\u00e1n presentes\u00bb, cuenta en una nota publicada en La Naci\u00f3n.<\/p>\n<p><strong><img fetchpriority=\"high\" decoding=\"async\" class=\"alignnone  wp-image-53397\" src=\"http:\/\/diariotextual.com\/inicio\/wp-content\/uploads\/2019\/06\/tortonemaestraimagencamino2035.jpg\" alt=\"\" width=\"555\" height=\"336\" srcset=\"https:\/\/diariotextual.com\/inicio\/wp-content\/uploads\/2019\/06\/tortonemaestraimagencamino2035.jpg 739w, https:\/\/diariotextual.com\/inicio\/wp-content\/uploads\/2019\/06\/tortonemaestraimagencamino2035-300x181.jpg 300w, https:\/\/diariotextual.com\/inicio\/wp-content\/uploads\/2019\/06\/tortonemaestraimagencamino2035-585x354.jpg 585w\" sizes=\"(max-width: 555px) 100vw, 555px\" \/><\/strong><\/p>\n<p><strong>La traves\u00eda hasta su puesto de trabajo arranca a las seis de la ma\u00f1ana todos los lunes.<\/strong> A las 13 llegan sus alumnos y a las 17 termina su d\u00eda, pero comienza otro: el de su estad\u00eda en la soledad. \u00abMe he tenido que acostumbrar a los ruidos naturales. Hay una paz muy grande, llego muy cansada al fin del d\u00eda. Ordeno la casa, y tengo que hacer tareas administrativas de la escuela\u00bb, afirma M\u00f3nica. La televisi\u00f3n es una compa\u00f1\u00eda. \u00abMiro a veces noticieros, pero es muy agresivo lo que veo. Me inclino por los documentales\u00bb, sugiere.<\/p>\n<p>Los primeros a\u00f1os vivi\u00f3 con su hijo, Gianfranco, pero luego debi\u00f3 irse a General Pico para continuar con sus estudios. \u00abFue un golpe duro\u00bb, confiesa. Para no tener que cocinar, se prepara viandas el fin de semana. \u00abMe quedo pensando, se me pasa r\u00e1pida la semana\u00bb, sostiene. Las tormentas son fuertes, muchas veces debe quedarse el fin de semana en el paraje, por los caminos inundados. \u00abEstar sola me ayuda a valorar todo lo que tengo\u00bb, reconoce. \u00abLos hombres siempre preguntan si me da miedo quedarme, pero la verdad es que jam\u00e1s lo sent\u00ed\u00bb, confirma.<\/p>\n<p><img decoding=\"async\" class=\"alignnone  wp-image-53399\" src=\"http:\/\/diariotextual.com\/inicio\/wp-content\/uploads\/2019\/06\/tortonemonicamestraparaje3h198.jpg\" alt=\"\" width=\"616\" height=\"234\" srcset=\"https:\/\/diariotextual.com\/inicio\/wp-content\/uploads\/2019\/06\/tortonemonicamestraparaje3h198.jpg 521w, https:\/\/diariotextual.com\/inicio\/wp-content\/uploads\/2019\/06\/tortonemonicamestraparaje3h198-300x114.jpg 300w\" sizes=\"(max-width: 616px) 100vw, 616px\" \/><\/p>\n<p>Las 11 escuelas rurales del Partido de Rivadavia est\u00e1n todas conectadas a internet a trav\u00e9s del Programa RED (Rivadavia Educaci\u00f3n Digital) que funciona desde hace nueve a\u00f1os, y se financia con presupuesto propio.<\/p>\n<p>\u00abAlgunos ni\u00f1os no suelen viajar, poder estar conectados es una gran herramienta\u00bb, afirma M\u00f3nica para graficar la importancia de la tecnolog\u00eda en una escuela dentro de un ambiente en donde la soledad es inmensa. \u00abCuando tenemos la posibilidad de una salida, la aprovechamos, a veces es la \u00fanica manera de que algunos ni\u00f1os conozcan otros lugares que no sea el campo\u00bb, sostiene. <strong>Su semana culmina los viernes por la tarde<\/strong>. Si no ha llovido, puede regresar, existen varias huellas, pero elige la que supone est\u00e9 mejor, la intuici\u00f3n es su copiloto. Si hubo viento, entonces los caminos se orean. La vuelta a la ciudad no es f\u00e1cil. \u00abSiento que todos est\u00e1n muy acelerados, para poder hablar tengo que cerrar las ventanas, los ruidos de los autos y las motos, son muy fuertes\u00bb, concluye.<\/p>\n<div id=\"attachment_53400\" style=\"width: 624px\" class=\"wp-caption alignnone\"><img decoding=\"async\" aria-describedby=\"caption-attachment-53400\" class=\"wp-image-53400\" src=\"http:\/\/diariotextual.com\/inicio\/wp-content\/uploads\/2019\/06\/tortonemaestraescuelapatio34.jpg\" alt=\"\" width=\"614\" height=\"346\" srcset=\"https:\/\/diariotextual.com\/inicio\/wp-content\/uploads\/2019\/06\/tortonemaestraescuelapatio34.jpg 737w, https:\/\/diariotextual.com\/inicio\/wp-content\/uploads\/2019\/06\/tortonemaestraescuelapatio34-300x169.jpg 300w, https:\/\/diariotextual.com\/inicio\/wp-content\/uploads\/2019\/06\/tortonemaestraescuelapatio34-585x329.jpg 585w\" sizes=\"(max-width: 614px) 100vw, 614px\" \/><p id=\"caption-attachment-53400\" class=\"wp-caption-text\">La vista M\u00f3nica, cada ma\u00f1ana al iniciar su d\u00eda en la escuela rural (Foto Facebook)<\/p><\/div>\n","protected":false},"excerpt":{"rendered":"<p>La docente M\u00f3nica Tortone tiene 47 a\u00f1os y hace 18 que est\u00e1 a cargo del Jard\u00edn de Infantes de la escuela N\u00b013 de la Colonia El Balde en el Partido&hellip;<\/p>\n","protected":false},"author":4,"featured_media":53398,"comment_status":"closed","ping_status":"open","sticky":false,"template":"","format":"standard","meta":{"_acf_changed":false,"footnotes":""},"categories":[11,319,12],"tags":[],"class_list":["post-53388","post","type-post","status-publish","format-standard","has-post-thumbnail","hentry","category-que-pasa","category-a-temporales","category-sociedad"],"acf":[],"yoast_head":"<!-- This site is optimized with the Yoast SEO plugin v27.5 - https:\/\/yoast.com\/product\/yoast-seo-wordpress\/ -->\n<title>La historia de la maestra pampeana, \u00fanica habitante del paraje Colonia El Balde - Diario Textual<\/title>\n<meta name=\"robots\" content=\"index, follow, max-snippet:-1, max-image-preview:large, max-video-preview:-1\" \/>\n<link rel=\"canonical\" href=\"https:\/\/diariotextual.com\/inicio\/index.php\/2019\/06\/24\/la-historia-la-maestra-pampeana-unica-habitante-del-paraje-colonia-balde\/\" \/>\n<meta property=\"og:locale\" content=\"es_ES\" \/>\n<meta property=\"og:type\" content=\"article\" \/>\n<meta property=\"og:title\" content=\"La historia de la maestra pampeana, \u00fanica habitante del paraje Colonia El Balde - Diario Textual\" \/>\n<meta property=\"og:description\" content=\"La docente M\u00f3nica Tortone tiene 47 a\u00f1os y hace 18 que est\u00e1 a cargo del Jard\u00edn de Infantes de la escuela N\u00b013 de la Colonia El Balde en el Partido&hellip;\" \/>\n<meta property=\"og:url\" content=\"https:\/\/diariotextual.com\/inicio\/index.php\/2019\/06\/24\/la-historia-la-maestra-pampeana-unica-habitante-del-paraje-colonia-balde\/\" \/>\n<meta property=\"og:site_name\" content=\"Diario Textual\" \/>\n<meta property=\"article:publisher\" content=\"https:\/\/www.facebook.com\/eltextual\" \/>\n<meta property=\"article:published_time\" content=\"2019-06-24T12:52:26+00:00\" \/>\n<meta property=\"article:modified_time\" content=\"2019-06-24T15:30:17+00:00\" \/>\n<meta property=\"og:image\" content=\"https:\/\/diariotextual.com\/inicio\/wp-content\/uploads\/2019\/06\/tortonemonicamaestra1033.jpg\" \/>\n\t<meta property=\"og:image:width\" content=\"1033\" \/>\n\t<meta property=\"og:image:height\" content=\"688\" \/>\n\t<meta property=\"og:image:type\" content=\"image\/jpeg\" \/>\n<meta name=\"author\" content=\"diario2\" \/>\n<meta name=\"twitter:card\" content=\"summary_large_image\" \/>\n<meta name=\"twitter:creator\" content=\"@eltextual\" \/>\n<meta name=\"twitter:site\" content=\"@eltextual\" \/>\n<meta name=\"twitter:label1\" content=\"Escrito por\" \/>\n\t<meta name=\"twitter:data1\" content=\"diario2\" \/>\n\t<meta name=\"twitter:label2\" content=\"Tiempo de lectura\" \/>\n\t<meta name=\"twitter:data2\" content=\"4 minutos\" \/>\n<script type=\"application\/ld+json\" class=\"yoast-schema-graph\">{\"@context\":\"https:\\\/\\\/schema.org\",\"@graph\":[{\"@type\":\"Article\",\"@id\":\"https:\\\/\\\/diariotextual.com\\\/inicio\\\/index.php\\\/2019\\\/06\\\/24\\\/la-historia-la-maestra-pampeana-unica-habitante-del-paraje-colonia-balde\\\/#article\",\"isPartOf\":{\"@id\":\"https:\\\/\\\/diariotextual.com\\\/inicio\\\/index.php\\\/2019\\\/06\\\/24\\\/la-historia-la-maestra-pampeana-unica-habitante-del-paraje-colonia-balde\\\/\"},\"author\":{\"name\":\"diario2\",\"@id\":\"https:\\\/\\\/diariotextual.com\\\/inicio\\\/#\\\/schema\\\/person\\\/694f60677f23c4a530867a98f22b3768\"},\"headline\":\"La historia de la maestra pampeana, \u00fanica habitante del paraje Colonia El Balde\",\"datePublished\":\"2019-06-24T12:52:26+00:00\",\"dateModified\":\"2019-06-24T15:30:17+00:00\",\"mainEntityOfPage\":{\"@id\":\"https:\\\/\\\/diariotextual.com\\\/inicio\\\/index.php\\\/2019\\\/06\\\/24\\\/la-historia-la-maestra-pampeana-unica-habitante-del-paraje-colonia-balde\\\/\"},\"wordCount\":907,\"publisher\":{\"@id\":\"https:\\\/\\\/diariotextual.com\\\/inicio\\\/#organization\"},\"image\":{\"@id\":\"https:\\\/\\\/diariotextual.com\\\/inicio\\\/index.php\\\/2019\\\/06\\\/24\\\/la-historia-la-maestra-pampeana-unica-habitante-del-paraje-colonia-balde\\\/#primaryimage\"},\"thumbnailUrl\":\"https:\\\/\\\/diariotextual.com\\\/inicio\\\/wp-content\\\/uploads\\\/2019\\\/06\\\/tortonemonicamaestra1033.jpg\",\"articleSection\":[\"A - QUE PASA (al costado)\",\"A - TEMPORALES\",\"SOCIEDAD\"],\"inLanguage\":\"es\"},{\"@type\":\"WebPage\",\"@id\":\"https:\\\/\\\/diariotextual.com\\\/inicio\\\/index.php\\\/2019\\\/06\\\/24\\\/la-historia-la-maestra-pampeana-unica-habitante-del-paraje-colonia-balde\\\/\",\"url\":\"https:\\\/\\\/diariotextual.com\\\/inicio\\\/index.php\\\/2019\\\/06\\\/24\\\/la-historia-la-maestra-pampeana-unica-habitante-del-paraje-colonia-balde\\\/\",\"name\":\"La historia de la maestra pampeana, \u00fanica habitante del paraje Colonia El Balde - Diario Textual\",\"isPartOf\":{\"@id\":\"https:\\\/\\\/diariotextual.com\\\/inicio\\\/#website\"},\"primaryImageOfPage\":{\"@id\":\"https:\\\/\\\/diariotextual.com\\\/inicio\\\/index.php\\\/2019\\\/06\\\/24\\\/la-historia-la-maestra-pampeana-unica-habitante-del-paraje-colonia-balde\\\/#primaryimage\"},\"image\":{\"@id\":\"https:\\\/\\\/diariotextual.com\\\/inicio\\\/index.php\\\/2019\\\/06\\\/24\\\/la-historia-la-maestra-pampeana-unica-habitante-del-paraje-colonia-balde\\\/#primaryimage\"},\"thumbnailUrl\":\"https:\\\/\\\/diariotextual.com\\\/inicio\\\/wp-content\\\/uploads\\\/2019\\\/06\\\/tortonemonicamaestra1033.jpg\",\"datePublished\":\"2019-06-24T12:52:26+00:00\",\"dateModified\":\"2019-06-24T15:30:17+00:00\",\"breadcrumb\":{\"@id\":\"https:\\\/\\\/diariotextual.com\\\/inicio\\\/index.php\\\/2019\\\/06\\\/24\\\/la-historia-la-maestra-pampeana-unica-habitante-del-paraje-colonia-balde\\\/#breadcrumb\"},\"inLanguage\":\"es\",\"potentialAction\":[{\"@type\":\"ReadAction\",\"target\":[\"https:\\\/\\\/diariotextual.com\\\/inicio\\\/index.php\\\/2019\\\/06\\\/24\\\/la-historia-la-maestra-pampeana-unica-habitante-del-paraje-colonia-balde\\\/\"]}]},{\"@type\":\"ImageObject\",\"inLanguage\":\"es\",\"@id\":\"https:\\\/\\\/diariotextual.com\\\/inicio\\\/index.php\\\/2019\\\/06\\\/24\\\/la-historia-la-maestra-pampeana-unica-habitante-del-paraje-colonia-balde\\\/#primaryimage\",\"url\":\"https:\\\/\\\/diariotextual.com\\\/inicio\\\/wp-content\\\/uploads\\\/2019\\\/06\\\/tortonemonicamaestra1033.jpg\",\"contentUrl\":\"https:\\\/\\\/diariotextual.com\\\/inicio\\\/wp-content\\\/uploads\\\/2019\\\/06\\\/tortonemonicamaestra1033.jpg\",\"width\":1033,\"height\":688},{\"@type\":\"BreadcrumbList\",\"@id\":\"https:\\\/\\\/diariotextual.com\\\/inicio\\\/index.php\\\/2019\\\/06\\\/24\\\/la-historia-la-maestra-pampeana-unica-habitante-del-paraje-colonia-balde\\\/#breadcrumb\",\"itemListElement\":[{\"@type\":\"ListItem\",\"position\":1,\"name\":\"Portada\",\"item\":\"https:\\\/\\\/diariotextual.com\\\/inicio\\\/\"},{\"@type\":\"ListItem\",\"position\":2,\"name\":\"La historia de la maestra pampeana, \u00fanica habitante del paraje Colonia El Balde\"}]},{\"@type\":\"WebSite\",\"@id\":\"https:\\\/\\\/diariotextual.com\\\/inicio\\\/#website\",\"url\":\"https:\\\/\\\/diariotextual.com\\\/inicio\\\/\",\"name\":\"Diario Textual\",\"description\":\"\",\"publisher\":{\"@id\":\"https:\\\/\\\/diariotextual.com\\\/inicio\\\/#organization\"},\"potentialAction\":[{\"@type\":\"SearchAction\",\"target\":{\"@type\":\"EntryPoint\",\"urlTemplate\":\"https:\\\/\\\/diariotextual.com\\\/inicio\\\/?s={search_term_string}\"},\"query-input\":{\"@type\":\"PropertyValueSpecification\",\"valueRequired\":true,\"valueName\":\"search_term_string\"}}],\"inLanguage\":\"es\"},{\"@type\":\"Organization\",\"@id\":\"https:\\\/\\\/diariotextual.com\\\/inicio\\\/#organization\",\"name\":\"Diario Textual\",\"url\":\"https:\\\/\\\/diariotextual.com\\\/inicio\\\/\",\"logo\":{\"@type\":\"ImageObject\",\"inLanguage\":\"es\",\"@id\":\"https:\\\/\\\/diariotextual.com\\\/inicio\\\/#\\\/schema\\\/logo\\\/image\\\/\",\"url\":\"https:\\\/\\\/diariotextual.com\\\/inicio\\\/wp-content\\\/uploads\\\/2023\\\/05\\\/logotextual1.jpg\",\"contentUrl\":\"https:\\\/\\\/diariotextual.com\\\/inicio\\\/wp-content\\\/uploads\\\/2023\\\/05\\\/logotextual1.jpg\",\"width\":516,\"height\":76,\"caption\":\"Diario Textual\"},\"image\":{\"@id\":\"https:\\\/\\\/diariotextual.com\\\/inicio\\\/#\\\/schema\\\/logo\\\/image\\\/\"},\"sameAs\":[\"https:\\\/\\\/www.facebook.com\\\/eltextual\",\"https:\\\/\\\/x.com\\\/eltextual\",\"http:\\\/\\\/www.instagram.com\\\/eltextual\"]},{\"@type\":\"Person\",\"@id\":\"https:\\\/\\\/diariotextual.com\\\/inicio\\\/#\\\/schema\\\/person\\\/694f60677f23c4a530867a98f22b3768\",\"name\":\"diario2\",\"image\":{\"@type\":\"ImageObject\",\"inLanguage\":\"es\",\"@id\":\"https:\\\/\\\/secure.gravatar.com\\\/avatar\\\/5a2567495ba16b852fcd8f1ed006a2e24fcace936018ed8237e95f488ad6e0a7?s=96&d=mm&r=g\",\"url\":\"https:\\\/\\\/secure.gravatar.com\\\/avatar\\\/5a2567495ba16b852fcd8f1ed006a2e24fcace936018ed8237e95f488ad6e0a7?s=96&d=mm&r=g\",\"contentUrl\":\"https:\\\/\\\/secure.gravatar.com\\\/avatar\\\/5a2567495ba16b852fcd8f1ed006a2e24fcace936018ed8237e95f488ad6e0a7?s=96&d=mm&r=g\",\"caption\":\"diario2\"},\"url\":\"https:\\\/\\\/diariotextual.com\\\/inicio\\\/index.php\\\/author\\\/diario2\\\/\"}]}<\/script>\n<!-- \/ Yoast SEO plugin. -->","yoast_head_json":{"title":"La historia de la maestra pampeana, \u00fanica habitante del paraje Colonia El Balde - Diario Textual","robots":{"index":"index","follow":"follow","max-snippet":"max-snippet:-1","max-image-preview":"max-image-preview:large","max-video-preview":"max-video-preview:-1"},"canonical":"https:\/\/diariotextual.com\/inicio\/index.php\/2019\/06\/24\/la-historia-la-maestra-pampeana-unica-habitante-del-paraje-colonia-balde\/","og_locale":"es_ES","og_type":"article","og_title":"La historia de la maestra pampeana, \u00fanica habitante del paraje Colonia El Balde - Diario Textual","og_description":"La docente M\u00f3nica Tortone tiene 47 a\u00f1os y hace 18 que est\u00e1 a cargo del Jard\u00edn de Infantes de la escuela N\u00b013 de la Colonia El Balde en el Partido&hellip;","og_url":"https:\/\/diariotextual.com\/inicio\/index.php\/2019\/06\/24\/la-historia-la-maestra-pampeana-unica-habitante-del-paraje-colonia-balde\/","og_site_name":"Diario Textual","article_publisher":"https:\/\/www.facebook.com\/eltextual","article_published_time":"2019-06-24T12:52:26+00:00","article_modified_time":"2019-06-24T15:30:17+00:00","og_image":[{"width":1033,"height":688,"url":"https:\/\/diariotextual.com\/inicio\/wp-content\/uploads\/2019\/06\/tortonemonicamaestra1033.jpg","type":"image\/jpeg"}],"author":"diario2","twitter_card":"summary_large_image","twitter_creator":"@eltextual","twitter_site":"@eltextual","twitter_misc":{"Escrito por":"diario2","Tiempo de lectura":"4 minutos"},"schema":{"@context":"https:\/\/schema.org","@graph":[{"@type":"Article","@id":"https:\/\/diariotextual.com\/inicio\/index.php\/2019\/06\/24\/la-historia-la-maestra-pampeana-unica-habitante-del-paraje-colonia-balde\/#article","isPartOf":{"@id":"https:\/\/diariotextual.com\/inicio\/index.php\/2019\/06\/24\/la-historia-la-maestra-pampeana-unica-habitante-del-paraje-colonia-balde\/"},"author":{"name":"diario2","@id":"https:\/\/diariotextual.com\/inicio\/#\/schema\/person\/694f60677f23c4a530867a98f22b3768"},"headline":"La historia de la maestra pampeana, \u00fanica habitante del paraje Colonia El Balde","datePublished":"2019-06-24T12:52:26+00:00","dateModified":"2019-06-24T15:30:17+00:00","mainEntityOfPage":{"@id":"https:\/\/diariotextual.com\/inicio\/index.php\/2019\/06\/24\/la-historia-la-maestra-pampeana-unica-habitante-del-paraje-colonia-balde\/"},"wordCount":907,"publisher":{"@id":"https:\/\/diariotextual.com\/inicio\/#organization"},"image":{"@id":"https:\/\/diariotextual.com\/inicio\/index.php\/2019\/06\/24\/la-historia-la-maestra-pampeana-unica-habitante-del-paraje-colonia-balde\/#primaryimage"},"thumbnailUrl":"https:\/\/diariotextual.com\/inicio\/wp-content\/uploads\/2019\/06\/tortonemonicamaestra1033.jpg","articleSection":["A - QUE PASA (al costado)","A - TEMPORALES","SOCIEDAD"],"inLanguage":"es"},{"@type":"WebPage","@id":"https:\/\/diariotextual.com\/inicio\/index.php\/2019\/06\/24\/la-historia-la-maestra-pampeana-unica-habitante-del-paraje-colonia-balde\/","url":"https:\/\/diariotextual.com\/inicio\/index.php\/2019\/06\/24\/la-historia-la-maestra-pampeana-unica-habitante-del-paraje-colonia-balde\/","name":"La historia de la maestra pampeana, \u00fanica habitante del paraje Colonia El Balde - Diario Textual","isPartOf":{"@id":"https:\/\/diariotextual.com\/inicio\/#website"},"primaryImageOfPage":{"@id":"https:\/\/diariotextual.com\/inicio\/index.php\/2019\/06\/24\/la-historia-la-maestra-pampeana-unica-habitante-del-paraje-colonia-balde\/#primaryimage"},"image":{"@id":"https:\/\/diariotextual.com\/inicio\/index.php\/2019\/06\/24\/la-historia-la-maestra-pampeana-unica-habitante-del-paraje-colonia-balde\/#primaryimage"},"thumbnailUrl":"https:\/\/diariotextual.com\/inicio\/wp-content\/uploads\/2019\/06\/tortonemonicamaestra1033.jpg","datePublished":"2019-06-24T12:52:26+00:00","dateModified":"2019-06-24T15:30:17+00:00","breadcrumb":{"@id":"https:\/\/diariotextual.com\/inicio\/index.php\/2019\/06\/24\/la-historia-la-maestra-pampeana-unica-habitante-del-paraje-colonia-balde\/#breadcrumb"},"inLanguage":"es","potentialAction":[{"@type":"ReadAction","target":["https:\/\/diariotextual.com\/inicio\/index.php\/2019\/06\/24\/la-historia-la-maestra-pampeana-unica-habitante-del-paraje-colonia-balde\/"]}]},{"@type":"ImageObject","inLanguage":"es","@id":"https:\/\/diariotextual.com\/inicio\/index.php\/2019\/06\/24\/la-historia-la-maestra-pampeana-unica-habitante-del-paraje-colonia-balde\/#primaryimage","url":"https:\/\/diariotextual.com\/inicio\/wp-content\/uploads\/2019\/06\/tortonemonicamaestra1033.jpg","contentUrl":"https:\/\/diariotextual.com\/inicio\/wp-content\/uploads\/2019\/06\/tortonemonicamaestra1033.jpg","width":1033,"height":688},{"@type":"BreadcrumbList","@id":"https:\/\/diariotextual.com\/inicio\/index.php\/2019\/06\/24\/la-historia-la-maestra-pampeana-unica-habitante-del-paraje-colonia-balde\/#breadcrumb","itemListElement":[{"@type":"ListItem","position":1,"name":"Portada","item":"https:\/\/diariotextual.com\/inicio\/"},{"@type":"ListItem","position":2,"name":"La historia de la maestra pampeana, \u00fanica habitante del paraje Colonia El Balde"}]},{"@type":"WebSite","@id":"https:\/\/diariotextual.com\/inicio\/#website","url":"https:\/\/diariotextual.com\/inicio\/","name":"Diario Textual","description":"","publisher":{"@id":"https:\/\/diariotextual.com\/inicio\/#organization"},"potentialAction":[{"@type":"SearchAction","target":{"@type":"EntryPoint","urlTemplate":"https:\/\/diariotextual.com\/inicio\/?s={search_term_string}"},"query-input":{"@type":"PropertyValueSpecification","valueRequired":true,"valueName":"search_term_string"}}],"inLanguage":"es"},{"@type":"Organization","@id":"https:\/\/diariotextual.com\/inicio\/#organization","name":"Diario Textual","url":"https:\/\/diariotextual.com\/inicio\/","logo":{"@type":"ImageObject","inLanguage":"es","@id":"https:\/\/diariotextual.com\/inicio\/#\/schema\/logo\/image\/","url":"https:\/\/diariotextual.com\/inicio\/wp-content\/uploads\/2023\/05\/logotextual1.jpg","contentUrl":"https:\/\/diariotextual.com\/inicio\/wp-content\/uploads\/2023\/05\/logotextual1.jpg","width":516,"height":76,"caption":"Diario Textual"},"image":{"@id":"https:\/\/diariotextual.com\/inicio\/#\/schema\/logo\/image\/"},"sameAs":["https:\/\/www.facebook.com\/eltextual","https:\/\/x.com\/eltextual","http:\/\/www.instagram.com\/eltextual"]},{"@type":"Person","@id":"https:\/\/diariotextual.com\/inicio\/#\/schema\/person\/694f60677f23c4a530867a98f22b3768","name":"diario2","image":{"@type":"ImageObject","inLanguage":"es","@id":"https:\/\/secure.gravatar.com\/avatar\/5a2567495ba16b852fcd8f1ed006a2e24fcace936018ed8237e95f488ad6e0a7?s=96&d=mm&r=g","url":"https:\/\/secure.gravatar.com\/avatar\/5a2567495ba16b852fcd8f1ed006a2e24fcace936018ed8237e95f488ad6e0a7?s=96&d=mm&r=g","contentUrl":"https:\/\/secure.gravatar.com\/avatar\/5a2567495ba16b852fcd8f1ed006a2e24fcace936018ed8237e95f488ad6e0a7?s=96&d=mm&r=g","caption":"diario2"},"url":"https:\/\/diariotextual.com\/inicio\/index.php\/author\/diario2\/"}]}},"_links":{"self":[{"href":"https:\/\/diariotextual.com\/inicio\/index.php\/wp-json\/wp\/v2\/posts\/53388","targetHints":{"allow":["GET"]}}],"collection":[{"href":"https:\/\/diariotextual.com\/inicio\/index.php\/wp-json\/wp\/v2\/posts"}],"about":[{"href":"https:\/\/diariotextual.com\/inicio\/index.php\/wp-json\/wp\/v2\/types\/post"}],"author":[{"embeddable":true,"href":"https:\/\/diariotextual.com\/inicio\/index.php\/wp-json\/wp\/v2\/users\/4"}],"replies":[{"embeddable":true,"href":"https:\/\/diariotextual.com\/inicio\/index.php\/wp-json\/wp\/v2\/comments?post=53388"}],"version-history":[{"count":1,"href":"https:\/\/diariotextual.com\/inicio\/index.php\/wp-json\/wp\/v2\/posts\/53388\/revisions"}],"predecessor-version":[{"id":53402,"href":"https:\/\/diariotextual.com\/inicio\/index.php\/wp-json\/wp\/v2\/posts\/53388\/revisions\/53402"}],"wp:featuredmedia":[{"embeddable":true,"href":"https:\/\/diariotextual.com\/inicio\/index.php\/wp-json\/wp\/v2\/media\/53398"}],"wp:attachment":[{"href":"https:\/\/diariotextual.com\/inicio\/index.php\/wp-json\/wp\/v2\/media?parent=53388"}],"wp:term":[{"taxonomy":"category","embeddable":true,"href":"https:\/\/diariotextual.com\/inicio\/index.php\/wp-json\/wp\/v2\/categories?post=53388"},{"taxonomy":"post_tag","embeddable":true,"href":"https:\/\/diariotextual.com\/inicio\/index.php\/wp-json\/wp\/v2\/tags?post=53388"}],"curies":[{"name":"wp","href":"https:\/\/api.w.org\/{rel}","templated":true}]}}