{"id":53410,"date":"2019-06-24T11:14:19","date_gmt":"2019-06-24T14:14:19","guid":{"rendered":"http:\/\/diariotextual.com\/inicio\/?p=53410"},"modified":"2019-06-25T08:28:03","modified_gmt":"2019-06-25T11:28:03","slug":"luego-del-choque-fatal-legisladores-oficialistas-opositores-piden-una-rotonda-acha","status":"publish","type":"post","link":"https:\/\/diariotextual.com\/inicio\/index.php\/2019\/06\/24\/luego-del-choque-fatal-legisladores-oficialistas-opositores-piden-una-rotonda-acha\/","title":{"rendered":"Luego del choque fatal, legisladores oficialistas y opositores piden por una rotonda en Acha"},"content":{"rendered":"<p>Legisladores nacionales y provinciales, tanto del oficialista PJ como de la oposici\u00f3n, se reunieron en la ma\u00f1ana de este lunes y acordaron <strong>avanzar en conjunto para solicitar al Gobierno nacional que construya una rotonda con un acceso seguro en la ciudad de General Acha.<\/strong> Reclamaron que la obra -que hoy tiene un costo de 200 millones de pesos- se incluya en el pr\u00f3ximo presupuesto.<\/p>\n<blockquote class=\"wp-embedded-content\" data-secret=\"Jrxiu9mGul\"><p><a href=\"http:\/\/diariotextual.com\/inicio\/index.php\/2019\/06\/09\/tres-mil-firmas-se-construya-una-rotonda-acceso-acha\/\">Tres mil firmas para que se construya una rotonda en el acceso a Acha<\/a><\/p><\/blockquote>\n<p><iframe class=\"wp-embedded-content\" sandbox=\"allow-scripts\" security=\"restricted\" style=\"position: absolute; clip: rect(1px, 1px, 1px, 1px);\" src=\"http:\/\/diariotextual.com\/inicio\/index.php\/2019\/06\/09\/tres-mil-firmas-se-construya-una-rotonda-acceso-acha\/embed\/#?secret=Jrxiu9mGul\" data-secret=\"Jrxiu9mGul\" width=\"600\" height=\"338\" title=\"&#171;Tres mil firmas para que se construya una rotonda en el acceso a Acha&#187; &#8212; Diario Textual\" frameborder=\"0\" marginwidth=\"0\" marginheight=\"0\" scrolling=\"no\"><\/iframe><\/p>\n<p>Los legisladores se reunieron primero con el vicegobernador <strong>Mariano Fern\u00e1ndez<\/strong> y luego brindaron una conferencia de prensa donde explicaron el reclamo.<\/p>\n<p>\u00abNecesitamos la suma de todos los sectores. Acha se puso de pie para reclamar seguridad vial\u00bb, dijo la diputada provincial <strong>Lucrecia Barruti (PJ).<\/strong><\/p>\n<p>Su colega del PRO, la achense<strong>\u00a0Adriana Leher,<\/strong>\u00a0record\u00f3 que la petici\u00f3n viene de hace a\u00f1os y reclam\u00f3 \u00abaunar esfuerzos municipales, provinciales y nacionales\u00bb para concretar las obras.<\/p>\n<p>En tanto, el diputado provincial e intendente electo de General Acha, <strong>Abel Sabarots (Cambiemos)<\/strong> remarc\u00f3 el \u00abr\u00e1pido tratamiento\u00bb que tuvo en la legislatura pampeana el proyecto de resoluci\u00f3n para pedir la obra. \u00abNo es f\u00e1cil la obra desde lo presupuestario. Pero es necesaria porque es una zona de riesgo y no queremos que se pierda una sola vida m\u00e1s. Son alrededor de 200 millones de pesos\u00bb, precis\u00f3.<\/p>\n<p>El diputado nacional y gobernador electo, <strong>Sergio Ziliotto (PJ)<\/strong>, expres\u00f3 el \u00abcompromiso\u00bb de Provincia con el reclamo y anunci\u00f3 que en su gesti\u00f3n van a concretar los desag\u00fces pluviales para los achenses, una obra que tiene un costo de 100 millones de pesos.<\/p>\n<p>El s\u00e1bado por la tarde, la Fundaci\u00f3n Estrellas Amarillas junto a los vecinos de General Acha, participaron de la actividad cultural para reflejar el reclamo. <strong>Ya juntaron unas 5 mil firmas para pedir por la rotonda.<\/strong><\/p>\n<p>El 31 de mayo, Tom\u00e1s Maximiliano Maina, un joven de 21 a\u00f1os de edad que jugaba al f\u00fatbol en el Club Atl\u00e9tico Santa Rosa, falleci\u00f3 en un choque ocurrido en el cruce del acceso a Acha y la ruta nacional 152.<\/p>\n<blockquote class=\"wp-embedded-content\" data-secret=\"TAhkCV4jUM\"><p><a href=\"http:\/\/diariotextual.com\/inicio\/index.php\/2019\/06\/19\/diputados-pidieron-se-gestione-una-rotonda-acha\/\">Diputados pidieron que se gestione una rotonda en Acha<\/a><\/p><\/blockquote>\n<p><iframe class=\"wp-embedded-content\" sandbox=\"allow-scripts\" security=\"restricted\" style=\"position: absolute; clip: rect(1px, 1px, 1px, 1px);\" src=\"http:\/\/diariotextual.com\/inicio\/index.php\/2019\/06\/19\/diputados-pidieron-se-gestione-una-rotonda-acha\/embed\/#?secret=TAhkCV4jUM\" data-secret=\"TAhkCV4jUM\" width=\"600\" height=\"338\" title=\"&#171;Diputados pidieron que se gestione una rotonda en Acha&#187; &#8212; Diario Textual\" frameborder=\"0\" marginwidth=\"0\" marginheight=\"0\" scrolling=\"no\"><\/iframe><\/p>\n<p>&nbsp;<\/p>\n<p>&nbsp;<\/p>\n<p>&nbsp;<\/p>\n","protected":false},"excerpt":{"rendered":"<p>Legisladores nacionales y provinciales, tanto del oficialista PJ como de la oposici\u00f3n, se reunieron en la ma\u00f1ana de este lunes y acordaron avanzar en conjunto para solicitar al Gobierno nacional&hellip;<\/p>\n","protected":false},"author":3,"featured_media":53420,"comment_status":"closed","ping_status":"open","sticky":false,"template":"","format":"standard","meta":{"_acf_changed":false,"footnotes":""},"categories":[11,319,12],"tags":[],"class_list":["post-53410","post","type-post","status-publish","format-standard","has-post-thumbnail","hentry","category-que-pasa","category-a-temporales","category-sociedad"],"acf":[],"yoast_head":"<!-- This site is optimized with the Yoast SEO plugin v27.5 - https:\/\/yoast.com\/product\/yoast-seo-wordpress\/ -->\n<title>Luego del choque fatal, legisladores oficialistas y opositores piden por una rotonda en Acha - Diario Textual<\/title>\n<meta name=\"robots\" content=\"index, follow, max-snippet:-1, max-image-preview:large, max-video-preview:-1\" \/>\n<link rel=\"canonical\" href=\"https:\/\/diariotextual.com\/inicio\/index.php\/2019\/06\/24\/luego-del-choque-fatal-legisladores-oficialistas-opositores-piden-una-rotonda-acha\/\" \/>\n<meta property=\"og:locale\" content=\"es_ES\" \/>\n<meta property=\"og:type\" content=\"article\" \/>\n<meta property=\"og:title\" content=\"Luego del choque fatal, legisladores oficialistas y opositores piden por una rotonda en Acha - Diario Textual\" \/>\n<meta property=\"og:description\" content=\"Legisladores nacionales y provinciales, tanto del oficialista PJ como de la oposici\u00f3n, se reunieron en la ma\u00f1ana de este lunes y acordaron avanzar en conjunto para solicitar al Gobierno nacional&hellip;\" \/>\n<meta property=\"og:url\" content=\"https:\/\/diariotextual.com\/inicio\/index.php\/2019\/06\/24\/luego-del-choque-fatal-legisladores-oficialistas-opositores-piden-una-rotonda-acha\/\" \/>\n<meta property=\"og:site_name\" content=\"Diario Textual\" \/>\n<meta property=\"article:publisher\" content=\"https:\/\/www.facebook.com\/eltextual\" \/>\n<meta property=\"article:published_time\" content=\"2019-06-24T14:14:19+00:00\" \/>\n<meta property=\"article:modified_time\" content=\"2019-06-25T11:28:03+00:00\" \/>\n<meta property=\"og:image\" content=\"https:\/\/diariotextual.com\/inicio\/wp-content\/uploads\/2019\/06\/legisladoresnacionalesconfernandez-1024x576.jpg\" \/>\n\t<meta property=\"og:image:width\" content=\"1024\" \/>\n\t<meta property=\"og:image:height\" content=\"576\" \/>\n\t<meta property=\"og:image:type\" content=\"image\/jpeg\" \/>\n<meta name=\"author\" content=\"Diario1 Diario1\" \/>\n<meta name=\"twitter:card\" content=\"summary_large_image\" \/>\n<meta name=\"twitter:creator\" content=\"@eltextual\" \/>\n<meta name=\"twitter:site\" content=\"@eltextual\" \/>\n<meta name=\"twitter:label1\" content=\"Escrito por\" \/>\n\t<meta name=\"twitter:data1\" content=\"Diario1 Diario1\" \/>\n\t<meta name=\"twitter:label2\" content=\"Tiempo de lectura\" \/>\n\t<meta name=\"twitter:data2\" content=\"2 minutos\" \/>\n<script type=\"application\/ld+json\" class=\"yoast-schema-graph\">{\"@context\":\"https:\\\/\\\/schema.org\",\"@graph\":[{\"@type\":\"Article\",\"@id\":\"https:\\\/\\\/diariotextual.com\\\/inicio\\\/index.php\\\/2019\\\/06\\\/24\\\/luego-del-choque-fatal-legisladores-oficialistas-opositores-piden-una-rotonda-acha\\\/#article\",\"isPartOf\":{\"@id\":\"https:\\\/\\\/diariotextual.com\\\/inicio\\\/index.php\\\/2019\\\/06\\\/24\\\/luego-del-choque-fatal-legisladores-oficialistas-opositores-piden-una-rotonda-acha\\\/\"},\"author\":{\"name\":\"Diario1 Diario1\",\"@id\":\"https:\\\/\\\/diariotextual.com\\\/inicio\\\/#\\\/schema\\\/person\\\/418fc4093c33e86ed41562db3508f958\"},\"headline\":\"Luego del choque fatal, legisladores oficialistas y opositores piden por una rotonda en Acha\",\"datePublished\":\"2019-06-24T14:14:19+00:00\",\"dateModified\":\"2019-06-25T11:28:03+00:00\",\"mainEntityOfPage\":{\"@id\":\"https:\\\/\\\/diariotextual.com\\\/inicio\\\/index.php\\\/2019\\\/06\\\/24\\\/luego-del-choque-fatal-legisladores-oficialistas-opositores-piden-una-rotonda-acha\\\/\"},\"wordCount\":365,\"publisher\":{\"@id\":\"https:\\\/\\\/diariotextual.com\\\/inicio\\\/#organization\"},\"image\":{\"@id\":\"https:\\\/\\\/diariotextual.com\\\/inicio\\\/index.php\\\/2019\\\/06\\\/24\\\/luego-del-choque-fatal-legisladores-oficialistas-opositores-piden-una-rotonda-acha\\\/#primaryimage\"},\"thumbnailUrl\":\"https:\\\/\\\/diariotextual.com\\\/inicio\\\/wp-content\\\/uploads\\\/2019\\\/06\\\/legisladoresnacionalesconfernandez.jpg\",\"articleSection\":[\"A - QUE PASA (al costado)\",\"A - TEMPORALES\",\"SOCIEDAD\"],\"inLanguage\":\"es\"},{\"@type\":\"WebPage\",\"@id\":\"https:\\\/\\\/diariotextual.com\\\/inicio\\\/index.php\\\/2019\\\/06\\\/24\\\/luego-del-choque-fatal-legisladores-oficialistas-opositores-piden-una-rotonda-acha\\\/\",\"url\":\"https:\\\/\\\/diariotextual.com\\\/inicio\\\/index.php\\\/2019\\\/06\\\/24\\\/luego-del-choque-fatal-legisladores-oficialistas-opositores-piden-una-rotonda-acha\\\/\",\"name\":\"Luego del choque fatal, legisladores oficialistas y opositores piden por una rotonda en Acha - Diario Textual\",\"isPartOf\":{\"@id\":\"https:\\\/\\\/diariotextual.com\\\/inicio\\\/#website\"},\"primaryImageOfPage\":{\"@id\":\"https:\\\/\\\/diariotextual.com\\\/inicio\\\/index.php\\\/2019\\\/06\\\/24\\\/luego-del-choque-fatal-legisladores-oficialistas-opositores-piden-una-rotonda-acha\\\/#primaryimage\"},\"image\":{\"@id\":\"https:\\\/\\\/diariotextual.com\\\/inicio\\\/index.php\\\/2019\\\/06\\\/24\\\/luego-del-choque-fatal-legisladores-oficialistas-opositores-piden-una-rotonda-acha\\\/#primaryimage\"},\"thumbnailUrl\":\"https:\\\/\\\/diariotextual.com\\\/inicio\\\/wp-content\\\/uploads\\\/2019\\\/06\\\/legisladoresnacionalesconfernandez.jpg\",\"datePublished\":\"2019-06-24T14:14:19+00:00\",\"dateModified\":\"2019-06-25T11:28:03+00:00\",\"breadcrumb\":{\"@id\":\"https:\\\/\\\/diariotextual.com\\\/inicio\\\/index.php\\\/2019\\\/06\\\/24\\\/luego-del-choque-fatal-legisladores-oficialistas-opositores-piden-una-rotonda-acha\\\/#breadcrumb\"},\"inLanguage\":\"es\",\"potentialAction\":[{\"@type\":\"ReadAction\",\"target\":[\"https:\\\/\\\/diariotextual.com\\\/inicio\\\/index.php\\\/2019\\\/06\\\/24\\\/luego-del-choque-fatal-legisladores-oficialistas-opositores-piden-una-rotonda-acha\\\/\"]}]},{\"@type\":\"ImageObject\",\"inLanguage\":\"es\",\"@id\":\"https:\\\/\\\/diariotextual.com\\\/inicio\\\/index.php\\\/2019\\\/06\\\/24\\\/luego-del-choque-fatal-legisladores-oficialistas-opositores-piden-una-rotonda-acha\\\/#primaryimage\",\"url\":\"https:\\\/\\\/diariotextual.com\\\/inicio\\\/wp-content\\\/uploads\\\/2019\\\/06\\\/legisladoresnacionalesconfernandez.jpg\",\"contentUrl\":\"https:\\\/\\\/diariotextual.com\\\/inicio\\\/wp-content\\\/uploads\\\/2019\\\/06\\\/legisladoresnacionalesconfernandez.jpg\",\"width\":4160,\"height\":2340},{\"@type\":\"BreadcrumbList\",\"@id\":\"https:\\\/\\\/diariotextual.com\\\/inicio\\\/index.php\\\/2019\\\/06\\\/24\\\/luego-del-choque-fatal-legisladores-oficialistas-opositores-piden-una-rotonda-acha\\\/#breadcrumb\",\"itemListElement\":[{\"@type\":\"ListItem\",\"position\":1,\"name\":\"Portada\",\"item\":\"https:\\\/\\\/diariotextual.com\\\/inicio\\\/\"},{\"@type\":\"ListItem\",\"position\":2,\"name\":\"Luego del choque fatal, legisladores oficialistas y opositores piden por una rotonda en Acha\"}]},{\"@type\":\"WebSite\",\"@id\":\"https:\\\/\\\/diariotextual.com\\\/inicio\\\/#website\",\"url\":\"https:\\\/\\\/diariotextual.com\\\/inicio\\\/\",\"name\":\"Diario Textual\",\"description\":\"\",\"publisher\":{\"@id\":\"https:\\\/\\\/diariotextual.com\\\/inicio\\\/#organization\"},\"potentialAction\":[{\"@type\":\"SearchAction\",\"target\":{\"@type\":\"EntryPoint\",\"urlTemplate\":\"https:\\\/\\\/diariotextual.com\\\/inicio\\\/?s={search_term_string}\"},\"query-input\":{\"@type\":\"PropertyValueSpecification\",\"valueRequired\":true,\"valueName\":\"search_term_string\"}}],\"inLanguage\":\"es\"},{\"@type\":\"Organization\",\"@id\":\"https:\\\/\\\/diariotextual.com\\\/inicio\\\/#organization\",\"name\":\"Diario Textual\",\"url\":\"https:\\\/\\\/diariotextual.com\\\/inicio\\\/\",\"logo\":{\"@type\":\"ImageObject\",\"inLanguage\":\"es\",\"@id\":\"https:\\\/\\\/diariotextual.com\\\/inicio\\\/#\\\/schema\\\/logo\\\/image\\\/\",\"url\":\"https:\\\/\\\/diariotextual.com\\\/inicio\\\/wp-content\\\/uploads\\\/2023\\\/05\\\/logotextual1.jpg\",\"contentUrl\":\"https:\\\/\\\/diariotextual.com\\\/inicio\\\/wp-content\\\/uploads\\\/2023\\\/05\\\/logotextual1.jpg\",\"width\":516,\"height\":76,\"caption\":\"Diario Textual\"},\"image\":{\"@id\":\"https:\\\/\\\/diariotextual.com\\\/inicio\\\/#\\\/schema\\\/logo\\\/image\\\/\"},\"sameAs\":[\"https:\\\/\\\/www.facebook.com\\\/eltextual\",\"https:\\\/\\\/x.com\\\/eltextual\",\"http:\\\/\\\/www.instagram.com\\\/eltextual\"]},{\"@type\":\"Person\",\"@id\":\"https:\\\/\\\/diariotextual.com\\\/inicio\\\/#\\\/schema\\\/person\\\/418fc4093c33e86ed41562db3508f958\",\"name\":\"Diario1 Diario1\",\"image\":{\"@type\":\"ImageObject\",\"inLanguage\":\"es\",\"@id\":\"https:\\\/\\\/secure.gravatar.com\\\/avatar\\\/9167d280179c85bc18be67aa7eda765854300033af4896dd779b608640f2ef7a?s=96&d=mm&r=g\",\"url\":\"https:\\\/\\\/secure.gravatar.com\\\/avatar\\\/9167d280179c85bc18be67aa7eda765854300033af4896dd779b608640f2ef7a?s=96&d=mm&r=g\",\"contentUrl\":\"https:\\\/\\\/secure.gravatar.com\\\/avatar\\\/9167d280179c85bc18be67aa7eda765854300033af4896dd779b608640f2ef7a?s=96&d=mm&r=g\",\"caption\":\"Diario1 Diario1\"},\"url\":\"https:\\\/\\\/diariotextual.com\\\/inicio\\\/index.php\\\/author\\\/diario1\\\/\"}]}<\/script>\n<!-- \/ Yoast SEO plugin. -->","yoast_head_json":{"title":"Luego del choque fatal, legisladores oficialistas y opositores piden por una rotonda en Acha - Diario Textual","robots":{"index":"index","follow":"follow","max-snippet":"max-snippet:-1","max-image-preview":"max-image-preview:large","max-video-preview":"max-video-preview:-1"},"canonical":"https:\/\/diariotextual.com\/inicio\/index.php\/2019\/06\/24\/luego-del-choque-fatal-legisladores-oficialistas-opositores-piden-una-rotonda-acha\/","og_locale":"es_ES","og_type":"article","og_title":"Luego del choque fatal, legisladores oficialistas y opositores piden por una rotonda en Acha - Diario Textual","og_description":"Legisladores nacionales y provinciales, tanto del oficialista PJ como de la oposici\u00f3n, se reunieron en la ma\u00f1ana de este lunes y acordaron avanzar en conjunto para solicitar al Gobierno nacional&hellip;","og_url":"https:\/\/diariotextual.com\/inicio\/index.php\/2019\/06\/24\/luego-del-choque-fatal-legisladores-oficialistas-opositores-piden-una-rotonda-acha\/","og_site_name":"Diario Textual","article_publisher":"https:\/\/www.facebook.com\/eltextual","article_published_time":"2019-06-24T14:14:19+00:00","article_modified_time":"2019-06-25T11:28:03+00:00","og_image":[{"width":1024,"height":576,"url":"https:\/\/diariotextual.com\/inicio\/wp-content\/uploads\/2019\/06\/legisladoresnacionalesconfernandez-1024x576.jpg","type":"image\/jpeg"}],"author":"Diario1 Diario1","twitter_card":"summary_large_image","twitter_creator":"@eltextual","twitter_site":"@eltextual","twitter_misc":{"Escrito por":"Diario1 Diario1","Tiempo de lectura":"2 minutos"},"schema":{"@context":"https:\/\/schema.org","@graph":[{"@type":"Article","@id":"https:\/\/diariotextual.com\/inicio\/index.php\/2019\/06\/24\/luego-del-choque-fatal-legisladores-oficialistas-opositores-piden-una-rotonda-acha\/#article","isPartOf":{"@id":"https:\/\/diariotextual.com\/inicio\/index.php\/2019\/06\/24\/luego-del-choque-fatal-legisladores-oficialistas-opositores-piden-una-rotonda-acha\/"},"author":{"name":"Diario1 Diario1","@id":"https:\/\/diariotextual.com\/inicio\/#\/schema\/person\/418fc4093c33e86ed41562db3508f958"},"headline":"Luego del choque fatal, legisladores oficialistas y opositores piden por una rotonda en Acha","datePublished":"2019-06-24T14:14:19+00:00","dateModified":"2019-06-25T11:28:03+00:00","mainEntityOfPage":{"@id":"https:\/\/diariotextual.com\/inicio\/index.php\/2019\/06\/24\/luego-del-choque-fatal-legisladores-oficialistas-opositores-piden-una-rotonda-acha\/"},"wordCount":365,"publisher":{"@id":"https:\/\/diariotextual.com\/inicio\/#organization"},"image":{"@id":"https:\/\/diariotextual.com\/inicio\/index.php\/2019\/06\/24\/luego-del-choque-fatal-legisladores-oficialistas-opositores-piden-una-rotonda-acha\/#primaryimage"},"thumbnailUrl":"https:\/\/diariotextual.com\/inicio\/wp-content\/uploads\/2019\/06\/legisladoresnacionalesconfernandez.jpg","articleSection":["A - QUE PASA (al costado)","A - TEMPORALES","SOCIEDAD"],"inLanguage":"es"},{"@type":"WebPage","@id":"https:\/\/diariotextual.com\/inicio\/index.php\/2019\/06\/24\/luego-del-choque-fatal-legisladores-oficialistas-opositores-piden-una-rotonda-acha\/","url":"https:\/\/diariotextual.com\/inicio\/index.php\/2019\/06\/24\/luego-del-choque-fatal-legisladores-oficialistas-opositores-piden-una-rotonda-acha\/","name":"Luego del choque fatal, legisladores oficialistas y opositores piden por una rotonda en Acha - Diario Textual","isPartOf":{"@id":"https:\/\/diariotextual.com\/inicio\/#website"},"primaryImageOfPage":{"@id":"https:\/\/diariotextual.com\/inicio\/index.php\/2019\/06\/24\/luego-del-choque-fatal-legisladores-oficialistas-opositores-piden-una-rotonda-acha\/#primaryimage"},"image":{"@id":"https:\/\/diariotextual.com\/inicio\/index.php\/2019\/06\/24\/luego-del-choque-fatal-legisladores-oficialistas-opositores-piden-una-rotonda-acha\/#primaryimage"},"thumbnailUrl":"https:\/\/diariotextual.com\/inicio\/wp-content\/uploads\/2019\/06\/legisladoresnacionalesconfernandez.jpg","datePublished":"2019-06-24T14:14:19+00:00","dateModified":"2019-06-25T11:28:03+00:00","breadcrumb":{"@id":"https:\/\/diariotextual.com\/inicio\/index.php\/2019\/06\/24\/luego-del-choque-fatal-legisladores-oficialistas-opositores-piden-una-rotonda-acha\/#breadcrumb"},"inLanguage":"es","potentialAction":[{"@type":"ReadAction","target":["https:\/\/diariotextual.com\/inicio\/index.php\/2019\/06\/24\/luego-del-choque-fatal-legisladores-oficialistas-opositores-piden-una-rotonda-acha\/"]}]},{"@type":"ImageObject","inLanguage":"es","@id":"https:\/\/diariotextual.com\/inicio\/index.php\/2019\/06\/24\/luego-del-choque-fatal-legisladores-oficialistas-opositores-piden-una-rotonda-acha\/#primaryimage","url":"https:\/\/diariotextual.com\/inicio\/wp-content\/uploads\/2019\/06\/legisladoresnacionalesconfernandez.jpg","contentUrl":"https:\/\/diariotextual.com\/inicio\/wp-content\/uploads\/2019\/06\/legisladoresnacionalesconfernandez.jpg","width":4160,"height":2340},{"@type":"BreadcrumbList","@id":"https:\/\/diariotextual.com\/inicio\/index.php\/2019\/06\/24\/luego-del-choque-fatal-legisladores-oficialistas-opositores-piden-una-rotonda-acha\/#breadcrumb","itemListElement":[{"@type":"ListItem","position":1,"name":"Portada","item":"https:\/\/diariotextual.com\/inicio\/"},{"@type":"ListItem","position":2,"name":"Luego del choque fatal, legisladores oficialistas y opositores piden por una rotonda en Acha"}]},{"@type":"WebSite","@id":"https:\/\/diariotextual.com\/inicio\/#website","url":"https:\/\/diariotextual.com\/inicio\/","name":"Diario Textual","description":"","publisher":{"@id":"https:\/\/diariotextual.com\/inicio\/#organization"},"potentialAction":[{"@type":"SearchAction","target":{"@type":"EntryPoint","urlTemplate":"https:\/\/diariotextual.com\/inicio\/?s={search_term_string}"},"query-input":{"@type":"PropertyValueSpecification","valueRequired":true,"valueName":"search_term_string"}}],"inLanguage":"es"},{"@type":"Organization","@id":"https:\/\/diariotextual.com\/inicio\/#organization","name":"Diario Textual","url":"https:\/\/diariotextual.com\/inicio\/","logo":{"@type":"ImageObject","inLanguage":"es","@id":"https:\/\/diariotextual.com\/inicio\/#\/schema\/logo\/image\/","url":"https:\/\/diariotextual.com\/inicio\/wp-content\/uploads\/2023\/05\/logotextual1.jpg","contentUrl":"https:\/\/diariotextual.com\/inicio\/wp-content\/uploads\/2023\/05\/logotextual1.jpg","width":516,"height":76,"caption":"Diario Textual"},"image":{"@id":"https:\/\/diariotextual.com\/inicio\/#\/schema\/logo\/image\/"},"sameAs":["https:\/\/www.facebook.com\/eltextual","https:\/\/x.com\/eltextual","http:\/\/www.instagram.com\/eltextual"]},{"@type":"Person","@id":"https:\/\/diariotextual.com\/inicio\/#\/schema\/person\/418fc4093c33e86ed41562db3508f958","name":"Diario1 Diario1","image":{"@type":"ImageObject","inLanguage":"es","@id":"https:\/\/secure.gravatar.com\/avatar\/9167d280179c85bc18be67aa7eda765854300033af4896dd779b608640f2ef7a?s=96&d=mm&r=g","url":"https:\/\/secure.gravatar.com\/avatar\/9167d280179c85bc18be67aa7eda765854300033af4896dd779b608640f2ef7a?s=96&d=mm&r=g","contentUrl":"https:\/\/secure.gravatar.com\/avatar\/9167d280179c85bc18be67aa7eda765854300033af4896dd779b608640f2ef7a?s=96&d=mm&r=g","caption":"Diario1 Diario1"},"url":"https:\/\/diariotextual.com\/inicio\/index.php\/author\/diario1\/"}]}},"_links":{"self":[{"href":"https:\/\/diariotextual.com\/inicio\/index.php\/wp-json\/wp\/v2\/posts\/53410","targetHints":{"allow":["GET"]}}],"collection":[{"href":"https:\/\/diariotextual.com\/inicio\/index.php\/wp-json\/wp\/v2\/posts"}],"about":[{"href":"https:\/\/diariotextual.com\/inicio\/index.php\/wp-json\/wp\/v2\/types\/post"}],"author":[{"embeddable":true,"href":"https:\/\/diariotextual.com\/inicio\/index.php\/wp-json\/wp\/v2\/users\/3"}],"replies":[{"embeddable":true,"href":"https:\/\/diariotextual.com\/inicio\/index.php\/wp-json\/wp\/v2\/comments?post=53410"}],"version-history":[{"count":7,"href":"https:\/\/diariotextual.com\/inicio\/index.php\/wp-json\/wp\/v2\/posts\/53410\/revisions"}],"predecessor-version":[{"id":53429,"href":"https:\/\/diariotextual.com\/inicio\/index.php\/wp-json\/wp\/v2\/posts\/53410\/revisions\/53429"}],"wp:featuredmedia":[{"embeddable":true,"href":"https:\/\/diariotextual.com\/inicio\/index.php\/wp-json\/wp\/v2\/media\/53420"}],"wp:attachment":[{"href":"https:\/\/diariotextual.com\/inicio\/index.php\/wp-json\/wp\/v2\/media?parent=53410"}],"wp:term":[{"taxonomy":"category","embeddable":true,"href":"https:\/\/diariotextual.com\/inicio\/index.php\/wp-json\/wp\/v2\/categories?post=53410"},{"taxonomy":"post_tag","embeddable":true,"href":"https:\/\/diariotextual.com\/inicio\/index.php\/wp-json\/wp\/v2\/tags?post=53410"}],"curies":[{"name":"wp","href":"https:\/\/api.w.org\/{rel}","templated":true}]}}