{"id":53427,"date":"2019-06-24T11:45:51","date_gmt":"2019-06-24T14:45:51","guid":{"rendered":"http:\/\/diariotextual.com\/inicio\/?p=53427"},"modified":"2019-06-25T08:27:55","modified_gmt":"2019-06-25T11:27:55","slug":"pro-se-despega-bertone-no-afiliado-no-tienen-responsabilidad-los-presuntos-avales-truchos","status":"publish","type":"post","link":"https:\/\/diariotextual.com\/inicio\/index.php\/2019\/06\/24\/pro-se-despega-bertone-no-afiliado-no-tienen-responsabilidad-los-presuntos-avales-truchos\/","title":{"rendered":"El PRO se despega: Bertone no es afiliado y no tienen responsabilidad por los presuntos avales truchos"},"content":{"rendered":"<p><strong>Propuesta Federal<\/strong> sali\u00f3 a despegarse de<strong> Luis Bertone<\/strong>, el empresario hotelero y funcionario nacional que pretendi\u00f3 postularse al cargo de diputado nacional por La Pampa: la coalici\u00f3n macrista dijo que Bertone<strong> no es afiliado ni al PRO ni al resto de los partidos del Frente Juntos por el Cambio<\/strong> y desliz\u00f3 que<strong> hubo avales truchos<\/strong>.<\/p>\n<blockquote class=\"wp-embedded-content\" data-secret=\"VwpcKSTBnx\"><p><a href=\"http:\/\/diariotextual.com\/inicio\/index.php\/2019\/06\/24\/cierre-listas-paso-orden-desde-nuevo-peronismo\/\">Cierre de listas PASO: el orden desde arriba y el nuevo peronismo<\/a><\/p><\/blockquote>\n<p><iframe class=\"wp-embedded-content\" sandbox=\"allow-scripts\" security=\"restricted\" style=\"position: absolute; clip: rect(1px, 1px, 1px, 1px);\" src=\"http:\/\/diariotextual.com\/inicio\/index.php\/2019\/06\/24\/cierre-listas-paso-orden-desde-nuevo-peronismo\/embed\/#?secret=VwpcKSTBnx\" data-secret=\"VwpcKSTBnx\" width=\"600\" height=\"338\" title=\"&#171;Cierre de listas PASO: el orden desde arriba y el nuevo peronismo&#187; &#8212; Diario Textual\" frameborder=\"0\" marginwidth=\"0\" marginheight=\"0\" scrolling=\"no\"><\/iframe><\/p>\n<p>Bertone, desautorizando a Javier \u00abColo\u00bb Mac Allister, present\u00f3 el s\u00e1bado su lista en la junta electoral del frente. Sin embargo, casi seis horas despu\u00e9s, la baj\u00f3. En ese momento, hubo hasta dirigentes del radicalismo que salieron a decir que hab\u00eda presentado avales truchos. Uno de ellos fue Juan Pablo \u00abCoco\u00bb Vieta, asesor del senador Juan Carlos Marino. \u00abMe trucharon la firma\u00bb, dijo.<\/p>\n<p>En medio de las roscas y presiones, hubo tambi\u00e9n llamados desde Casa Rosada a Bertone para que desistiera de su postulaci\u00f3n.<\/p>\n<p>Este lunes, en tanto, el PRO que comanda Mac Allister dio a conocer un documento. Es el siguiente:<\/p>\n<p><em>\u00abEn vista de los acontecimientos sucedidos en el d\u00eda de ayer y con la convicci\u00f3n de saber y creer que en un espacio democr\u00e1tico es deber permitir a todos participar en una elecci\u00f3n, siempre que esa participaci\u00f3n se desarrolle dentro de un marco legal, Propuesta Federal aclara:<\/em><\/p>\n<p><em>Que <strong>el Sr. Luis Bertone no se encuentra afiliado al partido pol\u00edtico Pro La Pampa<\/strong>, ni a ninguno de los dem\u00e1s partidos pol\u00edticos que conforman nuestro frente.<\/em><\/p>\n<p><em>Que, desde nuestro espacio, <strong>no se ha promocionado su candidatura<\/strong>.<\/em><\/p>\n<p><em>Qu<strong>e todo tipo de aval que haya presentado responde a su entera responsabilidad<\/strong>.\u00a0<\/em><em>Un p\u00e1rrafo aparte merece esta consideraci\u00f3n para dejar claro este punto ante la ciudadan\u00eda, ya que hemos recibido consultas telef\u00f3nicas de personas que figuraban en las listas de avales presentadas por el Sr Luis Bertone.<\/em><\/p>\n<p><em>Propuesta Federal contin\u00faa trabajando, como desde sus inicios en el proyecto nacional encabezado por nuestro presidente Mauricio Macri.<\/em><\/p>\n<p><em>Se ha concretado una lista de consenso con la UCR, respetando los lineamientos del acuerdo a nivel nacional donde cada partido del frente respetaba las bancas que se pon\u00edan en juego. Este acuerdo nos permite caminar todos juntos por el cambio, apoyando a nuestro presidente\u00bb.<\/em><\/p>\n<p>&nbsp;<\/p>\n<blockquote class=\"wp-embedded-content\" data-secret=\"x84UYVsg2g\"><p><a href=\"http:\/\/diariotextual.com\/inicio\/index.php\/2019\/06\/22\/frigerio-quintana-levantaron-telefono-luis-bertone-se\/\">Frigerio y Quintana levantaron el tel\u00e9fono y Luis Bertone se baj\u00f3<\/a><\/p><\/blockquote>\n<p><iframe class=\"wp-embedded-content\" sandbox=\"allow-scripts\" security=\"restricted\" style=\"position: absolute; clip: rect(1px, 1px, 1px, 1px);\" src=\"http:\/\/diariotextual.com\/inicio\/index.php\/2019\/06\/22\/frigerio-quintana-levantaron-telefono-luis-bertone-se\/embed\/#?secret=x84UYVsg2g\" data-secret=\"x84UYVsg2g\" width=\"600\" height=\"338\" title=\"&#171;Frigerio y Quintana levantaron el tel\u00e9fono y Luis Bertone se baj\u00f3&#187; &#8212; Diario Textual\" frameborder=\"0\" marginwidth=\"0\" marginheight=\"0\" scrolling=\"no\"><\/iframe><\/p>\n","protected":false},"excerpt":{"rendered":"<p>Propuesta Federal sali\u00f3 a despegarse de Luis Bertone, el empresario hotelero y funcionario nacional que pretendi\u00f3 postularse al cargo de diputado nacional por La Pampa: la coalici\u00f3n macrista dijo que&hellip;<\/p>\n","protected":false},"author":3,"featured_media":31424,"comment_status":"closed","ping_status":"open","sticky":false,"template":"","format":"standard","meta":{"_acf_changed":false,"footnotes":""},"categories":[319,8],"tags":[],"class_list":["post-53427","post","type-post","status-publish","format-standard","has-post-thumbnail","hentry","category-a-temporales","category-politica"],"acf":[],"yoast_head":"<!-- This site is optimized with the Yoast SEO plugin v27.5 - https:\/\/yoast.com\/product\/yoast-seo-wordpress\/ -->\n<title>El PRO se despega: Bertone no es afiliado y no tienen responsabilidad por los presuntos avales truchos - Diario Textual<\/title>\n<meta name=\"robots\" content=\"index, follow, max-snippet:-1, max-image-preview:large, max-video-preview:-1\" \/>\n<link rel=\"canonical\" href=\"https:\/\/diariotextual.com\/inicio\/index.php\/2019\/06\/24\/pro-se-despega-bertone-no-afiliado-no-tienen-responsabilidad-los-presuntos-avales-truchos\/\" \/>\n<meta property=\"og:locale\" content=\"es_ES\" \/>\n<meta property=\"og:type\" content=\"article\" \/>\n<meta property=\"og:title\" content=\"El PRO se despega: Bertone no es afiliado y no tienen responsabilidad por los presuntos avales truchos - Diario Textual\" \/>\n<meta property=\"og:description\" content=\"Propuesta Federal sali\u00f3 a despegarse de Luis Bertone, el empresario hotelero y funcionario nacional que pretendi\u00f3 postularse al cargo de diputado nacional por La Pampa: la coalici\u00f3n macrista dijo que&hellip;\" \/>\n<meta property=\"og:url\" content=\"https:\/\/diariotextual.com\/inicio\/index.php\/2019\/06\/24\/pro-se-despega-bertone-no-afiliado-no-tienen-responsabilidad-los-presuntos-avales-truchos\/\" \/>\n<meta property=\"og:site_name\" content=\"Diario Textual\" \/>\n<meta property=\"article:publisher\" content=\"https:\/\/www.facebook.com\/eltextual\" \/>\n<meta property=\"article:published_time\" content=\"2019-06-24T14:45:51+00:00\" \/>\n<meta property=\"article:modified_time\" content=\"2019-06-25T11:27:55+00:00\" \/>\n<meta property=\"og:image\" content=\"https:\/\/diariotextual.com\/inicio\/wp-content\/uploads\/2018\/12\/bertoneluis999.jpg\" \/>\n\t<meta property=\"og:image:width\" content=\"938\" \/>\n\t<meta property=\"og:image:height\" content=\"651\" \/>\n\t<meta property=\"og:image:type\" content=\"image\/jpeg\" \/>\n<meta name=\"author\" content=\"Diario1 Diario1\" \/>\n<meta name=\"twitter:card\" content=\"summary_large_image\" \/>\n<meta name=\"twitter:creator\" content=\"@eltextual\" \/>\n<meta name=\"twitter:site\" content=\"@eltextual\" \/>\n<meta name=\"twitter:label1\" content=\"Escrito por\" \/>\n\t<meta name=\"twitter:data1\" content=\"Diario1 Diario1\" \/>\n\t<meta name=\"twitter:label2\" content=\"Tiempo de lectura\" \/>\n\t<meta name=\"twitter:data2\" content=\"2 minutos\" \/>\n<script type=\"application\/ld+json\" class=\"yoast-schema-graph\">{\"@context\":\"https:\\\/\\\/schema.org\",\"@graph\":[{\"@type\":\"Article\",\"@id\":\"https:\\\/\\\/diariotextual.com\\\/inicio\\\/index.php\\\/2019\\\/06\\\/24\\\/pro-se-despega-bertone-no-afiliado-no-tienen-responsabilidad-los-presuntos-avales-truchos\\\/#article\",\"isPartOf\":{\"@id\":\"https:\\\/\\\/diariotextual.com\\\/inicio\\\/index.php\\\/2019\\\/06\\\/24\\\/pro-se-despega-bertone-no-afiliado-no-tienen-responsabilidad-los-presuntos-avales-truchos\\\/\"},\"author\":{\"name\":\"Diario1 Diario1\",\"@id\":\"https:\\\/\\\/diariotextual.com\\\/inicio\\\/#\\\/schema\\\/person\\\/418fc4093c33e86ed41562db3508f958\"},\"headline\":\"El PRO se despega: Bertone no es afiliado y no tienen responsabilidad por los presuntos avales truchos\",\"datePublished\":\"2019-06-24T14:45:51+00:00\",\"dateModified\":\"2019-06-25T11:27:55+00:00\",\"mainEntityOfPage\":{\"@id\":\"https:\\\/\\\/diariotextual.com\\\/inicio\\\/index.php\\\/2019\\\/06\\\/24\\\/pro-se-despega-bertone-no-afiliado-no-tienen-responsabilidad-los-presuntos-avales-truchos\\\/\"},\"wordCount\":403,\"publisher\":{\"@id\":\"https:\\\/\\\/diariotextual.com\\\/inicio\\\/#organization\"},\"image\":{\"@id\":\"https:\\\/\\\/diariotextual.com\\\/inicio\\\/index.php\\\/2019\\\/06\\\/24\\\/pro-se-despega-bertone-no-afiliado-no-tienen-responsabilidad-los-presuntos-avales-truchos\\\/#primaryimage\"},\"thumbnailUrl\":\"https:\\\/\\\/diariotextual.com\\\/inicio\\\/wp-content\\\/uploads\\\/2018\\\/12\\\/bertoneluis999.jpg\",\"articleSection\":[\"A - TEMPORALES\",\"POLITICA\"],\"inLanguage\":\"es\"},{\"@type\":\"WebPage\",\"@id\":\"https:\\\/\\\/diariotextual.com\\\/inicio\\\/index.php\\\/2019\\\/06\\\/24\\\/pro-se-despega-bertone-no-afiliado-no-tienen-responsabilidad-los-presuntos-avales-truchos\\\/\",\"url\":\"https:\\\/\\\/diariotextual.com\\\/inicio\\\/index.php\\\/2019\\\/06\\\/24\\\/pro-se-despega-bertone-no-afiliado-no-tienen-responsabilidad-los-presuntos-avales-truchos\\\/\",\"name\":\"El PRO se despega: Bertone no es afiliado y no tienen responsabilidad por los presuntos avales truchos - Diario Textual\",\"isPartOf\":{\"@id\":\"https:\\\/\\\/diariotextual.com\\\/inicio\\\/#website\"},\"primaryImageOfPage\":{\"@id\":\"https:\\\/\\\/diariotextual.com\\\/inicio\\\/index.php\\\/2019\\\/06\\\/24\\\/pro-se-despega-bertone-no-afiliado-no-tienen-responsabilidad-los-presuntos-avales-truchos\\\/#primaryimage\"},\"image\":{\"@id\":\"https:\\\/\\\/diariotextual.com\\\/inicio\\\/index.php\\\/2019\\\/06\\\/24\\\/pro-se-despega-bertone-no-afiliado-no-tienen-responsabilidad-los-presuntos-avales-truchos\\\/#primaryimage\"},\"thumbnailUrl\":\"https:\\\/\\\/diariotextual.com\\\/inicio\\\/wp-content\\\/uploads\\\/2018\\\/12\\\/bertoneluis999.jpg\",\"datePublished\":\"2019-06-24T14:45:51+00:00\",\"dateModified\":\"2019-06-25T11:27:55+00:00\",\"breadcrumb\":{\"@id\":\"https:\\\/\\\/diariotextual.com\\\/inicio\\\/index.php\\\/2019\\\/06\\\/24\\\/pro-se-despega-bertone-no-afiliado-no-tienen-responsabilidad-los-presuntos-avales-truchos\\\/#breadcrumb\"},\"inLanguage\":\"es\",\"potentialAction\":[{\"@type\":\"ReadAction\",\"target\":[\"https:\\\/\\\/diariotextual.com\\\/inicio\\\/index.php\\\/2019\\\/06\\\/24\\\/pro-se-despega-bertone-no-afiliado-no-tienen-responsabilidad-los-presuntos-avales-truchos\\\/\"]}]},{\"@type\":\"ImageObject\",\"inLanguage\":\"es\",\"@id\":\"https:\\\/\\\/diariotextual.com\\\/inicio\\\/index.php\\\/2019\\\/06\\\/24\\\/pro-se-despega-bertone-no-afiliado-no-tienen-responsabilidad-los-presuntos-avales-truchos\\\/#primaryimage\",\"url\":\"https:\\\/\\\/diariotextual.com\\\/inicio\\\/wp-content\\\/uploads\\\/2018\\\/12\\\/bertoneluis999.jpg\",\"contentUrl\":\"https:\\\/\\\/diariotextual.com\\\/inicio\\\/wp-content\\\/uploads\\\/2018\\\/12\\\/bertoneluis999.jpg\",\"width\":938,\"height\":651},{\"@type\":\"BreadcrumbList\",\"@id\":\"https:\\\/\\\/diariotextual.com\\\/inicio\\\/index.php\\\/2019\\\/06\\\/24\\\/pro-se-despega-bertone-no-afiliado-no-tienen-responsabilidad-los-presuntos-avales-truchos\\\/#breadcrumb\",\"itemListElement\":[{\"@type\":\"ListItem\",\"position\":1,\"name\":\"Portada\",\"item\":\"https:\\\/\\\/diariotextual.com\\\/inicio\\\/\"},{\"@type\":\"ListItem\",\"position\":2,\"name\":\"El PRO se despega: Bertone no es afiliado y no tienen responsabilidad por los presuntos avales truchos\"}]},{\"@type\":\"WebSite\",\"@id\":\"https:\\\/\\\/diariotextual.com\\\/inicio\\\/#website\",\"url\":\"https:\\\/\\\/diariotextual.com\\\/inicio\\\/\",\"name\":\"Diario Textual\",\"description\":\"\",\"publisher\":{\"@id\":\"https:\\\/\\\/diariotextual.com\\\/inicio\\\/#organization\"},\"potentialAction\":[{\"@type\":\"SearchAction\",\"target\":{\"@type\":\"EntryPoint\",\"urlTemplate\":\"https:\\\/\\\/diariotextual.com\\\/inicio\\\/?s={search_term_string}\"},\"query-input\":{\"@type\":\"PropertyValueSpecification\",\"valueRequired\":true,\"valueName\":\"search_term_string\"}}],\"inLanguage\":\"es\"},{\"@type\":\"Organization\",\"@id\":\"https:\\\/\\\/diariotextual.com\\\/inicio\\\/#organization\",\"name\":\"Diario Textual\",\"url\":\"https:\\\/\\\/diariotextual.com\\\/inicio\\\/\",\"logo\":{\"@type\":\"ImageObject\",\"inLanguage\":\"es\",\"@id\":\"https:\\\/\\\/diariotextual.com\\\/inicio\\\/#\\\/schema\\\/logo\\\/image\\\/\",\"url\":\"https:\\\/\\\/diariotextual.com\\\/inicio\\\/wp-content\\\/uploads\\\/2023\\\/05\\\/logotextual1.jpg\",\"contentUrl\":\"https:\\\/\\\/diariotextual.com\\\/inicio\\\/wp-content\\\/uploads\\\/2023\\\/05\\\/logotextual1.jpg\",\"width\":516,\"height\":76,\"caption\":\"Diario Textual\"},\"image\":{\"@id\":\"https:\\\/\\\/diariotextual.com\\\/inicio\\\/#\\\/schema\\\/logo\\\/image\\\/\"},\"sameAs\":[\"https:\\\/\\\/www.facebook.com\\\/eltextual\",\"https:\\\/\\\/x.com\\\/eltextual\",\"http:\\\/\\\/www.instagram.com\\\/eltextual\"]},{\"@type\":\"Person\",\"@id\":\"https:\\\/\\\/diariotextual.com\\\/inicio\\\/#\\\/schema\\\/person\\\/418fc4093c33e86ed41562db3508f958\",\"name\":\"Diario1 Diario1\",\"image\":{\"@type\":\"ImageObject\",\"inLanguage\":\"es\",\"@id\":\"https:\\\/\\\/secure.gravatar.com\\\/avatar\\\/9167d280179c85bc18be67aa7eda765854300033af4896dd779b608640f2ef7a?s=96&d=mm&r=g\",\"url\":\"https:\\\/\\\/secure.gravatar.com\\\/avatar\\\/9167d280179c85bc18be67aa7eda765854300033af4896dd779b608640f2ef7a?s=96&d=mm&r=g\",\"contentUrl\":\"https:\\\/\\\/secure.gravatar.com\\\/avatar\\\/9167d280179c85bc18be67aa7eda765854300033af4896dd779b608640f2ef7a?s=96&d=mm&r=g\",\"caption\":\"Diario1 Diario1\"},\"url\":\"https:\\\/\\\/diariotextual.com\\\/inicio\\\/index.php\\\/author\\\/diario1\\\/\"}]}<\/script>\n<!-- \/ Yoast SEO plugin. -->","yoast_head_json":{"title":"El PRO se despega: Bertone no es afiliado y no tienen responsabilidad por los presuntos avales truchos - Diario Textual","robots":{"index":"index","follow":"follow","max-snippet":"max-snippet:-1","max-image-preview":"max-image-preview:large","max-video-preview":"max-video-preview:-1"},"canonical":"https:\/\/diariotextual.com\/inicio\/index.php\/2019\/06\/24\/pro-se-despega-bertone-no-afiliado-no-tienen-responsabilidad-los-presuntos-avales-truchos\/","og_locale":"es_ES","og_type":"article","og_title":"El PRO se despega: Bertone no es afiliado y no tienen responsabilidad por los presuntos avales truchos - Diario Textual","og_description":"Propuesta Federal sali\u00f3 a despegarse de Luis Bertone, el empresario hotelero y funcionario nacional que pretendi\u00f3 postularse al cargo de diputado nacional por La Pampa: la coalici\u00f3n macrista dijo que&hellip;","og_url":"https:\/\/diariotextual.com\/inicio\/index.php\/2019\/06\/24\/pro-se-despega-bertone-no-afiliado-no-tienen-responsabilidad-los-presuntos-avales-truchos\/","og_site_name":"Diario Textual","article_publisher":"https:\/\/www.facebook.com\/eltextual","article_published_time":"2019-06-24T14:45:51+00:00","article_modified_time":"2019-06-25T11:27:55+00:00","og_image":[{"width":938,"height":651,"url":"https:\/\/diariotextual.com\/inicio\/wp-content\/uploads\/2018\/12\/bertoneluis999.jpg","type":"image\/jpeg"}],"author":"Diario1 Diario1","twitter_card":"summary_large_image","twitter_creator":"@eltextual","twitter_site":"@eltextual","twitter_misc":{"Escrito por":"Diario1 Diario1","Tiempo de lectura":"2 minutos"},"schema":{"@context":"https:\/\/schema.org","@graph":[{"@type":"Article","@id":"https:\/\/diariotextual.com\/inicio\/index.php\/2019\/06\/24\/pro-se-despega-bertone-no-afiliado-no-tienen-responsabilidad-los-presuntos-avales-truchos\/#article","isPartOf":{"@id":"https:\/\/diariotextual.com\/inicio\/index.php\/2019\/06\/24\/pro-se-despega-bertone-no-afiliado-no-tienen-responsabilidad-los-presuntos-avales-truchos\/"},"author":{"name":"Diario1 Diario1","@id":"https:\/\/diariotextual.com\/inicio\/#\/schema\/person\/418fc4093c33e86ed41562db3508f958"},"headline":"El PRO se despega: Bertone no es afiliado y no tienen responsabilidad por los presuntos avales truchos","datePublished":"2019-06-24T14:45:51+00:00","dateModified":"2019-06-25T11:27:55+00:00","mainEntityOfPage":{"@id":"https:\/\/diariotextual.com\/inicio\/index.php\/2019\/06\/24\/pro-se-despega-bertone-no-afiliado-no-tienen-responsabilidad-los-presuntos-avales-truchos\/"},"wordCount":403,"publisher":{"@id":"https:\/\/diariotextual.com\/inicio\/#organization"},"image":{"@id":"https:\/\/diariotextual.com\/inicio\/index.php\/2019\/06\/24\/pro-se-despega-bertone-no-afiliado-no-tienen-responsabilidad-los-presuntos-avales-truchos\/#primaryimage"},"thumbnailUrl":"https:\/\/diariotextual.com\/inicio\/wp-content\/uploads\/2018\/12\/bertoneluis999.jpg","articleSection":["A - TEMPORALES","POLITICA"],"inLanguage":"es"},{"@type":"WebPage","@id":"https:\/\/diariotextual.com\/inicio\/index.php\/2019\/06\/24\/pro-se-despega-bertone-no-afiliado-no-tienen-responsabilidad-los-presuntos-avales-truchos\/","url":"https:\/\/diariotextual.com\/inicio\/index.php\/2019\/06\/24\/pro-se-despega-bertone-no-afiliado-no-tienen-responsabilidad-los-presuntos-avales-truchos\/","name":"El PRO se despega: Bertone no es afiliado y no tienen responsabilidad por los presuntos avales truchos - Diario Textual","isPartOf":{"@id":"https:\/\/diariotextual.com\/inicio\/#website"},"primaryImageOfPage":{"@id":"https:\/\/diariotextual.com\/inicio\/index.php\/2019\/06\/24\/pro-se-despega-bertone-no-afiliado-no-tienen-responsabilidad-los-presuntos-avales-truchos\/#primaryimage"},"image":{"@id":"https:\/\/diariotextual.com\/inicio\/index.php\/2019\/06\/24\/pro-se-despega-bertone-no-afiliado-no-tienen-responsabilidad-los-presuntos-avales-truchos\/#primaryimage"},"thumbnailUrl":"https:\/\/diariotextual.com\/inicio\/wp-content\/uploads\/2018\/12\/bertoneluis999.jpg","datePublished":"2019-06-24T14:45:51+00:00","dateModified":"2019-06-25T11:27:55+00:00","breadcrumb":{"@id":"https:\/\/diariotextual.com\/inicio\/index.php\/2019\/06\/24\/pro-se-despega-bertone-no-afiliado-no-tienen-responsabilidad-los-presuntos-avales-truchos\/#breadcrumb"},"inLanguage":"es","potentialAction":[{"@type":"ReadAction","target":["https:\/\/diariotextual.com\/inicio\/index.php\/2019\/06\/24\/pro-se-despega-bertone-no-afiliado-no-tienen-responsabilidad-los-presuntos-avales-truchos\/"]}]},{"@type":"ImageObject","inLanguage":"es","@id":"https:\/\/diariotextual.com\/inicio\/index.php\/2019\/06\/24\/pro-se-despega-bertone-no-afiliado-no-tienen-responsabilidad-los-presuntos-avales-truchos\/#primaryimage","url":"https:\/\/diariotextual.com\/inicio\/wp-content\/uploads\/2018\/12\/bertoneluis999.jpg","contentUrl":"https:\/\/diariotextual.com\/inicio\/wp-content\/uploads\/2018\/12\/bertoneluis999.jpg","width":938,"height":651},{"@type":"BreadcrumbList","@id":"https:\/\/diariotextual.com\/inicio\/index.php\/2019\/06\/24\/pro-se-despega-bertone-no-afiliado-no-tienen-responsabilidad-los-presuntos-avales-truchos\/#breadcrumb","itemListElement":[{"@type":"ListItem","position":1,"name":"Portada","item":"https:\/\/diariotextual.com\/inicio\/"},{"@type":"ListItem","position":2,"name":"El PRO se despega: Bertone no es afiliado y no tienen responsabilidad por los presuntos avales truchos"}]},{"@type":"WebSite","@id":"https:\/\/diariotextual.com\/inicio\/#website","url":"https:\/\/diariotextual.com\/inicio\/","name":"Diario Textual","description":"","publisher":{"@id":"https:\/\/diariotextual.com\/inicio\/#organization"},"potentialAction":[{"@type":"SearchAction","target":{"@type":"EntryPoint","urlTemplate":"https:\/\/diariotextual.com\/inicio\/?s={search_term_string}"},"query-input":{"@type":"PropertyValueSpecification","valueRequired":true,"valueName":"search_term_string"}}],"inLanguage":"es"},{"@type":"Organization","@id":"https:\/\/diariotextual.com\/inicio\/#organization","name":"Diario Textual","url":"https:\/\/diariotextual.com\/inicio\/","logo":{"@type":"ImageObject","inLanguage":"es","@id":"https:\/\/diariotextual.com\/inicio\/#\/schema\/logo\/image\/","url":"https:\/\/diariotextual.com\/inicio\/wp-content\/uploads\/2023\/05\/logotextual1.jpg","contentUrl":"https:\/\/diariotextual.com\/inicio\/wp-content\/uploads\/2023\/05\/logotextual1.jpg","width":516,"height":76,"caption":"Diario Textual"},"image":{"@id":"https:\/\/diariotextual.com\/inicio\/#\/schema\/logo\/image\/"},"sameAs":["https:\/\/www.facebook.com\/eltextual","https:\/\/x.com\/eltextual","http:\/\/www.instagram.com\/eltextual"]},{"@type":"Person","@id":"https:\/\/diariotextual.com\/inicio\/#\/schema\/person\/418fc4093c33e86ed41562db3508f958","name":"Diario1 Diario1","image":{"@type":"ImageObject","inLanguage":"es","@id":"https:\/\/secure.gravatar.com\/avatar\/9167d280179c85bc18be67aa7eda765854300033af4896dd779b608640f2ef7a?s=96&d=mm&r=g","url":"https:\/\/secure.gravatar.com\/avatar\/9167d280179c85bc18be67aa7eda765854300033af4896dd779b608640f2ef7a?s=96&d=mm&r=g","contentUrl":"https:\/\/secure.gravatar.com\/avatar\/9167d280179c85bc18be67aa7eda765854300033af4896dd779b608640f2ef7a?s=96&d=mm&r=g","caption":"Diario1 Diario1"},"url":"https:\/\/diariotextual.com\/inicio\/index.php\/author\/diario1\/"}]}},"_links":{"self":[{"href":"https:\/\/diariotextual.com\/inicio\/index.php\/wp-json\/wp\/v2\/posts\/53427","targetHints":{"allow":["GET"]}}],"collection":[{"href":"https:\/\/diariotextual.com\/inicio\/index.php\/wp-json\/wp\/v2\/posts"}],"about":[{"href":"https:\/\/diariotextual.com\/inicio\/index.php\/wp-json\/wp\/v2\/types\/post"}],"author":[{"embeddable":true,"href":"https:\/\/diariotextual.com\/inicio\/index.php\/wp-json\/wp\/v2\/users\/3"}],"replies":[{"embeddable":true,"href":"https:\/\/diariotextual.com\/inicio\/index.php\/wp-json\/wp\/v2\/comments?post=53427"}],"version-history":[{"count":6,"href":"https:\/\/diariotextual.com\/inicio\/index.php\/wp-json\/wp\/v2\/posts\/53427\/revisions"}],"predecessor-version":[{"id":53438,"href":"https:\/\/diariotextual.com\/inicio\/index.php\/wp-json\/wp\/v2\/posts\/53427\/revisions\/53438"}],"wp:featuredmedia":[{"embeddable":true,"href":"https:\/\/diariotextual.com\/inicio\/index.php\/wp-json\/wp\/v2\/media\/31424"}],"wp:attachment":[{"href":"https:\/\/diariotextual.com\/inicio\/index.php\/wp-json\/wp\/v2\/media?parent=53427"}],"wp:term":[{"taxonomy":"category","embeddable":true,"href":"https:\/\/diariotextual.com\/inicio\/index.php\/wp-json\/wp\/v2\/categories?post=53427"},{"taxonomy":"post_tag","embeddable":true,"href":"https:\/\/diariotextual.com\/inicio\/index.php\/wp-json\/wp\/v2\/tags?post=53427"}],"curies":[{"name":"wp","href":"https:\/\/api.w.org\/{rel}","templated":true}]}}