{"id":53439,"date":"2019-06-24T12:29:50","date_gmt":"2019-06-24T15:29:50","guid":{"rendered":"http:\/\/diariotextual.com\/inicio\/?p=53439"},"modified":"2019-06-24T14:04:10","modified_gmt":"2019-06-24T17:04:10","slug":"cornejo-pidio-suspender-las-paso-la-pampa-otras-provincias-donde-no-competencia","status":"publish","type":"post","link":"https:\/\/diariotextual.com\/inicio\/index.php\/2019\/06\/24\/cornejo-pidio-suspender-las-paso-la-pampa-otras-provincias-donde-no-competencia\/","title":{"rendered":"Cornejo pidi\u00f3 suspender las PASO en La Pampa y otras provincias donde no hay competencia"},"content":{"rendered":"<p>El gobernador de Mendoza y titular nacional de la UCR,<strong> Alfredo Cornejo<\/strong>, pidi\u00f3<strong> suspender las Primarias Abiertas Simult\u00e1neas y Obligatorias (PASO)<\/strong> en los cargos y provincias, como <strong>La Pampa<\/strong>, donde <strong>no hay competencia<\/strong>. El mandatario manifest\u00f3 su parecer a trav\u00e9s de una publicaci\u00f3n en su cuenta de Twitter.<\/p>\n<blockquote class=\"twitter-tweet\" data-lang=\"es\">\n<p dir=\"ltr\" lang=\"es\">Creo necesario revisar la utilidad de las PASO en estas elecciones. Es sensato suspenderlas en los cargos y provincias que no hay competencia interna. El Congreso deber\u00eda trabajar en eso, para cuidar el dinero p\u00fablico que debe ser prioridad de una buena administraci\u00f3n del Estado.<\/p>\n<p>\u2014 Gobernador A.Cornejo (@DifusionCornejo) <a href=\"https:\/\/twitter.com\/DifusionCornejo\/status\/1143160914859962370?ref_src=twsrc%5Etfw\">24 de junio de 2019<\/a><\/p><\/blockquote>\n<p><script async src=\"https:\/\/platform.twitter.com\/widgets.js\" charset=\"utf-8\"><\/script><\/p>\n<p id=\"m112-111-113\" class=\"paragraph \">Despu\u00e9s del cierre de listas y la falta de competencia, <strong>se abri\u00f3 la pol\u00e9mica por el alto costo de la elecci\u00f3n, el cual supera los 4.000 millones de pesos<\/strong>. Especialmente en el caso de la elecci\u00f3n presidencial, ya que en los ocho frentes que se presentaron en ninguno hay competencia interna.<\/p>\n<p id=\"m117-116-118\" class=\"paragraph \"><strong>\u00abEs necesario revisar la utilidad de las PASO en estas elecciones\u00bb, dijo. \u00abEs sensato suspenderlas en los cargos y provincias que no hay competencia interna\u00bb.<\/strong><\/p>\n<p>Durante la semana pasada desde el Gobierno nacional ya manifestaron su preocupaci\u00f3n por el costo que tendr\u00e1 un proceso electoral que no pasar\u00e1 de ser una gran encuesta.<\/p>\n<blockquote class=\"wp-embedded-content\" data-secret=\"jap4UxOzfV\"><p><a href=\"http:\/\/diariotextual.com\/inicio\/index.php\/2019\/06\/24\/cierre-listas-paso-orden-desde-nuevo-peronismo\/\">Cierre de listas PASO: el orden desde arriba y el nuevo peronismo<\/a><\/p><\/blockquote>\n<p><iframe class=\"wp-embedded-content\" sandbox=\"allow-scripts\" security=\"restricted\" style=\"position: absolute; clip: rect(1px, 1px, 1px, 1px);\" src=\"http:\/\/diariotextual.com\/inicio\/index.php\/2019\/06\/24\/cierre-listas-paso-orden-desde-nuevo-peronismo\/embed\/#?secret=jap4UxOzfV\" data-secret=\"jap4UxOzfV\" width=\"600\" height=\"338\" title=\"&#171;Cierre de listas PASO: el orden desde arriba y el nuevo peronismo&#187; &#8212; Diario Textual\" frameborder=\"0\" marginwidth=\"0\" marginheight=\"0\" scrolling=\"no\"><\/iframe><\/p>\n<blockquote class=\"wp-embedded-content\" data-secret=\"k3oZ5ZHA3k\"><p><a href=\"http:\/\/diariotextual.com\/inicio\/index.php\/2019\/06\/24\/pro-se-despega-bertone-no-afiliado-no-tienen-responsabilidad-los-presuntos-avales-truchos\/\">El PRO se despega: Bertone no es afiliado y no tienen responsabilidad por los presuntos avales truchos<\/a><\/p><\/blockquote>\n<p><iframe class=\"wp-embedded-content\" sandbox=\"allow-scripts\" security=\"restricted\" style=\"position: absolute; clip: rect(1px, 1px, 1px, 1px);\" src=\"http:\/\/diariotextual.com\/inicio\/index.php\/2019\/06\/24\/pro-se-despega-bertone-no-afiliado-no-tienen-responsabilidad-los-presuntos-avales-truchos\/embed\/#?secret=k3oZ5ZHA3k\" data-secret=\"k3oZ5ZHA3k\" width=\"600\" height=\"338\" title=\"&#171;El PRO se despega: Bertone no es afiliado y no tienen responsabilidad por los presuntos avales truchos&#187; &#8212; Diario Textual\" frameborder=\"0\" marginwidth=\"0\" marginheight=\"0\" scrolling=\"no\"><\/iframe><\/p>\n<p>&nbsp;<\/p>\n<p>&nbsp;<\/p>\n<p>&nbsp;<\/p>\n","protected":false},"excerpt":{"rendered":"<p>El gobernador de Mendoza y titular nacional de la UCR, Alfredo Cornejo, pidi\u00f3 suspender las Primarias Abiertas Simult\u00e1neas y Obligatorias (PASO) en los cargos y provincias, como La Pampa, donde&hellip;<\/p>\n","protected":false},"author":3,"featured_media":53441,"comment_status":"closed","ping_status":"open","sticky":false,"template":"","format":"standard","meta":{"_acf_changed":false,"footnotes":""},"categories":[11,319,8],"tags":[],"class_list":["post-53439","post","type-post","status-publish","format-standard","has-post-thumbnail","hentry","category-que-pasa","category-a-temporales","category-politica"],"acf":[],"yoast_head":"<!-- This site is optimized with the Yoast SEO plugin v27.5 - https:\/\/yoast.com\/product\/yoast-seo-wordpress\/ -->\n<title>Cornejo pidi\u00f3 suspender las PASO en La Pampa y otras provincias donde no hay competencia - Diario Textual<\/title>\n<meta name=\"robots\" content=\"index, follow, max-snippet:-1, max-image-preview:large, max-video-preview:-1\" \/>\n<link rel=\"canonical\" href=\"https:\/\/diariotextual.com\/inicio\/index.php\/2019\/06\/24\/cornejo-pidio-suspender-las-paso-la-pampa-otras-provincias-donde-no-competencia\/\" \/>\n<meta property=\"og:locale\" content=\"es_ES\" \/>\n<meta property=\"og:type\" content=\"article\" \/>\n<meta property=\"og:title\" content=\"Cornejo pidi\u00f3 suspender las PASO en La Pampa y otras provincias donde no hay competencia - Diario Textual\" \/>\n<meta property=\"og:description\" content=\"El gobernador de Mendoza y titular nacional de la UCR, Alfredo Cornejo, pidi\u00f3 suspender las Primarias Abiertas Simult\u00e1neas y Obligatorias (PASO) en los cargos y provincias, como La Pampa, donde&hellip;\" \/>\n<meta property=\"og:url\" content=\"https:\/\/diariotextual.com\/inicio\/index.php\/2019\/06\/24\/cornejo-pidio-suspender-las-paso-la-pampa-otras-provincias-donde-no-competencia\/\" \/>\n<meta property=\"og:site_name\" content=\"Diario Textual\" \/>\n<meta property=\"article:publisher\" content=\"https:\/\/www.facebook.com\/eltextual\" \/>\n<meta property=\"article:published_time\" content=\"2019-06-24T15:29:50+00:00\" \/>\n<meta property=\"article:modified_time\" content=\"2019-06-24T17:04:10+00:00\" \/>\n<meta property=\"og:image\" content=\"https:\/\/diariotextual.com\/inicio\/wp-content\/uploads\/2019\/06\/cornejoalfredo2019-111.jpg\" \/>\n\t<meta property=\"og:image:width\" content=\"905\" \/>\n\t<meta property=\"og:image:height\" content=\"576\" \/>\n\t<meta property=\"og:image:type\" content=\"image\/jpeg\" \/>\n<meta name=\"author\" content=\"Diario1 Diario1\" \/>\n<meta name=\"twitter:card\" content=\"summary_large_image\" \/>\n<meta name=\"twitter:creator\" content=\"@eltextual\" \/>\n<meta name=\"twitter:site\" content=\"@eltextual\" \/>\n<meta name=\"twitter:label1\" content=\"Escrito por\" \/>\n\t<meta name=\"twitter:data1\" content=\"Diario1 Diario1\" \/>\n\t<meta name=\"twitter:label2\" content=\"Tiempo de lectura\" \/>\n\t<meta name=\"twitter:data2\" content=\"1 minuto\" \/>\n<script type=\"application\/ld+json\" class=\"yoast-schema-graph\">{\"@context\":\"https:\\\/\\\/schema.org\",\"@graph\":[{\"@type\":\"Article\",\"@id\":\"https:\\\/\\\/diariotextual.com\\\/inicio\\\/index.php\\\/2019\\\/06\\\/24\\\/cornejo-pidio-suspender-las-paso-la-pampa-otras-provincias-donde-no-competencia\\\/#article\",\"isPartOf\":{\"@id\":\"https:\\\/\\\/diariotextual.com\\\/inicio\\\/index.php\\\/2019\\\/06\\\/24\\\/cornejo-pidio-suspender-las-paso-la-pampa-otras-provincias-donde-no-competencia\\\/\"},\"author\":{\"name\":\"Diario1 Diario1\",\"@id\":\"https:\\\/\\\/diariotextual.com\\\/inicio\\\/#\\\/schema\\\/person\\\/418fc4093c33e86ed41562db3508f958\"},\"headline\":\"Cornejo pidi\u00f3 suspender las PASO en La Pampa y otras provincias donde no hay competencia\",\"datePublished\":\"2019-06-24T15:29:50+00:00\",\"dateModified\":\"2019-06-24T17:04:10+00:00\",\"mainEntityOfPage\":{\"@id\":\"https:\\\/\\\/diariotextual.com\\\/inicio\\\/index.php\\\/2019\\\/06\\\/24\\\/cornejo-pidio-suspender-las-paso-la-pampa-otras-provincias-donde-no-competencia\\\/\"},\"wordCount\":246,\"publisher\":{\"@id\":\"https:\\\/\\\/diariotextual.com\\\/inicio\\\/#organization\"},\"image\":{\"@id\":\"https:\\\/\\\/diariotextual.com\\\/inicio\\\/index.php\\\/2019\\\/06\\\/24\\\/cornejo-pidio-suspender-las-paso-la-pampa-otras-provincias-donde-no-competencia\\\/#primaryimage\"},\"thumbnailUrl\":\"https:\\\/\\\/diariotextual.com\\\/inicio\\\/wp-content\\\/uploads\\\/2019\\\/06\\\/cornejoalfredo2019-111.jpg\",\"articleSection\":[\"A - QUE PASA (al costado)\",\"A - TEMPORALES\",\"POLITICA\"],\"inLanguage\":\"es\"},{\"@type\":\"WebPage\",\"@id\":\"https:\\\/\\\/diariotextual.com\\\/inicio\\\/index.php\\\/2019\\\/06\\\/24\\\/cornejo-pidio-suspender-las-paso-la-pampa-otras-provincias-donde-no-competencia\\\/\",\"url\":\"https:\\\/\\\/diariotextual.com\\\/inicio\\\/index.php\\\/2019\\\/06\\\/24\\\/cornejo-pidio-suspender-las-paso-la-pampa-otras-provincias-donde-no-competencia\\\/\",\"name\":\"Cornejo pidi\u00f3 suspender las PASO en La Pampa y otras provincias donde no hay competencia - Diario Textual\",\"isPartOf\":{\"@id\":\"https:\\\/\\\/diariotextual.com\\\/inicio\\\/#website\"},\"primaryImageOfPage\":{\"@id\":\"https:\\\/\\\/diariotextual.com\\\/inicio\\\/index.php\\\/2019\\\/06\\\/24\\\/cornejo-pidio-suspender-las-paso-la-pampa-otras-provincias-donde-no-competencia\\\/#primaryimage\"},\"image\":{\"@id\":\"https:\\\/\\\/diariotextual.com\\\/inicio\\\/index.php\\\/2019\\\/06\\\/24\\\/cornejo-pidio-suspender-las-paso-la-pampa-otras-provincias-donde-no-competencia\\\/#primaryimage\"},\"thumbnailUrl\":\"https:\\\/\\\/diariotextual.com\\\/inicio\\\/wp-content\\\/uploads\\\/2019\\\/06\\\/cornejoalfredo2019-111.jpg\",\"datePublished\":\"2019-06-24T15:29:50+00:00\",\"dateModified\":\"2019-06-24T17:04:10+00:00\",\"breadcrumb\":{\"@id\":\"https:\\\/\\\/diariotextual.com\\\/inicio\\\/index.php\\\/2019\\\/06\\\/24\\\/cornejo-pidio-suspender-las-paso-la-pampa-otras-provincias-donde-no-competencia\\\/#breadcrumb\"},\"inLanguage\":\"es\",\"potentialAction\":[{\"@type\":\"ReadAction\",\"target\":[\"https:\\\/\\\/diariotextual.com\\\/inicio\\\/index.php\\\/2019\\\/06\\\/24\\\/cornejo-pidio-suspender-las-paso-la-pampa-otras-provincias-donde-no-competencia\\\/\"]}]},{\"@type\":\"ImageObject\",\"inLanguage\":\"es\",\"@id\":\"https:\\\/\\\/diariotextual.com\\\/inicio\\\/index.php\\\/2019\\\/06\\\/24\\\/cornejo-pidio-suspender-las-paso-la-pampa-otras-provincias-donde-no-competencia\\\/#primaryimage\",\"url\":\"https:\\\/\\\/diariotextual.com\\\/inicio\\\/wp-content\\\/uploads\\\/2019\\\/06\\\/cornejoalfredo2019-111.jpg\",\"contentUrl\":\"https:\\\/\\\/diariotextual.com\\\/inicio\\\/wp-content\\\/uploads\\\/2019\\\/06\\\/cornejoalfredo2019-111.jpg\",\"width\":905,\"height\":576},{\"@type\":\"BreadcrumbList\",\"@id\":\"https:\\\/\\\/diariotextual.com\\\/inicio\\\/index.php\\\/2019\\\/06\\\/24\\\/cornejo-pidio-suspender-las-paso-la-pampa-otras-provincias-donde-no-competencia\\\/#breadcrumb\",\"itemListElement\":[{\"@type\":\"ListItem\",\"position\":1,\"name\":\"Portada\",\"item\":\"https:\\\/\\\/diariotextual.com\\\/inicio\\\/\"},{\"@type\":\"ListItem\",\"position\":2,\"name\":\"Cornejo pidi\u00f3 suspender las PASO en La Pampa y otras provincias donde no hay competencia\"}]},{\"@type\":\"WebSite\",\"@id\":\"https:\\\/\\\/diariotextual.com\\\/inicio\\\/#website\",\"url\":\"https:\\\/\\\/diariotextual.com\\\/inicio\\\/\",\"name\":\"Diario Textual\",\"description\":\"\",\"publisher\":{\"@id\":\"https:\\\/\\\/diariotextual.com\\\/inicio\\\/#organization\"},\"potentialAction\":[{\"@type\":\"SearchAction\",\"target\":{\"@type\":\"EntryPoint\",\"urlTemplate\":\"https:\\\/\\\/diariotextual.com\\\/inicio\\\/?s={search_term_string}\"},\"query-input\":{\"@type\":\"PropertyValueSpecification\",\"valueRequired\":true,\"valueName\":\"search_term_string\"}}],\"inLanguage\":\"es\"},{\"@type\":\"Organization\",\"@id\":\"https:\\\/\\\/diariotextual.com\\\/inicio\\\/#organization\",\"name\":\"Diario Textual\",\"url\":\"https:\\\/\\\/diariotextual.com\\\/inicio\\\/\",\"logo\":{\"@type\":\"ImageObject\",\"inLanguage\":\"es\",\"@id\":\"https:\\\/\\\/diariotextual.com\\\/inicio\\\/#\\\/schema\\\/logo\\\/image\\\/\",\"url\":\"https:\\\/\\\/diariotextual.com\\\/inicio\\\/wp-content\\\/uploads\\\/2023\\\/05\\\/logotextual1.jpg\",\"contentUrl\":\"https:\\\/\\\/diariotextual.com\\\/inicio\\\/wp-content\\\/uploads\\\/2023\\\/05\\\/logotextual1.jpg\",\"width\":516,\"height\":76,\"caption\":\"Diario Textual\"},\"image\":{\"@id\":\"https:\\\/\\\/diariotextual.com\\\/inicio\\\/#\\\/schema\\\/logo\\\/image\\\/\"},\"sameAs\":[\"https:\\\/\\\/www.facebook.com\\\/eltextual\",\"https:\\\/\\\/x.com\\\/eltextual\",\"http:\\\/\\\/www.instagram.com\\\/eltextual\"]},{\"@type\":\"Person\",\"@id\":\"https:\\\/\\\/diariotextual.com\\\/inicio\\\/#\\\/schema\\\/person\\\/418fc4093c33e86ed41562db3508f958\",\"name\":\"Diario1 Diario1\",\"image\":{\"@type\":\"ImageObject\",\"inLanguage\":\"es\",\"@id\":\"https:\\\/\\\/secure.gravatar.com\\\/avatar\\\/9167d280179c85bc18be67aa7eda765854300033af4896dd779b608640f2ef7a?s=96&d=mm&r=g\",\"url\":\"https:\\\/\\\/secure.gravatar.com\\\/avatar\\\/9167d280179c85bc18be67aa7eda765854300033af4896dd779b608640f2ef7a?s=96&d=mm&r=g\",\"contentUrl\":\"https:\\\/\\\/secure.gravatar.com\\\/avatar\\\/9167d280179c85bc18be67aa7eda765854300033af4896dd779b608640f2ef7a?s=96&d=mm&r=g\",\"caption\":\"Diario1 Diario1\"},\"url\":\"https:\\\/\\\/diariotextual.com\\\/inicio\\\/index.php\\\/author\\\/diario1\\\/\"}]}<\/script>\n<!-- \/ Yoast SEO plugin. -->","yoast_head_json":{"title":"Cornejo pidi\u00f3 suspender las PASO en La Pampa y otras provincias donde no hay competencia - Diario Textual","robots":{"index":"index","follow":"follow","max-snippet":"max-snippet:-1","max-image-preview":"max-image-preview:large","max-video-preview":"max-video-preview:-1"},"canonical":"https:\/\/diariotextual.com\/inicio\/index.php\/2019\/06\/24\/cornejo-pidio-suspender-las-paso-la-pampa-otras-provincias-donde-no-competencia\/","og_locale":"es_ES","og_type":"article","og_title":"Cornejo pidi\u00f3 suspender las PASO en La Pampa y otras provincias donde no hay competencia - Diario Textual","og_description":"El gobernador de Mendoza y titular nacional de la UCR, Alfredo Cornejo, pidi\u00f3 suspender las Primarias Abiertas Simult\u00e1neas y Obligatorias (PASO) en los cargos y provincias, como La Pampa, donde&hellip;","og_url":"https:\/\/diariotextual.com\/inicio\/index.php\/2019\/06\/24\/cornejo-pidio-suspender-las-paso-la-pampa-otras-provincias-donde-no-competencia\/","og_site_name":"Diario Textual","article_publisher":"https:\/\/www.facebook.com\/eltextual","article_published_time":"2019-06-24T15:29:50+00:00","article_modified_time":"2019-06-24T17:04:10+00:00","og_image":[{"width":905,"height":576,"url":"https:\/\/diariotextual.com\/inicio\/wp-content\/uploads\/2019\/06\/cornejoalfredo2019-111.jpg","type":"image\/jpeg"}],"author":"Diario1 Diario1","twitter_card":"summary_large_image","twitter_creator":"@eltextual","twitter_site":"@eltextual","twitter_misc":{"Escrito por":"Diario1 Diario1","Tiempo de lectura":"1 minuto"},"schema":{"@context":"https:\/\/schema.org","@graph":[{"@type":"Article","@id":"https:\/\/diariotextual.com\/inicio\/index.php\/2019\/06\/24\/cornejo-pidio-suspender-las-paso-la-pampa-otras-provincias-donde-no-competencia\/#article","isPartOf":{"@id":"https:\/\/diariotextual.com\/inicio\/index.php\/2019\/06\/24\/cornejo-pidio-suspender-las-paso-la-pampa-otras-provincias-donde-no-competencia\/"},"author":{"name":"Diario1 Diario1","@id":"https:\/\/diariotextual.com\/inicio\/#\/schema\/person\/418fc4093c33e86ed41562db3508f958"},"headline":"Cornejo pidi\u00f3 suspender las PASO en La Pampa y otras provincias donde no hay competencia","datePublished":"2019-06-24T15:29:50+00:00","dateModified":"2019-06-24T17:04:10+00:00","mainEntityOfPage":{"@id":"https:\/\/diariotextual.com\/inicio\/index.php\/2019\/06\/24\/cornejo-pidio-suspender-las-paso-la-pampa-otras-provincias-donde-no-competencia\/"},"wordCount":246,"publisher":{"@id":"https:\/\/diariotextual.com\/inicio\/#organization"},"image":{"@id":"https:\/\/diariotextual.com\/inicio\/index.php\/2019\/06\/24\/cornejo-pidio-suspender-las-paso-la-pampa-otras-provincias-donde-no-competencia\/#primaryimage"},"thumbnailUrl":"https:\/\/diariotextual.com\/inicio\/wp-content\/uploads\/2019\/06\/cornejoalfredo2019-111.jpg","articleSection":["A - QUE PASA (al costado)","A - TEMPORALES","POLITICA"],"inLanguage":"es"},{"@type":"WebPage","@id":"https:\/\/diariotextual.com\/inicio\/index.php\/2019\/06\/24\/cornejo-pidio-suspender-las-paso-la-pampa-otras-provincias-donde-no-competencia\/","url":"https:\/\/diariotextual.com\/inicio\/index.php\/2019\/06\/24\/cornejo-pidio-suspender-las-paso-la-pampa-otras-provincias-donde-no-competencia\/","name":"Cornejo pidi\u00f3 suspender las PASO en La Pampa y otras provincias donde no hay competencia - Diario Textual","isPartOf":{"@id":"https:\/\/diariotextual.com\/inicio\/#website"},"primaryImageOfPage":{"@id":"https:\/\/diariotextual.com\/inicio\/index.php\/2019\/06\/24\/cornejo-pidio-suspender-las-paso-la-pampa-otras-provincias-donde-no-competencia\/#primaryimage"},"image":{"@id":"https:\/\/diariotextual.com\/inicio\/index.php\/2019\/06\/24\/cornejo-pidio-suspender-las-paso-la-pampa-otras-provincias-donde-no-competencia\/#primaryimage"},"thumbnailUrl":"https:\/\/diariotextual.com\/inicio\/wp-content\/uploads\/2019\/06\/cornejoalfredo2019-111.jpg","datePublished":"2019-06-24T15:29:50+00:00","dateModified":"2019-06-24T17:04:10+00:00","breadcrumb":{"@id":"https:\/\/diariotextual.com\/inicio\/index.php\/2019\/06\/24\/cornejo-pidio-suspender-las-paso-la-pampa-otras-provincias-donde-no-competencia\/#breadcrumb"},"inLanguage":"es","potentialAction":[{"@type":"ReadAction","target":["https:\/\/diariotextual.com\/inicio\/index.php\/2019\/06\/24\/cornejo-pidio-suspender-las-paso-la-pampa-otras-provincias-donde-no-competencia\/"]}]},{"@type":"ImageObject","inLanguage":"es","@id":"https:\/\/diariotextual.com\/inicio\/index.php\/2019\/06\/24\/cornejo-pidio-suspender-las-paso-la-pampa-otras-provincias-donde-no-competencia\/#primaryimage","url":"https:\/\/diariotextual.com\/inicio\/wp-content\/uploads\/2019\/06\/cornejoalfredo2019-111.jpg","contentUrl":"https:\/\/diariotextual.com\/inicio\/wp-content\/uploads\/2019\/06\/cornejoalfredo2019-111.jpg","width":905,"height":576},{"@type":"BreadcrumbList","@id":"https:\/\/diariotextual.com\/inicio\/index.php\/2019\/06\/24\/cornejo-pidio-suspender-las-paso-la-pampa-otras-provincias-donde-no-competencia\/#breadcrumb","itemListElement":[{"@type":"ListItem","position":1,"name":"Portada","item":"https:\/\/diariotextual.com\/inicio\/"},{"@type":"ListItem","position":2,"name":"Cornejo pidi\u00f3 suspender las PASO en La Pampa y otras provincias donde no hay competencia"}]},{"@type":"WebSite","@id":"https:\/\/diariotextual.com\/inicio\/#website","url":"https:\/\/diariotextual.com\/inicio\/","name":"Diario Textual","description":"","publisher":{"@id":"https:\/\/diariotextual.com\/inicio\/#organization"},"potentialAction":[{"@type":"SearchAction","target":{"@type":"EntryPoint","urlTemplate":"https:\/\/diariotextual.com\/inicio\/?s={search_term_string}"},"query-input":{"@type":"PropertyValueSpecification","valueRequired":true,"valueName":"search_term_string"}}],"inLanguage":"es"},{"@type":"Organization","@id":"https:\/\/diariotextual.com\/inicio\/#organization","name":"Diario Textual","url":"https:\/\/diariotextual.com\/inicio\/","logo":{"@type":"ImageObject","inLanguage":"es","@id":"https:\/\/diariotextual.com\/inicio\/#\/schema\/logo\/image\/","url":"https:\/\/diariotextual.com\/inicio\/wp-content\/uploads\/2023\/05\/logotextual1.jpg","contentUrl":"https:\/\/diariotextual.com\/inicio\/wp-content\/uploads\/2023\/05\/logotextual1.jpg","width":516,"height":76,"caption":"Diario Textual"},"image":{"@id":"https:\/\/diariotextual.com\/inicio\/#\/schema\/logo\/image\/"},"sameAs":["https:\/\/www.facebook.com\/eltextual","https:\/\/x.com\/eltextual","http:\/\/www.instagram.com\/eltextual"]},{"@type":"Person","@id":"https:\/\/diariotextual.com\/inicio\/#\/schema\/person\/418fc4093c33e86ed41562db3508f958","name":"Diario1 Diario1","image":{"@type":"ImageObject","inLanguage":"es","@id":"https:\/\/secure.gravatar.com\/avatar\/9167d280179c85bc18be67aa7eda765854300033af4896dd779b608640f2ef7a?s=96&d=mm&r=g","url":"https:\/\/secure.gravatar.com\/avatar\/9167d280179c85bc18be67aa7eda765854300033af4896dd779b608640f2ef7a?s=96&d=mm&r=g","contentUrl":"https:\/\/secure.gravatar.com\/avatar\/9167d280179c85bc18be67aa7eda765854300033af4896dd779b608640f2ef7a?s=96&d=mm&r=g","caption":"Diario1 Diario1"},"url":"https:\/\/diariotextual.com\/inicio\/index.php\/author\/diario1\/"}]}},"_links":{"self":[{"href":"https:\/\/diariotextual.com\/inicio\/index.php\/wp-json\/wp\/v2\/posts\/53439","targetHints":{"allow":["GET"]}}],"collection":[{"href":"https:\/\/diariotextual.com\/inicio\/index.php\/wp-json\/wp\/v2\/posts"}],"about":[{"href":"https:\/\/diariotextual.com\/inicio\/index.php\/wp-json\/wp\/v2\/types\/post"}],"author":[{"embeddable":true,"href":"https:\/\/diariotextual.com\/inicio\/index.php\/wp-json\/wp\/v2\/users\/3"}],"replies":[{"embeddable":true,"href":"https:\/\/diariotextual.com\/inicio\/index.php\/wp-json\/wp\/v2\/comments?post=53439"}],"version-history":[{"count":3,"href":"https:\/\/diariotextual.com\/inicio\/index.php\/wp-json\/wp\/v2\/posts\/53439\/revisions"}],"predecessor-version":[{"id":53444,"href":"https:\/\/diariotextual.com\/inicio\/index.php\/wp-json\/wp\/v2\/posts\/53439\/revisions\/53444"}],"wp:featuredmedia":[{"embeddable":true,"href":"https:\/\/diariotextual.com\/inicio\/index.php\/wp-json\/wp\/v2\/media\/53441"}],"wp:attachment":[{"href":"https:\/\/diariotextual.com\/inicio\/index.php\/wp-json\/wp\/v2\/media?parent=53439"}],"wp:term":[{"taxonomy":"category","embeddable":true,"href":"https:\/\/diariotextual.com\/inicio\/index.php\/wp-json\/wp\/v2\/categories?post=53439"},{"taxonomy":"post_tag","embeddable":true,"href":"https:\/\/diariotextual.com\/inicio\/index.php\/wp-json\/wp\/v2\/tags?post=53439"}],"curies":[{"name":"wp","href":"https:\/\/api.w.org\/{rel}","templated":true}]}}