{"id":53456,"date":"2019-06-24T13:42:59","date_gmt":"2019-06-24T16:42:59","guid":{"rendered":"http:\/\/diariotextual.com\/inicio\/?p=53456"},"modified":"2019-06-24T14:18:42","modified_gmt":"2019-06-24T17:18:42","slug":"condenado-13-anos-le-regalaba-chocolates-violaba-una-nena","status":"publish","type":"post","link":"https:\/\/diariotextual.com\/inicio\/index.php\/2019\/06\/24\/condenado-13-anos-le-regalaba-chocolates-violaba-una-nena\/","title":{"rendered":"Condenado a 13 a\u00f1os: le regalaba chocolates y violaba a una nena"},"content":{"rendered":"<p>El juez de audiencia de Santa Rosa, Gast\u00f3n Boulenaz, conden\u00f3 hoy a un empleado de una empresa de alimentos a 13 a\u00f1os de prisi\u00f3n por haber violado, en reiteradas oportunidades, a una nena.\u00a0El hombre es la pareja de una mujer que cuidaba a la peque\u00f1a. Fue abusada desde muy chiquita hasta los 6 a\u00f1os.<\/p>\n<blockquote class=\"wp-embedded-content\" data-secret=\"QfuLF1FgoO\"><p><a href=\"http:\/\/diariotextual.com\/inicio\/index.php\/2019\/06\/24\/militar-violo-santa-rosa-cunada-6-anos-prision\/\">Un militar viol\u00f3 en Santa Rosa a su cu\u00f1ada: 6 a\u00f1os de prisi\u00f3n<\/a><\/p><\/blockquote>\n<p><iframe class=\"wp-embedded-content\" sandbox=\"allow-scripts\" security=\"restricted\" style=\"position: absolute; clip: rect(1px, 1px, 1px, 1px);\" src=\"http:\/\/diariotextual.com\/inicio\/index.php\/2019\/06\/24\/militar-violo-santa-rosa-cunada-6-anos-prision\/embed\/#?secret=QfuLF1FgoO\" data-secret=\"QfuLF1FgoO\" width=\"600\" height=\"338\" title=\"&#171;Un militar viol\u00f3 en Santa Rosa a su cu\u00f1ada: 6 a\u00f1os de prisi\u00f3n&#187; &#8212; Diario Textual\" frameborder=\"0\" marginwidth=\"0\" marginheight=\"0\" scrolling=\"no\"><\/iframe><\/p>\n<p>Fue encontrado autor del delito de abuso sexual por sometimiento gravemente ultrajante por su duraci\u00f3n y circunstancias de realizaci\u00f3n, agravado por ser el autor el encargado de la guarda al momento de los hechos.<\/p>\n<p>Boulenaz, tras el juicio oral, dio por probado que con anterioridad al 12 de agosto de 2017, el imputado oblig\u00f3 a la v\u00edctima a practicarle sexo, entre otros hechos abusivos. Ellos ocurrieron en la vivienda del acusado y en otro domicilio, desde que la ni\u00f1a era muy peque\u00f1a y hasta que tuvo casi seis a\u00f1os. En ese momento cesaron los abusos porque la peque\u00f1a dej\u00f3 de concurrir a la casa del acusado.<\/p>\n<p>El hombre es la pareja de una mujer que cuidaba a la nena, quien a su vez era amiga de la madre. En un punto de la parte resolutiva del fallo, el juez dio por notificado al fiscal Walter Martos del pedido del querellante particular, el a su vez defensor oficial Mart\u00edn Garc\u00eda Ongaro, para que se investigue la posible participaci\u00f3n de la pareja del imputado en los abusos.<\/p>\n<p>Durante los alegatos, la fiscal\u00eda hab\u00eda requerido una pena de 15 a\u00f1os de prisi\u00f3n, se\u00f1alando que el agresor, durante un lapso de unos dos a\u00f1os, tuvo como \u00fanico designio \u201csatisfacer su propio l\u00edbido sexual, utilizando siempre los mismos mecanismos y estrategias para lograr el silencio de la v\u00edctima, manipul\u00e1ndola, gener\u00e1ndole miedo, premi\u00e1ndola, entreg\u00e1ndole chocolates y sobre todo aprovech\u00e1ndose de la vulnerabilidad que ten\u00eda por su corta edad, y tambi\u00e9n de la facilidad y la impunidad que le otorgaba el hecho de quedar al cuidado por extensos per\u00edodos de tiempo\u201d.<\/p>\n<p>Por su parte, la querella solicit\u00f3 una pena de 17 a\u00f1os, y la defensora oficial, Mar\u00eda Silvina Blanco G\u00f3mez, la absoluci\u00f3n por aplicaci\u00f3n del beneficio de la duda y, en caso de ser condenado, que recibiera la condena m\u00ednima de cuatro a\u00f1os de prisi\u00f3n por abuso sexual gravemente ultrajante, ya que la guarda no fue debidamente probada.<\/p>\n<p>Boulenaz, para fijar la sanci\u00f3n, valor\u00f3 positivamente solo que el imputado no tiene antecedentes. En cambio tuvo en cuenta como agravantes la edad de la v\u00edctima, ya que \u201cen pleno proceso de formaci\u00f3n de la personalidad vio vulnerada de manera grave su integridad sexual\u201d; el grado de autodeterminaci\u00f3n para cometer el delito; la condici\u00f3n de adulto (29 a\u00f1os al momento de los hechos, hoy 31), con esposa, hijos y trabajo estable en el medio; la extensi\u00f3n del da\u00f1o causado en la ni\u00f1a \u2013tratamiento psicol\u00f3gico por cambios conductuales y episodios de enuresis\u2013 y en su familia \u2013la mam\u00e1 perdi\u00f3 un empleo formal porque debi\u00f3 permanecer m\u00e1s tiempo con su hija\u2013; y la reiteraci\u00f3n de los acometimientos sexuales.<\/p>\n<p>Finalmente, el magistrado le mantuvo al condenado la prisi\u00f3n preventiva oportunamente dispuesta y no hizo lugar al pedido de resarcimiento econ\u00f3mico planteado por el querellante particular, a ra\u00edz del da\u00f1o sufrido por la nena, por entender que ese reclamo debe efectuarse por v\u00eda civil.<\/p>\n<p>\u200b<\/p>\n","protected":false},"excerpt":{"rendered":"<p>El juez de audiencia de Santa Rosa, Gast\u00f3n Boulenaz, conden\u00f3 hoy a un empleado de una empresa de alimentos a 13 a\u00f1os de prisi\u00f3n por haber violado, en reiteradas oportunidades,&hellip;<\/p>\n","protected":false},"author":3,"featured_media":15842,"comment_status":"closed","ping_status":"open","sticky":false,"template":"","format":"standard","meta":{"_acf_changed":false,"footnotes":""},"categories":[11,319,12],"tags":[],"class_list":["post-53456","post","type-post","status-publish","format-standard","has-post-thumbnail","hentry","category-que-pasa","category-a-temporales","category-sociedad"],"acf":[],"yoast_head":"<!-- This site is optimized with the Yoast SEO plugin v27.5 - https:\/\/yoast.com\/product\/yoast-seo-wordpress\/ -->\n<title>Condenado a 13 a\u00f1os: le regalaba chocolates y violaba a una nena - Diario Textual<\/title>\n<meta name=\"robots\" content=\"index, follow, max-snippet:-1, max-image-preview:large, max-video-preview:-1\" \/>\n<link rel=\"canonical\" href=\"https:\/\/diariotextual.com\/inicio\/index.php\/2019\/06\/24\/condenado-13-anos-le-regalaba-chocolates-violaba-una-nena\/\" \/>\n<meta property=\"og:locale\" content=\"es_ES\" \/>\n<meta property=\"og:type\" content=\"article\" \/>\n<meta property=\"og:title\" content=\"Condenado a 13 a\u00f1os: le regalaba chocolates y violaba a una nena - Diario Textual\" \/>\n<meta property=\"og:description\" content=\"El juez de audiencia de Santa Rosa, Gast\u00f3n Boulenaz, conden\u00f3 hoy a un empleado de una empresa de alimentos a 13 a\u00f1os de prisi\u00f3n por haber violado, en reiteradas oportunidades,&hellip;\" \/>\n<meta property=\"og:url\" content=\"https:\/\/diariotextual.com\/inicio\/index.php\/2019\/06\/24\/condenado-13-anos-le-regalaba-chocolates-violaba-una-nena\/\" \/>\n<meta property=\"og:site_name\" content=\"Diario Textual\" \/>\n<meta property=\"article:publisher\" content=\"https:\/\/www.facebook.com\/eltextual\" \/>\n<meta property=\"article:published_time\" content=\"2019-06-24T16:42:59+00:00\" \/>\n<meta property=\"article:modified_time\" content=\"2019-06-24T17:18:42+00:00\" \/>\n<meta property=\"og:image\" content=\"https:\/\/diariotextual.com\/inicio\/wp-content\/uploads\/2018\/08\/abusosni\u00f1ez2222.jpg\" \/>\n\t<meta property=\"og:image:width\" content=\"690\" \/>\n\t<meta property=\"og:image:height\" content=\"450\" \/>\n\t<meta property=\"og:image:type\" content=\"image\/jpeg\" \/>\n<meta name=\"author\" content=\"Diario1 Diario1\" \/>\n<meta name=\"twitter:card\" content=\"summary_large_image\" \/>\n<meta name=\"twitter:creator\" content=\"@eltextual\" \/>\n<meta name=\"twitter:site\" content=\"@eltextual\" \/>\n<meta name=\"twitter:label1\" content=\"Escrito por\" \/>\n\t<meta name=\"twitter:data1\" content=\"Diario1 Diario1\" \/>\n\t<meta name=\"twitter:label2\" content=\"Tiempo de lectura\" \/>\n\t<meta name=\"twitter:data2\" content=\"3 minutos\" \/>\n<script type=\"application\/ld+json\" class=\"yoast-schema-graph\">{\"@context\":\"https:\\\/\\\/schema.org\",\"@graph\":[{\"@type\":\"Article\",\"@id\":\"https:\\\/\\\/diariotextual.com\\\/inicio\\\/index.php\\\/2019\\\/06\\\/24\\\/condenado-13-anos-le-regalaba-chocolates-violaba-una-nena\\\/#article\",\"isPartOf\":{\"@id\":\"https:\\\/\\\/diariotextual.com\\\/inicio\\\/index.php\\\/2019\\\/06\\\/24\\\/condenado-13-anos-le-regalaba-chocolates-violaba-una-nena\\\/\"},\"author\":{\"name\":\"Diario1 Diario1\",\"@id\":\"https:\\\/\\\/diariotextual.com\\\/inicio\\\/#\\\/schema\\\/person\\\/418fc4093c33e86ed41562db3508f958\"},\"headline\":\"Condenado a 13 a\u00f1os: le regalaba chocolates y violaba a una nena\",\"datePublished\":\"2019-06-24T16:42:59+00:00\",\"dateModified\":\"2019-06-24T17:18:42+00:00\",\"mainEntityOfPage\":{\"@id\":\"https:\\\/\\\/diariotextual.com\\\/inicio\\\/index.php\\\/2019\\\/06\\\/24\\\/condenado-13-anos-le-regalaba-chocolates-violaba-una-nena\\\/\"},\"wordCount\":604,\"publisher\":{\"@id\":\"https:\\\/\\\/diariotextual.com\\\/inicio\\\/#organization\"},\"image\":{\"@id\":\"https:\\\/\\\/diariotextual.com\\\/inicio\\\/index.php\\\/2019\\\/06\\\/24\\\/condenado-13-anos-le-regalaba-chocolates-violaba-una-nena\\\/#primaryimage\"},\"thumbnailUrl\":\"https:\\\/\\\/diariotextual.com\\\/inicio\\\/wp-content\\\/uploads\\\/2018\\\/08\\\/abusosni\u00f1ez2222.jpg\",\"articleSection\":[\"A - QUE PASA (al costado)\",\"A - TEMPORALES\",\"SOCIEDAD\"],\"inLanguage\":\"es\"},{\"@type\":\"WebPage\",\"@id\":\"https:\\\/\\\/diariotextual.com\\\/inicio\\\/index.php\\\/2019\\\/06\\\/24\\\/condenado-13-anos-le-regalaba-chocolates-violaba-una-nena\\\/\",\"url\":\"https:\\\/\\\/diariotextual.com\\\/inicio\\\/index.php\\\/2019\\\/06\\\/24\\\/condenado-13-anos-le-regalaba-chocolates-violaba-una-nena\\\/\",\"name\":\"Condenado a 13 a\u00f1os: le regalaba chocolates y violaba a una nena - Diario Textual\",\"isPartOf\":{\"@id\":\"https:\\\/\\\/diariotextual.com\\\/inicio\\\/#website\"},\"primaryImageOfPage\":{\"@id\":\"https:\\\/\\\/diariotextual.com\\\/inicio\\\/index.php\\\/2019\\\/06\\\/24\\\/condenado-13-anos-le-regalaba-chocolates-violaba-una-nena\\\/#primaryimage\"},\"image\":{\"@id\":\"https:\\\/\\\/diariotextual.com\\\/inicio\\\/index.php\\\/2019\\\/06\\\/24\\\/condenado-13-anos-le-regalaba-chocolates-violaba-una-nena\\\/#primaryimage\"},\"thumbnailUrl\":\"https:\\\/\\\/diariotextual.com\\\/inicio\\\/wp-content\\\/uploads\\\/2018\\\/08\\\/abusosni\u00f1ez2222.jpg\",\"datePublished\":\"2019-06-24T16:42:59+00:00\",\"dateModified\":\"2019-06-24T17:18:42+00:00\",\"breadcrumb\":{\"@id\":\"https:\\\/\\\/diariotextual.com\\\/inicio\\\/index.php\\\/2019\\\/06\\\/24\\\/condenado-13-anos-le-regalaba-chocolates-violaba-una-nena\\\/#breadcrumb\"},\"inLanguage\":\"es\",\"potentialAction\":[{\"@type\":\"ReadAction\",\"target\":[\"https:\\\/\\\/diariotextual.com\\\/inicio\\\/index.php\\\/2019\\\/06\\\/24\\\/condenado-13-anos-le-regalaba-chocolates-violaba-una-nena\\\/\"]}]},{\"@type\":\"ImageObject\",\"inLanguage\":\"es\",\"@id\":\"https:\\\/\\\/diariotextual.com\\\/inicio\\\/index.php\\\/2019\\\/06\\\/24\\\/condenado-13-anos-le-regalaba-chocolates-violaba-una-nena\\\/#primaryimage\",\"url\":\"https:\\\/\\\/diariotextual.com\\\/inicio\\\/wp-content\\\/uploads\\\/2018\\\/08\\\/abusosni\u00f1ez2222.jpg\",\"contentUrl\":\"https:\\\/\\\/diariotextual.com\\\/inicio\\\/wp-content\\\/uploads\\\/2018\\\/08\\\/abusosni\u00f1ez2222.jpg\",\"width\":690,\"height\":450},{\"@type\":\"BreadcrumbList\",\"@id\":\"https:\\\/\\\/diariotextual.com\\\/inicio\\\/index.php\\\/2019\\\/06\\\/24\\\/condenado-13-anos-le-regalaba-chocolates-violaba-una-nena\\\/#breadcrumb\",\"itemListElement\":[{\"@type\":\"ListItem\",\"position\":1,\"name\":\"Portada\",\"item\":\"https:\\\/\\\/diariotextual.com\\\/inicio\\\/\"},{\"@type\":\"ListItem\",\"position\":2,\"name\":\"Condenado a 13 a\u00f1os: le regalaba chocolates y violaba a una nena\"}]},{\"@type\":\"WebSite\",\"@id\":\"https:\\\/\\\/diariotextual.com\\\/inicio\\\/#website\",\"url\":\"https:\\\/\\\/diariotextual.com\\\/inicio\\\/\",\"name\":\"Diario Textual\",\"description\":\"\",\"publisher\":{\"@id\":\"https:\\\/\\\/diariotextual.com\\\/inicio\\\/#organization\"},\"potentialAction\":[{\"@type\":\"SearchAction\",\"target\":{\"@type\":\"EntryPoint\",\"urlTemplate\":\"https:\\\/\\\/diariotextual.com\\\/inicio\\\/?s={search_term_string}\"},\"query-input\":{\"@type\":\"PropertyValueSpecification\",\"valueRequired\":true,\"valueName\":\"search_term_string\"}}],\"inLanguage\":\"es\"},{\"@type\":\"Organization\",\"@id\":\"https:\\\/\\\/diariotextual.com\\\/inicio\\\/#organization\",\"name\":\"Diario Textual\",\"url\":\"https:\\\/\\\/diariotextual.com\\\/inicio\\\/\",\"logo\":{\"@type\":\"ImageObject\",\"inLanguage\":\"es\",\"@id\":\"https:\\\/\\\/diariotextual.com\\\/inicio\\\/#\\\/schema\\\/logo\\\/image\\\/\",\"url\":\"https:\\\/\\\/diariotextual.com\\\/inicio\\\/wp-content\\\/uploads\\\/2023\\\/05\\\/logotextual1.jpg\",\"contentUrl\":\"https:\\\/\\\/diariotextual.com\\\/inicio\\\/wp-content\\\/uploads\\\/2023\\\/05\\\/logotextual1.jpg\",\"width\":516,\"height\":76,\"caption\":\"Diario Textual\"},\"image\":{\"@id\":\"https:\\\/\\\/diariotextual.com\\\/inicio\\\/#\\\/schema\\\/logo\\\/image\\\/\"},\"sameAs\":[\"https:\\\/\\\/www.facebook.com\\\/eltextual\",\"https:\\\/\\\/x.com\\\/eltextual\",\"http:\\\/\\\/www.instagram.com\\\/eltextual\"]},{\"@type\":\"Person\",\"@id\":\"https:\\\/\\\/diariotextual.com\\\/inicio\\\/#\\\/schema\\\/person\\\/418fc4093c33e86ed41562db3508f958\",\"name\":\"Diario1 Diario1\",\"image\":{\"@type\":\"ImageObject\",\"inLanguage\":\"es\",\"@id\":\"https:\\\/\\\/secure.gravatar.com\\\/avatar\\\/9167d280179c85bc18be67aa7eda765854300033af4896dd779b608640f2ef7a?s=96&d=mm&r=g\",\"url\":\"https:\\\/\\\/secure.gravatar.com\\\/avatar\\\/9167d280179c85bc18be67aa7eda765854300033af4896dd779b608640f2ef7a?s=96&d=mm&r=g\",\"contentUrl\":\"https:\\\/\\\/secure.gravatar.com\\\/avatar\\\/9167d280179c85bc18be67aa7eda765854300033af4896dd779b608640f2ef7a?s=96&d=mm&r=g\",\"caption\":\"Diario1 Diario1\"},\"url\":\"https:\\\/\\\/diariotextual.com\\\/inicio\\\/index.php\\\/author\\\/diario1\\\/\"}]}<\/script>\n<!-- \/ Yoast SEO plugin. -->","yoast_head_json":{"title":"Condenado a 13 a\u00f1os: le regalaba chocolates y violaba a una nena - Diario Textual","robots":{"index":"index","follow":"follow","max-snippet":"max-snippet:-1","max-image-preview":"max-image-preview:large","max-video-preview":"max-video-preview:-1"},"canonical":"https:\/\/diariotextual.com\/inicio\/index.php\/2019\/06\/24\/condenado-13-anos-le-regalaba-chocolates-violaba-una-nena\/","og_locale":"es_ES","og_type":"article","og_title":"Condenado a 13 a\u00f1os: le regalaba chocolates y violaba a una nena - Diario Textual","og_description":"El juez de audiencia de Santa Rosa, Gast\u00f3n Boulenaz, conden\u00f3 hoy a un empleado de una empresa de alimentos a 13 a\u00f1os de prisi\u00f3n por haber violado, en reiteradas oportunidades,&hellip;","og_url":"https:\/\/diariotextual.com\/inicio\/index.php\/2019\/06\/24\/condenado-13-anos-le-regalaba-chocolates-violaba-una-nena\/","og_site_name":"Diario Textual","article_publisher":"https:\/\/www.facebook.com\/eltextual","article_published_time":"2019-06-24T16:42:59+00:00","article_modified_time":"2019-06-24T17:18:42+00:00","og_image":[{"width":690,"height":450,"url":"https:\/\/diariotextual.com\/inicio\/wp-content\/uploads\/2018\/08\/abusosni\u00f1ez2222.jpg","type":"image\/jpeg"}],"author":"Diario1 Diario1","twitter_card":"summary_large_image","twitter_creator":"@eltextual","twitter_site":"@eltextual","twitter_misc":{"Escrito por":"Diario1 Diario1","Tiempo de lectura":"3 minutos"},"schema":{"@context":"https:\/\/schema.org","@graph":[{"@type":"Article","@id":"https:\/\/diariotextual.com\/inicio\/index.php\/2019\/06\/24\/condenado-13-anos-le-regalaba-chocolates-violaba-una-nena\/#article","isPartOf":{"@id":"https:\/\/diariotextual.com\/inicio\/index.php\/2019\/06\/24\/condenado-13-anos-le-regalaba-chocolates-violaba-una-nena\/"},"author":{"name":"Diario1 Diario1","@id":"https:\/\/diariotextual.com\/inicio\/#\/schema\/person\/418fc4093c33e86ed41562db3508f958"},"headline":"Condenado a 13 a\u00f1os: le regalaba chocolates y violaba a una nena","datePublished":"2019-06-24T16:42:59+00:00","dateModified":"2019-06-24T17:18:42+00:00","mainEntityOfPage":{"@id":"https:\/\/diariotextual.com\/inicio\/index.php\/2019\/06\/24\/condenado-13-anos-le-regalaba-chocolates-violaba-una-nena\/"},"wordCount":604,"publisher":{"@id":"https:\/\/diariotextual.com\/inicio\/#organization"},"image":{"@id":"https:\/\/diariotextual.com\/inicio\/index.php\/2019\/06\/24\/condenado-13-anos-le-regalaba-chocolates-violaba-una-nena\/#primaryimage"},"thumbnailUrl":"https:\/\/diariotextual.com\/inicio\/wp-content\/uploads\/2018\/08\/abusosni\u00f1ez2222.jpg","articleSection":["A - QUE PASA (al costado)","A - TEMPORALES","SOCIEDAD"],"inLanguage":"es"},{"@type":"WebPage","@id":"https:\/\/diariotextual.com\/inicio\/index.php\/2019\/06\/24\/condenado-13-anos-le-regalaba-chocolates-violaba-una-nena\/","url":"https:\/\/diariotextual.com\/inicio\/index.php\/2019\/06\/24\/condenado-13-anos-le-regalaba-chocolates-violaba-una-nena\/","name":"Condenado a 13 a\u00f1os: le regalaba chocolates y violaba a una nena - Diario Textual","isPartOf":{"@id":"https:\/\/diariotextual.com\/inicio\/#website"},"primaryImageOfPage":{"@id":"https:\/\/diariotextual.com\/inicio\/index.php\/2019\/06\/24\/condenado-13-anos-le-regalaba-chocolates-violaba-una-nena\/#primaryimage"},"image":{"@id":"https:\/\/diariotextual.com\/inicio\/index.php\/2019\/06\/24\/condenado-13-anos-le-regalaba-chocolates-violaba-una-nena\/#primaryimage"},"thumbnailUrl":"https:\/\/diariotextual.com\/inicio\/wp-content\/uploads\/2018\/08\/abusosni\u00f1ez2222.jpg","datePublished":"2019-06-24T16:42:59+00:00","dateModified":"2019-06-24T17:18:42+00:00","breadcrumb":{"@id":"https:\/\/diariotextual.com\/inicio\/index.php\/2019\/06\/24\/condenado-13-anos-le-regalaba-chocolates-violaba-una-nena\/#breadcrumb"},"inLanguage":"es","potentialAction":[{"@type":"ReadAction","target":["https:\/\/diariotextual.com\/inicio\/index.php\/2019\/06\/24\/condenado-13-anos-le-regalaba-chocolates-violaba-una-nena\/"]}]},{"@type":"ImageObject","inLanguage":"es","@id":"https:\/\/diariotextual.com\/inicio\/index.php\/2019\/06\/24\/condenado-13-anos-le-regalaba-chocolates-violaba-una-nena\/#primaryimage","url":"https:\/\/diariotextual.com\/inicio\/wp-content\/uploads\/2018\/08\/abusosni\u00f1ez2222.jpg","contentUrl":"https:\/\/diariotextual.com\/inicio\/wp-content\/uploads\/2018\/08\/abusosni\u00f1ez2222.jpg","width":690,"height":450},{"@type":"BreadcrumbList","@id":"https:\/\/diariotextual.com\/inicio\/index.php\/2019\/06\/24\/condenado-13-anos-le-regalaba-chocolates-violaba-una-nena\/#breadcrumb","itemListElement":[{"@type":"ListItem","position":1,"name":"Portada","item":"https:\/\/diariotextual.com\/inicio\/"},{"@type":"ListItem","position":2,"name":"Condenado a 13 a\u00f1os: le regalaba chocolates y violaba a una nena"}]},{"@type":"WebSite","@id":"https:\/\/diariotextual.com\/inicio\/#website","url":"https:\/\/diariotextual.com\/inicio\/","name":"Diario Textual","description":"","publisher":{"@id":"https:\/\/diariotextual.com\/inicio\/#organization"},"potentialAction":[{"@type":"SearchAction","target":{"@type":"EntryPoint","urlTemplate":"https:\/\/diariotextual.com\/inicio\/?s={search_term_string}"},"query-input":{"@type":"PropertyValueSpecification","valueRequired":true,"valueName":"search_term_string"}}],"inLanguage":"es"},{"@type":"Organization","@id":"https:\/\/diariotextual.com\/inicio\/#organization","name":"Diario Textual","url":"https:\/\/diariotextual.com\/inicio\/","logo":{"@type":"ImageObject","inLanguage":"es","@id":"https:\/\/diariotextual.com\/inicio\/#\/schema\/logo\/image\/","url":"https:\/\/diariotextual.com\/inicio\/wp-content\/uploads\/2023\/05\/logotextual1.jpg","contentUrl":"https:\/\/diariotextual.com\/inicio\/wp-content\/uploads\/2023\/05\/logotextual1.jpg","width":516,"height":76,"caption":"Diario Textual"},"image":{"@id":"https:\/\/diariotextual.com\/inicio\/#\/schema\/logo\/image\/"},"sameAs":["https:\/\/www.facebook.com\/eltextual","https:\/\/x.com\/eltextual","http:\/\/www.instagram.com\/eltextual"]},{"@type":"Person","@id":"https:\/\/diariotextual.com\/inicio\/#\/schema\/person\/418fc4093c33e86ed41562db3508f958","name":"Diario1 Diario1","image":{"@type":"ImageObject","inLanguage":"es","@id":"https:\/\/secure.gravatar.com\/avatar\/9167d280179c85bc18be67aa7eda765854300033af4896dd779b608640f2ef7a?s=96&d=mm&r=g","url":"https:\/\/secure.gravatar.com\/avatar\/9167d280179c85bc18be67aa7eda765854300033af4896dd779b608640f2ef7a?s=96&d=mm&r=g","contentUrl":"https:\/\/secure.gravatar.com\/avatar\/9167d280179c85bc18be67aa7eda765854300033af4896dd779b608640f2ef7a?s=96&d=mm&r=g","caption":"Diario1 Diario1"},"url":"https:\/\/diariotextual.com\/inicio\/index.php\/author\/diario1\/"}]}},"_links":{"self":[{"href":"https:\/\/diariotextual.com\/inicio\/index.php\/wp-json\/wp\/v2\/posts\/53456","targetHints":{"allow":["GET"]}}],"collection":[{"href":"https:\/\/diariotextual.com\/inicio\/index.php\/wp-json\/wp\/v2\/posts"}],"about":[{"href":"https:\/\/diariotextual.com\/inicio\/index.php\/wp-json\/wp\/v2\/types\/post"}],"author":[{"embeddable":true,"href":"https:\/\/diariotextual.com\/inicio\/index.php\/wp-json\/wp\/v2\/users\/3"}],"replies":[{"embeddable":true,"href":"https:\/\/diariotextual.com\/inicio\/index.php\/wp-json\/wp\/v2\/comments?post=53456"}],"version-history":[{"count":4,"href":"https:\/\/diariotextual.com\/inicio\/index.php\/wp-json\/wp\/v2\/posts\/53456\/revisions"}],"predecessor-version":[{"id":53470,"href":"https:\/\/diariotextual.com\/inicio\/index.php\/wp-json\/wp\/v2\/posts\/53456\/revisions\/53470"}],"wp:featuredmedia":[{"embeddable":true,"href":"https:\/\/diariotextual.com\/inicio\/index.php\/wp-json\/wp\/v2\/media\/15842"}],"wp:attachment":[{"href":"https:\/\/diariotextual.com\/inicio\/index.php\/wp-json\/wp\/v2\/media?parent=53456"}],"wp:term":[{"taxonomy":"category","embeddable":true,"href":"https:\/\/diariotextual.com\/inicio\/index.php\/wp-json\/wp\/v2\/categories?post=53456"},{"taxonomy":"post_tag","embeddable":true,"href":"https:\/\/diariotextual.com\/inicio\/index.php\/wp-json\/wp\/v2\/tags?post=53456"}],"curies":[{"name":"wp","href":"https:\/\/api.w.org\/{rel}","templated":true}]}}