{"id":53460,"date":"2019-06-24T13:53:10","date_gmt":"2019-06-24T16:53:10","guid":{"rendered":"http:\/\/diariotextual.com\/inicio\/?p=53460"},"modified":"2019-06-24T13:53:10","modified_gmt":"2019-06-24T16:53:10","slug":"militar-violo-santa-rosa-cunada-6-anos-prision","status":"publish","type":"post","link":"https:\/\/diariotextual.com\/inicio\/index.php\/2019\/06\/24\/militar-violo-santa-rosa-cunada-6-anos-prision\/","title":{"rendered":"Un militar viol\u00f3 en Santa Rosa a su cu\u00f1ada: 6 a\u00f1os de prisi\u00f3n"},"content":{"rendered":"<p>El juez de audiencia santarrose\u00f1o <strong>Carlos Alberto Besi<\/strong> conden\u00f3 hoy a <strong>un militar de 27 a\u00f1os a seis a\u00f1os de prisi\u00f3n<\/strong> como autor material y penalmente responsable del delito de abuso sexual con acceso carnal \u2013un hecho\u2013, en el marco de la ley 26.485 de Protecci\u00f3n Integral a las Mujeres. <strong>La v\u00edctima fue su cu\u00f1ada<\/strong>.<\/p>\n<blockquote class=\"wp-embedded-content\" data-secret=\"VZ34KM6Dtm\"><p><a href=\"http:\/\/diariotextual.com\/inicio\/index.php\/2019\/06\/24\/condenado-13-anos-le-regalaba-chocolates-violaba-una-nena\/\">Condenado a 13 a\u00f1os: le regalaba chocolates y violaba a una nena<\/a><\/p><\/blockquote>\n<p><iframe class=\"wp-embedded-content\" sandbox=\"allow-scripts\" security=\"restricted\" style=\"position: absolute; clip: rect(1px, 1px, 1px, 1px);\" src=\"http:\/\/diariotextual.com\/inicio\/index.php\/2019\/06\/24\/condenado-13-anos-le-regalaba-chocolates-violaba-una-nena\/embed\/#?secret=VZ34KM6Dtm\" data-secret=\"VZ34KM6Dtm\" width=\"600\" height=\"338\" title=\"&#171;Condenado a 13 a\u00f1os: le regalaba chocolates y violaba a una nena&#187; &#8212; Diario Textual\" frameborder=\"0\" marginwidth=\"0\" marginheight=\"0\" scrolling=\"no\"><\/iframe><\/p>\n<p>Con las pruebas reunidas durante el juicio, denuncia, declaraciones, testimoniales e informes, <strong>Besi determin\u00f3 que en junio o julio de 2016, cuando la v\u00edctima de 15 a\u00f1os se encontraba en la casa de su hermana, cuidando a un sobrino, se hizo presente el acusado \u2013pareja de la hermana y padre del ni\u00f1o\u2013 y por la fuerza la oblig\u00f3 a mantener relaciones sexuales<\/strong>.<\/p>\n<p>El magistrado dispuso, adem\u00e1s, que se mantenga la restricci\u00f3n absoluta de acercamiento y de cualquier tipo de contacto y por cualquier medio para con la v\u00edctima, hasta la finalizaci\u00f3n de proceso, y que se proceda a su inmediata detenci\u00f3n una vez que el fallo quede firme.<\/p>\n<p>Besi fij\u00f3 la pena en seis a\u00f1os porque evalu\u00f3 como agravantes \u201cel da\u00f1o causado a la menor y su extensi\u00f3n, ya que el estado de angustia que sufri\u00f3 qued\u00f3 reflejado en los informes que los profesionales intervinientes presentaron oportunamente\u201d.<\/p>\n<p>Tambi\u00e9n hizo hincapi\u00e9 en los informes psicol\u00f3gicos y psicosocial de la Oficina de Atenci\u00f3n a la V\u00edctima y a los Testigos se\u00f1alando el \u201cgrado de vulnerabilidad en que la v\u00edctima se encontraba y a\u00fan se encuentra\u201d.<\/p>\n<p>A su vez remarc\u00f3 que, si bien la defensa hab\u00eda solicitado que la menor comparezca en la audiencia, la Direcci\u00f3n de Prevenci\u00f3n y Asistencia de la Violencia Familiar no lo consider\u00f3 conveniente.<\/p>\n<p>M\u00e1s adelante, el magistrado, siempre refiri\u00e9ndose a los agravantes, subray\u00f3 \u201clas circunstancias, la modalidad y la ocasi\u00f3n en que se ejecut\u00f3 el hecho, aprovech\u00f3 (el imputado) el momento en que la v\u00edctima se hallaba sola en la vivienda \u2013m\u00e1s all\u00e1 de que estaba al cuidado del beb\u00e9 del acusado\u2013, pues las hermanas y la madre hab\u00edan asistido a la iglesia\u201d.<\/p>\n<p>Solamente consider\u00f3 a favor del reo, su falta de antecedentes penales, que mantiene una actividad laboral y su colaboraci\u00f3n durante el proceso.<\/p>\n<p>El fiscal Andr\u00e9s Torino hab\u00eda requerido una pena de nueve a\u00f1os por abuso sexual con acceso carnal, destacando que el agresor lo hizo en la clandestinidad, \u201caprovechando la situaci\u00f3n de confianza por ser su cu\u00f1ado\u201d.<\/p>\n<p>Por su lado, el defensor particular, Gast\u00f3n G\u00f3mez, plante\u00f3 la absoluci\u00f3n del militar por entender que no pudo probarse la teor\u00eda del caso del Ministerio P\u00fablico Fiscal. Sostuvo que la denuncia fue realizada por la madre de la menor, a su vez tambi\u00e9n mam\u00e1 de la concubina del imputado, porque hab\u00eda cuestiones intrafamiliares de por medio.<\/p>\n<p>&nbsp;<\/p>\n","protected":false},"excerpt":{"rendered":"<p>El juez de audiencia santarrose\u00f1o Carlos Alberto Besi conden\u00f3 hoy a un militar de 27 a\u00f1os a seis a\u00f1os de prisi\u00f3n como autor material y penalmente responsable del delito de&hellip;<\/p>\n","protected":false},"author":3,"featured_media":1038,"comment_status":"closed","ping_status":"open","sticky":false,"template":"","format":"standard","meta":{"_acf_changed":false,"footnotes":""},"categories":[11,12],"tags":[],"class_list":["post-53460","post","type-post","status-publish","format-standard","has-post-thumbnail","hentry","category-que-pasa","category-sociedad"],"acf":[],"yoast_head":"<!-- This site is optimized with the Yoast SEO plugin v27.5 - https:\/\/yoast.com\/product\/yoast-seo-wordpress\/ -->\n<title>Un militar viol\u00f3 en Santa Rosa a su cu\u00f1ada: 6 a\u00f1os de prisi\u00f3n - Diario Textual<\/title>\n<meta name=\"robots\" content=\"index, follow, max-snippet:-1, max-image-preview:large, max-video-preview:-1\" \/>\n<link rel=\"canonical\" href=\"https:\/\/diariotextual.com\/inicio\/index.php\/2019\/06\/24\/militar-violo-santa-rosa-cunada-6-anos-prision\/\" \/>\n<meta property=\"og:locale\" content=\"es_ES\" \/>\n<meta property=\"og:type\" content=\"article\" \/>\n<meta property=\"og:title\" content=\"Un militar viol\u00f3 en Santa Rosa a su cu\u00f1ada: 6 a\u00f1os de prisi\u00f3n - Diario Textual\" \/>\n<meta property=\"og:description\" content=\"El juez de audiencia santarrose\u00f1o Carlos Alberto Besi conden\u00f3 hoy a un militar de 27 a\u00f1os a seis a\u00f1os de prisi\u00f3n como autor material y penalmente responsable del delito de&hellip;\" \/>\n<meta property=\"og:url\" content=\"https:\/\/diariotextual.com\/inicio\/index.php\/2019\/06\/24\/militar-violo-santa-rosa-cunada-6-anos-prision\/\" \/>\n<meta property=\"og:site_name\" content=\"Diario Textual\" \/>\n<meta property=\"article:publisher\" content=\"https:\/\/www.facebook.com\/eltextual\" \/>\n<meta property=\"article:published_time\" content=\"2019-06-24T16:53:10+00:00\" \/>\n<meta property=\"og:image\" content=\"https:\/\/diariotextual.com\/inicio\/wp-content\/uploads\/2018\/03\/niunamenostelam81.jpg\" \/>\n\t<meta property=\"og:image:width\" content=\"643\" \/>\n\t<meta property=\"og:image:height\" content=\"400\" \/>\n\t<meta property=\"og:image:type\" content=\"image\/jpeg\" \/>\n<meta name=\"author\" content=\"Diario1 Diario1\" \/>\n<meta name=\"twitter:card\" content=\"summary_large_image\" \/>\n<meta name=\"twitter:creator\" content=\"@eltextual\" \/>\n<meta name=\"twitter:site\" content=\"@eltextual\" \/>\n<meta name=\"twitter:label1\" content=\"Escrito por\" \/>\n\t<meta name=\"twitter:data1\" content=\"Diario1 Diario1\" \/>\n\t<meta name=\"twitter:label2\" content=\"Tiempo de lectura\" \/>\n\t<meta name=\"twitter:data2\" content=\"2 minutos\" \/>\n<script type=\"application\/ld+json\" class=\"yoast-schema-graph\">{\"@context\":\"https:\\\/\\\/schema.org\",\"@graph\":[{\"@type\":\"Article\",\"@id\":\"https:\\\/\\\/diariotextual.com\\\/inicio\\\/index.php\\\/2019\\\/06\\\/24\\\/militar-violo-santa-rosa-cunada-6-anos-prision\\\/#article\",\"isPartOf\":{\"@id\":\"https:\\\/\\\/diariotextual.com\\\/inicio\\\/index.php\\\/2019\\\/06\\\/24\\\/militar-violo-santa-rosa-cunada-6-anos-prision\\\/\"},\"author\":{\"name\":\"Diario1 Diario1\",\"@id\":\"https:\\\/\\\/diariotextual.com\\\/inicio\\\/#\\\/schema\\\/person\\\/418fc4093c33e86ed41562db3508f958\"},\"headline\":\"Un militar viol\u00f3 en Santa Rosa a su cu\u00f1ada: 6 a\u00f1os de prisi\u00f3n\",\"datePublished\":\"2019-06-24T16:53:10+00:00\",\"mainEntityOfPage\":{\"@id\":\"https:\\\/\\\/diariotextual.com\\\/inicio\\\/index.php\\\/2019\\\/06\\\/24\\\/militar-violo-santa-rosa-cunada-6-anos-prision\\\/\"},\"wordCount\":510,\"publisher\":{\"@id\":\"https:\\\/\\\/diariotextual.com\\\/inicio\\\/#organization\"},\"image\":{\"@id\":\"https:\\\/\\\/diariotextual.com\\\/inicio\\\/index.php\\\/2019\\\/06\\\/24\\\/militar-violo-santa-rosa-cunada-6-anos-prision\\\/#primaryimage\"},\"thumbnailUrl\":\"https:\\\/\\\/diariotextual.com\\\/inicio\\\/wp-content\\\/uploads\\\/2018\\\/03\\\/niunamenostelam81.jpg\",\"articleSection\":[\"A - QUE PASA (al costado)\",\"SOCIEDAD\"],\"inLanguage\":\"es\"},{\"@type\":\"WebPage\",\"@id\":\"https:\\\/\\\/diariotextual.com\\\/inicio\\\/index.php\\\/2019\\\/06\\\/24\\\/militar-violo-santa-rosa-cunada-6-anos-prision\\\/\",\"url\":\"https:\\\/\\\/diariotextual.com\\\/inicio\\\/index.php\\\/2019\\\/06\\\/24\\\/militar-violo-santa-rosa-cunada-6-anos-prision\\\/\",\"name\":\"Un militar viol\u00f3 en Santa Rosa a su cu\u00f1ada: 6 a\u00f1os de prisi\u00f3n - Diario Textual\",\"isPartOf\":{\"@id\":\"https:\\\/\\\/diariotextual.com\\\/inicio\\\/#website\"},\"primaryImageOfPage\":{\"@id\":\"https:\\\/\\\/diariotextual.com\\\/inicio\\\/index.php\\\/2019\\\/06\\\/24\\\/militar-violo-santa-rosa-cunada-6-anos-prision\\\/#primaryimage\"},\"image\":{\"@id\":\"https:\\\/\\\/diariotextual.com\\\/inicio\\\/index.php\\\/2019\\\/06\\\/24\\\/militar-violo-santa-rosa-cunada-6-anos-prision\\\/#primaryimage\"},\"thumbnailUrl\":\"https:\\\/\\\/diariotextual.com\\\/inicio\\\/wp-content\\\/uploads\\\/2018\\\/03\\\/niunamenostelam81.jpg\",\"datePublished\":\"2019-06-24T16:53:10+00:00\",\"breadcrumb\":{\"@id\":\"https:\\\/\\\/diariotextual.com\\\/inicio\\\/index.php\\\/2019\\\/06\\\/24\\\/militar-violo-santa-rosa-cunada-6-anos-prision\\\/#breadcrumb\"},\"inLanguage\":\"es\",\"potentialAction\":[{\"@type\":\"ReadAction\",\"target\":[\"https:\\\/\\\/diariotextual.com\\\/inicio\\\/index.php\\\/2019\\\/06\\\/24\\\/militar-violo-santa-rosa-cunada-6-anos-prision\\\/\"]}]},{\"@type\":\"ImageObject\",\"inLanguage\":\"es\",\"@id\":\"https:\\\/\\\/diariotextual.com\\\/inicio\\\/index.php\\\/2019\\\/06\\\/24\\\/militar-violo-santa-rosa-cunada-6-anos-prision\\\/#primaryimage\",\"url\":\"https:\\\/\\\/diariotextual.com\\\/inicio\\\/wp-content\\\/uploads\\\/2018\\\/03\\\/niunamenostelam81.jpg\",\"contentUrl\":\"https:\\\/\\\/diariotextual.com\\\/inicio\\\/wp-content\\\/uploads\\\/2018\\\/03\\\/niunamenostelam81.jpg\",\"width\":643,\"height\":400},{\"@type\":\"BreadcrumbList\",\"@id\":\"https:\\\/\\\/diariotextual.com\\\/inicio\\\/index.php\\\/2019\\\/06\\\/24\\\/militar-violo-santa-rosa-cunada-6-anos-prision\\\/#breadcrumb\",\"itemListElement\":[{\"@type\":\"ListItem\",\"position\":1,\"name\":\"Portada\",\"item\":\"https:\\\/\\\/diariotextual.com\\\/inicio\\\/\"},{\"@type\":\"ListItem\",\"position\":2,\"name\":\"Un militar viol\u00f3 en Santa Rosa a su cu\u00f1ada: 6 a\u00f1os de prisi\u00f3n\"}]},{\"@type\":\"WebSite\",\"@id\":\"https:\\\/\\\/diariotextual.com\\\/inicio\\\/#website\",\"url\":\"https:\\\/\\\/diariotextual.com\\\/inicio\\\/\",\"name\":\"Diario Textual\",\"description\":\"\",\"publisher\":{\"@id\":\"https:\\\/\\\/diariotextual.com\\\/inicio\\\/#organization\"},\"potentialAction\":[{\"@type\":\"SearchAction\",\"target\":{\"@type\":\"EntryPoint\",\"urlTemplate\":\"https:\\\/\\\/diariotextual.com\\\/inicio\\\/?s={search_term_string}\"},\"query-input\":{\"@type\":\"PropertyValueSpecification\",\"valueRequired\":true,\"valueName\":\"search_term_string\"}}],\"inLanguage\":\"es\"},{\"@type\":\"Organization\",\"@id\":\"https:\\\/\\\/diariotextual.com\\\/inicio\\\/#organization\",\"name\":\"Diario Textual\",\"url\":\"https:\\\/\\\/diariotextual.com\\\/inicio\\\/\",\"logo\":{\"@type\":\"ImageObject\",\"inLanguage\":\"es\",\"@id\":\"https:\\\/\\\/diariotextual.com\\\/inicio\\\/#\\\/schema\\\/logo\\\/image\\\/\",\"url\":\"https:\\\/\\\/diariotextual.com\\\/inicio\\\/wp-content\\\/uploads\\\/2023\\\/05\\\/logotextual1.jpg\",\"contentUrl\":\"https:\\\/\\\/diariotextual.com\\\/inicio\\\/wp-content\\\/uploads\\\/2023\\\/05\\\/logotextual1.jpg\",\"width\":516,\"height\":76,\"caption\":\"Diario Textual\"},\"image\":{\"@id\":\"https:\\\/\\\/diariotextual.com\\\/inicio\\\/#\\\/schema\\\/logo\\\/image\\\/\"},\"sameAs\":[\"https:\\\/\\\/www.facebook.com\\\/eltextual\",\"https:\\\/\\\/x.com\\\/eltextual\",\"http:\\\/\\\/www.instagram.com\\\/eltextual\"]},{\"@type\":\"Person\",\"@id\":\"https:\\\/\\\/diariotextual.com\\\/inicio\\\/#\\\/schema\\\/person\\\/418fc4093c33e86ed41562db3508f958\",\"name\":\"Diario1 Diario1\",\"image\":{\"@type\":\"ImageObject\",\"inLanguage\":\"es\",\"@id\":\"https:\\\/\\\/secure.gravatar.com\\\/avatar\\\/9167d280179c85bc18be67aa7eda765854300033af4896dd779b608640f2ef7a?s=96&d=mm&r=g\",\"url\":\"https:\\\/\\\/secure.gravatar.com\\\/avatar\\\/9167d280179c85bc18be67aa7eda765854300033af4896dd779b608640f2ef7a?s=96&d=mm&r=g\",\"contentUrl\":\"https:\\\/\\\/secure.gravatar.com\\\/avatar\\\/9167d280179c85bc18be67aa7eda765854300033af4896dd779b608640f2ef7a?s=96&d=mm&r=g\",\"caption\":\"Diario1 Diario1\"},\"url\":\"https:\\\/\\\/diariotextual.com\\\/inicio\\\/index.php\\\/author\\\/diario1\\\/\"}]}<\/script>\n<!-- \/ Yoast SEO plugin. -->","yoast_head_json":{"title":"Un militar viol\u00f3 en Santa Rosa a su cu\u00f1ada: 6 a\u00f1os de prisi\u00f3n - Diario Textual","robots":{"index":"index","follow":"follow","max-snippet":"max-snippet:-1","max-image-preview":"max-image-preview:large","max-video-preview":"max-video-preview:-1"},"canonical":"https:\/\/diariotextual.com\/inicio\/index.php\/2019\/06\/24\/militar-violo-santa-rosa-cunada-6-anos-prision\/","og_locale":"es_ES","og_type":"article","og_title":"Un militar viol\u00f3 en Santa Rosa a su cu\u00f1ada: 6 a\u00f1os de prisi\u00f3n - Diario Textual","og_description":"El juez de audiencia santarrose\u00f1o Carlos Alberto Besi conden\u00f3 hoy a un militar de 27 a\u00f1os a seis a\u00f1os de prisi\u00f3n como autor material y penalmente responsable del delito de&hellip;","og_url":"https:\/\/diariotextual.com\/inicio\/index.php\/2019\/06\/24\/militar-violo-santa-rosa-cunada-6-anos-prision\/","og_site_name":"Diario Textual","article_publisher":"https:\/\/www.facebook.com\/eltextual","article_published_time":"2019-06-24T16:53:10+00:00","og_image":[{"width":643,"height":400,"url":"https:\/\/diariotextual.com\/inicio\/wp-content\/uploads\/2018\/03\/niunamenostelam81.jpg","type":"image\/jpeg"}],"author":"Diario1 Diario1","twitter_card":"summary_large_image","twitter_creator":"@eltextual","twitter_site":"@eltextual","twitter_misc":{"Escrito por":"Diario1 Diario1","Tiempo de lectura":"2 minutos"},"schema":{"@context":"https:\/\/schema.org","@graph":[{"@type":"Article","@id":"https:\/\/diariotextual.com\/inicio\/index.php\/2019\/06\/24\/militar-violo-santa-rosa-cunada-6-anos-prision\/#article","isPartOf":{"@id":"https:\/\/diariotextual.com\/inicio\/index.php\/2019\/06\/24\/militar-violo-santa-rosa-cunada-6-anos-prision\/"},"author":{"name":"Diario1 Diario1","@id":"https:\/\/diariotextual.com\/inicio\/#\/schema\/person\/418fc4093c33e86ed41562db3508f958"},"headline":"Un militar viol\u00f3 en Santa Rosa a su cu\u00f1ada: 6 a\u00f1os de prisi\u00f3n","datePublished":"2019-06-24T16:53:10+00:00","mainEntityOfPage":{"@id":"https:\/\/diariotextual.com\/inicio\/index.php\/2019\/06\/24\/militar-violo-santa-rosa-cunada-6-anos-prision\/"},"wordCount":510,"publisher":{"@id":"https:\/\/diariotextual.com\/inicio\/#organization"},"image":{"@id":"https:\/\/diariotextual.com\/inicio\/index.php\/2019\/06\/24\/militar-violo-santa-rosa-cunada-6-anos-prision\/#primaryimage"},"thumbnailUrl":"https:\/\/diariotextual.com\/inicio\/wp-content\/uploads\/2018\/03\/niunamenostelam81.jpg","articleSection":["A - QUE PASA (al costado)","SOCIEDAD"],"inLanguage":"es"},{"@type":"WebPage","@id":"https:\/\/diariotextual.com\/inicio\/index.php\/2019\/06\/24\/militar-violo-santa-rosa-cunada-6-anos-prision\/","url":"https:\/\/diariotextual.com\/inicio\/index.php\/2019\/06\/24\/militar-violo-santa-rosa-cunada-6-anos-prision\/","name":"Un militar viol\u00f3 en Santa Rosa a su cu\u00f1ada: 6 a\u00f1os de prisi\u00f3n - Diario Textual","isPartOf":{"@id":"https:\/\/diariotextual.com\/inicio\/#website"},"primaryImageOfPage":{"@id":"https:\/\/diariotextual.com\/inicio\/index.php\/2019\/06\/24\/militar-violo-santa-rosa-cunada-6-anos-prision\/#primaryimage"},"image":{"@id":"https:\/\/diariotextual.com\/inicio\/index.php\/2019\/06\/24\/militar-violo-santa-rosa-cunada-6-anos-prision\/#primaryimage"},"thumbnailUrl":"https:\/\/diariotextual.com\/inicio\/wp-content\/uploads\/2018\/03\/niunamenostelam81.jpg","datePublished":"2019-06-24T16:53:10+00:00","breadcrumb":{"@id":"https:\/\/diariotextual.com\/inicio\/index.php\/2019\/06\/24\/militar-violo-santa-rosa-cunada-6-anos-prision\/#breadcrumb"},"inLanguage":"es","potentialAction":[{"@type":"ReadAction","target":["https:\/\/diariotextual.com\/inicio\/index.php\/2019\/06\/24\/militar-violo-santa-rosa-cunada-6-anos-prision\/"]}]},{"@type":"ImageObject","inLanguage":"es","@id":"https:\/\/diariotextual.com\/inicio\/index.php\/2019\/06\/24\/militar-violo-santa-rosa-cunada-6-anos-prision\/#primaryimage","url":"https:\/\/diariotextual.com\/inicio\/wp-content\/uploads\/2018\/03\/niunamenostelam81.jpg","contentUrl":"https:\/\/diariotextual.com\/inicio\/wp-content\/uploads\/2018\/03\/niunamenostelam81.jpg","width":643,"height":400},{"@type":"BreadcrumbList","@id":"https:\/\/diariotextual.com\/inicio\/index.php\/2019\/06\/24\/militar-violo-santa-rosa-cunada-6-anos-prision\/#breadcrumb","itemListElement":[{"@type":"ListItem","position":1,"name":"Portada","item":"https:\/\/diariotextual.com\/inicio\/"},{"@type":"ListItem","position":2,"name":"Un militar viol\u00f3 en Santa Rosa a su cu\u00f1ada: 6 a\u00f1os de prisi\u00f3n"}]},{"@type":"WebSite","@id":"https:\/\/diariotextual.com\/inicio\/#website","url":"https:\/\/diariotextual.com\/inicio\/","name":"Diario Textual","description":"","publisher":{"@id":"https:\/\/diariotextual.com\/inicio\/#organization"},"potentialAction":[{"@type":"SearchAction","target":{"@type":"EntryPoint","urlTemplate":"https:\/\/diariotextual.com\/inicio\/?s={search_term_string}"},"query-input":{"@type":"PropertyValueSpecification","valueRequired":true,"valueName":"search_term_string"}}],"inLanguage":"es"},{"@type":"Organization","@id":"https:\/\/diariotextual.com\/inicio\/#organization","name":"Diario Textual","url":"https:\/\/diariotextual.com\/inicio\/","logo":{"@type":"ImageObject","inLanguage":"es","@id":"https:\/\/diariotextual.com\/inicio\/#\/schema\/logo\/image\/","url":"https:\/\/diariotextual.com\/inicio\/wp-content\/uploads\/2023\/05\/logotextual1.jpg","contentUrl":"https:\/\/diariotextual.com\/inicio\/wp-content\/uploads\/2023\/05\/logotextual1.jpg","width":516,"height":76,"caption":"Diario Textual"},"image":{"@id":"https:\/\/diariotextual.com\/inicio\/#\/schema\/logo\/image\/"},"sameAs":["https:\/\/www.facebook.com\/eltextual","https:\/\/x.com\/eltextual","http:\/\/www.instagram.com\/eltextual"]},{"@type":"Person","@id":"https:\/\/diariotextual.com\/inicio\/#\/schema\/person\/418fc4093c33e86ed41562db3508f958","name":"Diario1 Diario1","image":{"@type":"ImageObject","inLanguage":"es","@id":"https:\/\/secure.gravatar.com\/avatar\/9167d280179c85bc18be67aa7eda765854300033af4896dd779b608640f2ef7a?s=96&d=mm&r=g","url":"https:\/\/secure.gravatar.com\/avatar\/9167d280179c85bc18be67aa7eda765854300033af4896dd779b608640f2ef7a?s=96&d=mm&r=g","contentUrl":"https:\/\/secure.gravatar.com\/avatar\/9167d280179c85bc18be67aa7eda765854300033af4896dd779b608640f2ef7a?s=96&d=mm&r=g","caption":"Diario1 Diario1"},"url":"https:\/\/diariotextual.com\/inicio\/index.php\/author\/diario1\/"}]}},"_links":{"self":[{"href":"https:\/\/diariotextual.com\/inicio\/index.php\/wp-json\/wp\/v2\/posts\/53460","targetHints":{"allow":["GET"]}}],"collection":[{"href":"https:\/\/diariotextual.com\/inicio\/index.php\/wp-json\/wp\/v2\/posts"}],"about":[{"href":"https:\/\/diariotextual.com\/inicio\/index.php\/wp-json\/wp\/v2\/types\/post"}],"author":[{"embeddable":true,"href":"https:\/\/diariotextual.com\/inicio\/index.php\/wp-json\/wp\/v2\/users\/3"}],"replies":[{"embeddable":true,"href":"https:\/\/diariotextual.com\/inicio\/index.php\/wp-json\/wp\/v2\/comments?post=53460"}],"version-history":[{"count":1,"href":"https:\/\/diariotextual.com\/inicio\/index.php\/wp-json\/wp\/v2\/posts\/53460\/revisions"}],"predecessor-version":[{"id":53462,"href":"https:\/\/diariotextual.com\/inicio\/index.php\/wp-json\/wp\/v2\/posts\/53460\/revisions\/53462"}],"wp:featuredmedia":[{"embeddable":true,"href":"https:\/\/diariotextual.com\/inicio\/index.php\/wp-json\/wp\/v2\/media\/1038"}],"wp:attachment":[{"href":"https:\/\/diariotextual.com\/inicio\/index.php\/wp-json\/wp\/v2\/media?parent=53460"}],"wp:term":[{"taxonomy":"category","embeddable":true,"href":"https:\/\/diariotextual.com\/inicio\/index.php\/wp-json\/wp\/v2\/categories?post=53460"},{"taxonomy":"post_tag","embeddable":true,"href":"https:\/\/diariotextual.com\/inicio\/index.php\/wp-json\/wp\/v2\/tags?post=53460"}],"curies":[{"name":"wp","href":"https:\/\/api.w.org\/{rel}","templated":true}]}}