{"id":53534,"date":"2019-06-25T11:01:25","date_gmt":"2019-06-25T14:01:25","guid":{"rendered":"http:\/\/diariotextual.com\/inicio\/?p=53534"},"modified":"2019-06-26T19:56:33","modified_gmt":"2019-06-26T22:56:33","slug":"femicidio-general-pico","status":"publish","type":"post","link":"https:\/\/diariotextual.com\/inicio\/index.php\/2019\/06\/25\/femicidio-general-pico\/","title":{"rendered":"Otro femicidio sacude a General Pico"},"content":{"rendered":"<p><strong>Un nuevo femicidio sacude <\/strong>a La Pampa<strong>. Valeria Coggiola<\/strong>, de 35 a\u00f1os de edad y<strong> madre de tres nenes<\/strong>,\u00a0fue <strong>asesinada este martes a la madrugada por su novio o pareja <\/strong>en General Pico.\u00a0El<strong> femicida <\/strong>es<strong> el boxeador Enzo Gauna (27), quien fue atrapado en Catril\u00f3: confes\u00f3 el crimen a\u00a0un familiar suyo<\/strong>, que lo denunci\u00f3.<\/p>\n<p><img fetchpriority=\"high\" decoding=\"async\" class=\"alignnone wp-image-53563 \" src=\"http:\/\/diariotextual.com\/inicio\/wp-content\/uploads\/2019\/06\/gaunaenzodeencion2019-1.jpg\" alt=\"\" width=\"394\" height=\"549\" srcset=\"https:\/\/diariotextual.com\/inicio\/wp-content\/uploads\/2019\/06\/gaunaenzodeencion2019-1.jpg 700w, https:\/\/diariotextual.com\/inicio\/wp-content\/uploads\/2019\/06\/gaunaenzodeencion2019-1-215x300.jpg 215w, https:\/\/diariotextual.com\/inicio\/wp-content\/uploads\/2019\/06\/gaunaenzodeencion2019-1-585x816.jpg 585w\" sizes=\"(max-width: 394px) 100vw, 394px\" \/><\/p>\n<p>El brutal asesinato ocurri\u00f3 en una vivienda ubicada sobre calle 106 entre 23 y 25, en el barrio El Molino.\u00a0<strong>All\u00ed viv\u00eda Valeria con sus tres nenes, de 13, 12 y 3 a\u00f1os<\/strong>. En el momento del asesinato, estaban dos de los nenes en la casa. Dorm\u00edan en una habitaci\u00f3n contigua.<\/p>\n<blockquote class=\"wp-embedded-content\" data-secret=\"XGMa7ACs5t\"><p><a href=\"http:\/\/diariotextual.com\/inicio\/index.php\/2019\/06\/26\/femicidio-valeria-la-confesion-enzo-gauna-fue-filmada-la-comisaria\/\">El femicidio de Valeria: la confesi\u00f3n de Enzo Gauna fue filmada en la comisar\u00eda<\/a><\/p><\/blockquote>\n<p><iframe class=\"wp-embedded-content\" sandbox=\"allow-scripts\" security=\"restricted\" style=\"position: absolute; clip: rect(1px, 1px, 1px, 1px);\" src=\"http:\/\/diariotextual.com\/inicio\/index.php\/2019\/06\/26\/femicidio-valeria-la-confesion-enzo-gauna-fue-filmada-la-comisaria\/embed\/#?secret=XGMa7ACs5t\" data-secret=\"XGMa7ACs5t\" width=\"600\" height=\"338\" title=\"&#171;El femicidio de Valeria: la confesi\u00f3n de Enzo Gauna fue filmada en la comisar\u00eda&#187; &#8212; Diario Textual\" frameborder=\"0\" marginwidth=\"0\" marginheight=\"0\" scrolling=\"no\"><\/iframe><\/p>\n<p>De acuerdo a lo informado por fuentes policiales y judiciales, el hecho ocurri\u00f3 alrededor de las 4 de este martes. Los nenes, en ese momento, dorm\u00edan.<\/p>\n<p>Gauna hab\u00eda llegado a la vivienda de Coggiola alrededor de las 9 horas del lunes. Pas\u00f3 todo el d\u00eda y la madrugada en esa casa.<\/p>\n<p>Seg\u00fan dijeron los investigadores,\u00a0<strong>el crimen ocurri\u00f3 alrededor de las 4 de la madrugada<\/strong>. \u201cEl asesinato fue cometido mientras<strong>\u00a0los nenes dorm\u00edan<\/strong>. El femicida se retir\u00f3 a las 5 horas y el cuerpo fue encontrado alrededor de las 8 de la ma\u00f1ana\u201d, dijo el fiscal Armando Ag\u00fcero a Diario Textual.<\/p>\n<p>El cuchillo fue hallado en la escena del crimen. \u201cEs una cuchilla tipo carnicero\u201d, cont\u00f3 el fiscal. \u201cMuri\u00f3 por las m\u00faltiples heridas\u201d, dijo.<\/p>\n<blockquote class=\"wp-embedded-content\" data-secret=\"fHIJ19Z2c6\"><p><a href=\"http:\/\/diariotextual.com\/inicio\/index.php\/2019\/06\/25\/femicida-valeria-boxeador\/\">El femicida de Valeria Coggiola es un boxeador<\/a><\/p><\/blockquote>\n<p><iframe class=\"wp-embedded-content\" sandbox=\"allow-scripts\" security=\"restricted\" style=\"position: absolute; clip: rect(1px, 1px, 1px, 1px);\" src=\"http:\/\/diariotextual.com\/inicio\/index.php\/2019\/06\/25\/femicida-valeria-boxeador\/embed\/#?secret=fHIJ19Z2c6\" data-secret=\"fHIJ19Z2c6\" width=\"600\" height=\"338\" title=\"&#171;El femicida de Valeria Coggiola es un boxeador&#187; &#8212; Diario Textual\" frameborder=\"0\" marginwidth=\"0\" marginheight=\"0\" scrolling=\"no\"><\/iframe><\/p>\n<p>&nbsp;<\/p>\n<p>Gauna escap\u00f3 a Catril\u00f3.\u00a0Se fue en moto rumbo a la terminal y de ah\u00ed abord\u00f3 un rem\u00eds rumbo a Quem\u00fa Quem\u00fa. Luego de llegar a esa localidad lo esperaba otro veh\u00edculo para trasladarlo hacia Catril\u00f3. All\u00ed, <strong>al llegar ensangrentado<\/strong>, confes\u00f3 el crimen a un familiar.\u00a0\u201cEl homicida tendr\u00eda su domicilio fijado en la localidad de Catril\u00f3 y que una vez concretado el horrendo crimen, se habr\u00eda ido por sus propios medios hacia la vecina localidad, a la casa de un familiar donde confes\u00f3 el crimen\u201d, cont\u00f3 Ag\u00fcero. El familiar lo denunci\u00f3 alrededor de las 7 horas.<\/p>\n<p>Las autoridades, alertadas desde la comisar\u00eda de Catril\u00f3, concurrieron a la casa del barrio El Molino. All\u00ed se encontraron con la mujer ya muerta.\u00a0\u00a0\u00abMientras esper\u00e1bamos por entrar, desde la vereda escuchamos el ruido de menores. Eran sus hijos; apenas ingresamos los retiramos del lugar\u00bb, confirm\u00f3 Ag\u00fcero.<\/p>\n<p>&nbsp;<\/p>\n<blockquote class=\"wp-embedded-content\" data-secret=\"15nTnk7gO6\"><p><a href=\"http:\/\/diariotextual.com\/inicio\/index.php\/2019\/06\/25\/femicidio-pico-valeria-fue-asesinada-pareja-dijo-fiscal\/\">Otro femicidio en Pico: &#171;Valeria fue asesinada por su pareja&#187;, dijo el fiscal<\/a><\/p><\/blockquote>\n<p><iframe class=\"wp-embedded-content\" sandbox=\"allow-scripts\" security=\"restricted\" style=\"position: absolute; clip: rect(1px, 1px, 1px, 1px);\" src=\"http:\/\/diariotextual.com\/inicio\/index.php\/2019\/06\/25\/femicidio-pico-valeria-fue-asesinada-pareja-dijo-fiscal\/embed\/#?secret=15nTnk7gO6\" data-secret=\"15nTnk7gO6\" width=\"600\" height=\"338\" title=\"&#171;Otro femicidio en Pico: &#171;Valeria fue asesinada por su pareja&#187;, dijo el fiscal&#187; &#8212; Diario Textual\" frameborder=\"0\" marginwidth=\"0\" marginheight=\"0\" scrolling=\"no\"><\/iframe><\/p>\n<p>&nbsp;<\/p>\n<p>Cuando la Polic\u00eda lleg\u00f3 al lugar se encontr\u00f3 con la mujer tirada en el piso, sin vida, y el nene y la nena a su lado.<\/p>\n<p>Fuentes oficiales confirmaron a Diario Textual que<strong> la joven fue atacada con un cuchillo tipo carnicero.\u00a0<\/strong><\/p>\n<p>Luego de cometer el femicidio, Gauna huy\u00f3 a Catril\u00f3, de donde era oriundo. All\u00ed habr\u00eda confesado el asesinato a un familiar. Este lo denunci\u00f3.<\/p>\n<p>El femicidio fue incorporado al C\u00f3digo Penal como un tipo\u00a0agravado de homicidio, es decir agravado por el v\u00ednculo. Establece una condena de hasta prisi\u00f3n perpetua.<\/p>\n<p>&nbsp;<\/p>\n<p>&nbsp;<\/p>\n<p>&nbsp;<\/p>\n<p><strong><em>(Foto Infopico.com)<\/em><\/strong><\/p>\n","protected":false},"excerpt":{"rendered":"<p>Un nuevo femicidio sacude a La Pampa. Valeria Coggiola, de 35 a\u00f1os de edad y madre de tres nenes,\u00a0fue asesinada este martes a la madrugada por su novio o pareja&hellip;<\/p>\n","protected":false},"author":7,"featured_media":53535,"comment_status":"closed","ping_status":"open","sticky":false,"template":"","format":"standard","meta":{"_acf_changed":false,"footnotes":""},"categories":[319,12],"tags":[755],"class_list":["post-53534","post","type-post","status-publish","format-standard","has-post-thumbnail","hentry","category-a-temporales","category-sociedad","tag-femicidio"],"acf":[],"yoast_head":"<!-- This site is optimized with the Yoast SEO plugin v27.5 - https:\/\/yoast.com\/product\/yoast-seo-wordpress\/ -->\n<title>Otro femicidio sacude a General Pico - Diario Textual<\/title>\n<meta name=\"robots\" content=\"index, follow, max-snippet:-1, max-image-preview:large, max-video-preview:-1\" \/>\n<link rel=\"canonical\" href=\"https:\/\/diariotextual.com\/inicio\/index.php\/2019\/06\/25\/femicidio-general-pico\/\" \/>\n<meta property=\"og:locale\" content=\"es_ES\" \/>\n<meta property=\"og:type\" content=\"article\" \/>\n<meta property=\"og:title\" content=\"Otro femicidio sacude a General Pico - Diario Textual\" \/>\n<meta property=\"og:description\" content=\"Un nuevo femicidio sacude a La Pampa. Valeria Coggiola, de 35 a\u00f1os de edad y madre de tres nenes,\u00a0fue asesinada este martes a la madrugada por su novio o pareja&hellip;\" \/>\n<meta property=\"og:url\" content=\"https:\/\/diariotextual.com\/inicio\/index.php\/2019\/06\/25\/femicidio-general-pico\/\" \/>\n<meta property=\"og:site_name\" content=\"Diario Textual\" \/>\n<meta property=\"article:publisher\" content=\"https:\/\/www.facebook.com\/eltextual\" \/>\n<meta property=\"article:published_time\" content=\"2019-06-25T14:01:25+00:00\" \/>\n<meta property=\"article:modified_time\" content=\"2019-06-26T22:56:33+00:00\" \/>\n<meta property=\"og:image\" content=\"https:\/\/diariotextual.com\/inicio\/wp-content\/uploads\/2019\/06\/femicidiopico.jpg\" \/>\n\t<meta property=\"og:image:width\" content=\"666\" \/>\n\t<meta property=\"og:image:height\" content=\"444\" \/>\n\t<meta property=\"og:image:type\" content=\"image\/jpeg\" \/>\n<meta name=\"author\" content=\"diario5\" \/>\n<meta name=\"twitter:card\" content=\"summary_large_image\" \/>\n<meta name=\"twitter:creator\" content=\"@eltextual\" \/>\n<meta name=\"twitter:site\" content=\"@eltextual\" \/>\n<meta name=\"twitter:label1\" content=\"Escrito por\" \/>\n\t<meta name=\"twitter:data1\" content=\"diario5\" \/>\n\t<meta name=\"twitter:label2\" content=\"Tiempo de lectura\" \/>\n\t<meta name=\"twitter:data2\" content=\"3 minutos\" \/>\n<script type=\"application\/ld+json\" class=\"yoast-schema-graph\">{\"@context\":\"https:\\\/\\\/schema.org\",\"@graph\":[{\"@type\":\"Article\",\"@id\":\"https:\\\/\\\/diariotextual.com\\\/inicio\\\/index.php\\\/2019\\\/06\\\/25\\\/femicidio-general-pico\\\/#article\",\"isPartOf\":{\"@id\":\"https:\\\/\\\/diariotextual.com\\\/inicio\\\/index.php\\\/2019\\\/06\\\/25\\\/femicidio-general-pico\\\/\"},\"author\":{\"name\":\"diario5\",\"@id\":\"https:\\\/\\\/diariotextual.com\\\/inicio\\\/#\\\/schema\\\/person\\\/c7834961ad8b29b1d9cdbf4571299067\"},\"headline\":\"Otro femicidio sacude a General Pico\",\"datePublished\":\"2019-06-25T14:01:25+00:00\",\"dateModified\":\"2019-06-26T22:56:33+00:00\",\"mainEntityOfPage\":{\"@id\":\"https:\\\/\\\/diariotextual.com\\\/inicio\\\/index.php\\\/2019\\\/06\\\/25\\\/femicidio-general-pico\\\/\"},\"wordCount\":516,\"publisher\":{\"@id\":\"https:\\\/\\\/diariotextual.com\\\/inicio\\\/#organization\"},\"image\":{\"@id\":\"https:\\\/\\\/diariotextual.com\\\/inicio\\\/index.php\\\/2019\\\/06\\\/25\\\/femicidio-general-pico\\\/#primaryimage\"},\"thumbnailUrl\":\"https:\\\/\\\/diariotextual.com\\\/inicio\\\/wp-content\\\/uploads\\\/2019\\\/06\\\/femicidiopico.jpg\",\"keywords\":[\"femicidio\"],\"articleSection\":[\"A - TEMPORALES\",\"SOCIEDAD\"],\"inLanguage\":\"es\"},{\"@type\":\"WebPage\",\"@id\":\"https:\\\/\\\/diariotextual.com\\\/inicio\\\/index.php\\\/2019\\\/06\\\/25\\\/femicidio-general-pico\\\/\",\"url\":\"https:\\\/\\\/diariotextual.com\\\/inicio\\\/index.php\\\/2019\\\/06\\\/25\\\/femicidio-general-pico\\\/\",\"name\":\"Otro femicidio sacude a General Pico - Diario Textual\",\"isPartOf\":{\"@id\":\"https:\\\/\\\/diariotextual.com\\\/inicio\\\/#website\"},\"primaryImageOfPage\":{\"@id\":\"https:\\\/\\\/diariotextual.com\\\/inicio\\\/index.php\\\/2019\\\/06\\\/25\\\/femicidio-general-pico\\\/#primaryimage\"},\"image\":{\"@id\":\"https:\\\/\\\/diariotextual.com\\\/inicio\\\/index.php\\\/2019\\\/06\\\/25\\\/femicidio-general-pico\\\/#primaryimage\"},\"thumbnailUrl\":\"https:\\\/\\\/diariotextual.com\\\/inicio\\\/wp-content\\\/uploads\\\/2019\\\/06\\\/femicidiopico.jpg\",\"datePublished\":\"2019-06-25T14:01:25+00:00\",\"dateModified\":\"2019-06-26T22:56:33+00:00\",\"breadcrumb\":{\"@id\":\"https:\\\/\\\/diariotextual.com\\\/inicio\\\/index.php\\\/2019\\\/06\\\/25\\\/femicidio-general-pico\\\/#breadcrumb\"},\"inLanguage\":\"es\",\"potentialAction\":[{\"@type\":\"ReadAction\",\"target\":[\"https:\\\/\\\/diariotextual.com\\\/inicio\\\/index.php\\\/2019\\\/06\\\/25\\\/femicidio-general-pico\\\/\"]}]},{\"@type\":\"ImageObject\",\"inLanguage\":\"es\",\"@id\":\"https:\\\/\\\/diariotextual.com\\\/inicio\\\/index.php\\\/2019\\\/06\\\/25\\\/femicidio-general-pico\\\/#primaryimage\",\"url\":\"https:\\\/\\\/diariotextual.com\\\/inicio\\\/wp-content\\\/uploads\\\/2019\\\/06\\\/femicidiopico.jpg\",\"contentUrl\":\"https:\\\/\\\/diariotextual.com\\\/inicio\\\/wp-content\\\/uploads\\\/2019\\\/06\\\/femicidiopico.jpg\",\"width\":666,\"height\":444},{\"@type\":\"BreadcrumbList\",\"@id\":\"https:\\\/\\\/diariotextual.com\\\/inicio\\\/index.php\\\/2019\\\/06\\\/25\\\/femicidio-general-pico\\\/#breadcrumb\",\"itemListElement\":[{\"@type\":\"ListItem\",\"position\":1,\"name\":\"Portada\",\"item\":\"https:\\\/\\\/diariotextual.com\\\/inicio\\\/\"},{\"@type\":\"ListItem\",\"position\":2,\"name\":\"Otro femicidio sacude a General Pico\"}]},{\"@type\":\"WebSite\",\"@id\":\"https:\\\/\\\/diariotextual.com\\\/inicio\\\/#website\",\"url\":\"https:\\\/\\\/diariotextual.com\\\/inicio\\\/\",\"name\":\"Diario Textual\",\"description\":\"\",\"publisher\":{\"@id\":\"https:\\\/\\\/diariotextual.com\\\/inicio\\\/#organization\"},\"potentialAction\":[{\"@type\":\"SearchAction\",\"target\":{\"@type\":\"EntryPoint\",\"urlTemplate\":\"https:\\\/\\\/diariotextual.com\\\/inicio\\\/?s={search_term_string}\"},\"query-input\":{\"@type\":\"PropertyValueSpecification\",\"valueRequired\":true,\"valueName\":\"search_term_string\"}}],\"inLanguage\":\"es\"},{\"@type\":\"Organization\",\"@id\":\"https:\\\/\\\/diariotextual.com\\\/inicio\\\/#organization\",\"name\":\"Diario Textual\",\"url\":\"https:\\\/\\\/diariotextual.com\\\/inicio\\\/\",\"logo\":{\"@type\":\"ImageObject\",\"inLanguage\":\"es\",\"@id\":\"https:\\\/\\\/diariotextual.com\\\/inicio\\\/#\\\/schema\\\/logo\\\/image\\\/\",\"url\":\"https:\\\/\\\/diariotextual.com\\\/inicio\\\/wp-content\\\/uploads\\\/2023\\\/05\\\/logotextual1.jpg\",\"contentUrl\":\"https:\\\/\\\/diariotextual.com\\\/inicio\\\/wp-content\\\/uploads\\\/2023\\\/05\\\/logotextual1.jpg\",\"width\":516,\"height\":76,\"caption\":\"Diario Textual\"},\"image\":{\"@id\":\"https:\\\/\\\/diariotextual.com\\\/inicio\\\/#\\\/schema\\\/logo\\\/image\\\/\"},\"sameAs\":[\"https:\\\/\\\/www.facebook.com\\\/eltextual\",\"https:\\\/\\\/x.com\\\/eltextual\",\"http:\\\/\\\/www.instagram.com\\\/eltextual\"]},{\"@type\":\"Person\",\"@id\":\"https:\\\/\\\/diariotextual.com\\\/inicio\\\/#\\\/schema\\\/person\\\/c7834961ad8b29b1d9cdbf4571299067\",\"name\":\"diario5\",\"image\":{\"@type\":\"ImageObject\",\"inLanguage\":\"es\",\"@id\":\"https:\\\/\\\/secure.gravatar.com\\\/avatar\\\/948c893b847ca6df68216ead81b63f363408ec9b0f600fefc0641ce78613b111?s=96&d=mm&r=g\",\"url\":\"https:\\\/\\\/secure.gravatar.com\\\/avatar\\\/948c893b847ca6df68216ead81b63f363408ec9b0f600fefc0641ce78613b111?s=96&d=mm&r=g\",\"contentUrl\":\"https:\\\/\\\/secure.gravatar.com\\\/avatar\\\/948c893b847ca6df68216ead81b63f363408ec9b0f600fefc0641ce78613b111?s=96&d=mm&r=g\",\"caption\":\"diario5\"},\"url\":\"https:\\\/\\\/diariotextual.com\\\/inicio\\\/index.php\\\/author\\\/diario5\\\/\"}]}<\/script>\n<!-- \/ Yoast SEO plugin. -->","yoast_head_json":{"title":"Otro femicidio sacude a General Pico - Diario Textual","robots":{"index":"index","follow":"follow","max-snippet":"max-snippet:-1","max-image-preview":"max-image-preview:large","max-video-preview":"max-video-preview:-1"},"canonical":"https:\/\/diariotextual.com\/inicio\/index.php\/2019\/06\/25\/femicidio-general-pico\/","og_locale":"es_ES","og_type":"article","og_title":"Otro femicidio sacude a General Pico - Diario Textual","og_description":"Un nuevo femicidio sacude a La Pampa. Valeria Coggiola, de 35 a\u00f1os de edad y madre de tres nenes,\u00a0fue asesinada este martes a la madrugada por su novio o pareja&hellip;","og_url":"https:\/\/diariotextual.com\/inicio\/index.php\/2019\/06\/25\/femicidio-general-pico\/","og_site_name":"Diario Textual","article_publisher":"https:\/\/www.facebook.com\/eltextual","article_published_time":"2019-06-25T14:01:25+00:00","article_modified_time":"2019-06-26T22:56:33+00:00","og_image":[{"width":666,"height":444,"url":"https:\/\/diariotextual.com\/inicio\/wp-content\/uploads\/2019\/06\/femicidiopico.jpg","type":"image\/jpeg"}],"author":"diario5","twitter_card":"summary_large_image","twitter_creator":"@eltextual","twitter_site":"@eltextual","twitter_misc":{"Escrito por":"diario5","Tiempo de lectura":"3 minutos"},"schema":{"@context":"https:\/\/schema.org","@graph":[{"@type":"Article","@id":"https:\/\/diariotextual.com\/inicio\/index.php\/2019\/06\/25\/femicidio-general-pico\/#article","isPartOf":{"@id":"https:\/\/diariotextual.com\/inicio\/index.php\/2019\/06\/25\/femicidio-general-pico\/"},"author":{"name":"diario5","@id":"https:\/\/diariotextual.com\/inicio\/#\/schema\/person\/c7834961ad8b29b1d9cdbf4571299067"},"headline":"Otro femicidio sacude a General Pico","datePublished":"2019-06-25T14:01:25+00:00","dateModified":"2019-06-26T22:56:33+00:00","mainEntityOfPage":{"@id":"https:\/\/diariotextual.com\/inicio\/index.php\/2019\/06\/25\/femicidio-general-pico\/"},"wordCount":516,"publisher":{"@id":"https:\/\/diariotextual.com\/inicio\/#organization"},"image":{"@id":"https:\/\/diariotextual.com\/inicio\/index.php\/2019\/06\/25\/femicidio-general-pico\/#primaryimage"},"thumbnailUrl":"https:\/\/diariotextual.com\/inicio\/wp-content\/uploads\/2019\/06\/femicidiopico.jpg","keywords":["femicidio"],"articleSection":["A - TEMPORALES","SOCIEDAD"],"inLanguage":"es"},{"@type":"WebPage","@id":"https:\/\/diariotextual.com\/inicio\/index.php\/2019\/06\/25\/femicidio-general-pico\/","url":"https:\/\/diariotextual.com\/inicio\/index.php\/2019\/06\/25\/femicidio-general-pico\/","name":"Otro femicidio sacude a General Pico - Diario Textual","isPartOf":{"@id":"https:\/\/diariotextual.com\/inicio\/#website"},"primaryImageOfPage":{"@id":"https:\/\/diariotextual.com\/inicio\/index.php\/2019\/06\/25\/femicidio-general-pico\/#primaryimage"},"image":{"@id":"https:\/\/diariotextual.com\/inicio\/index.php\/2019\/06\/25\/femicidio-general-pico\/#primaryimage"},"thumbnailUrl":"https:\/\/diariotextual.com\/inicio\/wp-content\/uploads\/2019\/06\/femicidiopico.jpg","datePublished":"2019-06-25T14:01:25+00:00","dateModified":"2019-06-26T22:56:33+00:00","breadcrumb":{"@id":"https:\/\/diariotextual.com\/inicio\/index.php\/2019\/06\/25\/femicidio-general-pico\/#breadcrumb"},"inLanguage":"es","potentialAction":[{"@type":"ReadAction","target":["https:\/\/diariotextual.com\/inicio\/index.php\/2019\/06\/25\/femicidio-general-pico\/"]}]},{"@type":"ImageObject","inLanguage":"es","@id":"https:\/\/diariotextual.com\/inicio\/index.php\/2019\/06\/25\/femicidio-general-pico\/#primaryimage","url":"https:\/\/diariotextual.com\/inicio\/wp-content\/uploads\/2019\/06\/femicidiopico.jpg","contentUrl":"https:\/\/diariotextual.com\/inicio\/wp-content\/uploads\/2019\/06\/femicidiopico.jpg","width":666,"height":444},{"@type":"BreadcrumbList","@id":"https:\/\/diariotextual.com\/inicio\/index.php\/2019\/06\/25\/femicidio-general-pico\/#breadcrumb","itemListElement":[{"@type":"ListItem","position":1,"name":"Portada","item":"https:\/\/diariotextual.com\/inicio\/"},{"@type":"ListItem","position":2,"name":"Otro femicidio sacude a General Pico"}]},{"@type":"WebSite","@id":"https:\/\/diariotextual.com\/inicio\/#website","url":"https:\/\/diariotextual.com\/inicio\/","name":"Diario Textual","description":"","publisher":{"@id":"https:\/\/diariotextual.com\/inicio\/#organization"},"potentialAction":[{"@type":"SearchAction","target":{"@type":"EntryPoint","urlTemplate":"https:\/\/diariotextual.com\/inicio\/?s={search_term_string}"},"query-input":{"@type":"PropertyValueSpecification","valueRequired":true,"valueName":"search_term_string"}}],"inLanguage":"es"},{"@type":"Organization","@id":"https:\/\/diariotextual.com\/inicio\/#organization","name":"Diario Textual","url":"https:\/\/diariotextual.com\/inicio\/","logo":{"@type":"ImageObject","inLanguage":"es","@id":"https:\/\/diariotextual.com\/inicio\/#\/schema\/logo\/image\/","url":"https:\/\/diariotextual.com\/inicio\/wp-content\/uploads\/2023\/05\/logotextual1.jpg","contentUrl":"https:\/\/diariotextual.com\/inicio\/wp-content\/uploads\/2023\/05\/logotextual1.jpg","width":516,"height":76,"caption":"Diario Textual"},"image":{"@id":"https:\/\/diariotextual.com\/inicio\/#\/schema\/logo\/image\/"},"sameAs":["https:\/\/www.facebook.com\/eltextual","https:\/\/x.com\/eltextual","http:\/\/www.instagram.com\/eltextual"]},{"@type":"Person","@id":"https:\/\/diariotextual.com\/inicio\/#\/schema\/person\/c7834961ad8b29b1d9cdbf4571299067","name":"diario5","image":{"@type":"ImageObject","inLanguage":"es","@id":"https:\/\/secure.gravatar.com\/avatar\/948c893b847ca6df68216ead81b63f363408ec9b0f600fefc0641ce78613b111?s=96&d=mm&r=g","url":"https:\/\/secure.gravatar.com\/avatar\/948c893b847ca6df68216ead81b63f363408ec9b0f600fefc0641ce78613b111?s=96&d=mm&r=g","contentUrl":"https:\/\/secure.gravatar.com\/avatar\/948c893b847ca6df68216ead81b63f363408ec9b0f600fefc0641ce78613b111?s=96&d=mm&r=g","caption":"diario5"},"url":"https:\/\/diariotextual.com\/inicio\/index.php\/author\/diario5\/"}]}},"_links":{"self":[{"href":"https:\/\/diariotextual.com\/inicio\/index.php\/wp-json\/wp\/v2\/posts\/53534","targetHints":{"allow":["GET"]}}],"collection":[{"href":"https:\/\/diariotextual.com\/inicio\/index.php\/wp-json\/wp\/v2\/posts"}],"about":[{"href":"https:\/\/diariotextual.com\/inicio\/index.php\/wp-json\/wp\/v2\/types\/post"}],"author":[{"embeddable":true,"href":"https:\/\/diariotextual.com\/inicio\/index.php\/wp-json\/wp\/v2\/users\/7"}],"replies":[{"embeddable":true,"href":"https:\/\/diariotextual.com\/inicio\/index.php\/wp-json\/wp\/v2\/comments?post=53534"}],"version-history":[{"count":23,"href":"https:\/\/diariotextual.com\/inicio\/index.php\/wp-json\/wp\/v2\/posts\/53534\/revisions"}],"predecessor-version":[{"id":53787,"href":"https:\/\/diariotextual.com\/inicio\/index.php\/wp-json\/wp\/v2\/posts\/53534\/revisions\/53787"}],"wp:featuredmedia":[{"embeddable":true,"href":"https:\/\/diariotextual.com\/inicio\/index.php\/wp-json\/wp\/v2\/media\/53535"}],"wp:attachment":[{"href":"https:\/\/diariotextual.com\/inicio\/index.php\/wp-json\/wp\/v2\/media?parent=53534"}],"wp:term":[{"taxonomy":"category","embeddable":true,"href":"https:\/\/diariotextual.com\/inicio\/index.php\/wp-json\/wp\/v2\/categories?post=53534"},{"taxonomy":"post_tag","embeddable":true,"href":"https:\/\/diariotextual.com\/inicio\/index.php\/wp-json\/wp\/v2\/tags?post=53534"}],"curies":[{"name":"wp","href":"https:\/\/api.w.org\/{rel}","templated":true}]}}