{"id":53554,"date":"2019-06-25T11:43:34","date_gmt":"2019-06-25T14:43:34","guid":{"rendered":"http:\/\/diariotextual.com\/inicio\/?p=53554"},"modified":"2019-06-25T20:53:50","modified_gmt":"2019-06-25T23:53:50","slug":"femicidio-pico-valeria-fue-asesinada-pareja-dijo-fiscal","status":"publish","type":"post","link":"https:\/\/diariotextual.com\/inicio\/index.php\/2019\/06\/25\/femicidio-pico-valeria-fue-asesinada-pareja-dijo-fiscal\/","title":{"rendered":"Otro femicidio en Pico: \u00abValeria fue asesinada por su pareja\u00bb, dijo el fiscal"},"content":{"rendered":"<p><strong>Valeria Coggiola (30 a\u00f1os)<\/strong>\u00a0fue asesinada de \u201cm\u00faltiples\u201d pu\u00f1aladas por el boxeador\u00a0<strong>Enzo Gauna (27 a\u00f1os)<\/strong>, quien ser\u00eda su pareja. Lo dijo, en una breve comunicaci\u00f3n con <strong>Diario Textual<\/strong>, el fiscal general de Pico, <strong>Armando Ag\u00fcero<\/strong>. \u201cValeria fue asesinada por su pareja o novio\u201d, cont\u00f3.<\/p>\n<blockquote class=\"wp-embedded-content\" data-secret=\"zXldI9jeQo\"><p><a href=\"http:\/\/diariotextual.com\/inicio\/index.php\/2019\/06\/25\/femicidio-general-pico\/\">Femicidio en barrio El Molino de General Pico<\/a><\/p><\/blockquote>\n<p><iframe class=\"wp-embedded-content\" sandbox=\"allow-scripts\" security=\"restricted\" style=\"position: absolute; clip: rect(1px, 1px, 1px, 1px);\" src=\"http:\/\/diariotextual.com\/inicio\/index.php\/2019\/06\/25\/femicidio-general-pico\/embed\/#?secret=zXldI9jeQo\" data-secret=\"zXldI9jeQo\" width=\"600\" height=\"338\" title=\"&#171;Femicidio en barrio El Molino de General Pico&#187; &#8212; Diario Textual\" frameborder=\"0\" marginwidth=\"0\" marginheight=\"0\" scrolling=\"no\"><\/iframe><\/p>\n<p>&nbsp;<\/p>\n<p><strong>Gauna es de Catril\u00f3<\/strong>. Ayer, a las 9 horas, fue desde Catril\u00f3 a la casa de Valeria, ubicada sobre calle 106 entre 23 y 25, en el barrio El Molino. All\u00ed viv\u00eda Valeria con sus tres nenes, de 13, 12 y 3 a\u00f1os.<\/p>\n<blockquote class=\"wp-embedded-content\" data-secret=\"MSOT8vo3qK\"><p><a href=\"http:\/\/diariotextual.com\/inicio\/index.php\/2019\/06\/25\/la-foto-del-femicida-valeria-al-detenido-catrilo\/\">La foto del femicida de Valeria al ser detenido en Catril\u00f3<\/a><\/p><\/blockquote>\n<p><iframe class=\"wp-embedded-content\" sandbox=\"allow-scripts\" security=\"restricted\" style=\"position: absolute; clip: rect(1px, 1px, 1px, 1px);\" src=\"http:\/\/diariotextual.com\/inicio\/index.php\/2019\/06\/25\/la-foto-del-femicida-valeria-al-detenido-catrilo\/embed\/#?secret=MSOT8vo3qK\" data-secret=\"MSOT8vo3qK\" width=\"600\" height=\"338\" title=\"&#171;La foto del femicida de Valeria al ser detenido en Catril\u00f3&#187; &#8212; Diario Textual\" frameborder=\"0\" marginwidth=\"0\" marginheight=\"0\" scrolling=\"no\"><\/iframe><\/p>\n<p>Seg\u00fan los investigadores, <strong>el asesinato ocurri\u00f3 alrededor de las 4 de la madrugada<\/strong>. \u201cEl asesinato ocurri\u00f3 mientras<strong> los nenes dorm\u00edan<\/strong>. El femicida se retir\u00f3 a las 5 horas y el cuerpo fue encontrado alrededor de las 8 de la ma\u00f1ana\u201d, dijo el fiscal.<\/p>\n<p>El cuchillo fue encontrado en la escena del crimen. \u201cEs una cuchilla tipo carnicero\u201d, cont\u00f3 el fiscal. \u201cMuri\u00f3 por las m\u00faltiples heridas\u201d, dijo.<\/p>\n<p>Gauna escap\u00f3 a Catril\u00f3. All\u00ed, <strong>al llegar ensangrentado<\/strong>, confes\u00f3 el crimen a un familiar.\u00a0\u201cEl homicida tendr\u00eda su domicilio fijado en la localidad de Catril\u00f3 y que una vez concretado el horrendo crimen, se habr\u00eda ido por sus propios medios hacia la vecina localidad, a la casa de un familiar donde confes\u00f3 el crimen\u201d, cont\u00f3 Ag\u00fcero. El familiar lo denunci\u00f3 alrededor de las 7 horas.<\/p>\n<p>Las autoridades, alertadas desde la comisar\u00eda de Catril\u00f3, concurrieron a la casa del barrio El Molino. All\u00ed se encontraron con la mujer ya muerta.\u00a0\u00abMientras esper\u00e1bamos por entrar, desde la vereda escuchamos el ruido de menores. Eran sus hijos, apenas ingresamos los retiramos del lugar\u00bb, confirm\u00f3 Ag\u00fcero.<\/p>\n<p>&nbsp;<\/p>\n<p><img fetchpriority=\"high\" decoding=\"async\" class=\"alignnone wp-image-53563 \" src=\"http:\/\/diariotextual.com\/inicio\/wp-content\/uploads\/2019\/06\/gaunaenzodeencion2019-1.jpg\" alt=\"\" width=\"525\" height=\"732\" srcset=\"https:\/\/diariotextual.com\/inicio\/wp-content\/uploads\/2019\/06\/gaunaenzodeencion2019-1.jpg 700w, https:\/\/diariotextual.com\/inicio\/wp-content\/uploads\/2019\/06\/gaunaenzodeencion2019-1-215x300.jpg 215w, https:\/\/diariotextual.com\/inicio\/wp-content\/uploads\/2019\/06\/gaunaenzodeencion2019-1-585x816.jpg 585w\" sizes=\"(max-width: 525px) 100vw, 525px\" \/><\/p>\n","protected":false},"excerpt":{"rendered":"<p>Valeria Coggiola (30 a\u00f1os)\u00a0fue asesinada de \u201cm\u00faltiples\u201d pu\u00f1aladas por el boxeador\u00a0Enzo Gauna (27 a\u00f1os), quien ser\u00eda su pareja. Lo dijo, en una breve comunicaci\u00f3n con Diario Textual, el fiscal general&hellip;<\/p>\n","protected":false},"author":3,"featured_media":19855,"comment_status":"closed","ping_status":"open","sticky":false,"template":"","format":"standard","meta":{"_acf_changed":false,"footnotes":""},"categories":[319,12],"tags":[755],"class_list":["post-53554","post","type-post","status-publish","format-standard","has-post-thumbnail","hentry","category-a-temporales","category-sociedad","tag-femicidio"],"acf":[],"yoast_head":"<!-- This site is optimized with the Yoast SEO plugin v27.5 - https:\/\/yoast.com\/product\/yoast-seo-wordpress\/ -->\n<title>Otro femicidio en Pico: &quot;Valeria fue asesinada por su pareja&quot;, dijo el fiscal - Diario Textual<\/title>\n<meta name=\"robots\" content=\"index, follow, max-snippet:-1, max-image-preview:large, max-video-preview:-1\" \/>\n<link rel=\"canonical\" href=\"https:\/\/diariotextual.com\/inicio\/index.php\/2019\/06\/25\/femicidio-pico-valeria-fue-asesinada-pareja-dijo-fiscal\/\" \/>\n<meta property=\"og:locale\" content=\"es_ES\" \/>\n<meta property=\"og:type\" content=\"article\" \/>\n<meta property=\"og:title\" content=\"Otro femicidio en Pico: &quot;Valeria fue asesinada por su pareja&quot;, dijo el fiscal - Diario Textual\" \/>\n<meta property=\"og:description\" content=\"Valeria Coggiola (30 a\u00f1os)\u00a0fue asesinada de \u201cm\u00faltiples\u201d pu\u00f1aladas por el boxeador\u00a0Enzo Gauna (27 a\u00f1os), quien ser\u00eda su pareja. Lo dijo, en una breve comunicaci\u00f3n con Diario Textual, el fiscal general&hellip;\" \/>\n<meta property=\"og:url\" content=\"https:\/\/diariotextual.com\/inicio\/index.php\/2019\/06\/25\/femicidio-pico-valeria-fue-asesinada-pareja-dijo-fiscal\/\" \/>\n<meta property=\"og:site_name\" content=\"Diario Textual\" \/>\n<meta property=\"article:publisher\" content=\"https:\/\/www.facebook.com\/eltextual\" \/>\n<meta property=\"article:published_time\" content=\"2019-06-25T14:43:34+00:00\" \/>\n<meta property=\"article:modified_time\" content=\"2019-06-25T23:53:50+00:00\" \/>\n<meta property=\"og:image\" content=\"https:\/\/diariotextual.com\/inicio\/wp-content\/uploads\/2018\/09\/armandoaguerofiscal.jpg\" \/>\n\t<meta property=\"og:image:width\" content=\"700\" \/>\n\t<meta property=\"og:image:height\" content=\"467\" \/>\n\t<meta property=\"og:image:type\" content=\"image\/jpeg\" \/>\n<meta name=\"author\" content=\"Diario1 Diario1\" \/>\n<meta name=\"twitter:card\" content=\"summary_large_image\" \/>\n<meta name=\"twitter:creator\" content=\"@eltextual\" \/>\n<meta name=\"twitter:site\" content=\"@eltextual\" \/>\n<meta name=\"twitter:label1\" content=\"Escrito por\" \/>\n\t<meta name=\"twitter:data1\" content=\"Diario1 Diario1\" \/>\n\t<meta name=\"twitter:label2\" content=\"Tiempo de lectura\" \/>\n\t<meta name=\"twitter:data2\" content=\"1 minuto\" \/>\n<script type=\"application\/ld+json\" class=\"yoast-schema-graph\">{\"@context\":\"https:\\\/\\\/schema.org\",\"@graph\":[{\"@type\":\"Article\",\"@id\":\"https:\\\/\\\/diariotextual.com\\\/inicio\\\/index.php\\\/2019\\\/06\\\/25\\\/femicidio-pico-valeria-fue-asesinada-pareja-dijo-fiscal\\\/#article\",\"isPartOf\":{\"@id\":\"https:\\\/\\\/diariotextual.com\\\/inicio\\\/index.php\\\/2019\\\/06\\\/25\\\/femicidio-pico-valeria-fue-asesinada-pareja-dijo-fiscal\\\/\"},\"author\":{\"name\":\"Diario1 Diario1\",\"@id\":\"https:\\\/\\\/diariotextual.com\\\/inicio\\\/#\\\/schema\\\/person\\\/418fc4093c33e86ed41562db3508f958\"},\"headline\":\"Otro femicidio en Pico: \u00abValeria fue asesinada por su pareja\u00bb, dijo el fiscal\",\"datePublished\":\"2019-06-25T14:43:34+00:00\",\"dateModified\":\"2019-06-25T23:53:50+00:00\",\"mainEntityOfPage\":{\"@id\":\"https:\\\/\\\/diariotextual.com\\\/inicio\\\/index.php\\\/2019\\\/06\\\/25\\\/femicidio-pico-valeria-fue-asesinada-pareja-dijo-fiscal\\\/\"},\"wordCount\":301,\"publisher\":{\"@id\":\"https:\\\/\\\/diariotextual.com\\\/inicio\\\/#organization\"},\"image\":{\"@id\":\"https:\\\/\\\/diariotextual.com\\\/inicio\\\/index.php\\\/2019\\\/06\\\/25\\\/femicidio-pico-valeria-fue-asesinada-pareja-dijo-fiscal\\\/#primaryimage\"},\"thumbnailUrl\":\"https:\\\/\\\/diariotextual.com\\\/inicio\\\/wp-content\\\/uploads\\\/2018\\\/09\\\/armandoaguerofiscal.jpg\",\"keywords\":[\"femicidio\"],\"articleSection\":[\"A - TEMPORALES\",\"SOCIEDAD\"],\"inLanguage\":\"es\"},{\"@type\":\"WebPage\",\"@id\":\"https:\\\/\\\/diariotextual.com\\\/inicio\\\/index.php\\\/2019\\\/06\\\/25\\\/femicidio-pico-valeria-fue-asesinada-pareja-dijo-fiscal\\\/\",\"url\":\"https:\\\/\\\/diariotextual.com\\\/inicio\\\/index.php\\\/2019\\\/06\\\/25\\\/femicidio-pico-valeria-fue-asesinada-pareja-dijo-fiscal\\\/\",\"name\":\"Otro femicidio en Pico: \\\"Valeria fue asesinada por su pareja\\\", dijo el fiscal - Diario Textual\",\"isPartOf\":{\"@id\":\"https:\\\/\\\/diariotextual.com\\\/inicio\\\/#website\"},\"primaryImageOfPage\":{\"@id\":\"https:\\\/\\\/diariotextual.com\\\/inicio\\\/index.php\\\/2019\\\/06\\\/25\\\/femicidio-pico-valeria-fue-asesinada-pareja-dijo-fiscal\\\/#primaryimage\"},\"image\":{\"@id\":\"https:\\\/\\\/diariotextual.com\\\/inicio\\\/index.php\\\/2019\\\/06\\\/25\\\/femicidio-pico-valeria-fue-asesinada-pareja-dijo-fiscal\\\/#primaryimage\"},\"thumbnailUrl\":\"https:\\\/\\\/diariotextual.com\\\/inicio\\\/wp-content\\\/uploads\\\/2018\\\/09\\\/armandoaguerofiscal.jpg\",\"datePublished\":\"2019-06-25T14:43:34+00:00\",\"dateModified\":\"2019-06-25T23:53:50+00:00\",\"breadcrumb\":{\"@id\":\"https:\\\/\\\/diariotextual.com\\\/inicio\\\/index.php\\\/2019\\\/06\\\/25\\\/femicidio-pico-valeria-fue-asesinada-pareja-dijo-fiscal\\\/#breadcrumb\"},\"inLanguage\":\"es\",\"potentialAction\":[{\"@type\":\"ReadAction\",\"target\":[\"https:\\\/\\\/diariotextual.com\\\/inicio\\\/index.php\\\/2019\\\/06\\\/25\\\/femicidio-pico-valeria-fue-asesinada-pareja-dijo-fiscal\\\/\"]}]},{\"@type\":\"ImageObject\",\"inLanguage\":\"es\",\"@id\":\"https:\\\/\\\/diariotextual.com\\\/inicio\\\/index.php\\\/2019\\\/06\\\/25\\\/femicidio-pico-valeria-fue-asesinada-pareja-dijo-fiscal\\\/#primaryimage\",\"url\":\"https:\\\/\\\/diariotextual.com\\\/inicio\\\/wp-content\\\/uploads\\\/2018\\\/09\\\/armandoaguerofiscal.jpg\",\"contentUrl\":\"https:\\\/\\\/diariotextual.com\\\/inicio\\\/wp-content\\\/uploads\\\/2018\\\/09\\\/armandoaguerofiscal.jpg\",\"width\":700,\"height\":467},{\"@type\":\"BreadcrumbList\",\"@id\":\"https:\\\/\\\/diariotextual.com\\\/inicio\\\/index.php\\\/2019\\\/06\\\/25\\\/femicidio-pico-valeria-fue-asesinada-pareja-dijo-fiscal\\\/#breadcrumb\",\"itemListElement\":[{\"@type\":\"ListItem\",\"position\":1,\"name\":\"Portada\",\"item\":\"https:\\\/\\\/diariotextual.com\\\/inicio\\\/\"},{\"@type\":\"ListItem\",\"position\":2,\"name\":\"Otro femicidio en Pico: \u00abValeria fue asesinada por su pareja\u00bb, dijo el fiscal\"}]},{\"@type\":\"WebSite\",\"@id\":\"https:\\\/\\\/diariotextual.com\\\/inicio\\\/#website\",\"url\":\"https:\\\/\\\/diariotextual.com\\\/inicio\\\/\",\"name\":\"Diario Textual\",\"description\":\"\",\"publisher\":{\"@id\":\"https:\\\/\\\/diariotextual.com\\\/inicio\\\/#organization\"},\"potentialAction\":[{\"@type\":\"SearchAction\",\"target\":{\"@type\":\"EntryPoint\",\"urlTemplate\":\"https:\\\/\\\/diariotextual.com\\\/inicio\\\/?s={search_term_string}\"},\"query-input\":{\"@type\":\"PropertyValueSpecification\",\"valueRequired\":true,\"valueName\":\"search_term_string\"}}],\"inLanguage\":\"es\"},{\"@type\":\"Organization\",\"@id\":\"https:\\\/\\\/diariotextual.com\\\/inicio\\\/#organization\",\"name\":\"Diario Textual\",\"url\":\"https:\\\/\\\/diariotextual.com\\\/inicio\\\/\",\"logo\":{\"@type\":\"ImageObject\",\"inLanguage\":\"es\",\"@id\":\"https:\\\/\\\/diariotextual.com\\\/inicio\\\/#\\\/schema\\\/logo\\\/image\\\/\",\"url\":\"https:\\\/\\\/diariotextual.com\\\/inicio\\\/wp-content\\\/uploads\\\/2023\\\/05\\\/logotextual1.jpg\",\"contentUrl\":\"https:\\\/\\\/diariotextual.com\\\/inicio\\\/wp-content\\\/uploads\\\/2023\\\/05\\\/logotextual1.jpg\",\"width\":516,\"height\":76,\"caption\":\"Diario Textual\"},\"image\":{\"@id\":\"https:\\\/\\\/diariotextual.com\\\/inicio\\\/#\\\/schema\\\/logo\\\/image\\\/\"},\"sameAs\":[\"https:\\\/\\\/www.facebook.com\\\/eltextual\",\"https:\\\/\\\/x.com\\\/eltextual\",\"http:\\\/\\\/www.instagram.com\\\/eltextual\"]},{\"@type\":\"Person\",\"@id\":\"https:\\\/\\\/diariotextual.com\\\/inicio\\\/#\\\/schema\\\/person\\\/418fc4093c33e86ed41562db3508f958\",\"name\":\"Diario1 Diario1\",\"image\":{\"@type\":\"ImageObject\",\"inLanguage\":\"es\",\"@id\":\"https:\\\/\\\/secure.gravatar.com\\\/avatar\\\/9167d280179c85bc18be67aa7eda765854300033af4896dd779b608640f2ef7a?s=96&d=mm&r=g\",\"url\":\"https:\\\/\\\/secure.gravatar.com\\\/avatar\\\/9167d280179c85bc18be67aa7eda765854300033af4896dd779b608640f2ef7a?s=96&d=mm&r=g\",\"contentUrl\":\"https:\\\/\\\/secure.gravatar.com\\\/avatar\\\/9167d280179c85bc18be67aa7eda765854300033af4896dd779b608640f2ef7a?s=96&d=mm&r=g\",\"caption\":\"Diario1 Diario1\"},\"url\":\"https:\\\/\\\/diariotextual.com\\\/inicio\\\/index.php\\\/author\\\/diario1\\\/\"}]}<\/script>\n<!-- \/ Yoast SEO plugin. -->","yoast_head_json":{"title":"Otro femicidio en Pico: \"Valeria fue asesinada por su pareja\", dijo el fiscal - Diario Textual","robots":{"index":"index","follow":"follow","max-snippet":"max-snippet:-1","max-image-preview":"max-image-preview:large","max-video-preview":"max-video-preview:-1"},"canonical":"https:\/\/diariotextual.com\/inicio\/index.php\/2019\/06\/25\/femicidio-pico-valeria-fue-asesinada-pareja-dijo-fiscal\/","og_locale":"es_ES","og_type":"article","og_title":"Otro femicidio en Pico: \"Valeria fue asesinada por su pareja\", dijo el fiscal - Diario Textual","og_description":"Valeria Coggiola (30 a\u00f1os)\u00a0fue asesinada de \u201cm\u00faltiples\u201d pu\u00f1aladas por el boxeador\u00a0Enzo Gauna (27 a\u00f1os), quien ser\u00eda su pareja. Lo dijo, en una breve comunicaci\u00f3n con Diario Textual, el fiscal general&hellip;","og_url":"https:\/\/diariotextual.com\/inicio\/index.php\/2019\/06\/25\/femicidio-pico-valeria-fue-asesinada-pareja-dijo-fiscal\/","og_site_name":"Diario Textual","article_publisher":"https:\/\/www.facebook.com\/eltextual","article_published_time":"2019-06-25T14:43:34+00:00","article_modified_time":"2019-06-25T23:53:50+00:00","og_image":[{"width":700,"height":467,"url":"https:\/\/diariotextual.com\/inicio\/wp-content\/uploads\/2018\/09\/armandoaguerofiscal.jpg","type":"image\/jpeg"}],"author":"Diario1 Diario1","twitter_card":"summary_large_image","twitter_creator":"@eltextual","twitter_site":"@eltextual","twitter_misc":{"Escrito por":"Diario1 Diario1","Tiempo de lectura":"1 minuto"},"schema":{"@context":"https:\/\/schema.org","@graph":[{"@type":"Article","@id":"https:\/\/diariotextual.com\/inicio\/index.php\/2019\/06\/25\/femicidio-pico-valeria-fue-asesinada-pareja-dijo-fiscal\/#article","isPartOf":{"@id":"https:\/\/diariotextual.com\/inicio\/index.php\/2019\/06\/25\/femicidio-pico-valeria-fue-asesinada-pareja-dijo-fiscal\/"},"author":{"name":"Diario1 Diario1","@id":"https:\/\/diariotextual.com\/inicio\/#\/schema\/person\/418fc4093c33e86ed41562db3508f958"},"headline":"Otro femicidio en Pico: \u00abValeria fue asesinada por su pareja\u00bb, dijo el fiscal","datePublished":"2019-06-25T14:43:34+00:00","dateModified":"2019-06-25T23:53:50+00:00","mainEntityOfPage":{"@id":"https:\/\/diariotextual.com\/inicio\/index.php\/2019\/06\/25\/femicidio-pico-valeria-fue-asesinada-pareja-dijo-fiscal\/"},"wordCount":301,"publisher":{"@id":"https:\/\/diariotextual.com\/inicio\/#organization"},"image":{"@id":"https:\/\/diariotextual.com\/inicio\/index.php\/2019\/06\/25\/femicidio-pico-valeria-fue-asesinada-pareja-dijo-fiscal\/#primaryimage"},"thumbnailUrl":"https:\/\/diariotextual.com\/inicio\/wp-content\/uploads\/2018\/09\/armandoaguerofiscal.jpg","keywords":["femicidio"],"articleSection":["A - TEMPORALES","SOCIEDAD"],"inLanguage":"es"},{"@type":"WebPage","@id":"https:\/\/diariotextual.com\/inicio\/index.php\/2019\/06\/25\/femicidio-pico-valeria-fue-asesinada-pareja-dijo-fiscal\/","url":"https:\/\/diariotextual.com\/inicio\/index.php\/2019\/06\/25\/femicidio-pico-valeria-fue-asesinada-pareja-dijo-fiscal\/","name":"Otro femicidio en Pico: \"Valeria fue asesinada por su pareja\", dijo el fiscal - Diario Textual","isPartOf":{"@id":"https:\/\/diariotextual.com\/inicio\/#website"},"primaryImageOfPage":{"@id":"https:\/\/diariotextual.com\/inicio\/index.php\/2019\/06\/25\/femicidio-pico-valeria-fue-asesinada-pareja-dijo-fiscal\/#primaryimage"},"image":{"@id":"https:\/\/diariotextual.com\/inicio\/index.php\/2019\/06\/25\/femicidio-pico-valeria-fue-asesinada-pareja-dijo-fiscal\/#primaryimage"},"thumbnailUrl":"https:\/\/diariotextual.com\/inicio\/wp-content\/uploads\/2018\/09\/armandoaguerofiscal.jpg","datePublished":"2019-06-25T14:43:34+00:00","dateModified":"2019-06-25T23:53:50+00:00","breadcrumb":{"@id":"https:\/\/diariotextual.com\/inicio\/index.php\/2019\/06\/25\/femicidio-pico-valeria-fue-asesinada-pareja-dijo-fiscal\/#breadcrumb"},"inLanguage":"es","potentialAction":[{"@type":"ReadAction","target":["https:\/\/diariotextual.com\/inicio\/index.php\/2019\/06\/25\/femicidio-pico-valeria-fue-asesinada-pareja-dijo-fiscal\/"]}]},{"@type":"ImageObject","inLanguage":"es","@id":"https:\/\/diariotextual.com\/inicio\/index.php\/2019\/06\/25\/femicidio-pico-valeria-fue-asesinada-pareja-dijo-fiscal\/#primaryimage","url":"https:\/\/diariotextual.com\/inicio\/wp-content\/uploads\/2018\/09\/armandoaguerofiscal.jpg","contentUrl":"https:\/\/diariotextual.com\/inicio\/wp-content\/uploads\/2018\/09\/armandoaguerofiscal.jpg","width":700,"height":467},{"@type":"BreadcrumbList","@id":"https:\/\/diariotextual.com\/inicio\/index.php\/2019\/06\/25\/femicidio-pico-valeria-fue-asesinada-pareja-dijo-fiscal\/#breadcrumb","itemListElement":[{"@type":"ListItem","position":1,"name":"Portada","item":"https:\/\/diariotextual.com\/inicio\/"},{"@type":"ListItem","position":2,"name":"Otro femicidio en Pico: \u00abValeria fue asesinada por su pareja\u00bb, dijo el fiscal"}]},{"@type":"WebSite","@id":"https:\/\/diariotextual.com\/inicio\/#website","url":"https:\/\/diariotextual.com\/inicio\/","name":"Diario Textual","description":"","publisher":{"@id":"https:\/\/diariotextual.com\/inicio\/#organization"},"potentialAction":[{"@type":"SearchAction","target":{"@type":"EntryPoint","urlTemplate":"https:\/\/diariotextual.com\/inicio\/?s={search_term_string}"},"query-input":{"@type":"PropertyValueSpecification","valueRequired":true,"valueName":"search_term_string"}}],"inLanguage":"es"},{"@type":"Organization","@id":"https:\/\/diariotextual.com\/inicio\/#organization","name":"Diario Textual","url":"https:\/\/diariotextual.com\/inicio\/","logo":{"@type":"ImageObject","inLanguage":"es","@id":"https:\/\/diariotextual.com\/inicio\/#\/schema\/logo\/image\/","url":"https:\/\/diariotextual.com\/inicio\/wp-content\/uploads\/2023\/05\/logotextual1.jpg","contentUrl":"https:\/\/diariotextual.com\/inicio\/wp-content\/uploads\/2023\/05\/logotextual1.jpg","width":516,"height":76,"caption":"Diario Textual"},"image":{"@id":"https:\/\/diariotextual.com\/inicio\/#\/schema\/logo\/image\/"},"sameAs":["https:\/\/www.facebook.com\/eltextual","https:\/\/x.com\/eltextual","http:\/\/www.instagram.com\/eltextual"]},{"@type":"Person","@id":"https:\/\/diariotextual.com\/inicio\/#\/schema\/person\/418fc4093c33e86ed41562db3508f958","name":"Diario1 Diario1","image":{"@type":"ImageObject","inLanguage":"es","@id":"https:\/\/secure.gravatar.com\/avatar\/9167d280179c85bc18be67aa7eda765854300033af4896dd779b608640f2ef7a?s=96&d=mm&r=g","url":"https:\/\/secure.gravatar.com\/avatar\/9167d280179c85bc18be67aa7eda765854300033af4896dd779b608640f2ef7a?s=96&d=mm&r=g","contentUrl":"https:\/\/secure.gravatar.com\/avatar\/9167d280179c85bc18be67aa7eda765854300033af4896dd779b608640f2ef7a?s=96&d=mm&r=g","caption":"Diario1 Diario1"},"url":"https:\/\/diariotextual.com\/inicio\/index.php\/author\/diario1\/"}]}},"_links":{"self":[{"href":"https:\/\/diariotextual.com\/inicio\/index.php\/wp-json\/wp\/v2\/posts\/53554","targetHints":{"allow":["GET"]}}],"collection":[{"href":"https:\/\/diariotextual.com\/inicio\/index.php\/wp-json\/wp\/v2\/posts"}],"about":[{"href":"https:\/\/diariotextual.com\/inicio\/index.php\/wp-json\/wp\/v2\/types\/post"}],"author":[{"embeddable":true,"href":"https:\/\/diariotextual.com\/inicio\/index.php\/wp-json\/wp\/v2\/users\/3"}],"replies":[{"embeddable":true,"href":"https:\/\/diariotextual.com\/inicio\/index.php\/wp-json\/wp\/v2\/comments?post=53554"}],"version-history":[{"count":7,"href":"https:\/\/diariotextual.com\/inicio\/index.php\/wp-json\/wp\/v2\/posts\/53554\/revisions"}],"predecessor-version":[{"id":53584,"href":"https:\/\/diariotextual.com\/inicio\/index.php\/wp-json\/wp\/v2\/posts\/53554\/revisions\/53584"}],"wp:featuredmedia":[{"embeddable":true,"href":"https:\/\/diariotextual.com\/inicio\/index.php\/wp-json\/wp\/v2\/media\/19855"}],"wp:attachment":[{"href":"https:\/\/diariotextual.com\/inicio\/index.php\/wp-json\/wp\/v2\/media?parent=53554"}],"wp:term":[{"taxonomy":"category","embeddable":true,"href":"https:\/\/diariotextual.com\/inicio\/index.php\/wp-json\/wp\/v2\/categories?post=53554"},{"taxonomy":"post_tag","embeddable":true,"href":"https:\/\/diariotextual.com\/inicio\/index.php\/wp-json\/wp\/v2\/tags?post=53554"}],"curies":[{"name":"wp","href":"https:\/\/api.w.org\/{rel}","templated":true}]}}