{"id":53562,"date":"2019-06-25T11:57:07","date_gmt":"2019-06-25T14:57:07","guid":{"rendered":"http:\/\/diariotextual.com\/inicio\/?p=53562"},"modified":"2019-06-25T20:35:13","modified_gmt":"2019-06-25T23:35:13","slug":"la-foto-del-femicida-valeria-al-detenido-catrilo","status":"publish","type":"post","link":"https:\/\/diariotextual.com\/inicio\/index.php\/2019\/06\/25\/la-foto-del-femicida-valeria-al-detenido-catrilo\/","title":{"rendered":"La foto del femicida de Valeria al ser detenido en Catril\u00f3"},"content":{"rendered":"<p><strong>El boxeador Enzo Gauna<\/strong> (27 a\u00f1os), el acusado del asesinato de su novia <strong>Valeria Coggiola<\/strong> (30 a\u00f1os), fue detenido en Catril\u00f3. La joven fue asesinada de \u201cm\u00faltiples\u201d pu\u00f1aladas por su novio. Lo dijo, en una breve comunicaci\u00f3n con\u00a0<strong>Diario Textual<\/strong>, el fiscal general de Pico,\u00a0<strong>Armando Ag\u00fcero<\/strong>. \u201cEl asesino ten\u00eda una relaci\u00f3n sentimental con ella. Valeria fue asesinada por su pareja o novio\u201d, cont\u00f3.<\/p>\n<p><img fetchpriority=\"high\" decoding=\"async\" class=\"alignnone wp-image-53563 \" src=\"http:\/\/diariotextual.com\/inicio\/wp-content\/uploads\/2019\/06\/gaunaenzodeencion2019-1.jpg\" alt=\"\" width=\"537\" height=\"749\" srcset=\"https:\/\/diariotextual.com\/inicio\/wp-content\/uploads\/2019\/06\/gaunaenzodeencion2019-1.jpg 700w, https:\/\/diariotextual.com\/inicio\/wp-content\/uploads\/2019\/06\/gaunaenzodeencion2019-1-215x300.jpg 215w, https:\/\/diariotextual.com\/inicio\/wp-content\/uploads\/2019\/06\/gaunaenzodeencion2019-1-585x816.jpg 585w\" sizes=\"(max-width: 537px) 100vw, 537px\" \/><\/p>\n<p>El brutal asesinato ocurri\u00f3 en una vivienda ubicada sobre calle 106 entre 23 y 25, en el barrio El Molino. All\u00ed viv\u00eda Valeria, con sus hijos de 13, 12 y 3 a\u00f1os. En el momento del crimen, hab\u00eda dos nenes en la casa. Dorm\u00edan en una habitaci\u00f3n contigua.,<\/p>\n<p>De acuerdo a lo informado por fuentes policiales y judiciales, el hecho ocurri\u00f3 alrededor de las 4 de este martes. Gauna hab\u00eda llegado a la vivienda de Coggiola alrededor de las 9 horas del lunes. Los informantes\u00a0confirmaron a Diario Textual que<strong>\u00a0la joven fue atacada con un cuchillo tipo carnicero.\u00a0<\/strong><\/p>\n<p><img decoding=\"async\" class=\"alignnone wp-image-53587\" src=\"http:\/\/diariotextual.com\/inicio\/wp-content\/uploads\/2019\/06\/gaunafemicidacatrilo93.jpg\" alt=\"\" width=\"552\" height=\"369\" srcset=\"https:\/\/diariotextual.com\/inicio\/wp-content\/uploads\/2019\/06\/gaunafemicidacatrilo93.jpg 678w, https:\/\/diariotextual.com\/inicio\/wp-content\/uploads\/2019\/06\/gaunafemicidacatrilo93-300x200.jpg 300w, https:\/\/diariotextual.com\/inicio\/wp-content\/uploads\/2019\/06\/gaunafemicidacatrilo93-585x391.jpg 585w, https:\/\/diariotextual.com\/inicio\/wp-content\/uploads\/2019\/06\/gaunafemicidacatrilo93-263x175.jpg 263w\" sizes=\"(max-width: 552px) 100vw, 552px\" \/><\/p>\n<p>Gauna, quien practica boxeo, escap\u00f3 a Catril\u00f3. All\u00ed, <strong>al llegar ensangrentado<\/strong>, confes\u00f3 el crimen a un familiar.\u00a0\u201cEl homicida tendr\u00eda su domicilio fijado en la localidad de Catril\u00f3 y que una vez concretado el horrendo crimen, se habr\u00eda ido por sus propios medios hacia la vecina localidad, a la casa de un familiar donde confes\u00f3 el crimen\u201d, cont\u00f3 Ag\u00fcero. El familiar lo denunci\u00f3 alrededor de las 7 horas.<\/p>\n<p>Las autoridades, alertadas desde la comisar\u00eda de Catril\u00f3, concurrieron a la casa del barrio El Molino. All\u00ed se encontraron con la mujer ya muerta.\u00a0<strong>\u00a0\u00abMientras esper\u00e1bamos por entrar, desde la vereda escuchamos el ruido de menores. Eran sus hijos, apenas ingresamos los retiramos del lugar\u00bb<\/strong>, confirm\u00f3 Ag\u00fcero.<\/p>\n<p>&nbsp;<\/p>\n<blockquote class=\"wp-embedded-content\" data-secret=\"tX8NK2zgA4\"><p><a href=\"http:\/\/diariotextual.com\/inicio\/index.php\/2019\/06\/25\/femicidio-general-pico\/\">Otro femicidio sacude a General Pico<\/a><\/p><\/blockquote>\n<p><iframe class=\"wp-embedded-content\" sandbox=\"allow-scripts\" security=\"restricted\" style=\"position: absolute; clip: rect(1px, 1px, 1px, 1px);\" src=\"http:\/\/diariotextual.com\/inicio\/index.php\/2019\/06\/25\/femicidio-general-pico\/embed\/#?secret=tX8NK2zgA4\" data-secret=\"tX8NK2zgA4\" width=\"600\" height=\"338\" title=\"&#171;Otro femicidio sacude a General Pico&#187; &#8212; Diario Textual\" frameborder=\"0\" marginwidth=\"0\" marginheight=\"0\" scrolling=\"no\"><\/iframe><\/p>\n<p>&nbsp;<\/p>\n","protected":false},"excerpt":{"rendered":"<p>El boxeador Enzo Gauna (27 a\u00f1os), el acusado del asesinato de su novia Valeria Coggiola (30 a\u00f1os), fue detenido en Catril\u00f3. La joven fue asesinada de \u201cm\u00faltiples\u201d pu\u00f1aladas por su&hellip;<\/p>\n","protected":false},"author":3,"featured_media":53564,"comment_status":"closed","ping_status":"open","sticky":false,"template":"","format":"standard","meta":{"_acf_changed":false,"footnotes":""},"categories":[10,319,12],"tags":[],"class_list":["post-53562","post","type-post","status-publish","format-standard","has-post-thumbnail","hentry","category-portada-2","category-a-temporales","category-sociedad"],"acf":[],"yoast_head":"<!-- This site is optimized with the Yoast SEO plugin v27.5 - https:\/\/yoast.com\/product\/yoast-seo-wordpress\/ -->\n<title>La foto del femicida de Valeria al ser detenido en Catril\u00f3 - Diario Textual<\/title>\n<meta name=\"robots\" content=\"index, follow, max-snippet:-1, max-image-preview:large, max-video-preview:-1\" \/>\n<link rel=\"canonical\" href=\"https:\/\/diariotextual.com\/inicio\/index.php\/2019\/06\/25\/la-foto-del-femicida-valeria-al-detenido-catrilo\/\" \/>\n<meta property=\"og:locale\" content=\"es_ES\" \/>\n<meta property=\"og:type\" content=\"article\" \/>\n<meta property=\"og:title\" content=\"La foto del femicida de Valeria al ser detenido en Catril\u00f3 - Diario Textual\" \/>\n<meta property=\"og:description\" content=\"El boxeador Enzo Gauna (27 a\u00f1os), el acusado del asesinato de su novia Valeria Coggiola (30 a\u00f1os), fue detenido en Catril\u00f3. La joven fue asesinada de \u201cm\u00faltiples\u201d pu\u00f1aladas por su&hellip;\" \/>\n<meta property=\"og:url\" content=\"https:\/\/diariotextual.com\/inicio\/index.php\/2019\/06\/25\/la-foto-del-femicida-valeria-al-detenido-catrilo\/\" \/>\n<meta property=\"og:site_name\" content=\"Diario Textual\" \/>\n<meta property=\"article:publisher\" content=\"https:\/\/www.facebook.com\/eltextual\" \/>\n<meta property=\"article:published_time\" content=\"2019-06-25T14:57:07+00:00\" \/>\n<meta property=\"article:modified_time\" content=\"2019-06-25T23:35:13+00:00\" \/>\n<meta property=\"og:image\" content=\"https:\/\/diariotextual.com\/inicio\/wp-content\/uploads\/2019\/06\/gaunaenzodeencion2019-2.jpg\" \/>\n\t<meta property=\"og:image:width\" content=\"680\" \/>\n\t<meta property=\"og:image:height\" content=\"423\" \/>\n\t<meta property=\"og:image:type\" content=\"image\/jpeg\" \/>\n<meta name=\"author\" content=\"Diario1 Diario1\" \/>\n<meta name=\"twitter:card\" content=\"summary_large_image\" \/>\n<meta name=\"twitter:creator\" content=\"@eltextual\" \/>\n<meta name=\"twitter:site\" content=\"@eltextual\" \/>\n<meta name=\"twitter:label1\" content=\"Escrito por\" \/>\n\t<meta name=\"twitter:data1\" content=\"Diario1 Diario1\" \/>\n\t<meta name=\"twitter:label2\" content=\"Tiempo de lectura\" \/>\n\t<meta name=\"twitter:data2\" content=\"1 minuto\" \/>\n<script type=\"application\/ld+json\" class=\"yoast-schema-graph\">{\"@context\":\"https:\\\/\\\/schema.org\",\"@graph\":[{\"@type\":\"Article\",\"@id\":\"https:\\\/\\\/diariotextual.com\\\/inicio\\\/index.php\\\/2019\\\/06\\\/25\\\/la-foto-del-femicida-valeria-al-detenido-catrilo\\\/#article\",\"isPartOf\":{\"@id\":\"https:\\\/\\\/diariotextual.com\\\/inicio\\\/index.php\\\/2019\\\/06\\\/25\\\/la-foto-del-femicida-valeria-al-detenido-catrilo\\\/\"},\"author\":{\"name\":\"Diario1 Diario1\",\"@id\":\"https:\\\/\\\/diariotextual.com\\\/inicio\\\/#\\\/schema\\\/person\\\/418fc4093c33e86ed41562db3508f958\"},\"headline\":\"La foto del femicida de Valeria al ser detenido en Catril\u00f3\",\"datePublished\":\"2019-06-25T14:57:07+00:00\",\"dateModified\":\"2019-06-25T23:35:13+00:00\",\"mainEntityOfPage\":{\"@id\":\"https:\\\/\\\/diariotextual.com\\\/inicio\\\/index.php\\\/2019\\\/06\\\/25\\\/la-foto-del-femicida-valeria-al-detenido-catrilo\\\/\"},\"wordCount\":307,\"publisher\":{\"@id\":\"https:\\\/\\\/diariotextual.com\\\/inicio\\\/#organization\"},\"image\":{\"@id\":\"https:\\\/\\\/diariotextual.com\\\/inicio\\\/index.php\\\/2019\\\/06\\\/25\\\/la-foto-del-femicida-valeria-al-detenido-catrilo\\\/#primaryimage\"},\"thumbnailUrl\":\"https:\\\/\\\/diariotextual.com\\\/inicio\\\/wp-content\\\/uploads\\\/2019\\\/06\\\/gaunaenzodeencion2019-2.jpg\",\"articleSection\":[\"A - PORTADA2\",\"A - TEMPORALES\",\"SOCIEDAD\"],\"inLanguage\":\"es\"},{\"@type\":\"WebPage\",\"@id\":\"https:\\\/\\\/diariotextual.com\\\/inicio\\\/index.php\\\/2019\\\/06\\\/25\\\/la-foto-del-femicida-valeria-al-detenido-catrilo\\\/\",\"url\":\"https:\\\/\\\/diariotextual.com\\\/inicio\\\/index.php\\\/2019\\\/06\\\/25\\\/la-foto-del-femicida-valeria-al-detenido-catrilo\\\/\",\"name\":\"La foto del femicida de Valeria al ser detenido en Catril\u00f3 - Diario Textual\",\"isPartOf\":{\"@id\":\"https:\\\/\\\/diariotextual.com\\\/inicio\\\/#website\"},\"primaryImageOfPage\":{\"@id\":\"https:\\\/\\\/diariotextual.com\\\/inicio\\\/index.php\\\/2019\\\/06\\\/25\\\/la-foto-del-femicida-valeria-al-detenido-catrilo\\\/#primaryimage\"},\"image\":{\"@id\":\"https:\\\/\\\/diariotextual.com\\\/inicio\\\/index.php\\\/2019\\\/06\\\/25\\\/la-foto-del-femicida-valeria-al-detenido-catrilo\\\/#primaryimage\"},\"thumbnailUrl\":\"https:\\\/\\\/diariotextual.com\\\/inicio\\\/wp-content\\\/uploads\\\/2019\\\/06\\\/gaunaenzodeencion2019-2.jpg\",\"datePublished\":\"2019-06-25T14:57:07+00:00\",\"dateModified\":\"2019-06-25T23:35:13+00:00\",\"breadcrumb\":{\"@id\":\"https:\\\/\\\/diariotextual.com\\\/inicio\\\/index.php\\\/2019\\\/06\\\/25\\\/la-foto-del-femicida-valeria-al-detenido-catrilo\\\/#breadcrumb\"},\"inLanguage\":\"es\",\"potentialAction\":[{\"@type\":\"ReadAction\",\"target\":[\"https:\\\/\\\/diariotextual.com\\\/inicio\\\/index.php\\\/2019\\\/06\\\/25\\\/la-foto-del-femicida-valeria-al-detenido-catrilo\\\/\"]}]},{\"@type\":\"ImageObject\",\"inLanguage\":\"es\",\"@id\":\"https:\\\/\\\/diariotextual.com\\\/inicio\\\/index.php\\\/2019\\\/06\\\/25\\\/la-foto-del-femicida-valeria-al-detenido-catrilo\\\/#primaryimage\",\"url\":\"https:\\\/\\\/diariotextual.com\\\/inicio\\\/wp-content\\\/uploads\\\/2019\\\/06\\\/gaunaenzodeencion2019-2.jpg\",\"contentUrl\":\"https:\\\/\\\/diariotextual.com\\\/inicio\\\/wp-content\\\/uploads\\\/2019\\\/06\\\/gaunaenzodeencion2019-2.jpg\",\"width\":680,\"height\":423},{\"@type\":\"BreadcrumbList\",\"@id\":\"https:\\\/\\\/diariotextual.com\\\/inicio\\\/index.php\\\/2019\\\/06\\\/25\\\/la-foto-del-femicida-valeria-al-detenido-catrilo\\\/#breadcrumb\",\"itemListElement\":[{\"@type\":\"ListItem\",\"position\":1,\"name\":\"Portada\",\"item\":\"https:\\\/\\\/diariotextual.com\\\/inicio\\\/\"},{\"@type\":\"ListItem\",\"position\":2,\"name\":\"La foto del femicida de Valeria al ser detenido en Catril\u00f3\"}]},{\"@type\":\"WebSite\",\"@id\":\"https:\\\/\\\/diariotextual.com\\\/inicio\\\/#website\",\"url\":\"https:\\\/\\\/diariotextual.com\\\/inicio\\\/\",\"name\":\"Diario Textual\",\"description\":\"\",\"publisher\":{\"@id\":\"https:\\\/\\\/diariotextual.com\\\/inicio\\\/#organization\"},\"potentialAction\":[{\"@type\":\"SearchAction\",\"target\":{\"@type\":\"EntryPoint\",\"urlTemplate\":\"https:\\\/\\\/diariotextual.com\\\/inicio\\\/?s={search_term_string}\"},\"query-input\":{\"@type\":\"PropertyValueSpecification\",\"valueRequired\":true,\"valueName\":\"search_term_string\"}}],\"inLanguage\":\"es\"},{\"@type\":\"Organization\",\"@id\":\"https:\\\/\\\/diariotextual.com\\\/inicio\\\/#organization\",\"name\":\"Diario Textual\",\"url\":\"https:\\\/\\\/diariotextual.com\\\/inicio\\\/\",\"logo\":{\"@type\":\"ImageObject\",\"inLanguage\":\"es\",\"@id\":\"https:\\\/\\\/diariotextual.com\\\/inicio\\\/#\\\/schema\\\/logo\\\/image\\\/\",\"url\":\"https:\\\/\\\/diariotextual.com\\\/inicio\\\/wp-content\\\/uploads\\\/2023\\\/05\\\/logotextual1.jpg\",\"contentUrl\":\"https:\\\/\\\/diariotextual.com\\\/inicio\\\/wp-content\\\/uploads\\\/2023\\\/05\\\/logotextual1.jpg\",\"width\":516,\"height\":76,\"caption\":\"Diario Textual\"},\"image\":{\"@id\":\"https:\\\/\\\/diariotextual.com\\\/inicio\\\/#\\\/schema\\\/logo\\\/image\\\/\"},\"sameAs\":[\"https:\\\/\\\/www.facebook.com\\\/eltextual\",\"https:\\\/\\\/x.com\\\/eltextual\",\"http:\\\/\\\/www.instagram.com\\\/eltextual\"]},{\"@type\":\"Person\",\"@id\":\"https:\\\/\\\/diariotextual.com\\\/inicio\\\/#\\\/schema\\\/person\\\/418fc4093c33e86ed41562db3508f958\",\"name\":\"Diario1 Diario1\",\"image\":{\"@type\":\"ImageObject\",\"inLanguage\":\"es\",\"@id\":\"https:\\\/\\\/secure.gravatar.com\\\/avatar\\\/9167d280179c85bc18be67aa7eda765854300033af4896dd779b608640f2ef7a?s=96&d=mm&r=g\",\"url\":\"https:\\\/\\\/secure.gravatar.com\\\/avatar\\\/9167d280179c85bc18be67aa7eda765854300033af4896dd779b608640f2ef7a?s=96&d=mm&r=g\",\"contentUrl\":\"https:\\\/\\\/secure.gravatar.com\\\/avatar\\\/9167d280179c85bc18be67aa7eda765854300033af4896dd779b608640f2ef7a?s=96&d=mm&r=g\",\"caption\":\"Diario1 Diario1\"},\"url\":\"https:\\\/\\\/diariotextual.com\\\/inicio\\\/index.php\\\/author\\\/diario1\\\/\"}]}<\/script>\n<!-- \/ Yoast SEO plugin. -->","yoast_head_json":{"title":"La foto del femicida de Valeria al ser detenido en Catril\u00f3 - Diario Textual","robots":{"index":"index","follow":"follow","max-snippet":"max-snippet:-1","max-image-preview":"max-image-preview:large","max-video-preview":"max-video-preview:-1"},"canonical":"https:\/\/diariotextual.com\/inicio\/index.php\/2019\/06\/25\/la-foto-del-femicida-valeria-al-detenido-catrilo\/","og_locale":"es_ES","og_type":"article","og_title":"La foto del femicida de Valeria al ser detenido en Catril\u00f3 - Diario Textual","og_description":"El boxeador Enzo Gauna (27 a\u00f1os), el acusado del asesinato de su novia Valeria Coggiola (30 a\u00f1os), fue detenido en Catril\u00f3. La joven fue asesinada de \u201cm\u00faltiples\u201d pu\u00f1aladas por su&hellip;","og_url":"https:\/\/diariotextual.com\/inicio\/index.php\/2019\/06\/25\/la-foto-del-femicida-valeria-al-detenido-catrilo\/","og_site_name":"Diario Textual","article_publisher":"https:\/\/www.facebook.com\/eltextual","article_published_time":"2019-06-25T14:57:07+00:00","article_modified_time":"2019-06-25T23:35:13+00:00","og_image":[{"width":680,"height":423,"url":"https:\/\/diariotextual.com\/inicio\/wp-content\/uploads\/2019\/06\/gaunaenzodeencion2019-2.jpg","type":"image\/jpeg"}],"author":"Diario1 Diario1","twitter_card":"summary_large_image","twitter_creator":"@eltextual","twitter_site":"@eltextual","twitter_misc":{"Escrito por":"Diario1 Diario1","Tiempo de lectura":"1 minuto"},"schema":{"@context":"https:\/\/schema.org","@graph":[{"@type":"Article","@id":"https:\/\/diariotextual.com\/inicio\/index.php\/2019\/06\/25\/la-foto-del-femicida-valeria-al-detenido-catrilo\/#article","isPartOf":{"@id":"https:\/\/diariotextual.com\/inicio\/index.php\/2019\/06\/25\/la-foto-del-femicida-valeria-al-detenido-catrilo\/"},"author":{"name":"Diario1 Diario1","@id":"https:\/\/diariotextual.com\/inicio\/#\/schema\/person\/418fc4093c33e86ed41562db3508f958"},"headline":"La foto del femicida de Valeria al ser detenido en Catril\u00f3","datePublished":"2019-06-25T14:57:07+00:00","dateModified":"2019-06-25T23:35:13+00:00","mainEntityOfPage":{"@id":"https:\/\/diariotextual.com\/inicio\/index.php\/2019\/06\/25\/la-foto-del-femicida-valeria-al-detenido-catrilo\/"},"wordCount":307,"publisher":{"@id":"https:\/\/diariotextual.com\/inicio\/#organization"},"image":{"@id":"https:\/\/diariotextual.com\/inicio\/index.php\/2019\/06\/25\/la-foto-del-femicida-valeria-al-detenido-catrilo\/#primaryimage"},"thumbnailUrl":"https:\/\/diariotextual.com\/inicio\/wp-content\/uploads\/2019\/06\/gaunaenzodeencion2019-2.jpg","articleSection":["A - PORTADA2","A - TEMPORALES","SOCIEDAD"],"inLanguage":"es"},{"@type":"WebPage","@id":"https:\/\/diariotextual.com\/inicio\/index.php\/2019\/06\/25\/la-foto-del-femicida-valeria-al-detenido-catrilo\/","url":"https:\/\/diariotextual.com\/inicio\/index.php\/2019\/06\/25\/la-foto-del-femicida-valeria-al-detenido-catrilo\/","name":"La foto del femicida de Valeria al ser detenido en Catril\u00f3 - Diario Textual","isPartOf":{"@id":"https:\/\/diariotextual.com\/inicio\/#website"},"primaryImageOfPage":{"@id":"https:\/\/diariotextual.com\/inicio\/index.php\/2019\/06\/25\/la-foto-del-femicida-valeria-al-detenido-catrilo\/#primaryimage"},"image":{"@id":"https:\/\/diariotextual.com\/inicio\/index.php\/2019\/06\/25\/la-foto-del-femicida-valeria-al-detenido-catrilo\/#primaryimage"},"thumbnailUrl":"https:\/\/diariotextual.com\/inicio\/wp-content\/uploads\/2019\/06\/gaunaenzodeencion2019-2.jpg","datePublished":"2019-06-25T14:57:07+00:00","dateModified":"2019-06-25T23:35:13+00:00","breadcrumb":{"@id":"https:\/\/diariotextual.com\/inicio\/index.php\/2019\/06\/25\/la-foto-del-femicida-valeria-al-detenido-catrilo\/#breadcrumb"},"inLanguage":"es","potentialAction":[{"@type":"ReadAction","target":["https:\/\/diariotextual.com\/inicio\/index.php\/2019\/06\/25\/la-foto-del-femicida-valeria-al-detenido-catrilo\/"]}]},{"@type":"ImageObject","inLanguage":"es","@id":"https:\/\/diariotextual.com\/inicio\/index.php\/2019\/06\/25\/la-foto-del-femicida-valeria-al-detenido-catrilo\/#primaryimage","url":"https:\/\/diariotextual.com\/inicio\/wp-content\/uploads\/2019\/06\/gaunaenzodeencion2019-2.jpg","contentUrl":"https:\/\/diariotextual.com\/inicio\/wp-content\/uploads\/2019\/06\/gaunaenzodeencion2019-2.jpg","width":680,"height":423},{"@type":"BreadcrumbList","@id":"https:\/\/diariotextual.com\/inicio\/index.php\/2019\/06\/25\/la-foto-del-femicida-valeria-al-detenido-catrilo\/#breadcrumb","itemListElement":[{"@type":"ListItem","position":1,"name":"Portada","item":"https:\/\/diariotextual.com\/inicio\/"},{"@type":"ListItem","position":2,"name":"La foto del femicida de Valeria al ser detenido en Catril\u00f3"}]},{"@type":"WebSite","@id":"https:\/\/diariotextual.com\/inicio\/#website","url":"https:\/\/diariotextual.com\/inicio\/","name":"Diario Textual","description":"","publisher":{"@id":"https:\/\/diariotextual.com\/inicio\/#organization"},"potentialAction":[{"@type":"SearchAction","target":{"@type":"EntryPoint","urlTemplate":"https:\/\/diariotextual.com\/inicio\/?s={search_term_string}"},"query-input":{"@type":"PropertyValueSpecification","valueRequired":true,"valueName":"search_term_string"}}],"inLanguage":"es"},{"@type":"Organization","@id":"https:\/\/diariotextual.com\/inicio\/#organization","name":"Diario Textual","url":"https:\/\/diariotextual.com\/inicio\/","logo":{"@type":"ImageObject","inLanguage":"es","@id":"https:\/\/diariotextual.com\/inicio\/#\/schema\/logo\/image\/","url":"https:\/\/diariotextual.com\/inicio\/wp-content\/uploads\/2023\/05\/logotextual1.jpg","contentUrl":"https:\/\/diariotextual.com\/inicio\/wp-content\/uploads\/2023\/05\/logotextual1.jpg","width":516,"height":76,"caption":"Diario Textual"},"image":{"@id":"https:\/\/diariotextual.com\/inicio\/#\/schema\/logo\/image\/"},"sameAs":["https:\/\/www.facebook.com\/eltextual","https:\/\/x.com\/eltextual","http:\/\/www.instagram.com\/eltextual"]},{"@type":"Person","@id":"https:\/\/diariotextual.com\/inicio\/#\/schema\/person\/418fc4093c33e86ed41562db3508f958","name":"Diario1 Diario1","image":{"@type":"ImageObject","inLanguage":"es","@id":"https:\/\/secure.gravatar.com\/avatar\/9167d280179c85bc18be67aa7eda765854300033af4896dd779b608640f2ef7a?s=96&d=mm&r=g","url":"https:\/\/secure.gravatar.com\/avatar\/9167d280179c85bc18be67aa7eda765854300033af4896dd779b608640f2ef7a?s=96&d=mm&r=g","contentUrl":"https:\/\/secure.gravatar.com\/avatar\/9167d280179c85bc18be67aa7eda765854300033af4896dd779b608640f2ef7a?s=96&d=mm&r=g","caption":"Diario1 Diario1"},"url":"https:\/\/diariotextual.com\/inicio\/index.php\/author\/diario1\/"}]}},"_links":{"self":[{"href":"https:\/\/diariotextual.com\/inicio\/index.php\/wp-json\/wp\/v2\/posts\/53562","targetHints":{"allow":["GET"]}}],"collection":[{"href":"https:\/\/diariotextual.com\/inicio\/index.php\/wp-json\/wp\/v2\/posts"}],"about":[{"href":"https:\/\/diariotextual.com\/inicio\/index.php\/wp-json\/wp\/v2\/types\/post"}],"author":[{"embeddable":true,"href":"https:\/\/diariotextual.com\/inicio\/index.php\/wp-json\/wp\/v2\/users\/3"}],"replies":[{"embeddable":true,"href":"https:\/\/diariotextual.com\/inicio\/index.php\/wp-json\/wp\/v2\/comments?post=53562"}],"version-history":[{"count":10,"href":"https:\/\/diariotextual.com\/inicio\/index.php\/wp-json\/wp\/v2\/posts\/53562\/revisions"}],"predecessor-version":[{"id":53634,"href":"https:\/\/diariotextual.com\/inicio\/index.php\/wp-json\/wp\/v2\/posts\/53562\/revisions\/53634"}],"wp:featuredmedia":[{"embeddable":true,"href":"https:\/\/diariotextual.com\/inicio\/index.php\/wp-json\/wp\/v2\/media\/53564"}],"wp:attachment":[{"href":"https:\/\/diariotextual.com\/inicio\/index.php\/wp-json\/wp\/v2\/media?parent=53562"}],"wp:term":[{"taxonomy":"category","embeddable":true,"href":"https:\/\/diariotextual.com\/inicio\/index.php\/wp-json\/wp\/v2\/categories?post=53562"},{"taxonomy":"post_tag","embeddable":true,"href":"https:\/\/diariotextual.com\/inicio\/index.php\/wp-json\/wp\/v2\/tags?post=53562"}],"curies":[{"name":"wp","href":"https:\/\/api.w.org\/{rel}","templated":true}]}}