{"id":53651,"date":"2019-06-25T20:52:12","date_gmt":"2019-06-25T23:52:12","guid":{"rendered":"http:\/\/diariotextual.com\/inicio\/?p=53651"},"modified":"2019-06-26T09:16:23","modified_gmt":"2019-06-26T12:16:23","slug":"voto-dividido-lula-seguira-preso-ahora","status":"publish","type":"post","link":"https:\/\/diariotextual.com\/inicio\/index.php\/2019\/06\/25\/voto-dividido-lula-seguira-preso-ahora\/","title":{"rendered":"Con voto dividido, Lula seguir\u00e1 preso por ahora"},"content":{"rendered":"<p>El Supremo Tribunal Federal de Brasil (STF, corte suprema) rechaz\u00f3 <strong>este martes dos pedidos de habeas corpus de la defensa de Luiz In\u00e1cio Lula da Silva, pero el m\u00e1s importante, el segundo de ellos, qued\u00f3 pendiente de tratamiento<\/strong>, por el momento sin fecha.<\/p>\n<p><!--more--><\/p>\n<p>En rigor,<strong> lo que el Supremo rechaz\u00f3 en ese caso fue la concesi\u00f3n de la libertad provisional al expresidente (2003-2010) hasta que se aboque al tratamiento del fondo de lo planteado por sus abogados: la presunta parcialidad del exjuez federal anticorrupci\u00f3n y actual ministro de Justicia Sergio Moro.<\/strong><\/p>\n<p><strong>Dos jueces de la Segunda Sala del STF (Gilmar Mendes y Ricardo Lewandowski) votaron a favor de liberar al l\u00edder de la izquierda brasile\u00f1a, de 73 a\u00f1os y preso desde abril del a\u00f1o pasado<\/strong>, mientras el cuerpo define si procede la denuncia de la defensa sobre una supuesta denegaci\u00f3n del derecho de defensa. En tanto, <strong>una mayor\u00eda de tres magistrados (Edson Fachin, Celso de Mello y C\u00e1rmen L\u00facia) vot\u00f3 por mantener la actual condici\u00f3n de prisi\u00f3n hasta que se trate el fondo de la cuesti\u00f3n planteada en el habeas corpus<\/strong>, inform\u00f3 el diario \u00c1mbito Financiero.<\/p>\n<p>&nbsp;<\/p>\n<p><strong>Recursos<\/strong><\/p>\n<p>El primer recurso de la defensa, referido a la apelaci\u00f3n del fallo por el que el Superior Tribunal de Justicia (STJ) hab\u00eda confirmado la condena de Lula por corrupci\u00f3n pasiva y lavado de dinero en el caso del triplex de Guaruj\u00e1, hab\u00eda sido rechazado minutos antes por 4 votos a 1 debido a que el STF tiene competencias constitucionales y no penales, como aquel.<\/p>\n<p>El segundo habeas corpus, que queda pendiente de tratamiento, hace al centro de la discusi\u00f3n pol\u00edtico-judicial de hoy en Brasil: la<strong> supuesta parcialidad de Moro contra el exmandatario y, en un extremo, la legitimidad del cap\u00edtulo m\u00e1s sensible de la operaci\u00f3n Lava Jato.<\/strong><\/p>\n<p>El caso dej\u00f3 expuesta la profunda grieta que atraviesa a la m\u00e1s alta instancia judicial de Brasil.<\/p>\n<p>Inicialmente, <strong>la titular de la Segunda Sala del Supremo, C\u00e1rmen L\u00facia, hab\u00eda decidido sacar de la pauta de ayer el tratamiento de ambos habeas corpus, sin indicar una fecha nueva para ello. Sin embargo, despu\u00e9s de la intervenci\u00f3n de uno de los abogados del expresidente, Cristiano Zanin, se abri\u00f3 un fuerte conflicto<\/strong> que, en definitiva, alude a la legitimidad de la operaci\u00f3n Lava Jato en general y de la actuaci\u00f3n de Moro en el caso Lula en particular.<\/p>\n<p>Tras la decisi\u00f3n de C\u00e1rmen L\u00facia, una defensora permanente de aquella operaci\u00f3n, el ministro Gilmar Mendes dijo: \u201c<strong>Tiene raz\u00f3n el abogado (de Lula) cuando alega contra la prolongaci\u00f3n del per\u00edodo de prisi\u00f3n con condena confirmada en segunda instancia\u201d y no con una sentencia firme<\/strong>, como se\u00f1ala la Constituci\u00f3n.<\/p>\n<p>\u201cComo tenemos todo el orden de trabajo organizado, <strong>lo que propongo es conceder una medida para que el peticionante aguarde en libertad nuestra deliberaci\u00f3n final<\/strong>\u201d, expres\u00f3.<\/p>\n<p>Ante esa posibilidad, <strong>una presionada C\u00e1rmen L\u00facia cedi\u00f3 y acept\u00f3, a \u00faltimo momento, el tratamiento del pedido de libertad del l\u00edder de la izquierda, rechazado, como se dijo, por m\u00ednima diferencia.<\/strong><\/p>\n<p>&nbsp;<\/p>\n<p><strong>C\u00e1rcel<\/strong><\/p>\n<p><strong>Lula cumple en Curitiba (estado de Paran\u00e1, sur) una condena de 8 a\u00f1os y 10 meses de c\u00e1rcel por corrupci\u00f3n pasiva y lavado de dinero, pero sostiene su inocencia a pesar de que el fallo de Moro fue confirmado en segunda instancia<\/strong> y avalado por el STJ.<\/p>\n<p>El centro de su queja es la <strong>supuesta animosidad de Moro, algo que gan\u00f3 fuerza tras la difusi\u00f3n por parte del sitio The Intercept de chats filtrados en los que el exjuez y los fiscales mantienen conversaciones<\/strong> al parecer impropias.<\/p>\n<p>En las mismas, Moro aparece invadiendo al parecer ilegalmente las tareas de investigaci\u00f3n y los procuradores parecen actuar con la motivaci\u00f3n de sacar a Lula del proceso electoral, lo que fue posible tras su condena en segunda instancia. Sin \u00e9l en la competencia en noviembre del a\u00f1o pasado, Jair Bolsonaro fue consagrado presidente.<\/p>\n<p>Que este haya llevado a Moro a su gabinete no hizo m\u00e1s que ampliar las sospechas y lo publicado por The Intercept desat\u00f3 el esc\u00e1ndalo.<\/p>\n<p><strong>Los jueces que votaron ayer contra Lula indicaron que no est\u00e1 probada la autenticidad de esos chats. Se espera para los pr\u00f3ximos d\u00edas nuevas revelaciones de ese sitio y persiste la inc\u00f3gnita sobre el impacto<\/strong> que las mismas pueden tener cuando el STF se aboque al fondo del habeas corpus de la defensa.<\/p>\n","protected":false},"excerpt":{"rendered":"<p>El Supremo Tribunal Federal de Brasil (STF, corte suprema) rechaz\u00f3 este martes dos pedidos de habeas corpus de la defensa de Luiz In\u00e1cio Lula da Silva, pero el m\u00e1s importante,&hellip;<\/p>\n","protected":false},"author":5,"featured_media":3998,"comment_status":"closed","ping_status":"open","sticky":false,"template":"","format":"standard","meta":{"_acf_changed":false,"footnotes":""},"categories":[11,7],"tags":[],"class_list":["post-53651","post","type-post","status-publish","format-standard","has-post-thumbnail","hentry","category-que-pasa","category-mundo"],"acf":[],"yoast_head":"<!-- This site is optimized with the Yoast SEO plugin v27.4 - https:\/\/yoast.com\/product\/yoast-seo-wordpress\/ -->\n<title>Con voto dividido, Lula seguir\u00e1 preso por ahora - Diario Textual<\/title>\n<meta name=\"robots\" content=\"index, follow, max-snippet:-1, max-image-preview:large, max-video-preview:-1\" \/>\n<link rel=\"canonical\" href=\"https:\/\/diariotextual.com\/inicio\/index.php\/2019\/06\/25\/voto-dividido-lula-seguira-preso-ahora\/\" \/>\n<meta property=\"og:locale\" content=\"es_ES\" \/>\n<meta property=\"og:type\" content=\"article\" \/>\n<meta property=\"og:title\" content=\"Con voto dividido, Lula seguir\u00e1 preso por ahora - Diario Textual\" \/>\n<meta property=\"og:description\" content=\"El Supremo Tribunal Federal de Brasil (STF, corte suprema) rechaz\u00f3 este martes dos pedidos de habeas corpus de la defensa de Luiz In\u00e1cio Lula da Silva, pero el m\u00e1s importante,&hellip;\" \/>\n<meta property=\"og:url\" content=\"https:\/\/diariotextual.com\/inicio\/index.php\/2019\/06\/25\/voto-dividido-lula-seguira-preso-ahora\/\" \/>\n<meta property=\"og:site_name\" content=\"Diario Textual\" \/>\n<meta property=\"article:publisher\" content=\"https:\/\/www.facebook.com\/eltextual\" \/>\n<meta property=\"article:published_time\" content=\"2019-06-25T23:52:12+00:00\" \/>\n<meta property=\"article:modified_time\" content=\"2019-06-26T12:16:23+00:00\" \/>\n<meta property=\"og:image\" content=\"https:\/\/diariotextual.com\/inicio\/wp-content\/uploads\/2018\/04\/luladasilvaventana1.jpg\" \/>\n\t<meta property=\"og:image:width\" content=\"728\" \/>\n\t<meta property=\"og:image:height\" content=\"500\" \/>\n\t<meta property=\"og:image:type\" content=\"image\/jpeg\" \/>\n<meta name=\"author\" content=\"diario3\" \/>\n<meta name=\"twitter:card\" content=\"summary_large_image\" \/>\n<meta name=\"twitter:creator\" content=\"@eltextual\" \/>\n<meta name=\"twitter:site\" content=\"@eltextual\" \/>\n<meta name=\"twitter:label1\" content=\"Escrito por\" \/>\n\t<meta name=\"twitter:data1\" content=\"diario3\" \/>\n\t<meta name=\"twitter:label2\" content=\"Tiempo de lectura\" \/>\n\t<meta name=\"twitter:data2\" content=\"4 minutos\" \/>\n<script type=\"application\/ld+json\" class=\"yoast-schema-graph\">{\"@context\":\"https:\\\/\\\/schema.org\",\"@graph\":[{\"@type\":\"Article\",\"@id\":\"https:\\\/\\\/diariotextual.com\\\/inicio\\\/index.php\\\/2019\\\/06\\\/25\\\/voto-dividido-lula-seguira-preso-ahora\\\/#article\",\"isPartOf\":{\"@id\":\"https:\\\/\\\/diariotextual.com\\\/inicio\\\/index.php\\\/2019\\\/06\\\/25\\\/voto-dividido-lula-seguira-preso-ahora\\\/\"},\"author\":{\"name\":\"diario3\",\"@id\":\"https:\\\/\\\/diariotextual.com\\\/inicio\\\/#\\\/schema\\\/person\\\/a1b6f563e0ee944c60f98119389a4d9f\"},\"headline\":\"Con voto dividido, Lula seguir\u00e1 preso por ahora\",\"datePublished\":\"2019-06-25T23:52:12+00:00\",\"dateModified\":\"2019-06-26T12:16:23+00:00\",\"mainEntityOfPage\":{\"@id\":\"https:\\\/\\\/diariotextual.com\\\/inicio\\\/index.php\\\/2019\\\/06\\\/25\\\/voto-dividido-lula-seguira-preso-ahora\\\/\"},\"wordCount\":778,\"publisher\":{\"@id\":\"https:\\\/\\\/diariotextual.com\\\/inicio\\\/#organization\"},\"image\":{\"@id\":\"https:\\\/\\\/diariotextual.com\\\/inicio\\\/index.php\\\/2019\\\/06\\\/25\\\/voto-dividido-lula-seguira-preso-ahora\\\/#primaryimage\"},\"thumbnailUrl\":\"https:\\\/\\\/diariotextual.com\\\/inicio\\\/wp-content\\\/uploads\\\/2018\\\/04\\\/luladasilvaventana1.jpg\",\"articleSection\":[\"A - QUE PASA (al costado)\",\"MUNDO\"],\"inLanguage\":\"es\"},{\"@type\":\"WebPage\",\"@id\":\"https:\\\/\\\/diariotextual.com\\\/inicio\\\/index.php\\\/2019\\\/06\\\/25\\\/voto-dividido-lula-seguira-preso-ahora\\\/\",\"url\":\"https:\\\/\\\/diariotextual.com\\\/inicio\\\/index.php\\\/2019\\\/06\\\/25\\\/voto-dividido-lula-seguira-preso-ahora\\\/\",\"name\":\"Con voto dividido, Lula seguir\u00e1 preso por ahora - Diario Textual\",\"isPartOf\":{\"@id\":\"https:\\\/\\\/diariotextual.com\\\/inicio\\\/#website\"},\"primaryImageOfPage\":{\"@id\":\"https:\\\/\\\/diariotextual.com\\\/inicio\\\/index.php\\\/2019\\\/06\\\/25\\\/voto-dividido-lula-seguira-preso-ahora\\\/#primaryimage\"},\"image\":{\"@id\":\"https:\\\/\\\/diariotextual.com\\\/inicio\\\/index.php\\\/2019\\\/06\\\/25\\\/voto-dividido-lula-seguira-preso-ahora\\\/#primaryimage\"},\"thumbnailUrl\":\"https:\\\/\\\/diariotextual.com\\\/inicio\\\/wp-content\\\/uploads\\\/2018\\\/04\\\/luladasilvaventana1.jpg\",\"datePublished\":\"2019-06-25T23:52:12+00:00\",\"dateModified\":\"2019-06-26T12:16:23+00:00\",\"breadcrumb\":{\"@id\":\"https:\\\/\\\/diariotextual.com\\\/inicio\\\/index.php\\\/2019\\\/06\\\/25\\\/voto-dividido-lula-seguira-preso-ahora\\\/#breadcrumb\"},\"inLanguage\":\"es\",\"potentialAction\":[{\"@type\":\"ReadAction\",\"target\":[\"https:\\\/\\\/diariotextual.com\\\/inicio\\\/index.php\\\/2019\\\/06\\\/25\\\/voto-dividido-lula-seguira-preso-ahora\\\/\"]}]},{\"@type\":\"ImageObject\",\"inLanguage\":\"es\",\"@id\":\"https:\\\/\\\/diariotextual.com\\\/inicio\\\/index.php\\\/2019\\\/06\\\/25\\\/voto-dividido-lula-seguira-preso-ahora\\\/#primaryimage\",\"url\":\"https:\\\/\\\/diariotextual.com\\\/inicio\\\/wp-content\\\/uploads\\\/2018\\\/04\\\/luladasilvaventana1.jpg\",\"contentUrl\":\"https:\\\/\\\/diariotextual.com\\\/inicio\\\/wp-content\\\/uploads\\\/2018\\\/04\\\/luladasilvaventana1.jpg\",\"width\":728,\"height\":500},{\"@type\":\"BreadcrumbList\",\"@id\":\"https:\\\/\\\/diariotextual.com\\\/inicio\\\/index.php\\\/2019\\\/06\\\/25\\\/voto-dividido-lula-seguira-preso-ahora\\\/#breadcrumb\",\"itemListElement\":[{\"@type\":\"ListItem\",\"position\":1,\"name\":\"Portada\",\"item\":\"https:\\\/\\\/diariotextual.com\\\/inicio\\\/\"},{\"@type\":\"ListItem\",\"position\":2,\"name\":\"Con voto dividido, Lula seguir\u00e1 preso por ahora\"}]},{\"@type\":\"WebSite\",\"@id\":\"https:\\\/\\\/diariotextual.com\\\/inicio\\\/#website\",\"url\":\"https:\\\/\\\/diariotextual.com\\\/inicio\\\/\",\"name\":\"Diario Textual\",\"description\":\"\",\"publisher\":{\"@id\":\"https:\\\/\\\/diariotextual.com\\\/inicio\\\/#organization\"},\"potentialAction\":[{\"@type\":\"SearchAction\",\"target\":{\"@type\":\"EntryPoint\",\"urlTemplate\":\"https:\\\/\\\/diariotextual.com\\\/inicio\\\/?s={search_term_string}\"},\"query-input\":{\"@type\":\"PropertyValueSpecification\",\"valueRequired\":true,\"valueName\":\"search_term_string\"}}],\"inLanguage\":\"es\"},{\"@type\":\"Organization\",\"@id\":\"https:\\\/\\\/diariotextual.com\\\/inicio\\\/#organization\",\"name\":\"Diario Textual\",\"url\":\"https:\\\/\\\/diariotextual.com\\\/inicio\\\/\",\"logo\":{\"@type\":\"ImageObject\",\"inLanguage\":\"es\",\"@id\":\"https:\\\/\\\/diariotextual.com\\\/inicio\\\/#\\\/schema\\\/logo\\\/image\\\/\",\"url\":\"https:\\\/\\\/diariotextual.com\\\/inicio\\\/wp-content\\\/uploads\\\/2023\\\/05\\\/logotextual1.jpg\",\"contentUrl\":\"https:\\\/\\\/diariotextual.com\\\/inicio\\\/wp-content\\\/uploads\\\/2023\\\/05\\\/logotextual1.jpg\",\"width\":516,\"height\":76,\"caption\":\"Diario Textual\"},\"image\":{\"@id\":\"https:\\\/\\\/diariotextual.com\\\/inicio\\\/#\\\/schema\\\/logo\\\/image\\\/\"},\"sameAs\":[\"https:\\\/\\\/www.facebook.com\\\/eltextual\",\"https:\\\/\\\/x.com\\\/eltextual\",\"http:\\\/\\\/www.instagram.com\\\/eltextual\"]},{\"@type\":\"Person\",\"@id\":\"https:\\\/\\\/diariotextual.com\\\/inicio\\\/#\\\/schema\\\/person\\\/a1b6f563e0ee944c60f98119389a4d9f\",\"name\":\"diario3\",\"image\":{\"@type\":\"ImageObject\",\"inLanguage\":\"es\",\"@id\":\"https:\\\/\\\/secure.gravatar.com\\\/avatar\\\/5e7ee62c82fc04d9dd79d746a390d93c69c43223e5faeeb3ea9461ef752bfc5d?s=96&d=mm&r=g\",\"url\":\"https:\\\/\\\/secure.gravatar.com\\\/avatar\\\/5e7ee62c82fc04d9dd79d746a390d93c69c43223e5faeeb3ea9461ef752bfc5d?s=96&d=mm&r=g\",\"contentUrl\":\"https:\\\/\\\/secure.gravatar.com\\\/avatar\\\/5e7ee62c82fc04d9dd79d746a390d93c69c43223e5faeeb3ea9461ef752bfc5d?s=96&d=mm&r=g\",\"caption\":\"diario3\"},\"url\":\"https:\\\/\\\/diariotextual.com\\\/inicio\\\/index.php\\\/author\\\/diario3\\\/\"}]}<\/script>\n<!-- \/ Yoast SEO plugin. -->","yoast_head_json":{"title":"Con voto dividido, Lula seguir\u00e1 preso por ahora - Diario Textual","robots":{"index":"index","follow":"follow","max-snippet":"max-snippet:-1","max-image-preview":"max-image-preview:large","max-video-preview":"max-video-preview:-1"},"canonical":"https:\/\/diariotextual.com\/inicio\/index.php\/2019\/06\/25\/voto-dividido-lula-seguira-preso-ahora\/","og_locale":"es_ES","og_type":"article","og_title":"Con voto dividido, Lula seguir\u00e1 preso por ahora - Diario Textual","og_description":"El Supremo Tribunal Federal de Brasil (STF, corte suprema) rechaz\u00f3 este martes dos pedidos de habeas corpus de la defensa de Luiz In\u00e1cio Lula da Silva, pero el m\u00e1s importante,&hellip;","og_url":"https:\/\/diariotextual.com\/inicio\/index.php\/2019\/06\/25\/voto-dividido-lula-seguira-preso-ahora\/","og_site_name":"Diario Textual","article_publisher":"https:\/\/www.facebook.com\/eltextual","article_published_time":"2019-06-25T23:52:12+00:00","article_modified_time":"2019-06-26T12:16:23+00:00","og_image":[{"width":728,"height":500,"url":"https:\/\/diariotextual.com\/inicio\/wp-content\/uploads\/2018\/04\/luladasilvaventana1.jpg","type":"image\/jpeg"}],"author":"diario3","twitter_card":"summary_large_image","twitter_creator":"@eltextual","twitter_site":"@eltextual","twitter_misc":{"Escrito por":"diario3","Tiempo de lectura":"4 minutos"},"schema":{"@context":"https:\/\/schema.org","@graph":[{"@type":"Article","@id":"https:\/\/diariotextual.com\/inicio\/index.php\/2019\/06\/25\/voto-dividido-lula-seguira-preso-ahora\/#article","isPartOf":{"@id":"https:\/\/diariotextual.com\/inicio\/index.php\/2019\/06\/25\/voto-dividido-lula-seguira-preso-ahora\/"},"author":{"name":"diario3","@id":"https:\/\/diariotextual.com\/inicio\/#\/schema\/person\/a1b6f563e0ee944c60f98119389a4d9f"},"headline":"Con voto dividido, Lula seguir\u00e1 preso por ahora","datePublished":"2019-06-25T23:52:12+00:00","dateModified":"2019-06-26T12:16:23+00:00","mainEntityOfPage":{"@id":"https:\/\/diariotextual.com\/inicio\/index.php\/2019\/06\/25\/voto-dividido-lula-seguira-preso-ahora\/"},"wordCount":778,"publisher":{"@id":"https:\/\/diariotextual.com\/inicio\/#organization"},"image":{"@id":"https:\/\/diariotextual.com\/inicio\/index.php\/2019\/06\/25\/voto-dividido-lula-seguira-preso-ahora\/#primaryimage"},"thumbnailUrl":"https:\/\/diariotextual.com\/inicio\/wp-content\/uploads\/2018\/04\/luladasilvaventana1.jpg","articleSection":["A - QUE PASA (al costado)","MUNDO"],"inLanguage":"es"},{"@type":"WebPage","@id":"https:\/\/diariotextual.com\/inicio\/index.php\/2019\/06\/25\/voto-dividido-lula-seguira-preso-ahora\/","url":"https:\/\/diariotextual.com\/inicio\/index.php\/2019\/06\/25\/voto-dividido-lula-seguira-preso-ahora\/","name":"Con voto dividido, Lula seguir\u00e1 preso por ahora - Diario Textual","isPartOf":{"@id":"https:\/\/diariotextual.com\/inicio\/#website"},"primaryImageOfPage":{"@id":"https:\/\/diariotextual.com\/inicio\/index.php\/2019\/06\/25\/voto-dividido-lula-seguira-preso-ahora\/#primaryimage"},"image":{"@id":"https:\/\/diariotextual.com\/inicio\/index.php\/2019\/06\/25\/voto-dividido-lula-seguira-preso-ahora\/#primaryimage"},"thumbnailUrl":"https:\/\/diariotextual.com\/inicio\/wp-content\/uploads\/2018\/04\/luladasilvaventana1.jpg","datePublished":"2019-06-25T23:52:12+00:00","dateModified":"2019-06-26T12:16:23+00:00","breadcrumb":{"@id":"https:\/\/diariotextual.com\/inicio\/index.php\/2019\/06\/25\/voto-dividido-lula-seguira-preso-ahora\/#breadcrumb"},"inLanguage":"es","potentialAction":[{"@type":"ReadAction","target":["https:\/\/diariotextual.com\/inicio\/index.php\/2019\/06\/25\/voto-dividido-lula-seguira-preso-ahora\/"]}]},{"@type":"ImageObject","inLanguage":"es","@id":"https:\/\/diariotextual.com\/inicio\/index.php\/2019\/06\/25\/voto-dividido-lula-seguira-preso-ahora\/#primaryimage","url":"https:\/\/diariotextual.com\/inicio\/wp-content\/uploads\/2018\/04\/luladasilvaventana1.jpg","contentUrl":"https:\/\/diariotextual.com\/inicio\/wp-content\/uploads\/2018\/04\/luladasilvaventana1.jpg","width":728,"height":500},{"@type":"BreadcrumbList","@id":"https:\/\/diariotextual.com\/inicio\/index.php\/2019\/06\/25\/voto-dividido-lula-seguira-preso-ahora\/#breadcrumb","itemListElement":[{"@type":"ListItem","position":1,"name":"Portada","item":"https:\/\/diariotextual.com\/inicio\/"},{"@type":"ListItem","position":2,"name":"Con voto dividido, Lula seguir\u00e1 preso por ahora"}]},{"@type":"WebSite","@id":"https:\/\/diariotextual.com\/inicio\/#website","url":"https:\/\/diariotextual.com\/inicio\/","name":"Diario Textual","description":"","publisher":{"@id":"https:\/\/diariotextual.com\/inicio\/#organization"},"potentialAction":[{"@type":"SearchAction","target":{"@type":"EntryPoint","urlTemplate":"https:\/\/diariotextual.com\/inicio\/?s={search_term_string}"},"query-input":{"@type":"PropertyValueSpecification","valueRequired":true,"valueName":"search_term_string"}}],"inLanguage":"es"},{"@type":"Organization","@id":"https:\/\/diariotextual.com\/inicio\/#organization","name":"Diario Textual","url":"https:\/\/diariotextual.com\/inicio\/","logo":{"@type":"ImageObject","inLanguage":"es","@id":"https:\/\/diariotextual.com\/inicio\/#\/schema\/logo\/image\/","url":"https:\/\/diariotextual.com\/inicio\/wp-content\/uploads\/2023\/05\/logotextual1.jpg","contentUrl":"https:\/\/diariotextual.com\/inicio\/wp-content\/uploads\/2023\/05\/logotextual1.jpg","width":516,"height":76,"caption":"Diario Textual"},"image":{"@id":"https:\/\/diariotextual.com\/inicio\/#\/schema\/logo\/image\/"},"sameAs":["https:\/\/www.facebook.com\/eltextual","https:\/\/x.com\/eltextual","http:\/\/www.instagram.com\/eltextual"]},{"@type":"Person","@id":"https:\/\/diariotextual.com\/inicio\/#\/schema\/person\/a1b6f563e0ee944c60f98119389a4d9f","name":"diario3","image":{"@type":"ImageObject","inLanguage":"es","@id":"https:\/\/secure.gravatar.com\/avatar\/5e7ee62c82fc04d9dd79d746a390d93c69c43223e5faeeb3ea9461ef752bfc5d?s=96&d=mm&r=g","url":"https:\/\/secure.gravatar.com\/avatar\/5e7ee62c82fc04d9dd79d746a390d93c69c43223e5faeeb3ea9461ef752bfc5d?s=96&d=mm&r=g","contentUrl":"https:\/\/secure.gravatar.com\/avatar\/5e7ee62c82fc04d9dd79d746a390d93c69c43223e5faeeb3ea9461ef752bfc5d?s=96&d=mm&r=g","caption":"diario3"},"url":"https:\/\/diariotextual.com\/inicio\/index.php\/author\/diario3\/"}]}},"_links":{"self":[{"href":"https:\/\/diariotextual.com\/inicio\/index.php\/wp-json\/wp\/v2\/posts\/53651","targetHints":{"allow":["GET"]}}],"collection":[{"href":"https:\/\/diariotextual.com\/inicio\/index.php\/wp-json\/wp\/v2\/posts"}],"about":[{"href":"https:\/\/diariotextual.com\/inicio\/index.php\/wp-json\/wp\/v2\/types\/post"}],"author":[{"embeddable":true,"href":"https:\/\/diariotextual.com\/inicio\/index.php\/wp-json\/wp\/v2\/users\/5"}],"replies":[{"embeddable":true,"href":"https:\/\/diariotextual.com\/inicio\/index.php\/wp-json\/wp\/v2\/comments?post=53651"}],"version-history":[{"count":1,"href":"https:\/\/diariotextual.com\/inicio\/index.php\/wp-json\/wp\/v2\/posts\/53651\/revisions"}],"predecessor-version":[{"id":53652,"href":"https:\/\/diariotextual.com\/inicio\/index.php\/wp-json\/wp\/v2\/posts\/53651\/revisions\/53652"}],"wp:featuredmedia":[{"embeddable":true,"href":"https:\/\/diariotextual.com\/inicio\/index.php\/wp-json\/wp\/v2\/media\/3998"}],"wp:attachment":[{"href":"https:\/\/diariotextual.com\/inicio\/index.php\/wp-json\/wp\/v2\/media?parent=53651"}],"wp:term":[{"taxonomy":"category","embeddable":true,"href":"https:\/\/diariotextual.com\/inicio\/index.php\/wp-json\/wp\/v2\/categories?post=53651"},{"taxonomy":"post_tag","embeddable":true,"href":"https:\/\/diariotextual.com\/inicio\/index.php\/wp-json\/wp\/v2\/tags?post=53651"}],"curies":[{"name":"wp","href":"https:\/\/api.w.org\/{rel}","templated":true}]}}