{"id":53655,"date":"2019-06-25T22:38:49","date_gmt":"2019-06-26T01:38:49","guid":{"rendered":"http:\/\/diariotextual.com\/inicio\/?p=53655"},"modified":"2019-06-26T11:25:01","modified_gmt":"2019-06-26T14:25:01","slug":"asesino-valeria-se-nego-declarar","status":"publish","type":"post","link":"https:\/\/diariotextual.com\/inicio\/index.php\/2019\/06\/25\/asesino-valeria-se-nego-declarar\/","title":{"rendered":"Enzo Gauna asesin\u00f3 de 20 pu\u00f1aladas a Valeria"},"content":{"rendered":"<p><strong>Enzo Gauna<\/strong>, el acusado del asesinto de <strong>Valeria Coggiola<\/strong>, se neg\u00f3 a declarar y, en una audiencia de formalizaci\u00f3n, le dictaron la prisi\u00f3n preventiva hasta el juicio y lo acusaron del delito de homicidio agravado por la relaci\u00f3n de pareja y el contexto de g\u00e9nero.<\/p>\n<p>La autopsia determin\u00f3 que <strong>Valeria recibi\u00f3 20 pu\u00f1aladas en total: 16 en el cuello, 2 en el torso y 2 en el abdomen<\/strong>.<\/p>\n<blockquote class=\"wp-embedded-content\" data-secret=\"H0HfXbHd5X\"><p><a href=\"http:\/\/diariotextual.com\/inicio\/index.php\/2019\/06\/25\/nuevo-femicidio-ultimo-mensaje-valeria-coggiola-las-redes-sociales\/\">Un nuevo femicidio: el \u00faltimo mensaje de Valeria Coggiola en las redes sociales<\/a><\/p><\/blockquote>\n<p><iframe class=\"wp-embedded-content\" sandbox=\"allow-scripts\" security=\"restricted\" style=\"position: absolute; clip: rect(1px, 1px, 1px, 1px);\" src=\"http:\/\/diariotextual.com\/inicio\/index.php\/2019\/06\/25\/nuevo-femicidio-ultimo-mensaje-valeria-coggiola-las-redes-sociales\/embed\/#?secret=H0HfXbHd5X\" data-secret=\"H0HfXbHd5X\" width=\"600\" height=\"338\" title=\"&#171;Un nuevo femicidio: el \u00faltimo mensaje de Valeria Coggiola en las redes sociales&#187; &#8212; Diario Textual\" frameborder=\"0\" marginwidth=\"0\" marginheight=\"0\" scrolling=\"no\"><\/iframe><\/p>\n<p>La audiencia de formalizaci\u00f3n, que se desarroll\u00f3 en la noche de este martes en los Tribunales de Pico, fue presidida por el juez de control Alejandro Gilardenghi.<\/p>\n<p>La acusaci\u00f3n la realizaron\u00a0los fiscales Ivana Hern\u00e1ndez, Guillermo Komarofky y Armando Ag\u00fcero. El abogado Walter Vaccaro es el defensor del imputado.<\/p>\n<p>Entre los fundamentos de la prisi\u00f3n preventiva estuvieron la del peligro de fuga, en atenci\u00f3n a la pena de prisi\u00f3n perpetua que prev\u00e9n los delitos imputados y las medidas de pruebas pendientes, las cuales podr\u00eda entorpecer el imputado.<\/p>\n<p>Durante el transcurso de la semana, se realizar\u00e1n otras audiencias en relaci\u00f3n a las medidas de prueba que va a requerir el Ministerio P\u00fablico Fiscal.<\/p>\n<p>El brutal asesinato ocurri\u00f3 en una vivienda ubicada sobre calle 106 entre 23 y 25, en el barrio El Molino.\u00a0<strong>All\u00ed viv\u00eda Valeria con sus tres nenes, de 13, 12 y 3 a\u00f1os.<\/strong><\/p>\n<p>De acuerdo a lo informado por fuentes policiales y judiciales, el hecho ocurri\u00f3 alrededor de las 4 de este martes. En ese momento,\u00a0<strong>en la casa estaban dos de los tres nenes<\/strong>. El m\u00e1s chico se encontraba en otra casa.<\/p>\n<p>Gauna hab\u00eda llegado a la vivienda de Coggiola alrededor de las 9 horas del lunes. Pas\u00f3 todo el d\u00eda y la madrugada en esa casa.<\/p>\n<p>Seg\u00fan dijeron los investigadores,\u00a0<strong>el crimen ocurri\u00f3 alrededor de las 4 de la madrugada<\/strong>. \u201cEl asesinato fue cometido mientras<strong>\u00a0los nenes dorm\u00edan<\/strong>. El femicida se retir\u00f3 a las 5 horas y el cuerpo fue encontrado alrededor de las 8 de la ma\u00f1ana\u201d, dijo el fiscal Armando Ag\u00fcero a Diario Textual.<\/p>\n<p>El cuchillo fue hallado en la escena del crimen. \u201cEs una cuchilla tipo carnicero\u201d, cont\u00f3 el fiscal. \u201cMuri\u00f3 por las m\u00faltiples heridas\u201d, dijo.<\/p>\n<p>Posteriormente se fug\u00f3 en la moto de la mujer. Se fue hasta la terminal de \u00f3mnibus, donde dej\u00f3 la moto y tom\u00f3 un rem\u00eds hasta Quem\u00fa. De all\u00ed se fue en otro veh\u00edculo hasta Catril\u00f3, donde vive su expareja, con la que tiene hijos en com\u00fan.<\/p>\n<div class=\"g g-1\">\n<p>Cuando lleg\u00f3 a la casa de su expareja, ya se hab\u00eda cambiado la ropa. All\u00ed, en la intimidad, habr\u00eda confesado el hecho. Minutos m\u00e1s tarde lo paso a buscar un familiar para luego entregarse en la comisar\u00eda de Catril\u00f3, donde habr\u00eda confesando lo sucedido.<\/p>\n<\/div>\n<p>&nbsp;<\/p>\n<p>&nbsp;<\/p>\n<p>&nbsp;<\/p>\n<p>&nbsp;<\/p>\n","protected":false},"excerpt":{"rendered":"<p>Enzo Gauna, el acusado del asesinto de Valeria Coggiola, se neg\u00f3 a declarar y, en una audiencia de formalizaci\u00f3n, le dictaron la prisi\u00f3n preventiva hasta el juicio y lo acusaron&hellip;<\/p>\n","protected":false},"author":3,"featured_media":53657,"comment_status":"closed","ping_status":"open","sticky":false,"template":"","format":"standard","meta":{"_acf_changed":false,"footnotes":""},"categories":[319,12],"tags":[755,2049,2047],"class_list":["post-53655","post","type-post","status-publish","format-standard","has-post-thumbnail","hentry","category-a-temporales","category-sociedad","tag-femicidio","tag-gauna","tag-valeria"],"acf":[],"yoast_head":"<!-- This site is optimized with the Yoast SEO plugin v27.5 - https:\/\/yoast.com\/product\/yoast-seo-wordpress\/ -->\n<title>Enzo Gauna asesin\u00f3 de 20 pu\u00f1aladas a Valeria - Diario Textual<\/title>\n<meta name=\"robots\" content=\"index, follow, max-snippet:-1, max-image-preview:large, max-video-preview:-1\" \/>\n<link rel=\"canonical\" href=\"https:\/\/diariotextual.com\/inicio\/index.php\/2019\/06\/25\/asesino-valeria-se-nego-declarar\/\" \/>\n<meta property=\"og:locale\" content=\"es_ES\" \/>\n<meta property=\"og:type\" content=\"article\" \/>\n<meta property=\"og:title\" content=\"Enzo Gauna asesin\u00f3 de 20 pu\u00f1aladas a Valeria - Diario Textual\" \/>\n<meta property=\"og:description\" content=\"Enzo Gauna, el acusado del asesinto de Valeria Coggiola, se neg\u00f3 a declarar y, en una audiencia de formalizaci\u00f3n, le dictaron la prisi\u00f3n preventiva hasta el juicio y lo acusaron&hellip;\" \/>\n<meta property=\"og:url\" content=\"https:\/\/diariotextual.com\/inicio\/index.php\/2019\/06\/25\/asesino-valeria-se-nego-declarar\/\" \/>\n<meta property=\"og:site_name\" content=\"Diario Textual\" \/>\n<meta property=\"article:publisher\" content=\"https:\/\/www.facebook.com\/eltextual\" \/>\n<meta property=\"article:published_time\" content=\"2019-06-26T01:38:49+00:00\" \/>\n<meta property=\"article:modified_time\" content=\"2019-06-26T14:25:01+00:00\" \/>\n<meta property=\"og:image\" content=\"https:\/\/diariotextual.com\/inicio\/wp-content\/uploads\/2019\/06\/IMG-20190625-WA0030.jpg\" \/>\n\t<meta property=\"og:image:width\" content=\"1024\" \/>\n\t<meta property=\"og:image:height\" content=\"938\" \/>\n\t<meta property=\"og:image:type\" content=\"image\/jpeg\" \/>\n<meta name=\"author\" content=\"Diario1 Diario1\" \/>\n<meta name=\"twitter:card\" content=\"summary_large_image\" \/>\n<meta name=\"twitter:creator\" content=\"@eltextual\" \/>\n<meta name=\"twitter:site\" content=\"@eltextual\" \/>\n<meta name=\"twitter:label1\" content=\"Escrito por\" \/>\n\t<meta name=\"twitter:data1\" content=\"Diario1 Diario1\" \/>\n\t<meta name=\"twitter:label2\" content=\"Tiempo de lectura\" \/>\n\t<meta name=\"twitter:data2\" content=\"2 minutos\" \/>\n<script type=\"application\/ld+json\" class=\"yoast-schema-graph\">{\"@context\":\"https:\\\/\\\/schema.org\",\"@graph\":[{\"@type\":\"Article\",\"@id\":\"https:\\\/\\\/diariotextual.com\\\/inicio\\\/index.php\\\/2019\\\/06\\\/25\\\/asesino-valeria-se-nego-declarar\\\/#article\",\"isPartOf\":{\"@id\":\"https:\\\/\\\/diariotextual.com\\\/inicio\\\/index.php\\\/2019\\\/06\\\/25\\\/asesino-valeria-se-nego-declarar\\\/\"},\"author\":{\"name\":\"Diario1 Diario1\",\"@id\":\"https:\\\/\\\/diariotextual.com\\\/inicio\\\/#\\\/schema\\\/person\\\/418fc4093c33e86ed41562db3508f958\"},\"headline\":\"Enzo Gauna asesin\u00f3 de 20 pu\u00f1aladas a Valeria\",\"datePublished\":\"2019-06-26T01:38:49+00:00\",\"dateModified\":\"2019-06-26T14:25:01+00:00\",\"mainEntityOfPage\":{\"@id\":\"https:\\\/\\\/diariotextual.com\\\/inicio\\\/index.php\\\/2019\\\/06\\\/25\\\/asesino-valeria-se-nego-declarar\\\/\"},\"wordCount\":480,\"publisher\":{\"@id\":\"https:\\\/\\\/diariotextual.com\\\/inicio\\\/#organization\"},\"image\":{\"@id\":\"https:\\\/\\\/diariotextual.com\\\/inicio\\\/index.php\\\/2019\\\/06\\\/25\\\/asesino-valeria-se-nego-declarar\\\/#primaryimage\"},\"thumbnailUrl\":\"https:\\\/\\\/diariotextual.com\\\/inicio\\\/wp-content\\\/uploads\\\/2019\\\/06\\\/IMG-20190625-WA0030.jpg\",\"keywords\":[\"femicidio\",\"gauna\",\"valeria\"],\"articleSection\":[\"A - TEMPORALES\",\"SOCIEDAD\"],\"inLanguage\":\"es\"},{\"@type\":\"WebPage\",\"@id\":\"https:\\\/\\\/diariotextual.com\\\/inicio\\\/index.php\\\/2019\\\/06\\\/25\\\/asesino-valeria-se-nego-declarar\\\/\",\"url\":\"https:\\\/\\\/diariotextual.com\\\/inicio\\\/index.php\\\/2019\\\/06\\\/25\\\/asesino-valeria-se-nego-declarar\\\/\",\"name\":\"Enzo Gauna asesin\u00f3 de 20 pu\u00f1aladas a Valeria - Diario Textual\",\"isPartOf\":{\"@id\":\"https:\\\/\\\/diariotextual.com\\\/inicio\\\/#website\"},\"primaryImageOfPage\":{\"@id\":\"https:\\\/\\\/diariotextual.com\\\/inicio\\\/index.php\\\/2019\\\/06\\\/25\\\/asesino-valeria-se-nego-declarar\\\/#primaryimage\"},\"image\":{\"@id\":\"https:\\\/\\\/diariotextual.com\\\/inicio\\\/index.php\\\/2019\\\/06\\\/25\\\/asesino-valeria-se-nego-declarar\\\/#primaryimage\"},\"thumbnailUrl\":\"https:\\\/\\\/diariotextual.com\\\/inicio\\\/wp-content\\\/uploads\\\/2019\\\/06\\\/IMG-20190625-WA0030.jpg\",\"datePublished\":\"2019-06-26T01:38:49+00:00\",\"dateModified\":\"2019-06-26T14:25:01+00:00\",\"breadcrumb\":{\"@id\":\"https:\\\/\\\/diariotextual.com\\\/inicio\\\/index.php\\\/2019\\\/06\\\/25\\\/asesino-valeria-se-nego-declarar\\\/#breadcrumb\"},\"inLanguage\":\"es\",\"potentialAction\":[{\"@type\":\"ReadAction\",\"target\":[\"https:\\\/\\\/diariotextual.com\\\/inicio\\\/index.php\\\/2019\\\/06\\\/25\\\/asesino-valeria-se-nego-declarar\\\/\"]}]},{\"@type\":\"ImageObject\",\"inLanguage\":\"es\",\"@id\":\"https:\\\/\\\/diariotextual.com\\\/inicio\\\/index.php\\\/2019\\\/06\\\/25\\\/asesino-valeria-se-nego-declarar\\\/#primaryimage\",\"url\":\"https:\\\/\\\/diariotextual.com\\\/inicio\\\/wp-content\\\/uploads\\\/2019\\\/06\\\/IMG-20190625-WA0030.jpg\",\"contentUrl\":\"https:\\\/\\\/diariotextual.com\\\/inicio\\\/wp-content\\\/uploads\\\/2019\\\/06\\\/IMG-20190625-WA0030.jpg\",\"width\":1024,\"height\":938},{\"@type\":\"BreadcrumbList\",\"@id\":\"https:\\\/\\\/diariotextual.com\\\/inicio\\\/index.php\\\/2019\\\/06\\\/25\\\/asesino-valeria-se-nego-declarar\\\/#breadcrumb\",\"itemListElement\":[{\"@type\":\"ListItem\",\"position\":1,\"name\":\"Portada\",\"item\":\"https:\\\/\\\/diariotextual.com\\\/inicio\\\/\"},{\"@type\":\"ListItem\",\"position\":2,\"name\":\"Enzo Gauna asesin\u00f3 de 20 pu\u00f1aladas a Valeria\"}]},{\"@type\":\"WebSite\",\"@id\":\"https:\\\/\\\/diariotextual.com\\\/inicio\\\/#website\",\"url\":\"https:\\\/\\\/diariotextual.com\\\/inicio\\\/\",\"name\":\"Diario Textual\",\"description\":\"\",\"publisher\":{\"@id\":\"https:\\\/\\\/diariotextual.com\\\/inicio\\\/#organization\"},\"potentialAction\":[{\"@type\":\"SearchAction\",\"target\":{\"@type\":\"EntryPoint\",\"urlTemplate\":\"https:\\\/\\\/diariotextual.com\\\/inicio\\\/?s={search_term_string}\"},\"query-input\":{\"@type\":\"PropertyValueSpecification\",\"valueRequired\":true,\"valueName\":\"search_term_string\"}}],\"inLanguage\":\"es\"},{\"@type\":\"Organization\",\"@id\":\"https:\\\/\\\/diariotextual.com\\\/inicio\\\/#organization\",\"name\":\"Diario Textual\",\"url\":\"https:\\\/\\\/diariotextual.com\\\/inicio\\\/\",\"logo\":{\"@type\":\"ImageObject\",\"inLanguage\":\"es\",\"@id\":\"https:\\\/\\\/diariotextual.com\\\/inicio\\\/#\\\/schema\\\/logo\\\/image\\\/\",\"url\":\"https:\\\/\\\/diariotextual.com\\\/inicio\\\/wp-content\\\/uploads\\\/2023\\\/05\\\/logotextual1.jpg\",\"contentUrl\":\"https:\\\/\\\/diariotextual.com\\\/inicio\\\/wp-content\\\/uploads\\\/2023\\\/05\\\/logotextual1.jpg\",\"width\":516,\"height\":76,\"caption\":\"Diario Textual\"},\"image\":{\"@id\":\"https:\\\/\\\/diariotextual.com\\\/inicio\\\/#\\\/schema\\\/logo\\\/image\\\/\"},\"sameAs\":[\"https:\\\/\\\/www.facebook.com\\\/eltextual\",\"https:\\\/\\\/x.com\\\/eltextual\",\"http:\\\/\\\/www.instagram.com\\\/eltextual\"]},{\"@type\":\"Person\",\"@id\":\"https:\\\/\\\/diariotextual.com\\\/inicio\\\/#\\\/schema\\\/person\\\/418fc4093c33e86ed41562db3508f958\",\"name\":\"Diario1 Diario1\",\"image\":{\"@type\":\"ImageObject\",\"inLanguage\":\"es\",\"@id\":\"https:\\\/\\\/secure.gravatar.com\\\/avatar\\\/9167d280179c85bc18be67aa7eda765854300033af4896dd779b608640f2ef7a?s=96&d=mm&r=g\",\"url\":\"https:\\\/\\\/secure.gravatar.com\\\/avatar\\\/9167d280179c85bc18be67aa7eda765854300033af4896dd779b608640f2ef7a?s=96&d=mm&r=g\",\"contentUrl\":\"https:\\\/\\\/secure.gravatar.com\\\/avatar\\\/9167d280179c85bc18be67aa7eda765854300033af4896dd779b608640f2ef7a?s=96&d=mm&r=g\",\"caption\":\"Diario1 Diario1\"},\"url\":\"https:\\\/\\\/diariotextual.com\\\/inicio\\\/index.php\\\/author\\\/diario1\\\/\"}]}<\/script>\n<!-- \/ Yoast SEO plugin. -->","yoast_head_json":{"title":"Enzo Gauna asesin\u00f3 de 20 pu\u00f1aladas a Valeria - Diario Textual","robots":{"index":"index","follow":"follow","max-snippet":"max-snippet:-1","max-image-preview":"max-image-preview:large","max-video-preview":"max-video-preview:-1"},"canonical":"https:\/\/diariotextual.com\/inicio\/index.php\/2019\/06\/25\/asesino-valeria-se-nego-declarar\/","og_locale":"es_ES","og_type":"article","og_title":"Enzo Gauna asesin\u00f3 de 20 pu\u00f1aladas a Valeria - Diario Textual","og_description":"Enzo Gauna, el acusado del asesinto de Valeria Coggiola, se neg\u00f3 a declarar y, en una audiencia de formalizaci\u00f3n, le dictaron la prisi\u00f3n preventiva hasta el juicio y lo acusaron&hellip;","og_url":"https:\/\/diariotextual.com\/inicio\/index.php\/2019\/06\/25\/asesino-valeria-se-nego-declarar\/","og_site_name":"Diario Textual","article_publisher":"https:\/\/www.facebook.com\/eltextual","article_published_time":"2019-06-26T01:38:49+00:00","article_modified_time":"2019-06-26T14:25:01+00:00","og_image":[{"width":1024,"height":938,"url":"https:\/\/diariotextual.com\/inicio\/wp-content\/uploads\/2019\/06\/IMG-20190625-WA0030.jpg","type":"image\/jpeg"}],"author":"Diario1 Diario1","twitter_card":"summary_large_image","twitter_creator":"@eltextual","twitter_site":"@eltextual","twitter_misc":{"Escrito por":"Diario1 Diario1","Tiempo de lectura":"2 minutos"},"schema":{"@context":"https:\/\/schema.org","@graph":[{"@type":"Article","@id":"https:\/\/diariotextual.com\/inicio\/index.php\/2019\/06\/25\/asesino-valeria-se-nego-declarar\/#article","isPartOf":{"@id":"https:\/\/diariotextual.com\/inicio\/index.php\/2019\/06\/25\/asesino-valeria-se-nego-declarar\/"},"author":{"name":"Diario1 Diario1","@id":"https:\/\/diariotextual.com\/inicio\/#\/schema\/person\/418fc4093c33e86ed41562db3508f958"},"headline":"Enzo Gauna asesin\u00f3 de 20 pu\u00f1aladas a Valeria","datePublished":"2019-06-26T01:38:49+00:00","dateModified":"2019-06-26T14:25:01+00:00","mainEntityOfPage":{"@id":"https:\/\/diariotextual.com\/inicio\/index.php\/2019\/06\/25\/asesino-valeria-se-nego-declarar\/"},"wordCount":480,"publisher":{"@id":"https:\/\/diariotextual.com\/inicio\/#organization"},"image":{"@id":"https:\/\/diariotextual.com\/inicio\/index.php\/2019\/06\/25\/asesino-valeria-se-nego-declarar\/#primaryimage"},"thumbnailUrl":"https:\/\/diariotextual.com\/inicio\/wp-content\/uploads\/2019\/06\/IMG-20190625-WA0030.jpg","keywords":["femicidio","gauna","valeria"],"articleSection":["A - TEMPORALES","SOCIEDAD"],"inLanguage":"es"},{"@type":"WebPage","@id":"https:\/\/diariotextual.com\/inicio\/index.php\/2019\/06\/25\/asesino-valeria-se-nego-declarar\/","url":"https:\/\/diariotextual.com\/inicio\/index.php\/2019\/06\/25\/asesino-valeria-se-nego-declarar\/","name":"Enzo Gauna asesin\u00f3 de 20 pu\u00f1aladas a Valeria - Diario Textual","isPartOf":{"@id":"https:\/\/diariotextual.com\/inicio\/#website"},"primaryImageOfPage":{"@id":"https:\/\/diariotextual.com\/inicio\/index.php\/2019\/06\/25\/asesino-valeria-se-nego-declarar\/#primaryimage"},"image":{"@id":"https:\/\/diariotextual.com\/inicio\/index.php\/2019\/06\/25\/asesino-valeria-se-nego-declarar\/#primaryimage"},"thumbnailUrl":"https:\/\/diariotextual.com\/inicio\/wp-content\/uploads\/2019\/06\/IMG-20190625-WA0030.jpg","datePublished":"2019-06-26T01:38:49+00:00","dateModified":"2019-06-26T14:25:01+00:00","breadcrumb":{"@id":"https:\/\/diariotextual.com\/inicio\/index.php\/2019\/06\/25\/asesino-valeria-se-nego-declarar\/#breadcrumb"},"inLanguage":"es","potentialAction":[{"@type":"ReadAction","target":["https:\/\/diariotextual.com\/inicio\/index.php\/2019\/06\/25\/asesino-valeria-se-nego-declarar\/"]}]},{"@type":"ImageObject","inLanguage":"es","@id":"https:\/\/diariotextual.com\/inicio\/index.php\/2019\/06\/25\/asesino-valeria-se-nego-declarar\/#primaryimage","url":"https:\/\/diariotextual.com\/inicio\/wp-content\/uploads\/2019\/06\/IMG-20190625-WA0030.jpg","contentUrl":"https:\/\/diariotextual.com\/inicio\/wp-content\/uploads\/2019\/06\/IMG-20190625-WA0030.jpg","width":1024,"height":938},{"@type":"BreadcrumbList","@id":"https:\/\/diariotextual.com\/inicio\/index.php\/2019\/06\/25\/asesino-valeria-se-nego-declarar\/#breadcrumb","itemListElement":[{"@type":"ListItem","position":1,"name":"Portada","item":"https:\/\/diariotextual.com\/inicio\/"},{"@type":"ListItem","position":2,"name":"Enzo Gauna asesin\u00f3 de 20 pu\u00f1aladas a Valeria"}]},{"@type":"WebSite","@id":"https:\/\/diariotextual.com\/inicio\/#website","url":"https:\/\/diariotextual.com\/inicio\/","name":"Diario Textual","description":"","publisher":{"@id":"https:\/\/diariotextual.com\/inicio\/#organization"},"potentialAction":[{"@type":"SearchAction","target":{"@type":"EntryPoint","urlTemplate":"https:\/\/diariotextual.com\/inicio\/?s={search_term_string}"},"query-input":{"@type":"PropertyValueSpecification","valueRequired":true,"valueName":"search_term_string"}}],"inLanguage":"es"},{"@type":"Organization","@id":"https:\/\/diariotextual.com\/inicio\/#organization","name":"Diario Textual","url":"https:\/\/diariotextual.com\/inicio\/","logo":{"@type":"ImageObject","inLanguage":"es","@id":"https:\/\/diariotextual.com\/inicio\/#\/schema\/logo\/image\/","url":"https:\/\/diariotextual.com\/inicio\/wp-content\/uploads\/2023\/05\/logotextual1.jpg","contentUrl":"https:\/\/diariotextual.com\/inicio\/wp-content\/uploads\/2023\/05\/logotextual1.jpg","width":516,"height":76,"caption":"Diario Textual"},"image":{"@id":"https:\/\/diariotextual.com\/inicio\/#\/schema\/logo\/image\/"},"sameAs":["https:\/\/www.facebook.com\/eltextual","https:\/\/x.com\/eltextual","http:\/\/www.instagram.com\/eltextual"]},{"@type":"Person","@id":"https:\/\/diariotextual.com\/inicio\/#\/schema\/person\/418fc4093c33e86ed41562db3508f958","name":"Diario1 Diario1","image":{"@type":"ImageObject","inLanguage":"es","@id":"https:\/\/secure.gravatar.com\/avatar\/9167d280179c85bc18be67aa7eda765854300033af4896dd779b608640f2ef7a?s=96&d=mm&r=g","url":"https:\/\/secure.gravatar.com\/avatar\/9167d280179c85bc18be67aa7eda765854300033af4896dd779b608640f2ef7a?s=96&d=mm&r=g","contentUrl":"https:\/\/secure.gravatar.com\/avatar\/9167d280179c85bc18be67aa7eda765854300033af4896dd779b608640f2ef7a?s=96&d=mm&r=g","caption":"Diario1 Diario1"},"url":"https:\/\/diariotextual.com\/inicio\/index.php\/author\/diario1\/"}]}},"_links":{"self":[{"href":"https:\/\/diariotextual.com\/inicio\/index.php\/wp-json\/wp\/v2\/posts\/53655","targetHints":{"allow":["GET"]}}],"collection":[{"href":"https:\/\/diariotextual.com\/inicio\/index.php\/wp-json\/wp\/v2\/posts"}],"about":[{"href":"https:\/\/diariotextual.com\/inicio\/index.php\/wp-json\/wp\/v2\/types\/post"}],"author":[{"embeddable":true,"href":"https:\/\/diariotextual.com\/inicio\/index.php\/wp-json\/wp\/v2\/users\/3"}],"replies":[{"embeddable":true,"href":"https:\/\/diariotextual.com\/inicio\/index.php\/wp-json\/wp\/v2\/comments?post=53655"}],"version-history":[{"count":9,"href":"https:\/\/diariotextual.com\/inicio\/index.php\/wp-json\/wp\/v2\/posts\/53655\/revisions"}],"predecessor-version":[{"id":53675,"href":"https:\/\/diariotextual.com\/inicio\/index.php\/wp-json\/wp\/v2\/posts\/53655\/revisions\/53675"}],"wp:featuredmedia":[{"embeddable":true,"href":"https:\/\/diariotextual.com\/inicio\/index.php\/wp-json\/wp\/v2\/media\/53657"}],"wp:attachment":[{"href":"https:\/\/diariotextual.com\/inicio\/index.php\/wp-json\/wp\/v2\/media?parent=53655"}],"wp:term":[{"taxonomy":"category","embeddable":true,"href":"https:\/\/diariotextual.com\/inicio\/index.php\/wp-json\/wp\/v2\/categories?post=53655"},{"taxonomy":"post_tag","embeddable":true,"href":"https:\/\/diariotextual.com\/inicio\/index.php\/wp-json\/wp\/v2\/tags?post=53655"}],"curies":[{"name":"wp","href":"https:\/\/api.w.org\/{rel}","templated":true}]}}