{"id":53744,"date":"2019-06-26T16:52:00","date_gmt":"2019-06-26T19:52:00","guid":{"rendered":"http:\/\/diariotextual.com\/inicio\/?p=53744"},"modified":"2019-06-26T19:53:53","modified_gmt":"2019-06-26T22:53:53","slug":"monzo-mensaje-al-pj-felicito-ziliotto-la-sesion","status":"publish","type":"post","link":"https:\/\/diariotextual.com\/inicio\/index.php\/2019\/06\/26\/monzo-mensaje-al-pj-felicito-ziliotto-la-sesion\/","title":{"rendered":"Monz\u00f3 y un mensaje al PJ: felicit\u00f3 a Ziliotto en la sesi\u00f3n"},"content":{"rendered":"<p>En plan de salida del oficialismo y tras quedar sin lugar para sus dirigentes en las listas de Juntos por el Cambio, el presidente de la C\u00e1mara baja, <strong>Emilio Monz\u00f3 (Cambiemos), sorprendi\u00f3 este mi\u00e9rcoles a todos en el recinto al tomarse unos minutos para felicitar a los diputados peronistas que ganaron elecciones<\/strong> en sus provincias. Uno de ellos fue el pampeano Sergio Ziliotto.<\/p>\n<p><!--more--><\/p>\n<p>En el inicio de la sesi\u00f3n, <strong>Monz\u00f3 felicit\u00f3 primero a Ziliotto, quien result\u00f3 electo gobernador en nuestra provincia, y luego extendi\u00f3 el saludo a otros legisladores peronistas<\/strong> que fueron ungidos por el voto popular en cargos ejecutivos en otras provincias del pa\u00eds.<\/p>\n<p>\u201c<strong>La presidencia aprovecha para felicitar al nuevo gobernador elegido por la provincia de La Pampa, Sergio Ziliotto\u201d<\/strong>, dijo Monz\u00f3. El gesto desat\u00f3 aplausos en todo el recinto, aunque fueron m\u00e1s sonoros en las bancadas peronistas del Frente para la Victoria, bloque Justicialista, Movimiento Evita y Frente Renovador.<\/p>\n<p><strong>Ziliotto se par\u00f3 y desde su banca devolvi\u00f3 el reconocimiento levantando los dedos en \u00abV\u00bb,<\/strong> la cl\u00e1sica se\u00f1a del peronismo. En las bancadas de Cambiemos todos se miraban incr\u00e9dulos: algunos se sumaron al aplauso con tibieza, pero otros, <strong>como el macrista Fernando Iglesias, no pudo disimular su desagrado con lo que estaba pasando<\/strong>, inform\u00f3 la agencia Noticias Argentinas.<\/p>\n<p>La misma secuencia se repiti\u00f3 momentos despu\u00e9s cuando <strong>Monz\u00f3 felicit\u00f3 a la diputada Alejandra Rodenas, vicegobernadora electa por la provincia de Santa Fe, y m\u00e1s tarde al reconocer a Mar\u00eda Emilia Soria, intendenta electa de General Roca<\/strong> (R\u00edo Negro) y Mart\u00edn P\u00e9rez, jefe comunal electo de R\u00edo Grande (Tierra del Fuego).<\/p>\n<p>Este episodio protagonizado por Monz\u00f3 tuvo lugar inmediatamente despu\u00e9s de que jurara como nueva diputada nacional por Cambiemos, Alejandra Caballero, para completar el mandato de Anabella Hers Cabral, quien hab\u00eda renunciado a fines del a\u00f1o pasado para asumir en el Consejo de la Magistratura porte\u00f1o.<\/p>\n<p>El gesto del titular de la C\u00e1mara baja al PJ se produce luego de que el Gobierno haya desplazado en el cierre de listas a los dirigentes de su sector.<\/p>\n","protected":false},"excerpt":{"rendered":"<p>En plan de salida del oficialismo y tras quedar sin lugar para sus dirigentes en las listas de Juntos por el Cambio, el presidente de la C\u00e1mara baja, Emilio Monz\u00f3&hellip;<\/p>\n","protected":false},"author":5,"featured_media":53763,"comment_status":"closed","ping_status":"open","sticky":false,"template":"","format":"standard","meta":{"_acf_changed":false,"footnotes":""},"categories":[11,319,8],"tags":[],"class_list":["post-53744","post","type-post","status-publish","format-standard","has-post-thumbnail","hentry","category-que-pasa","category-a-temporales","category-politica"],"acf":[],"yoast_head":"<!-- This site is optimized with the Yoast SEO plugin v27.5 - https:\/\/yoast.com\/product\/yoast-seo-wordpress\/ -->\n<title>Monz\u00f3 y un mensaje al PJ: felicit\u00f3 a Ziliotto en la sesi\u00f3n - Diario Textual<\/title>\n<meta name=\"robots\" content=\"index, follow, max-snippet:-1, max-image-preview:large, max-video-preview:-1\" \/>\n<link rel=\"canonical\" href=\"https:\/\/diariotextual.com\/inicio\/index.php\/2019\/06\/26\/monzo-mensaje-al-pj-felicito-ziliotto-la-sesion\/\" \/>\n<meta property=\"og:locale\" content=\"es_ES\" \/>\n<meta property=\"og:type\" content=\"article\" \/>\n<meta property=\"og:title\" content=\"Monz\u00f3 y un mensaje al PJ: felicit\u00f3 a Ziliotto en la sesi\u00f3n - Diario Textual\" \/>\n<meta property=\"og:description\" content=\"En plan de salida del oficialismo y tras quedar sin lugar para sus dirigentes en las listas de Juntos por el Cambio, el presidente de la C\u00e1mara baja, Emilio Monz\u00f3&hellip;\" \/>\n<meta property=\"og:url\" content=\"https:\/\/diariotextual.com\/inicio\/index.php\/2019\/06\/26\/monzo-mensaje-al-pj-felicito-ziliotto-la-sesion\/\" \/>\n<meta property=\"og:site_name\" content=\"Diario Textual\" \/>\n<meta property=\"article:publisher\" content=\"https:\/\/www.facebook.com\/eltextual\" \/>\n<meta property=\"article:published_time\" content=\"2019-06-26T19:52:00+00:00\" \/>\n<meta property=\"article:modified_time\" content=\"2019-06-26T22:53:53+00:00\" \/>\n<meta property=\"og:image\" content=\"https:\/\/diariotextual.com\/inicio\/wp-content\/uploads\/2019\/06\/ziliottodiputadosnacion2019-2.jpg\" \/>\n\t<meta property=\"og:image:width\" content=\"1024\" \/>\n\t<meta property=\"og:image:height\" content=\"683\" \/>\n\t<meta property=\"og:image:type\" content=\"image\/jpeg\" \/>\n<meta name=\"author\" content=\"diario3\" \/>\n<meta name=\"twitter:card\" content=\"summary_large_image\" \/>\n<meta name=\"twitter:creator\" content=\"@eltextual\" \/>\n<meta name=\"twitter:site\" content=\"@eltextual\" \/>\n<meta name=\"twitter:label1\" content=\"Escrito por\" \/>\n\t<meta name=\"twitter:data1\" content=\"diario3\" \/>\n\t<meta name=\"twitter:label2\" content=\"Tiempo de lectura\" \/>\n\t<meta name=\"twitter:data2\" content=\"2 minutos\" \/>\n<script type=\"application\/ld+json\" class=\"yoast-schema-graph\">{\"@context\":\"https:\\\/\\\/schema.org\",\"@graph\":[{\"@type\":\"Article\",\"@id\":\"https:\\\/\\\/diariotextual.com\\\/inicio\\\/index.php\\\/2019\\\/06\\\/26\\\/monzo-mensaje-al-pj-felicito-ziliotto-la-sesion\\\/#article\",\"isPartOf\":{\"@id\":\"https:\\\/\\\/diariotextual.com\\\/inicio\\\/index.php\\\/2019\\\/06\\\/26\\\/monzo-mensaje-al-pj-felicito-ziliotto-la-sesion\\\/\"},\"author\":{\"name\":\"diario3\",\"@id\":\"https:\\\/\\\/diariotextual.com\\\/inicio\\\/#\\\/schema\\\/person\\\/a1b6f563e0ee944c60f98119389a4d9f\"},\"headline\":\"Monz\u00f3 y un mensaje al PJ: felicit\u00f3 a Ziliotto en la sesi\u00f3n\",\"datePublished\":\"2019-06-26T19:52:00+00:00\",\"dateModified\":\"2019-06-26T22:53:53+00:00\",\"mainEntityOfPage\":{\"@id\":\"https:\\\/\\\/diariotextual.com\\\/inicio\\\/index.php\\\/2019\\\/06\\\/26\\\/monzo-mensaje-al-pj-felicito-ziliotto-la-sesion\\\/\"},\"wordCount\":369,\"publisher\":{\"@id\":\"https:\\\/\\\/diariotextual.com\\\/inicio\\\/#organization\"},\"image\":{\"@id\":\"https:\\\/\\\/diariotextual.com\\\/inicio\\\/index.php\\\/2019\\\/06\\\/26\\\/monzo-mensaje-al-pj-felicito-ziliotto-la-sesion\\\/#primaryimage\"},\"thumbnailUrl\":\"https:\\\/\\\/diariotextual.com\\\/inicio\\\/wp-content\\\/uploads\\\/2019\\\/06\\\/ziliottodiputadosnacion2019-2.jpg\",\"articleSection\":[\"A - QUE PASA (al costado)\",\"A - TEMPORALES\",\"POLITICA\"],\"inLanguage\":\"es\"},{\"@type\":\"WebPage\",\"@id\":\"https:\\\/\\\/diariotextual.com\\\/inicio\\\/index.php\\\/2019\\\/06\\\/26\\\/monzo-mensaje-al-pj-felicito-ziliotto-la-sesion\\\/\",\"url\":\"https:\\\/\\\/diariotextual.com\\\/inicio\\\/index.php\\\/2019\\\/06\\\/26\\\/monzo-mensaje-al-pj-felicito-ziliotto-la-sesion\\\/\",\"name\":\"Monz\u00f3 y un mensaje al PJ: felicit\u00f3 a Ziliotto en la sesi\u00f3n - Diario Textual\",\"isPartOf\":{\"@id\":\"https:\\\/\\\/diariotextual.com\\\/inicio\\\/#website\"},\"primaryImageOfPage\":{\"@id\":\"https:\\\/\\\/diariotextual.com\\\/inicio\\\/index.php\\\/2019\\\/06\\\/26\\\/monzo-mensaje-al-pj-felicito-ziliotto-la-sesion\\\/#primaryimage\"},\"image\":{\"@id\":\"https:\\\/\\\/diariotextual.com\\\/inicio\\\/index.php\\\/2019\\\/06\\\/26\\\/monzo-mensaje-al-pj-felicito-ziliotto-la-sesion\\\/#primaryimage\"},\"thumbnailUrl\":\"https:\\\/\\\/diariotextual.com\\\/inicio\\\/wp-content\\\/uploads\\\/2019\\\/06\\\/ziliottodiputadosnacion2019-2.jpg\",\"datePublished\":\"2019-06-26T19:52:00+00:00\",\"dateModified\":\"2019-06-26T22:53:53+00:00\",\"breadcrumb\":{\"@id\":\"https:\\\/\\\/diariotextual.com\\\/inicio\\\/index.php\\\/2019\\\/06\\\/26\\\/monzo-mensaje-al-pj-felicito-ziliotto-la-sesion\\\/#breadcrumb\"},\"inLanguage\":\"es\",\"potentialAction\":[{\"@type\":\"ReadAction\",\"target\":[\"https:\\\/\\\/diariotextual.com\\\/inicio\\\/index.php\\\/2019\\\/06\\\/26\\\/monzo-mensaje-al-pj-felicito-ziliotto-la-sesion\\\/\"]}]},{\"@type\":\"ImageObject\",\"inLanguage\":\"es\",\"@id\":\"https:\\\/\\\/diariotextual.com\\\/inicio\\\/index.php\\\/2019\\\/06\\\/26\\\/monzo-mensaje-al-pj-felicito-ziliotto-la-sesion\\\/#primaryimage\",\"url\":\"https:\\\/\\\/diariotextual.com\\\/inicio\\\/wp-content\\\/uploads\\\/2019\\\/06\\\/ziliottodiputadosnacion2019-2.jpg\",\"contentUrl\":\"https:\\\/\\\/diariotextual.com\\\/inicio\\\/wp-content\\\/uploads\\\/2019\\\/06\\\/ziliottodiputadosnacion2019-2.jpg\",\"width\":1024,\"height\":683},{\"@type\":\"BreadcrumbList\",\"@id\":\"https:\\\/\\\/diariotextual.com\\\/inicio\\\/index.php\\\/2019\\\/06\\\/26\\\/monzo-mensaje-al-pj-felicito-ziliotto-la-sesion\\\/#breadcrumb\",\"itemListElement\":[{\"@type\":\"ListItem\",\"position\":1,\"name\":\"Portada\",\"item\":\"https:\\\/\\\/diariotextual.com\\\/inicio\\\/\"},{\"@type\":\"ListItem\",\"position\":2,\"name\":\"Monz\u00f3 y un mensaje al PJ: felicit\u00f3 a Ziliotto en la sesi\u00f3n\"}]},{\"@type\":\"WebSite\",\"@id\":\"https:\\\/\\\/diariotextual.com\\\/inicio\\\/#website\",\"url\":\"https:\\\/\\\/diariotextual.com\\\/inicio\\\/\",\"name\":\"Diario Textual\",\"description\":\"\",\"publisher\":{\"@id\":\"https:\\\/\\\/diariotextual.com\\\/inicio\\\/#organization\"},\"potentialAction\":[{\"@type\":\"SearchAction\",\"target\":{\"@type\":\"EntryPoint\",\"urlTemplate\":\"https:\\\/\\\/diariotextual.com\\\/inicio\\\/?s={search_term_string}\"},\"query-input\":{\"@type\":\"PropertyValueSpecification\",\"valueRequired\":true,\"valueName\":\"search_term_string\"}}],\"inLanguage\":\"es\"},{\"@type\":\"Organization\",\"@id\":\"https:\\\/\\\/diariotextual.com\\\/inicio\\\/#organization\",\"name\":\"Diario Textual\",\"url\":\"https:\\\/\\\/diariotextual.com\\\/inicio\\\/\",\"logo\":{\"@type\":\"ImageObject\",\"inLanguage\":\"es\",\"@id\":\"https:\\\/\\\/diariotextual.com\\\/inicio\\\/#\\\/schema\\\/logo\\\/image\\\/\",\"url\":\"https:\\\/\\\/diariotextual.com\\\/inicio\\\/wp-content\\\/uploads\\\/2023\\\/05\\\/logotextual1.jpg\",\"contentUrl\":\"https:\\\/\\\/diariotextual.com\\\/inicio\\\/wp-content\\\/uploads\\\/2023\\\/05\\\/logotextual1.jpg\",\"width\":516,\"height\":76,\"caption\":\"Diario Textual\"},\"image\":{\"@id\":\"https:\\\/\\\/diariotextual.com\\\/inicio\\\/#\\\/schema\\\/logo\\\/image\\\/\"},\"sameAs\":[\"https:\\\/\\\/www.facebook.com\\\/eltextual\",\"https:\\\/\\\/x.com\\\/eltextual\",\"http:\\\/\\\/www.instagram.com\\\/eltextual\"]},{\"@type\":\"Person\",\"@id\":\"https:\\\/\\\/diariotextual.com\\\/inicio\\\/#\\\/schema\\\/person\\\/a1b6f563e0ee944c60f98119389a4d9f\",\"name\":\"diario3\",\"image\":{\"@type\":\"ImageObject\",\"inLanguage\":\"es\",\"@id\":\"https:\\\/\\\/secure.gravatar.com\\\/avatar\\\/5e7ee62c82fc04d9dd79d746a390d93c69c43223e5faeeb3ea9461ef752bfc5d?s=96&d=mm&r=g\",\"url\":\"https:\\\/\\\/secure.gravatar.com\\\/avatar\\\/5e7ee62c82fc04d9dd79d746a390d93c69c43223e5faeeb3ea9461ef752bfc5d?s=96&d=mm&r=g\",\"contentUrl\":\"https:\\\/\\\/secure.gravatar.com\\\/avatar\\\/5e7ee62c82fc04d9dd79d746a390d93c69c43223e5faeeb3ea9461ef752bfc5d?s=96&d=mm&r=g\",\"caption\":\"diario3\"},\"url\":\"https:\\\/\\\/diariotextual.com\\\/inicio\\\/index.php\\\/author\\\/diario3\\\/\"}]}<\/script>\n<!-- \/ Yoast SEO plugin. -->","yoast_head_json":{"title":"Monz\u00f3 y un mensaje al PJ: felicit\u00f3 a Ziliotto en la sesi\u00f3n - Diario Textual","robots":{"index":"index","follow":"follow","max-snippet":"max-snippet:-1","max-image-preview":"max-image-preview:large","max-video-preview":"max-video-preview:-1"},"canonical":"https:\/\/diariotextual.com\/inicio\/index.php\/2019\/06\/26\/monzo-mensaje-al-pj-felicito-ziliotto-la-sesion\/","og_locale":"es_ES","og_type":"article","og_title":"Monz\u00f3 y un mensaje al PJ: felicit\u00f3 a Ziliotto en la sesi\u00f3n - Diario Textual","og_description":"En plan de salida del oficialismo y tras quedar sin lugar para sus dirigentes en las listas de Juntos por el Cambio, el presidente de la C\u00e1mara baja, Emilio Monz\u00f3&hellip;","og_url":"https:\/\/diariotextual.com\/inicio\/index.php\/2019\/06\/26\/monzo-mensaje-al-pj-felicito-ziliotto-la-sesion\/","og_site_name":"Diario Textual","article_publisher":"https:\/\/www.facebook.com\/eltextual","article_published_time":"2019-06-26T19:52:00+00:00","article_modified_time":"2019-06-26T22:53:53+00:00","og_image":[{"width":1024,"height":683,"url":"https:\/\/diariotextual.com\/inicio\/wp-content\/uploads\/2019\/06\/ziliottodiputadosnacion2019-2.jpg","type":"image\/jpeg"}],"author":"diario3","twitter_card":"summary_large_image","twitter_creator":"@eltextual","twitter_site":"@eltextual","twitter_misc":{"Escrito por":"diario3","Tiempo de lectura":"2 minutos"},"schema":{"@context":"https:\/\/schema.org","@graph":[{"@type":"Article","@id":"https:\/\/diariotextual.com\/inicio\/index.php\/2019\/06\/26\/monzo-mensaje-al-pj-felicito-ziliotto-la-sesion\/#article","isPartOf":{"@id":"https:\/\/diariotextual.com\/inicio\/index.php\/2019\/06\/26\/monzo-mensaje-al-pj-felicito-ziliotto-la-sesion\/"},"author":{"name":"diario3","@id":"https:\/\/diariotextual.com\/inicio\/#\/schema\/person\/a1b6f563e0ee944c60f98119389a4d9f"},"headline":"Monz\u00f3 y un mensaje al PJ: felicit\u00f3 a Ziliotto en la sesi\u00f3n","datePublished":"2019-06-26T19:52:00+00:00","dateModified":"2019-06-26T22:53:53+00:00","mainEntityOfPage":{"@id":"https:\/\/diariotextual.com\/inicio\/index.php\/2019\/06\/26\/monzo-mensaje-al-pj-felicito-ziliotto-la-sesion\/"},"wordCount":369,"publisher":{"@id":"https:\/\/diariotextual.com\/inicio\/#organization"},"image":{"@id":"https:\/\/diariotextual.com\/inicio\/index.php\/2019\/06\/26\/monzo-mensaje-al-pj-felicito-ziliotto-la-sesion\/#primaryimage"},"thumbnailUrl":"https:\/\/diariotextual.com\/inicio\/wp-content\/uploads\/2019\/06\/ziliottodiputadosnacion2019-2.jpg","articleSection":["A - QUE PASA (al costado)","A - TEMPORALES","POLITICA"],"inLanguage":"es"},{"@type":"WebPage","@id":"https:\/\/diariotextual.com\/inicio\/index.php\/2019\/06\/26\/monzo-mensaje-al-pj-felicito-ziliotto-la-sesion\/","url":"https:\/\/diariotextual.com\/inicio\/index.php\/2019\/06\/26\/monzo-mensaje-al-pj-felicito-ziliotto-la-sesion\/","name":"Monz\u00f3 y un mensaje al PJ: felicit\u00f3 a Ziliotto en la sesi\u00f3n - Diario Textual","isPartOf":{"@id":"https:\/\/diariotextual.com\/inicio\/#website"},"primaryImageOfPage":{"@id":"https:\/\/diariotextual.com\/inicio\/index.php\/2019\/06\/26\/monzo-mensaje-al-pj-felicito-ziliotto-la-sesion\/#primaryimage"},"image":{"@id":"https:\/\/diariotextual.com\/inicio\/index.php\/2019\/06\/26\/monzo-mensaje-al-pj-felicito-ziliotto-la-sesion\/#primaryimage"},"thumbnailUrl":"https:\/\/diariotextual.com\/inicio\/wp-content\/uploads\/2019\/06\/ziliottodiputadosnacion2019-2.jpg","datePublished":"2019-06-26T19:52:00+00:00","dateModified":"2019-06-26T22:53:53+00:00","breadcrumb":{"@id":"https:\/\/diariotextual.com\/inicio\/index.php\/2019\/06\/26\/monzo-mensaje-al-pj-felicito-ziliotto-la-sesion\/#breadcrumb"},"inLanguage":"es","potentialAction":[{"@type":"ReadAction","target":["https:\/\/diariotextual.com\/inicio\/index.php\/2019\/06\/26\/monzo-mensaje-al-pj-felicito-ziliotto-la-sesion\/"]}]},{"@type":"ImageObject","inLanguage":"es","@id":"https:\/\/diariotextual.com\/inicio\/index.php\/2019\/06\/26\/monzo-mensaje-al-pj-felicito-ziliotto-la-sesion\/#primaryimage","url":"https:\/\/diariotextual.com\/inicio\/wp-content\/uploads\/2019\/06\/ziliottodiputadosnacion2019-2.jpg","contentUrl":"https:\/\/diariotextual.com\/inicio\/wp-content\/uploads\/2019\/06\/ziliottodiputadosnacion2019-2.jpg","width":1024,"height":683},{"@type":"BreadcrumbList","@id":"https:\/\/diariotextual.com\/inicio\/index.php\/2019\/06\/26\/monzo-mensaje-al-pj-felicito-ziliotto-la-sesion\/#breadcrumb","itemListElement":[{"@type":"ListItem","position":1,"name":"Portada","item":"https:\/\/diariotextual.com\/inicio\/"},{"@type":"ListItem","position":2,"name":"Monz\u00f3 y un mensaje al PJ: felicit\u00f3 a Ziliotto en la sesi\u00f3n"}]},{"@type":"WebSite","@id":"https:\/\/diariotextual.com\/inicio\/#website","url":"https:\/\/diariotextual.com\/inicio\/","name":"Diario Textual","description":"","publisher":{"@id":"https:\/\/diariotextual.com\/inicio\/#organization"},"potentialAction":[{"@type":"SearchAction","target":{"@type":"EntryPoint","urlTemplate":"https:\/\/diariotextual.com\/inicio\/?s={search_term_string}"},"query-input":{"@type":"PropertyValueSpecification","valueRequired":true,"valueName":"search_term_string"}}],"inLanguage":"es"},{"@type":"Organization","@id":"https:\/\/diariotextual.com\/inicio\/#organization","name":"Diario Textual","url":"https:\/\/diariotextual.com\/inicio\/","logo":{"@type":"ImageObject","inLanguage":"es","@id":"https:\/\/diariotextual.com\/inicio\/#\/schema\/logo\/image\/","url":"https:\/\/diariotextual.com\/inicio\/wp-content\/uploads\/2023\/05\/logotextual1.jpg","contentUrl":"https:\/\/diariotextual.com\/inicio\/wp-content\/uploads\/2023\/05\/logotextual1.jpg","width":516,"height":76,"caption":"Diario Textual"},"image":{"@id":"https:\/\/diariotextual.com\/inicio\/#\/schema\/logo\/image\/"},"sameAs":["https:\/\/www.facebook.com\/eltextual","https:\/\/x.com\/eltextual","http:\/\/www.instagram.com\/eltextual"]},{"@type":"Person","@id":"https:\/\/diariotextual.com\/inicio\/#\/schema\/person\/a1b6f563e0ee944c60f98119389a4d9f","name":"diario3","image":{"@type":"ImageObject","inLanguage":"es","@id":"https:\/\/secure.gravatar.com\/avatar\/5e7ee62c82fc04d9dd79d746a390d93c69c43223e5faeeb3ea9461ef752bfc5d?s=96&d=mm&r=g","url":"https:\/\/secure.gravatar.com\/avatar\/5e7ee62c82fc04d9dd79d746a390d93c69c43223e5faeeb3ea9461ef752bfc5d?s=96&d=mm&r=g","contentUrl":"https:\/\/secure.gravatar.com\/avatar\/5e7ee62c82fc04d9dd79d746a390d93c69c43223e5faeeb3ea9461ef752bfc5d?s=96&d=mm&r=g","caption":"diario3"},"url":"https:\/\/diariotextual.com\/inicio\/index.php\/author\/diario3\/"}]}},"_links":{"self":[{"href":"https:\/\/diariotextual.com\/inicio\/index.php\/wp-json\/wp\/v2\/posts\/53744","targetHints":{"allow":["GET"]}}],"collection":[{"href":"https:\/\/diariotextual.com\/inicio\/index.php\/wp-json\/wp\/v2\/posts"}],"about":[{"href":"https:\/\/diariotextual.com\/inicio\/index.php\/wp-json\/wp\/v2\/types\/post"}],"author":[{"embeddable":true,"href":"https:\/\/diariotextual.com\/inicio\/index.php\/wp-json\/wp\/v2\/users\/5"}],"replies":[{"embeddable":true,"href":"https:\/\/diariotextual.com\/inicio\/index.php\/wp-json\/wp\/v2\/comments?post=53744"}],"version-history":[{"count":1,"href":"https:\/\/diariotextual.com\/inicio\/index.php\/wp-json\/wp\/v2\/posts\/53744\/revisions"}],"predecessor-version":[{"id":53746,"href":"https:\/\/diariotextual.com\/inicio\/index.php\/wp-json\/wp\/v2\/posts\/53744\/revisions\/53746"}],"wp:featuredmedia":[{"embeddable":true,"href":"https:\/\/diariotextual.com\/inicio\/index.php\/wp-json\/wp\/v2\/media\/53763"}],"wp:attachment":[{"href":"https:\/\/diariotextual.com\/inicio\/index.php\/wp-json\/wp\/v2\/media?parent=53744"}],"wp:term":[{"taxonomy":"category","embeddable":true,"href":"https:\/\/diariotextual.com\/inicio\/index.php\/wp-json\/wp\/v2\/categories?post=53744"},{"taxonomy":"post_tag","embeddable":true,"href":"https:\/\/diariotextual.com\/inicio\/index.php\/wp-json\/wp\/v2\/tags?post=53744"}],"curies":[{"name":"wp","href":"https:\/\/api.w.org\/{rel}","templated":true}]}}